{"id":122514,"date":"2021-01-15T09:48:30","date_gmt":"2021-01-15T08:48:30","guid":{"rendered":"http:\/\/newsestlyonnais.fr\/site\/?p=122514"},"modified":"2021-01-15T09:50:29","modified_gmt":"2021-01-15T08:50:29","slug":"venissieux-covid-19-campagne-de-vaccination","status":"publish","type":"post","link":"https:\/\/newsestlyonnais.fr\/site\/2021\/01\/15\/venissieux-covid-19-campagne-de-vaccination\/","title":{"rendered":"VENISSIEUX | COVID 19 > campagne de vaccination"},"content":{"rendered":"<p><b>Ceci \u00e0 partir du 18 janvier 2021,<\/b> pour les personnes de plus de 75 ans vivant \u00e0 domicile.<\/p>\n<p>Des centres de vaccination sont mis en place dans le d\u00e9partement en lien et avec l&rsquo;appui des \u00e9tablissements de sant\u00e9 et du m\u00e9dico-social, des professionnels de sant\u00e9, des collectivit\u00e9s territoriales, de l&rsquo;assurance maladie et de tout partenaire engag\u00e9.<\/p>\n<p><strong>Le premier objectif de la vaccination est de faire baisser le nombre de formes graves de la COVID<\/strong>. Cette campagne de vaccination cible en priorit\u00e9 les personnes ayant une plus grande fragilit\u00e9 face \u00e0 la maladie, en raison de leur \u00e2ge, de comorbidit\u00e9s, ou d\u2019un risque accru de contamination.<\/p>\n<hr \/>\n<p><b><span style=\"text-decoration: underline;\">Ouverture d&rsquo;un centre de vaccination \u00e0 V\u00e9nissieux\u00a0<\/span>:<\/b><\/p>\n<p>Ce centre sera ouvert <b>dans les locaux du Comit\u00e9 d\u00e9partemental d&rsquo;hygi\u00e8ne sociale (CDHS), situ\u00e9 5 place de la Paix, \u00e0 compter du mardi 19 janvier<\/b>. <strong>Les V\u00e9nissians de plus de 75 ans vivant \u00e0 domicile seront accueillis<\/strong>, <strong>uniquement sur rendez-vous<\/strong>, par les professionnels de sant\u00e9 du CDHS, ainsi que ceux mobilis\u00e9s en soutien par la Communaut\u00e9 professionnelle territoriale de sant\u00e9 de V\u00e9nissieux (CPTS), <b>du lundi au samedi, de 8 h \u00e0 20 h.<\/b><\/p>\n<p><strong>Les r\u00e9servations commenceront le vendredi 15 janvier<\/strong> et devront \u00eatre faites via le site <span style=\"color: #0000ff;\"><a style=\"color: #0000ff;\" href=\"https:\/\/www.sante.fr\/centres-vaccination-covid.html\">Sante.fr<\/a><\/span> qui permet la localisation de chaque centre de vaccination pour une prise de rendez-vous en ligne.<\/p>\n<hr \/>\n<p><em><strong>Les V\u00e9nissians pourront \u00e9galement prendre rendez-vous : <\/strong><\/em><\/p>\n<ul>\n<li><em><strong>par t\u00e9l\u00e9phone au 04. 72. 21. 45. 67<\/strong><\/em><\/li>\n<li><em><strong>du lundi au vendredi de 8 h \u00e0 17 h<\/strong><\/em><\/li>\n<li><em><strong>\u00e0 partir du lundi 18 janvier.<\/strong><\/em><\/li>\n<\/ul>\n<hr \/>\n<p>La ville est pleinement mobilis\u00e9e, aux c\u00f4t\u00e9s de ses partenaires, pour l&rsquo;ouverture prochaine d&rsquo;un nouveau centre de vaccination plus important sur la commune.<\/p>\n","protected":false},"excerpt":{"rendered":"<p>La Ville participe \u00e0 cette campagne coordonn\u00e9e conjointement par l&rsquo;Agence r\u00e9gionale de sant\u00e9 (ARS) et la Pr\u00e9fecture du Rh\u00f4ne.<\/p>\n","protected":false},"author":4,"featured_media":95972,"comment_status":"open","ping_status":"open","sticky":false,"template":"","format":"standard","meta":{"footnotes":""},"categories":[2217,18,1298],"tags":[3529,3228,3506,2067],"class_list":["post-122514","post","type-post","status-publish","format-standard","has-post-thumbnail","hentry","category-breves-de-lest-lyonnais","category-sante-bien-etre-solidarite","category-venissieux","tag-campagne","tag-covid-19","tag-vaccination","tag-venissieux"],"yoast_head":"<!-- This site is optimized with the Yoast SEO plugin v27.2 - https:\/\/yoast.com\/product\/yoast-seo-wordpress\/ -->\n<title>VENISSIEUX | COVID 19 &gt; campagne de vaccination - News Est Lyonnais<\/title>\n<meta name=\"description\" content=\"VENISSIEUX | COVID 19 &gt; campagne de vaccination\" \/>\n<meta name=\"robots\" content=\"index, follow, max-snippet:-1, max-image-preview:large, max-video-preview:-1\" \/>\n<link rel=\"canonical\" href=\"https:\/\/newsestlyonnais.fr\/site\/2021\/01\/15\/venissieux-covid-19-campagne-de-vaccination\/\" \/>\n<meta property=\"og:locale\" content=\"fr_FR\" \/>\n<meta property=\"og:type\" content=\"article\" \/>\n<meta property=\"og:title\" content=\"VENISSIEUX | COVID 19 &gt; campagne de vaccination - News Est Lyonnais\" \/>\n<meta property=\"og:description\" content=\"VENISSIEUX | COVID 19 &gt; campagne de vaccination\" \/>\n<meta property=\"og:url\" content=\"https:\/\/newsestlyonnais.fr\/site\/2021\/01\/15\/venissieux-covid-19-campagne-de-vaccination\/\" \/>\n<meta property=\"og:site_name\" content=\"News Est Lyonnais\" \/>\n<meta property=\"article:author\" content=\"https:\/\/www.facebook.com\/pascal.oberson.1?fref=ts\" \/>\n<meta property=\"article:published_time\" content=\"2021-01-15T08:48:30+00:00\" \/>\n<meta property=\"article:modified_time\" content=\"2021-01-15T08:50:29+00:00\" \/>\n<meta property=\"og:image\" content=\"https:\/\/i2.wp.com\/newsestlyonnais.fr\/site\/wp-content\/uploads\/2019\/11\/NEWSESTLYONNAIS-MAIRIE-VENX.jpg?fit=1200%2C800&ssl=1\" \/>\n\t<meta property=\"og:image:width\" content=\"1200\" \/>\n\t<meta property=\"og:image:height\" content=\"800\" \/>\n\t<meta property=\"og:image:type\" content=\"image\/jpeg\" \/>\n<meta name=\"author\" content=\"R\u00e9dac. NEWS\" \/>\n<meta name=\"twitter:card\" content=\"summary_large_image\" \/>\n<meta name=\"twitter:label1\" content=\"\u00c9crit par\" \/>\n\t<meta name=\"twitter:data1\" content=\"R\u00e9dac. NEWS\" \/>\n\t<meta name=\"twitter:label2\" content=\"Dur\u00e9e de lecture estim\u00e9e\" \/>\n\t<meta name=\"twitter:data2\" content=\"2 minutes\" \/>\n<script type=\"application\/ld+json\" class=\"yoast-schema-graph\">{\"@context\":\"https:\/\/schema.org\",\"@graph\":[{\"@type\":\"Article\",\"@id\":\"https:\/\/newsestlyonnais.fr\/site\/2021\/01\/15\/venissieux-covid-19-campagne-de-vaccination\/#article\",\"isPartOf\":{\"@id\":\"https:\/\/newsestlyonnais.fr\/site\/2021\/01\/15\/venissieux-covid-19-campagne-de-vaccination\/\"},\"author\":{\"name\":\"R\u00e9dac. NEWS\",\"@id\":\"https:\/\/newsestlyonnais.fr\/site\/#\/schema\/person\/3230d5615f390bb808365d673001e887\"},\"headline\":\"VENISSIEUX | COVID 19 > campagne de vaccination\",\"datePublished\":\"2021-01-15T08:48:30+00:00\",\"dateModified\":\"2021-01-15T08:50:29+00:00\",\"mainEntityOfPage\":{\"@id\":\"https:\/\/newsestlyonnais.fr\/site\/2021\/01\/15\/venissieux-covid-19-campagne-de-vaccination\/\"},\"wordCount\":273,\"commentCount\":0,\"publisher\":{\"@id\":\"https:\/\/newsestlyonnais.fr\/site\/#organization\"},\"image\":{\"@id\":\"https:\/\/newsestlyonnais.fr\/site\/2021\/01\/15\/venissieux-covid-19-campagne-de-vaccination\/#primaryimage\"},\"thumbnailUrl\":\"https:\/\/newsestlyonnais.fr\/site\/wp-content\/uploads\/2019\/11\/NEWSESTLYONNAIS-MAIRIE-VENX.jpg\",\"keywords\":[\"CAMPAGNE\",\"COVID-19\",\"VACCINATION\",\"VENISSIEUX\"],\"articleSection\":[\"Br\u00e8ves de l'Est lyonnais\",\"Sant\u00e9 | Bien Etre | Solidarit\u00e9\",\"V\u00e9nissieux\"],\"inLanguage\":\"fr-FR\",\"potentialAction\":[{\"@type\":\"CommentAction\",\"name\":\"Comment\",\"target\":[\"https:\/\/newsestlyonnais.fr\/site\/2021\/01\/15\/venissieux-covid-19-campagne-de-vaccination\/#respond\"]}]},{\"@type\":\"WebPage\",\"@id\":\"https:\/\/newsestlyonnais.fr\/site\/2021\/01\/15\/venissieux-covid-19-campagne-de-vaccination\/\",\"url\":\"https:\/\/newsestlyonnais.fr\/site\/2021\/01\/15\/venissieux-covid-19-campagne-de-vaccination\/\",\"name\":\"VENISSIEUX | COVID 19 > campagne de vaccination - News Est Lyonnais\",\"isPartOf\":{\"@id\":\"https:\/\/newsestlyonnais.fr\/site\/#website\"},\"primaryImageOfPage\":{\"@id\":\"https:\/\/newsestlyonnais.fr\/site\/2021\/01\/15\/venissieux-covid-19-campagne-de-vaccination\/#primaryimage\"},\"image\":{\"@id\":\"https:\/\/newsestlyonnais.fr\/site\/2021\/01\/15\/venissieux-covid-19-campagne-de-vaccination\/#primaryimage\"},\"thumbnailUrl\":\"https:\/\/newsestlyonnais.fr\/site\/wp-content\/uploads\/2019\/11\/NEWSESTLYONNAIS-MAIRIE-VENX.jpg\",\"datePublished\":\"2021-01-15T08:48:30+00:00\",\"dateModified\":\"2021-01-15T08:50:29+00:00\",\"description\":\"VENISSIEUX | COVID 19 > campagne de vaccination\",\"breadcrumb\":{\"@id\":\"https:\/\/newsestlyonnais.fr\/site\/2021\/01\/15\/venissieux-covid-19-campagne-de-vaccination\/#breadcrumb\"},\"inLanguage\":\"fr-FR\",\"potentialAction\":[{\"@type\":\"ReadAction\",\"target\":[\"https:\/\/newsestlyonnais.fr\/site\/2021\/01\/15\/venissieux-covid-19-campagne-de-vaccination\/\"]}]},{\"@type\":\"ImageObject\",\"inLanguage\":\"fr-FR\",\"@id\":\"https:\/\/newsestlyonnais.fr\/site\/2021\/01\/15\/venissieux-covid-19-campagne-de-vaccination\/#primaryimage\",\"url\":\"https:\/\/newsestlyonnais.fr\/site\/wp-content\/uploads\/2019\/11\/NEWSESTLYONNAIS-MAIRIE-VENX.jpg\",\"contentUrl\":\"https:\/\/newsestlyonnais.fr\/site\/wp-content\/uploads\/2019\/11\/NEWSESTLYONNAIS-MAIRIE-VENX.jpg\",\"width\":1200,\"height\":800},{\"@type\":\"BreadcrumbList\",\"@id\":\"https:\/\/newsestlyonnais.fr\/site\/2021\/01\/15\/venissieux-covid-19-campagne-de-vaccination\/#breadcrumb\",\"itemListElement\":[{\"@type\":\"ListItem\",\"position\":1,\"name\":\"Accueil\",\"item\":\"https:\/\/newsestlyonnais.fr\/site\/\"},{\"@type\":\"ListItem\",\"position\":2,\"name\":\"VENISSIEUX | COVID 19 > campagne de vaccination\"}]},{\"@type\":\"WebSite\",\"@id\":\"https:\/\/newsestlyonnais.fr\/site\/#website\",\"url\":\"https:\/\/newsestlyonnais.fr\/site\/\",\"name\":\"News Est Lyonnais\",\"description\":\"L&#039;actualit\u00e9 au plus pr\u00e8s\",\"publisher\":{\"@id\":\"https:\/\/newsestlyonnais.fr\/site\/#organization\"},\"potentialAction\":[{\"@type\":\"SearchAction\",\"target\":{\"@type\":\"EntryPoint\",\"urlTemplate\":\"https:\/\/newsestlyonnais.fr\/site\/?s={search_term_string}\"},\"query-input\":{\"@type\":\"PropertyValueSpecification\",\"valueRequired\":true,\"valueName\":\"search_term_string\"}}],\"inLanguage\":\"fr-FR\"},{\"@type\":\"Organization\",\"@id\":\"https:\/\/newsestlyonnais.fr\/site\/#organization\",\"name\":\"News EST LYONNAIS\",\"url\":\"https:\/\/newsestlyonnais.fr\/site\/\",\"logo\":{\"@type\":\"ImageObject\",\"inLanguage\":\"fr-FR\",\"@id\":\"https:\/\/newsestlyonnais.fr\/site\/#\/schema\/logo\/image\/\",\"url\":\"\",\"contentUrl\":\"\",\"caption\":\"News EST LYONNAIS\"},\"image\":{\"@id\":\"https:\/\/newsestlyonnais.fr\/site\/#\/schema\/logo\/image\/\"}},{\"@type\":\"Person\",\"@id\":\"https:\/\/newsestlyonnais.fr\/site\/#\/schema\/person\/3230d5615f390bb808365d673001e887\",\"name\":\"R\u00e9dac. NEWS\",\"sameAs\":[\"http:\/\/www.newsestlyonnais.fr\",\"https:\/\/www.facebook.com\/pascal.oberson.1?fref=ts\",\"https:\/\/fr.linkedin.com\/in\/pascal-oberson-b17045113\"],\"url\":\"https:\/\/newsestlyonnais.fr\/site\/author\/nel\/\"}]}<\/script>\n<!-- \/ Yoast SEO plugin. -->","yoast_head_json":{"title":"VENISSIEUX | COVID 19 > campagne de vaccination - News Est Lyonnais","description":"VENISSIEUX | COVID 19 > campagne de vaccination","robots":{"index":"index","follow":"follow","max-snippet":"max-snippet:-1","max-image-preview":"max-image-preview:large","max-video-preview":"max-video-preview:-1"},"canonical":"https:\/\/newsestlyonnais.fr\/site\/2021\/01\/15\/venissieux-covid-19-campagne-de-vaccination\/","og_locale":"fr_FR","og_type":"article","og_title":"VENISSIEUX | COVID 19 > campagne de vaccination - News Est Lyonnais","og_description":"VENISSIEUX | COVID 19 > campagne de vaccination","og_url":"https:\/\/newsestlyonnais.fr\/site\/2021\/01\/15\/venissieux-covid-19-campagne-de-vaccination\/","og_site_name":"News Est Lyonnais","article_author":"https:\/\/www.facebook.com\/pascal.oberson.1?fref=ts","article_published_time":"2021-01-15T08:48:30+00:00","article_modified_time":"2021-01-15T08:50:29+00:00","og_image":[{"width":1200,"height":800,"url":"https:\/\/i2.wp.com\/newsestlyonnais.fr\/site\/wp-content\/uploads\/2019\/11\/NEWSESTLYONNAIS-MAIRIE-VENX.jpg?fit=1200%2C800&ssl=1","type":"image\/jpeg"}],"author":"R\u00e9dac. NEWS","twitter_card":"summary_large_image","twitter_misc":{"\u00c9crit par":"R\u00e9dac. NEWS","Dur\u00e9e de lecture estim\u00e9e":"2 minutes"},"schema":{"@context":"https:\/\/schema.org","@graph":[{"@type":"Article","@id":"https:\/\/newsestlyonnais.fr\/site\/2021\/01\/15\/venissieux-covid-19-campagne-de-vaccination\/#article","isPartOf":{"@id":"https:\/\/newsestlyonnais.fr\/site\/2021\/01\/15\/venissieux-covid-19-campagne-de-vaccination\/"},"author":{"name":"R\u00e9dac. NEWS","@id":"https:\/\/newsestlyonnais.fr\/site\/#\/schema\/person\/3230d5615f390bb808365d673001e887"},"headline":"VENISSIEUX | COVID 19 > campagne de vaccination","datePublished":"2021-01-15T08:48:30+00:00","dateModified":"2021-01-15T08:50:29+00:00","mainEntityOfPage":{"@id":"https:\/\/newsestlyonnais.fr\/site\/2021\/01\/15\/venissieux-covid-19-campagne-de-vaccination\/"},"wordCount":273,"commentCount":0,"publisher":{"@id":"https:\/\/newsestlyonnais.fr\/site\/#organization"},"image":{"@id":"https:\/\/newsestlyonnais.fr\/site\/2021\/01\/15\/venissieux-covid-19-campagne-de-vaccination\/#primaryimage"},"thumbnailUrl":"https:\/\/newsestlyonnais.fr\/site\/wp-content\/uploads\/2019\/11\/NEWSESTLYONNAIS-MAIRIE-VENX.jpg","keywords":["CAMPAGNE","COVID-19","VACCINATION","VENISSIEUX"],"articleSection":["Br\u00e8ves de l'Est lyonnais","Sant\u00e9 | Bien Etre | Solidarit\u00e9","V\u00e9nissieux"],"inLanguage":"fr-FR","potentialAction":[{"@type":"CommentAction","name":"Comment","target":["https:\/\/newsestlyonnais.fr\/site\/2021\/01\/15\/venissieux-covid-19-campagne-de-vaccination\/#respond"]}]},{"@type":"WebPage","@id":"https:\/\/newsestlyonnais.fr\/site\/2021\/01\/15\/venissieux-covid-19-campagne-de-vaccination\/","url":"https:\/\/newsestlyonnais.fr\/site\/2021\/01\/15\/venissieux-covid-19-campagne-de-vaccination\/","name":"VENISSIEUX | COVID 19 > campagne de vaccination - News Est Lyonnais","isPartOf":{"@id":"https:\/\/newsestlyonnais.fr\/site\/#website"},"primaryImageOfPage":{"@id":"https:\/\/newsestlyonnais.fr\/site\/2021\/01\/15\/venissieux-covid-19-campagne-de-vaccination\/#primaryimage"},"image":{"@id":"https:\/\/newsestlyonnais.fr\/site\/2021\/01\/15\/venissieux-covid-19-campagne-de-vaccination\/#primaryimage"},"thumbnailUrl":"https:\/\/newsestlyonnais.fr\/site\/wp-content\/uploads\/2019\/11\/NEWSESTLYONNAIS-MAIRIE-VENX.jpg","datePublished":"2021-01-15T08:48:30+00:00","dateModified":"2021-01-15T08:50:29+00:00","description":"VENISSIEUX | COVID 19 > campagne de vaccination","breadcrumb":{"@id":"https:\/\/newsestlyonnais.fr\/site\/2021\/01\/15\/venissieux-covid-19-campagne-de-vaccination\/#breadcrumb"},"inLanguage":"fr-FR","potentialAction":[{"@type":"ReadAction","target":["https:\/\/newsestlyonnais.fr\/site\/2021\/01\/15\/venissieux-covid-19-campagne-de-vaccination\/"]}]},{"@type":"ImageObject","inLanguage":"fr-FR","@id":"https:\/\/newsestlyonnais.fr\/site\/2021\/01\/15\/venissieux-covid-19-campagne-de-vaccination\/#primaryimage","url":"https:\/\/newsestlyonnais.fr\/site\/wp-content\/uploads\/2019\/11\/NEWSESTLYONNAIS-MAIRIE-VENX.jpg","contentUrl":"https:\/\/newsestlyonnais.fr\/site\/wp-content\/uploads\/2019\/11\/NEWSESTLYONNAIS-MAIRIE-VENX.jpg","width":1200,"height":800},{"@type":"BreadcrumbList","@id":"https:\/\/newsestlyonnais.fr\/site\/2021\/01\/15\/venissieux-covid-19-campagne-de-vaccination\/#breadcrumb","itemListElement":[{"@type":"ListItem","position":1,"name":"Accueil","item":"https:\/\/newsestlyonnais.fr\/site\/"},{"@type":"ListItem","position":2,"name":"VENISSIEUX | COVID 19 > campagne de vaccination"}]},{"@type":"WebSite","@id":"https:\/\/newsestlyonnais.fr\/site\/#website","url":"https:\/\/newsestlyonnais.fr\/site\/","name":"News Est Lyonnais","description":"L&#039;actualit\u00e9 au plus pr\u00e8s","publisher":{"@id":"https:\/\/newsestlyonnais.fr\/site\/#organization"},"potentialAction":[{"@type":"SearchAction","target":{"@type":"EntryPoint","urlTemplate":"https:\/\/newsestlyonnais.fr\/site\/?s={search_term_string}"},"query-input":{"@type":"PropertyValueSpecification","valueRequired":true,"valueName":"search_term_string"}}],"inLanguage":"fr-FR"},{"@type":"Organization","@id":"https:\/\/newsestlyonnais.fr\/site\/#organization","name":"News EST LYONNAIS","url":"https:\/\/newsestlyonnais.fr\/site\/","logo":{"@type":"ImageObject","inLanguage":"fr-FR","@id":"https:\/\/newsestlyonnais.fr\/site\/#\/schema\/logo\/image\/","url":"","contentUrl":"","caption":"News EST LYONNAIS"},"image":{"@id":"https:\/\/newsestlyonnais.fr\/site\/#\/schema\/logo\/image\/"}},{"@type":"Person","@id":"https:\/\/newsestlyonnais.fr\/site\/#\/schema\/person\/3230d5615f390bb808365d673001e887","name":"R\u00e9dac. NEWS","sameAs":["http:\/\/www.newsestlyonnais.fr","https:\/\/www.facebook.com\/pascal.oberson.1?fref=ts","https:\/\/fr.linkedin.com\/in\/pascal-oberson-b17045113"],"url":"https:\/\/newsestlyonnais.fr\/site\/author\/nel\/"}]}},"_links":{"self":[{"href":"https:\/\/newsestlyonnais.fr\/site\/wp-json\/wp\/v2\/posts\/122514","targetHints":{"allow":["GET"]}}],"collection":[{"href":"https:\/\/newsestlyonnais.fr\/site\/wp-json\/wp\/v2\/posts"}],"about":[{"href":"https:\/\/newsestlyonnais.fr\/site\/wp-json\/wp\/v2\/types\/post"}],"author":[{"embeddable":true,"href":"https:\/\/newsestlyonnais.fr\/site\/wp-json\/wp\/v2\/users\/4"}],"replies":[{"embeddable":true,"href":"https:\/\/newsestlyonnais.fr\/site\/wp-json\/wp\/v2\/comments?post=122514"}],"version-history":[{"count":0,"href":"https:\/\/newsestlyonnais.fr\/site\/wp-json\/wp\/v2\/posts\/122514\/revisions"}],"wp:featuredmedia":[{"embeddable":true,"href":"https:\/\/newsestlyonnais.fr\/site\/wp-json\/wp\/v2\/media\/95972"}],"wp:attachment":[{"href":"https:\/\/newsestlyonnais.fr\/site\/wp-json\/wp\/v2\/media?parent=122514"}],"wp:term":[{"taxonomy":"category","embeddable":true,"href":"https:\/\/newsestlyonnais.fr\/site\/wp-json\/wp\/v2\/categories?post=122514"},{"taxonomy":"post_tag","embeddable":true,"href":"https:\/\/newsestlyonnais.fr\/site\/wp-json\/wp\/v2\/tags?post=122514"}],"curies":[{"name":"wp","href":"https:\/\/api.w.org\/{rel}","templated":true}]}}