{"id":122591,"date":"2021-01-16T14:45:41","date_gmt":"2021-01-16T13:45:41","guid":{"rendered":"http:\/\/newsestlyonnais.fr\/site\/?p=122591"},"modified":"2021-01-16T14:48:54","modified_gmt":"2021-01-16T13:48:54","slug":"rillieux-la-pape-plus-de-trains-en-gare-de-crepieux","status":"publish","type":"post","link":"https:\/\/newsestlyonnais.fr\/site\/2021\/01\/16\/rillieux-la-pape-plus-de-trains-en-gare-de-crepieux\/","title":{"rendered":"RILLIEUX-LA-PAPE | Plus de trains en gare de Cr\u00e9pieux"},"content":{"rendered":"<p><strong>La desserte passe ainsi de 8 trains par jour \u00e0 35, soit une fr\u00e9quence d\u2019un train toutes les demi-heures en heure de pointe et d\u2019un train par heure en heure creuse<\/strong>. Une tr\u00e8s bonne nouvelle pour les usagers et les habitants qui peuvent davantage prendre le chemin de la gare et relier ainsi le quartier de la Part-Dieu en moins de 10 minutes.<\/p>\n<p class=\"bodytext\"><em><strong>Situ\u00e9e, chemin des \u00eeles, la gare de Cr\u00e9pieux met la Part Dieu \u00e0 6 minutes de la ville.<\/strong><\/em><\/p>\n<p class=\"bodytext\">Pour faciliter la mobilit\u00e9 durable, la Ville a pris de nouvelles mesures en n\u00e9gociant des arr\u00eats quotidiens suppl\u00e9mentaires en gare de Cr\u00e9pieux.<\/p>\n<hr \/>\n<p class=\"bodytext\"><a class=\"download\" href=\"https:\/\/www.rillieuxlapape.fr\/fileadmin\/documents\/quotidien\/deplacement\/CREPIEUX-LA_PAPE_NOV2020.pdf\"><strong>&gt; <span style=\"color: #0000ff;\">Ligne 35 Amb\u00e9rieu &lt;&gt; Lyon \/ Cr\u00e9pieux-la-Pape, des arr\u00eats suppl\u00e9mentaires toute la journ\u00e9e<\/span><\/strong><\/a><\/p>\n<p><a class=\"download\" href=\"https:\/\/www.rillieuxlapape.fr\/fileadmin\/documents\/quotidien\/deplacement\/CrepieuxHoraires28022021.pdf\"><strong>&gt; <span style=\"color: #0000ff;\">Horaires jusqu&rsquo;au 28 f\u00e9vrier 2021<\/span><\/strong><\/a><\/p>\n<hr \/>\n<p>PHOTO A LA UNE \/ Droits r\u00e9serv\u00e9s \/ <span class=\"d2edcug0 hpfvmrgz qv66sw1b c1et5uql rrkovp55 a8c37x1j keod5gw0 nxhoafnm aigsh9s9 d3f4x2em fe6kdd0r mau55g9w c8b282yb iv3no6db jq4qci2q a3bd9o3v knj5qynh oo9gr5id hzawbc8m\" dir=\"auto\">Photo : \u00a9 Laurence Dasni\u00e8re<\/span><\/p>\n","protected":false},"excerpt":{"rendered":"<p>Suite \u00e0 l\u2019action de la municipalit\u00e9 concernant la ligne Lyon-Amb\u00e9rieu, les trains desservent d\u00e9sormais syst\u00e9matiquement la halte de Cr\u00e9pieux. <\/p>\n","protected":false},"author":4,"featured_media":122593,"comment_status":"open","ping_status":"open","sticky":false,"template":"","format":"standard","meta":{"footnotes":""},"categories":[2217,1623,13],"tags":[3073,3534,2050],"class_list":["post-122591","post","type-post","status-publish","format-standard","has-post-thumbnail","hentry","category-breves-de-lest-lyonnais","category-rillieux-la-pape","category-transports-circulation","tag-rillieux","tag-train","tag-transports"],"yoast_head":"<!-- This site is optimized with the Yoast SEO plugin v27.2 - https:\/\/yoast.com\/product\/yoast-seo-wordpress\/ -->\n<title>RILLIEUX-LA-PAPE | Plus de trains en gare de Cr\u00e9pieux - News Est Lyonnais<\/title>\n<meta name=\"description\" content=\"RILLIEUX-LA-PAPE | Plus de trains en gare de Cr\u00e9pieux\" \/>\n<meta name=\"robots\" content=\"index, follow, max-snippet:-1, max-image-preview:large, max-video-preview:-1\" \/>\n<link rel=\"canonical\" href=\"https:\/\/newsestlyonnais.fr\/site\/2021\/01\/16\/rillieux-la-pape-plus-de-trains-en-gare-de-crepieux\/\" \/>\n<meta property=\"og:locale\" content=\"fr_FR\" \/>\n<meta property=\"og:type\" content=\"article\" \/>\n<meta property=\"og:title\" content=\"RILLIEUX-LA-PAPE | Plus de trains en gare de Cr\u00e9pieux - News Est Lyonnais\" \/>\n<meta property=\"og:description\" content=\"RILLIEUX-LA-PAPE | Plus de trains en gare de Cr\u00e9pieux\" \/>\n<meta property=\"og:url\" content=\"https:\/\/newsestlyonnais.fr\/site\/2021\/01\/16\/rillieux-la-pape-plus-de-trains-en-gare-de-crepieux\/\" \/>\n<meta property=\"og:site_name\" content=\"News Est Lyonnais\" \/>\n<meta property=\"article:author\" content=\"https:\/\/www.facebook.com\/pascal.oberson.1?fref=ts\" \/>\n<meta property=\"article:published_time\" content=\"2021-01-16T13:45:41+00:00\" \/>\n<meta property=\"article:modified_time\" content=\"2021-01-16T13:48:54+00:00\" \/>\n<meta property=\"og:image\" content=\"https:\/\/i2.wp.com\/newsestlyonnais.fr\/site\/wp-content\/uploads\/2021\/01\/csm_gareCrepieux_bf5ee36034.jpg?fit=700%2C466&ssl=1\" \/>\n\t<meta property=\"og:image:width\" content=\"700\" \/>\n\t<meta property=\"og:image:height\" content=\"466\" \/>\n\t<meta property=\"og:image:type\" content=\"image\/jpeg\" \/>\n<meta name=\"author\" content=\"R\u00e9dac. NEWS\" \/>\n<meta name=\"twitter:card\" content=\"summary_large_image\" \/>\n<meta name=\"twitter:label1\" content=\"\u00c9crit par\" \/>\n\t<meta name=\"twitter:data1\" content=\"R\u00e9dac. NEWS\" \/>\n\t<meta name=\"twitter:label2\" content=\"Dur\u00e9e de lecture estim\u00e9e\" \/>\n\t<meta name=\"twitter:data2\" content=\"1 minute\" \/>\n<script type=\"application\/ld+json\" class=\"yoast-schema-graph\">{\"@context\":\"https:\/\/schema.org\",\"@graph\":[{\"@type\":\"Article\",\"@id\":\"https:\/\/newsestlyonnais.fr\/site\/2021\/01\/16\/rillieux-la-pape-plus-de-trains-en-gare-de-crepieux\/#article\",\"isPartOf\":{\"@id\":\"https:\/\/newsestlyonnais.fr\/site\/2021\/01\/16\/rillieux-la-pape-plus-de-trains-en-gare-de-crepieux\/\"},\"author\":{\"name\":\"R\u00e9dac. NEWS\",\"@id\":\"https:\/\/newsestlyonnais.fr\/site\/#\/schema\/person\/3230d5615f390bb808365d673001e887\"},\"headline\":\"RILLIEUX-LA-PAPE | Plus de trains en gare de Cr\u00e9pieux\",\"datePublished\":\"2021-01-16T13:45:41+00:00\",\"dateModified\":\"2021-01-16T13:48:54+00:00\",\"mainEntityOfPage\":{\"@id\":\"https:\/\/newsestlyonnais.fr\/site\/2021\/01\/16\/rillieux-la-pape-plus-de-trains-en-gare-de-crepieux\/\"},\"wordCount\":152,\"commentCount\":0,\"publisher\":{\"@id\":\"https:\/\/newsestlyonnais.fr\/site\/#organization\"},\"image\":{\"@id\":\"https:\/\/newsestlyonnais.fr\/site\/2021\/01\/16\/rillieux-la-pape-plus-de-trains-en-gare-de-crepieux\/#primaryimage\"},\"thumbnailUrl\":\"https:\/\/newsestlyonnais.fr\/site\/wp-content\/uploads\/2021\/01\/csm_gareCrepieux_bf5ee36034.jpg\",\"keywords\":[\"RILLIEUX\",\"TRAIN\",\"TRANSPORTS\"],\"articleSection\":[\"Br\u00e8ves de l'Est lyonnais\",\"Rillieux-la-Pape\",\"Transports | Circulation\"],\"inLanguage\":\"fr-FR\",\"potentialAction\":[{\"@type\":\"CommentAction\",\"name\":\"Comment\",\"target\":[\"https:\/\/newsestlyonnais.fr\/site\/2021\/01\/16\/rillieux-la-pape-plus-de-trains-en-gare-de-crepieux\/#respond\"]}]},{\"@type\":\"WebPage\",\"@id\":\"https:\/\/newsestlyonnais.fr\/site\/2021\/01\/16\/rillieux-la-pape-plus-de-trains-en-gare-de-crepieux\/\",\"url\":\"https:\/\/newsestlyonnais.fr\/site\/2021\/01\/16\/rillieux-la-pape-plus-de-trains-en-gare-de-crepieux\/\",\"name\":\"RILLIEUX-LA-PAPE | Plus de trains en gare de Cr\u00e9pieux - News Est Lyonnais\",\"isPartOf\":{\"@id\":\"https:\/\/newsestlyonnais.fr\/site\/#website\"},\"primaryImageOfPage\":{\"@id\":\"https:\/\/newsestlyonnais.fr\/site\/2021\/01\/16\/rillieux-la-pape-plus-de-trains-en-gare-de-crepieux\/#primaryimage\"},\"image\":{\"@id\":\"https:\/\/newsestlyonnais.fr\/site\/2021\/01\/16\/rillieux-la-pape-plus-de-trains-en-gare-de-crepieux\/#primaryimage\"},\"thumbnailUrl\":\"https:\/\/newsestlyonnais.fr\/site\/wp-content\/uploads\/2021\/01\/csm_gareCrepieux_bf5ee36034.jpg\",\"datePublished\":\"2021-01-16T13:45:41+00:00\",\"dateModified\":\"2021-01-16T13:48:54+00:00\",\"description\":\"RILLIEUX-LA-PAPE | Plus de trains en gare de Cr\u00e9pieux\",\"breadcrumb\":{\"@id\":\"https:\/\/newsestlyonnais.fr\/site\/2021\/01\/16\/rillieux-la-pape-plus-de-trains-en-gare-de-crepieux\/#breadcrumb\"},\"inLanguage\":\"fr-FR\",\"potentialAction\":[{\"@type\":\"ReadAction\",\"target\":[\"https:\/\/newsestlyonnais.fr\/site\/2021\/01\/16\/rillieux-la-pape-plus-de-trains-en-gare-de-crepieux\/\"]}]},{\"@type\":\"ImageObject\",\"inLanguage\":\"fr-FR\",\"@id\":\"https:\/\/newsestlyonnais.fr\/site\/2021\/01\/16\/rillieux-la-pape-plus-de-trains-en-gare-de-crepieux\/#primaryimage\",\"url\":\"https:\/\/newsestlyonnais.fr\/site\/wp-content\/uploads\/2021\/01\/csm_gareCrepieux_bf5ee36034.jpg\",\"contentUrl\":\"https:\/\/newsestlyonnais.fr\/site\/wp-content\/uploads\/2021\/01\/csm_gareCrepieux_bf5ee36034.jpg\",\"width\":700,\"height\":466},{\"@type\":\"BreadcrumbList\",\"@id\":\"https:\/\/newsestlyonnais.fr\/site\/2021\/01\/16\/rillieux-la-pape-plus-de-trains-en-gare-de-crepieux\/#breadcrumb\",\"itemListElement\":[{\"@type\":\"ListItem\",\"position\":1,\"name\":\"Accueil\",\"item\":\"https:\/\/newsestlyonnais.fr\/site\/\"},{\"@type\":\"ListItem\",\"position\":2,\"name\":\"RILLIEUX-LA-PAPE | Plus de trains en gare de Cr\u00e9pieux\"}]},{\"@type\":\"WebSite\",\"@id\":\"https:\/\/newsestlyonnais.fr\/site\/#website\",\"url\":\"https:\/\/newsestlyonnais.fr\/site\/\",\"name\":\"News Est Lyonnais\",\"description\":\"L&#039;actualit\u00e9 au plus pr\u00e8s\",\"publisher\":{\"@id\":\"https:\/\/newsestlyonnais.fr\/site\/#organization\"},\"potentialAction\":[{\"@type\":\"SearchAction\",\"target\":{\"@type\":\"EntryPoint\",\"urlTemplate\":\"https:\/\/newsestlyonnais.fr\/site\/?s={search_term_string}\"},\"query-input\":{\"@type\":\"PropertyValueSpecification\",\"valueRequired\":true,\"valueName\":\"search_term_string\"}}],\"inLanguage\":\"fr-FR\"},{\"@type\":\"Organization\",\"@id\":\"https:\/\/newsestlyonnais.fr\/site\/#organization\",\"name\":\"News EST LYONNAIS\",\"url\":\"https:\/\/newsestlyonnais.fr\/site\/\",\"logo\":{\"@type\":\"ImageObject\",\"inLanguage\":\"fr-FR\",\"@id\":\"https:\/\/newsestlyonnais.fr\/site\/#\/schema\/logo\/image\/\",\"url\":\"\",\"contentUrl\":\"\",\"caption\":\"News EST LYONNAIS\"},\"image\":{\"@id\":\"https:\/\/newsestlyonnais.fr\/site\/#\/schema\/logo\/image\/\"}},{\"@type\":\"Person\",\"@id\":\"https:\/\/newsestlyonnais.fr\/site\/#\/schema\/person\/3230d5615f390bb808365d673001e887\",\"name\":\"R\u00e9dac. NEWS\",\"sameAs\":[\"http:\/\/www.newsestlyonnais.fr\",\"https:\/\/www.facebook.com\/pascal.oberson.1?fref=ts\",\"https:\/\/fr.linkedin.com\/in\/pascal-oberson-b17045113\"],\"url\":\"https:\/\/newsestlyonnais.fr\/site\/author\/nel\/\"}]}<\/script>\n<!-- \/ Yoast SEO plugin. -->","yoast_head_json":{"title":"RILLIEUX-LA-PAPE | Plus de trains en gare de Cr\u00e9pieux - News Est Lyonnais","description":"RILLIEUX-LA-PAPE | Plus de trains en gare de Cr\u00e9pieux","robots":{"index":"index","follow":"follow","max-snippet":"max-snippet:-1","max-image-preview":"max-image-preview:large","max-video-preview":"max-video-preview:-1"},"canonical":"https:\/\/newsestlyonnais.fr\/site\/2021\/01\/16\/rillieux-la-pape-plus-de-trains-en-gare-de-crepieux\/","og_locale":"fr_FR","og_type":"article","og_title":"RILLIEUX-LA-PAPE | Plus de trains en gare de Cr\u00e9pieux - News Est Lyonnais","og_description":"RILLIEUX-LA-PAPE | Plus de trains en gare de Cr\u00e9pieux","og_url":"https:\/\/newsestlyonnais.fr\/site\/2021\/01\/16\/rillieux-la-pape-plus-de-trains-en-gare-de-crepieux\/","og_site_name":"News Est Lyonnais","article_author":"https:\/\/www.facebook.com\/pascal.oberson.1?fref=ts","article_published_time":"2021-01-16T13:45:41+00:00","article_modified_time":"2021-01-16T13:48:54+00:00","og_image":[{"width":700,"height":466,"url":"https:\/\/i2.wp.com\/newsestlyonnais.fr\/site\/wp-content\/uploads\/2021\/01\/csm_gareCrepieux_bf5ee36034.jpg?fit=700%2C466&ssl=1","type":"image\/jpeg"}],"author":"R\u00e9dac. NEWS","twitter_card":"summary_large_image","twitter_misc":{"\u00c9crit par":"R\u00e9dac. NEWS","Dur\u00e9e de lecture estim\u00e9e":"1 minute"},"schema":{"@context":"https:\/\/schema.org","@graph":[{"@type":"Article","@id":"https:\/\/newsestlyonnais.fr\/site\/2021\/01\/16\/rillieux-la-pape-plus-de-trains-en-gare-de-crepieux\/#article","isPartOf":{"@id":"https:\/\/newsestlyonnais.fr\/site\/2021\/01\/16\/rillieux-la-pape-plus-de-trains-en-gare-de-crepieux\/"},"author":{"name":"R\u00e9dac. NEWS","@id":"https:\/\/newsestlyonnais.fr\/site\/#\/schema\/person\/3230d5615f390bb808365d673001e887"},"headline":"RILLIEUX-LA-PAPE | Plus de trains en gare de Cr\u00e9pieux","datePublished":"2021-01-16T13:45:41+00:00","dateModified":"2021-01-16T13:48:54+00:00","mainEntityOfPage":{"@id":"https:\/\/newsestlyonnais.fr\/site\/2021\/01\/16\/rillieux-la-pape-plus-de-trains-en-gare-de-crepieux\/"},"wordCount":152,"commentCount":0,"publisher":{"@id":"https:\/\/newsestlyonnais.fr\/site\/#organization"},"image":{"@id":"https:\/\/newsestlyonnais.fr\/site\/2021\/01\/16\/rillieux-la-pape-plus-de-trains-en-gare-de-crepieux\/#primaryimage"},"thumbnailUrl":"https:\/\/newsestlyonnais.fr\/site\/wp-content\/uploads\/2021\/01\/csm_gareCrepieux_bf5ee36034.jpg","keywords":["RILLIEUX","TRAIN","TRANSPORTS"],"articleSection":["Br\u00e8ves de l'Est lyonnais","Rillieux-la-Pape","Transports | Circulation"],"inLanguage":"fr-FR","potentialAction":[{"@type":"CommentAction","name":"Comment","target":["https:\/\/newsestlyonnais.fr\/site\/2021\/01\/16\/rillieux-la-pape-plus-de-trains-en-gare-de-crepieux\/#respond"]}]},{"@type":"WebPage","@id":"https:\/\/newsestlyonnais.fr\/site\/2021\/01\/16\/rillieux-la-pape-plus-de-trains-en-gare-de-crepieux\/","url":"https:\/\/newsestlyonnais.fr\/site\/2021\/01\/16\/rillieux-la-pape-plus-de-trains-en-gare-de-crepieux\/","name":"RILLIEUX-LA-PAPE | Plus de trains en gare de Cr\u00e9pieux - News Est Lyonnais","isPartOf":{"@id":"https:\/\/newsestlyonnais.fr\/site\/#website"},"primaryImageOfPage":{"@id":"https:\/\/newsestlyonnais.fr\/site\/2021\/01\/16\/rillieux-la-pape-plus-de-trains-en-gare-de-crepieux\/#primaryimage"},"image":{"@id":"https:\/\/newsestlyonnais.fr\/site\/2021\/01\/16\/rillieux-la-pape-plus-de-trains-en-gare-de-crepieux\/#primaryimage"},"thumbnailUrl":"https:\/\/newsestlyonnais.fr\/site\/wp-content\/uploads\/2021\/01\/csm_gareCrepieux_bf5ee36034.jpg","datePublished":"2021-01-16T13:45:41+00:00","dateModified":"2021-01-16T13:48:54+00:00","description":"RILLIEUX-LA-PAPE | Plus de trains en gare de Cr\u00e9pieux","breadcrumb":{"@id":"https:\/\/newsestlyonnais.fr\/site\/2021\/01\/16\/rillieux-la-pape-plus-de-trains-en-gare-de-crepieux\/#breadcrumb"},"inLanguage":"fr-FR","potentialAction":[{"@type":"ReadAction","target":["https:\/\/newsestlyonnais.fr\/site\/2021\/01\/16\/rillieux-la-pape-plus-de-trains-en-gare-de-crepieux\/"]}]},{"@type":"ImageObject","inLanguage":"fr-FR","@id":"https:\/\/newsestlyonnais.fr\/site\/2021\/01\/16\/rillieux-la-pape-plus-de-trains-en-gare-de-crepieux\/#primaryimage","url":"https:\/\/newsestlyonnais.fr\/site\/wp-content\/uploads\/2021\/01\/csm_gareCrepieux_bf5ee36034.jpg","contentUrl":"https:\/\/newsestlyonnais.fr\/site\/wp-content\/uploads\/2021\/01\/csm_gareCrepieux_bf5ee36034.jpg","width":700,"height":466},{"@type":"BreadcrumbList","@id":"https:\/\/newsestlyonnais.fr\/site\/2021\/01\/16\/rillieux-la-pape-plus-de-trains-en-gare-de-crepieux\/#breadcrumb","itemListElement":[{"@type":"ListItem","position":1,"name":"Accueil","item":"https:\/\/newsestlyonnais.fr\/site\/"},{"@type":"ListItem","position":2,"name":"RILLIEUX-LA-PAPE | Plus de trains en gare de Cr\u00e9pieux"}]},{"@type":"WebSite","@id":"https:\/\/newsestlyonnais.fr\/site\/#website","url":"https:\/\/newsestlyonnais.fr\/site\/","name":"News Est Lyonnais","description":"L&#039;actualit\u00e9 au plus pr\u00e8s","publisher":{"@id":"https:\/\/newsestlyonnais.fr\/site\/#organization"},"potentialAction":[{"@type":"SearchAction","target":{"@type":"EntryPoint","urlTemplate":"https:\/\/newsestlyonnais.fr\/site\/?s={search_term_string}"},"query-input":{"@type":"PropertyValueSpecification","valueRequired":true,"valueName":"search_term_string"}}],"inLanguage":"fr-FR"},{"@type":"Organization","@id":"https:\/\/newsestlyonnais.fr\/site\/#organization","name":"News EST LYONNAIS","url":"https:\/\/newsestlyonnais.fr\/site\/","logo":{"@type":"ImageObject","inLanguage":"fr-FR","@id":"https:\/\/newsestlyonnais.fr\/site\/#\/schema\/logo\/image\/","url":"","contentUrl":"","caption":"News EST LYONNAIS"},"image":{"@id":"https:\/\/newsestlyonnais.fr\/site\/#\/schema\/logo\/image\/"}},{"@type":"Person","@id":"https:\/\/newsestlyonnais.fr\/site\/#\/schema\/person\/3230d5615f390bb808365d673001e887","name":"R\u00e9dac. NEWS","sameAs":["http:\/\/www.newsestlyonnais.fr","https:\/\/www.facebook.com\/pascal.oberson.1?fref=ts","https:\/\/fr.linkedin.com\/in\/pascal-oberson-b17045113"],"url":"https:\/\/newsestlyonnais.fr\/site\/author\/nel\/"}]}},"_links":{"self":[{"href":"https:\/\/newsestlyonnais.fr\/site\/wp-json\/wp\/v2\/posts\/122591","targetHints":{"allow":["GET"]}}],"collection":[{"href":"https:\/\/newsestlyonnais.fr\/site\/wp-json\/wp\/v2\/posts"}],"about":[{"href":"https:\/\/newsestlyonnais.fr\/site\/wp-json\/wp\/v2\/types\/post"}],"author":[{"embeddable":true,"href":"https:\/\/newsestlyonnais.fr\/site\/wp-json\/wp\/v2\/users\/4"}],"replies":[{"embeddable":true,"href":"https:\/\/newsestlyonnais.fr\/site\/wp-json\/wp\/v2\/comments?post=122591"}],"version-history":[{"count":0,"href":"https:\/\/newsestlyonnais.fr\/site\/wp-json\/wp\/v2\/posts\/122591\/revisions"}],"wp:featuredmedia":[{"embeddable":true,"href":"https:\/\/newsestlyonnais.fr\/site\/wp-json\/wp\/v2\/media\/122593"}],"wp:attachment":[{"href":"https:\/\/newsestlyonnais.fr\/site\/wp-json\/wp\/v2\/media?parent=122591"}],"wp:term":[{"taxonomy":"category","embeddable":true,"href":"https:\/\/newsestlyonnais.fr\/site\/wp-json\/wp\/v2\/categories?post=122591"},{"taxonomy":"post_tag","embeddable":true,"href":"https:\/\/newsestlyonnais.fr\/site\/wp-json\/wp\/v2\/tags?post=122591"}],"curies":[{"name":"wp","href":"https:\/\/api.w.org\/{rel}","templated":true}]}}