{"id":122742,"date":"2021-01-18T13:36:09","date_gmt":"2021-01-18T12:36:09","guid":{"rendered":"http:\/\/newsestlyonnais.fr\/site\/?p=122742"},"modified":"2021-01-18T13:36:09","modified_gmt":"2021-01-18T12:36:09","slug":"covid-19-couvre-feu-national-le-sytral-adapte-loffre-du-reseau-tcl","status":"publish","type":"post","link":"https:\/\/newsestlyonnais.fr\/site\/2021\/01\/18\/covid-19-couvre-feu-national-le-sytral-adapte-loffre-du-reseau-tcl\/","title":{"rendered":"Covid-19 &#038; couvre-feu national > le SYTRAL adapte l\u2019offre du r\u00e9seau TCL"},"content":{"rendered":"<p>Depuis le d\u00e9but de la pand\u00e9mie de COVID-19, le SYTRAL, qui pilote le 2\u00b0 r\u00e9seau de transports en commun urbain de France, met tout en \u0153uvre afin de garantir la continuit\u00e9 du service public et adapte r\u00e9guli\u00e8rement l\u2019offre de ses r\u00e9seaux et services au regard de l\u2019\u00e9volution de la situation sanitaire.<\/p>\n<p>A la suite de la d\u00e9cision gouvernementale d\u2019\u00e9tendre le couvre-feu \u00e0 18 h sur l\u2019ensemble du territoire, le SYTRAL, en lien avec le d\u00e9l\u00e9gataire, ajuste l\u2019offre du r\u00e9seau TCL d\u00e8s aujourd\u2019hui.<\/p>\n<hr \/>\n<p><span style=\"text-decoration: underline;\"><span style=\"font-size: 14pt;\"><em><strong>Des adaptations cibl\u00e9es<\/strong> <\/em><\/span><\/span><\/p>\n<p>D\u00e9but janvier, le r\u00e9seau TCL <strong>enregistre une hausse de sa fr\u00e9quentation de pr\u00e8s de 20 % pour atteindre les 65 % avec des heures de pointe<\/strong> toujours marqu\u00e9es. <strong>L\u2019offre en journ\u00e9e sera maintenue \u00e0 90 % <\/strong>avec des adaptations cibl\u00e9es sur certaines dessertes tels que les p\u00f4les universitaires,actuellement ferm\u00e9s. <strong>La fr\u00e9quence des lignes de m\u00e9tro A et D, des tramways T1, T2 et T3, ainsi que quelques lignes de bus majeures sera all\u00e9g\u00e9e entre 19 h et 21 h<\/strong> pour accompagner les restrictions li\u00e9es au couvre-feu. <strong>Toutes les infos : <\/strong><span style=\"color: #0000ff;\"><a style=\"color: #0000ff;\" href=\"http:\/\/www.tcl.fr\">http:\/\/www.tcl.fr<\/a><\/span><\/p>\n<p><span style=\"text-decoration: underline;\"><span style=\"font-size: 14pt;\"><em><strong>Une vigilance accrue des flux \u00e0 partir de 16 h<\/strong><\/em><\/span><\/span><\/p>\n<p>Le SYTRAL, en lien avec le d\u00e9l\u00e9gataire, \u00e9valuera quotidiennement l\u2019\u00e9volution de la fr\u00e9quentation entre 16 h et 18 h afin de d\u00e9ployer en cas de n\u00e9cessit\u00e9, des renforts cibl\u00e9s sur les secteurs et les lignes identifi\u00e9s.<\/p>\n<p><span style=\"text-decoration: underline;\"><span style=\"font-size: 14pt;\"><em><strong>La desserte des autres r\u00e9seaux et services du SYTRAL reste inchang\u00e9e<\/strong><\/em><\/span><\/span><\/p>\n<p><strong>Pour les Cars du Rh\u00f4ne et Libellule<\/strong>, au regard de l\u2019offre propos\u00e9e et des temps de trajets n\u00e9cessaires aux voyageurs pour rejoindre leur domicile, <strong>l\u2019offre est maintenue \u00e0 100 %<\/strong>. <strong>Toutes les infos : <\/strong><span style=\"color: #0000ff;\"><a style=\"color: #0000ff;\" href=\"http:\/\/carsdurhone.fretbuslibellule.com\">http:\/\/carsdurhone.fretbuslibellule.com<\/a><\/span><\/p>\n<hr \/>\n<p><span style=\"font-size: 14pt;\"><span style=\"text-decoration: underline;\"><em><strong>Rh\u00f4nexpress<\/strong><\/em> <\/span>:<\/span><\/p>\n<p>Compte-tenu de la poursuite du trafic a\u00e9rien et de la circulation des trains du r\u00e9seau SNCF, l\u2019offre de la liaison ferr\u00e9e pour Lyon Saint Exup\u00e9ry sera maintenue avec une fr\u00e9quence jusqu\u2019\u00e0 20\u2019 en journ\u00e9e. <strong>Toutes les infos : <\/strong><span style=\"color: #0000ff;\"><a style=\"color: #0000ff;\" href=\"http:\/\/rhonexpress.fr\">http:\/\/rhonexpress.fr<\/a><\/span><\/p>\n","protected":false},"excerpt":{"rendered":"<p>D\u00e9but janvier, le r\u00e9seau TCL a enregistr\u00e9 une hausse de sa fr\u00e9quentation de pr\u00e8s de 20 %.<\/p>\n","protected":false},"author":4,"featured_media":118325,"comment_status":"open","ping_status":"open","sticky":false,"template":"","format":"standard","meta":{"footnotes":""},"categories":[2217,13],"tags":[2629,2455,2050],"class_list":["post-122742","post","type-post","status-publish","format-standard","has-post-thumbnail","hentry","category-breves-de-lest-lyonnais","category-transports-circulation","tag-reseau-tcl","tag-sytral","tag-transports"],"yoast_head":"<!-- This site is optimized with the Yoast SEO plugin v27.2 - https:\/\/yoast.com\/product\/yoast-seo-wordpress\/ -->\n<title>Covid-19 &amp; couvre-feu national &gt; le SYTRAL adapte l\u2019offre du r\u00e9seau TCL - News Est Lyonnais<\/title>\n<meta name=\"description\" content=\"Covid-19 &amp; couvre-feu national &gt; le SYTRAL adapte l\u2019offre du r\u00e9seau TCL\" \/>\n<meta name=\"robots\" content=\"index, follow, max-snippet:-1, max-image-preview:large, max-video-preview:-1\" \/>\n<link rel=\"canonical\" href=\"https:\/\/newsestlyonnais.fr\/site\/2021\/01\/18\/covid-19-couvre-feu-national-le-sytral-adapte-loffre-du-reseau-tcl\/\" \/>\n<meta property=\"og:locale\" content=\"fr_FR\" \/>\n<meta property=\"og:type\" content=\"article\" \/>\n<meta property=\"og:title\" content=\"Covid-19 &amp; couvre-feu national &gt; le SYTRAL adapte l\u2019offre du r\u00e9seau TCL - News Est Lyonnais\" \/>\n<meta property=\"og:description\" content=\"Covid-19 &amp; couvre-feu national &gt; le SYTRAL adapte l\u2019offre du r\u00e9seau TCL\" \/>\n<meta property=\"og:url\" content=\"https:\/\/newsestlyonnais.fr\/site\/2021\/01\/18\/covid-19-couvre-feu-national-le-sytral-adapte-loffre-du-reseau-tcl\/\" \/>\n<meta property=\"og:site_name\" content=\"News Est Lyonnais\" \/>\n<meta property=\"article:author\" content=\"https:\/\/www.facebook.com\/pascal.oberson.1?fref=ts\" \/>\n<meta property=\"article:published_time\" content=\"2021-01-18T12:36:09+00:00\" \/>\n<meta property=\"og:image\" content=\"https:\/\/i0.wp.com\/newsestlyonnais.fr\/site\/wp-content\/uploads\/2020\/11\/NEWSESTLYONNAIS-TRAM-TCL.jpg?fit=1200%2C675&ssl=1\" \/>\n\t<meta property=\"og:image:width\" content=\"1200\" \/>\n\t<meta property=\"og:image:height\" content=\"675\" \/>\n\t<meta property=\"og:image:type\" content=\"image\/jpeg\" \/>\n<meta name=\"author\" content=\"R\u00e9dac. NEWS\" \/>\n<meta name=\"twitter:card\" content=\"summary_large_image\" \/>\n<meta name=\"twitter:label1\" content=\"\u00c9crit par\" \/>\n\t<meta name=\"twitter:data1\" content=\"R\u00e9dac. NEWS\" \/>\n\t<meta name=\"twitter:label2\" content=\"Dur\u00e9e de lecture estim\u00e9e\" \/>\n\t<meta name=\"twitter:data2\" content=\"2 minutes\" \/>\n<script type=\"application\/ld+json\" class=\"yoast-schema-graph\">{\"@context\":\"https:\/\/schema.org\",\"@graph\":[{\"@type\":\"Article\",\"@id\":\"https:\/\/newsestlyonnais.fr\/site\/2021\/01\/18\/covid-19-couvre-feu-national-le-sytral-adapte-loffre-du-reseau-tcl\/#article\",\"isPartOf\":{\"@id\":\"https:\/\/newsestlyonnais.fr\/site\/2021\/01\/18\/covid-19-couvre-feu-national-le-sytral-adapte-loffre-du-reseau-tcl\/\"},\"author\":{\"name\":\"R\u00e9dac. NEWS\",\"@id\":\"https:\/\/newsestlyonnais.fr\/site\/#\/schema\/person\/3230d5615f390bb808365d673001e887\"},\"headline\":\"Covid-19 &#038; couvre-feu national > le SYTRAL adapte l\u2019offre du r\u00e9seau TCL\",\"datePublished\":\"2021-01-18T12:36:09+00:00\",\"mainEntityOfPage\":{\"@id\":\"https:\/\/newsestlyonnais.fr\/site\/2021\/01\/18\/covid-19-couvre-feu-national-le-sytral-adapte-loffre-du-reseau-tcl\/\"},\"wordCount\":362,\"commentCount\":0,\"publisher\":{\"@id\":\"https:\/\/newsestlyonnais.fr\/site\/#organization\"},\"image\":{\"@id\":\"https:\/\/newsestlyonnais.fr\/site\/2021\/01\/18\/covid-19-couvre-feu-national-le-sytral-adapte-loffre-du-reseau-tcl\/#primaryimage\"},\"thumbnailUrl\":\"https:\/\/newsestlyonnais.fr\/site\/wp-content\/uploads\/2020\/11\/NEWSESTLYONNAIS-TRAM-TCL.jpg\",\"keywords\":[\"RESEAU TCL\",\"SYTRAL\",\"TRANSPORTS\"],\"articleSection\":[\"Br\u00e8ves de l'Est lyonnais\",\"Transports | Circulation\"],\"inLanguage\":\"fr-FR\",\"potentialAction\":[{\"@type\":\"CommentAction\",\"name\":\"Comment\",\"target\":[\"https:\/\/newsestlyonnais.fr\/site\/2021\/01\/18\/covid-19-couvre-feu-national-le-sytral-adapte-loffre-du-reseau-tcl\/#respond\"]}]},{\"@type\":\"WebPage\",\"@id\":\"https:\/\/newsestlyonnais.fr\/site\/2021\/01\/18\/covid-19-couvre-feu-national-le-sytral-adapte-loffre-du-reseau-tcl\/\",\"url\":\"https:\/\/newsestlyonnais.fr\/site\/2021\/01\/18\/covid-19-couvre-feu-national-le-sytral-adapte-loffre-du-reseau-tcl\/\",\"name\":\"Covid-19 & couvre-feu national > le SYTRAL adapte l\u2019offre du r\u00e9seau TCL - News Est Lyonnais\",\"isPartOf\":{\"@id\":\"https:\/\/newsestlyonnais.fr\/site\/#website\"},\"primaryImageOfPage\":{\"@id\":\"https:\/\/newsestlyonnais.fr\/site\/2021\/01\/18\/covid-19-couvre-feu-national-le-sytral-adapte-loffre-du-reseau-tcl\/#primaryimage\"},\"image\":{\"@id\":\"https:\/\/newsestlyonnais.fr\/site\/2021\/01\/18\/covid-19-couvre-feu-national-le-sytral-adapte-loffre-du-reseau-tcl\/#primaryimage\"},\"thumbnailUrl\":\"https:\/\/newsestlyonnais.fr\/site\/wp-content\/uploads\/2020\/11\/NEWSESTLYONNAIS-TRAM-TCL.jpg\",\"datePublished\":\"2021-01-18T12:36:09+00:00\",\"description\":\"Covid-19 & couvre-feu national > le SYTRAL adapte l\u2019offre du r\u00e9seau TCL\",\"breadcrumb\":{\"@id\":\"https:\/\/newsestlyonnais.fr\/site\/2021\/01\/18\/covid-19-couvre-feu-national-le-sytral-adapte-loffre-du-reseau-tcl\/#breadcrumb\"},\"inLanguage\":\"fr-FR\",\"potentialAction\":[{\"@type\":\"ReadAction\",\"target\":[\"https:\/\/newsestlyonnais.fr\/site\/2021\/01\/18\/covid-19-couvre-feu-national-le-sytral-adapte-loffre-du-reseau-tcl\/\"]}]},{\"@type\":\"ImageObject\",\"inLanguage\":\"fr-FR\",\"@id\":\"https:\/\/newsestlyonnais.fr\/site\/2021\/01\/18\/covid-19-couvre-feu-national-le-sytral-adapte-loffre-du-reseau-tcl\/#primaryimage\",\"url\":\"https:\/\/newsestlyonnais.fr\/site\/wp-content\/uploads\/2020\/11\/NEWSESTLYONNAIS-TRAM-TCL.jpg\",\"contentUrl\":\"https:\/\/newsestlyonnais.fr\/site\/wp-content\/uploads\/2020\/11\/NEWSESTLYONNAIS-TRAM-TCL.jpg\",\"width\":1200,\"height\":675},{\"@type\":\"BreadcrumbList\",\"@id\":\"https:\/\/newsestlyonnais.fr\/site\/2021\/01\/18\/covid-19-couvre-feu-national-le-sytral-adapte-loffre-du-reseau-tcl\/#breadcrumb\",\"itemListElement\":[{\"@type\":\"ListItem\",\"position\":1,\"name\":\"Accueil\",\"item\":\"https:\/\/newsestlyonnais.fr\/site\/\"},{\"@type\":\"ListItem\",\"position\":2,\"name\":\"Covid-19 &#038; couvre-feu national > le SYTRAL adapte l\u2019offre du r\u00e9seau TCL\"}]},{\"@type\":\"WebSite\",\"@id\":\"https:\/\/newsestlyonnais.fr\/site\/#website\",\"url\":\"https:\/\/newsestlyonnais.fr\/site\/\",\"name\":\"News Est Lyonnais\",\"description\":\"L&#039;actualit\u00e9 au plus pr\u00e8s\",\"publisher\":{\"@id\":\"https:\/\/newsestlyonnais.fr\/site\/#organization\"},\"potentialAction\":[{\"@type\":\"SearchAction\",\"target\":{\"@type\":\"EntryPoint\",\"urlTemplate\":\"https:\/\/newsestlyonnais.fr\/site\/?s={search_term_string}\"},\"query-input\":{\"@type\":\"PropertyValueSpecification\",\"valueRequired\":true,\"valueName\":\"search_term_string\"}}],\"inLanguage\":\"fr-FR\"},{\"@type\":\"Organization\",\"@id\":\"https:\/\/newsestlyonnais.fr\/site\/#organization\",\"name\":\"News EST LYONNAIS\",\"url\":\"https:\/\/newsestlyonnais.fr\/site\/\",\"logo\":{\"@type\":\"ImageObject\",\"inLanguage\":\"fr-FR\",\"@id\":\"https:\/\/newsestlyonnais.fr\/site\/#\/schema\/logo\/image\/\",\"url\":\"\",\"contentUrl\":\"\",\"caption\":\"News EST LYONNAIS\"},\"image\":{\"@id\":\"https:\/\/newsestlyonnais.fr\/site\/#\/schema\/logo\/image\/\"}},{\"@type\":\"Person\",\"@id\":\"https:\/\/newsestlyonnais.fr\/site\/#\/schema\/person\/3230d5615f390bb808365d673001e887\",\"name\":\"R\u00e9dac. NEWS\",\"sameAs\":[\"http:\/\/www.newsestlyonnais.fr\",\"https:\/\/www.facebook.com\/pascal.oberson.1?fref=ts\",\"https:\/\/fr.linkedin.com\/in\/pascal-oberson-b17045113\"],\"url\":\"https:\/\/newsestlyonnais.fr\/site\/author\/nel\/\"}]}<\/script>\n<!-- \/ Yoast SEO plugin. -->","yoast_head_json":{"title":"Covid-19 & couvre-feu national > le SYTRAL adapte l\u2019offre du r\u00e9seau TCL - News Est Lyonnais","description":"Covid-19 & couvre-feu national > le SYTRAL adapte l\u2019offre du r\u00e9seau TCL","robots":{"index":"index","follow":"follow","max-snippet":"max-snippet:-1","max-image-preview":"max-image-preview:large","max-video-preview":"max-video-preview:-1"},"canonical":"https:\/\/newsestlyonnais.fr\/site\/2021\/01\/18\/covid-19-couvre-feu-national-le-sytral-adapte-loffre-du-reseau-tcl\/","og_locale":"fr_FR","og_type":"article","og_title":"Covid-19 & couvre-feu national > le SYTRAL adapte l\u2019offre du r\u00e9seau TCL - News Est Lyonnais","og_description":"Covid-19 & couvre-feu national > le SYTRAL adapte l\u2019offre du r\u00e9seau TCL","og_url":"https:\/\/newsestlyonnais.fr\/site\/2021\/01\/18\/covid-19-couvre-feu-national-le-sytral-adapte-loffre-du-reseau-tcl\/","og_site_name":"News Est Lyonnais","article_author":"https:\/\/www.facebook.com\/pascal.oberson.1?fref=ts","article_published_time":"2021-01-18T12:36:09+00:00","og_image":[{"width":1200,"height":675,"url":"https:\/\/i0.wp.com\/newsestlyonnais.fr\/site\/wp-content\/uploads\/2020\/11\/NEWSESTLYONNAIS-TRAM-TCL.jpg?fit=1200%2C675&ssl=1","type":"image\/jpeg"}],"author":"R\u00e9dac. NEWS","twitter_card":"summary_large_image","twitter_misc":{"\u00c9crit par":"R\u00e9dac. NEWS","Dur\u00e9e de lecture estim\u00e9e":"2 minutes"},"schema":{"@context":"https:\/\/schema.org","@graph":[{"@type":"Article","@id":"https:\/\/newsestlyonnais.fr\/site\/2021\/01\/18\/covid-19-couvre-feu-national-le-sytral-adapte-loffre-du-reseau-tcl\/#article","isPartOf":{"@id":"https:\/\/newsestlyonnais.fr\/site\/2021\/01\/18\/covid-19-couvre-feu-national-le-sytral-adapte-loffre-du-reseau-tcl\/"},"author":{"name":"R\u00e9dac. NEWS","@id":"https:\/\/newsestlyonnais.fr\/site\/#\/schema\/person\/3230d5615f390bb808365d673001e887"},"headline":"Covid-19 &#038; couvre-feu national > le SYTRAL adapte l\u2019offre du r\u00e9seau TCL","datePublished":"2021-01-18T12:36:09+00:00","mainEntityOfPage":{"@id":"https:\/\/newsestlyonnais.fr\/site\/2021\/01\/18\/covid-19-couvre-feu-national-le-sytral-adapte-loffre-du-reseau-tcl\/"},"wordCount":362,"commentCount":0,"publisher":{"@id":"https:\/\/newsestlyonnais.fr\/site\/#organization"},"image":{"@id":"https:\/\/newsestlyonnais.fr\/site\/2021\/01\/18\/covid-19-couvre-feu-national-le-sytral-adapte-loffre-du-reseau-tcl\/#primaryimage"},"thumbnailUrl":"https:\/\/newsestlyonnais.fr\/site\/wp-content\/uploads\/2020\/11\/NEWSESTLYONNAIS-TRAM-TCL.jpg","keywords":["RESEAU TCL","SYTRAL","TRANSPORTS"],"articleSection":["Br\u00e8ves de l'Est lyonnais","Transports | Circulation"],"inLanguage":"fr-FR","potentialAction":[{"@type":"CommentAction","name":"Comment","target":["https:\/\/newsestlyonnais.fr\/site\/2021\/01\/18\/covid-19-couvre-feu-national-le-sytral-adapte-loffre-du-reseau-tcl\/#respond"]}]},{"@type":"WebPage","@id":"https:\/\/newsestlyonnais.fr\/site\/2021\/01\/18\/covid-19-couvre-feu-national-le-sytral-adapte-loffre-du-reseau-tcl\/","url":"https:\/\/newsestlyonnais.fr\/site\/2021\/01\/18\/covid-19-couvre-feu-national-le-sytral-adapte-loffre-du-reseau-tcl\/","name":"Covid-19 & couvre-feu national > le SYTRAL adapte l\u2019offre du r\u00e9seau TCL - News Est Lyonnais","isPartOf":{"@id":"https:\/\/newsestlyonnais.fr\/site\/#website"},"primaryImageOfPage":{"@id":"https:\/\/newsestlyonnais.fr\/site\/2021\/01\/18\/covid-19-couvre-feu-national-le-sytral-adapte-loffre-du-reseau-tcl\/#primaryimage"},"image":{"@id":"https:\/\/newsestlyonnais.fr\/site\/2021\/01\/18\/covid-19-couvre-feu-national-le-sytral-adapte-loffre-du-reseau-tcl\/#primaryimage"},"thumbnailUrl":"https:\/\/newsestlyonnais.fr\/site\/wp-content\/uploads\/2020\/11\/NEWSESTLYONNAIS-TRAM-TCL.jpg","datePublished":"2021-01-18T12:36:09+00:00","description":"Covid-19 & couvre-feu national > le SYTRAL adapte l\u2019offre du r\u00e9seau TCL","breadcrumb":{"@id":"https:\/\/newsestlyonnais.fr\/site\/2021\/01\/18\/covid-19-couvre-feu-national-le-sytral-adapte-loffre-du-reseau-tcl\/#breadcrumb"},"inLanguage":"fr-FR","potentialAction":[{"@type":"ReadAction","target":["https:\/\/newsestlyonnais.fr\/site\/2021\/01\/18\/covid-19-couvre-feu-national-le-sytral-adapte-loffre-du-reseau-tcl\/"]}]},{"@type":"ImageObject","inLanguage":"fr-FR","@id":"https:\/\/newsestlyonnais.fr\/site\/2021\/01\/18\/covid-19-couvre-feu-national-le-sytral-adapte-loffre-du-reseau-tcl\/#primaryimage","url":"https:\/\/newsestlyonnais.fr\/site\/wp-content\/uploads\/2020\/11\/NEWSESTLYONNAIS-TRAM-TCL.jpg","contentUrl":"https:\/\/newsestlyonnais.fr\/site\/wp-content\/uploads\/2020\/11\/NEWSESTLYONNAIS-TRAM-TCL.jpg","width":1200,"height":675},{"@type":"BreadcrumbList","@id":"https:\/\/newsestlyonnais.fr\/site\/2021\/01\/18\/covid-19-couvre-feu-national-le-sytral-adapte-loffre-du-reseau-tcl\/#breadcrumb","itemListElement":[{"@type":"ListItem","position":1,"name":"Accueil","item":"https:\/\/newsestlyonnais.fr\/site\/"},{"@type":"ListItem","position":2,"name":"Covid-19 &#038; couvre-feu national > le SYTRAL adapte l\u2019offre du r\u00e9seau TCL"}]},{"@type":"WebSite","@id":"https:\/\/newsestlyonnais.fr\/site\/#website","url":"https:\/\/newsestlyonnais.fr\/site\/","name":"News Est Lyonnais","description":"L&#039;actualit\u00e9 au plus pr\u00e8s","publisher":{"@id":"https:\/\/newsestlyonnais.fr\/site\/#organization"},"potentialAction":[{"@type":"SearchAction","target":{"@type":"EntryPoint","urlTemplate":"https:\/\/newsestlyonnais.fr\/site\/?s={search_term_string}"},"query-input":{"@type":"PropertyValueSpecification","valueRequired":true,"valueName":"search_term_string"}}],"inLanguage":"fr-FR"},{"@type":"Organization","@id":"https:\/\/newsestlyonnais.fr\/site\/#organization","name":"News EST LYONNAIS","url":"https:\/\/newsestlyonnais.fr\/site\/","logo":{"@type":"ImageObject","inLanguage":"fr-FR","@id":"https:\/\/newsestlyonnais.fr\/site\/#\/schema\/logo\/image\/","url":"","contentUrl":"","caption":"News EST LYONNAIS"},"image":{"@id":"https:\/\/newsestlyonnais.fr\/site\/#\/schema\/logo\/image\/"}},{"@type":"Person","@id":"https:\/\/newsestlyonnais.fr\/site\/#\/schema\/person\/3230d5615f390bb808365d673001e887","name":"R\u00e9dac. NEWS","sameAs":["http:\/\/www.newsestlyonnais.fr","https:\/\/www.facebook.com\/pascal.oberson.1?fref=ts","https:\/\/fr.linkedin.com\/in\/pascal-oberson-b17045113"],"url":"https:\/\/newsestlyonnais.fr\/site\/author\/nel\/"}]}},"_links":{"self":[{"href":"https:\/\/newsestlyonnais.fr\/site\/wp-json\/wp\/v2\/posts\/122742","targetHints":{"allow":["GET"]}}],"collection":[{"href":"https:\/\/newsestlyonnais.fr\/site\/wp-json\/wp\/v2\/posts"}],"about":[{"href":"https:\/\/newsestlyonnais.fr\/site\/wp-json\/wp\/v2\/types\/post"}],"author":[{"embeddable":true,"href":"https:\/\/newsestlyonnais.fr\/site\/wp-json\/wp\/v2\/users\/4"}],"replies":[{"embeddable":true,"href":"https:\/\/newsestlyonnais.fr\/site\/wp-json\/wp\/v2\/comments?post=122742"}],"version-history":[{"count":0,"href":"https:\/\/newsestlyonnais.fr\/site\/wp-json\/wp\/v2\/posts\/122742\/revisions"}],"wp:featuredmedia":[{"embeddable":true,"href":"https:\/\/newsestlyonnais.fr\/site\/wp-json\/wp\/v2\/media\/118325"}],"wp:attachment":[{"href":"https:\/\/newsestlyonnais.fr\/site\/wp-json\/wp\/v2\/media?parent=122742"}],"wp:term":[{"taxonomy":"category","embeddable":true,"href":"https:\/\/newsestlyonnais.fr\/site\/wp-json\/wp\/v2\/categories?post=122742"},{"taxonomy":"post_tag","embeddable":true,"href":"https:\/\/newsestlyonnais.fr\/site\/wp-json\/wp\/v2\/tags?post=122742"}],"curies":[{"name":"wp","href":"https:\/\/api.w.org\/{rel}","templated":true}]}}