{"id":122756,"date":"2021-01-19T07:33:28","date_gmt":"2021-01-19T06:33:28","guid":{"rendered":"http:\/\/newsestlyonnais.fr\/site\/?p=122756"},"modified":"2021-01-20T07:45:11","modified_gmt":"2021-01-20T06:45:11","slug":"lyon-competences-en-temps-partage-69-nous-avons-continue-en-distanciel-les-entretiens","status":"publish","type":"post","link":"https:\/\/newsestlyonnais.fr\/site\/2021\/01\/19\/lyon-competences-en-temps-partage-69-nous-avons-continue-en-distanciel-les-entretiens\/","title":{"rendered":"LYON | Comp\u00e9tences en Temps Partag\u00e9 69 \u00ab\u00a0on a continu\u00e9 en distanciel\u00a0\u00bb"},"content":{"rendered":"<p>En ce mardi, c\u2019est <strong>Jean-Fran\u00e7ois Mottet, Tr\u00e9sorier depuis 2014<\/strong><strong>, <\/strong>qui r\u00e9pond aux questions de la r\u00e9daction :<\/p>\n<hr \/>\n<ul>\n<li><strong><span style=\"font-size: 14pt;\"><span style=\"text-decoration: underline;\">Quelle est son activit\u00e9 principale et effectif actuel<\/span> ?<\/span> <\/strong><\/li>\n<\/ul>\n<p><strong>\u00bb <\/strong><strong>Association pr\u00e9sid\u00e9e par Pierre Canto depuis novembre 2020<\/strong><em>.<\/em><\/p>\n<p>Activit\u00e9 principale :<strong> Aide au retour \u00e0 l\u2019emploi<\/strong><em>. <\/em>Effectif \u00e0 ce jour<em> :<\/em> <strong>u<\/strong><strong>ne salari\u00e9e, une douzaine de b\u00e9n\u00e9voles dont une femme <\/strong>\u00ab.<\/p>\n<hr \/>\n<ul>\n<li><span style=\"font-size: 14pt;\"><strong><u>Comment s\u2019\u00e9tait pass\u00e9 le 1\u00b0 confinement et aviez vous mis du personnel au ch\u00f4mage<\/u><\/strong><\/span><strong><span style=\"font-size: 14pt;\"> ?<\/span> <\/strong><\/li>\n<\/ul>\n<p>\u00bb <strong>Le confinement s\u2019est relativement bien pass\u00e9<\/strong>, <strong>nous avons continu\u00e9 en distanciel les entretiens avec les gens en recherche d\u2019emploi<\/strong>, nous avons mis notre salari\u00e9e en t\u00e9l\u00e9travail \u00e0 son domicile \u00bb .<\/p>\n<ul>\n<li><span style=\"font-size: 14pt;\"><strong><u>Et la reprise des activit\u00e9s \u00e0 la rentr\u00e9e de septembre<\/u>\u00a0?<\/strong><\/span><\/li>\n<\/ul>\n<p>\u00bb Reprises des activit\u00e9s normales : r\u00e9unions et entretiens dans les locaux de l\u2019association mais avec masques, distances physiques et gel hydroalcoolique<strong><em> \u00bb.<\/em><\/strong><\/p>\n<ul>\n<li><span style=\"font-size: 14pt;\"><strong><span style=\"text-decoration: underline;\">Avez-vous connu depuis, une baisse de vos effectifs<\/span> ?<\/strong><\/span><\/li>\n<\/ul>\n<p>\u00bb Pas de baisse d\u2019effectifs en 2020 \u00bb.<\/p>\n<hr \/>\n<ul>\n<li><strong><em><u><span style=\"font-size: 14pt;\">Avez-vous \u00e9t\u00e9 contraints d\u2019annuler des \u00e9v\u00e8nements ?<\/span> <\/u><\/em><\/strong><\/li>\n<\/ul>\n<p>\u00bb Oui nous avons repouss\u00e9 notre assembl\u00e9e g\u00e9n\u00e9rale d\u2019avril 2020, elle s\u2019est finalement tenu en visio fin 2020 \u00bb.<\/p>\n<ul>\n<li><span style=\"font-size: 14pt;\"><strong><span style=\"text-decoration: underline;\">Comment se d\u00e9roule ce 2\u00b0 confinement<\/span> ?<\/strong><\/span><\/li>\n<\/ul>\n<p>\u00bb A nouveau en distanciel, salari\u00e9e en t\u00e9l\u00e9travail chez elle \u00bb.<\/p>\n<ul>\n<li><strong><u><span style=\"font-size: 14pt;\">Cons\u00e9quences financi\u00e8res ou autres ?<\/span> <\/u><\/strong><\/li>\n<\/ul>\n<p><strong><em>\u00bb <\/em>Une cons\u00e9quence sanitaire<\/strong> : deux b\u00e9n\u00e9voles et notre salari\u00e9e ont \u00e9t\u00e9 atteints par la covid 19 mais sans trop de gravit\u00e9, ils l\u2019ont contract\u00e9 en dehors de l\u2019association.<\/p>\n<p>Autre cons\u00e9quence :<strong> baisse de nos subventions mais nous ne savons pas si c\u2019est li\u00e9 \u00e0 la Covid 19 <em>\u00bb.<\/em><\/strong><\/p>\n<hr \/>\n<ul>\n<li><span style=\"font-size: 14pt;\"><span style=\"text-decoration: underline;\"><strong>Et pour conclure<\/strong><\/span> <strong>?<\/strong><\/span><\/li>\n<\/ul>\n<p>\u00bb <strong>Un grand merci pour votre initiative permettant \u00e0 notre association de se faire conna\u00eetre dans la r\u00e9gion lyonnaise<\/strong> \u00bb.<\/p>\n<hr \/>\n<hr \/>\n<p><img loading=\"lazy\" decoding=\"async\" class=\"alignleft wp-image-122758 size-full\" src=\"https:\/\/newsestlyonnais.fr\/site\/wp-content\/uploads\/2021\/01\/logo-ctp69-150px.png\" alt=\"\" width=\"168\" height=\"150\" data-attachment-id=\"122605\" data-permalink=\"https:\/\/newsestlyonnais.fr\/site\/2021\/01\/17\/genas-comite-des-fetes-tous-prets-pour-recommencer-les-activites\/newsestlyonnais-comite-des-fetes-genas-3\/\" data-orig-file=\"https:\/\/i1.wp.com\/newsestlyonnais.fr\/site\/wp-content\/uploads\/2021\/01\/NEWSESTLYONNAIS-COMITE-DES-FETES-GENAS.jpg?fit=250%2C150&amp;ssl=1\" data-orig-size=\"250,150\" data-comments-opened=\"1\" data-image-meta=\"{&quot;aperture&quot;:&quot;0&quot;,&quot;credit&quot;:&quot;&quot;,&quot;camera&quot;:&quot;&quot;,&quot;caption&quot;:&quot;&quot;,&quot;created_timestamp&quot;:&quot;0&quot;,&quot;copyright&quot;:&quot;&quot;,&quot;focal_length&quot;:&quot;0&quot;,&quot;iso&quot;:&quot;0&quot;,&quot;shutter_speed&quot;:&quot;0&quot;,&quot;title&quot;:&quot;&quot;,&quot;orientation&quot;:&quot;0&quot;}\" data-image-title=\"NEWSESTLYONNAIS \u2013 COMITE DES FETES GENAS\" data-image-description=\"\" data-medium-file=\"https:\/\/i1.wp.com\/newsestlyonnais.fr\/site\/wp-content\/uploads\/2021\/01\/NEWSESTLYONNAIS-COMITE-DES-FETES-GENAS.jpg?fit=250%2C150&amp;ssl=1\" data-large-file=\"https:\/\/i1.wp.com\/newsestlyonnais.fr\/site\/wp-content\/uploads\/2021\/01\/NEWSESTLYONNAIS-COMITE-DES-FETES-GENAS.jpg?fit=250%2C150&amp;ssl=1\" data-recalc-dims=\"1\" srcset=\"https:\/\/newsestlyonnais.fr\/site\/wp-content\/uploads\/2021\/01\/logo-ctp69-150px.png 168w, https:\/\/newsestlyonnais.fr\/site\/wp-content\/uploads\/2021\/01\/logo-ctp69-150px-150x134.png 150w, https:\/\/newsestlyonnais.fr\/site\/wp-content\/uploads\/2021\/01\/logo-ctp69-150px-50x45.png 50w, https:\/\/newsestlyonnais.fr\/site\/wp-content\/uploads\/2021\/01\/logo-ctp69-150px-100x89.png 100w\" sizes=\"auto, (max-width: 168px) 100vw, 168px\" \/><\/p>\n<ul>\n<li><\/li>\n<li><em><strong><span style=\"font-size: 14pt;\">Espace Benoist-Mary \/ 25 rue des Foss\u00e9s de Trion \/ Lyon 5<\/span> <\/strong><\/em><\/li>\n<li><em><strong>Contacts<\/strong><\/em> : <strong>T\u00e9l : 04.78.76.78.70 ou <span style=\"color: #0000ff;\"><a style=\"color: #0000ff;\" href=\"mailto:ctp69@ctpfrance.com\">ctp69@ctpfrance.com<\/a><\/span><\/strong><\/li>\n<li><strong><em>A <\/em><em>retrouver sur : <span style=\"color: #0000ff;\"><a style=\"color: #0000ff;\" href=\"https:\/\/www.ctpfrance.com\">https:\/\/www.ctpfrance.com<\/a><\/span><\/em><\/strong><\/li>\n<\/ul>\n<hr \/>\n<hr \/>\n<p>&nbsp;<\/p>\n","protected":false},"excerpt":{"rendered":"<p>1 jour, 1 association | Quotidiennement, une association est pr\u00e9sent\u00e9e par un de ses dirigeants.<\/p>\n","protected":false},"author":4,"featured_media":122784,"comment_status":"open","ping_status":"open","sticky":false,"template":"","format":"standard","meta":{"footnotes":""},"categories":[3420,10,214,1625],"tags":[3541,2077],"class_list":["post-122756","post","type-post","status-publish","format-standard","has-post-thumbnail","hentry","category-1-jour-1-association","category-emplois","category-emplois-infos-diverses","category-lyon","tag-competences-en-temps-partage-69","tag-lyon"],"yoast_head":"<!-- This site is optimized with the Yoast SEO plugin v27.2 - https:\/\/yoast.com\/product\/yoast-seo-wordpress\/ -->\n<title>LYON | Comp\u00e9tences en Temps Partag\u00e9 69 &quot;on a continu\u00e9 en distanciel&quot; - News Est Lyonnais<\/title>\n<meta name=\"description\" content=\"LYON | Comp\u00e9tences en Temps Partag\u00e9 69 &quot;nous avons continu\u00e9 en distanciel les entretiens&quot;\" \/>\n<meta name=\"robots\" content=\"index, follow, max-snippet:-1, max-image-preview:large, max-video-preview:-1\" \/>\n<link rel=\"canonical\" href=\"https:\/\/newsestlyonnais.fr\/site\/2021\/01\/19\/lyon-competences-en-temps-partage-69-nous-avons-continue-en-distanciel-les-entretiens\/\" \/>\n<meta property=\"og:locale\" content=\"fr_FR\" \/>\n<meta property=\"og:type\" content=\"article\" \/>\n<meta property=\"og:title\" content=\"LYON | Comp\u00e9tences en Temps Partag\u00e9 69 &quot;on a continu\u00e9 en distanciel&quot; - News Est Lyonnais\" \/>\n<meta property=\"og:description\" content=\"LYON | Comp\u00e9tences en Temps Partag\u00e9 69 &quot;nous avons continu\u00e9 en distanciel les entretiens&quot;\" \/>\n<meta property=\"og:url\" content=\"https:\/\/newsestlyonnais.fr\/site\/2021\/01\/19\/lyon-competences-en-temps-partage-69-nous-avons-continue-en-distanciel-les-entretiens\/\" \/>\n<meta property=\"og:site_name\" content=\"News Est Lyonnais\" \/>\n<meta property=\"article:author\" content=\"https:\/\/www.facebook.com\/pascal.oberson.1?fref=ts\" \/>\n<meta property=\"article:published_time\" content=\"2021-01-19T06:33:28+00:00\" \/>\n<meta property=\"article:modified_time\" content=\"2021-01-20T06:45:11+00:00\" \/>\n<meta property=\"og:image\" content=\"https:\/\/i2.wp.com\/newsestlyonnais.fr\/site\/wp-content\/uploads\/2021\/01\/CTP69-lyon-accompagnement-emploi.jpg?fit=1200%2C684&ssl=1\" \/>\n\t<meta property=\"og:image:width\" content=\"1200\" \/>\n\t<meta property=\"og:image:height\" content=\"684\" \/>\n\t<meta property=\"og:image:type\" content=\"image\/jpeg\" \/>\n<meta name=\"author\" content=\"R\u00e9dac. NEWS\" \/>\n<meta name=\"twitter:card\" content=\"summary_large_image\" \/>\n<meta name=\"twitter:label1\" content=\"\u00c9crit par\" \/>\n\t<meta name=\"twitter:data1\" content=\"R\u00e9dac. NEWS\" \/>\n\t<meta name=\"twitter:label2\" content=\"Dur\u00e9e de lecture estim\u00e9e\" \/>\n\t<meta name=\"twitter:data2\" content=\"2 minutes\" \/>\n<script type=\"application\/ld+json\" class=\"yoast-schema-graph\">{\"@context\":\"https:\/\/schema.org\",\"@graph\":[{\"@type\":\"Article\",\"@id\":\"https:\/\/newsestlyonnais.fr\/site\/2021\/01\/19\/lyon-competences-en-temps-partage-69-nous-avons-continue-en-distanciel-les-entretiens\/#article\",\"isPartOf\":{\"@id\":\"https:\/\/newsestlyonnais.fr\/site\/2021\/01\/19\/lyon-competences-en-temps-partage-69-nous-avons-continue-en-distanciel-les-entretiens\/\"},\"author\":{\"name\":\"R\u00e9dac. NEWS\",\"@id\":\"https:\/\/newsestlyonnais.fr\/site\/#\/schema\/person\/3230d5615f390bb808365d673001e887\"},\"headline\":\"LYON | Comp\u00e9tences en Temps Partag\u00e9 69 \u00ab\u00a0on a continu\u00e9 en distanciel\u00a0\u00bb\",\"datePublished\":\"2021-01-19T06:33:28+00:00\",\"dateModified\":\"2021-01-20T06:45:11+00:00\",\"mainEntityOfPage\":{\"@id\":\"https:\/\/newsestlyonnais.fr\/site\/2021\/01\/19\/lyon-competences-en-temps-partage-69-nous-avons-continue-en-distanciel-les-entretiens\/\"},\"wordCount\":315,\"commentCount\":0,\"publisher\":{\"@id\":\"https:\/\/newsestlyonnais.fr\/site\/#organization\"},\"image\":{\"@id\":\"https:\/\/newsestlyonnais.fr\/site\/2021\/01\/19\/lyon-competences-en-temps-partage-69-nous-avons-continue-en-distanciel-les-entretiens\/#primaryimage\"},\"thumbnailUrl\":\"https:\/\/newsestlyonnais.fr\/site\/wp-content\/uploads\/2021\/01\/CTP69-lyon-accompagnement-emploi.jpg\",\"keywords\":[\"Comp\u00e9tences en Temps Partag\u00e9 69\",\"LYON\"],\"articleSection\":[\"1 jour, 1 association\",\"Emplois\",\"Emplois (infos diverses)\",\"Lyon\"],\"inLanguage\":\"fr-FR\",\"potentialAction\":[{\"@type\":\"CommentAction\",\"name\":\"Comment\",\"target\":[\"https:\/\/newsestlyonnais.fr\/site\/2021\/01\/19\/lyon-competences-en-temps-partage-69-nous-avons-continue-en-distanciel-les-entretiens\/#respond\"]}]},{\"@type\":\"WebPage\",\"@id\":\"https:\/\/newsestlyonnais.fr\/site\/2021\/01\/19\/lyon-competences-en-temps-partage-69-nous-avons-continue-en-distanciel-les-entretiens\/\",\"url\":\"https:\/\/newsestlyonnais.fr\/site\/2021\/01\/19\/lyon-competences-en-temps-partage-69-nous-avons-continue-en-distanciel-les-entretiens\/\",\"name\":\"LYON | Comp\u00e9tences en Temps Partag\u00e9 69 \\\"on a continu\u00e9 en distanciel\\\" - News Est Lyonnais\",\"isPartOf\":{\"@id\":\"https:\/\/newsestlyonnais.fr\/site\/#website\"},\"primaryImageOfPage\":{\"@id\":\"https:\/\/newsestlyonnais.fr\/site\/2021\/01\/19\/lyon-competences-en-temps-partage-69-nous-avons-continue-en-distanciel-les-entretiens\/#primaryimage\"},\"image\":{\"@id\":\"https:\/\/newsestlyonnais.fr\/site\/2021\/01\/19\/lyon-competences-en-temps-partage-69-nous-avons-continue-en-distanciel-les-entretiens\/#primaryimage\"},\"thumbnailUrl\":\"https:\/\/newsestlyonnais.fr\/site\/wp-content\/uploads\/2021\/01\/CTP69-lyon-accompagnement-emploi.jpg\",\"datePublished\":\"2021-01-19T06:33:28+00:00\",\"dateModified\":\"2021-01-20T06:45:11+00:00\",\"description\":\"LYON | Comp\u00e9tences en Temps Partag\u00e9 69 \\\"nous avons continu\u00e9 en distanciel les entretiens\\\"\",\"breadcrumb\":{\"@id\":\"https:\/\/newsestlyonnais.fr\/site\/2021\/01\/19\/lyon-competences-en-temps-partage-69-nous-avons-continue-en-distanciel-les-entretiens\/#breadcrumb\"},\"inLanguage\":\"fr-FR\",\"potentialAction\":[{\"@type\":\"ReadAction\",\"target\":[\"https:\/\/newsestlyonnais.fr\/site\/2021\/01\/19\/lyon-competences-en-temps-partage-69-nous-avons-continue-en-distanciel-les-entretiens\/\"]}]},{\"@type\":\"ImageObject\",\"inLanguage\":\"fr-FR\",\"@id\":\"https:\/\/newsestlyonnais.fr\/site\/2021\/01\/19\/lyon-competences-en-temps-partage-69-nous-avons-continue-en-distanciel-les-entretiens\/#primaryimage\",\"url\":\"https:\/\/newsestlyonnais.fr\/site\/wp-content\/uploads\/2021\/01\/CTP69-lyon-accompagnement-emploi.jpg\",\"contentUrl\":\"https:\/\/newsestlyonnais.fr\/site\/wp-content\/uploads\/2021\/01\/CTP69-lyon-accompagnement-emploi.jpg\",\"width\":1200,\"height\":684},{\"@type\":\"BreadcrumbList\",\"@id\":\"https:\/\/newsestlyonnais.fr\/site\/2021\/01\/19\/lyon-competences-en-temps-partage-69-nous-avons-continue-en-distanciel-les-entretiens\/#breadcrumb\",\"itemListElement\":[{\"@type\":\"ListItem\",\"position\":1,\"name\":\"Accueil\",\"item\":\"https:\/\/newsestlyonnais.fr\/site\/\"},{\"@type\":\"ListItem\",\"position\":2,\"name\":\"LYON | Comp\u00e9tences en Temps Partag\u00e9 69 \u00ab\u00a0on a continu\u00e9 en distanciel\u00a0\u00bb\"}]},{\"@type\":\"WebSite\",\"@id\":\"https:\/\/newsestlyonnais.fr\/site\/#website\",\"url\":\"https:\/\/newsestlyonnais.fr\/site\/\",\"name\":\"News Est Lyonnais\",\"description\":\"L&#039;actualit\u00e9 au plus pr\u00e8s\",\"publisher\":{\"@id\":\"https:\/\/newsestlyonnais.fr\/site\/#organization\"},\"potentialAction\":[{\"@type\":\"SearchAction\",\"target\":{\"@type\":\"EntryPoint\",\"urlTemplate\":\"https:\/\/newsestlyonnais.fr\/site\/?s={search_term_string}\"},\"query-input\":{\"@type\":\"PropertyValueSpecification\",\"valueRequired\":true,\"valueName\":\"search_term_string\"}}],\"inLanguage\":\"fr-FR\"},{\"@type\":\"Organization\",\"@id\":\"https:\/\/newsestlyonnais.fr\/site\/#organization\",\"name\":\"News EST LYONNAIS\",\"url\":\"https:\/\/newsestlyonnais.fr\/site\/\",\"logo\":{\"@type\":\"ImageObject\",\"inLanguage\":\"fr-FR\",\"@id\":\"https:\/\/newsestlyonnais.fr\/site\/#\/schema\/logo\/image\/\",\"url\":\"\",\"contentUrl\":\"\",\"caption\":\"News EST LYONNAIS\"},\"image\":{\"@id\":\"https:\/\/newsestlyonnais.fr\/site\/#\/schema\/logo\/image\/\"}},{\"@type\":\"Person\",\"@id\":\"https:\/\/newsestlyonnais.fr\/site\/#\/schema\/person\/3230d5615f390bb808365d673001e887\",\"name\":\"R\u00e9dac. NEWS\",\"sameAs\":[\"http:\/\/www.newsestlyonnais.fr\",\"https:\/\/www.facebook.com\/pascal.oberson.1?fref=ts\",\"https:\/\/fr.linkedin.com\/in\/pascal-oberson-b17045113\"],\"url\":\"https:\/\/newsestlyonnais.fr\/site\/author\/nel\/\"}]}<\/script>\n<!-- \/ Yoast SEO plugin. -->","yoast_head_json":{"title":"LYON | Comp\u00e9tences en Temps Partag\u00e9 69 \"on a continu\u00e9 en distanciel\" - News Est Lyonnais","description":"LYON | Comp\u00e9tences en Temps Partag\u00e9 69 \"nous avons continu\u00e9 en distanciel les entretiens\"","robots":{"index":"index","follow":"follow","max-snippet":"max-snippet:-1","max-image-preview":"max-image-preview:large","max-video-preview":"max-video-preview:-1"},"canonical":"https:\/\/newsestlyonnais.fr\/site\/2021\/01\/19\/lyon-competences-en-temps-partage-69-nous-avons-continue-en-distanciel-les-entretiens\/","og_locale":"fr_FR","og_type":"article","og_title":"LYON | Comp\u00e9tences en Temps Partag\u00e9 69 \"on a continu\u00e9 en distanciel\" - News Est Lyonnais","og_description":"LYON | Comp\u00e9tences en Temps Partag\u00e9 69 \"nous avons continu\u00e9 en distanciel les entretiens\"","og_url":"https:\/\/newsestlyonnais.fr\/site\/2021\/01\/19\/lyon-competences-en-temps-partage-69-nous-avons-continue-en-distanciel-les-entretiens\/","og_site_name":"News Est Lyonnais","article_author":"https:\/\/www.facebook.com\/pascal.oberson.1?fref=ts","article_published_time":"2021-01-19T06:33:28+00:00","article_modified_time":"2021-01-20T06:45:11+00:00","og_image":[{"width":1200,"height":684,"url":"https:\/\/i2.wp.com\/newsestlyonnais.fr\/site\/wp-content\/uploads\/2021\/01\/CTP69-lyon-accompagnement-emploi.jpg?fit=1200%2C684&ssl=1","type":"image\/jpeg"}],"author":"R\u00e9dac. NEWS","twitter_card":"summary_large_image","twitter_misc":{"\u00c9crit par":"R\u00e9dac. NEWS","Dur\u00e9e de lecture estim\u00e9e":"2 minutes"},"schema":{"@context":"https:\/\/schema.org","@graph":[{"@type":"Article","@id":"https:\/\/newsestlyonnais.fr\/site\/2021\/01\/19\/lyon-competences-en-temps-partage-69-nous-avons-continue-en-distanciel-les-entretiens\/#article","isPartOf":{"@id":"https:\/\/newsestlyonnais.fr\/site\/2021\/01\/19\/lyon-competences-en-temps-partage-69-nous-avons-continue-en-distanciel-les-entretiens\/"},"author":{"name":"R\u00e9dac. NEWS","@id":"https:\/\/newsestlyonnais.fr\/site\/#\/schema\/person\/3230d5615f390bb808365d673001e887"},"headline":"LYON | Comp\u00e9tences en Temps Partag\u00e9 69 \u00ab\u00a0on a continu\u00e9 en distanciel\u00a0\u00bb","datePublished":"2021-01-19T06:33:28+00:00","dateModified":"2021-01-20T06:45:11+00:00","mainEntityOfPage":{"@id":"https:\/\/newsestlyonnais.fr\/site\/2021\/01\/19\/lyon-competences-en-temps-partage-69-nous-avons-continue-en-distanciel-les-entretiens\/"},"wordCount":315,"commentCount":0,"publisher":{"@id":"https:\/\/newsestlyonnais.fr\/site\/#organization"},"image":{"@id":"https:\/\/newsestlyonnais.fr\/site\/2021\/01\/19\/lyon-competences-en-temps-partage-69-nous-avons-continue-en-distanciel-les-entretiens\/#primaryimage"},"thumbnailUrl":"https:\/\/newsestlyonnais.fr\/site\/wp-content\/uploads\/2021\/01\/CTP69-lyon-accompagnement-emploi.jpg","keywords":["Comp\u00e9tences en Temps Partag\u00e9 69","LYON"],"articleSection":["1 jour, 1 association","Emplois","Emplois (infos diverses)","Lyon"],"inLanguage":"fr-FR","potentialAction":[{"@type":"CommentAction","name":"Comment","target":["https:\/\/newsestlyonnais.fr\/site\/2021\/01\/19\/lyon-competences-en-temps-partage-69-nous-avons-continue-en-distanciel-les-entretiens\/#respond"]}]},{"@type":"WebPage","@id":"https:\/\/newsestlyonnais.fr\/site\/2021\/01\/19\/lyon-competences-en-temps-partage-69-nous-avons-continue-en-distanciel-les-entretiens\/","url":"https:\/\/newsestlyonnais.fr\/site\/2021\/01\/19\/lyon-competences-en-temps-partage-69-nous-avons-continue-en-distanciel-les-entretiens\/","name":"LYON | Comp\u00e9tences en Temps Partag\u00e9 69 \"on a continu\u00e9 en distanciel\" - News Est Lyonnais","isPartOf":{"@id":"https:\/\/newsestlyonnais.fr\/site\/#website"},"primaryImageOfPage":{"@id":"https:\/\/newsestlyonnais.fr\/site\/2021\/01\/19\/lyon-competences-en-temps-partage-69-nous-avons-continue-en-distanciel-les-entretiens\/#primaryimage"},"image":{"@id":"https:\/\/newsestlyonnais.fr\/site\/2021\/01\/19\/lyon-competences-en-temps-partage-69-nous-avons-continue-en-distanciel-les-entretiens\/#primaryimage"},"thumbnailUrl":"https:\/\/newsestlyonnais.fr\/site\/wp-content\/uploads\/2021\/01\/CTP69-lyon-accompagnement-emploi.jpg","datePublished":"2021-01-19T06:33:28+00:00","dateModified":"2021-01-20T06:45:11+00:00","description":"LYON | Comp\u00e9tences en Temps Partag\u00e9 69 \"nous avons continu\u00e9 en distanciel les entretiens\"","breadcrumb":{"@id":"https:\/\/newsestlyonnais.fr\/site\/2021\/01\/19\/lyon-competences-en-temps-partage-69-nous-avons-continue-en-distanciel-les-entretiens\/#breadcrumb"},"inLanguage":"fr-FR","potentialAction":[{"@type":"ReadAction","target":["https:\/\/newsestlyonnais.fr\/site\/2021\/01\/19\/lyon-competences-en-temps-partage-69-nous-avons-continue-en-distanciel-les-entretiens\/"]}]},{"@type":"ImageObject","inLanguage":"fr-FR","@id":"https:\/\/newsestlyonnais.fr\/site\/2021\/01\/19\/lyon-competences-en-temps-partage-69-nous-avons-continue-en-distanciel-les-entretiens\/#primaryimage","url":"https:\/\/newsestlyonnais.fr\/site\/wp-content\/uploads\/2021\/01\/CTP69-lyon-accompagnement-emploi.jpg","contentUrl":"https:\/\/newsestlyonnais.fr\/site\/wp-content\/uploads\/2021\/01\/CTP69-lyon-accompagnement-emploi.jpg","width":1200,"height":684},{"@type":"BreadcrumbList","@id":"https:\/\/newsestlyonnais.fr\/site\/2021\/01\/19\/lyon-competences-en-temps-partage-69-nous-avons-continue-en-distanciel-les-entretiens\/#breadcrumb","itemListElement":[{"@type":"ListItem","position":1,"name":"Accueil","item":"https:\/\/newsestlyonnais.fr\/site\/"},{"@type":"ListItem","position":2,"name":"LYON | Comp\u00e9tences en Temps Partag\u00e9 69 \u00ab\u00a0on a continu\u00e9 en distanciel\u00a0\u00bb"}]},{"@type":"WebSite","@id":"https:\/\/newsestlyonnais.fr\/site\/#website","url":"https:\/\/newsestlyonnais.fr\/site\/","name":"News Est Lyonnais","description":"L&#039;actualit\u00e9 au plus pr\u00e8s","publisher":{"@id":"https:\/\/newsestlyonnais.fr\/site\/#organization"},"potentialAction":[{"@type":"SearchAction","target":{"@type":"EntryPoint","urlTemplate":"https:\/\/newsestlyonnais.fr\/site\/?s={search_term_string}"},"query-input":{"@type":"PropertyValueSpecification","valueRequired":true,"valueName":"search_term_string"}}],"inLanguage":"fr-FR"},{"@type":"Organization","@id":"https:\/\/newsestlyonnais.fr\/site\/#organization","name":"News EST LYONNAIS","url":"https:\/\/newsestlyonnais.fr\/site\/","logo":{"@type":"ImageObject","inLanguage":"fr-FR","@id":"https:\/\/newsestlyonnais.fr\/site\/#\/schema\/logo\/image\/","url":"","contentUrl":"","caption":"News EST LYONNAIS"},"image":{"@id":"https:\/\/newsestlyonnais.fr\/site\/#\/schema\/logo\/image\/"}},{"@type":"Person","@id":"https:\/\/newsestlyonnais.fr\/site\/#\/schema\/person\/3230d5615f390bb808365d673001e887","name":"R\u00e9dac. NEWS","sameAs":["http:\/\/www.newsestlyonnais.fr","https:\/\/www.facebook.com\/pascal.oberson.1?fref=ts","https:\/\/fr.linkedin.com\/in\/pascal-oberson-b17045113"],"url":"https:\/\/newsestlyonnais.fr\/site\/author\/nel\/"}]}},"_links":{"self":[{"href":"https:\/\/newsestlyonnais.fr\/site\/wp-json\/wp\/v2\/posts\/122756","targetHints":{"allow":["GET"]}}],"collection":[{"href":"https:\/\/newsestlyonnais.fr\/site\/wp-json\/wp\/v2\/posts"}],"about":[{"href":"https:\/\/newsestlyonnais.fr\/site\/wp-json\/wp\/v2\/types\/post"}],"author":[{"embeddable":true,"href":"https:\/\/newsestlyonnais.fr\/site\/wp-json\/wp\/v2\/users\/4"}],"replies":[{"embeddable":true,"href":"https:\/\/newsestlyonnais.fr\/site\/wp-json\/wp\/v2\/comments?post=122756"}],"version-history":[{"count":0,"href":"https:\/\/newsestlyonnais.fr\/site\/wp-json\/wp\/v2\/posts\/122756\/revisions"}],"wp:featuredmedia":[{"embeddable":true,"href":"https:\/\/newsestlyonnais.fr\/site\/wp-json\/wp\/v2\/media\/122784"}],"wp:attachment":[{"href":"https:\/\/newsestlyonnais.fr\/site\/wp-json\/wp\/v2\/media?parent=122756"}],"wp:term":[{"taxonomy":"category","embeddable":true,"href":"https:\/\/newsestlyonnais.fr\/site\/wp-json\/wp\/v2\/categories?post=122756"},{"taxonomy":"post_tag","embeddable":true,"href":"https:\/\/newsestlyonnais.fr\/site\/wp-json\/wp\/v2\/tags?post=122756"}],"curies":[{"name":"wp","href":"https:\/\/api.w.org\/{rel}","templated":true}]}}