{"id":122895,"date":"2021-01-21T07:45:59","date_gmt":"2021-01-21T06:45:59","guid":{"rendered":"http:\/\/newsestlyonnais.fr\/site\/?p=122895"},"modified":"2021-01-22T07:57:21","modified_gmt":"2021-01-22T06:57:21","slug":"meyzieu-start-wave-il-est-important-de-pouvoir-souder-nos-equipes","status":"publish","type":"post","link":"https:\/\/newsestlyonnais.fr\/site\/2021\/01\/21\/meyzieu-start-wave-il-est-important-de-pouvoir-souder-nos-equipes\/","title":{"rendered":"MEYZIEU | St&rsquo;Art Wave \u00ab\u00a0il est important de pouvoir souder nos \u00e9quipes\u00a0\u00bb"},"content":{"rendered":"<p>En ce jeudi, c\u2019est <strong>S\u00e9bastien Deblanc, co-fondateur et vice pr\u00e9sident de l&rsquo;association depuis le 17 janvier 2020, <\/strong>qui r\u00e9pond aux questions de la r\u00e9daction :<\/p>\n<hr \/>\n<ul>\n<li><span style=\"font-size: 14pt;\"><strong><u>Quelle est son activit\u00e9 et effectif actuel<\/u><\/strong><strong> ?<\/strong><\/span><\/li>\n<\/ul>\n<p>\u00bb <strong>Association St&rsquo;Art Wave<\/strong>, pr\u00e9sid\u00e9e par St\u00e9phane Brajus depuis le 17 Janvier 2020.<br \/>\nActivit\u00e9 principale : <strong>promouvoir l&rsquo;art et les artistes et les mobiliser sur les grands enjeux actuels du d\u00e9veloppement durable<\/strong>. Effectif \u00e0 ce jour : <strong>21 membres<\/strong> \u00ab.<\/p>\n<hr \/>\n<ul>\n<li><span style=\"font-size: 14pt;\"><strong><span style=\"text-decoration: underline;\">Comment s\u2019\u00e9tait pass\u00e9 le 1\u00b0 confinement et aviez vous mis du personnel au ch\u00f4mage<\/span> ?<\/strong><\/span><\/li>\n<\/ul>\n<p>\u00bb Le 1er confinement a \u00e9t\u00e9 un v\u00e9ritable coup d&rsquo;arr\u00eat pour nos activit\u00e9s. Nous n&rsquo;avons pas pu mener \u00e0 bien nos diff\u00e9rents ateliers d&rsquo;initiation et de formation artistiques. De plus, tous les \u00e9v\u00e9nements en partenariat avec la Mairie de Meyzieu dans lesquels nous \u00e9tions engag\u00e9s ont \u00e9t\u00e9 annul\u00e9s.<\/p>\n<p><strong>Cependant, notre association \u00e9tant jeune, il est important \u00e9galement de pouvoir souder nos \u00e9quipes<\/strong>.<br \/>\nNous avons utiliser cette tr\u00eave pour mettre en place plusieurs visio-conf\u00e9rence afin de r\u00e9\u00e9valuer nos objectifs, mettre en place des groupes de travail, et passer du bon temps entre nous, mieux se conna\u00eetre les uns, les autres \u00ab.<\/p>\n<hr \/>\n<ul>\n<li><span style=\"font-size: 14pt;\"><strong><span style=\"text-decoration: underline;\">Et la reprise des activit\u00e9s \u00e0 la rentr\u00e9e de septembre<\/span> ?<\/strong><\/span><\/li>\n<\/ul>\n<p>\u00bb La rentr\u00e9e de septembre s&rsquo;est d\u00e9roul\u00e9e avec un sentiment partag\u00e9.<\/p>\n<p>Tout d&rsquo;abord, nous avons \u00e9t\u00e9 tr\u00e8s satisfaits de notre participation au \u00ab Forum des associations \u00bb o\u00f9 nous avons pu pr\u00e9senter et faire d\u00e9couvrir notre association aux majolans puis <strong>frustr\u00e9s en m\u00eame temps de ne pas avoir de visibilit\u00e9 sur l&rsquo;organisation de nos activit\u00e9s et de programmer un peu au \u00ab jour le jour \u00ab.<\/strong><\/p>\n<ul>\n<li><span style=\"font-size: 14pt;\"><strong><span style=\"text-decoration: underline;\">Avez-vous connu depuis une baisse de vos effectifs<\/span> ?<\/strong><\/span><\/li>\n<\/ul>\n<p>\u00bb Non pas de baisse mais <strong>plut\u00f4t une hausse<\/strong>. <strong>Nos adh\u00e9rents se sentent toujours impliqu\u00e9s pour notre objectif et nos actions<\/strong> \u00ab.<\/p>\n<div data-canvas-width=\"576.6933333333335\">\n<hr \/>\n<\/div>\n<div data-canvas-width=\"535.861333333333\">\n<div data-canvas-width=\"413.3213333333334\">\n<ul>\n<li><strong><span style=\"font-size: 14pt;\"><span style=\"text-decoration: underline;\">Avez-vous \u00e9t\u00e9 contraints d\u2019annuler des \u00e9v\u00e8nements<\/span> ?<\/span> <\/strong><\/li>\n<\/ul>\n<p>\u00bb Oui, nous avions d\u00fb annuler plusieurs \u00e9v\u00e9nements programm\u00e9s avec la mairie de Meyzieu dont les 25 ans de la m\u00e9diath\u00e8que. Nous avons \u00e9galement du reporter notre assembl\u00e9e g\u00e9n\u00e9rale annuelle qui s&rsquo;est finalement d\u00e9roul\u00e9e en distanciel.<\/p>\n<p><strong>Nous avons aussi report\u00e9 des tournages vid\u00e9os qui devaient se d\u00e9rouler en fin d&rsquo;ann\u00e9e<\/strong> \u00ab.<\/p>\n<hr \/>\n<ul>\n<li><span style=\"font-size: 14pt;\"><strong><span style=\"text-decoration: underline;\">Comment se d\u00e9roule ce 2\u00b0 confinement<\/span> ?<\/strong><\/span><\/li>\n<\/ul>\n<p>\u00bb Ce deuxi\u00e8me confinement \u00e0 \u00e9t\u00e9 tr\u00e8s dur pour notre association. \u00c9tant une association culturelle, nos activit\u00e9s ont \u00e9t\u00e9 stopp\u00e9es \u00ab.<\/p>\n<ul>\n<li><span style=\"font-size: 14pt;\"><strong><span style=\"text-decoration: underline;\">Cons\u00e9quences financi\u00e8res ou autres<\/span> ?<\/strong><\/span><\/li>\n<\/ul>\n<p>\u00bb Les formations et activit\u00e9s pr\u00e9vues \u00e9tant annul\u00e9es ou report\u00e9es, <strong>nous \u00e9tions dans l&rsquo;obligation de revoir notre budget<\/strong>, les rentr\u00e9es de recettes li\u00e9es aux activit\u00e9 ne se faisant pas \u00ab.<\/p>\n<hr \/>\n<\/div>\n<\/div>\n<div data-canvas-width=\"535.861333333333\">\n<ul>\n<li><span style=\"font-size: 14pt;\"><strong><span style=\"text-decoration: underline;\">Un petit mot de conclusion<\/span> ?<\/strong><\/span><\/li>\n<\/ul>\n<p>\u00bb 2020 \u00e0 \u00e9t\u00e9 \u00e9prouvant pour notre association comme pour tous. Nous en avons tir\u00e9 des le\u00e7ons. <strong>Nous restons focus sur notre objectif plus forts que jamais<\/strong> \u00ab.<\/p>\n<hr \/>\n<h1 class=\"heading__title\"><img loading=\"lazy\" decoding=\"async\" class=\"alignleft wp-image-122906 size-thumbnail\" src=\"https:\/\/newsestlyonnais.fr\/site\/wp-content\/uploads\/2021\/01\/LOGO_SW_OR_FACEBOOK-250x250.jpg\" alt=\"\" width=\"150\" height=\"150\" data-attachment-id=\"122440\" data-permalink=\"https:\/\/newsestlyonnais.fr\/site\/2021\/01\/14\/meyzieu-avenir-bevato-sans-lassociation-300-enfants-sans-instruction\/avenir-bevato1\/\" data-orig-file=\"https:\/\/i2.wp.com\/newsestlyonnais.fr\/site\/wp-content\/uploads\/2021\/01\/AVENIR-BEVATO1-.jpg?fit=259%2C194&amp;ssl=1\" data-orig-size=\"259,194\" data-comments-opened=\"1\" data-image-meta=\"{&quot;aperture&quot;:&quot;0&quot;,&quot;credit&quot;:&quot;&quot;,&quot;camera&quot;:&quot;&quot;,&quot;caption&quot;:&quot;&quot;,&quot;created_timestamp&quot;:&quot;0&quot;,&quot;copyright&quot;:&quot;&quot;,&quot;focal_length&quot;:&quot;0&quot;,&quot;iso&quot;:&quot;0&quot;,&quot;shutter_speed&quot;:&quot;0&quot;,&quot;title&quot;:&quot;&quot;,&quot;orientation&quot;:&quot;0&quot;}\" data-image-title=\"AVENIR BEVATO(1)\" data-image-description=\"\" data-medium-file=\"https:\/\/i2.wp.com\/newsestlyonnais.fr\/site\/wp-content\/uploads\/2021\/01\/AVENIR-BEVATO1-.jpg?fit=259%2C194&amp;ssl=1\" data-large-file=\"https:\/\/i2.wp.com\/newsestlyonnais.fr\/site\/wp-content\/uploads\/2021\/01\/AVENIR-BEVATO1-.jpg?fit=259%2C194&amp;ssl=1\" data-recalc-dims=\"1\" srcset=\"https:\/\/newsestlyonnais.fr\/site\/wp-content\/uploads\/2021\/01\/LOGO_SW_OR_FACEBOOK-250x250.jpg 250w, https:\/\/newsestlyonnais.fr\/site\/wp-content\/uploads\/2021\/01\/LOGO_SW_OR_FACEBOOK-400x400.jpg 400w, https:\/\/newsestlyonnais.fr\/site\/wp-content\/uploads\/2021\/01\/LOGO_SW_OR_FACEBOOK-150x150.jpg 150w, https:\/\/newsestlyonnais.fr\/site\/wp-content\/uploads\/2021\/01\/LOGO_SW_OR_FACEBOOK-50x50.jpg 50w, https:\/\/newsestlyonnais.fr\/site\/wp-content\/uploads\/2021\/01\/LOGO_SW_OR_FACEBOOK-100x100.jpg 100w, https:\/\/newsestlyonnais.fr\/site\/wp-content\/uploads\/2021\/01\/LOGO_SW_OR_FACEBOOK-200x200.jpg 200w, https:\/\/newsestlyonnais.fr\/site\/wp-content\/uploads\/2021\/01\/LOGO_SW_OR_FACEBOOK-300x300.jpg 300w, https:\/\/newsestlyonnais.fr\/site\/wp-content\/uploads\/2021\/01\/LOGO_SW_OR_FACEBOOK-350x350.jpg 350w, https:\/\/newsestlyonnais.fr\/site\/wp-content\/uploads\/2021\/01\/LOGO_SW_OR_FACEBOOK-450x450.jpg 450w, https:\/\/newsestlyonnais.fr\/site\/wp-content\/uploads\/2021\/01\/LOGO_SW_OR_FACEBOOK.jpg 500w\" sizes=\"auto, (max-width: 150px) 100vw, 150px\" \/><em><span style=\"font-size: 14pt;\">Association ST&rsquo;ART WAVE \/ 51, rue Paul Arcis \/ Meyzieu<\/span><\/em><\/h1>\n<ul>\n<li><strong>Contacts<\/strong> : T\u00e9l : 06.20.56.04.75 ou<span class=\"d2edcug0 hpfvmrgz qv66sw1b c1et5uql rrkovp55 a8c37x1j keod5gw0 nxhoafnm aigsh9s9 d3f4x2em fe6kdd0r mau55g9w c8b282yb iv3no6db jq4qci2q a3bd9o3v knj5qynh oo9gr5id hzawbc8m\" dir=\"auto\" style=\"color: #0000ff;\"> <span class=\"d2edcug0 hpfvmrgz qv66sw1b c1et5uql rrkovp55 jq4qci2q a3bd9o3v knj5qynh py34i1dx\"><a class=\"oajrlxb2 g5ia77u1 qu0x051f esr5mh6w e9989ue4 r7d6kgcz rq0escxv nhd2j8a9 nc684nl6 p7hjln8o kvgmc6g5 cxmmr5t8 oygrvhab hcukyx3x jb3vyjys rz4wbd8a qt6c0cv9 a8nywdso i1ao9s8h esuyzwwr f1sip0of lzcic4wl py34i1dx gpro0wi8\" style=\"color: #0000ff;\" tabindex=\"0\" role=\"link\" href=\"mailto:startwave.asso@gmail.com\" target=\"_blank\" rel=\"noopener\">startwave.asso@gmail.com<\/a><\/span><\/span><\/li>\n<li><strong>A retrouver sur<\/strong> : <span style=\"color: #0000ff;\"><a style=\"color: #0000ff;\" href=\"https:\/\/www.facebook.com\/startwave.asso\">https:\/\/www.facebook.com\/startwave.asso<\/a><\/span><\/li>\n<\/ul>\n<hr \/>\n<\/div>\n<p>&nbsp;<\/p>\n<p>&nbsp;<\/p>\n<p>&nbsp;<\/p>\n<p>&nbsp;<\/p>\n","protected":false},"excerpt":{"rendered":"<p>1 jour, 1 association | Quotidiennement, une association est pr\u00e9sent\u00e9e par un de ses dirigeants.<\/p>\n","protected":false},"author":4,"featured_media":122909,"comment_status":"open","ping_status":"open","sticky":false,"template":"","format":"standard","meta":{"footnotes":""},"categories":[3420,24],"tags":[3544,2081,3542],"class_list":["post-122895","post","type-post","status-publish","format-standard","has-post-thumbnail","hentry","category-1-jour-1-association","category-meyzieu","tag-association","tag-meyzieu","tag-start-wave"],"yoast_head":"<!-- This site is optimized with the Yoast SEO plugin v27.2 - https:\/\/yoast.com\/product\/yoast-seo-wordpress\/ -->\n<title>MEYZIEU | St&#039;Art Wave &quot;il est important de pouvoir souder nos \u00e9quipes&quot; - News Est Lyonnais<\/title>\n<meta name=\"description\" content=\"MEYZIEU | St&#039;Art Wave &quot;il est important de pouvoir souder nos \u00e9quipes&quot;\" \/>\n<meta name=\"robots\" content=\"index, follow, max-snippet:-1, max-image-preview:large, max-video-preview:-1\" \/>\n<link rel=\"canonical\" href=\"https:\/\/newsestlyonnais.fr\/site\/2021\/01\/21\/meyzieu-start-wave-il-est-important-de-pouvoir-souder-nos-equipes\/\" \/>\n<meta property=\"og:locale\" content=\"fr_FR\" \/>\n<meta property=\"og:type\" content=\"article\" \/>\n<meta property=\"og:title\" content=\"MEYZIEU | St&#039;Art Wave &quot;il est important de pouvoir souder nos \u00e9quipes&quot; - News Est Lyonnais\" \/>\n<meta property=\"og:description\" content=\"MEYZIEU | St&#039;Art Wave &quot;il est important de pouvoir souder nos \u00e9quipes&quot;\" \/>\n<meta property=\"og:url\" content=\"https:\/\/newsestlyonnais.fr\/site\/2021\/01\/21\/meyzieu-start-wave-il-est-important-de-pouvoir-souder-nos-equipes\/\" \/>\n<meta property=\"og:site_name\" content=\"News Est Lyonnais\" \/>\n<meta property=\"article:author\" content=\"https:\/\/www.facebook.com\/pascal.oberson.1?fref=ts\" \/>\n<meta property=\"article:published_time\" content=\"2021-01-21T06:45:59+00:00\" \/>\n<meta property=\"article:modified_time\" content=\"2021-01-22T06:57:21+00:00\" \/>\n<meta property=\"og:image\" content=\"https:\/\/i1.wp.com\/newsestlyonnais.fr\/site\/wp-content\/uploads\/2021\/01\/201024_MG_6987.jpg?fit=391%2C586&ssl=1\" \/>\n\t<meta property=\"og:image:width\" content=\"391\" \/>\n\t<meta property=\"og:image:height\" content=\"586\" \/>\n\t<meta property=\"og:image:type\" content=\"image\/jpeg\" \/>\n<meta name=\"author\" content=\"R\u00e9dac. NEWS\" \/>\n<meta name=\"twitter:card\" content=\"summary_large_image\" \/>\n<meta name=\"twitter:label1\" content=\"\u00c9crit par\" \/>\n\t<meta name=\"twitter:data1\" content=\"R\u00e9dac. NEWS\" \/>\n\t<meta name=\"twitter:label2\" content=\"Dur\u00e9e de lecture estim\u00e9e\" \/>\n\t<meta name=\"twitter:data2\" content=\"3 minutes\" \/>\n<script type=\"application\/ld+json\" class=\"yoast-schema-graph\">{\"@context\":\"https:\/\/schema.org\",\"@graph\":[{\"@type\":\"Article\",\"@id\":\"https:\/\/newsestlyonnais.fr\/site\/2021\/01\/21\/meyzieu-start-wave-il-est-important-de-pouvoir-souder-nos-equipes\/#article\",\"isPartOf\":{\"@id\":\"https:\/\/newsestlyonnais.fr\/site\/2021\/01\/21\/meyzieu-start-wave-il-est-important-de-pouvoir-souder-nos-equipes\/\"},\"author\":{\"name\":\"R\u00e9dac. NEWS\",\"@id\":\"https:\/\/newsestlyonnais.fr\/site\/#\/schema\/person\/3230d5615f390bb808365d673001e887\"},\"headline\":\"MEYZIEU | St&rsquo;Art Wave \u00ab\u00a0il est important de pouvoir souder nos \u00e9quipes\u00a0\u00bb\",\"datePublished\":\"2021-01-21T06:45:59+00:00\",\"dateModified\":\"2021-01-22T06:57:21+00:00\",\"mainEntityOfPage\":{\"@id\":\"https:\/\/newsestlyonnais.fr\/site\/2021\/01\/21\/meyzieu-start-wave-il-est-important-de-pouvoir-souder-nos-equipes\/\"},\"wordCount\":524,\"commentCount\":0,\"publisher\":{\"@id\":\"https:\/\/newsestlyonnais.fr\/site\/#organization\"},\"image\":{\"@id\":\"https:\/\/newsestlyonnais.fr\/site\/2021\/01\/21\/meyzieu-start-wave-il-est-important-de-pouvoir-souder-nos-equipes\/#primaryimage\"},\"thumbnailUrl\":\"https:\/\/newsestlyonnais.fr\/site\/wp-content\/uploads\/2021\/01\/201024_MG_6987.jpg\",\"keywords\":[\"ASSOCIATION\",\"MEYZIEU\",\"ST\u2019ART WAVE\"],\"articleSection\":[\"1 jour, 1 association\",\"Meyzieu\"],\"inLanguage\":\"fr-FR\",\"potentialAction\":[{\"@type\":\"CommentAction\",\"name\":\"Comment\",\"target\":[\"https:\/\/newsestlyonnais.fr\/site\/2021\/01\/21\/meyzieu-start-wave-il-est-important-de-pouvoir-souder-nos-equipes\/#respond\"]}]},{\"@type\":\"WebPage\",\"@id\":\"https:\/\/newsestlyonnais.fr\/site\/2021\/01\/21\/meyzieu-start-wave-il-est-important-de-pouvoir-souder-nos-equipes\/\",\"url\":\"https:\/\/newsestlyonnais.fr\/site\/2021\/01\/21\/meyzieu-start-wave-il-est-important-de-pouvoir-souder-nos-equipes\/\",\"name\":\"MEYZIEU | St'Art Wave \\\"il est important de pouvoir souder nos \u00e9quipes\\\" - News Est Lyonnais\",\"isPartOf\":{\"@id\":\"https:\/\/newsestlyonnais.fr\/site\/#website\"},\"primaryImageOfPage\":{\"@id\":\"https:\/\/newsestlyonnais.fr\/site\/2021\/01\/21\/meyzieu-start-wave-il-est-important-de-pouvoir-souder-nos-equipes\/#primaryimage\"},\"image\":{\"@id\":\"https:\/\/newsestlyonnais.fr\/site\/2021\/01\/21\/meyzieu-start-wave-il-est-important-de-pouvoir-souder-nos-equipes\/#primaryimage\"},\"thumbnailUrl\":\"https:\/\/newsestlyonnais.fr\/site\/wp-content\/uploads\/2021\/01\/201024_MG_6987.jpg\",\"datePublished\":\"2021-01-21T06:45:59+00:00\",\"dateModified\":\"2021-01-22T06:57:21+00:00\",\"description\":\"MEYZIEU | St'Art Wave \\\"il est important de pouvoir souder nos \u00e9quipes\\\"\",\"breadcrumb\":{\"@id\":\"https:\/\/newsestlyonnais.fr\/site\/2021\/01\/21\/meyzieu-start-wave-il-est-important-de-pouvoir-souder-nos-equipes\/#breadcrumb\"},\"inLanguage\":\"fr-FR\",\"potentialAction\":[{\"@type\":\"ReadAction\",\"target\":[\"https:\/\/newsestlyonnais.fr\/site\/2021\/01\/21\/meyzieu-start-wave-il-est-important-de-pouvoir-souder-nos-equipes\/\"]}]},{\"@type\":\"ImageObject\",\"inLanguage\":\"fr-FR\",\"@id\":\"https:\/\/newsestlyonnais.fr\/site\/2021\/01\/21\/meyzieu-start-wave-il-est-important-de-pouvoir-souder-nos-equipes\/#primaryimage\",\"url\":\"https:\/\/newsestlyonnais.fr\/site\/wp-content\/uploads\/2021\/01\/201024_MG_6987.jpg\",\"contentUrl\":\"https:\/\/newsestlyonnais.fr\/site\/wp-content\/uploads\/2021\/01\/201024_MG_6987.jpg\",\"width\":391,\"height\":586},{\"@type\":\"BreadcrumbList\",\"@id\":\"https:\/\/newsestlyonnais.fr\/site\/2021\/01\/21\/meyzieu-start-wave-il-est-important-de-pouvoir-souder-nos-equipes\/#breadcrumb\",\"itemListElement\":[{\"@type\":\"ListItem\",\"position\":1,\"name\":\"Accueil\",\"item\":\"https:\/\/newsestlyonnais.fr\/site\/\"},{\"@type\":\"ListItem\",\"position\":2,\"name\":\"MEYZIEU | St&rsquo;Art Wave \u00ab\u00a0il est important de pouvoir souder nos \u00e9quipes\u00a0\u00bb\"}]},{\"@type\":\"WebSite\",\"@id\":\"https:\/\/newsestlyonnais.fr\/site\/#website\",\"url\":\"https:\/\/newsestlyonnais.fr\/site\/\",\"name\":\"News Est Lyonnais\",\"description\":\"L&#039;actualit\u00e9 au plus pr\u00e8s\",\"publisher\":{\"@id\":\"https:\/\/newsestlyonnais.fr\/site\/#organization\"},\"potentialAction\":[{\"@type\":\"SearchAction\",\"target\":{\"@type\":\"EntryPoint\",\"urlTemplate\":\"https:\/\/newsestlyonnais.fr\/site\/?s={search_term_string}\"},\"query-input\":{\"@type\":\"PropertyValueSpecification\",\"valueRequired\":true,\"valueName\":\"search_term_string\"}}],\"inLanguage\":\"fr-FR\"},{\"@type\":\"Organization\",\"@id\":\"https:\/\/newsestlyonnais.fr\/site\/#organization\",\"name\":\"News EST LYONNAIS\",\"url\":\"https:\/\/newsestlyonnais.fr\/site\/\",\"logo\":{\"@type\":\"ImageObject\",\"inLanguage\":\"fr-FR\",\"@id\":\"https:\/\/newsestlyonnais.fr\/site\/#\/schema\/logo\/image\/\",\"url\":\"\",\"contentUrl\":\"\",\"caption\":\"News EST LYONNAIS\"},\"image\":{\"@id\":\"https:\/\/newsestlyonnais.fr\/site\/#\/schema\/logo\/image\/\"}},{\"@type\":\"Person\",\"@id\":\"https:\/\/newsestlyonnais.fr\/site\/#\/schema\/person\/3230d5615f390bb808365d673001e887\",\"name\":\"R\u00e9dac. NEWS\",\"sameAs\":[\"http:\/\/www.newsestlyonnais.fr\",\"https:\/\/www.facebook.com\/pascal.oberson.1?fref=ts\",\"https:\/\/fr.linkedin.com\/in\/pascal-oberson-b17045113\"],\"url\":\"https:\/\/newsestlyonnais.fr\/site\/author\/nel\/\"}]}<\/script>\n<!-- \/ Yoast SEO plugin. -->","yoast_head_json":{"title":"MEYZIEU | St'Art Wave \"il est important de pouvoir souder nos \u00e9quipes\" - News Est Lyonnais","description":"MEYZIEU | St'Art Wave \"il est important de pouvoir souder nos \u00e9quipes\"","robots":{"index":"index","follow":"follow","max-snippet":"max-snippet:-1","max-image-preview":"max-image-preview:large","max-video-preview":"max-video-preview:-1"},"canonical":"https:\/\/newsestlyonnais.fr\/site\/2021\/01\/21\/meyzieu-start-wave-il-est-important-de-pouvoir-souder-nos-equipes\/","og_locale":"fr_FR","og_type":"article","og_title":"MEYZIEU | St'Art Wave \"il est important de pouvoir souder nos \u00e9quipes\" - News Est Lyonnais","og_description":"MEYZIEU | St'Art Wave \"il est important de pouvoir souder nos \u00e9quipes\"","og_url":"https:\/\/newsestlyonnais.fr\/site\/2021\/01\/21\/meyzieu-start-wave-il-est-important-de-pouvoir-souder-nos-equipes\/","og_site_name":"News Est Lyonnais","article_author":"https:\/\/www.facebook.com\/pascal.oberson.1?fref=ts","article_published_time":"2021-01-21T06:45:59+00:00","article_modified_time":"2021-01-22T06:57:21+00:00","og_image":[{"width":391,"height":586,"url":"https:\/\/i1.wp.com\/newsestlyonnais.fr\/site\/wp-content\/uploads\/2021\/01\/201024_MG_6987.jpg?fit=391%2C586&ssl=1","type":"image\/jpeg"}],"author":"R\u00e9dac. NEWS","twitter_card":"summary_large_image","twitter_misc":{"\u00c9crit par":"R\u00e9dac. NEWS","Dur\u00e9e de lecture estim\u00e9e":"3 minutes"},"schema":{"@context":"https:\/\/schema.org","@graph":[{"@type":"Article","@id":"https:\/\/newsestlyonnais.fr\/site\/2021\/01\/21\/meyzieu-start-wave-il-est-important-de-pouvoir-souder-nos-equipes\/#article","isPartOf":{"@id":"https:\/\/newsestlyonnais.fr\/site\/2021\/01\/21\/meyzieu-start-wave-il-est-important-de-pouvoir-souder-nos-equipes\/"},"author":{"name":"R\u00e9dac. NEWS","@id":"https:\/\/newsestlyonnais.fr\/site\/#\/schema\/person\/3230d5615f390bb808365d673001e887"},"headline":"MEYZIEU | St&rsquo;Art Wave \u00ab\u00a0il est important de pouvoir souder nos \u00e9quipes\u00a0\u00bb","datePublished":"2021-01-21T06:45:59+00:00","dateModified":"2021-01-22T06:57:21+00:00","mainEntityOfPage":{"@id":"https:\/\/newsestlyonnais.fr\/site\/2021\/01\/21\/meyzieu-start-wave-il-est-important-de-pouvoir-souder-nos-equipes\/"},"wordCount":524,"commentCount":0,"publisher":{"@id":"https:\/\/newsestlyonnais.fr\/site\/#organization"},"image":{"@id":"https:\/\/newsestlyonnais.fr\/site\/2021\/01\/21\/meyzieu-start-wave-il-est-important-de-pouvoir-souder-nos-equipes\/#primaryimage"},"thumbnailUrl":"https:\/\/newsestlyonnais.fr\/site\/wp-content\/uploads\/2021\/01\/201024_MG_6987.jpg","keywords":["ASSOCIATION","MEYZIEU","ST\u2019ART WAVE"],"articleSection":["1 jour, 1 association","Meyzieu"],"inLanguage":"fr-FR","potentialAction":[{"@type":"CommentAction","name":"Comment","target":["https:\/\/newsestlyonnais.fr\/site\/2021\/01\/21\/meyzieu-start-wave-il-est-important-de-pouvoir-souder-nos-equipes\/#respond"]}]},{"@type":"WebPage","@id":"https:\/\/newsestlyonnais.fr\/site\/2021\/01\/21\/meyzieu-start-wave-il-est-important-de-pouvoir-souder-nos-equipes\/","url":"https:\/\/newsestlyonnais.fr\/site\/2021\/01\/21\/meyzieu-start-wave-il-est-important-de-pouvoir-souder-nos-equipes\/","name":"MEYZIEU | St'Art Wave \"il est important de pouvoir souder nos \u00e9quipes\" - News Est Lyonnais","isPartOf":{"@id":"https:\/\/newsestlyonnais.fr\/site\/#website"},"primaryImageOfPage":{"@id":"https:\/\/newsestlyonnais.fr\/site\/2021\/01\/21\/meyzieu-start-wave-il-est-important-de-pouvoir-souder-nos-equipes\/#primaryimage"},"image":{"@id":"https:\/\/newsestlyonnais.fr\/site\/2021\/01\/21\/meyzieu-start-wave-il-est-important-de-pouvoir-souder-nos-equipes\/#primaryimage"},"thumbnailUrl":"https:\/\/newsestlyonnais.fr\/site\/wp-content\/uploads\/2021\/01\/201024_MG_6987.jpg","datePublished":"2021-01-21T06:45:59+00:00","dateModified":"2021-01-22T06:57:21+00:00","description":"MEYZIEU | St'Art Wave \"il est important de pouvoir souder nos \u00e9quipes\"","breadcrumb":{"@id":"https:\/\/newsestlyonnais.fr\/site\/2021\/01\/21\/meyzieu-start-wave-il-est-important-de-pouvoir-souder-nos-equipes\/#breadcrumb"},"inLanguage":"fr-FR","potentialAction":[{"@type":"ReadAction","target":["https:\/\/newsestlyonnais.fr\/site\/2021\/01\/21\/meyzieu-start-wave-il-est-important-de-pouvoir-souder-nos-equipes\/"]}]},{"@type":"ImageObject","inLanguage":"fr-FR","@id":"https:\/\/newsestlyonnais.fr\/site\/2021\/01\/21\/meyzieu-start-wave-il-est-important-de-pouvoir-souder-nos-equipes\/#primaryimage","url":"https:\/\/newsestlyonnais.fr\/site\/wp-content\/uploads\/2021\/01\/201024_MG_6987.jpg","contentUrl":"https:\/\/newsestlyonnais.fr\/site\/wp-content\/uploads\/2021\/01\/201024_MG_6987.jpg","width":391,"height":586},{"@type":"BreadcrumbList","@id":"https:\/\/newsestlyonnais.fr\/site\/2021\/01\/21\/meyzieu-start-wave-il-est-important-de-pouvoir-souder-nos-equipes\/#breadcrumb","itemListElement":[{"@type":"ListItem","position":1,"name":"Accueil","item":"https:\/\/newsestlyonnais.fr\/site\/"},{"@type":"ListItem","position":2,"name":"MEYZIEU | St&rsquo;Art Wave \u00ab\u00a0il est important de pouvoir souder nos \u00e9quipes\u00a0\u00bb"}]},{"@type":"WebSite","@id":"https:\/\/newsestlyonnais.fr\/site\/#website","url":"https:\/\/newsestlyonnais.fr\/site\/","name":"News Est Lyonnais","description":"L&#039;actualit\u00e9 au plus pr\u00e8s","publisher":{"@id":"https:\/\/newsestlyonnais.fr\/site\/#organization"},"potentialAction":[{"@type":"SearchAction","target":{"@type":"EntryPoint","urlTemplate":"https:\/\/newsestlyonnais.fr\/site\/?s={search_term_string}"},"query-input":{"@type":"PropertyValueSpecification","valueRequired":true,"valueName":"search_term_string"}}],"inLanguage":"fr-FR"},{"@type":"Organization","@id":"https:\/\/newsestlyonnais.fr\/site\/#organization","name":"News EST LYONNAIS","url":"https:\/\/newsestlyonnais.fr\/site\/","logo":{"@type":"ImageObject","inLanguage":"fr-FR","@id":"https:\/\/newsestlyonnais.fr\/site\/#\/schema\/logo\/image\/","url":"","contentUrl":"","caption":"News EST LYONNAIS"},"image":{"@id":"https:\/\/newsestlyonnais.fr\/site\/#\/schema\/logo\/image\/"}},{"@type":"Person","@id":"https:\/\/newsestlyonnais.fr\/site\/#\/schema\/person\/3230d5615f390bb808365d673001e887","name":"R\u00e9dac. NEWS","sameAs":["http:\/\/www.newsestlyonnais.fr","https:\/\/www.facebook.com\/pascal.oberson.1?fref=ts","https:\/\/fr.linkedin.com\/in\/pascal-oberson-b17045113"],"url":"https:\/\/newsestlyonnais.fr\/site\/author\/nel\/"}]}},"_links":{"self":[{"href":"https:\/\/newsestlyonnais.fr\/site\/wp-json\/wp\/v2\/posts\/122895","targetHints":{"allow":["GET"]}}],"collection":[{"href":"https:\/\/newsestlyonnais.fr\/site\/wp-json\/wp\/v2\/posts"}],"about":[{"href":"https:\/\/newsestlyonnais.fr\/site\/wp-json\/wp\/v2\/types\/post"}],"author":[{"embeddable":true,"href":"https:\/\/newsestlyonnais.fr\/site\/wp-json\/wp\/v2\/users\/4"}],"replies":[{"embeddable":true,"href":"https:\/\/newsestlyonnais.fr\/site\/wp-json\/wp\/v2\/comments?post=122895"}],"version-history":[{"count":0,"href":"https:\/\/newsestlyonnais.fr\/site\/wp-json\/wp\/v2\/posts\/122895\/revisions"}],"wp:featuredmedia":[{"embeddable":true,"href":"https:\/\/newsestlyonnais.fr\/site\/wp-json\/wp\/v2\/media\/122909"}],"wp:attachment":[{"href":"https:\/\/newsestlyonnais.fr\/site\/wp-json\/wp\/v2\/media?parent=122895"}],"wp:term":[{"taxonomy":"category","embeddable":true,"href":"https:\/\/newsestlyonnais.fr\/site\/wp-json\/wp\/v2\/categories?post=122895"},{"taxonomy":"post_tag","embeddable":true,"href":"https:\/\/newsestlyonnais.fr\/site\/wp-json\/wp\/v2\/tags?post=122895"}],"curies":[{"name":"wp","href":"https:\/\/api.w.org\/{rel}","templated":true}]}}