{"id":122929,"date":"2021-01-20T19:25:06","date_gmt":"2021-01-20T18:25:06","guid":{"rendered":"http:\/\/newsestlyonnais.fr\/site\/?p=122929"},"modified":"2021-02-01T11:56:56","modified_gmt":"2021-02-01T10:56:56","slug":"villeurbanne-un-week-end-velo-pour-le-secours-populaire-avec-lecov","status":"publish","type":"post","link":"https:\/\/newsestlyonnais.fr\/site\/2021\/01\/20\/villeurbanne-un-week-end-velo-pour-le-secours-populaire-avec-lecov\/","title":{"rendered":"VILLEURBANNE | Un week-end v\u00e9lo pour le Secours Populaire avec l&rsquo;ECOV"},"content":{"rendered":"<p>Au regard des difficult\u00e9s rencontr\u00e9es en cette p\u00e9riode sanitaire, l\u2019Entente Cycliste Olympique Villeurbannais (ECOV) a d\u00e9cid\u00e9 de lancer cette ann\u00e9e <strong>un challenge caritatif qui leur semble r\u00e9pondre &#8211; \u00e0 leur \u00e9chelle &#8211; \u00e0 ces 3 enjeux :<\/strong><\/p>\n<ul>\n<li>Celui de la sant\u00e9, car le sport d\u2019une fa\u00e7on g\u00e9n\u00e9rale et particuli\u00e8rement le cyclisme est une excellente fa\u00e7on de renforcer ses d\u00e9fenses humanitaires !<\/li>\n<li>Celui du collectif et des liens entre nous apr\u00e8s une ann\u00e9e compliqu\u00e9e pendant laquelle nous n\u2019avons pas toujours pu rouler entre amis, pendant laquelle quasiment aucune manifestation ne nous a r\u00e9uni (annulation du week-end club, du barbecue, de la galette des rois, des randos organis\u00e9es dans le d\u00e9partement, de beaucoup de comp\u00e9titions, du cyclo-cross, etc.)<\/li>\n<li>Celui de demeurer un acteur associatif important, bien int\u00e9gr\u00e9 et reconnu dans le milieu associatif Villeurbannais, et agir en cons\u00e9quence.<\/li>\n<\/ul>\n<p>\u00a0\u00bb <strong>Le principe est de faire rouler le maximum d\u2019Ecoviens pour ce challenge pendant lequel nous nous mobiliserons pour une belle cause<\/strong>. Au cours de ce challenge, <strong>l\u2019ECOV centralisera les dons, abondera les montants sur ses fonds propres et remettra un ch\u00e8que au <span style=\"color: #0000ff;\"><a style=\"color: #0000ff;\" href=\"https:\/\/www.secourspopulaire.fr\">Secours Populaire<\/a><\/span><\/strong> pour sa section villeurbannaise \u00a0\u00bb confie Gilles Negrignat, pr\u00e9sident du club.<\/p>\n<hr \/>\n<ul>\n<li><strong><em>Plus d&rsquo;infos sur cette action :<\/em> <a href=\"https:\/\/www.facebook.com\/ecovilleurbannais\"><span style=\"color: #0000ff;\">https:\/\/www.facebook.com\/ecovilleurbannais<\/span><\/a><\/strong><\/li>\n<\/ul>\n<hr \/>\n<hr \/>\n<p>&nbsp;<\/p>\n","protected":false},"excerpt":{"rendered":"<p>A cette occasion, une op\u00e9ration caritative sera mise en place \u00e0 la fin du mois, pour apporter un peu d&rsquo;aide et de bonheur aux plus d\u00e9munis.<\/p>\n","protected":false},"author":4,"featured_media":122933,"comment_status":"open","ping_status":"open","sticky":false,"template":"","format":"standard","meta":{"footnotes":""},"categories":[2969,18,29],"tags":[2145,3021,2008,2091],"class_list":["post-122929","post","type-post","status-publish","format-standard","has-post-thumbnail","hentry","category-cyclisme-cyclo-vtt","category-sante-bien-etre-solidarite","category-villeurbanne","tag-cyclo","tag-ecov","tag-solidarite","tag-villeurbanne"],"yoast_head":"<!-- This site is optimized with the Yoast SEO plugin v27.2 - https:\/\/yoast.com\/product\/yoast-seo-wordpress\/ -->\n<title>VILLEURBANNE | Un week-end v\u00e9lo pour le Secours Populaire avec l&#039;ECOV - News Est Lyonnais<\/title>\n<meta name=\"description\" content=\"VILLEURBANNE | Un week-end v\u00e9lo pour le Secours Populaire avec l&#039;ECOV\" \/>\n<meta name=\"robots\" content=\"index, follow, max-snippet:-1, max-image-preview:large, max-video-preview:-1\" \/>\n<link rel=\"canonical\" href=\"https:\/\/newsestlyonnais.fr\/site\/2021\/01\/20\/villeurbanne-un-week-end-velo-pour-le-secours-populaire-avec-lecov\/\" \/>\n<meta property=\"og:locale\" content=\"fr_FR\" \/>\n<meta property=\"og:type\" content=\"article\" \/>\n<meta property=\"og:title\" content=\"VILLEURBANNE | Un week-end v\u00e9lo pour le Secours Populaire avec l&#039;ECOV - News Est Lyonnais\" \/>\n<meta property=\"og:description\" content=\"VILLEURBANNE | Un week-end v\u00e9lo pour le Secours Populaire avec l&#039;ECOV\" \/>\n<meta property=\"og:url\" content=\"https:\/\/newsestlyonnais.fr\/site\/2021\/01\/20\/villeurbanne-un-week-end-velo-pour-le-secours-populaire-avec-lecov\/\" \/>\n<meta property=\"og:site_name\" content=\"News Est Lyonnais\" \/>\n<meta property=\"article:author\" content=\"https:\/\/www.facebook.com\/pascal.oberson.1?fref=ts\" \/>\n<meta property=\"article:published_time\" content=\"2021-01-20T18:25:06+00:00\" \/>\n<meta property=\"article:modified_time\" content=\"2021-02-01T10:56:56+00:00\" \/>\n<meta property=\"og:image\" content=\"https:\/\/i0.wp.com\/newsestlyonnais.fr\/site\/wp-content\/uploads\/2021\/01\/140357799_3400781466716589_1542177431651874434_o.jpg?fit=1200%2C846&ssl=1\" \/>\n\t<meta property=\"og:image:width\" content=\"1200\" \/>\n\t<meta property=\"og:image:height\" content=\"846\" \/>\n\t<meta property=\"og:image:type\" content=\"image\/jpeg\" \/>\n<meta name=\"author\" content=\"R\u00e9dac. NEWS\" \/>\n<meta name=\"twitter:card\" content=\"summary_large_image\" \/>\n<meta name=\"twitter:label1\" content=\"\u00c9crit par\" \/>\n\t<meta name=\"twitter:data1\" content=\"R\u00e9dac. NEWS\" \/>\n\t<meta name=\"twitter:label2\" content=\"Dur\u00e9e de lecture estim\u00e9e\" \/>\n\t<meta name=\"twitter:data2\" content=\"1 minute\" \/>\n<script type=\"application\/ld+json\" class=\"yoast-schema-graph\">{\"@context\":\"https:\/\/schema.org\",\"@graph\":[{\"@type\":\"Article\",\"@id\":\"https:\/\/newsestlyonnais.fr\/site\/2021\/01\/20\/villeurbanne-un-week-end-velo-pour-le-secours-populaire-avec-lecov\/#article\",\"isPartOf\":{\"@id\":\"https:\/\/newsestlyonnais.fr\/site\/2021\/01\/20\/villeurbanne-un-week-end-velo-pour-le-secours-populaire-avec-lecov\/\"},\"author\":{\"name\":\"R\u00e9dac. NEWS\",\"@id\":\"https:\/\/newsestlyonnais.fr\/site\/#\/schema\/person\/3230d5615f390bb808365d673001e887\"},\"headline\":\"VILLEURBANNE | Un week-end v\u00e9lo pour le Secours Populaire avec l&rsquo;ECOV\",\"datePublished\":\"2021-01-20T18:25:06+00:00\",\"dateModified\":\"2021-02-01T10:56:56+00:00\",\"mainEntityOfPage\":{\"@id\":\"https:\/\/newsestlyonnais.fr\/site\/2021\/01\/20\/villeurbanne-un-week-end-velo-pour-le-secours-populaire-avec-lecov\/\"},\"wordCount\":237,\"commentCount\":0,\"publisher\":{\"@id\":\"https:\/\/newsestlyonnais.fr\/site\/#organization\"},\"image\":{\"@id\":\"https:\/\/newsestlyonnais.fr\/site\/2021\/01\/20\/villeurbanne-un-week-end-velo-pour-le-secours-populaire-avec-lecov\/#primaryimage\"},\"thumbnailUrl\":\"https:\/\/newsestlyonnais.fr\/site\/wp-content\/uploads\/2021\/01\/140357799_3400781466716589_1542177431651874434_o.jpg\",\"keywords\":[\"CYCLO\",\"ECOV\",\"SOLIDARITE\",\"VILLEURBANNE\"],\"articleSection\":[\"Cyclisme | Cyclo | Vtt\",\"Sant\u00e9 | Bien Etre | Solidarit\u00e9\",\"Villeurbanne\"],\"inLanguage\":\"fr-FR\",\"potentialAction\":[{\"@type\":\"CommentAction\",\"name\":\"Comment\",\"target\":[\"https:\/\/newsestlyonnais.fr\/site\/2021\/01\/20\/villeurbanne-un-week-end-velo-pour-le-secours-populaire-avec-lecov\/#respond\"]}]},{\"@type\":\"WebPage\",\"@id\":\"https:\/\/newsestlyonnais.fr\/site\/2021\/01\/20\/villeurbanne-un-week-end-velo-pour-le-secours-populaire-avec-lecov\/\",\"url\":\"https:\/\/newsestlyonnais.fr\/site\/2021\/01\/20\/villeurbanne-un-week-end-velo-pour-le-secours-populaire-avec-lecov\/\",\"name\":\"VILLEURBANNE | Un week-end v\u00e9lo pour le Secours Populaire avec l'ECOV - News Est Lyonnais\",\"isPartOf\":{\"@id\":\"https:\/\/newsestlyonnais.fr\/site\/#website\"},\"primaryImageOfPage\":{\"@id\":\"https:\/\/newsestlyonnais.fr\/site\/2021\/01\/20\/villeurbanne-un-week-end-velo-pour-le-secours-populaire-avec-lecov\/#primaryimage\"},\"image\":{\"@id\":\"https:\/\/newsestlyonnais.fr\/site\/2021\/01\/20\/villeurbanne-un-week-end-velo-pour-le-secours-populaire-avec-lecov\/#primaryimage\"},\"thumbnailUrl\":\"https:\/\/newsestlyonnais.fr\/site\/wp-content\/uploads\/2021\/01\/140357799_3400781466716589_1542177431651874434_o.jpg\",\"datePublished\":\"2021-01-20T18:25:06+00:00\",\"dateModified\":\"2021-02-01T10:56:56+00:00\",\"description\":\"VILLEURBANNE | Un week-end v\u00e9lo pour le Secours Populaire avec l'ECOV\",\"breadcrumb\":{\"@id\":\"https:\/\/newsestlyonnais.fr\/site\/2021\/01\/20\/villeurbanne-un-week-end-velo-pour-le-secours-populaire-avec-lecov\/#breadcrumb\"},\"inLanguage\":\"fr-FR\",\"potentialAction\":[{\"@type\":\"ReadAction\",\"target\":[\"https:\/\/newsestlyonnais.fr\/site\/2021\/01\/20\/villeurbanne-un-week-end-velo-pour-le-secours-populaire-avec-lecov\/\"]}]},{\"@type\":\"ImageObject\",\"inLanguage\":\"fr-FR\",\"@id\":\"https:\/\/newsestlyonnais.fr\/site\/2021\/01\/20\/villeurbanne-un-week-end-velo-pour-le-secours-populaire-avec-lecov\/#primaryimage\",\"url\":\"https:\/\/newsestlyonnais.fr\/site\/wp-content\/uploads\/2021\/01\/140357799_3400781466716589_1542177431651874434_o.jpg\",\"contentUrl\":\"https:\/\/newsestlyonnais.fr\/site\/wp-content\/uploads\/2021\/01\/140357799_3400781466716589_1542177431651874434_o.jpg\",\"width\":1200,\"height\":846},{\"@type\":\"BreadcrumbList\",\"@id\":\"https:\/\/newsestlyonnais.fr\/site\/2021\/01\/20\/villeurbanne-un-week-end-velo-pour-le-secours-populaire-avec-lecov\/#breadcrumb\",\"itemListElement\":[{\"@type\":\"ListItem\",\"position\":1,\"name\":\"Accueil\",\"item\":\"https:\/\/newsestlyonnais.fr\/site\/\"},{\"@type\":\"ListItem\",\"position\":2,\"name\":\"VILLEURBANNE | Un week-end v\u00e9lo pour le Secours Populaire avec l&rsquo;ECOV\"}]},{\"@type\":\"WebSite\",\"@id\":\"https:\/\/newsestlyonnais.fr\/site\/#website\",\"url\":\"https:\/\/newsestlyonnais.fr\/site\/\",\"name\":\"News Est Lyonnais\",\"description\":\"L&#039;actualit\u00e9 au plus pr\u00e8s\",\"publisher\":{\"@id\":\"https:\/\/newsestlyonnais.fr\/site\/#organization\"},\"potentialAction\":[{\"@type\":\"SearchAction\",\"target\":{\"@type\":\"EntryPoint\",\"urlTemplate\":\"https:\/\/newsestlyonnais.fr\/site\/?s={search_term_string}\"},\"query-input\":{\"@type\":\"PropertyValueSpecification\",\"valueRequired\":true,\"valueName\":\"search_term_string\"}}],\"inLanguage\":\"fr-FR\"},{\"@type\":\"Organization\",\"@id\":\"https:\/\/newsestlyonnais.fr\/site\/#organization\",\"name\":\"News EST LYONNAIS\",\"url\":\"https:\/\/newsestlyonnais.fr\/site\/\",\"logo\":{\"@type\":\"ImageObject\",\"inLanguage\":\"fr-FR\",\"@id\":\"https:\/\/newsestlyonnais.fr\/site\/#\/schema\/logo\/image\/\",\"url\":\"\",\"contentUrl\":\"\",\"caption\":\"News EST LYONNAIS\"},\"image\":{\"@id\":\"https:\/\/newsestlyonnais.fr\/site\/#\/schema\/logo\/image\/\"}},{\"@type\":\"Person\",\"@id\":\"https:\/\/newsestlyonnais.fr\/site\/#\/schema\/person\/3230d5615f390bb808365d673001e887\",\"name\":\"R\u00e9dac. NEWS\",\"sameAs\":[\"http:\/\/www.newsestlyonnais.fr\",\"https:\/\/www.facebook.com\/pascal.oberson.1?fref=ts\",\"https:\/\/fr.linkedin.com\/in\/pascal-oberson-b17045113\"],\"url\":\"https:\/\/newsestlyonnais.fr\/site\/author\/nel\/\"}]}<\/script>\n<!-- \/ Yoast SEO plugin. -->","yoast_head_json":{"title":"VILLEURBANNE | Un week-end v\u00e9lo pour le Secours Populaire avec l'ECOV - News Est Lyonnais","description":"VILLEURBANNE | Un week-end v\u00e9lo pour le Secours Populaire avec l'ECOV","robots":{"index":"index","follow":"follow","max-snippet":"max-snippet:-1","max-image-preview":"max-image-preview:large","max-video-preview":"max-video-preview:-1"},"canonical":"https:\/\/newsestlyonnais.fr\/site\/2021\/01\/20\/villeurbanne-un-week-end-velo-pour-le-secours-populaire-avec-lecov\/","og_locale":"fr_FR","og_type":"article","og_title":"VILLEURBANNE | Un week-end v\u00e9lo pour le Secours Populaire avec l'ECOV - News Est Lyonnais","og_description":"VILLEURBANNE | Un week-end v\u00e9lo pour le Secours Populaire avec l'ECOV","og_url":"https:\/\/newsestlyonnais.fr\/site\/2021\/01\/20\/villeurbanne-un-week-end-velo-pour-le-secours-populaire-avec-lecov\/","og_site_name":"News Est Lyonnais","article_author":"https:\/\/www.facebook.com\/pascal.oberson.1?fref=ts","article_published_time":"2021-01-20T18:25:06+00:00","article_modified_time":"2021-02-01T10:56:56+00:00","og_image":[{"width":1200,"height":846,"url":"https:\/\/i0.wp.com\/newsestlyonnais.fr\/site\/wp-content\/uploads\/2021\/01\/140357799_3400781466716589_1542177431651874434_o.jpg?fit=1200%2C846&ssl=1","type":"image\/jpeg"}],"author":"R\u00e9dac. NEWS","twitter_card":"summary_large_image","twitter_misc":{"\u00c9crit par":"R\u00e9dac. NEWS","Dur\u00e9e de lecture estim\u00e9e":"1 minute"},"schema":{"@context":"https:\/\/schema.org","@graph":[{"@type":"Article","@id":"https:\/\/newsestlyonnais.fr\/site\/2021\/01\/20\/villeurbanne-un-week-end-velo-pour-le-secours-populaire-avec-lecov\/#article","isPartOf":{"@id":"https:\/\/newsestlyonnais.fr\/site\/2021\/01\/20\/villeurbanne-un-week-end-velo-pour-le-secours-populaire-avec-lecov\/"},"author":{"name":"R\u00e9dac. NEWS","@id":"https:\/\/newsestlyonnais.fr\/site\/#\/schema\/person\/3230d5615f390bb808365d673001e887"},"headline":"VILLEURBANNE | Un week-end v\u00e9lo pour le Secours Populaire avec l&rsquo;ECOV","datePublished":"2021-01-20T18:25:06+00:00","dateModified":"2021-02-01T10:56:56+00:00","mainEntityOfPage":{"@id":"https:\/\/newsestlyonnais.fr\/site\/2021\/01\/20\/villeurbanne-un-week-end-velo-pour-le-secours-populaire-avec-lecov\/"},"wordCount":237,"commentCount":0,"publisher":{"@id":"https:\/\/newsestlyonnais.fr\/site\/#organization"},"image":{"@id":"https:\/\/newsestlyonnais.fr\/site\/2021\/01\/20\/villeurbanne-un-week-end-velo-pour-le-secours-populaire-avec-lecov\/#primaryimage"},"thumbnailUrl":"https:\/\/newsestlyonnais.fr\/site\/wp-content\/uploads\/2021\/01\/140357799_3400781466716589_1542177431651874434_o.jpg","keywords":["CYCLO","ECOV","SOLIDARITE","VILLEURBANNE"],"articleSection":["Cyclisme | Cyclo | Vtt","Sant\u00e9 | Bien Etre | Solidarit\u00e9","Villeurbanne"],"inLanguage":"fr-FR","potentialAction":[{"@type":"CommentAction","name":"Comment","target":["https:\/\/newsestlyonnais.fr\/site\/2021\/01\/20\/villeurbanne-un-week-end-velo-pour-le-secours-populaire-avec-lecov\/#respond"]}]},{"@type":"WebPage","@id":"https:\/\/newsestlyonnais.fr\/site\/2021\/01\/20\/villeurbanne-un-week-end-velo-pour-le-secours-populaire-avec-lecov\/","url":"https:\/\/newsestlyonnais.fr\/site\/2021\/01\/20\/villeurbanne-un-week-end-velo-pour-le-secours-populaire-avec-lecov\/","name":"VILLEURBANNE | Un week-end v\u00e9lo pour le Secours Populaire avec l'ECOV - News Est Lyonnais","isPartOf":{"@id":"https:\/\/newsestlyonnais.fr\/site\/#website"},"primaryImageOfPage":{"@id":"https:\/\/newsestlyonnais.fr\/site\/2021\/01\/20\/villeurbanne-un-week-end-velo-pour-le-secours-populaire-avec-lecov\/#primaryimage"},"image":{"@id":"https:\/\/newsestlyonnais.fr\/site\/2021\/01\/20\/villeurbanne-un-week-end-velo-pour-le-secours-populaire-avec-lecov\/#primaryimage"},"thumbnailUrl":"https:\/\/newsestlyonnais.fr\/site\/wp-content\/uploads\/2021\/01\/140357799_3400781466716589_1542177431651874434_o.jpg","datePublished":"2021-01-20T18:25:06+00:00","dateModified":"2021-02-01T10:56:56+00:00","description":"VILLEURBANNE | Un week-end v\u00e9lo pour le Secours Populaire avec l'ECOV","breadcrumb":{"@id":"https:\/\/newsestlyonnais.fr\/site\/2021\/01\/20\/villeurbanne-un-week-end-velo-pour-le-secours-populaire-avec-lecov\/#breadcrumb"},"inLanguage":"fr-FR","potentialAction":[{"@type":"ReadAction","target":["https:\/\/newsestlyonnais.fr\/site\/2021\/01\/20\/villeurbanne-un-week-end-velo-pour-le-secours-populaire-avec-lecov\/"]}]},{"@type":"ImageObject","inLanguage":"fr-FR","@id":"https:\/\/newsestlyonnais.fr\/site\/2021\/01\/20\/villeurbanne-un-week-end-velo-pour-le-secours-populaire-avec-lecov\/#primaryimage","url":"https:\/\/newsestlyonnais.fr\/site\/wp-content\/uploads\/2021\/01\/140357799_3400781466716589_1542177431651874434_o.jpg","contentUrl":"https:\/\/newsestlyonnais.fr\/site\/wp-content\/uploads\/2021\/01\/140357799_3400781466716589_1542177431651874434_o.jpg","width":1200,"height":846},{"@type":"BreadcrumbList","@id":"https:\/\/newsestlyonnais.fr\/site\/2021\/01\/20\/villeurbanne-un-week-end-velo-pour-le-secours-populaire-avec-lecov\/#breadcrumb","itemListElement":[{"@type":"ListItem","position":1,"name":"Accueil","item":"https:\/\/newsestlyonnais.fr\/site\/"},{"@type":"ListItem","position":2,"name":"VILLEURBANNE | Un week-end v\u00e9lo pour le Secours Populaire avec l&rsquo;ECOV"}]},{"@type":"WebSite","@id":"https:\/\/newsestlyonnais.fr\/site\/#website","url":"https:\/\/newsestlyonnais.fr\/site\/","name":"News Est Lyonnais","description":"L&#039;actualit\u00e9 au plus pr\u00e8s","publisher":{"@id":"https:\/\/newsestlyonnais.fr\/site\/#organization"},"potentialAction":[{"@type":"SearchAction","target":{"@type":"EntryPoint","urlTemplate":"https:\/\/newsestlyonnais.fr\/site\/?s={search_term_string}"},"query-input":{"@type":"PropertyValueSpecification","valueRequired":true,"valueName":"search_term_string"}}],"inLanguage":"fr-FR"},{"@type":"Organization","@id":"https:\/\/newsestlyonnais.fr\/site\/#organization","name":"News EST LYONNAIS","url":"https:\/\/newsestlyonnais.fr\/site\/","logo":{"@type":"ImageObject","inLanguage":"fr-FR","@id":"https:\/\/newsestlyonnais.fr\/site\/#\/schema\/logo\/image\/","url":"","contentUrl":"","caption":"News EST LYONNAIS"},"image":{"@id":"https:\/\/newsestlyonnais.fr\/site\/#\/schema\/logo\/image\/"}},{"@type":"Person","@id":"https:\/\/newsestlyonnais.fr\/site\/#\/schema\/person\/3230d5615f390bb808365d673001e887","name":"R\u00e9dac. NEWS","sameAs":["http:\/\/www.newsestlyonnais.fr","https:\/\/www.facebook.com\/pascal.oberson.1?fref=ts","https:\/\/fr.linkedin.com\/in\/pascal-oberson-b17045113"],"url":"https:\/\/newsestlyonnais.fr\/site\/author\/nel\/"}]}},"_links":{"self":[{"href":"https:\/\/newsestlyonnais.fr\/site\/wp-json\/wp\/v2\/posts\/122929","targetHints":{"allow":["GET"]}}],"collection":[{"href":"https:\/\/newsestlyonnais.fr\/site\/wp-json\/wp\/v2\/posts"}],"about":[{"href":"https:\/\/newsestlyonnais.fr\/site\/wp-json\/wp\/v2\/types\/post"}],"author":[{"embeddable":true,"href":"https:\/\/newsestlyonnais.fr\/site\/wp-json\/wp\/v2\/users\/4"}],"replies":[{"embeddable":true,"href":"https:\/\/newsestlyonnais.fr\/site\/wp-json\/wp\/v2\/comments?post=122929"}],"version-history":[{"count":0,"href":"https:\/\/newsestlyonnais.fr\/site\/wp-json\/wp\/v2\/posts\/122929\/revisions"}],"wp:featuredmedia":[{"embeddable":true,"href":"https:\/\/newsestlyonnais.fr\/site\/wp-json\/wp\/v2\/media\/122933"}],"wp:attachment":[{"href":"https:\/\/newsestlyonnais.fr\/site\/wp-json\/wp\/v2\/media?parent=122929"}],"wp:term":[{"taxonomy":"category","embeddable":true,"href":"https:\/\/newsestlyonnais.fr\/site\/wp-json\/wp\/v2\/categories?post=122929"},{"taxonomy":"post_tag","embeddable":true,"href":"https:\/\/newsestlyonnais.fr\/site\/wp-json\/wp\/v2\/tags?post=122929"}],"curies":[{"name":"wp","href":"https:\/\/api.w.org\/{rel}","templated":true}]}}