{"id":123174,"date":"2021-01-25T06:35:38","date_gmt":"2021-01-25T05:35:38","guid":{"rendered":"http:\/\/newsestlyonnais.fr\/site\/?p=123174"},"modified":"2021-05-05T15:55:27","modified_gmt":"2021-05-05T14:55:27","slug":"saint-fons-bande-dessinee-autour-de-la-commune","status":"publish","type":"post","link":"https:\/\/newsestlyonnais.fr\/site\/2021\/01\/25\/saint-fons-bande-dessinee-autour-de-la-commune\/","title":{"rendered":"Saint-Fons | Bande dessin\u00e9e autour de la commune"},"content":{"rendered":"<p>Il sera une suite d\u2019histoires fictives reli\u00e9es entre elles et \u00e9crites \/ dessin\u00e9es par les Sainfoniards. Un bin\u00f4me issu de la r\u00e9gion lyonnaise sera pr\u00e9sent pour accompagner ce travail : <strong>le sc\u00e9nariste Swann Meralli<\/strong>, un urbanisme de formation qui s\u2019int\u00e9resse \u00e0 la parole des habitants, et<strong> Lo\u00efc Godart, un dessinateur<\/strong> de talent qui compte plusieurs albums remarqu\u00e9s \u00e0 son actif.<\/p>\n<p>Durant les<strong> nombreux ateliers \u00e0 la M\u00e9diath\u00e8que et dans la ville<\/strong>, destin\u00e9s \u00e0 la cr\u00e9ation de la bande dessin\u00e9e, anim\u00e9s et guid\u00e9s par Swann et Lo\u00efc, <strong>\u00e0 vous de choisir si vous pr\u00e9f\u00e9rez \u00eatre un scenariste, un dessinateur ou bien les deux.<\/strong> Tout est possible et imaginable, laissez libre cours \u00e0 votre imagination, votre cr\u00e9ativit\u00e9 ou vos talents.<\/p>\n<p>En parall\u00e8le, <strong>les \u00e9l\u00e8ves d\u2019une classe de 4\u00b0 du Coll\u00e8ge Alain<\/strong> r\u00e9aliseront des planches en bin\u00f4mes qui seront int\u00e9gr\u00e9es \u00e0 la BD, avec les interventions des deux artistes.<\/p>\n<p>Apr\u00e8s plusieurs mois \u00e0 laisser place \u00e0 leur cr\u00e9ativit\u00e9, les participants se verront offrir la bande dessin\u00e9e. <strong>Une exposition<\/strong>, pr\u00e9sentant plusieurs planches de la BD, <strong>sera install\u00e9e en mai dans le quartier des Clochettes et au-del\u00e0.<\/strong><\/p>\n<hr \/>\n<p><strong><span style=\"text-decoration: underline;\">Dates des \u00e9v\u00e8nements<\/span> :\u00a0 <\/strong><\/p>\n<ul>\n<li><strong>P\u2019TIT DEJ BD : <\/strong>Venez rencontrer Swann Meralli et Lo\u00efc Godart pour d\u00e9couvrir le projet \u00e0 Saint-Fons et les m\u00e9tiers de sc\u00e9nariste et dessinateur de BD ! <strong>Samedi 23 janvier<\/strong> &#8211; de 10h 30 \u00e0 12 h M\u00e9diath\u00e8que RMG. Lo\u00efc Godard r\u00e9alisera une fresque suprise \u00e0 la M\u00e9diath\u00e8que de 14 h \u00e0 17 h M\u00e9diath\u00e8que RMG<\/li>\n<li><strong>LA BD VIENT DANS MA RUE : <\/strong>Un dessin contre une histoire : <strong>Samedi 30 janvier &#8211; <\/strong>de 10 h \u00e0 12 h RDV place Durel. Balade dessin\u00e9e dans la ville. <strong>Samedi 6 f\u00e9vrier &#8211; <\/strong>de 10 h \u00e0 12 h RDV 4 chemins.<\/li>\n<li><strong>RACONTEZ SAINT-FONS EN BD : <\/strong>Des ateliers pour cr\u00e9er &#8211; Engagement sur trois ou six s\u00e9ances. <strong>Ateliers de sc\u00e9nario (<\/strong><strong>27 f\u00e9vrier, 6 mars, 13 mars &#8211;\u00a0<\/strong>de 14 h \u00e0 16 h A la M\u00e9diath\u00e8que des Clochettes). <strong>Ateliers de dessin (<\/strong><strong>20 mars, 27 mars, 3 avril &#8211; <\/strong>de 14 h \u00e0 16 h A la M\u00e9diath\u00e8que des Clochettes).<\/li>\n<li><strong>EXPOSITION DANS LES RUES DE SAINT-FONS : <\/strong>Inauguration festive place des Palabres &#8211; Accrochage des planches que vous aurez imagin\u00e9es avec les artistes ! <strong>Vendredi 21 mai &#8211; <\/strong>en fin d\u2019apr\u00e8s-midi \u00e0 partir de 16h<\/li>\n<\/ul>\n<hr \/>\n<p>+ D&rsquo;infos :<\/p>\n<ul>\n<li>\u00a0<strong>Site internet : <span style=\"color: #0000ff;\"><a style=\"color: #0000ff;\" href=\"http:\/\/www.mediatheque.saint-fons.fr\">http:\/\/www.mediatheque.saint-fons.fr<\/a><\/span><\/strong><\/li>\n<li>\u00a0<strong>Mail : mediatheque@saint-fons.fr<\/strong><\/li>\n<li>\u00a0<strong>Roger Martin du Gard (RMG) &#8211; Place Roger Salengro <\/strong><strong>T\u00e9l. 04 78 70 96 98<\/strong><\/li>\n<li>\u00a0<strong>Les Clochettes &#8211; Place du Pentacle <\/strong><strong>T\u00e9l. 04 78 67 80 83<\/strong><\/li>\n<\/ul>\n<hr \/>\n<hr \/>\n<p>&nbsp;<\/p>\n","protected":false},"excerpt":{"rendered":"<p>Pour l\u2019ann\u00e9e 2021, la M\u00e9diath\u00e8que a lanc\u00e9 ce projet d\u00e9marr\u00e9 ce samedi lors de la Nuit de la Lecture.<\/p>\n","protected":false},"author":4,"featured_media":123181,"comment_status":"open","ping_status":"open","sticky":false,"template":"","format":"standard","meta":{"footnotes":""},"categories":[3427,3003,2217,3329,2983,1297],"tags":[3550,2735,2096,2188],"class_list":["post-123174","post","type-post","status-publish","format-standard","has-post-thumbnail","hentry","category-arts-creatifs-dessin","category-bibliotheque-mediatheque-mjc","category-breves-de-lest-lyonnais","category-expos-foires-musees-salons","category-litterature-bd-mags-2","category-saint-fons","tag-bd","tag-expo","tag-mediatheque","tag-saint-fons"],"yoast_head":"<!-- This site is optimized with the Yoast SEO plugin v27.2 - https:\/\/yoast.com\/product\/yoast-seo-wordpress\/ -->\n<title>Saint-Fons | Bande dessin\u00e9e autour de la commune - News Est Lyonnais<\/title>\n<meta name=\"description\" content=\"SAINT-FONS | Bande dessin\u00e9e autour de la commune\" \/>\n<meta name=\"robots\" content=\"index, follow, max-snippet:-1, max-image-preview:large, max-video-preview:-1\" \/>\n<link rel=\"canonical\" href=\"https:\/\/newsestlyonnais.fr\/site\/2021\/01\/25\/saint-fons-bande-dessinee-autour-de-la-commune\/\" \/>\n<meta property=\"og:locale\" content=\"fr_FR\" \/>\n<meta property=\"og:type\" content=\"article\" \/>\n<meta property=\"og:title\" content=\"Saint-Fons | Bande dessin\u00e9e autour de la commune - News Est Lyonnais\" \/>\n<meta property=\"og:description\" content=\"SAINT-FONS | Bande dessin\u00e9e autour de la commune\" \/>\n<meta property=\"og:url\" content=\"https:\/\/newsestlyonnais.fr\/site\/2021\/01\/25\/saint-fons-bande-dessinee-autour-de-la-commune\/\" \/>\n<meta property=\"og:site_name\" content=\"News Est Lyonnais\" \/>\n<meta property=\"article:author\" content=\"https:\/\/www.facebook.com\/pascal.oberson.1?fref=ts\" \/>\n<meta property=\"article:published_time\" content=\"2021-01-25T05:35:38+00:00\" \/>\n<meta property=\"article:modified_time\" content=\"2021-05-05T14:55:27+00:00\" \/>\n<meta property=\"og:image\" content=\"https:\/\/i2.wp.com\/newsestlyonnais.fr\/site\/wp-content\/uploads\/2021\/01\/projet_bd_caroussel_site_2020.jpg?fit=1200%2C554&ssl=1\" \/>\n\t<meta property=\"og:image:width\" content=\"1200\" \/>\n\t<meta property=\"og:image:height\" content=\"554\" \/>\n\t<meta property=\"og:image:type\" content=\"image\/jpeg\" \/>\n<meta name=\"author\" content=\"R\u00e9dac. NEWS\" \/>\n<meta name=\"twitter:card\" content=\"summary_large_image\" \/>\n<meta name=\"twitter:label1\" content=\"\u00c9crit par\" \/>\n\t<meta name=\"twitter:data1\" content=\"R\u00e9dac. NEWS\" \/>\n\t<meta name=\"twitter:label2\" content=\"Dur\u00e9e de lecture estim\u00e9e\" \/>\n\t<meta name=\"twitter:data2\" content=\"2 minutes\" \/>\n<script type=\"application\/ld+json\" class=\"yoast-schema-graph\">{\"@context\":\"https:\/\/schema.org\",\"@graph\":[{\"@type\":\"Article\",\"@id\":\"https:\/\/newsestlyonnais.fr\/site\/2021\/01\/25\/saint-fons-bande-dessinee-autour-de-la-commune\/#article\",\"isPartOf\":{\"@id\":\"https:\/\/newsestlyonnais.fr\/site\/2021\/01\/25\/saint-fons-bande-dessinee-autour-de-la-commune\/\"},\"author\":{\"name\":\"R\u00e9dac. NEWS\",\"@id\":\"https:\/\/newsestlyonnais.fr\/site\/#\/schema\/person\/3230d5615f390bb808365d673001e887\"},\"headline\":\"Saint-Fons | Bande dessin\u00e9e autour de la commune\",\"datePublished\":\"2021-01-25T05:35:38+00:00\",\"dateModified\":\"2021-05-05T14:55:27+00:00\",\"mainEntityOfPage\":{\"@id\":\"https:\/\/newsestlyonnais.fr\/site\/2021\/01\/25\/saint-fons-bande-dessinee-autour-de-la-commune\/\"},\"wordCount\":430,\"commentCount\":0,\"publisher\":{\"@id\":\"https:\/\/newsestlyonnais.fr\/site\/#organization\"},\"image\":{\"@id\":\"https:\/\/newsestlyonnais.fr\/site\/2021\/01\/25\/saint-fons-bande-dessinee-autour-de-la-commune\/#primaryimage\"},\"thumbnailUrl\":\"https:\/\/newsestlyonnais.fr\/site\/wp-content\/uploads\/2021\/01\/projet_bd_caroussel_site_2020.jpg\",\"keywords\":[\"BD\",\"EXPO\",\"MEDIATHEQUE\",\"SAINT FONS\"],\"articleSection\":[\"Arts cr\u00e9atifs | Dessin\",\"Biblioth\u00e8que | M\u00e9diath\u00e8que | MJC\",\"Br\u00e8ves de l'Est lyonnais\",\"Expos | Foires | Mus\u00e9es | Salons\",\"Litt\u00e9rature | Bd | Mags\",\"Saint-Fons\"],\"inLanguage\":\"fr-FR\",\"potentialAction\":[{\"@type\":\"CommentAction\",\"name\":\"Comment\",\"target\":[\"https:\/\/newsestlyonnais.fr\/site\/2021\/01\/25\/saint-fons-bande-dessinee-autour-de-la-commune\/#respond\"]}]},{\"@type\":\"WebPage\",\"@id\":\"https:\/\/newsestlyonnais.fr\/site\/2021\/01\/25\/saint-fons-bande-dessinee-autour-de-la-commune\/\",\"url\":\"https:\/\/newsestlyonnais.fr\/site\/2021\/01\/25\/saint-fons-bande-dessinee-autour-de-la-commune\/\",\"name\":\"Saint-Fons | Bande dessin\u00e9e autour de la commune - News Est Lyonnais\",\"isPartOf\":{\"@id\":\"https:\/\/newsestlyonnais.fr\/site\/#website\"},\"primaryImageOfPage\":{\"@id\":\"https:\/\/newsestlyonnais.fr\/site\/2021\/01\/25\/saint-fons-bande-dessinee-autour-de-la-commune\/#primaryimage\"},\"image\":{\"@id\":\"https:\/\/newsestlyonnais.fr\/site\/2021\/01\/25\/saint-fons-bande-dessinee-autour-de-la-commune\/#primaryimage\"},\"thumbnailUrl\":\"https:\/\/newsestlyonnais.fr\/site\/wp-content\/uploads\/2021\/01\/projet_bd_caroussel_site_2020.jpg\",\"datePublished\":\"2021-01-25T05:35:38+00:00\",\"dateModified\":\"2021-05-05T14:55:27+00:00\",\"description\":\"SAINT-FONS | Bande dessin\u00e9e autour de la commune\",\"breadcrumb\":{\"@id\":\"https:\/\/newsestlyonnais.fr\/site\/2021\/01\/25\/saint-fons-bande-dessinee-autour-de-la-commune\/#breadcrumb\"},\"inLanguage\":\"fr-FR\",\"potentialAction\":[{\"@type\":\"ReadAction\",\"target\":[\"https:\/\/newsestlyonnais.fr\/site\/2021\/01\/25\/saint-fons-bande-dessinee-autour-de-la-commune\/\"]}]},{\"@type\":\"ImageObject\",\"inLanguage\":\"fr-FR\",\"@id\":\"https:\/\/newsestlyonnais.fr\/site\/2021\/01\/25\/saint-fons-bande-dessinee-autour-de-la-commune\/#primaryimage\",\"url\":\"https:\/\/newsestlyonnais.fr\/site\/wp-content\/uploads\/2021\/01\/projet_bd_caroussel_site_2020.jpg\",\"contentUrl\":\"https:\/\/newsestlyonnais.fr\/site\/wp-content\/uploads\/2021\/01\/projet_bd_caroussel_site_2020.jpg\",\"width\":1200,\"height\":554},{\"@type\":\"BreadcrumbList\",\"@id\":\"https:\/\/newsestlyonnais.fr\/site\/2021\/01\/25\/saint-fons-bande-dessinee-autour-de-la-commune\/#breadcrumb\",\"itemListElement\":[{\"@type\":\"ListItem\",\"position\":1,\"name\":\"Accueil\",\"item\":\"https:\/\/newsestlyonnais.fr\/site\/\"},{\"@type\":\"ListItem\",\"position\":2,\"name\":\"Saint-Fons | Bande dessin\u00e9e autour de la commune\"}]},{\"@type\":\"WebSite\",\"@id\":\"https:\/\/newsestlyonnais.fr\/site\/#website\",\"url\":\"https:\/\/newsestlyonnais.fr\/site\/\",\"name\":\"News Est Lyonnais\",\"description\":\"L&#039;actualit\u00e9 au plus pr\u00e8s\",\"publisher\":{\"@id\":\"https:\/\/newsestlyonnais.fr\/site\/#organization\"},\"potentialAction\":[{\"@type\":\"SearchAction\",\"target\":{\"@type\":\"EntryPoint\",\"urlTemplate\":\"https:\/\/newsestlyonnais.fr\/site\/?s={search_term_string}\"},\"query-input\":{\"@type\":\"PropertyValueSpecification\",\"valueRequired\":true,\"valueName\":\"search_term_string\"}}],\"inLanguage\":\"fr-FR\"},{\"@type\":\"Organization\",\"@id\":\"https:\/\/newsestlyonnais.fr\/site\/#organization\",\"name\":\"News EST LYONNAIS\",\"url\":\"https:\/\/newsestlyonnais.fr\/site\/\",\"logo\":{\"@type\":\"ImageObject\",\"inLanguage\":\"fr-FR\",\"@id\":\"https:\/\/newsestlyonnais.fr\/site\/#\/schema\/logo\/image\/\",\"url\":\"\",\"contentUrl\":\"\",\"caption\":\"News EST LYONNAIS\"},\"image\":{\"@id\":\"https:\/\/newsestlyonnais.fr\/site\/#\/schema\/logo\/image\/\"}},{\"@type\":\"Person\",\"@id\":\"https:\/\/newsestlyonnais.fr\/site\/#\/schema\/person\/3230d5615f390bb808365d673001e887\",\"name\":\"R\u00e9dac. NEWS\",\"sameAs\":[\"http:\/\/www.newsestlyonnais.fr\",\"https:\/\/www.facebook.com\/pascal.oberson.1?fref=ts\",\"https:\/\/fr.linkedin.com\/in\/pascal-oberson-b17045113\"],\"url\":\"https:\/\/newsestlyonnais.fr\/site\/author\/nel\/\"}]}<\/script>\n<!-- \/ Yoast SEO plugin. -->","yoast_head_json":{"title":"Saint-Fons | Bande dessin\u00e9e autour de la commune - News Est Lyonnais","description":"SAINT-FONS | Bande dessin\u00e9e autour de la commune","robots":{"index":"index","follow":"follow","max-snippet":"max-snippet:-1","max-image-preview":"max-image-preview:large","max-video-preview":"max-video-preview:-1"},"canonical":"https:\/\/newsestlyonnais.fr\/site\/2021\/01\/25\/saint-fons-bande-dessinee-autour-de-la-commune\/","og_locale":"fr_FR","og_type":"article","og_title":"Saint-Fons | Bande dessin\u00e9e autour de la commune - News Est Lyonnais","og_description":"SAINT-FONS | Bande dessin\u00e9e autour de la commune","og_url":"https:\/\/newsestlyonnais.fr\/site\/2021\/01\/25\/saint-fons-bande-dessinee-autour-de-la-commune\/","og_site_name":"News Est Lyonnais","article_author":"https:\/\/www.facebook.com\/pascal.oberson.1?fref=ts","article_published_time":"2021-01-25T05:35:38+00:00","article_modified_time":"2021-05-05T14:55:27+00:00","og_image":[{"width":1200,"height":554,"url":"https:\/\/i2.wp.com\/newsestlyonnais.fr\/site\/wp-content\/uploads\/2021\/01\/projet_bd_caroussel_site_2020.jpg?fit=1200%2C554&ssl=1","type":"image\/jpeg"}],"author":"R\u00e9dac. NEWS","twitter_card":"summary_large_image","twitter_misc":{"\u00c9crit par":"R\u00e9dac. NEWS","Dur\u00e9e de lecture estim\u00e9e":"2 minutes"},"schema":{"@context":"https:\/\/schema.org","@graph":[{"@type":"Article","@id":"https:\/\/newsestlyonnais.fr\/site\/2021\/01\/25\/saint-fons-bande-dessinee-autour-de-la-commune\/#article","isPartOf":{"@id":"https:\/\/newsestlyonnais.fr\/site\/2021\/01\/25\/saint-fons-bande-dessinee-autour-de-la-commune\/"},"author":{"name":"R\u00e9dac. NEWS","@id":"https:\/\/newsestlyonnais.fr\/site\/#\/schema\/person\/3230d5615f390bb808365d673001e887"},"headline":"Saint-Fons | Bande dessin\u00e9e autour de la commune","datePublished":"2021-01-25T05:35:38+00:00","dateModified":"2021-05-05T14:55:27+00:00","mainEntityOfPage":{"@id":"https:\/\/newsestlyonnais.fr\/site\/2021\/01\/25\/saint-fons-bande-dessinee-autour-de-la-commune\/"},"wordCount":430,"commentCount":0,"publisher":{"@id":"https:\/\/newsestlyonnais.fr\/site\/#organization"},"image":{"@id":"https:\/\/newsestlyonnais.fr\/site\/2021\/01\/25\/saint-fons-bande-dessinee-autour-de-la-commune\/#primaryimage"},"thumbnailUrl":"https:\/\/newsestlyonnais.fr\/site\/wp-content\/uploads\/2021\/01\/projet_bd_caroussel_site_2020.jpg","keywords":["BD","EXPO","MEDIATHEQUE","SAINT FONS"],"articleSection":["Arts cr\u00e9atifs | Dessin","Biblioth\u00e8que | M\u00e9diath\u00e8que | MJC","Br\u00e8ves de l'Est lyonnais","Expos | Foires | Mus\u00e9es | Salons","Litt\u00e9rature | Bd | Mags","Saint-Fons"],"inLanguage":"fr-FR","potentialAction":[{"@type":"CommentAction","name":"Comment","target":["https:\/\/newsestlyonnais.fr\/site\/2021\/01\/25\/saint-fons-bande-dessinee-autour-de-la-commune\/#respond"]}]},{"@type":"WebPage","@id":"https:\/\/newsestlyonnais.fr\/site\/2021\/01\/25\/saint-fons-bande-dessinee-autour-de-la-commune\/","url":"https:\/\/newsestlyonnais.fr\/site\/2021\/01\/25\/saint-fons-bande-dessinee-autour-de-la-commune\/","name":"Saint-Fons | Bande dessin\u00e9e autour de la commune - News Est Lyonnais","isPartOf":{"@id":"https:\/\/newsestlyonnais.fr\/site\/#website"},"primaryImageOfPage":{"@id":"https:\/\/newsestlyonnais.fr\/site\/2021\/01\/25\/saint-fons-bande-dessinee-autour-de-la-commune\/#primaryimage"},"image":{"@id":"https:\/\/newsestlyonnais.fr\/site\/2021\/01\/25\/saint-fons-bande-dessinee-autour-de-la-commune\/#primaryimage"},"thumbnailUrl":"https:\/\/newsestlyonnais.fr\/site\/wp-content\/uploads\/2021\/01\/projet_bd_caroussel_site_2020.jpg","datePublished":"2021-01-25T05:35:38+00:00","dateModified":"2021-05-05T14:55:27+00:00","description":"SAINT-FONS | Bande dessin\u00e9e autour de la commune","breadcrumb":{"@id":"https:\/\/newsestlyonnais.fr\/site\/2021\/01\/25\/saint-fons-bande-dessinee-autour-de-la-commune\/#breadcrumb"},"inLanguage":"fr-FR","potentialAction":[{"@type":"ReadAction","target":["https:\/\/newsestlyonnais.fr\/site\/2021\/01\/25\/saint-fons-bande-dessinee-autour-de-la-commune\/"]}]},{"@type":"ImageObject","inLanguage":"fr-FR","@id":"https:\/\/newsestlyonnais.fr\/site\/2021\/01\/25\/saint-fons-bande-dessinee-autour-de-la-commune\/#primaryimage","url":"https:\/\/newsestlyonnais.fr\/site\/wp-content\/uploads\/2021\/01\/projet_bd_caroussel_site_2020.jpg","contentUrl":"https:\/\/newsestlyonnais.fr\/site\/wp-content\/uploads\/2021\/01\/projet_bd_caroussel_site_2020.jpg","width":1200,"height":554},{"@type":"BreadcrumbList","@id":"https:\/\/newsestlyonnais.fr\/site\/2021\/01\/25\/saint-fons-bande-dessinee-autour-de-la-commune\/#breadcrumb","itemListElement":[{"@type":"ListItem","position":1,"name":"Accueil","item":"https:\/\/newsestlyonnais.fr\/site\/"},{"@type":"ListItem","position":2,"name":"Saint-Fons | Bande dessin\u00e9e autour de la commune"}]},{"@type":"WebSite","@id":"https:\/\/newsestlyonnais.fr\/site\/#website","url":"https:\/\/newsestlyonnais.fr\/site\/","name":"News Est Lyonnais","description":"L&#039;actualit\u00e9 au plus pr\u00e8s","publisher":{"@id":"https:\/\/newsestlyonnais.fr\/site\/#organization"},"potentialAction":[{"@type":"SearchAction","target":{"@type":"EntryPoint","urlTemplate":"https:\/\/newsestlyonnais.fr\/site\/?s={search_term_string}"},"query-input":{"@type":"PropertyValueSpecification","valueRequired":true,"valueName":"search_term_string"}}],"inLanguage":"fr-FR"},{"@type":"Organization","@id":"https:\/\/newsestlyonnais.fr\/site\/#organization","name":"News EST LYONNAIS","url":"https:\/\/newsestlyonnais.fr\/site\/","logo":{"@type":"ImageObject","inLanguage":"fr-FR","@id":"https:\/\/newsestlyonnais.fr\/site\/#\/schema\/logo\/image\/","url":"","contentUrl":"","caption":"News EST LYONNAIS"},"image":{"@id":"https:\/\/newsestlyonnais.fr\/site\/#\/schema\/logo\/image\/"}},{"@type":"Person","@id":"https:\/\/newsestlyonnais.fr\/site\/#\/schema\/person\/3230d5615f390bb808365d673001e887","name":"R\u00e9dac. NEWS","sameAs":["http:\/\/www.newsestlyonnais.fr","https:\/\/www.facebook.com\/pascal.oberson.1?fref=ts","https:\/\/fr.linkedin.com\/in\/pascal-oberson-b17045113"],"url":"https:\/\/newsestlyonnais.fr\/site\/author\/nel\/"}]}},"_links":{"self":[{"href":"https:\/\/newsestlyonnais.fr\/site\/wp-json\/wp\/v2\/posts\/123174","targetHints":{"allow":["GET"]}}],"collection":[{"href":"https:\/\/newsestlyonnais.fr\/site\/wp-json\/wp\/v2\/posts"}],"about":[{"href":"https:\/\/newsestlyonnais.fr\/site\/wp-json\/wp\/v2\/types\/post"}],"author":[{"embeddable":true,"href":"https:\/\/newsestlyonnais.fr\/site\/wp-json\/wp\/v2\/users\/4"}],"replies":[{"embeddable":true,"href":"https:\/\/newsestlyonnais.fr\/site\/wp-json\/wp\/v2\/comments?post=123174"}],"version-history":[{"count":0,"href":"https:\/\/newsestlyonnais.fr\/site\/wp-json\/wp\/v2\/posts\/123174\/revisions"}],"wp:featuredmedia":[{"embeddable":true,"href":"https:\/\/newsestlyonnais.fr\/site\/wp-json\/wp\/v2\/media\/123181"}],"wp:attachment":[{"href":"https:\/\/newsestlyonnais.fr\/site\/wp-json\/wp\/v2\/media?parent=123174"}],"wp:term":[{"taxonomy":"category","embeddable":true,"href":"https:\/\/newsestlyonnais.fr\/site\/wp-json\/wp\/v2\/categories?post=123174"},{"taxonomy":"post_tag","embeddable":true,"href":"https:\/\/newsestlyonnais.fr\/site\/wp-json\/wp\/v2\/tags?post=123174"}],"curies":[{"name":"wp","href":"https:\/\/api.w.org\/{rel}","templated":true}]}}