{"id":123228,"date":"2021-01-25T09:00:10","date_gmt":"2021-01-25T08:00:10","guid":{"rendered":"http:\/\/newsestlyonnais.fr\/site\/?p=123228"},"modified":"2021-01-25T09:00:10","modified_gmt":"2021-01-25T08:00:10","slug":"miribel-lactu-de-la-commune","status":"publish","type":"post","link":"https:\/\/newsestlyonnais.fr\/site\/2021\/01\/25\/miribel-lactu-de-la-commune\/","title":{"rendered":"MIRIBEL | L&rsquo;actu de la commune"},"content":{"rendered":"<p>A noter dans l&rsquo;agenda local pour le mois de f\u00e9vrier \u00e0 venir :<\/p>\n<ul>\n<li><strong><img loading=\"lazy\" decoding=\"async\" class=\"alignleft wp-image-120079 size-thumbnail\" src=\"https:\/\/newsestlyonnais.fr\/site\/wp-content\/uploads\/2020\/12\/affiche-rando-givree-2021-250x367.jpg\" alt=\"\" width=\"102\" height=\"150\" srcset=\"https:\/\/newsestlyonnais.fr\/site\/wp-content\/uploads\/2020\/12\/affiche-rando-givree-2021-250x367.jpg 250w, https:\/\/newsestlyonnais.fr\/site\/wp-content\/uploads\/2020\/12\/affiche-rando-givree-2021-400x587.jpg 400w, https:\/\/newsestlyonnais.fr\/site\/wp-content\/uploads\/2020\/12\/affiche-rando-givree-2021-150x220.jpg 150w, https:\/\/newsestlyonnais.fr\/site\/wp-content\/uploads\/2020\/12\/affiche-rando-givree-2021-50x73.jpg 50w, https:\/\/newsestlyonnais.fr\/site\/wp-content\/uploads\/2020\/12\/affiche-rando-givree-2021-100x147.jpg 100w, https:\/\/newsestlyonnais.fr\/site\/wp-content\/uploads\/2020\/12\/affiche-rando-givree-2021-200x293.jpg 200w, https:\/\/newsestlyonnais.fr\/site\/wp-content\/uploads\/2020\/12\/affiche-rando-givree-2021-300x440.jpg 300w, https:\/\/newsestlyonnais.fr\/site\/wp-content\/uploads\/2020\/12\/affiche-rando-givree-2021-350x513.jpg 350w, https:\/\/newsestlyonnais.fr\/site\/wp-content\/uploads\/2020\/12\/affiche-rando-givree-2021-450x660.jpg 450w, https:\/\/newsestlyonnais.fr\/site\/wp-content\/uploads\/2020\/12\/affiche-rando-givree-2021-500x733.jpg 500w, https:\/\/newsestlyonnais.fr\/site\/wp-content\/uploads\/2020\/12\/affiche-rando-givree-2021-550x807.jpg 550w, https:\/\/newsestlyonnais.fr\/site\/wp-content\/uploads\/2020\/12\/affiche-rando-givree-2021.jpg 600w\" sizes=\"auto, (max-width: 102px) 100vw, 102px\" \/><\/strong><\/li>\n<li><span style=\"text-decoration: underline;\"><strong>Dimanche 7 f\u00e9vrier<\/strong><\/span> de 9 h 30 \u00e0 11 h : <strong>13\u00b0 \u00c9dition \u00ab RAND\u2019O GIVR\u00c9E \u00bb.<\/strong> Randonn\u00e9e d\u2019orientation dans le Grand-Parc de Miribel-Jonage. Renseignements et inscriptions au 04 78 80 56 20.<\/li>\n<li>+ d&rsquo; infos sur : <span style=\"color: #0000ff;\"><a style=\"color: #0000ff;\" href=\"http:\/\/www.grand-parc.fr\">www.grand-parc.fr<\/a><\/span><\/li>\n<\/ul>\n<hr \/>\n<ul>\n<li><span style=\"text-decoration: underline;\"><strong>Jeudi 18<\/strong> <strong>f\u00e9vrier<\/strong><\/span> de 15 h \u00e0 19 h :<strong> Collecte de Sang<\/strong> \u00e0 l \u2018All\u00e9gro. Inscriptions obligatoires sur <span style=\"color: #0000ff;\"><a style=\"color: #0000ff;\" href=\"https:\/\/mon-rdv-dondesang.efs.sante.fr\">https:\/\/mon-rdv-dondesang.efs.sante.fr<\/a><\/span>. Pi\u00e8ce d\u2019identit\u00e9 obligatoire.<\/li>\n<li><span style=\"text-decoration: underline;\"><strong>Jeudi 18 f\u00e9vrier<\/strong><\/span> \u00e0 19 h : <strong>R\u00e9union publique du Conseil Municipal<\/strong> \u00e0 l\u2019All\u00e9gro. Public limit\u00e9 \u00e0 10 personnes sur inscriptions pr\u00e9alables en Mairie au 04 78 55 84 00.<\/li>\n<li><span style=\"text-decoration: underline;\"><strong>Vendredi 26<\/strong> <strong>f\u00e9vrier<\/strong><\/span> \u00e0 20 h 30 : <strong>Spectacle de Danse hip-hop<\/strong> par la Compagnie Ru\u00e9e des Arts \u00abSpinOff\u00bb \u00e0 l\u2019All\u00e9gro. Tout public d\u00e8s 7 ans.-<\/li>\n<li><span style=\"text-decoration: underline;\"><strong>Samedi 27 f\u00e9vrier<\/strong><\/span> \u00e0 10 h 30 : <strong>R\u00e9union publique du Conseil Municipal<\/strong> <strong>des Enfants<\/strong> au centre socio-culturel (17 rue J. Carre).<\/li>\n<\/ul>\n<hr \/>\n<p><span style=\"font-size: 14pt;\"><strong><span style=\"color: #333333;\"><em>Toute l\u2019ACTU de la commune est sur :<\/em> <\/span><a href=\"https:\/\/www.miribel.fr\"><span style=\"color: #0000ff;\">https:\/\/www.miribel.fr<\/span><\/a><\/strong><\/span><\/p>\n","protected":false},"excerpt":{"rendered":"<p>Malgr\u00e9 la crise sanitaire, plusieurs \u00e9v\u00e8nements sont programm\u00e9s, sous r\u00e9serve d&rsquo;annulation. <\/p>\n","protected":false},"author":4,"featured_media":118432,"comment_status":"open","ping_status":"open","sticky":false,"template":"","format":"standard","meta":{"footnotes":""},"categories":[156,2217],"tags":[3517,3198],"class_list":["post-123228","post","type-post","status-publish","format-standard","has-post-thumbnail","hentry","category-ain","category-breves-de-lest-lyonnais","tag-actualite","tag-ain"],"yoast_head":"<!-- This site is optimized with the Yoast SEO plugin v27.2 - https:\/\/yoast.com\/product\/yoast-seo-wordpress\/ -->\n<title>MIRIBEL | L&#039;actu de la commune - News Est Lyonnais<\/title>\n<meta name=\"description\" content=\"MIRIBEL | L&#039;actu de la commune\" \/>\n<meta name=\"robots\" content=\"index, follow, max-snippet:-1, max-image-preview:large, max-video-preview:-1\" \/>\n<link rel=\"canonical\" href=\"https:\/\/newsestlyonnais.fr\/site\/2021\/01\/25\/miribel-lactu-de-la-commune\/\" \/>\n<meta property=\"og:locale\" content=\"fr_FR\" \/>\n<meta property=\"og:type\" content=\"article\" \/>\n<meta property=\"og:title\" content=\"MIRIBEL | L&#039;actu de la commune - News Est Lyonnais\" \/>\n<meta property=\"og:description\" content=\"MIRIBEL | L&#039;actu de la commune\" \/>\n<meta property=\"og:url\" content=\"https:\/\/newsestlyonnais.fr\/site\/2021\/01\/25\/miribel-lactu-de-la-commune\/\" \/>\n<meta property=\"og:site_name\" content=\"News Est Lyonnais\" \/>\n<meta property=\"article:author\" content=\"https:\/\/www.facebook.com\/pascal.oberson.1?fref=ts\" \/>\n<meta property=\"article:published_time\" content=\"2021-01-25T08:00:10+00:00\" \/>\n<meta property=\"og:image\" content=\"https:\/\/i2.wp.com\/newsestlyonnais.fr\/site\/wp-content\/uploads\/2020\/11\/miribel-01.png?fit=300%2C330&ssl=1\" \/>\n\t<meta property=\"og:image:width\" content=\"300\" \/>\n\t<meta property=\"og:image:height\" content=\"330\" \/>\n\t<meta property=\"og:image:type\" content=\"image\/png\" \/>\n<meta name=\"author\" content=\"R\u00e9dac. NEWS\" \/>\n<meta name=\"twitter:card\" content=\"summary_large_image\" \/>\n<meta name=\"twitter:label1\" content=\"\u00c9crit par\" \/>\n\t<meta name=\"twitter:data1\" content=\"R\u00e9dac. NEWS\" \/>\n\t<meta name=\"twitter:label2\" content=\"Dur\u00e9e de lecture estim\u00e9e\" \/>\n\t<meta name=\"twitter:data2\" content=\"1 minute\" \/>\n<script type=\"application\/ld+json\" class=\"yoast-schema-graph\">{\"@context\":\"https:\/\/schema.org\",\"@graph\":[{\"@type\":\"Article\",\"@id\":\"https:\/\/newsestlyonnais.fr\/site\/2021\/01\/25\/miribel-lactu-de-la-commune\/#article\",\"isPartOf\":{\"@id\":\"https:\/\/newsestlyonnais.fr\/site\/2021\/01\/25\/miribel-lactu-de-la-commune\/\"},\"author\":{\"name\":\"R\u00e9dac. NEWS\",\"@id\":\"https:\/\/newsestlyonnais.fr\/site\/#\/schema\/person\/3230d5615f390bb808365d673001e887\"},\"headline\":\"MIRIBEL | L&rsquo;actu de la commune\",\"datePublished\":\"2021-01-25T08:00:10+00:00\",\"mainEntityOfPage\":{\"@id\":\"https:\/\/newsestlyonnais.fr\/site\/2021\/01\/25\/miribel-lactu-de-la-commune\/\"},\"wordCount\":152,\"commentCount\":0,\"publisher\":{\"@id\":\"https:\/\/newsestlyonnais.fr\/site\/#organization\"},\"image\":{\"@id\":\"https:\/\/newsestlyonnais.fr\/site\/2021\/01\/25\/miribel-lactu-de-la-commune\/#primaryimage\"},\"thumbnailUrl\":\"https:\/\/newsestlyonnais.fr\/site\/wp-content\/uploads\/2020\/11\/miribel-01.png\",\"keywords\":[\"ACTUALITE\",\"AIN\"],\"articleSection\":[\"Ain (01)\",\"Br\u00e8ves de l'Est lyonnais\"],\"inLanguage\":\"fr-FR\",\"potentialAction\":[{\"@type\":\"CommentAction\",\"name\":\"Comment\",\"target\":[\"https:\/\/newsestlyonnais.fr\/site\/2021\/01\/25\/miribel-lactu-de-la-commune\/#respond\"]}]},{\"@type\":\"WebPage\",\"@id\":\"https:\/\/newsestlyonnais.fr\/site\/2021\/01\/25\/miribel-lactu-de-la-commune\/\",\"url\":\"https:\/\/newsestlyonnais.fr\/site\/2021\/01\/25\/miribel-lactu-de-la-commune\/\",\"name\":\"MIRIBEL | L'actu de la commune - News Est Lyonnais\",\"isPartOf\":{\"@id\":\"https:\/\/newsestlyonnais.fr\/site\/#website\"},\"primaryImageOfPage\":{\"@id\":\"https:\/\/newsestlyonnais.fr\/site\/2021\/01\/25\/miribel-lactu-de-la-commune\/#primaryimage\"},\"image\":{\"@id\":\"https:\/\/newsestlyonnais.fr\/site\/2021\/01\/25\/miribel-lactu-de-la-commune\/#primaryimage\"},\"thumbnailUrl\":\"https:\/\/newsestlyonnais.fr\/site\/wp-content\/uploads\/2020\/11\/miribel-01.png\",\"datePublished\":\"2021-01-25T08:00:10+00:00\",\"description\":\"MIRIBEL | L'actu de la commune\",\"breadcrumb\":{\"@id\":\"https:\/\/newsestlyonnais.fr\/site\/2021\/01\/25\/miribel-lactu-de-la-commune\/#breadcrumb\"},\"inLanguage\":\"fr-FR\",\"potentialAction\":[{\"@type\":\"ReadAction\",\"target\":[\"https:\/\/newsestlyonnais.fr\/site\/2021\/01\/25\/miribel-lactu-de-la-commune\/\"]}]},{\"@type\":\"ImageObject\",\"inLanguage\":\"fr-FR\",\"@id\":\"https:\/\/newsestlyonnais.fr\/site\/2021\/01\/25\/miribel-lactu-de-la-commune\/#primaryimage\",\"url\":\"https:\/\/newsestlyonnais.fr\/site\/wp-content\/uploads\/2020\/11\/miribel-01.png\",\"contentUrl\":\"https:\/\/newsestlyonnais.fr\/site\/wp-content\/uploads\/2020\/11\/miribel-01.png\",\"width\":300,\"height\":330},{\"@type\":\"BreadcrumbList\",\"@id\":\"https:\/\/newsestlyonnais.fr\/site\/2021\/01\/25\/miribel-lactu-de-la-commune\/#breadcrumb\",\"itemListElement\":[{\"@type\":\"ListItem\",\"position\":1,\"name\":\"Accueil\",\"item\":\"https:\/\/newsestlyonnais.fr\/site\/\"},{\"@type\":\"ListItem\",\"position\":2,\"name\":\"MIRIBEL | L&rsquo;actu de la commune\"}]},{\"@type\":\"WebSite\",\"@id\":\"https:\/\/newsestlyonnais.fr\/site\/#website\",\"url\":\"https:\/\/newsestlyonnais.fr\/site\/\",\"name\":\"News Est Lyonnais\",\"description\":\"L&#039;actualit\u00e9 au plus pr\u00e8s\",\"publisher\":{\"@id\":\"https:\/\/newsestlyonnais.fr\/site\/#organization\"},\"potentialAction\":[{\"@type\":\"SearchAction\",\"target\":{\"@type\":\"EntryPoint\",\"urlTemplate\":\"https:\/\/newsestlyonnais.fr\/site\/?s={search_term_string}\"},\"query-input\":{\"@type\":\"PropertyValueSpecification\",\"valueRequired\":true,\"valueName\":\"search_term_string\"}}],\"inLanguage\":\"fr-FR\"},{\"@type\":\"Organization\",\"@id\":\"https:\/\/newsestlyonnais.fr\/site\/#organization\",\"name\":\"News EST LYONNAIS\",\"url\":\"https:\/\/newsestlyonnais.fr\/site\/\",\"logo\":{\"@type\":\"ImageObject\",\"inLanguage\":\"fr-FR\",\"@id\":\"https:\/\/newsestlyonnais.fr\/site\/#\/schema\/logo\/image\/\",\"url\":\"\",\"contentUrl\":\"\",\"caption\":\"News EST LYONNAIS\"},\"image\":{\"@id\":\"https:\/\/newsestlyonnais.fr\/site\/#\/schema\/logo\/image\/\"}},{\"@type\":\"Person\",\"@id\":\"https:\/\/newsestlyonnais.fr\/site\/#\/schema\/person\/3230d5615f390bb808365d673001e887\",\"name\":\"R\u00e9dac. NEWS\",\"sameAs\":[\"http:\/\/www.newsestlyonnais.fr\",\"https:\/\/www.facebook.com\/pascal.oberson.1?fref=ts\",\"https:\/\/fr.linkedin.com\/in\/pascal-oberson-b17045113\"],\"url\":\"https:\/\/newsestlyonnais.fr\/site\/author\/nel\/\"}]}<\/script>\n<!-- \/ Yoast SEO plugin. -->","yoast_head_json":{"title":"MIRIBEL | L'actu de la commune - News Est Lyonnais","description":"MIRIBEL | L'actu de la commune","robots":{"index":"index","follow":"follow","max-snippet":"max-snippet:-1","max-image-preview":"max-image-preview:large","max-video-preview":"max-video-preview:-1"},"canonical":"https:\/\/newsestlyonnais.fr\/site\/2021\/01\/25\/miribel-lactu-de-la-commune\/","og_locale":"fr_FR","og_type":"article","og_title":"MIRIBEL | L'actu de la commune - News Est Lyonnais","og_description":"MIRIBEL | L'actu de la commune","og_url":"https:\/\/newsestlyonnais.fr\/site\/2021\/01\/25\/miribel-lactu-de-la-commune\/","og_site_name":"News Est Lyonnais","article_author":"https:\/\/www.facebook.com\/pascal.oberson.1?fref=ts","article_published_time":"2021-01-25T08:00:10+00:00","og_image":[{"width":300,"height":330,"url":"https:\/\/i2.wp.com\/newsestlyonnais.fr\/site\/wp-content\/uploads\/2020\/11\/miribel-01.png?fit=300%2C330&ssl=1","type":"image\/png"}],"author":"R\u00e9dac. NEWS","twitter_card":"summary_large_image","twitter_misc":{"\u00c9crit par":"R\u00e9dac. NEWS","Dur\u00e9e de lecture estim\u00e9e":"1 minute"},"schema":{"@context":"https:\/\/schema.org","@graph":[{"@type":"Article","@id":"https:\/\/newsestlyonnais.fr\/site\/2021\/01\/25\/miribel-lactu-de-la-commune\/#article","isPartOf":{"@id":"https:\/\/newsestlyonnais.fr\/site\/2021\/01\/25\/miribel-lactu-de-la-commune\/"},"author":{"name":"R\u00e9dac. NEWS","@id":"https:\/\/newsestlyonnais.fr\/site\/#\/schema\/person\/3230d5615f390bb808365d673001e887"},"headline":"MIRIBEL | L&rsquo;actu de la commune","datePublished":"2021-01-25T08:00:10+00:00","mainEntityOfPage":{"@id":"https:\/\/newsestlyonnais.fr\/site\/2021\/01\/25\/miribel-lactu-de-la-commune\/"},"wordCount":152,"commentCount":0,"publisher":{"@id":"https:\/\/newsestlyonnais.fr\/site\/#organization"},"image":{"@id":"https:\/\/newsestlyonnais.fr\/site\/2021\/01\/25\/miribel-lactu-de-la-commune\/#primaryimage"},"thumbnailUrl":"https:\/\/newsestlyonnais.fr\/site\/wp-content\/uploads\/2020\/11\/miribel-01.png","keywords":["ACTUALITE","AIN"],"articleSection":["Ain (01)","Br\u00e8ves de l'Est lyonnais"],"inLanguage":"fr-FR","potentialAction":[{"@type":"CommentAction","name":"Comment","target":["https:\/\/newsestlyonnais.fr\/site\/2021\/01\/25\/miribel-lactu-de-la-commune\/#respond"]}]},{"@type":"WebPage","@id":"https:\/\/newsestlyonnais.fr\/site\/2021\/01\/25\/miribel-lactu-de-la-commune\/","url":"https:\/\/newsestlyonnais.fr\/site\/2021\/01\/25\/miribel-lactu-de-la-commune\/","name":"MIRIBEL | L'actu de la commune - News Est Lyonnais","isPartOf":{"@id":"https:\/\/newsestlyonnais.fr\/site\/#website"},"primaryImageOfPage":{"@id":"https:\/\/newsestlyonnais.fr\/site\/2021\/01\/25\/miribel-lactu-de-la-commune\/#primaryimage"},"image":{"@id":"https:\/\/newsestlyonnais.fr\/site\/2021\/01\/25\/miribel-lactu-de-la-commune\/#primaryimage"},"thumbnailUrl":"https:\/\/newsestlyonnais.fr\/site\/wp-content\/uploads\/2020\/11\/miribel-01.png","datePublished":"2021-01-25T08:00:10+00:00","description":"MIRIBEL | L'actu de la commune","breadcrumb":{"@id":"https:\/\/newsestlyonnais.fr\/site\/2021\/01\/25\/miribel-lactu-de-la-commune\/#breadcrumb"},"inLanguage":"fr-FR","potentialAction":[{"@type":"ReadAction","target":["https:\/\/newsestlyonnais.fr\/site\/2021\/01\/25\/miribel-lactu-de-la-commune\/"]}]},{"@type":"ImageObject","inLanguage":"fr-FR","@id":"https:\/\/newsestlyonnais.fr\/site\/2021\/01\/25\/miribel-lactu-de-la-commune\/#primaryimage","url":"https:\/\/newsestlyonnais.fr\/site\/wp-content\/uploads\/2020\/11\/miribel-01.png","contentUrl":"https:\/\/newsestlyonnais.fr\/site\/wp-content\/uploads\/2020\/11\/miribel-01.png","width":300,"height":330},{"@type":"BreadcrumbList","@id":"https:\/\/newsestlyonnais.fr\/site\/2021\/01\/25\/miribel-lactu-de-la-commune\/#breadcrumb","itemListElement":[{"@type":"ListItem","position":1,"name":"Accueil","item":"https:\/\/newsestlyonnais.fr\/site\/"},{"@type":"ListItem","position":2,"name":"MIRIBEL | L&rsquo;actu de la commune"}]},{"@type":"WebSite","@id":"https:\/\/newsestlyonnais.fr\/site\/#website","url":"https:\/\/newsestlyonnais.fr\/site\/","name":"News Est Lyonnais","description":"L&#039;actualit\u00e9 au plus pr\u00e8s","publisher":{"@id":"https:\/\/newsestlyonnais.fr\/site\/#organization"},"potentialAction":[{"@type":"SearchAction","target":{"@type":"EntryPoint","urlTemplate":"https:\/\/newsestlyonnais.fr\/site\/?s={search_term_string}"},"query-input":{"@type":"PropertyValueSpecification","valueRequired":true,"valueName":"search_term_string"}}],"inLanguage":"fr-FR"},{"@type":"Organization","@id":"https:\/\/newsestlyonnais.fr\/site\/#organization","name":"News EST LYONNAIS","url":"https:\/\/newsestlyonnais.fr\/site\/","logo":{"@type":"ImageObject","inLanguage":"fr-FR","@id":"https:\/\/newsestlyonnais.fr\/site\/#\/schema\/logo\/image\/","url":"","contentUrl":"","caption":"News EST LYONNAIS"},"image":{"@id":"https:\/\/newsestlyonnais.fr\/site\/#\/schema\/logo\/image\/"}},{"@type":"Person","@id":"https:\/\/newsestlyonnais.fr\/site\/#\/schema\/person\/3230d5615f390bb808365d673001e887","name":"R\u00e9dac. NEWS","sameAs":["http:\/\/www.newsestlyonnais.fr","https:\/\/www.facebook.com\/pascal.oberson.1?fref=ts","https:\/\/fr.linkedin.com\/in\/pascal-oberson-b17045113"],"url":"https:\/\/newsestlyonnais.fr\/site\/author\/nel\/"}]}},"_links":{"self":[{"href":"https:\/\/newsestlyonnais.fr\/site\/wp-json\/wp\/v2\/posts\/123228","targetHints":{"allow":["GET"]}}],"collection":[{"href":"https:\/\/newsestlyonnais.fr\/site\/wp-json\/wp\/v2\/posts"}],"about":[{"href":"https:\/\/newsestlyonnais.fr\/site\/wp-json\/wp\/v2\/types\/post"}],"author":[{"embeddable":true,"href":"https:\/\/newsestlyonnais.fr\/site\/wp-json\/wp\/v2\/users\/4"}],"replies":[{"embeddable":true,"href":"https:\/\/newsestlyonnais.fr\/site\/wp-json\/wp\/v2\/comments?post=123228"}],"version-history":[{"count":0,"href":"https:\/\/newsestlyonnais.fr\/site\/wp-json\/wp\/v2\/posts\/123228\/revisions"}],"wp:featuredmedia":[{"embeddable":true,"href":"https:\/\/newsestlyonnais.fr\/site\/wp-json\/wp\/v2\/media\/118432"}],"wp:attachment":[{"href":"https:\/\/newsestlyonnais.fr\/site\/wp-json\/wp\/v2\/media?parent=123228"}],"wp:term":[{"taxonomy":"category","embeddable":true,"href":"https:\/\/newsestlyonnais.fr\/site\/wp-json\/wp\/v2\/categories?post=123228"},{"taxonomy":"post_tag","embeddable":true,"href":"https:\/\/newsestlyonnais.fr\/site\/wp-json\/wp\/v2\/tags?post=123228"}],"curies":[{"name":"wp","href":"https:\/\/api.w.org\/{rel}","templated":true}]}}