{"id":123574,"date":"2021-01-31T10:11:48","date_gmt":"2021-01-31T09:11:48","guid":{"rendered":"http:\/\/newsestlyonnais.fr\/site\/?p=123574"},"modified":"2021-02-01T14:18:01","modified_gmt":"2021-02-01T13:18:01","slug":"judo-club-de-saint-priest-la-prochaine-rentree-risque-detre-tres-difficile","status":"publish","type":"post","link":"https:\/\/newsestlyonnais.fr\/site\/2021\/01\/31\/judo-club-de-saint-priest-la-prochaine-rentree-risque-detre-tres-difficile\/","title":{"rendered":"Judo Club de Saint-Priest | \u00ab\u00a0la prochaine rentr\u00e9e risque d\u2019\u00eatre tr\u00e8s difficile\u00a0\u00bb"},"content":{"rendered":"<p>En ce dimanche, c\u2019est <strong>Claude Payet, pr\u00e9sidente depuis le 14 avril 2012<\/strong>, qui r\u00e9pond aux questions de la r\u00e9daction :<\/p>\n<hr \/>\n<ul>\n<li><span style=\"font-size: 14pt;\"><strong><u>Quelle est son activit\u00e9 et effectif actuel<\/u><\/strong><\/span><strong><span style=\"font-size: 14pt;\"> ?<\/span> <\/strong><\/li>\n<\/ul>\n<p>\u00bb Activit\u00e9 principale : judo. <strong>Effectif \u00e0 ce jour : 4 femmes \/ 5 hommes \/ 84 enfants<\/strong> \u00ab .<\/p>\n<hr \/>\n<ul>\n<li><span style=\"font-size: 14pt;\"><strong><u>Comment s\u2019\u00e9tait pass\u00e9 le 1\u00b0 confinement et aviez vous mis du personnel au ch\u00f4mage<\/u><\/strong><\/span><strong><span style=\"font-size: 14pt;\"> ?<\/span> <\/strong><\/li>\n<\/ul>\n<p>\u00bb Le premier confinement a \u00e9t\u00e9 difficile surtout pour la rapidit\u00e9 de cette d\u00e9cision gouvernementale. Nous \u00e9tions sur une bonne dynamique et tout a \u00e9t\u00e9 stopp\u00e9.<\/p>\n<p><strong>Nous avons malheureusement perdu un professeur<\/strong> (Fr\u00e9d\u00e9ric Cessin, 6\u00b0 Dan), un assistant a \u00e9t\u00e9 en arr\u00eat maladie pour blessures et les 3 autres professeurs mis en ch\u00f4mage partiel \u00ab .<\/p>\n<hr \/>\n<ul>\n<li><span style=\"font-size: 14pt;\"><strong><u>Et la reprise des activit\u00e9s \u00e0 la rentr\u00e9e de septembre<\/u><\/strong> <strong>?<\/strong><\/span><\/li>\n<\/ul>\n<p>\u00bb <strong>Nous avons eu peur de ne pas revoir les anciens adh\u00e9rents et attirer de nouveaux<\/strong>. Nous avons refait un planning concentr\u00e9 sur un double objectif. Il fallait promouvoir le judo chez les jeunes avec en option le jujitsu chez les ados.<\/p>\n<p>De plus, <strong>apr\u00e8s avoir propos\u00e9 l\u2019ann\u00e9e derni\u00e8re, d\u2019int\u00e9grer les enfants sourds<\/strong> gr\u00e2ce au professeur Mathieu Kracher professeur d\u2019EPS, JUDO et dipl\u00f4m\u00e9 en LSF (langue des signes), <strong>il fallait p\u00e9renniser l\u2019offre<\/strong> <strong>\u00bb.<\/strong><\/p>\n<hr \/>\n<ul>\n<li><span style=\"font-size: 14pt;\"><span style=\"text-decoration: underline;\"><strong>Avez-vous connu depuis une baisse de vos effectifs<\/strong><\/span> <strong>?<\/strong><\/span><\/li>\n<\/ul>\n<p>\u00bb <strong>Oui<\/strong>. <strong>M\u00eame si le nombre d\u2019inscriptions \u00e0 la rentr\u00e9e \u00e9tait plut\u00f4t rassurant<\/strong> (gr\u00e2ce aux divers moyens de communications mis en place), <strong>certains n\u2019ont pas voulu se r\u00e9inscrire<\/strong>.<\/p>\n<p><strong>On estime une baisse de 30 %<\/strong>. Nous avons effectivement relativement bien inform\u00e9 nos jeunes (cours, protocoles COVID19). Mais les cours adultes n\u2019ont pu \u00eatre mis en place car trop d\u2019al\u00e9as (seules les personnes engag\u00e9es : professeurs, assistants arbitres, commissaires sportifs, judokas b\u00e9n\u00e9voles ont renouvel\u00e9 leur licence) \u00ab.<\/p>\n<ul>\n<li><span style=\"font-size: 14pt;\"><strong><span style=\"text-decoration: underline;\">Avez-vous \u00e9t\u00e9 contraints d\u2019annuler des \u00e9v\u00e8nements<\/span> ?<\/strong><\/span><\/li>\n<\/ul>\n<p>\u00bb Le premier confinement nous a arr\u00eat\u00e9 net dans l\u2019organisation de notre interclub qui aurait d\u00fb avoir lieu le 28 mars 2020 (et une nouvelle date a \u00e9t\u00e9 donn\u00e9e au 27 mars 2021 mais annul\u00e9e aussi). Un projet d\u2019une journ\u00e9e \u00e0 Versailles pour assister au championnat du monde de judo sourds (du 14 au 19 avril 2020 report\u00e9 puis annul\u00e9 \u00e0 fin octobre 2020) a finalement \u00e9t\u00e9 abandonn\u00e9.<\/p>\n<p>Les s\u00e9lections des benjamins ne sont toujours pas remises au calendrier, quant aux formations f\u00e9d\u00e9rales (dont 2 jeunes inscrits pour \u00eatre assistant club) sont d\u00e9cal\u00e9es et en attente \u00ab .<\/p>\n<hr \/>\n<ul>\n<li><span style=\"font-size: 14pt;\"><strong><span style=\"text-decoration: underline;\">Comment se d\u00e9roule ce 2\u00b0 confinement<\/span> ?<\/strong><\/span><\/li>\n<\/ul>\n<p>\u00bb <strong>Nous avons r\u00e9sist\u00e9 en jonglant avec les protocoles et les heures de couvre-feu<\/strong>. Avec le confinement total, et la fermeture des gymnases, nous avons arr\u00eat\u00e9 l\u2019enseignement du judo en extra-scolaire.<\/p>\n<p><strong>Un professeur a cr\u00e9\u00e9 un quizz selon l\u2019\u00e2ge<\/strong> ( +\/- 8ans) et a continu\u00e9 d\u2019enseign\u00e9 en p\u00e9riscolaire. Nous avons aussi distribu\u00e9 quelques cadeaux \u00ab judo \u00bb en d\u00e9cembre pour garder le lien.<\/p>\n<p>A ce jour la pratique du judo est totalement suspendue <strong>et l\u2019avenir nous laisse peu d\u2019espoir pour cette saison<\/strong> \u00ab .<\/p>\n<ul>\n<li><strong><span style=\"font-size: 14pt;\"><span style=\"text-decoration: underline;\">Cons\u00e9quences financi\u00e8res ou autres<\/span> ?<\/span> <\/strong><\/li>\n<\/ul>\n<p>\u00bb <strong>Nous avons la chance d\u2019\u00eatre \u00abh\u00e9berg\u00e9 \u00bb par la ville et donc de ne pas supporter trop de frais fixes<\/strong>. Les 3 professeurs enseignants sont mis au ch\u00f4mage partiel.<\/p>\n<p><strong>Mais si certains parents sont compr\u00e9hensifs d\u2019autres regrettent d\u2019avoir inscrit leur enfant et demande d\u00e9j\u00e0 des d\u00e9dommagements<\/strong>. Une remise financi\u00e8re (geste commercial) avait \u00e9t\u00e9 faite pour les enfants d\u00e9j\u00e0 inscrits en 2019\/2020 et qui renouvelaient cette saison.<\/p>\n<p><strong>La prochaine rentr\u00e9e risque d\u2019\u00eatre tr\u00e8s difficile<\/strong> et nous comptons sur la mise en place de passeport sportif pour tous (comme les cartes PASS REGION r\u00e9serv\u00e9es aux lyc\u00e9ens) ou autres initiatives d\u2019aide \u00ab .<\/p>\n<hr \/>\n<ul>\n<li><span style=\"text-decoration: underline; font-size: 14pt;\"><strong>Et pour conclure<\/strong> <\/span><strong><span style=\"font-size: 14pt;\">?<\/span><br \/>\n<\/strong><\/li>\n<\/ul>\n<p>\u00bb <strong>Cette saison est comme une ann\u00e9e blanche, mais il ne faudrait pas perdre cette motivation de connaitre le judo et de le pratiquer<\/strong>. <strong>Le judo est une \u00e9cole de vie<\/strong> o\u00f9 l\u2019on apprend le respect des autres, l\u2019entraide, le travail et le go\u00fbt de l\u2019effort\u2026<\/p>\n<p>Nos champions nous offrent aussi de belles performances, mais sans nos jeunes pour les encourager et les prendre en exemple, <strong>notre avenir semble morose \u00ab.<\/strong><\/p>\n<hr \/>\n<p><strong><img loading=\"lazy\" decoding=\"async\" class=\"wp-image-123578 size-thumbnail alignleft\" src=\"https:\/\/newsestlyonnais.fr\/site\/wp-content\/uploads\/2021\/01\/logo2-250x101.png\" alt=\"\" width=\"150\" height=\"61\" data-attachment-id=\"12357\" data-permalink=\"https:\/\/newsestlyonnais.fr\/site\/2016\/09\/10\/bron-terraillon-petanque-une-rentree-bien-chargee\/newsestlyonnais-logo-4\/\" data-orig-file=\"https:\/\/i0.wp.com\/newsestlyonnais.fr\/site\/wp-content\/uploads\/2016\/09\/NEWSESTLYONNAIS-LOGO.jpg?fit=1000%2C696&amp;ssl=1\" data-orig-size=\"1000,696\" data-comments-opened=\"1\" data-image-meta=\"{&quot;aperture&quot;:&quot;0&quot;,&quot;credit&quot;:&quot;&quot;,&quot;camera&quot;:&quot;&quot;,&quot;caption&quot;:&quot;&quot;,&quot;created_timestamp&quot;:&quot;0&quot;,&quot;copyright&quot;:&quot;&quot;,&quot;focal_length&quot;:&quot;0&quot;,&quot;iso&quot;:&quot;0&quot;,&quot;shutter_speed&quot;:&quot;0&quot;,&quot;title&quot;:&quot;&quot;,&quot;orientation&quot;:&quot;0&quot;}\" data-image-title=\"Newsestlyonnais-logo CPBT\" data-image-description=\"\" data-medium-file=\"https:\/\/i0.wp.com\/newsestlyonnais.fr\/site\/wp-content\/uploads\/2016\/09\/NEWSESTLYONNAIS-LOGO.jpg?fit=400%2C278&amp;ssl=1\" data-large-file=\"https:\/\/i0.wp.com\/newsestlyonnais.fr\/site\/wp-content\/uploads\/2016\/09\/NEWSESTLYONNAIS-LOGO.jpg?fit=1000%2C696&amp;ssl=1\" data-recalc-dims=\"1\" srcset=\"https:\/\/newsestlyonnais.fr\/site\/wp-content\/uploads\/2021\/01\/logo2-250x101.png 250w, https:\/\/newsestlyonnais.fr\/site\/wp-content\/uploads\/2021\/01\/logo2-400x162.png 400w, https:\/\/newsestlyonnais.fr\/site\/wp-content\/uploads\/2021\/01\/logo2-650x263.png 650w, https:\/\/newsestlyonnais.fr\/site\/wp-content\/uploads\/2021\/01\/logo2-768x311.png 768w, https:\/\/newsestlyonnais.fr\/site\/wp-content\/uploads\/2021\/01\/logo2-150x61.png 150w, https:\/\/newsestlyonnais.fr\/site\/wp-content\/uploads\/2021\/01\/logo2-50x20.png 50w, https:\/\/newsestlyonnais.fr\/site\/wp-content\/uploads\/2021\/01\/logo2-100x41.png 100w, https:\/\/newsestlyonnais.fr\/site\/wp-content\/uploads\/2021\/01\/logo2-200x81.png 200w, https:\/\/newsestlyonnais.fr\/site\/wp-content\/uploads\/2021\/01\/logo2-300x122.png 300w, https:\/\/newsestlyonnais.fr\/site\/wp-content\/uploads\/2021\/01\/logo2-350x142.png 350w, https:\/\/newsestlyonnais.fr\/site\/wp-content\/uploads\/2021\/01\/logo2-450x182.png 450w, https:\/\/newsestlyonnais.fr\/site\/wp-content\/uploads\/2021\/01\/logo2-500x203.png 500w, https:\/\/newsestlyonnais.fr\/site\/wp-content\/uploads\/2021\/01\/logo2-550x223.png 550w, https:\/\/newsestlyonnais.fr\/site\/wp-content\/uploads\/2021\/01\/logo2.png 800w\" sizes=\"auto, (max-width: 150px) 100vw, 150px\" \/><\/strong><\/p>\n<ul>\n<li><span style=\"font-size: 14pt;\"><strong>JUDO CLUB ST PRIEST<\/strong><\/span> : <span style=\"text-decoration: underline;\">Si\u00e8ge social<\/span> : 20 rue J. J. Rousseau<\/li>\n<li><span style=\"text-decoration: underline;\">Gymnase<\/span> Fran\u00e7ois Arnaud : 10, avenue Pierre Mend\u00e8s-France \/ St Priest.<\/li>\n<li><strong><span class=\"rpd-p1 wsg-font-size-5\">Contacts <\/span><\/strong><span class=\"rpd-p1 wsg-font-size-5\">: judo.st.priest@gmail.com &amp; T\u00e9l : 06\/78\/77\/18\/75<\/span><strong><span class=\"rpd-p1 wsg-font-size-5\"><br \/>\n<\/span><\/strong><\/li>\n<\/ul>\n<ul>\n<li><strong>Retrouver sur <em>:\u00a0<a href=\"http:\/\/judo-club-saint-priest.fr\"><span style=\"color: #0000ff;\">http:\/\/judo-club-saint-priest.fr\u00a0<\/span><\/a><\/em><\/strong> &amp;\u00a0<strong><span style=\"color: #0000ff;\"> <a style=\"color: #0000ff;\" href=\"https:\/\/www.facebook.com\/pages\/Judo%20Club%20de%20Saint%20Priest\/279106959201563\/\">https:\/\/www.facebook.com\/Judo-St-Priest<\/a><\/span><\/strong><\/li>\n<\/ul>\n<hr \/>\n<div id='gallery-1' class='gallery galleryid-123574 gallery-columns-2 gallery-size-thumbnail'><figure class='gallery-item'>\n\t\t\t<div class='gallery-icon landscape'>\n\t\t\t\t<a href='https:\/\/newsestlyonnais.fr\/site\/2021\/01\/31\/judo-club-de-saint-priest-la-prochaine-rentree-risque-detre-tres-difficile\/124345205_1030918430720789_6524982553921948748_n\/'><img loading=\"lazy\" decoding=\"async\" width=\"150\" height=\"113\" src=\"https:\/\/newsestlyonnais.fr\/site\/wp-content\/uploads\/2021\/01\/124345205_1030918430720789_6524982553921948748_n-250x188.jpg\" class=\"attachment-thumbnail size-thumbnail\" alt=\"\" srcset=\"https:\/\/newsestlyonnais.fr\/site\/wp-content\/uploads\/2021\/01\/124345205_1030918430720789_6524982553921948748_n-250x188.jpg 250w, https:\/\/newsestlyonnais.fr\/site\/wp-content\/uploads\/2021\/01\/124345205_1030918430720789_6524982553921948748_n-400x300.jpg 400w, https:\/\/newsestlyonnais.fr\/site\/wp-content\/uploads\/2021\/01\/124345205_1030918430720789_6524982553921948748_n-650x488.jpg 650w, https:\/\/newsestlyonnais.fr\/site\/wp-content\/uploads\/2021\/01\/124345205_1030918430720789_6524982553921948748_n-768x576.jpg 768w, https:\/\/newsestlyonnais.fr\/site\/wp-content\/uploads\/2021\/01\/124345205_1030918430720789_6524982553921948748_n-150x113.jpg 150w, https:\/\/newsestlyonnais.fr\/site\/wp-content\/uploads\/2021\/01\/124345205_1030918430720789_6524982553921948748_n-50x38.jpg 50w, https:\/\/newsestlyonnais.fr\/site\/wp-content\/uploads\/2021\/01\/124345205_1030918430720789_6524982553921948748_n-100x75.jpg 100w, https:\/\/newsestlyonnais.fr\/site\/wp-content\/uploads\/2021\/01\/124345205_1030918430720789_6524982553921948748_n-200x150.jpg 200w, https:\/\/newsestlyonnais.fr\/site\/wp-content\/uploads\/2021\/01\/124345205_1030918430720789_6524982553921948748_n-300x225.jpg 300w, https:\/\/newsestlyonnais.fr\/site\/wp-content\/uploads\/2021\/01\/124345205_1030918430720789_6524982553921948748_n-350x263.jpg 350w, https:\/\/newsestlyonnais.fr\/site\/wp-content\/uploads\/2021\/01\/124345205_1030918430720789_6524982553921948748_n-450x338.jpg 450w, https:\/\/newsestlyonnais.fr\/site\/wp-content\/uploads\/2021\/01\/124345205_1030918430720789_6524982553921948748_n-500x375.jpg 500w, https:\/\/newsestlyonnais.fr\/site\/wp-content\/uploads\/2021\/01\/124345205_1030918430720789_6524982553921948748_n-550x413.jpg 550w, https:\/\/newsestlyonnais.fr\/site\/wp-content\/uploads\/2021\/01\/124345205_1030918430720789_6524982553921948748_n-800x600.jpg 800w, https:\/\/newsestlyonnais.fr\/site\/wp-content\/uploads\/2021\/01\/124345205_1030918430720789_6524982553921948748_n.jpg 960w\" sizes=\"auto, (max-width: 150px) 100vw, 150px\" \/><\/a>\n\t\t\t<\/div><\/figure><figure class='gallery-item'>\n\t\t\t<div class='gallery-icon landscape'>\n\t\t\t\t<a href='https:\/\/newsestlyonnais.fr\/site\/2021\/01\/31\/judo-club-de-saint-priest-la-prochaine-rentree-risque-detre-tres-difficile\/142659985_411201996624022_1852267690054401613_n\/'><img loading=\"lazy\" decoding=\"async\" width=\"150\" height=\"113\" src=\"https:\/\/newsestlyonnais.fr\/site\/wp-content\/uploads\/2021\/01\/142659985_411201996624022_1852267690054401613_n-250x188.jpg\" class=\"attachment-thumbnail size-thumbnail\" alt=\"\" srcset=\"https:\/\/newsestlyonnais.fr\/site\/wp-content\/uploads\/2021\/01\/142659985_411201996624022_1852267690054401613_n-250x188.jpg 250w, https:\/\/newsestlyonnais.fr\/site\/wp-content\/uploads\/2021\/01\/142659985_411201996624022_1852267690054401613_n-400x300.jpg 400w, https:\/\/newsestlyonnais.fr\/site\/wp-content\/uploads\/2021\/01\/142659985_411201996624022_1852267690054401613_n-650x488.jpg 650w, https:\/\/newsestlyonnais.fr\/site\/wp-content\/uploads\/2021\/01\/142659985_411201996624022_1852267690054401613_n-768x576.jpg 768w, https:\/\/newsestlyonnais.fr\/site\/wp-content\/uploads\/2021\/01\/142659985_411201996624022_1852267690054401613_n-1536x1152.jpg 1536w, https:\/\/newsestlyonnais.fr\/site\/wp-content\/uploads\/2021\/01\/142659985_411201996624022_1852267690054401613_n-150x113.jpg 150w, https:\/\/newsestlyonnais.fr\/site\/wp-content\/uploads\/2021\/01\/142659985_411201996624022_1852267690054401613_n-50x38.jpg 50w, https:\/\/newsestlyonnais.fr\/site\/wp-content\/uploads\/2021\/01\/142659985_411201996624022_1852267690054401613_n-100x75.jpg 100w, https:\/\/newsestlyonnais.fr\/site\/wp-content\/uploads\/2021\/01\/142659985_411201996624022_1852267690054401613_n-200x150.jpg 200w, https:\/\/newsestlyonnais.fr\/site\/wp-content\/uploads\/2021\/01\/142659985_411201996624022_1852267690054401613_n-300x225.jpg 300w, https:\/\/newsestlyonnais.fr\/site\/wp-content\/uploads\/2021\/01\/142659985_411201996624022_1852267690054401613_n-350x263.jpg 350w, https:\/\/newsestlyonnais.fr\/site\/wp-content\/uploads\/2021\/01\/142659985_411201996624022_1852267690054401613_n-450x338.jpg 450w, https:\/\/newsestlyonnais.fr\/site\/wp-content\/uploads\/2021\/01\/142659985_411201996624022_1852267690054401613_n-500x375.jpg 500w, https:\/\/newsestlyonnais.fr\/site\/wp-content\/uploads\/2021\/01\/142659985_411201996624022_1852267690054401613_n-550x413.jpg 550w, https:\/\/newsestlyonnais.fr\/site\/wp-content\/uploads\/2021\/01\/142659985_411201996624022_1852267690054401613_n-800x600.jpg 800w, https:\/\/newsestlyonnais.fr\/site\/wp-content\/uploads\/2021\/01\/142659985_411201996624022_1852267690054401613_n-1200x900.jpg 1200w, https:\/\/newsestlyonnais.fr\/site\/wp-content\/uploads\/2021\/01\/142659985_411201996624022_1852267690054401613_n-1600x1200.jpg 1600w, https:\/\/newsestlyonnais.fr\/site\/wp-content\/uploads\/2021\/01\/142659985_411201996624022_1852267690054401613_n-2000x1500.jpg 2000w, https:\/\/newsestlyonnais.fr\/site\/wp-content\/uploads\/2021\/01\/142659985_411201996624022_1852267690054401613_n-1320x990.jpg 1320w, https:\/\/newsestlyonnais.fr\/site\/wp-content\/uploads\/2021\/01\/142659985_411201996624022_1852267690054401613_n.jpg 2048w\" sizes=\"auto, (max-width: 150px) 100vw, 150px\" \/><\/a>\n\t\t\t<\/div><\/figure>\n\t\t<\/div>\n\n<hr \/>\n<hr \/>\n","protected":false},"excerpt":{"rendered":"<p>1 jour, 1 association | Quotidiennement, une association est pr\u00e9sent\u00e9e par un de ses dirigeants.<\/p>\n","protected":false},"author":4,"featured_media":123591,"comment_status":"open","ping_status":"open","sticky":false,"template":"","format":"standard","meta":{"footnotes":""},"categories":[3420,1352,2994,1296],"tags":[2339,3557,2039],"class_list":["post-123574","post","type-post","status-publish","format-standard","has-post-thumbnail","hentry","category-1-jour-1-association","category-judo","category-judo-karate-taekwondo-sports","category-sain-priest","tag-judo","tag-judo-club-st-priest","tag-saint-priest"],"yoast_head":"<!-- This site is optimized with the Yoast SEO plugin v27.2 - https:\/\/yoast.com\/product\/yoast-seo-wordpress\/ -->\n<title>Judo Club de Saint-Priest | &quot;la prochaine rentr\u00e9e risque d\u2019\u00eatre tr\u00e8s difficile&quot; - News Est Lyonnais<\/title>\n<meta name=\"description\" content=\"Judo Club de Saint-Priest | &quot;la prochaine rentr\u00e9e risque d\u2019\u00eatre tr\u00e8s difficile&quot;\" \/>\n<meta name=\"robots\" content=\"index, follow, max-snippet:-1, max-image-preview:large, max-video-preview:-1\" \/>\n<link rel=\"canonical\" href=\"https:\/\/newsestlyonnais.fr\/site\/2021\/01\/31\/judo-club-de-saint-priest-la-prochaine-rentree-risque-detre-tres-difficile\/\" \/>\n<meta property=\"og:locale\" content=\"fr_FR\" \/>\n<meta property=\"og:type\" content=\"article\" \/>\n<meta property=\"og:title\" content=\"Judo Club de Saint-Priest | &quot;la prochaine rentr\u00e9e risque d\u2019\u00eatre tr\u00e8s difficile&quot; - News Est Lyonnais\" \/>\n<meta property=\"og:description\" content=\"Judo Club de Saint-Priest | &quot;la prochaine rentr\u00e9e risque d\u2019\u00eatre tr\u00e8s difficile&quot;\" \/>\n<meta property=\"og:url\" content=\"https:\/\/newsestlyonnais.fr\/site\/2021\/01\/31\/judo-club-de-saint-priest-la-prochaine-rentree-risque-detre-tres-difficile\/\" \/>\n<meta property=\"og:site_name\" content=\"News Est Lyonnais\" \/>\n<meta property=\"article:author\" content=\"https:\/\/www.facebook.com\/pascal.oberson.1?fref=ts\" \/>\n<meta property=\"article:published_time\" content=\"2021-01-31T09:11:48+00:00\" \/>\n<meta property=\"article:modified_time\" content=\"2021-02-01T13:18:01+00:00\" \/>\n<meta property=\"og:image\" content=\"https:\/\/i1.wp.com\/newsestlyonnais.fr\/site\/wp-content\/uploads\/2021\/01\/124349323_926457497885536_4462905656755881376_n.jpg?fit=960%2C720&ssl=1\" \/>\n\t<meta property=\"og:image:width\" content=\"960\" \/>\n\t<meta property=\"og:image:height\" content=\"720\" \/>\n\t<meta property=\"og:image:type\" content=\"image\/jpeg\" \/>\n<meta name=\"author\" content=\"R\u00e9dac. NEWS\" \/>\n<meta name=\"twitter:card\" content=\"summary_large_image\" \/>\n<meta name=\"twitter:label1\" content=\"\u00c9crit par\" \/>\n\t<meta name=\"twitter:data1\" content=\"R\u00e9dac. NEWS\" \/>\n\t<meta name=\"twitter:label2\" content=\"Dur\u00e9e de lecture estim\u00e9e\" \/>\n\t<meta name=\"twitter:data2\" content=\"4 minutes\" \/>\n<script type=\"application\/ld+json\" class=\"yoast-schema-graph\">{\"@context\":\"https:\/\/schema.org\",\"@graph\":[{\"@type\":\"Article\",\"@id\":\"https:\/\/newsestlyonnais.fr\/site\/2021\/01\/31\/judo-club-de-saint-priest-la-prochaine-rentree-risque-detre-tres-difficile\/#article\",\"isPartOf\":{\"@id\":\"https:\/\/newsestlyonnais.fr\/site\/2021\/01\/31\/judo-club-de-saint-priest-la-prochaine-rentree-risque-detre-tres-difficile\/\"},\"author\":{\"name\":\"R\u00e9dac. NEWS\",\"@id\":\"https:\/\/newsestlyonnais.fr\/site\/#\/schema\/person\/3230d5615f390bb808365d673001e887\"},\"headline\":\"Judo Club de Saint-Priest | \u00ab\u00a0la prochaine rentr\u00e9e risque d\u2019\u00eatre tr\u00e8s difficile\u00a0\u00bb\",\"datePublished\":\"2021-01-31T09:11:48+00:00\",\"dateModified\":\"2021-02-01T13:18:01+00:00\",\"mainEntityOfPage\":{\"@id\":\"https:\/\/newsestlyonnais.fr\/site\/2021\/01\/31\/judo-club-de-saint-priest-la-prochaine-rentree-risque-detre-tres-difficile\/\"},\"wordCount\":744,\"commentCount\":1,\"publisher\":{\"@id\":\"https:\/\/newsestlyonnais.fr\/site\/#organization\"},\"image\":{\"@id\":\"https:\/\/newsestlyonnais.fr\/site\/2021\/01\/31\/judo-club-de-saint-priest-la-prochaine-rentree-risque-detre-tres-difficile\/#primaryimage\"},\"thumbnailUrl\":\"https:\/\/newsestlyonnais.fr\/site\/wp-content\/uploads\/2021\/01\/124349323_926457497885536_4462905656755881376_n.jpg\",\"keywords\":[\"JUDO\",\"JUDO CLUB ST PRIEST\",\"SAINT PRIEST\"],\"articleSection\":[\"1 jour, 1 association\",\"Judo\",\"Judo| Karat\u00e9| Taekwondo\",\"Saint-Priest\"],\"inLanguage\":\"fr-FR\",\"potentialAction\":[{\"@type\":\"CommentAction\",\"name\":\"Comment\",\"target\":[\"https:\/\/newsestlyonnais.fr\/site\/2021\/01\/31\/judo-club-de-saint-priest-la-prochaine-rentree-risque-detre-tres-difficile\/#respond\"]}]},{\"@type\":\"WebPage\",\"@id\":\"https:\/\/newsestlyonnais.fr\/site\/2021\/01\/31\/judo-club-de-saint-priest-la-prochaine-rentree-risque-detre-tres-difficile\/\",\"url\":\"https:\/\/newsestlyonnais.fr\/site\/2021\/01\/31\/judo-club-de-saint-priest-la-prochaine-rentree-risque-detre-tres-difficile\/\",\"name\":\"Judo Club de Saint-Priest | \\\"la prochaine rentr\u00e9e risque d\u2019\u00eatre tr\u00e8s difficile\\\" - News Est Lyonnais\",\"isPartOf\":{\"@id\":\"https:\/\/newsestlyonnais.fr\/site\/#website\"},\"primaryImageOfPage\":{\"@id\":\"https:\/\/newsestlyonnais.fr\/site\/2021\/01\/31\/judo-club-de-saint-priest-la-prochaine-rentree-risque-detre-tres-difficile\/#primaryimage\"},\"image\":{\"@id\":\"https:\/\/newsestlyonnais.fr\/site\/2021\/01\/31\/judo-club-de-saint-priest-la-prochaine-rentree-risque-detre-tres-difficile\/#primaryimage\"},\"thumbnailUrl\":\"https:\/\/newsestlyonnais.fr\/site\/wp-content\/uploads\/2021\/01\/124349323_926457497885536_4462905656755881376_n.jpg\",\"datePublished\":\"2021-01-31T09:11:48+00:00\",\"dateModified\":\"2021-02-01T13:18:01+00:00\",\"description\":\"Judo Club de Saint-Priest | \\\"la prochaine rentr\u00e9e risque d\u2019\u00eatre tr\u00e8s difficile\\\"\",\"breadcrumb\":{\"@id\":\"https:\/\/newsestlyonnais.fr\/site\/2021\/01\/31\/judo-club-de-saint-priest-la-prochaine-rentree-risque-detre-tres-difficile\/#breadcrumb\"},\"inLanguage\":\"fr-FR\",\"potentialAction\":[{\"@type\":\"ReadAction\",\"target\":[\"https:\/\/newsestlyonnais.fr\/site\/2021\/01\/31\/judo-club-de-saint-priest-la-prochaine-rentree-risque-detre-tres-difficile\/\"]}]},{\"@type\":\"ImageObject\",\"inLanguage\":\"fr-FR\",\"@id\":\"https:\/\/newsestlyonnais.fr\/site\/2021\/01\/31\/judo-club-de-saint-priest-la-prochaine-rentree-risque-detre-tres-difficile\/#primaryimage\",\"url\":\"https:\/\/newsestlyonnais.fr\/site\/wp-content\/uploads\/2021\/01\/124349323_926457497885536_4462905656755881376_n.jpg\",\"contentUrl\":\"https:\/\/newsestlyonnais.fr\/site\/wp-content\/uploads\/2021\/01\/124349323_926457497885536_4462905656755881376_n.jpg\",\"width\":960,\"height\":720},{\"@type\":\"BreadcrumbList\",\"@id\":\"https:\/\/newsestlyonnais.fr\/site\/2021\/01\/31\/judo-club-de-saint-priest-la-prochaine-rentree-risque-detre-tres-difficile\/#breadcrumb\",\"itemListElement\":[{\"@type\":\"ListItem\",\"position\":1,\"name\":\"Accueil\",\"item\":\"https:\/\/newsestlyonnais.fr\/site\/\"},{\"@type\":\"ListItem\",\"position\":2,\"name\":\"Judo Club de Saint-Priest | \u00ab\u00a0la prochaine rentr\u00e9e risque d\u2019\u00eatre tr\u00e8s difficile\u00a0\u00bb\"}]},{\"@type\":\"WebSite\",\"@id\":\"https:\/\/newsestlyonnais.fr\/site\/#website\",\"url\":\"https:\/\/newsestlyonnais.fr\/site\/\",\"name\":\"News Est Lyonnais\",\"description\":\"L&#039;actualit\u00e9 au plus pr\u00e8s\",\"publisher\":{\"@id\":\"https:\/\/newsestlyonnais.fr\/site\/#organization\"},\"potentialAction\":[{\"@type\":\"SearchAction\",\"target\":{\"@type\":\"EntryPoint\",\"urlTemplate\":\"https:\/\/newsestlyonnais.fr\/site\/?s={search_term_string}\"},\"query-input\":{\"@type\":\"PropertyValueSpecification\",\"valueRequired\":true,\"valueName\":\"search_term_string\"}}],\"inLanguage\":\"fr-FR\"},{\"@type\":\"Organization\",\"@id\":\"https:\/\/newsestlyonnais.fr\/site\/#organization\",\"name\":\"News EST LYONNAIS\",\"url\":\"https:\/\/newsestlyonnais.fr\/site\/\",\"logo\":{\"@type\":\"ImageObject\",\"inLanguage\":\"fr-FR\",\"@id\":\"https:\/\/newsestlyonnais.fr\/site\/#\/schema\/logo\/image\/\",\"url\":\"\",\"contentUrl\":\"\",\"caption\":\"News EST LYONNAIS\"},\"image\":{\"@id\":\"https:\/\/newsestlyonnais.fr\/site\/#\/schema\/logo\/image\/\"}},{\"@type\":\"Person\",\"@id\":\"https:\/\/newsestlyonnais.fr\/site\/#\/schema\/person\/3230d5615f390bb808365d673001e887\",\"name\":\"R\u00e9dac. NEWS\",\"sameAs\":[\"http:\/\/www.newsestlyonnais.fr\",\"https:\/\/www.facebook.com\/pascal.oberson.1?fref=ts\",\"https:\/\/fr.linkedin.com\/in\/pascal-oberson-b17045113\"],\"url\":\"https:\/\/newsestlyonnais.fr\/site\/author\/nel\/\"}]}<\/script>\n<!-- \/ Yoast SEO plugin. -->","yoast_head_json":{"title":"Judo Club de Saint-Priest | \"la prochaine rentr\u00e9e risque d\u2019\u00eatre tr\u00e8s difficile\" - News Est Lyonnais","description":"Judo Club de Saint-Priest | \"la prochaine rentr\u00e9e risque d\u2019\u00eatre tr\u00e8s difficile\"","robots":{"index":"index","follow":"follow","max-snippet":"max-snippet:-1","max-image-preview":"max-image-preview:large","max-video-preview":"max-video-preview:-1"},"canonical":"https:\/\/newsestlyonnais.fr\/site\/2021\/01\/31\/judo-club-de-saint-priest-la-prochaine-rentree-risque-detre-tres-difficile\/","og_locale":"fr_FR","og_type":"article","og_title":"Judo Club de Saint-Priest | \"la prochaine rentr\u00e9e risque d\u2019\u00eatre tr\u00e8s difficile\" - News Est Lyonnais","og_description":"Judo Club de Saint-Priest | \"la prochaine rentr\u00e9e risque d\u2019\u00eatre tr\u00e8s difficile\"","og_url":"https:\/\/newsestlyonnais.fr\/site\/2021\/01\/31\/judo-club-de-saint-priest-la-prochaine-rentree-risque-detre-tres-difficile\/","og_site_name":"News Est Lyonnais","article_author":"https:\/\/www.facebook.com\/pascal.oberson.1?fref=ts","article_published_time":"2021-01-31T09:11:48+00:00","article_modified_time":"2021-02-01T13:18:01+00:00","og_image":[{"width":960,"height":720,"url":"https:\/\/i1.wp.com\/newsestlyonnais.fr\/site\/wp-content\/uploads\/2021\/01\/124349323_926457497885536_4462905656755881376_n.jpg?fit=960%2C720&ssl=1","type":"image\/jpeg"}],"author":"R\u00e9dac. NEWS","twitter_card":"summary_large_image","twitter_misc":{"\u00c9crit par":"R\u00e9dac. NEWS","Dur\u00e9e de lecture estim\u00e9e":"4 minutes"},"schema":{"@context":"https:\/\/schema.org","@graph":[{"@type":"Article","@id":"https:\/\/newsestlyonnais.fr\/site\/2021\/01\/31\/judo-club-de-saint-priest-la-prochaine-rentree-risque-detre-tres-difficile\/#article","isPartOf":{"@id":"https:\/\/newsestlyonnais.fr\/site\/2021\/01\/31\/judo-club-de-saint-priest-la-prochaine-rentree-risque-detre-tres-difficile\/"},"author":{"name":"R\u00e9dac. NEWS","@id":"https:\/\/newsestlyonnais.fr\/site\/#\/schema\/person\/3230d5615f390bb808365d673001e887"},"headline":"Judo Club de Saint-Priest | \u00ab\u00a0la prochaine rentr\u00e9e risque d\u2019\u00eatre tr\u00e8s difficile\u00a0\u00bb","datePublished":"2021-01-31T09:11:48+00:00","dateModified":"2021-02-01T13:18:01+00:00","mainEntityOfPage":{"@id":"https:\/\/newsestlyonnais.fr\/site\/2021\/01\/31\/judo-club-de-saint-priest-la-prochaine-rentree-risque-detre-tres-difficile\/"},"wordCount":744,"commentCount":1,"publisher":{"@id":"https:\/\/newsestlyonnais.fr\/site\/#organization"},"image":{"@id":"https:\/\/newsestlyonnais.fr\/site\/2021\/01\/31\/judo-club-de-saint-priest-la-prochaine-rentree-risque-detre-tres-difficile\/#primaryimage"},"thumbnailUrl":"https:\/\/newsestlyonnais.fr\/site\/wp-content\/uploads\/2021\/01\/124349323_926457497885536_4462905656755881376_n.jpg","keywords":["JUDO","JUDO CLUB ST PRIEST","SAINT PRIEST"],"articleSection":["1 jour, 1 association","Judo","Judo| Karat\u00e9| Taekwondo","Saint-Priest"],"inLanguage":"fr-FR","potentialAction":[{"@type":"CommentAction","name":"Comment","target":["https:\/\/newsestlyonnais.fr\/site\/2021\/01\/31\/judo-club-de-saint-priest-la-prochaine-rentree-risque-detre-tres-difficile\/#respond"]}]},{"@type":"WebPage","@id":"https:\/\/newsestlyonnais.fr\/site\/2021\/01\/31\/judo-club-de-saint-priest-la-prochaine-rentree-risque-detre-tres-difficile\/","url":"https:\/\/newsestlyonnais.fr\/site\/2021\/01\/31\/judo-club-de-saint-priest-la-prochaine-rentree-risque-detre-tres-difficile\/","name":"Judo Club de Saint-Priest | \"la prochaine rentr\u00e9e risque d\u2019\u00eatre tr\u00e8s difficile\" - News Est Lyonnais","isPartOf":{"@id":"https:\/\/newsestlyonnais.fr\/site\/#website"},"primaryImageOfPage":{"@id":"https:\/\/newsestlyonnais.fr\/site\/2021\/01\/31\/judo-club-de-saint-priest-la-prochaine-rentree-risque-detre-tres-difficile\/#primaryimage"},"image":{"@id":"https:\/\/newsestlyonnais.fr\/site\/2021\/01\/31\/judo-club-de-saint-priest-la-prochaine-rentree-risque-detre-tres-difficile\/#primaryimage"},"thumbnailUrl":"https:\/\/newsestlyonnais.fr\/site\/wp-content\/uploads\/2021\/01\/124349323_926457497885536_4462905656755881376_n.jpg","datePublished":"2021-01-31T09:11:48+00:00","dateModified":"2021-02-01T13:18:01+00:00","description":"Judo Club de Saint-Priest | \"la prochaine rentr\u00e9e risque d\u2019\u00eatre tr\u00e8s difficile\"","breadcrumb":{"@id":"https:\/\/newsestlyonnais.fr\/site\/2021\/01\/31\/judo-club-de-saint-priest-la-prochaine-rentree-risque-detre-tres-difficile\/#breadcrumb"},"inLanguage":"fr-FR","potentialAction":[{"@type":"ReadAction","target":["https:\/\/newsestlyonnais.fr\/site\/2021\/01\/31\/judo-club-de-saint-priest-la-prochaine-rentree-risque-detre-tres-difficile\/"]}]},{"@type":"ImageObject","inLanguage":"fr-FR","@id":"https:\/\/newsestlyonnais.fr\/site\/2021\/01\/31\/judo-club-de-saint-priest-la-prochaine-rentree-risque-detre-tres-difficile\/#primaryimage","url":"https:\/\/newsestlyonnais.fr\/site\/wp-content\/uploads\/2021\/01\/124349323_926457497885536_4462905656755881376_n.jpg","contentUrl":"https:\/\/newsestlyonnais.fr\/site\/wp-content\/uploads\/2021\/01\/124349323_926457497885536_4462905656755881376_n.jpg","width":960,"height":720},{"@type":"BreadcrumbList","@id":"https:\/\/newsestlyonnais.fr\/site\/2021\/01\/31\/judo-club-de-saint-priest-la-prochaine-rentree-risque-detre-tres-difficile\/#breadcrumb","itemListElement":[{"@type":"ListItem","position":1,"name":"Accueil","item":"https:\/\/newsestlyonnais.fr\/site\/"},{"@type":"ListItem","position":2,"name":"Judo Club de Saint-Priest | \u00ab\u00a0la prochaine rentr\u00e9e risque d\u2019\u00eatre tr\u00e8s difficile\u00a0\u00bb"}]},{"@type":"WebSite","@id":"https:\/\/newsestlyonnais.fr\/site\/#website","url":"https:\/\/newsestlyonnais.fr\/site\/","name":"News Est Lyonnais","description":"L&#039;actualit\u00e9 au plus pr\u00e8s","publisher":{"@id":"https:\/\/newsestlyonnais.fr\/site\/#organization"},"potentialAction":[{"@type":"SearchAction","target":{"@type":"EntryPoint","urlTemplate":"https:\/\/newsestlyonnais.fr\/site\/?s={search_term_string}"},"query-input":{"@type":"PropertyValueSpecification","valueRequired":true,"valueName":"search_term_string"}}],"inLanguage":"fr-FR"},{"@type":"Organization","@id":"https:\/\/newsestlyonnais.fr\/site\/#organization","name":"News EST LYONNAIS","url":"https:\/\/newsestlyonnais.fr\/site\/","logo":{"@type":"ImageObject","inLanguage":"fr-FR","@id":"https:\/\/newsestlyonnais.fr\/site\/#\/schema\/logo\/image\/","url":"","contentUrl":"","caption":"News EST LYONNAIS"},"image":{"@id":"https:\/\/newsestlyonnais.fr\/site\/#\/schema\/logo\/image\/"}},{"@type":"Person","@id":"https:\/\/newsestlyonnais.fr\/site\/#\/schema\/person\/3230d5615f390bb808365d673001e887","name":"R\u00e9dac. NEWS","sameAs":["http:\/\/www.newsestlyonnais.fr","https:\/\/www.facebook.com\/pascal.oberson.1?fref=ts","https:\/\/fr.linkedin.com\/in\/pascal-oberson-b17045113"],"url":"https:\/\/newsestlyonnais.fr\/site\/author\/nel\/"}]}},"_links":{"self":[{"href":"https:\/\/newsestlyonnais.fr\/site\/wp-json\/wp\/v2\/posts\/123574","targetHints":{"allow":["GET"]}}],"collection":[{"href":"https:\/\/newsestlyonnais.fr\/site\/wp-json\/wp\/v2\/posts"}],"about":[{"href":"https:\/\/newsestlyonnais.fr\/site\/wp-json\/wp\/v2\/types\/post"}],"author":[{"embeddable":true,"href":"https:\/\/newsestlyonnais.fr\/site\/wp-json\/wp\/v2\/users\/4"}],"replies":[{"embeddable":true,"href":"https:\/\/newsestlyonnais.fr\/site\/wp-json\/wp\/v2\/comments?post=123574"}],"version-history":[{"count":0,"href":"https:\/\/newsestlyonnais.fr\/site\/wp-json\/wp\/v2\/posts\/123574\/revisions"}],"wp:featuredmedia":[{"embeddable":true,"href":"https:\/\/newsestlyonnais.fr\/site\/wp-json\/wp\/v2\/media\/123591"}],"wp:attachment":[{"href":"https:\/\/newsestlyonnais.fr\/site\/wp-json\/wp\/v2\/media?parent=123574"}],"wp:term":[{"taxonomy":"category","embeddable":true,"href":"https:\/\/newsestlyonnais.fr\/site\/wp-json\/wp\/v2\/categories?post=123574"},{"taxonomy":"post_tag","embeddable":true,"href":"https:\/\/newsestlyonnais.fr\/site\/wp-json\/wp\/v2\/tags?post=123574"}],"curies":[{"name":"wp","href":"https:\/\/api.w.org\/{rel}","templated":true}]}}