{"id":123659,"date":"2021-01-31T19:46:32","date_gmt":"2021-01-31T18:46:32","guid":{"rendered":"http:\/\/newsestlyonnais.fr\/site\/?p=123659"},"modified":"2021-02-02T18:38:01","modified_gmt":"2021-02-02T17:38:01","slug":"feyzin-venissieux-podium-et-record-personnel-pour-le-marcheur-faustin-garreau","status":"publish","type":"post","link":"https:\/\/newsestlyonnais.fr\/site\/2021\/01\/31\/feyzin-venissieux-podium-et-record-personnel-pour-le-marcheur-faustin-garreau\/","title":{"rendered":"Feyzin-V\u00e9nissieux | Podium, record pour Faustin Garreau"},"content":{"rendered":"<p>Une manifestation sportive r\u00e9serv\u00e9e aux meilleurs athl\u00e8tes qui, comme le genassien Faustin Garreau, sont inscrits sur liste minist\u00e9rielle.<\/p>\n<p><strong>Faustin engag\u00e9 sur l\u2019\u00e9preuve du 5.000 m marche a pris la 3\u00b0 place en bouclant la distance en 22\u201937\u2019\u201952<\/strong>. Il am\u00e9liore de nouveau son record personnel qui \u00e9tait de 23\u201915\u2019\u201919 en plein air et 23\u201923\u2019\u201944 en salle.<\/p>\n<p>Une belle progression de Faustin pour sa premi\u00e8re ann\u00e9e dans la cat\u00e9gorie junior et une grande satisfaction pour son entraineur Patrick Bonvarlet et pour son club l\u2019AFA-FEYZIN-VENISSIEUX.<\/p>\n<hr \/>\n<p><em><strong>PHOTO A LA UNE<\/strong><\/em> : Faustin Garreau et 2 athl\u00e8tes d\u2019Aix les Bains avec qui il partage le podium.<\/p>\n<hr \/>\n<ul>\n<li><span style=\"font-size: 14pt;\"><strong>Classements \u00e0 retrouver sur :\u00a0<span style=\"color: #0000ff;\"><a style=\"color: #0000ff;\" href=\"https:\/\/athletisme-aura.fr\">https:\/\/athletisme-aura.fr<\/a><\/span><\/strong><\/span><\/li>\n<\/ul>\n<hr \/>\n<hr \/>\n<p>&nbsp;<\/p>\n","protected":false},"excerpt":{"rendered":"<p>L&rsquo;athl\u00e8te de l\u2019AFA-Feyzin-V\u00e9nissieux participait ce dimanche au meeting AURA \u00e0 la salle St\u00e9phane Diagana \u00e0 Lyon Duch\u00e8re.<\/p>\n","protected":false},"author":4,"featured_media":123663,"comment_status":"open","ping_status":"open","sticky":false,"template":"","format":"standard","meta":{"footnotes":""},"categories":[2968,1287,2,1298],"tags":[],"class_list":["post-123659","post","type-post","status-publish","format-standard","has-post-thumbnail","hentry","category-athle-course-pied-marche","category-corbas-feyzin","category-sports","category-venissieux"],"yoast_head":"<!-- This site is optimized with the Yoast SEO plugin v27.2 - https:\/\/yoast.com\/product\/yoast-seo-wordpress\/ -->\n<title>Feyzin-V\u00e9nissieux | Podium, record pour Faustin Garreau - News Est Lyonnais<\/title>\n<meta name=\"description\" content=\"FEYZIN-VENISSIEUX | Podium et record personnel pour le marcheur Faustin Garreau\" \/>\n<meta name=\"robots\" content=\"index, follow, max-snippet:-1, max-image-preview:large, max-video-preview:-1\" \/>\n<link rel=\"canonical\" href=\"https:\/\/newsestlyonnais.fr\/site\/2021\/01\/31\/feyzin-venissieux-podium-et-record-personnel-pour-le-marcheur-faustin-garreau\/\" \/>\n<meta property=\"og:locale\" content=\"fr_FR\" \/>\n<meta property=\"og:type\" content=\"article\" \/>\n<meta property=\"og:title\" content=\"Feyzin-V\u00e9nissieux | Podium, record pour Faustin Garreau - News Est Lyonnais\" \/>\n<meta property=\"og:description\" content=\"FEYZIN-VENISSIEUX | Podium et record personnel pour le marcheur Faustin Garreau\" \/>\n<meta property=\"og:url\" content=\"https:\/\/newsestlyonnais.fr\/site\/2021\/01\/31\/feyzin-venissieux-podium-et-record-personnel-pour-le-marcheur-faustin-garreau\/\" \/>\n<meta property=\"og:site_name\" content=\"News Est Lyonnais\" \/>\n<meta property=\"article:author\" content=\"https:\/\/www.facebook.com\/pascal.oberson.1?fref=ts\" \/>\n<meta property=\"article:published_time\" content=\"2021-01-31T18:46:32+00:00\" \/>\n<meta property=\"article:modified_time\" content=\"2021-02-02T17:38:01+00:00\" \/>\n<meta property=\"og:image\" content=\"https:\/\/i0.wp.com\/newsestlyonnais.fr\/site\/wp-content\/uploads\/2021\/01\/UHLL1797.jpg?fit=1024%2C768&ssl=1\" \/>\n\t<meta property=\"og:image:width\" content=\"1024\" \/>\n\t<meta property=\"og:image:height\" content=\"768\" \/>\n\t<meta property=\"og:image:type\" content=\"image\/jpeg\" \/>\n<meta name=\"author\" content=\"R\u00e9dac. NEWS\" \/>\n<meta name=\"twitter:card\" content=\"summary_large_image\" \/>\n<meta name=\"twitter:label1\" content=\"\u00c9crit par\" \/>\n\t<meta name=\"twitter:data1\" content=\"R\u00e9dac. NEWS\" \/>\n\t<meta name=\"twitter:label2\" content=\"Dur\u00e9e de lecture estim\u00e9e\" \/>\n\t<meta name=\"twitter:data2\" content=\"1 minute\" \/>\n<script type=\"application\/ld+json\" class=\"yoast-schema-graph\">{\"@context\":\"https:\/\/schema.org\",\"@graph\":[{\"@type\":\"Article\",\"@id\":\"https:\/\/newsestlyonnais.fr\/site\/2021\/01\/31\/feyzin-venissieux-podium-et-record-personnel-pour-le-marcheur-faustin-garreau\/#article\",\"isPartOf\":{\"@id\":\"https:\/\/newsestlyonnais.fr\/site\/2021\/01\/31\/feyzin-venissieux-podium-et-record-personnel-pour-le-marcheur-faustin-garreau\/\"},\"author\":{\"name\":\"R\u00e9dac. NEWS\",\"@id\":\"https:\/\/newsestlyonnais.fr\/site\/#\/schema\/person\/3230d5615f390bb808365d673001e887\"},\"headline\":\"Feyzin-V\u00e9nissieux | Podium, record pour Faustin Garreau\",\"datePublished\":\"2021-01-31T18:46:32+00:00\",\"dateModified\":\"2021-02-02T17:38:01+00:00\",\"mainEntityOfPage\":{\"@id\":\"https:\/\/newsestlyonnais.fr\/site\/2021\/01\/31\/feyzin-venissieux-podium-et-record-personnel-pour-le-marcheur-faustin-garreau\/\"},\"wordCount\":120,\"commentCount\":0,\"publisher\":{\"@id\":\"https:\/\/newsestlyonnais.fr\/site\/#organization\"},\"image\":{\"@id\":\"https:\/\/newsestlyonnais.fr\/site\/2021\/01\/31\/feyzin-venissieux-podium-et-record-personnel-pour-le-marcheur-faustin-garreau\/#primaryimage\"},\"thumbnailUrl\":\"https:\/\/newsestlyonnais.fr\/site\/wp-content\/uploads\/2021\/01\/UHLL1797.jpg\",\"articleSection\":[\"Athl\u00e9 | Course pied | Marche\",\"Corbas | Feyzin\",\"Sports\",\"V\u00e9nissieux\"],\"inLanguage\":\"fr-FR\",\"potentialAction\":[{\"@type\":\"CommentAction\",\"name\":\"Comment\",\"target\":[\"https:\/\/newsestlyonnais.fr\/site\/2021\/01\/31\/feyzin-venissieux-podium-et-record-personnel-pour-le-marcheur-faustin-garreau\/#respond\"]}]},{\"@type\":\"WebPage\",\"@id\":\"https:\/\/newsestlyonnais.fr\/site\/2021\/01\/31\/feyzin-venissieux-podium-et-record-personnel-pour-le-marcheur-faustin-garreau\/\",\"url\":\"https:\/\/newsestlyonnais.fr\/site\/2021\/01\/31\/feyzin-venissieux-podium-et-record-personnel-pour-le-marcheur-faustin-garreau\/\",\"name\":\"Feyzin-V\u00e9nissieux | Podium, record pour Faustin Garreau - News Est Lyonnais\",\"isPartOf\":{\"@id\":\"https:\/\/newsestlyonnais.fr\/site\/#website\"},\"primaryImageOfPage\":{\"@id\":\"https:\/\/newsestlyonnais.fr\/site\/2021\/01\/31\/feyzin-venissieux-podium-et-record-personnel-pour-le-marcheur-faustin-garreau\/#primaryimage\"},\"image\":{\"@id\":\"https:\/\/newsestlyonnais.fr\/site\/2021\/01\/31\/feyzin-venissieux-podium-et-record-personnel-pour-le-marcheur-faustin-garreau\/#primaryimage\"},\"thumbnailUrl\":\"https:\/\/newsestlyonnais.fr\/site\/wp-content\/uploads\/2021\/01\/UHLL1797.jpg\",\"datePublished\":\"2021-01-31T18:46:32+00:00\",\"dateModified\":\"2021-02-02T17:38:01+00:00\",\"description\":\"FEYZIN-VENISSIEUX | Podium et record personnel pour le marcheur Faustin Garreau\",\"breadcrumb\":{\"@id\":\"https:\/\/newsestlyonnais.fr\/site\/2021\/01\/31\/feyzin-venissieux-podium-et-record-personnel-pour-le-marcheur-faustin-garreau\/#breadcrumb\"},\"inLanguage\":\"fr-FR\",\"potentialAction\":[{\"@type\":\"ReadAction\",\"target\":[\"https:\/\/newsestlyonnais.fr\/site\/2021\/01\/31\/feyzin-venissieux-podium-et-record-personnel-pour-le-marcheur-faustin-garreau\/\"]}]},{\"@type\":\"ImageObject\",\"inLanguage\":\"fr-FR\",\"@id\":\"https:\/\/newsestlyonnais.fr\/site\/2021\/01\/31\/feyzin-venissieux-podium-et-record-personnel-pour-le-marcheur-faustin-garreau\/#primaryimage\",\"url\":\"https:\/\/newsestlyonnais.fr\/site\/wp-content\/uploads\/2021\/01\/UHLL1797.jpg\",\"contentUrl\":\"https:\/\/newsestlyonnais.fr\/site\/wp-content\/uploads\/2021\/01\/UHLL1797.jpg\",\"width\":1024,\"height\":768},{\"@type\":\"BreadcrumbList\",\"@id\":\"https:\/\/newsestlyonnais.fr\/site\/2021\/01\/31\/feyzin-venissieux-podium-et-record-personnel-pour-le-marcheur-faustin-garreau\/#breadcrumb\",\"itemListElement\":[{\"@type\":\"ListItem\",\"position\":1,\"name\":\"Accueil\",\"item\":\"https:\/\/newsestlyonnais.fr\/site\/\"},{\"@type\":\"ListItem\",\"position\":2,\"name\":\"Feyzin-V\u00e9nissieux | Podium, record pour Faustin Garreau\"}]},{\"@type\":\"WebSite\",\"@id\":\"https:\/\/newsestlyonnais.fr\/site\/#website\",\"url\":\"https:\/\/newsestlyonnais.fr\/site\/\",\"name\":\"News Est Lyonnais\",\"description\":\"L&#039;actualit\u00e9 au plus pr\u00e8s\",\"publisher\":{\"@id\":\"https:\/\/newsestlyonnais.fr\/site\/#organization\"},\"potentialAction\":[{\"@type\":\"SearchAction\",\"target\":{\"@type\":\"EntryPoint\",\"urlTemplate\":\"https:\/\/newsestlyonnais.fr\/site\/?s={search_term_string}\"},\"query-input\":{\"@type\":\"PropertyValueSpecification\",\"valueRequired\":true,\"valueName\":\"search_term_string\"}}],\"inLanguage\":\"fr-FR\"},{\"@type\":\"Organization\",\"@id\":\"https:\/\/newsestlyonnais.fr\/site\/#organization\",\"name\":\"News EST LYONNAIS\",\"url\":\"https:\/\/newsestlyonnais.fr\/site\/\",\"logo\":{\"@type\":\"ImageObject\",\"inLanguage\":\"fr-FR\",\"@id\":\"https:\/\/newsestlyonnais.fr\/site\/#\/schema\/logo\/image\/\",\"url\":\"\",\"contentUrl\":\"\",\"caption\":\"News EST LYONNAIS\"},\"image\":{\"@id\":\"https:\/\/newsestlyonnais.fr\/site\/#\/schema\/logo\/image\/\"}},{\"@type\":\"Person\",\"@id\":\"https:\/\/newsestlyonnais.fr\/site\/#\/schema\/person\/3230d5615f390bb808365d673001e887\",\"name\":\"R\u00e9dac. NEWS\",\"sameAs\":[\"http:\/\/www.newsestlyonnais.fr\",\"https:\/\/www.facebook.com\/pascal.oberson.1?fref=ts\",\"https:\/\/fr.linkedin.com\/in\/pascal-oberson-b17045113\"],\"url\":\"https:\/\/newsestlyonnais.fr\/site\/author\/nel\/\"}]}<\/script>\n<!-- \/ Yoast SEO plugin. -->","yoast_head_json":{"title":"Feyzin-V\u00e9nissieux | Podium, record pour Faustin Garreau - News Est Lyonnais","description":"FEYZIN-VENISSIEUX | Podium et record personnel pour le marcheur Faustin Garreau","robots":{"index":"index","follow":"follow","max-snippet":"max-snippet:-1","max-image-preview":"max-image-preview:large","max-video-preview":"max-video-preview:-1"},"canonical":"https:\/\/newsestlyonnais.fr\/site\/2021\/01\/31\/feyzin-venissieux-podium-et-record-personnel-pour-le-marcheur-faustin-garreau\/","og_locale":"fr_FR","og_type":"article","og_title":"Feyzin-V\u00e9nissieux | Podium, record pour Faustin Garreau - News Est Lyonnais","og_description":"FEYZIN-VENISSIEUX | Podium et record personnel pour le marcheur Faustin Garreau","og_url":"https:\/\/newsestlyonnais.fr\/site\/2021\/01\/31\/feyzin-venissieux-podium-et-record-personnel-pour-le-marcheur-faustin-garreau\/","og_site_name":"News Est Lyonnais","article_author":"https:\/\/www.facebook.com\/pascal.oberson.1?fref=ts","article_published_time":"2021-01-31T18:46:32+00:00","article_modified_time":"2021-02-02T17:38:01+00:00","og_image":[{"width":1024,"height":768,"url":"https:\/\/i0.wp.com\/newsestlyonnais.fr\/site\/wp-content\/uploads\/2021\/01\/UHLL1797.jpg?fit=1024%2C768&ssl=1","type":"image\/jpeg"}],"author":"R\u00e9dac. NEWS","twitter_card":"summary_large_image","twitter_misc":{"\u00c9crit par":"R\u00e9dac. NEWS","Dur\u00e9e de lecture estim\u00e9e":"1 minute"},"schema":{"@context":"https:\/\/schema.org","@graph":[{"@type":"Article","@id":"https:\/\/newsestlyonnais.fr\/site\/2021\/01\/31\/feyzin-venissieux-podium-et-record-personnel-pour-le-marcheur-faustin-garreau\/#article","isPartOf":{"@id":"https:\/\/newsestlyonnais.fr\/site\/2021\/01\/31\/feyzin-venissieux-podium-et-record-personnel-pour-le-marcheur-faustin-garreau\/"},"author":{"name":"R\u00e9dac. NEWS","@id":"https:\/\/newsestlyonnais.fr\/site\/#\/schema\/person\/3230d5615f390bb808365d673001e887"},"headline":"Feyzin-V\u00e9nissieux | Podium, record pour Faustin Garreau","datePublished":"2021-01-31T18:46:32+00:00","dateModified":"2021-02-02T17:38:01+00:00","mainEntityOfPage":{"@id":"https:\/\/newsestlyonnais.fr\/site\/2021\/01\/31\/feyzin-venissieux-podium-et-record-personnel-pour-le-marcheur-faustin-garreau\/"},"wordCount":120,"commentCount":0,"publisher":{"@id":"https:\/\/newsestlyonnais.fr\/site\/#organization"},"image":{"@id":"https:\/\/newsestlyonnais.fr\/site\/2021\/01\/31\/feyzin-venissieux-podium-et-record-personnel-pour-le-marcheur-faustin-garreau\/#primaryimage"},"thumbnailUrl":"https:\/\/newsestlyonnais.fr\/site\/wp-content\/uploads\/2021\/01\/UHLL1797.jpg","articleSection":["Athl\u00e9 | Course pied | Marche","Corbas | Feyzin","Sports","V\u00e9nissieux"],"inLanguage":"fr-FR","potentialAction":[{"@type":"CommentAction","name":"Comment","target":["https:\/\/newsestlyonnais.fr\/site\/2021\/01\/31\/feyzin-venissieux-podium-et-record-personnel-pour-le-marcheur-faustin-garreau\/#respond"]}]},{"@type":"WebPage","@id":"https:\/\/newsestlyonnais.fr\/site\/2021\/01\/31\/feyzin-venissieux-podium-et-record-personnel-pour-le-marcheur-faustin-garreau\/","url":"https:\/\/newsestlyonnais.fr\/site\/2021\/01\/31\/feyzin-venissieux-podium-et-record-personnel-pour-le-marcheur-faustin-garreau\/","name":"Feyzin-V\u00e9nissieux | Podium, record pour Faustin Garreau - News Est Lyonnais","isPartOf":{"@id":"https:\/\/newsestlyonnais.fr\/site\/#website"},"primaryImageOfPage":{"@id":"https:\/\/newsestlyonnais.fr\/site\/2021\/01\/31\/feyzin-venissieux-podium-et-record-personnel-pour-le-marcheur-faustin-garreau\/#primaryimage"},"image":{"@id":"https:\/\/newsestlyonnais.fr\/site\/2021\/01\/31\/feyzin-venissieux-podium-et-record-personnel-pour-le-marcheur-faustin-garreau\/#primaryimage"},"thumbnailUrl":"https:\/\/newsestlyonnais.fr\/site\/wp-content\/uploads\/2021\/01\/UHLL1797.jpg","datePublished":"2021-01-31T18:46:32+00:00","dateModified":"2021-02-02T17:38:01+00:00","description":"FEYZIN-VENISSIEUX | Podium et record personnel pour le marcheur Faustin Garreau","breadcrumb":{"@id":"https:\/\/newsestlyonnais.fr\/site\/2021\/01\/31\/feyzin-venissieux-podium-et-record-personnel-pour-le-marcheur-faustin-garreau\/#breadcrumb"},"inLanguage":"fr-FR","potentialAction":[{"@type":"ReadAction","target":["https:\/\/newsestlyonnais.fr\/site\/2021\/01\/31\/feyzin-venissieux-podium-et-record-personnel-pour-le-marcheur-faustin-garreau\/"]}]},{"@type":"ImageObject","inLanguage":"fr-FR","@id":"https:\/\/newsestlyonnais.fr\/site\/2021\/01\/31\/feyzin-venissieux-podium-et-record-personnel-pour-le-marcheur-faustin-garreau\/#primaryimage","url":"https:\/\/newsestlyonnais.fr\/site\/wp-content\/uploads\/2021\/01\/UHLL1797.jpg","contentUrl":"https:\/\/newsestlyonnais.fr\/site\/wp-content\/uploads\/2021\/01\/UHLL1797.jpg","width":1024,"height":768},{"@type":"BreadcrumbList","@id":"https:\/\/newsestlyonnais.fr\/site\/2021\/01\/31\/feyzin-venissieux-podium-et-record-personnel-pour-le-marcheur-faustin-garreau\/#breadcrumb","itemListElement":[{"@type":"ListItem","position":1,"name":"Accueil","item":"https:\/\/newsestlyonnais.fr\/site\/"},{"@type":"ListItem","position":2,"name":"Feyzin-V\u00e9nissieux | Podium, record pour Faustin Garreau"}]},{"@type":"WebSite","@id":"https:\/\/newsestlyonnais.fr\/site\/#website","url":"https:\/\/newsestlyonnais.fr\/site\/","name":"News Est Lyonnais","description":"L&#039;actualit\u00e9 au plus pr\u00e8s","publisher":{"@id":"https:\/\/newsestlyonnais.fr\/site\/#organization"},"potentialAction":[{"@type":"SearchAction","target":{"@type":"EntryPoint","urlTemplate":"https:\/\/newsestlyonnais.fr\/site\/?s={search_term_string}"},"query-input":{"@type":"PropertyValueSpecification","valueRequired":true,"valueName":"search_term_string"}}],"inLanguage":"fr-FR"},{"@type":"Organization","@id":"https:\/\/newsestlyonnais.fr\/site\/#organization","name":"News EST LYONNAIS","url":"https:\/\/newsestlyonnais.fr\/site\/","logo":{"@type":"ImageObject","inLanguage":"fr-FR","@id":"https:\/\/newsestlyonnais.fr\/site\/#\/schema\/logo\/image\/","url":"","contentUrl":"","caption":"News EST LYONNAIS"},"image":{"@id":"https:\/\/newsestlyonnais.fr\/site\/#\/schema\/logo\/image\/"}},{"@type":"Person","@id":"https:\/\/newsestlyonnais.fr\/site\/#\/schema\/person\/3230d5615f390bb808365d673001e887","name":"R\u00e9dac. NEWS","sameAs":["http:\/\/www.newsestlyonnais.fr","https:\/\/www.facebook.com\/pascal.oberson.1?fref=ts","https:\/\/fr.linkedin.com\/in\/pascal-oberson-b17045113"],"url":"https:\/\/newsestlyonnais.fr\/site\/author\/nel\/"}]}},"_links":{"self":[{"href":"https:\/\/newsestlyonnais.fr\/site\/wp-json\/wp\/v2\/posts\/123659","targetHints":{"allow":["GET"]}}],"collection":[{"href":"https:\/\/newsestlyonnais.fr\/site\/wp-json\/wp\/v2\/posts"}],"about":[{"href":"https:\/\/newsestlyonnais.fr\/site\/wp-json\/wp\/v2\/types\/post"}],"author":[{"embeddable":true,"href":"https:\/\/newsestlyonnais.fr\/site\/wp-json\/wp\/v2\/users\/4"}],"replies":[{"embeddable":true,"href":"https:\/\/newsestlyonnais.fr\/site\/wp-json\/wp\/v2\/comments?post=123659"}],"version-history":[{"count":0,"href":"https:\/\/newsestlyonnais.fr\/site\/wp-json\/wp\/v2\/posts\/123659\/revisions"}],"wp:featuredmedia":[{"embeddable":true,"href":"https:\/\/newsestlyonnais.fr\/site\/wp-json\/wp\/v2\/media\/123663"}],"wp:attachment":[{"href":"https:\/\/newsestlyonnais.fr\/site\/wp-json\/wp\/v2\/media?parent=123659"}],"wp:term":[{"taxonomy":"category","embeddable":true,"href":"https:\/\/newsestlyonnais.fr\/site\/wp-json\/wp\/v2\/categories?post=123659"},{"taxonomy":"post_tag","embeddable":true,"href":"https:\/\/newsestlyonnais.fr\/site\/wp-json\/wp\/v2\/tags?post=123659"}],"curies":[{"name":"wp","href":"https:\/\/api.w.org\/{rel}","templated":true}]}}