{"id":123711,"date":"2021-02-01T14:33:40","date_gmt":"2021-02-01T13:33:40","guid":{"rendered":"http:\/\/newsestlyonnais.fr\/site\/?p=123711"},"modified":"2021-02-01T14:33:40","modified_gmt":"2021-02-01T13:33:40","slug":"lyon-deux-nouveaux-parcs-labellises-eco-jardin","status":"publish","type":"post","link":"https:\/\/newsestlyonnais.fr\/site\/2021\/02\/01\/lyon-deux-nouveaux-parcs-labellises-eco-jardin\/","title":{"rendered":"LYON | Deux nouveaux parcs labellis\u00e9s \u00ab Eco-jardin \u00bb"},"content":{"rendered":"<div class=\"BLOC-chapeau full\">\n<div class=\"description\">\n<p><strong>La promotion 2020 du label \u00ab Eco-jardin \u00bb a distingu\u00e9 les parcs de la T\u00eate d\u2019Or (6\u00b0) et du Vallon (9\u00b0).<\/strong> Dans le m\u00eame temps, le label a \u00e9t\u00e9 renouvel\u00e9 pour les parcs de Gerland-Henry Chabert, de la Cerisaie et le Br\u00e9tillod.<\/p>\n<hr \/>\n<\/div>\n<\/div>\n<div class=\"field field--name-field-content field--type-entity-reference-revisions field--label-visually_hidden\">\n<div class=\"field__items\">\n<div class=\"field--item\">\n<div class=\"paragraph paragraph--type--text-block paragraph--view-mode--default\">\n<div class=\"field field--name-field-content field--type-text-long field--label-visually_hidden\">\n<div class=\"field--item\">\n<p>Ces espaces verts se distinguent notamment par leurs prairies maintenues \u00e0 l\u2019\u00e9tat naturel pendant tout l\u2019hiver, partant, par leur flore et leur faune bien particuli\u00e8res. Ce sont des creusets de biodiversit\u00e9. A tel point qu\u2019ils m\u00e9ritent un label, r\u00e9f\u00e9rence de gestion \u00e9cologique, cr\u00e9\u00e9 en 2010 : Eco-jardin.<\/p>\n<p><strong>Avec les parcs de la T\u00eate d\u2019Or et du Vallon auxquels il a \u00e9t\u00e9 attribu\u00e9 fin 2020, la moiti\u00e9 des espaces verts de la ville d\u00e9tient cette distinction.<\/strong> <strong>Et, depuis 4 ans, chaque arrondissement a \u00ab son \u00bb \u00e9co-jardin<\/strong>.<\/p>\n<p><em>\u00ab La gestion \u00e9cologique va plus loin que la gestion environnementale \u00bb<\/em>, <strong>pr\u00e9cise Clo\u00e9 Laurent, r\u00e9f\u00e9rente environnement \u00e0 la direction des Espaces verts<\/strong>, <em>\u00ab sur ces sites, les jardiniers doivent avoir la connaissance de la biodiversit\u00e9 et \u00eatre garants de sa pr\u00e9servation. \u00bb<\/em>\u00a0Par exemple, \u00e0\u00a0leur aise dans certains parcs, l\u2019orchid\u00e9e epipactis\u00a0et le crapaud alyte accoucheur doivent pouvoir s\u2019y maintenir. Tout comme les nombreux et vari\u00e9s papillons, indispensables pollinisateurs.<\/p>\n<p>Les jardiniers sont donc devenus quasiment des experts en la mati\u00e8re. <em>\u00ab Ils r\u00e9alisent des inventaires. Ils assurent le suivi des oiseaux, des papillons de jour et des prairies. Ils ont acquis des techniques de fauche afin de pr\u00e9server et d\u00e9velopper ces espaces propices \u00e0 la biodiversit\u00e9\u2026 \u00bb<\/em>\u00a0Pour les relev\u00e9s, la Ville de Lyon s&rsquo;adjoint les comp\u00e9tences et connaissances\u00a0d&rsquo;associations naturalistes, principalement la Ligue pour la protection des oiseaux, France nature environnement Rh\u00f4ne et Arthropologia.<\/p>\n<p>Pour d\u00e9couvrir\u00a0la biodiversit\u00e9 qu\u2019ils rec\u00e8lent et la fa\u00e7on dont ils sont entretenus, suivre les panneaux implant\u00e9s en leur sein. C&rsquo;est un autre signe distinctif de ces espaces verts pas tout \u00e0 fait comme les autres.<\/p>\n<p><strong>En savoir plus<\/strong> sur le <a class=\"lien-externe\" title=\"label \u00e9co-jardin\" href=\"https:\/\/www.label-ecojardin.fr\/\" target=\"_blank\" rel=\"noopener\"><span style=\"color: #0000ff;\">label Eco-jardin<\/span><\/a><span style=\"color: #0000ff;\">.<\/span><\/p>\n<hr \/>\n<p><span style=\"font-size: 14pt;\"><em><strong><span style=\"text-decoration: underline;\">Les 10 autre \u00e9co-jardins<\/span> :<\/strong><\/em><\/span><\/p>\n<ul>\n<li>Jardin des plantes et Amphith\u00e9\u00e2tre des Trois Gaules (1er)<\/li>\n<li>Espaces verts de La Confluence (2e)<\/li>\n<li>Parc Chambovet (3e)<\/li>\n<li>Parc de la Cerisaie (4e)<\/li>\n<li>Trame verte Champvert (5e)<\/li>\n<li>Parc de la T\u00eate d\u2019Or &amp; Le Br\u00e9tillod (6e)<\/li>\n<li>Parc de Gerland &amp; Parc Blandan (7e)<\/li>\n<li>Parc du clos Layat (8e)<\/li>\n<li>Parc du Vallon &amp; Parc de Montpellas (9e)<\/li>\n<\/ul>\n<hr \/>\n<p><strong><em>Source : communiqu\u00e9 &amp; Photo \u00e0 la une (droits r\u00e9serv\u00e9s) Ville de Lyon \/ <a href=\"https:\/\/www.lyon.fr\/actualite\/cadre-de-vie\/les-parcs-de-la-tete-dor-et-du-vallon-labellises-eco-jardin\"><span style=\"color: #0000ff;\">+ d&rsquo;infos<\/span><\/a><br \/>\n<\/em><\/strong><\/p>\n<hr \/>\n<hr \/>\n<p>&nbsp;<\/p>\n<\/div>\n<\/div>\n<\/div>\n<\/div>\n<\/div>\n<\/div>\n","protected":false},"excerpt":{"rendered":"<p>10 autres de la commune ont d\u00e9j\u00e0 obtenu cette distinction, r\u00e9f\u00e9rence en mati\u00e8re de gestion \u00e9cologique des espaces verts.<\/p>\n","protected":false},"author":4,"featured_media":123718,"comment_status":"open","ping_status":"open","sticky":false,"template":"","format":"standard","meta":{"footnotes":""},"categories":[30,3328,1625,3010],"tags":[2077,2359,2858],"class_list":["post-123711","post","type-post","status-publish","format-standard","has-post-thumbnail","hentry","category-a-la-une","category-concours-jeux-labels-lotos","category-lyon","category-nature-environnement-culture-et-loisirs","tag-lyon","tag-nature","tag-parc"],"yoast_head":"<!-- This site is optimized with the Yoast SEO plugin v27.2 - https:\/\/yoast.com\/product\/yoast-seo-wordpress\/ -->\n<title>LYON | Deux nouveaux parcs labellis\u00e9s \u00ab Eco-jardin \u00bb - News Est Lyonnais<\/title>\n<meta name=\"description\" content=\"LYON | Deux nouveaux parcs labellis\u00e9s \u00ab Eco-jardin \u00bb\" \/>\n<meta name=\"robots\" content=\"index, follow, max-snippet:-1, max-image-preview:large, max-video-preview:-1\" \/>\n<link rel=\"canonical\" href=\"https:\/\/newsestlyonnais.fr\/site\/2021\/02\/01\/lyon-deux-nouveaux-parcs-labellises-eco-jardin\/\" \/>\n<meta property=\"og:locale\" content=\"fr_FR\" \/>\n<meta property=\"og:type\" content=\"article\" \/>\n<meta property=\"og:title\" content=\"LYON | Deux nouveaux parcs labellis\u00e9s \u00ab Eco-jardin \u00bb - News Est Lyonnais\" \/>\n<meta property=\"og:description\" content=\"LYON | Deux nouveaux parcs labellis\u00e9s \u00ab Eco-jardin \u00bb\" \/>\n<meta property=\"og:url\" content=\"https:\/\/newsestlyonnais.fr\/site\/2021\/02\/01\/lyon-deux-nouveaux-parcs-labellises-eco-jardin\/\" \/>\n<meta property=\"og:site_name\" content=\"News Est Lyonnais\" \/>\n<meta property=\"article:author\" content=\"https:\/\/www.facebook.com\/pascal.oberson.1?fref=ts\" \/>\n<meta property=\"article:published_time\" content=\"2021-02-01T13:33:40+00:00\" \/>\n<meta property=\"og:image\" content=\"https:\/\/i0.wp.com\/newsestlyonnais.fr\/site\/wp-content\/uploads\/2021\/02\/prairie_parc_gerland_p.jpg?fit=700%2C394&ssl=1\" \/>\n\t<meta property=\"og:image:width\" content=\"700\" \/>\n\t<meta property=\"og:image:height\" content=\"394\" \/>\n\t<meta property=\"og:image:type\" content=\"image\/jpeg\" \/>\n<meta name=\"author\" content=\"R\u00e9dac. NEWS\" \/>\n<meta name=\"twitter:card\" content=\"summary_large_image\" \/>\n<meta name=\"twitter:label1\" content=\"\u00c9crit par\" \/>\n\t<meta name=\"twitter:data1\" content=\"R\u00e9dac. NEWS\" \/>\n\t<meta name=\"twitter:label2\" content=\"Dur\u00e9e de lecture estim\u00e9e\" \/>\n\t<meta name=\"twitter:data2\" content=\"2 minutes\" \/>\n<script type=\"application\/ld+json\" class=\"yoast-schema-graph\">{\"@context\":\"https:\/\/schema.org\",\"@graph\":[{\"@type\":\"Article\",\"@id\":\"https:\/\/newsestlyonnais.fr\/site\/2021\/02\/01\/lyon-deux-nouveaux-parcs-labellises-eco-jardin\/#article\",\"isPartOf\":{\"@id\":\"https:\/\/newsestlyonnais.fr\/site\/2021\/02\/01\/lyon-deux-nouveaux-parcs-labellises-eco-jardin\/\"},\"author\":{\"name\":\"R\u00e9dac. NEWS\",\"@id\":\"https:\/\/newsestlyonnais.fr\/site\/#\/schema\/person\/3230d5615f390bb808365d673001e887\"},\"headline\":\"LYON | Deux nouveaux parcs labellis\u00e9s \u00ab Eco-jardin \u00bb\",\"datePublished\":\"2021-02-01T13:33:40+00:00\",\"mainEntityOfPage\":{\"@id\":\"https:\/\/newsestlyonnais.fr\/site\/2021\/02\/01\/lyon-deux-nouveaux-parcs-labellises-eco-jardin\/\"},\"wordCount\":419,\"commentCount\":0,\"publisher\":{\"@id\":\"https:\/\/newsestlyonnais.fr\/site\/#organization\"},\"image\":{\"@id\":\"https:\/\/newsestlyonnais.fr\/site\/2021\/02\/01\/lyon-deux-nouveaux-parcs-labellises-eco-jardin\/#primaryimage\"},\"thumbnailUrl\":\"https:\/\/newsestlyonnais.fr\/site\/wp-content\/uploads\/2021\/02\/prairie_parc_gerland_p.jpg\",\"keywords\":[\"LYON\",\"NATURE\",\"PARC\"],\"articleSection\":[\"\u00e0 la une\",\"Concours | Jeux | Labels | Lotos\",\"Lyon\",\"Nature | Environnement | Chasse\"],\"inLanguage\":\"fr-FR\",\"potentialAction\":[{\"@type\":\"CommentAction\",\"name\":\"Comment\",\"target\":[\"https:\/\/newsestlyonnais.fr\/site\/2021\/02\/01\/lyon-deux-nouveaux-parcs-labellises-eco-jardin\/#respond\"]}]},{\"@type\":\"WebPage\",\"@id\":\"https:\/\/newsestlyonnais.fr\/site\/2021\/02\/01\/lyon-deux-nouveaux-parcs-labellises-eco-jardin\/\",\"url\":\"https:\/\/newsestlyonnais.fr\/site\/2021\/02\/01\/lyon-deux-nouveaux-parcs-labellises-eco-jardin\/\",\"name\":\"LYON | Deux nouveaux parcs labellis\u00e9s \u00ab Eco-jardin \u00bb - News Est Lyonnais\",\"isPartOf\":{\"@id\":\"https:\/\/newsestlyonnais.fr\/site\/#website\"},\"primaryImageOfPage\":{\"@id\":\"https:\/\/newsestlyonnais.fr\/site\/2021\/02\/01\/lyon-deux-nouveaux-parcs-labellises-eco-jardin\/#primaryimage\"},\"image\":{\"@id\":\"https:\/\/newsestlyonnais.fr\/site\/2021\/02\/01\/lyon-deux-nouveaux-parcs-labellises-eco-jardin\/#primaryimage\"},\"thumbnailUrl\":\"https:\/\/newsestlyonnais.fr\/site\/wp-content\/uploads\/2021\/02\/prairie_parc_gerland_p.jpg\",\"datePublished\":\"2021-02-01T13:33:40+00:00\",\"description\":\"LYON | Deux nouveaux parcs labellis\u00e9s \u00ab Eco-jardin \u00bb\",\"breadcrumb\":{\"@id\":\"https:\/\/newsestlyonnais.fr\/site\/2021\/02\/01\/lyon-deux-nouveaux-parcs-labellises-eco-jardin\/#breadcrumb\"},\"inLanguage\":\"fr-FR\",\"potentialAction\":[{\"@type\":\"ReadAction\",\"target\":[\"https:\/\/newsestlyonnais.fr\/site\/2021\/02\/01\/lyon-deux-nouveaux-parcs-labellises-eco-jardin\/\"]}]},{\"@type\":\"ImageObject\",\"inLanguage\":\"fr-FR\",\"@id\":\"https:\/\/newsestlyonnais.fr\/site\/2021\/02\/01\/lyon-deux-nouveaux-parcs-labellises-eco-jardin\/#primaryimage\",\"url\":\"https:\/\/newsestlyonnais.fr\/site\/wp-content\/uploads\/2021\/02\/prairie_parc_gerland_p.jpg\",\"contentUrl\":\"https:\/\/newsestlyonnais.fr\/site\/wp-content\/uploads\/2021\/02\/prairie_parc_gerland_p.jpg\",\"width\":700,\"height\":394},{\"@type\":\"BreadcrumbList\",\"@id\":\"https:\/\/newsestlyonnais.fr\/site\/2021\/02\/01\/lyon-deux-nouveaux-parcs-labellises-eco-jardin\/#breadcrumb\",\"itemListElement\":[{\"@type\":\"ListItem\",\"position\":1,\"name\":\"Accueil\",\"item\":\"https:\/\/newsestlyonnais.fr\/site\/\"},{\"@type\":\"ListItem\",\"position\":2,\"name\":\"LYON | Deux nouveaux parcs labellis\u00e9s \u00ab Eco-jardin \u00bb\"}]},{\"@type\":\"WebSite\",\"@id\":\"https:\/\/newsestlyonnais.fr\/site\/#website\",\"url\":\"https:\/\/newsestlyonnais.fr\/site\/\",\"name\":\"News Est Lyonnais\",\"description\":\"L&#039;actualit\u00e9 au plus pr\u00e8s\",\"publisher\":{\"@id\":\"https:\/\/newsestlyonnais.fr\/site\/#organization\"},\"potentialAction\":[{\"@type\":\"SearchAction\",\"target\":{\"@type\":\"EntryPoint\",\"urlTemplate\":\"https:\/\/newsestlyonnais.fr\/site\/?s={search_term_string}\"},\"query-input\":{\"@type\":\"PropertyValueSpecification\",\"valueRequired\":true,\"valueName\":\"search_term_string\"}}],\"inLanguage\":\"fr-FR\"},{\"@type\":\"Organization\",\"@id\":\"https:\/\/newsestlyonnais.fr\/site\/#organization\",\"name\":\"News EST LYONNAIS\",\"url\":\"https:\/\/newsestlyonnais.fr\/site\/\",\"logo\":{\"@type\":\"ImageObject\",\"inLanguage\":\"fr-FR\",\"@id\":\"https:\/\/newsestlyonnais.fr\/site\/#\/schema\/logo\/image\/\",\"url\":\"\",\"contentUrl\":\"\",\"caption\":\"News EST LYONNAIS\"},\"image\":{\"@id\":\"https:\/\/newsestlyonnais.fr\/site\/#\/schema\/logo\/image\/\"}},{\"@type\":\"Person\",\"@id\":\"https:\/\/newsestlyonnais.fr\/site\/#\/schema\/person\/3230d5615f390bb808365d673001e887\",\"name\":\"R\u00e9dac. NEWS\",\"sameAs\":[\"http:\/\/www.newsestlyonnais.fr\",\"https:\/\/www.facebook.com\/pascal.oberson.1?fref=ts\",\"https:\/\/fr.linkedin.com\/in\/pascal-oberson-b17045113\"],\"url\":\"https:\/\/newsestlyonnais.fr\/site\/author\/nel\/\"}]}<\/script>\n<!-- \/ Yoast SEO plugin. -->","yoast_head_json":{"title":"LYON | Deux nouveaux parcs labellis\u00e9s \u00ab Eco-jardin \u00bb - News Est Lyonnais","description":"LYON | Deux nouveaux parcs labellis\u00e9s \u00ab Eco-jardin \u00bb","robots":{"index":"index","follow":"follow","max-snippet":"max-snippet:-1","max-image-preview":"max-image-preview:large","max-video-preview":"max-video-preview:-1"},"canonical":"https:\/\/newsestlyonnais.fr\/site\/2021\/02\/01\/lyon-deux-nouveaux-parcs-labellises-eco-jardin\/","og_locale":"fr_FR","og_type":"article","og_title":"LYON | Deux nouveaux parcs labellis\u00e9s \u00ab Eco-jardin \u00bb - News Est Lyonnais","og_description":"LYON | Deux nouveaux parcs labellis\u00e9s \u00ab Eco-jardin \u00bb","og_url":"https:\/\/newsestlyonnais.fr\/site\/2021\/02\/01\/lyon-deux-nouveaux-parcs-labellises-eco-jardin\/","og_site_name":"News Est Lyonnais","article_author":"https:\/\/www.facebook.com\/pascal.oberson.1?fref=ts","article_published_time":"2021-02-01T13:33:40+00:00","og_image":[{"width":700,"height":394,"url":"https:\/\/i0.wp.com\/newsestlyonnais.fr\/site\/wp-content\/uploads\/2021\/02\/prairie_parc_gerland_p.jpg?fit=700%2C394&ssl=1","type":"image\/jpeg"}],"author":"R\u00e9dac. NEWS","twitter_card":"summary_large_image","twitter_misc":{"\u00c9crit par":"R\u00e9dac. NEWS","Dur\u00e9e de lecture estim\u00e9e":"2 minutes"},"schema":{"@context":"https:\/\/schema.org","@graph":[{"@type":"Article","@id":"https:\/\/newsestlyonnais.fr\/site\/2021\/02\/01\/lyon-deux-nouveaux-parcs-labellises-eco-jardin\/#article","isPartOf":{"@id":"https:\/\/newsestlyonnais.fr\/site\/2021\/02\/01\/lyon-deux-nouveaux-parcs-labellises-eco-jardin\/"},"author":{"name":"R\u00e9dac. NEWS","@id":"https:\/\/newsestlyonnais.fr\/site\/#\/schema\/person\/3230d5615f390bb808365d673001e887"},"headline":"LYON | Deux nouveaux parcs labellis\u00e9s \u00ab Eco-jardin \u00bb","datePublished":"2021-02-01T13:33:40+00:00","mainEntityOfPage":{"@id":"https:\/\/newsestlyonnais.fr\/site\/2021\/02\/01\/lyon-deux-nouveaux-parcs-labellises-eco-jardin\/"},"wordCount":419,"commentCount":0,"publisher":{"@id":"https:\/\/newsestlyonnais.fr\/site\/#organization"},"image":{"@id":"https:\/\/newsestlyonnais.fr\/site\/2021\/02\/01\/lyon-deux-nouveaux-parcs-labellises-eco-jardin\/#primaryimage"},"thumbnailUrl":"https:\/\/newsestlyonnais.fr\/site\/wp-content\/uploads\/2021\/02\/prairie_parc_gerland_p.jpg","keywords":["LYON","NATURE","PARC"],"articleSection":["\u00e0 la une","Concours | Jeux | Labels | Lotos","Lyon","Nature | Environnement | Chasse"],"inLanguage":"fr-FR","potentialAction":[{"@type":"CommentAction","name":"Comment","target":["https:\/\/newsestlyonnais.fr\/site\/2021\/02\/01\/lyon-deux-nouveaux-parcs-labellises-eco-jardin\/#respond"]}]},{"@type":"WebPage","@id":"https:\/\/newsestlyonnais.fr\/site\/2021\/02\/01\/lyon-deux-nouveaux-parcs-labellises-eco-jardin\/","url":"https:\/\/newsestlyonnais.fr\/site\/2021\/02\/01\/lyon-deux-nouveaux-parcs-labellises-eco-jardin\/","name":"LYON | Deux nouveaux parcs labellis\u00e9s \u00ab Eco-jardin \u00bb - News Est Lyonnais","isPartOf":{"@id":"https:\/\/newsestlyonnais.fr\/site\/#website"},"primaryImageOfPage":{"@id":"https:\/\/newsestlyonnais.fr\/site\/2021\/02\/01\/lyon-deux-nouveaux-parcs-labellises-eco-jardin\/#primaryimage"},"image":{"@id":"https:\/\/newsestlyonnais.fr\/site\/2021\/02\/01\/lyon-deux-nouveaux-parcs-labellises-eco-jardin\/#primaryimage"},"thumbnailUrl":"https:\/\/newsestlyonnais.fr\/site\/wp-content\/uploads\/2021\/02\/prairie_parc_gerland_p.jpg","datePublished":"2021-02-01T13:33:40+00:00","description":"LYON | Deux nouveaux parcs labellis\u00e9s \u00ab Eco-jardin \u00bb","breadcrumb":{"@id":"https:\/\/newsestlyonnais.fr\/site\/2021\/02\/01\/lyon-deux-nouveaux-parcs-labellises-eco-jardin\/#breadcrumb"},"inLanguage":"fr-FR","potentialAction":[{"@type":"ReadAction","target":["https:\/\/newsestlyonnais.fr\/site\/2021\/02\/01\/lyon-deux-nouveaux-parcs-labellises-eco-jardin\/"]}]},{"@type":"ImageObject","inLanguage":"fr-FR","@id":"https:\/\/newsestlyonnais.fr\/site\/2021\/02\/01\/lyon-deux-nouveaux-parcs-labellises-eco-jardin\/#primaryimage","url":"https:\/\/newsestlyonnais.fr\/site\/wp-content\/uploads\/2021\/02\/prairie_parc_gerland_p.jpg","contentUrl":"https:\/\/newsestlyonnais.fr\/site\/wp-content\/uploads\/2021\/02\/prairie_parc_gerland_p.jpg","width":700,"height":394},{"@type":"BreadcrumbList","@id":"https:\/\/newsestlyonnais.fr\/site\/2021\/02\/01\/lyon-deux-nouveaux-parcs-labellises-eco-jardin\/#breadcrumb","itemListElement":[{"@type":"ListItem","position":1,"name":"Accueil","item":"https:\/\/newsestlyonnais.fr\/site\/"},{"@type":"ListItem","position":2,"name":"LYON | Deux nouveaux parcs labellis\u00e9s \u00ab Eco-jardin \u00bb"}]},{"@type":"WebSite","@id":"https:\/\/newsestlyonnais.fr\/site\/#website","url":"https:\/\/newsestlyonnais.fr\/site\/","name":"News Est Lyonnais","description":"L&#039;actualit\u00e9 au plus pr\u00e8s","publisher":{"@id":"https:\/\/newsestlyonnais.fr\/site\/#organization"},"potentialAction":[{"@type":"SearchAction","target":{"@type":"EntryPoint","urlTemplate":"https:\/\/newsestlyonnais.fr\/site\/?s={search_term_string}"},"query-input":{"@type":"PropertyValueSpecification","valueRequired":true,"valueName":"search_term_string"}}],"inLanguage":"fr-FR"},{"@type":"Organization","@id":"https:\/\/newsestlyonnais.fr\/site\/#organization","name":"News EST LYONNAIS","url":"https:\/\/newsestlyonnais.fr\/site\/","logo":{"@type":"ImageObject","inLanguage":"fr-FR","@id":"https:\/\/newsestlyonnais.fr\/site\/#\/schema\/logo\/image\/","url":"","contentUrl":"","caption":"News EST LYONNAIS"},"image":{"@id":"https:\/\/newsestlyonnais.fr\/site\/#\/schema\/logo\/image\/"}},{"@type":"Person","@id":"https:\/\/newsestlyonnais.fr\/site\/#\/schema\/person\/3230d5615f390bb808365d673001e887","name":"R\u00e9dac. NEWS","sameAs":["http:\/\/www.newsestlyonnais.fr","https:\/\/www.facebook.com\/pascal.oberson.1?fref=ts","https:\/\/fr.linkedin.com\/in\/pascal-oberson-b17045113"],"url":"https:\/\/newsestlyonnais.fr\/site\/author\/nel\/"}]}},"_links":{"self":[{"href":"https:\/\/newsestlyonnais.fr\/site\/wp-json\/wp\/v2\/posts\/123711","targetHints":{"allow":["GET"]}}],"collection":[{"href":"https:\/\/newsestlyonnais.fr\/site\/wp-json\/wp\/v2\/posts"}],"about":[{"href":"https:\/\/newsestlyonnais.fr\/site\/wp-json\/wp\/v2\/types\/post"}],"author":[{"embeddable":true,"href":"https:\/\/newsestlyonnais.fr\/site\/wp-json\/wp\/v2\/users\/4"}],"replies":[{"embeddable":true,"href":"https:\/\/newsestlyonnais.fr\/site\/wp-json\/wp\/v2\/comments?post=123711"}],"version-history":[{"count":0,"href":"https:\/\/newsestlyonnais.fr\/site\/wp-json\/wp\/v2\/posts\/123711\/revisions"}],"wp:featuredmedia":[{"embeddable":true,"href":"https:\/\/newsestlyonnais.fr\/site\/wp-json\/wp\/v2\/media\/123718"}],"wp:attachment":[{"href":"https:\/\/newsestlyonnais.fr\/site\/wp-json\/wp\/v2\/media?parent=123711"}],"wp:term":[{"taxonomy":"category","embeddable":true,"href":"https:\/\/newsestlyonnais.fr\/site\/wp-json\/wp\/v2\/categories?post=123711"},{"taxonomy":"post_tag","embeddable":true,"href":"https:\/\/newsestlyonnais.fr\/site\/wp-json\/wp\/v2\/tags?post=123711"}],"curies":[{"name":"wp","href":"https:\/\/api.w.org\/{rel}","templated":true}]}}