{"id":123723,"date":"2021-02-01T15:03:57","date_gmt":"2021-02-01T14:03:57","guid":{"rendered":"http:\/\/newsestlyonnais.fr\/site\/?p=123723"},"modified":"2021-02-01T15:08:34","modified_gmt":"2021-02-01T14:08:34","slug":"transports-inauguration-de-la-nouvelle-ligne-de-tramway-t7","status":"publish","type":"post","link":"https:\/\/newsestlyonnais.fr\/site\/2021\/02\/01\/transports-inauguration-de-la-nouvelle-ligne-de-tramway-t7\/","title":{"rendered":"TRANSPORTS | Inauguration nouvelle ligne de tram T7"},"content":{"rendered":"<p>Cette nouvelle desserte, va permettre de renforcer la capacit\u00e9 de transport dans l\u2019Est lyonnais tout en accompagnant les projets d\u2019am\u00e9nagement de la M\u00e9tropole sur ce territoire.<\/p>\n<p><strong>Cette nouvelle ligne, mise en service ce lundi 1\u00b0f\u00e9vrier, relie \u00ab Vaulx-en-Velin La Soie \u00bb \u00e0 \u00ab D\u00e9cines OL Vall\u00e9e \u00bb en 10 minutes<\/strong>, offrant une desserte quotidienne, rapide et efficace des p\u00f4les sant\u00e9, sport et loisirs du quartier en plein essor autour du Groupama Stadium. <strong>Cette r\u00e9alisation, d\u2019un budget de 1,6 million d&rsquo;euros, s\u2019ins\u00e8re \u00e9galement dans une logique d\u2019intermodalit\u00e9 gr\u00e2ce \u00e0 sa connexion au p\u00f4le d\u2019\u00e9changes multimodal de Vaulx-en-Velin La Soie<\/strong> qui accueille le m\u00e9tro A, le tramway T3, pr\u00e8s de 20 lignes de bus, Rh\u00f4nexpress et un parc relais de 474 places pour les voitures et 142 pour les v\u00e9los.<\/p>\n<p>Empruntant en partie l\u2019infrastructure de T3, <strong>T7 dessert les stations interm\u00e9diaires \u00ab D\u00e9cines Centre \u00bb et \u00ab D\u00e9cines Grand Large \u00bb,<\/strong> offrant ainsi pr\u00e8s de 25 % de capacit\u00e9 suppl\u00e9mentaire \u00e0 l\u2019ensemble des voyageurs de la ligne T3, sur ce tron\u00e7on commun.<\/p>\n<p>Par ailleurs, afin d\u2019accompagner l\u2019<strong>importante fr\u00e9quentation de la ligne de tramway T3 qui compte chaque jour plus de 52.000 voyages en 2019<\/strong>, 2 nouvelles rames grande capacit\u00e9 viennent d\u00e9sormais renforcer la ligne. Acquises dans le cadre du projet capacit\u00e9 tramway, ces 2 rames de 43 m pouvant accueillir jusqu\u2019\u00e0 300 voyageurs, offriront 20 % de capacit\u00e9 suppl\u00e9mentaire sur la ligne T3 et une fr\u00e9quence de 4\u2019 en heure de pointe entre \u00ab Vaulx-en-Velin La Soie \u00bb et \u00ab D\u00e9cines Grand Large \u00bb.<\/p>\n<hr \/>\n<p>\u00ab La mise en service de T7 et le renfort de T3, r\u00e9pondent \u00e0 la volont\u00e9 du SYTRAL de d\u00e9velopper massivement le r\u00e9seau de surface avec des syst\u00e8mes de mobilit\u00e9s performants et durables. C\u2019est une nouvelle alternative \u00e0 la voiture individuelle qui va permettre de renforcer la coh\u00e9sion des territoires et affiner le maillage du r\u00e9seau de transports en commun sur le territoire de l\u2019Est lyonnais \u00bb, <strong>affirme Bruno Bernard, pr\u00e9sident du SYTRAL.<\/strong><\/p>\n<hr \/>\n<ul>\n<li><span style=\"font-size: 14pt;\"><em><strong>Plus d&rsquo;infos sur :<\/strong> <span style=\"color: #0000ff;\"><a style=\"color: #0000ff;\" href=\"https:\/\/www.tcl.fr\/lignes\/tramway-t7\">https:\/\/www.tcl.fr\/lignes\/tramway-t7<\/a><\/span><\/em><\/span><\/li>\n<\/ul>\n<hr \/>\n<hr \/>\n<p><span style=\"font-family: calibri;\">\u00a0<\/span><\/p>\n","protected":false},"excerpt":{"rendered":"<p>Elle a \u00e9t\u00e9 effectu\u00e9e ce lundi matin par le pr\u00e9sident du SYTRAL, Bruno Bernard.<\/p>\n","protected":false},"author":4,"featured_media":123733,"comment_status":"open","ping_status":"open","sticky":false,"template":"","format":"standard","meta":{"footnotes":""},"categories":[2217,21,13,28],"tags":[2455,2051,2050],"class_list":["post-123723","post","type-post","status-publish","format-standard","has-post-thumbnail","hentry","category-breves-de-lest-lyonnais","category-decines-charpieu","category-transports-circulation","category-vaulx-en-velin","tag-sytral","tag-tcl","tag-transports"],"yoast_head":"<!-- This site is optimized with the Yoast SEO plugin v27.2 - https:\/\/yoast.com\/product\/yoast-seo-wordpress\/ -->\n<title>TRANSPORTS | Inauguration nouvelle ligne de tram T7 - News Est Lyonnais<\/title>\n<meta name=\"description\" content=\"TRANSPORTS | Inauguration de la nouvelle ligne de tramway T7\" \/>\n<meta name=\"robots\" content=\"index, follow, max-snippet:-1, max-image-preview:large, max-video-preview:-1\" \/>\n<link rel=\"canonical\" href=\"https:\/\/newsestlyonnais.fr\/site\/2021\/02\/01\/transports-inauguration-de-la-nouvelle-ligne-de-tramway-t7\/\" \/>\n<meta property=\"og:locale\" content=\"fr_FR\" \/>\n<meta property=\"og:type\" content=\"article\" \/>\n<meta property=\"og:title\" content=\"TRANSPORTS | Inauguration nouvelle ligne de tram T7 - News Est Lyonnais\" \/>\n<meta property=\"og:description\" content=\"TRANSPORTS | Inauguration de la nouvelle ligne de tramway T7\" \/>\n<meta property=\"og:url\" content=\"https:\/\/newsestlyonnais.fr\/site\/2021\/02\/01\/transports-inauguration-de-la-nouvelle-ligne-de-tramway-t7\/\" \/>\n<meta property=\"og:site_name\" content=\"News Est Lyonnais\" \/>\n<meta property=\"article:author\" content=\"https:\/\/www.facebook.com\/pascal.oberson.1?fref=ts\" \/>\n<meta property=\"article:published_time\" content=\"2021-02-01T14:03:57+00:00\" \/>\n<meta property=\"article:modified_time\" content=\"2021-02-01T14:08:34+00:00\" \/>\n<meta property=\"og:image\" content=\"https:\/\/i1.wp.com\/newsestlyonnais.fr\/site\/wp-content\/uploads\/2021\/02\/145278578_3571022956339120_5505449362221601906_n.jpg?fit=800%2C800&ssl=1\" \/>\n\t<meta property=\"og:image:width\" content=\"800\" \/>\n\t<meta property=\"og:image:height\" content=\"800\" \/>\n\t<meta property=\"og:image:type\" content=\"image\/jpeg\" \/>\n<meta name=\"author\" content=\"R\u00e9dac. NEWS\" \/>\n<meta name=\"twitter:card\" content=\"summary_large_image\" \/>\n<meta name=\"twitter:label1\" content=\"\u00c9crit par\" \/>\n\t<meta name=\"twitter:data1\" content=\"R\u00e9dac. NEWS\" \/>\n\t<meta name=\"twitter:label2\" content=\"Dur\u00e9e de lecture estim\u00e9e\" \/>\n\t<meta name=\"twitter:data2\" content=\"2 minutes\" \/>\n<script type=\"application\/ld+json\" class=\"yoast-schema-graph\">{\"@context\":\"https:\/\/schema.org\",\"@graph\":[{\"@type\":\"Article\",\"@id\":\"https:\/\/newsestlyonnais.fr\/site\/2021\/02\/01\/transports-inauguration-de-la-nouvelle-ligne-de-tramway-t7\/#article\",\"isPartOf\":{\"@id\":\"https:\/\/newsestlyonnais.fr\/site\/2021\/02\/01\/transports-inauguration-de-la-nouvelle-ligne-de-tramway-t7\/\"},\"author\":{\"name\":\"R\u00e9dac. NEWS\",\"@id\":\"https:\/\/newsestlyonnais.fr\/site\/#\/schema\/person\/3230d5615f390bb808365d673001e887\"},\"headline\":\"TRANSPORTS | Inauguration nouvelle ligne de tram T7\",\"datePublished\":\"2021-02-01T14:03:57+00:00\",\"dateModified\":\"2021-02-01T14:08:34+00:00\",\"mainEntityOfPage\":{\"@id\":\"https:\/\/newsestlyonnais.fr\/site\/2021\/02\/01\/transports-inauguration-de-la-nouvelle-ligne-de-tramway-t7\/\"},\"wordCount\":353,\"commentCount\":0,\"publisher\":{\"@id\":\"https:\/\/newsestlyonnais.fr\/site\/#organization\"},\"image\":{\"@id\":\"https:\/\/newsestlyonnais.fr\/site\/2021\/02\/01\/transports-inauguration-de-la-nouvelle-ligne-de-tramway-t7\/#primaryimage\"},\"thumbnailUrl\":\"https:\/\/newsestlyonnais.fr\/site\/wp-content\/uploads\/2021\/02\/145278578_3571022956339120_5505449362221601906_n.jpg\",\"keywords\":[\"SYTRAL\",\"TCL\",\"TRANSPORTS\"],\"articleSection\":[\"Br\u00e8ves de l'Est lyonnais\",\"D\u00e9cines-Charpieu\",\"Transports | Circulation\",\"Vaulx-en-Velin\"],\"inLanguage\":\"fr-FR\",\"potentialAction\":[{\"@type\":\"CommentAction\",\"name\":\"Comment\",\"target\":[\"https:\/\/newsestlyonnais.fr\/site\/2021\/02\/01\/transports-inauguration-de-la-nouvelle-ligne-de-tramway-t7\/#respond\"]}]},{\"@type\":\"WebPage\",\"@id\":\"https:\/\/newsestlyonnais.fr\/site\/2021\/02\/01\/transports-inauguration-de-la-nouvelle-ligne-de-tramway-t7\/\",\"url\":\"https:\/\/newsestlyonnais.fr\/site\/2021\/02\/01\/transports-inauguration-de-la-nouvelle-ligne-de-tramway-t7\/\",\"name\":\"TRANSPORTS | Inauguration nouvelle ligne de tram T7 - News Est Lyonnais\",\"isPartOf\":{\"@id\":\"https:\/\/newsestlyonnais.fr\/site\/#website\"},\"primaryImageOfPage\":{\"@id\":\"https:\/\/newsestlyonnais.fr\/site\/2021\/02\/01\/transports-inauguration-de-la-nouvelle-ligne-de-tramway-t7\/#primaryimage\"},\"image\":{\"@id\":\"https:\/\/newsestlyonnais.fr\/site\/2021\/02\/01\/transports-inauguration-de-la-nouvelle-ligne-de-tramway-t7\/#primaryimage\"},\"thumbnailUrl\":\"https:\/\/newsestlyonnais.fr\/site\/wp-content\/uploads\/2021\/02\/145278578_3571022956339120_5505449362221601906_n.jpg\",\"datePublished\":\"2021-02-01T14:03:57+00:00\",\"dateModified\":\"2021-02-01T14:08:34+00:00\",\"description\":\"TRANSPORTS | Inauguration de la nouvelle ligne de tramway T7\",\"breadcrumb\":{\"@id\":\"https:\/\/newsestlyonnais.fr\/site\/2021\/02\/01\/transports-inauguration-de-la-nouvelle-ligne-de-tramway-t7\/#breadcrumb\"},\"inLanguage\":\"fr-FR\",\"potentialAction\":[{\"@type\":\"ReadAction\",\"target\":[\"https:\/\/newsestlyonnais.fr\/site\/2021\/02\/01\/transports-inauguration-de-la-nouvelle-ligne-de-tramway-t7\/\"]}]},{\"@type\":\"ImageObject\",\"inLanguage\":\"fr-FR\",\"@id\":\"https:\/\/newsestlyonnais.fr\/site\/2021\/02\/01\/transports-inauguration-de-la-nouvelle-ligne-de-tramway-t7\/#primaryimage\",\"url\":\"https:\/\/newsestlyonnais.fr\/site\/wp-content\/uploads\/2021\/02\/145278578_3571022956339120_5505449362221601906_n.jpg\",\"contentUrl\":\"https:\/\/newsestlyonnais.fr\/site\/wp-content\/uploads\/2021\/02\/145278578_3571022956339120_5505449362221601906_n.jpg\",\"width\":800,\"height\":800},{\"@type\":\"BreadcrumbList\",\"@id\":\"https:\/\/newsestlyonnais.fr\/site\/2021\/02\/01\/transports-inauguration-de-la-nouvelle-ligne-de-tramway-t7\/#breadcrumb\",\"itemListElement\":[{\"@type\":\"ListItem\",\"position\":1,\"name\":\"Accueil\",\"item\":\"https:\/\/newsestlyonnais.fr\/site\/\"},{\"@type\":\"ListItem\",\"position\":2,\"name\":\"TRANSPORTS | Inauguration nouvelle ligne de tram T7\"}]},{\"@type\":\"WebSite\",\"@id\":\"https:\/\/newsestlyonnais.fr\/site\/#website\",\"url\":\"https:\/\/newsestlyonnais.fr\/site\/\",\"name\":\"News Est Lyonnais\",\"description\":\"L&#039;actualit\u00e9 au plus pr\u00e8s\",\"publisher\":{\"@id\":\"https:\/\/newsestlyonnais.fr\/site\/#organization\"},\"potentialAction\":[{\"@type\":\"SearchAction\",\"target\":{\"@type\":\"EntryPoint\",\"urlTemplate\":\"https:\/\/newsestlyonnais.fr\/site\/?s={search_term_string}\"},\"query-input\":{\"@type\":\"PropertyValueSpecification\",\"valueRequired\":true,\"valueName\":\"search_term_string\"}}],\"inLanguage\":\"fr-FR\"},{\"@type\":\"Organization\",\"@id\":\"https:\/\/newsestlyonnais.fr\/site\/#organization\",\"name\":\"News EST LYONNAIS\",\"url\":\"https:\/\/newsestlyonnais.fr\/site\/\",\"logo\":{\"@type\":\"ImageObject\",\"inLanguage\":\"fr-FR\",\"@id\":\"https:\/\/newsestlyonnais.fr\/site\/#\/schema\/logo\/image\/\",\"url\":\"\",\"contentUrl\":\"\",\"caption\":\"News EST LYONNAIS\"},\"image\":{\"@id\":\"https:\/\/newsestlyonnais.fr\/site\/#\/schema\/logo\/image\/\"}},{\"@type\":\"Person\",\"@id\":\"https:\/\/newsestlyonnais.fr\/site\/#\/schema\/person\/3230d5615f390bb808365d673001e887\",\"name\":\"R\u00e9dac. NEWS\",\"sameAs\":[\"http:\/\/www.newsestlyonnais.fr\",\"https:\/\/www.facebook.com\/pascal.oberson.1?fref=ts\",\"https:\/\/fr.linkedin.com\/in\/pascal-oberson-b17045113\"],\"url\":\"https:\/\/newsestlyonnais.fr\/site\/author\/nel\/\"}]}<\/script>\n<!-- \/ Yoast SEO plugin. -->","yoast_head_json":{"title":"TRANSPORTS | Inauguration nouvelle ligne de tram T7 - News Est Lyonnais","description":"TRANSPORTS | Inauguration de la nouvelle ligne de tramway T7","robots":{"index":"index","follow":"follow","max-snippet":"max-snippet:-1","max-image-preview":"max-image-preview:large","max-video-preview":"max-video-preview:-1"},"canonical":"https:\/\/newsestlyonnais.fr\/site\/2021\/02\/01\/transports-inauguration-de-la-nouvelle-ligne-de-tramway-t7\/","og_locale":"fr_FR","og_type":"article","og_title":"TRANSPORTS | Inauguration nouvelle ligne de tram T7 - News Est Lyonnais","og_description":"TRANSPORTS | Inauguration de la nouvelle ligne de tramway T7","og_url":"https:\/\/newsestlyonnais.fr\/site\/2021\/02\/01\/transports-inauguration-de-la-nouvelle-ligne-de-tramway-t7\/","og_site_name":"News Est Lyonnais","article_author":"https:\/\/www.facebook.com\/pascal.oberson.1?fref=ts","article_published_time":"2021-02-01T14:03:57+00:00","article_modified_time":"2021-02-01T14:08:34+00:00","og_image":[{"width":800,"height":800,"url":"https:\/\/i1.wp.com\/newsestlyonnais.fr\/site\/wp-content\/uploads\/2021\/02\/145278578_3571022956339120_5505449362221601906_n.jpg?fit=800%2C800&ssl=1","type":"image\/jpeg"}],"author":"R\u00e9dac. NEWS","twitter_card":"summary_large_image","twitter_misc":{"\u00c9crit par":"R\u00e9dac. NEWS","Dur\u00e9e de lecture estim\u00e9e":"2 minutes"},"schema":{"@context":"https:\/\/schema.org","@graph":[{"@type":"Article","@id":"https:\/\/newsestlyonnais.fr\/site\/2021\/02\/01\/transports-inauguration-de-la-nouvelle-ligne-de-tramway-t7\/#article","isPartOf":{"@id":"https:\/\/newsestlyonnais.fr\/site\/2021\/02\/01\/transports-inauguration-de-la-nouvelle-ligne-de-tramway-t7\/"},"author":{"name":"R\u00e9dac. NEWS","@id":"https:\/\/newsestlyonnais.fr\/site\/#\/schema\/person\/3230d5615f390bb808365d673001e887"},"headline":"TRANSPORTS | Inauguration nouvelle ligne de tram T7","datePublished":"2021-02-01T14:03:57+00:00","dateModified":"2021-02-01T14:08:34+00:00","mainEntityOfPage":{"@id":"https:\/\/newsestlyonnais.fr\/site\/2021\/02\/01\/transports-inauguration-de-la-nouvelle-ligne-de-tramway-t7\/"},"wordCount":353,"commentCount":0,"publisher":{"@id":"https:\/\/newsestlyonnais.fr\/site\/#organization"},"image":{"@id":"https:\/\/newsestlyonnais.fr\/site\/2021\/02\/01\/transports-inauguration-de-la-nouvelle-ligne-de-tramway-t7\/#primaryimage"},"thumbnailUrl":"https:\/\/newsestlyonnais.fr\/site\/wp-content\/uploads\/2021\/02\/145278578_3571022956339120_5505449362221601906_n.jpg","keywords":["SYTRAL","TCL","TRANSPORTS"],"articleSection":["Br\u00e8ves de l'Est lyonnais","D\u00e9cines-Charpieu","Transports | Circulation","Vaulx-en-Velin"],"inLanguage":"fr-FR","potentialAction":[{"@type":"CommentAction","name":"Comment","target":["https:\/\/newsestlyonnais.fr\/site\/2021\/02\/01\/transports-inauguration-de-la-nouvelle-ligne-de-tramway-t7\/#respond"]}]},{"@type":"WebPage","@id":"https:\/\/newsestlyonnais.fr\/site\/2021\/02\/01\/transports-inauguration-de-la-nouvelle-ligne-de-tramway-t7\/","url":"https:\/\/newsestlyonnais.fr\/site\/2021\/02\/01\/transports-inauguration-de-la-nouvelle-ligne-de-tramway-t7\/","name":"TRANSPORTS | Inauguration nouvelle ligne de tram T7 - News Est Lyonnais","isPartOf":{"@id":"https:\/\/newsestlyonnais.fr\/site\/#website"},"primaryImageOfPage":{"@id":"https:\/\/newsestlyonnais.fr\/site\/2021\/02\/01\/transports-inauguration-de-la-nouvelle-ligne-de-tramway-t7\/#primaryimage"},"image":{"@id":"https:\/\/newsestlyonnais.fr\/site\/2021\/02\/01\/transports-inauguration-de-la-nouvelle-ligne-de-tramway-t7\/#primaryimage"},"thumbnailUrl":"https:\/\/newsestlyonnais.fr\/site\/wp-content\/uploads\/2021\/02\/145278578_3571022956339120_5505449362221601906_n.jpg","datePublished":"2021-02-01T14:03:57+00:00","dateModified":"2021-02-01T14:08:34+00:00","description":"TRANSPORTS | Inauguration de la nouvelle ligne de tramway T7","breadcrumb":{"@id":"https:\/\/newsestlyonnais.fr\/site\/2021\/02\/01\/transports-inauguration-de-la-nouvelle-ligne-de-tramway-t7\/#breadcrumb"},"inLanguage":"fr-FR","potentialAction":[{"@type":"ReadAction","target":["https:\/\/newsestlyonnais.fr\/site\/2021\/02\/01\/transports-inauguration-de-la-nouvelle-ligne-de-tramway-t7\/"]}]},{"@type":"ImageObject","inLanguage":"fr-FR","@id":"https:\/\/newsestlyonnais.fr\/site\/2021\/02\/01\/transports-inauguration-de-la-nouvelle-ligne-de-tramway-t7\/#primaryimage","url":"https:\/\/newsestlyonnais.fr\/site\/wp-content\/uploads\/2021\/02\/145278578_3571022956339120_5505449362221601906_n.jpg","contentUrl":"https:\/\/newsestlyonnais.fr\/site\/wp-content\/uploads\/2021\/02\/145278578_3571022956339120_5505449362221601906_n.jpg","width":800,"height":800},{"@type":"BreadcrumbList","@id":"https:\/\/newsestlyonnais.fr\/site\/2021\/02\/01\/transports-inauguration-de-la-nouvelle-ligne-de-tramway-t7\/#breadcrumb","itemListElement":[{"@type":"ListItem","position":1,"name":"Accueil","item":"https:\/\/newsestlyonnais.fr\/site\/"},{"@type":"ListItem","position":2,"name":"TRANSPORTS | Inauguration nouvelle ligne de tram T7"}]},{"@type":"WebSite","@id":"https:\/\/newsestlyonnais.fr\/site\/#website","url":"https:\/\/newsestlyonnais.fr\/site\/","name":"News Est Lyonnais","description":"L&#039;actualit\u00e9 au plus pr\u00e8s","publisher":{"@id":"https:\/\/newsestlyonnais.fr\/site\/#organization"},"potentialAction":[{"@type":"SearchAction","target":{"@type":"EntryPoint","urlTemplate":"https:\/\/newsestlyonnais.fr\/site\/?s={search_term_string}"},"query-input":{"@type":"PropertyValueSpecification","valueRequired":true,"valueName":"search_term_string"}}],"inLanguage":"fr-FR"},{"@type":"Organization","@id":"https:\/\/newsestlyonnais.fr\/site\/#organization","name":"News EST LYONNAIS","url":"https:\/\/newsestlyonnais.fr\/site\/","logo":{"@type":"ImageObject","inLanguage":"fr-FR","@id":"https:\/\/newsestlyonnais.fr\/site\/#\/schema\/logo\/image\/","url":"","contentUrl":"","caption":"News EST LYONNAIS"},"image":{"@id":"https:\/\/newsestlyonnais.fr\/site\/#\/schema\/logo\/image\/"}},{"@type":"Person","@id":"https:\/\/newsestlyonnais.fr\/site\/#\/schema\/person\/3230d5615f390bb808365d673001e887","name":"R\u00e9dac. NEWS","sameAs":["http:\/\/www.newsestlyonnais.fr","https:\/\/www.facebook.com\/pascal.oberson.1?fref=ts","https:\/\/fr.linkedin.com\/in\/pascal-oberson-b17045113"],"url":"https:\/\/newsestlyonnais.fr\/site\/author\/nel\/"}]}},"_links":{"self":[{"href":"https:\/\/newsestlyonnais.fr\/site\/wp-json\/wp\/v2\/posts\/123723","targetHints":{"allow":["GET"]}}],"collection":[{"href":"https:\/\/newsestlyonnais.fr\/site\/wp-json\/wp\/v2\/posts"}],"about":[{"href":"https:\/\/newsestlyonnais.fr\/site\/wp-json\/wp\/v2\/types\/post"}],"author":[{"embeddable":true,"href":"https:\/\/newsestlyonnais.fr\/site\/wp-json\/wp\/v2\/users\/4"}],"replies":[{"embeddable":true,"href":"https:\/\/newsestlyonnais.fr\/site\/wp-json\/wp\/v2\/comments?post=123723"}],"version-history":[{"count":0,"href":"https:\/\/newsestlyonnais.fr\/site\/wp-json\/wp\/v2\/posts\/123723\/revisions"}],"wp:featuredmedia":[{"embeddable":true,"href":"https:\/\/newsestlyonnais.fr\/site\/wp-json\/wp\/v2\/media\/123733"}],"wp:attachment":[{"href":"https:\/\/newsestlyonnais.fr\/site\/wp-json\/wp\/v2\/media?parent=123723"}],"wp:term":[{"taxonomy":"category","embeddable":true,"href":"https:\/\/newsestlyonnais.fr\/site\/wp-json\/wp\/v2\/categories?post=123723"},{"taxonomy":"post_tag","embeddable":true,"href":"https:\/\/newsestlyonnais.fr\/site\/wp-json\/wp\/v2\/tags?post=123723"}],"curies":[{"name":"wp","href":"https:\/\/api.w.org\/{rel}","templated":true}]}}