{"id":123910,"date":"2021-02-03T14:32:17","date_gmt":"2021-02-03T13:32:17","guid":{"rendered":"http:\/\/newsestlyonnais.fr\/site\/?p=123910"},"modified":"2021-09-17T09:45:18","modified_gmt":"2021-09-17T08:45:18","slug":"ski-lyon-nous-pensons-aux-acteurs-de-la-montagne-luttant-au-quotidien","status":"publish","type":"post","link":"https:\/\/newsestlyonnais.fr\/site\/2021\/02\/03\/ski-lyon-nous-pensons-aux-acteurs-de-la-montagne-luttant-au-quotidien\/","title":{"rendered":"Ski Lyon | \u00ab\u00a0nous pensons aux acteurs de la montagne luttant au quotidien\u00a0\u00bb"},"content":{"rendered":"<p>En ce mercredi, c\u2019est <strong>Robin Maurey, pr\u00e9sident depuis sa cr\u00e9ation en Novembre 2016<\/strong><strong>, <\/strong>qui r\u00e9pond aux questions de la r\u00e9daction :<\/p>\n<hr \/>\n<ul>\n<li><span style=\"font-size: 14pt;\"><strong><u>Quelle est son activit\u00e9 et effectif actuel<\/u><\/strong><\/span><strong><span style=\"font-size: 14pt;\"> ?<\/span> <\/strong><\/li>\n<\/ul>\n<p class=\"font_8\">\u00bb Activit\u00e9 principale : <strong>Promotion des sports de montagne, partage de sorties, de bons plans, et covoiturage via un forum<\/strong> sur Facebook.<\/p>\n<p class=\"font_8\">Effectif : <strong>4 personnes au bureau<\/strong> (pr\u00e9sident, vice-pr\u00e9sident, tr\u00e9sorier, secr\u00e9taire) \/ <strong>+ de 7.000 membres <\/strong>sur le forum \/ <strong>+ de 22.000 followers<\/strong> sur la page Facebook \u00ab .<\/p>\n<hr \/>\n<ul>\n<li><span style=\"font-size: 14pt;\"><strong><u>Comment s\u2019\u00e9tait pass\u00e9 le 1\u00b0 confinement et aviez vous mis du personnel au ch\u00f4mage<\/u><\/strong><\/span><strong><span style=\"font-size: 14pt;\"> ?<\/span> <\/strong><\/li>\n<\/ul>\n<p>\u00bb Nous avons continu\u00e9 \u00e0 travailler sur diff\u00e9rents projets \u00e0 distance \u00ab .<\/p>\n<hr \/>\n<ul>\n<li><span style=\"font-size: 14pt;\"><strong><u>Et la reprise des activit\u00e9s \u00e0 la rentr\u00e9e de septembre<\/u><\/strong> <strong>?<\/strong><\/span><\/li>\n<\/ul>\n<p>\u00bb Assez calme, nous avions <strong>un projet de festival de ski \u00e0 Lyon nomm\u00e9 \u00a0\u00bb Edelweiss Mountain Festival\u00a0\u00bb que nous avons d\u00f9 annuler<\/strong> en raison de la crise sanitaire. Par ailleurs nous attendions des dates pour l&rsquo;ouverture des remont\u00e9es m\u00e9caniques, l\u00e0 encore la situation li\u00e9e au covid a pouss\u00e9 les stations \u00e0 rester ferm\u00e9es.<br \/>\n<img loading=\"lazy\" decoding=\"async\" class=\"alignright wp-image-123938 size-medium\" src=\"https:\/\/newsestlyonnais.fr\/site\/wp-content\/uploads\/2021\/02\/Visuel-tours-de-cou-Ski-Lyon-400x200.jpg\" alt=\"\" width=\"400\" height=\"200\" srcset=\"https:\/\/newsestlyonnais.fr\/site\/wp-content\/uploads\/2021\/02\/Visuel-tours-de-cou-Ski-Lyon-400x200.jpg 400w, https:\/\/newsestlyonnais.fr\/site\/wp-content\/uploads\/2021\/02\/Visuel-tours-de-cou-Ski-Lyon-650x325.jpg 650w, https:\/\/newsestlyonnais.fr\/site\/wp-content\/uploads\/2021\/02\/Visuel-tours-de-cou-Ski-Lyon-250x125.jpg 250w, https:\/\/newsestlyonnais.fr\/site\/wp-content\/uploads\/2021\/02\/Visuel-tours-de-cou-Ski-Lyon-768x384.jpg 768w, https:\/\/newsestlyonnais.fr\/site\/wp-content\/uploads\/2021\/02\/Visuel-tours-de-cou-Ski-Lyon-150x75.jpg 150w, https:\/\/newsestlyonnais.fr\/site\/wp-content\/uploads\/2021\/02\/Visuel-tours-de-cou-Ski-Lyon-50x25.jpg 50w, https:\/\/newsestlyonnais.fr\/site\/wp-content\/uploads\/2021\/02\/Visuel-tours-de-cou-Ski-Lyon-100x50.jpg 100w, https:\/\/newsestlyonnais.fr\/site\/wp-content\/uploads\/2021\/02\/Visuel-tours-de-cou-Ski-Lyon-200x100.jpg 200w, https:\/\/newsestlyonnais.fr\/site\/wp-content\/uploads\/2021\/02\/Visuel-tours-de-cou-Ski-Lyon-300x150.jpg 300w, https:\/\/newsestlyonnais.fr\/site\/wp-content\/uploads\/2021\/02\/Visuel-tours-de-cou-Ski-Lyon-350x175.jpg 350w, https:\/\/newsestlyonnais.fr\/site\/wp-content\/uploads\/2021\/02\/Visuel-tours-de-cou-Ski-Lyon-450x225.jpg 450w, https:\/\/newsestlyonnais.fr\/site\/wp-content\/uploads\/2021\/02\/Visuel-tours-de-cou-Ski-Lyon-500x250.jpg 500w, https:\/\/newsestlyonnais.fr\/site\/wp-content\/uploads\/2021\/02\/Visuel-tours-de-cou-Ski-Lyon-550x275.jpg 550w, https:\/\/newsestlyonnais.fr\/site\/wp-content\/uploads\/2021\/02\/Visuel-tours-de-cou-Ski-Lyon-800x400.jpg 800w, https:\/\/newsestlyonnais.fr\/site\/wp-content\/uploads\/2021\/02\/Visuel-tours-de-cou-Ski-Lyon.jpg 1024w\" sizes=\"auto, (max-width: 400px) 100vw, 400px\" \/>Dans le cadre de la lutte contre la propagation du virus, <strong>nous avons d\u00e9velopp\u00e9 un tour de cou anti-covid<\/strong> permettant aux amateurs de sports d&rsquo;hiver d&rsquo;\u00eatre dans les r\u00e8gles sanitaires, puisque il \u00e9tait convenu que le port du masque soit obligatoire sur les remont\u00e9es m\u00e9caniques\u00bb). (+ d&rsquo;infos sur : <span style=\"color: #0000ff;\"><a style=\"color: #0000ff;\" href=\"http:\/\/www.skilyon.fr\/rider\">www.skilyon.fr\/rider<\/a> )<\/span>.<\/p>\n<hr \/>\n<ul>\n<li><span style=\"text-decoration: underline; font-size: 14pt;\"><strong>Avez-vous connu depuis une baisse de vos effectifs<\/strong><\/span> <strong>?<\/strong><\/li>\n<\/ul>\n<p>\u00bb <strong>Pas de baisse notable, nous avons m\u00eame gagn\u00e9 de nouveaux membres sur le forum \u00ab<\/strong>.<\/p>\n<ul>\n<li><strong><span style=\"text-decoration: underline; font-size: 14pt;\">Avez-vous \u00e9t\u00e9 contraints d\u2019annuler des \u00e9v\u00e8nements<\/span> ?<\/strong><\/li>\n<\/ul>\n<p>\u00bb Oui, comme indiqu\u00e9 plus haut : l&rsquo;Edelweiss Mountain Festival, qui devait avoir lieu \u00e0 Lyon en Automne 2020.<\/p>\n<p>Nous avons \u00e9galement annul\u00e9 un \u00e9v\u00e9nement d&rsquo;ouverture de saison de ski nomm\u00e9 \u00a0\u00bb Winter Opening \u00a0\u00bb que nous organisons depuis 3 ans et qui se d\u00e9roule \u00e0 la Plagne en D\u00e9cembre \u00ab .<\/p>\n<hr \/>\n<ul>\n<li><span style=\"font-size: 14pt;\"><strong><span style=\"text-decoration: underline;\">Comment se d\u00e9roule ce 2\u00b0 confinement<\/span> ?<\/strong><\/span><\/li>\n<\/ul>\n<p>\u00bb Nous restons \u00e0 l&rsquo;\u00e9coute de toutes les informations li\u00e9es \u00e0 la pratique des sports de montagne, et particuli\u00e8rement au ski et au snowboard, faute d&rsquo;ouverture des remont\u00e9es m\u00e9caniques, nous proposons quelques jeux concours avec nos partenaires afin d&rsquo;alimenter les r\u00e9seaux et de faire vivre la communaut\u00e9 \u00ab .<\/p>\n<ul>\n<li><strong><span style=\"font-size: 14pt;\"><span style=\"text-decoration: underline;\">Cons\u00e9quences financi\u00e8res ou autres<\/span> ?<\/span> <\/strong><\/li>\n<\/ul>\n<p>\u00bb Nous comptions sur nos deux \u00e9v\u00e9nements pour d\u00e9bloquer un peu la tr\u00e9sorerie, \u00e0 d\u00e9faut <strong>seuls les tours de cou que nous proposons nous permettent d&rsquo;alimenter les budgets de l&rsquo;association \u00e0 minima<\/strong> \u00ab .<\/p>\n<hr \/>\n<ul>\n<li><span style=\"text-decoration: underline; font-size: 14pt;\"><strong>Et pour conclure<\/strong> <\/span><strong><span style=\"font-size: 14pt;\">?<\/span><br \/>\n<\/strong><\/li>\n<\/ul>\n<p>\u00bb Pour le bien de tous, nous esp\u00e9rons que la situation sanitaire du pays s&rsquo;am\u00e9liorera rapidement et que cette crise ne deviendra qu&rsquo;un mauvais souvenir, il y a peu de chances que les remont\u00e9es m\u00e9caniques puissent ouvrir cette ann\u00e9e et <strong>nous pensons bien fort \u00e0 tous les acteurs de la montagne qui luttent au quotidien<\/strong> pour s&rsquo;en sortir malgr\u00e9 tout <strong>\u00ab<\/strong>.<\/p>\n<hr \/>\n<p><strong><em><img loading=\"lazy\" decoding=\"async\" class=\"alignleft wp-image-123927 size-thumbnail\" src=\"https:\/\/newsestlyonnais.fr\/site\/wp-content\/uploads\/2021\/02\/cropped-CONTOUR-BLANC-1536x1536-1-250x250.png\" alt=\"\" width=\"150\" height=\"150\" data-attachment-id=\"123787\" data-permalink=\"https:\/\/newsestlyonnais.fr\/site\/2021\/02\/02\/vaulx-en-velin-escalade-et-alpinisme-la-saison-est-dores-et-deja-fichue\/newsestlyonnais-logo-cpeavv-2\/\" data-orig-file=\"https:\/\/i2.wp.com\/newsestlyonnais.fr\/site\/wp-content\/uploads\/2021\/02\/NEWSESTLYONNAIS-LOGO-CPEAVV.jpg?fit=250%2C150&amp;ssl=1\" data-orig-size=\"250,150\" data-comments-opened=\"1\" data-image-meta=\"{&quot;aperture&quot;:&quot;0&quot;,&quot;credit&quot;:&quot;&quot;,&quot;camera&quot;:&quot;&quot;,&quot;caption&quot;:&quot;&quot;,&quot;created_timestamp&quot;:&quot;0&quot;,&quot;copyright&quot;:&quot;&quot;,&quot;focal_length&quot;:&quot;0&quot;,&quot;iso&quot;:&quot;0&quot;,&quot;shutter_speed&quot;:&quot;0&quot;,&quot;title&quot;:&quot;&quot;,&quot;orientation&quot;:&quot;0&quot;}\" data-image-title=\"NEWSESTLYONNAIS \u2013 LOGO CPEAVV\" data-image-description=\"\" data-medium-file=\"https:\/\/i2.wp.com\/newsestlyonnais.fr\/site\/wp-content\/uploads\/2021\/02\/NEWSESTLYONNAIS-LOGO-CPEAVV.jpg?fit=250%2C150&amp;ssl=1\" data-large-file=\"https:\/\/i2.wp.com\/newsestlyonnais.fr\/site\/wp-content\/uploads\/2021\/02\/NEWSESTLYONNAIS-LOGO-CPEAVV.jpg?fit=250%2C150&amp;ssl=1\" data-recalc-dims=\"1\" srcset=\"https:\/\/newsestlyonnais.fr\/site\/wp-content\/uploads\/2021\/02\/cropped-CONTOUR-BLANC-1536x1536-1-250x250.png 250w, https:\/\/newsestlyonnais.fr\/site\/wp-content\/uploads\/2021\/02\/cropped-CONTOUR-BLANC-1536x1536-1-400x400.png 400w, https:\/\/newsestlyonnais.fr\/site\/wp-content\/uploads\/2021\/02\/cropped-CONTOUR-BLANC-1536x1536-1-650x650.png 650w, https:\/\/newsestlyonnais.fr\/site\/wp-content\/uploads\/2021\/02\/cropped-CONTOUR-BLANC-1536x1536-1-768x768.png 768w, https:\/\/newsestlyonnais.fr\/site\/wp-content\/uploads\/2021\/02\/cropped-CONTOUR-BLANC-1536x1536-1-150x150.png 150w, https:\/\/newsestlyonnais.fr\/site\/wp-content\/uploads\/2021\/02\/cropped-CONTOUR-BLANC-1536x1536-1-50x50.png 50w, https:\/\/newsestlyonnais.fr\/site\/wp-content\/uploads\/2021\/02\/cropped-CONTOUR-BLANC-1536x1536-1-100x100.png 100w, https:\/\/newsestlyonnais.fr\/site\/wp-content\/uploads\/2021\/02\/cropped-CONTOUR-BLANC-1536x1536-1-200x200.png 200w, https:\/\/newsestlyonnais.fr\/site\/wp-content\/uploads\/2021\/02\/cropped-CONTOUR-BLANC-1536x1536-1-300x300.png 300w, https:\/\/newsestlyonnais.fr\/site\/wp-content\/uploads\/2021\/02\/cropped-CONTOUR-BLANC-1536x1536-1-350x350.png 350w, https:\/\/newsestlyonnais.fr\/site\/wp-content\/uploads\/2021\/02\/cropped-CONTOUR-BLANC-1536x1536-1-450x450.png 450w, https:\/\/newsestlyonnais.fr\/site\/wp-content\/uploads\/2021\/02\/cropped-CONTOUR-BLANC-1536x1536-1-500x500.png 500w, https:\/\/newsestlyonnais.fr\/site\/wp-content\/uploads\/2021\/02\/cropped-CONTOUR-BLANC-1536x1536-1-550x550.png 550w, https:\/\/newsestlyonnais.fr\/site\/wp-content\/uploads\/2021\/02\/cropped-CONTOUR-BLANC-1536x1536-1-800x800.png 800w, https:\/\/newsestlyonnais.fr\/site\/wp-content\/uploads\/2021\/02\/cropped-CONTOUR-BLANC-1536x1536-1.png 1200w\" sizes=\"auto, (max-width: 150px) 100vw, 150px\" \/><\/em><\/strong><\/p>\n<p><span style=\"font-size: 14pt;\"><strong><em>A retrouver sur :<\/em><\/strong><\/span><\/p>\n<ul>\n<li>Internet : <strong><em><a href=\"https:\/\/skilyon.fr\"><span style=\"color: #0000ff;\">https:\/\/skilyon.fr<\/span><\/a><\/em><\/strong><\/li>\n<li>Facebook : <a href=\"http:\/\/www.facebook.com\/skilyon\"><span style=\"color: #0000ff;\">www.facebook.com\/skilyon<\/span><\/a><\/li>\n<li>Instagram : ski.lyon<\/li>\n<\/ul>\n<hr \/>\n<p>&nbsp;<\/p>\n<div id='gallery-1' class='gallery galleryid-123910 gallery-columns-2 gallery-size-thumbnail'><figure class='gallery-item'>\n\t\t\t<div class='gallery-icon landscape'>\n\t\t\t\t<a href='https:\/\/newsestlyonnais.fr\/site\/2021\/02\/03\/ski-lyon-nous-pensons-aux-acteurs-de-la-montagne-luttant-au-quotidien\/img_1540\/'><img loading=\"lazy\" decoding=\"async\" width=\"150\" height=\"100\" src=\"https:\/\/newsestlyonnais.fr\/site\/wp-content\/uploads\/2021\/02\/IMG_1540-250x167.jpg\" class=\"attachment-thumbnail size-thumbnail\" alt=\"\" srcset=\"https:\/\/newsestlyonnais.fr\/site\/wp-content\/uploads\/2021\/02\/IMG_1540-250x167.jpg 250w, https:\/\/newsestlyonnais.fr\/site\/wp-content\/uploads\/2021\/02\/IMG_1540-400x267.jpg 400w, https:\/\/newsestlyonnais.fr\/site\/wp-content\/uploads\/2021\/02\/IMG_1540-650x433.jpg 650w, https:\/\/newsestlyonnais.fr\/site\/wp-content\/uploads\/2021\/02\/IMG_1540-768x512.jpg 768w, https:\/\/newsestlyonnais.fr\/site\/wp-content\/uploads\/2021\/02\/IMG_1540-150x100.jpg 150w, https:\/\/newsestlyonnais.fr\/site\/wp-content\/uploads\/2021\/02\/IMG_1540-50x33.jpg 50w, https:\/\/newsestlyonnais.fr\/site\/wp-content\/uploads\/2021\/02\/IMG_1540-100x67.jpg 100w, https:\/\/newsestlyonnais.fr\/site\/wp-content\/uploads\/2021\/02\/IMG_1540-200x133.jpg 200w, https:\/\/newsestlyonnais.fr\/site\/wp-content\/uploads\/2021\/02\/IMG_1540-300x200.jpg 300w, https:\/\/newsestlyonnais.fr\/site\/wp-content\/uploads\/2021\/02\/IMG_1540-350x233.jpg 350w, https:\/\/newsestlyonnais.fr\/site\/wp-content\/uploads\/2021\/02\/IMG_1540-450x300.jpg 450w, https:\/\/newsestlyonnais.fr\/site\/wp-content\/uploads\/2021\/02\/IMG_1540-500x333.jpg 500w, https:\/\/newsestlyonnais.fr\/site\/wp-content\/uploads\/2021\/02\/IMG_1540-550x367.jpg 550w, https:\/\/newsestlyonnais.fr\/site\/wp-content\/uploads\/2021\/02\/IMG_1540-800x533.jpg 800w, https:\/\/newsestlyonnais.fr\/site\/wp-content\/uploads\/2021\/02\/IMG_1540.jpg 1200w\" sizes=\"auto, (max-width: 150px) 100vw, 150px\" \/><\/a>\n\t\t\t<\/div><\/figure><figure class='gallery-item'>\n\t\t\t<div class='gallery-icon landscape'>\n\t\t\t\t<a href='https:\/\/newsestlyonnais.fr\/site\/2021\/02\/03\/ski-lyon-nous-pensons-aux-acteurs-de-la-montagne-luttant-au-quotidien\/baches-2k\/'><img loading=\"lazy\" decoding=\"async\" width=\"150\" height=\"80\" src=\"https:\/\/newsestlyonnais.fr\/site\/wp-content\/uploads\/2021\/02\/BACHES-2K-250x133.jpg\" class=\"attachment-thumbnail size-thumbnail\" alt=\"\" srcset=\"https:\/\/newsestlyonnais.fr\/site\/wp-content\/uploads\/2021\/02\/BACHES-2K-250x133.jpg 250w, https:\/\/newsestlyonnais.fr\/site\/wp-content\/uploads\/2021\/02\/BACHES-2K-400x213.jpg 400w, https:\/\/newsestlyonnais.fr\/site\/wp-content\/uploads\/2021\/02\/BACHES-2K-650x347.jpg 650w, https:\/\/newsestlyonnais.fr\/site\/wp-content\/uploads\/2021\/02\/BACHES-2K-768x410.jpg 768w, https:\/\/newsestlyonnais.fr\/site\/wp-content\/uploads\/2021\/02\/BACHES-2K-150x80.jpg 150w, https:\/\/newsestlyonnais.fr\/site\/wp-content\/uploads\/2021\/02\/BACHES-2K-50x27.jpg 50w, https:\/\/newsestlyonnais.fr\/site\/wp-content\/uploads\/2021\/02\/BACHES-2K-100x53.jpg 100w, https:\/\/newsestlyonnais.fr\/site\/wp-content\/uploads\/2021\/02\/BACHES-2K-200x107.jpg 200w, https:\/\/newsestlyonnais.fr\/site\/wp-content\/uploads\/2021\/02\/BACHES-2K-300x160.jpg 300w, https:\/\/newsestlyonnais.fr\/site\/wp-content\/uploads\/2021\/02\/BACHES-2K-350x187.jpg 350w, https:\/\/newsestlyonnais.fr\/site\/wp-content\/uploads\/2021\/02\/BACHES-2K-450x240.jpg 450w, https:\/\/newsestlyonnais.fr\/site\/wp-content\/uploads\/2021\/02\/BACHES-2K-500x267.jpg 500w, https:\/\/newsestlyonnais.fr\/site\/wp-content\/uploads\/2021\/02\/BACHES-2K-550x293.jpg 550w, https:\/\/newsestlyonnais.fr\/site\/wp-content\/uploads\/2021\/02\/BACHES-2K-800x427.jpg 800w, https:\/\/newsestlyonnais.fr\/site\/wp-content\/uploads\/2021\/02\/BACHES-2K.jpg 1200w\" sizes=\"auto, (max-width: 150px) 100vw, 150px\" \/><\/a>\n\t\t\t<\/div><\/figure>\n\t\t<\/div>\n\n<p>&nbsp;<\/p>\n<p>&nbsp;<\/p>\n","protected":false},"excerpt":{"rendered":"<p>1 jour, 1 association | Quotidiennement, une association est pr\u00e9sent\u00e9e par un de ses dirigeants.<\/p>\n","protected":false},"author":4,"featured_media":123931,"comment_status":"open","ping_status":"open","sticky":false,"template":"","format":"standard","meta":{"footnotes":""},"categories":[3420,574,166,1625,3900],"tags":[2077,2484,3559],"class_list":["post-123910","post","type-post","status-publish","format-standard","has-post-thumbnail","hentry","category-1-jour-1-association","category-autres-sports","category-divers-sports","category-lyon","category-patinage-roller-ski","tag-lyon","tag-ski","tag-ski-lyon"],"yoast_head":"<!-- This site is optimized with the Yoast SEO plugin v27.2 - https:\/\/yoast.com\/product\/yoast-seo-wordpress\/ -->\n<title>Ski Lyon | &quot;nous pensons aux acteurs de la montagne luttant au quotidien&quot; - News Est Lyonnais<\/title>\n<meta name=\"description\" content=\"Ski Lyon | &quot;nous pensons bien fort aux acteurs de la montagne qui luttent au quotidien&quot;\" \/>\n<meta name=\"robots\" content=\"index, follow, max-snippet:-1, max-image-preview:large, max-video-preview:-1\" \/>\n<link rel=\"canonical\" href=\"https:\/\/newsestlyonnais.fr\/site\/2021\/02\/03\/ski-lyon-nous-pensons-aux-acteurs-de-la-montagne-luttant-au-quotidien\/\" \/>\n<meta property=\"og:locale\" content=\"fr_FR\" \/>\n<meta property=\"og:type\" content=\"article\" \/>\n<meta property=\"og:title\" content=\"Ski Lyon | &quot;nous pensons aux acteurs de la montagne luttant au quotidien&quot; - News Est Lyonnais\" \/>\n<meta property=\"og:description\" content=\"Ski Lyon | &quot;nous pensons bien fort aux acteurs de la montagne qui luttent au quotidien&quot;\" \/>\n<meta property=\"og:url\" content=\"https:\/\/newsestlyonnais.fr\/site\/2021\/02\/03\/ski-lyon-nous-pensons-aux-acteurs-de-la-montagne-luttant-au-quotidien\/\" \/>\n<meta property=\"og:site_name\" content=\"News Est Lyonnais\" \/>\n<meta property=\"article:author\" content=\"https:\/\/www.facebook.com\/pascal.oberson.1?fref=ts\" \/>\n<meta property=\"article:published_time\" content=\"2021-02-03T13:32:17+00:00\" \/>\n<meta property=\"article:modified_time\" content=\"2021-09-17T08:45:18+00:00\" \/>\n<meta property=\"og:image\" content=\"https:\/\/i2.wp.com\/newsestlyonnais.fr\/site\/wp-content\/uploads\/2021\/02\/IMG_5634.jpg?fit=1200%2C800&ssl=1\" \/>\n\t<meta property=\"og:image:width\" content=\"1200\" \/>\n\t<meta property=\"og:image:height\" content=\"800\" \/>\n\t<meta property=\"og:image:type\" content=\"image\/jpeg\" \/>\n<meta name=\"author\" content=\"R\u00e9dac. NEWS\" \/>\n<meta name=\"twitter:card\" content=\"summary_large_image\" \/>\n<meta name=\"twitter:label1\" content=\"\u00c9crit par\" \/>\n\t<meta name=\"twitter:data1\" content=\"R\u00e9dac. NEWS\" \/>\n\t<meta name=\"twitter:label2\" content=\"Dur\u00e9e de lecture estim\u00e9e\" \/>\n\t<meta name=\"twitter:data2\" content=\"3 minutes\" \/>\n<script type=\"application\/ld+json\" class=\"yoast-schema-graph\">{\"@context\":\"https:\/\/schema.org\",\"@graph\":[{\"@type\":\"Article\",\"@id\":\"https:\/\/newsestlyonnais.fr\/site\/2021\/02\/03\/ski-lyon-nous-pensons-aux-acteurs-de-la-montagne-luttant-au-quotidien\/#article\",\"isPartOf\":{\"@id\":\"https:\/\/newsestlyonnais.fr\/site\/2021\/02\/03\/ski-lyon-nous-pensons-aux-acteurs-de-la-montagne-luttant-au-quotidien\/\"},\"author\":{\"name\":\"R\u00e9dac. NEWS\",\"@id\":\"https:\/\/newsestlyonnais.fr\/site\/#\/schema\/person\/3230d5615f390bb808365d673001e887\"},\"headline\":\"Ski Lyon | \u00ab\u00a0nous pensons aux acteurs de la montagne luttant au quotidien\u00a0\u00bb\",\"datePublished\":\"2021-02-03T13:32:17+00:00\",\"dateModified\":\"2021-09-17T08:45:18+00:00\",\"mainEntityOfPage\":{\"@id\":\"https:\/\/newsestlyonnais.fr\/site\/2021\/02\/03\/ski-lyon-nous-pensons-aux-acteurs-de-la-montagne-luttant-au-quotidien\/\"},\"wordCount\":503,\"commentCount\":0,\"publisher\":{\"@id\":\"https:\/\/newsestlyonnais.fr\/site\/#organization\"},\"image\":{\"@id\":\"https:\/\/newsestlyonnais.fr\/site\/2021\/02\/03\/ski-lyon-nous-pensons-aux-acteurs-de-la-montagne-luttant-au-quotidien\/#primaryimage\"},\"thumbnailUrl\":\"https:\/\/newsestlyonnais.fr\/site\/wp-content\/uploads\/2021\/02\/IMG_5634.jpg\",\"keywords\":[\"LYON\",\"SKI\",\"SKI LYON\"],\"articleSection\":[\"1 jour, 1 association\",\"Autres sports\",\"Divers Sports\",\"Lyon\",\"Patinage | Roller | Ski\"],\"inLanguage\":\"fr-FR\",\"potentialAction\":[{\"@type\":\"CommentAction\",\"name\":\"Comment\",\"target\":[\"https:\/\/newsestlyonnais.fr\/site\/2021\/02\/03\/ski-lyon-nous-pensons-aux-acteurs-de-la-montagne-luttant-au-quotidien\/#respond\"]}]},{\"@type\":\"WebPage\",\"@id\":\"https:\/\/newsestlyonnais.fr\/site\/2021\/02\/03\/ski-lyon-nous-pensons-aux-acteurs-de-la-montagne-luttant-au-quotidien\/\",\"url\":\"https:\/\/newsestlyonnais.fr\/site\/2021\/02\/03\/ski-lyon-nous-pensons-aux-acteurs-de-la-montagne-luttant-au-quotidien\/\",\"name\":\"Ski Lyon | \\\"nous pensons aux acteurs de la montagne luttant au quotidien\\\" - News Est Lyonnais\",\"isPartOf\":{\"@id\":\"https:\/\/newsestlyonnais.fr\/site\/#website\"},\"primaryImageOfPage\":{\"@id\":\"https:\/\/newsestlyonnais.fr\/site\/2021\/02\/03\/ski-lyon-nous-pensons-aux-acteurs-de-la-montagne-luttant-au-quotidien\/#primaryimage\"},\"image\":{\"@id\":\"https:\/\/newsestlyonnais.fr\/site\/2021\/02\/03\/ski-lyon-nous-pensons-aux-acteurs-de-la-montagne-luttant-au-quotidien\/#primaryimage\"},\"thumbnailUrl\":\"https:\/\/newsestlyonnais.fr\/site\/wp-content\/uploads\/2021\/02\/IMG_5634.jpg\",\"datePublished\":\"2021-02-03T13:32:17+00:00\",\"dateModified\":\"2021-09-17T08:45:18+00:00\",\"description\":\"Ski Lyon | \\\"nous pensons bien fort aux acteurs de la montagne qui luttent au quotidien\\\"\",\"breadcrumb\":{\"@id\":\"https:\/\/newsestlyonnais.fr\/site\/2021\/02\/03\/ski-lyon-nous-pensons-aux-acteurs-de-la-montagne-luttant-au-quotidien\/#breadcrumb\"},\"inLanguage\":\"fr-FR\",\"potentialAction\":[{\"@type\":\"ReadAction\",\"target\":[\"https:\/\/newsestlyonnais.fr\/site\/2021\/02\/03\/ski-lyon-nous-pensons-aux-acteurs-de-la-montagne-luttant-au-quotidien\/\"]}]},{\"@type\":\"ImageObject\",\"inLanguage\":\"fr-FR\",\"@id\":\"https:\/\/newsestlyonnais.fr\/site\/2021\/02\/03\/ski-lyon-nous-pensons-aux-acteurs-de-la-montagne-luttant-au-quotidien\/#primaryimage\",\"url\":\"https:\/\/newsestlyonnais.fr\/site\/wp-content\/uploads\/2021\/02\/IMG_5634.jpg\",\"contentUrl\":\"https:\/\/newsestlyonnais.fr\/site\/wp-content\/uploads\/2021\/02\/IMG_5634.jpg\",\"width\":1200,\"height\":800},{\"@type\":\"BreadcrumbList\",\"@id\":\"https:\/\/newsestlyonnais.fr\/site\/2021\/02\/03\/ski-lyon-nous-pensons-aux-acteurs-de-la-montagne-luttant-au-quotidien\/#breadcrumb\",\"itemListElement\":[{\"@type\":\"ListItem\",\"position\":1,\"name\":\"Accueil\",\"item\":\"https:\/\/newsestlyonnais.fr\/site\/\"},{\"@type\":\"ListItem\",\"position\":2,\"name\":\"Ski Lyon | \u00ab\u00a0nous pensons aux acteurs de la montagne luttant au quotidien\u00a0\u00bb\"}]},{\"@type\":\"WebSite\",\"@id\":\"https:\/\/newsestlyonnais.fr\/site\/#website\",\"url\":\"https:\/\/newsestlyonnais.fr\/site\/\",\"name\":\"News Est Lyonnais\",\"description\":\"L&#039;actualit\u00e9 au plus pr\u00e8s\",\"publisher\":{\"@id\":\"https:\/\/newsestlyonnais.fr\/site\/#organization\"},\"potentialAction\":[{\"@type\":\"SearchAction\",\"target\":{\"@type\":\"EntryPoint\",\"urlTemplate\":\"https:\/\/newsestlyonnais.fr\/site\/?s={search_term_string}\"},\"query-input\":{\"@type\":\"PropertyValueSpecification\",\"valueRequired\":true,\"valueName\":\"search_term_string\"}}],\"inLanguage\":\"fr-FR\"},{\"@type\":\"Organization\",\"@id\":\"https:\/\/newsestlyonnais.fr\/site\/#organization\",\"name\":\"News EST LYONNAIS\",\"url\":\"https:\/\/newsestlyonnais.fr\/site\/\",\"logo\":{\"@type\":\"ImageObject\",\"inLanguage\":\"fr-FR\",\"@id\":\"https:\/\/newsestlyonnais.fr\/site\/#\/schema\/logo\/image\/\",\"url\":\"\",\"contentUrl\":\"\",\"caption\":\"News EST LYONNAIS\"},\"image\":{\"@id\":\"https:\/\/newsestlyonnais.fr\/site\/#\/schema\/logo\/image\/\"}},{\"@type\":\"Person\",\"@id\":\"https:\/\/newsestlyonnais.fr\/site\/#\/schema\/person\/3230d5615f390bb808365d673001e887\",\"name\":\"R\u00e9dac. NEWS\",\"sameAs\":[\"http:\/\/www.newsestlyonnais.fr\",\"https:\/\/www.facebook.com\/pascal.oberson.1?fref=ts\",\"https:\/\/fr.linkedin.com\/in\/pascal-oberson-b17045113\"],\"url\":\"https:\/\/newsestlyonnais.fr\/site\/author\/nel\/\"}]}<\/script>\n<!-- \/ Yoast SEO plugin. -->","yoast_head_json":{"title":"Ski Lyon | \"nous pensons aux acteurs de la montagne luttant au quotidien\" - News Est Lyonnais","description":"Ski Lyon | \"nous pensons bien fort aux acteurs de la montagne qui luttent au quotidien\"","robots":{"index":"index","follow":"follow","max-snippet":"max-snippet:-1","max-image-preview":"max-image-preview:large","max-video-preview":"max-video-preview:-1"},"canonical":"https:\/\/newsestlyonnais.fr\/site\/2021\/02\/03\/ski-lyon-nous-pensons-aux-acteurs-de-la-montagne-luttant-au-quotidien\/","og_locale":"fr_FR","og_type":"article","og_title":"Ski Lyon | \"nous pensons aux acteurs de la montagne luttant au quotidien\" - News Est Lyonnais","og_description":"Ski Lyon | \"nous pensons bien fort aux acteurs de la montagne qui luttent au quotidien\"","og_url":"https:\/\/newsestlyonnais.fr\/site\/2021\/02\/03\/ski-lyon-nous-pensons-aux-acteurs-de-la-montagne-luttant-au-quotidien\/","og_site_name":"News Est Lyonnais","article_author":"https:\/\/www.facebook.com\/pascal.oberson.1?fref=ts","article_published_time":"2021-02-03T13:32:17+00:00","article_modified_time":"2021-09-17T08:45:18+00:00","og_image":[{"width":1200,"height":800,"url":"https:\/\/i2.wp.com\/newsestlyonnais.fr\/site\/wp-content\/uploads\/2021\/02\/IMG_5634.jpg?fit=1200%2C800&ssl=1","type":"image\/jpeg"}],"author":"R\u00e9dac. NEWS","twitter_card":"summary_large_image","twitter_misc":{"\u00c9crit par":"R\u00e9dac. NEWS","Dur\u00e9e de lecture estim\u00e9e":"3 minutes"},"schema":{"@context":"https:\/\/schema.org","@graph":[{"@type":"Article","@id":"https:\/\/newsestlyonnais.fr\/site\/2021\/02\/03\/ski-lyon-nous-pensons-aux-acteurs-de-la-montagne-luttant-au-quotidien\/#article","isPartOf":{"@id":"https:\/\/newsestlyonnais.fr\/site\/2021\/02\/03\/ski-lyon-nous-pensons-aux-acteurs-de-la-montagne-luttant-au-quotidien\/"},"author":{"name":"R\u00e9dac. NEWS","@id":"https:\/\/newsestlyonnais.fr\/site\/#\/schema\/person\/3230d5615f390bb808365d673001e887"},"headline":"Ski Lyon | \u00ab\u00a0nous pensons aux acteurs de la montagne luttant au quotidien\u00a0\u00bb","datePublished":"2021-02-03T13:32:17+00:00","dateModified":"2021-09-17T08:45:18+00:00","mainEntityOfPage":{"@id":"https:\/\/newsestlyonnais.fr\/site\/2021\/02\/03\/ski-lyon-nous-pensons-aux-acteurs-de-la-montagne-luttant-au-quotidien\/"},"wordCount":503,"commentCount":0,"publisher":{"@id":"https:\/\/newsestlyonnais.fr\/site\/#organization"},"image":{"@id":"https:\/\/newsestlyonnais.fr\/site\/2021\/02\/03\/ski-lyon-nous-pensons-aux-acteurs-de-la-montagne-luttant-au-quotidien\/#primaryimage"},"thumbnailUrl":"https:\/\/newsestlyonnais.fr\/site\/wp-content\/uploads\/2021\/02\/IMG_5634.jpg","keywords":["LYON","SKI","SKI LYON"],"articleSection":["1 jour, 1 association","Autres sports","Divers Sports","Lyon","Patinage | Roller | Ski"],"inLanguage":"fr-FR","potentialAction":[{"@type":"CommentAction","name":"Comment","target":["https:\/\/newsestlyonnais.fr\/site\/2021\/02\/03\/ski-lyon-nous-pensons-aux-acteurs-de-la-montagne-luttant-au-quotidien\/#respond"]}]},{"@type":"WebPage","@id":"https:\/\/newsestlyonnais.fr\/site\/2021\/02\/03\/ski-lyon-nous-pensons-aux-acteurs-de-la-montagne-luttant-au-quotidien\/","url":"https:\/\/newsestlyonnais.fr\/site\/2021\/02\/03\/ski-lyon-nous-pensons-aux-acteurs-de-la-montagne-luttant-au-quotidien\/","name":"Ski Lyon | \"nous pensons aux acteurs de la montagne luttant au quotidien\" - News Est Lyonnais","isPartOf":{"@id":"https:\/\/newsestlyonnais.fr\/site\/#website"},"primaryImageOfPage":{"@id":"https:\/\/newsestlyonnais.fr\/site\/2021\/02\/03\/ski-lyon-nous-pensons-aux-acteurs-de-la-montagne-luttant-au-quotidien\/#primaryimage"},"image":{"@id":"https:\/\/newsestlyonnais.fr\/site\/2021\/02\/03\/ski-lyon-nous-pensons-aux-acteurs-de-la-montagne-luttant-au-quotidien\/#primaryimage"},"thumbnailUrl":"https:\/\/newsestlyonnais.fr\/site\/wp-content\/uploads\/2021\/02\/IMG_5634.jpg","datePublished":"2021-02-03T13:32:17+00:00","dateModified":"2021-09-17T08:45:18+00:00","description":"Ski Lyon | \"nous pensons bien fort aux acteurs de la montagne qui luttent au quotidien\"","breadcrumb":{"@id":"https:\/\/newsestlyonnais.fr\/site\/2021\/02\/03\/ski-lyon-nous-pensons-aux-acteurs-de-la-montagne-luttant-au-quotidien\/#breadcrumb"},"inLanguage":"fr-FR","potentialAction":[{"@type":"ReadAction","target":["https:\/\/newsestlyonnais.fr\/site\/2021\/02\/03\/ski-lyon-nous-pensons-aux-acteurs-de-la-montagne-luttant-au-quotidien\/"]}]},{"@type":"ImageObject","inLanguage":"fr-FR","@id":"https:\/\/newsestlyonnais.fr\/site\/2021\/02\/03\/ski-lyon-nous-pensons-aux-acteurs-de-la-montagne-luttant-au-quotidien\/#primaryimage","url":"https:\/\/newsestlyonnais.fr\/site\/wp-content\/uploads\/2021\/02\/IMG_5634.jpg","contentUrl":"https:\/\/newsestlyonnais.fr\/site\/wp-content\/uploads\/2021\/02\/IMG_5634.jpg","width":1200,"height":800},{"@type":"BreadcrumbList","@id":"https:\/\/newsestlyonnais.fr\/site\/2021\/02\/03\/ski-lyon-nous-pensons-aux-acteurs-de-la-montagne-luttant-au-quotidien\/#breadcrumb","itemListElement":[{"@type":"ListItem","position":1,"name":"Accueil","item":"https:\/\/newsestlyonnais.fr\/site\/"},{"@type":"ListItem","position":2,"name":"Ski Lyon | \u00ab\u00a0nous pensons aux acteurs de la montagne luttant au quotidien\u00a0\u00bb"}]},{"@type":"WebSite","@id":"https:\/\/newsestlyonnais.fr\/site\/#website","url":"https:\/\/newsestlyonnais.fr\/site\/","name":"News Est Lyonnais","description":"L&#039;actualit\u00e9 au plus pr\u00e8s","publisher":{"@id":"https:\/\/newsestlyonnais.fr\/site\/#organization"},"potentialAction":[{"@type":"SearchAction","target":{"@type":"EntryPoint","urlTemplate":"https:\/\/newsestlyonnais.fr\/site\/?s={search_term_string}"},"query-input":{"@type":"PropertyValueSpecification","valueRequired":true,"valueName":"search_term_string"}}],"inLanguage":"fr-FR"},{"@type":"Organization","@id":"https:\/\/newsestlyonnais.fr\/site\/#organization","name":"News EST LYONNAIS","url":"https:\/\/newsestlyonnais.fr\/site\/","logo":{"@type":"ImageObject","inLanguage":"fr-FR","@id":"https:\/\/newsestlyonnais.fr\/site\/#\/schema\/logo\/image\/","url":"","contentUrl":"","caption":"News EST LYONNAIS"},"image":{"@id":"https:\/\/newsestlyonnais.fr\/site\/#\/schema\/logo\/image\/"}},{"@type":"Person","@id":"https:\/\/newsestlyonnais.fr\/site\/#\/schema\/person\/3230d5615f390bb808365d673001e887","name":"R\u00e9dac. NEWS","sameAs":["http:\/\/www.newsestlyonnais.fr","https:\/\/www.facebook.com\/pascal.oberson.1?fref=ts","https:\/\/fr.linkedin.com\/in\/pascal-oberson-b17045113"],"url":"https:\/\/newsestlyonnais.fr\/site\/author\/nel\/"}]}},"_links":{"self":[{"href":"https:\/\/newsestlyonnais.fr\/site\/wp-json\/wp\/v2\/posts\/123910","targetHints":{"allow":["GET"]}}],"collection":[{"href":"https:\/\/newsestlyonnais.fr\/site\/wp-json\/wp\/v2\/posts"}],"about":[{"href":"https:\/\/newsestlyonnais.fr\/site\/wp-json\/wp\/v2\/types\/post"}],"author":[{"embeddable":true,"href":"https:\/\/newsestlyonnais.fr\/site\/wp-json\/wp\/v2\/users\/4"}],"replies":[{"embeddable":true,"href":"https:\/\/newsestlyonnais.fr\/site\/wp-json\/wp\/v2\/comments?post=123910"}],"version-history":[{"count":0,"href":"https:\/\/newsestlyonnais.fr\/site\/wp-json\/wp\/v2\/posts\/123910\/revisions"}],"wp:featuredmedia":[{"embeddable":true,"href":"https:\/\/newsestlyonnais.fr\/site\/wp-json\/wp\/v2\/media\/123931"}],"wp:attachment":[{"href":"https:\/\/newsestlyonnais.fr\/site\/wp-json\/wp\/v2\/media?parent=123910"}],"wp:term":[{"taxonomy":"category","embeddable":true,"href":"https:\/\/newsestlyonnais.fr\/site\/wp-json\/wp\/v2\/categories?post=123910"},{"taxonomy":"post_tag","embeddable":true,"href":"https:\/\/newsestlyonnais.fr\/site\/wp-json\/wp\/v2\/tags?post=123910"}],"curies":[{"name":"wp","href":"https:\/\/api.w.org\/{rel}","templated":true}]}}