{"id":124879,"date":"2021-02-15T10:37:53","date_gmt":"2021-02-15T09:37:53","guid":{"rendered":"http:\/\/newsestlyonnais.fr\/site\/?p=124879"},"modified":"2021-02-15T10:37:53","modified_gmt":"2021-02-15T09:37:53","slug":"vaulx-en-velin-lactu-de-la-commune-4","status":"publish","type":"post","link":"https:\/\/newsestlyonnais.fr\/site\/2021\/02\/15\/vaulx-en-velin-lactu-de-la-commune-4\/","title":{"rendered":"VAULX-EN-VELIN | L\u2019actu de la commune"},"content":{"rendered":"<p><em><strong><span style=\"font-size: 18pt;\">Prochains \u00e9v\u00e8nements programm\u00e9s sur la commune :<\/span><\/strong><\/em><\/p>\n<hr \/>\n<p><strong><span style=\"text-decoration: underline;\">Dimanche 21 f\u00e9vrier<\/span> : <span style=\"text-decoration: underline;\">Hommage aux 23 r\u00e9sistants du \u00ab\u00a0groupe Manouchian\u00a0\u00bb<\/span><\/strong>. Comm\u00e9moration en ligne.<\/p>\n<p>La Ville de Vaulx-en-Velin honore la m\u00e9moire de ces r\u00e9sistants \u00e9trangers \u00ab\u00a0morts pour la France\u00a0\u00bb, fusill\u00e9s par les nazis au Mont-Val\u00e9rien le 21 f\u00e9vrier 1944.<\/p>\n<p><span style=\"font-size: 14pt; color: #0000ff;\"><a style=\"color: #0000ff;\" href=\"https:\/\/vaulx-en-velin.net\/agenda\/en-ligneceremonie-en-hommage-aux-23-resistants-du-groupe-manouchian\/\"><em><strong>+ d&rsquo;infos<\/strong><\/em><\/a><\/span><\/p>\n<hr \/>\n<p><b><span style=\"text-decoration: underline;\">Lundi 22 f\u00e9vrier : Diab\u00e8te, Surpoids : Parlez-en<\/span> !<br \/>\n<\/b><\/p>\n<p>Vous souhaitez obtenir des informations et\/ou b\u00e9n\u00e9ficier d\u2019un accompagnement gratuit et personnalis\u00e9 par des professionnels de sant\u00e9 ? Un diab\u00e9tologue et un di\u00e9t\u00e9ticien r\u00e9pondent \u00e0 vos questions par t\u00e9l\u00e9phone :<b>\u00a0inscrivez-vous, c\u2019est gratuit et ouvert \u00e0 tous !<\/b><\/p>\n<ul>\n<li><b>Entretiens t\u00e9l\u00e9phoniques individuels<\/b>, uniquement sur inscription aupr\u00e8s du p\u00f4le Sant\u00e9 de la Ville.<\/li>\n<li>Par t\u00e9l\u00e9phone : 04 27 18 16 57<\/li>\n<li>Par e-mail :\u00a0<a class=\"link-build-content\" href=\"mailto:ateliersanteville@mairie-vaulxenvelin.fr\"><u>ateliersanteville@mairie-vaulxenvelin.fr<\/u><\/a><\/li>\n<\/ul>\n<p><span style=\"color: #0000ff;\"><b><a style=\"color: #0000ff;\" href=\"https:\/\/vaulx-en-velin.net\/bien-vivre\/sante\/sante-publique\/\"><em><strong><span style=\"font-size: 14pt;\">+ d&rsquo;infos<\/span><\/strong><\/em><\/a><\/b><\/span><\/p>\n<hr \/>\n<p><strong><span style=\"text-decoration: underline;\">Jeudi 25 f\u00e9vrier<\/span> <\/strong>: <b><span style=\"font-size: 11.5pt; font-family: 'Arial','sans-serif'; color: black;\"><span style=\"text-decoration: underline;\">Rendez-Vous \u2013 Multisectoriel<\/span><br \/>\n<\/span><\/b><\/p>\n<p>Vous cherchez un emploi ? Certaines entreprises recrutent ! <strong>\u00c0 partir du 16 f\u00e9vrier, prenez rendez-vous sur <span style=\"color: #333333;\">le site de la Ville <\/span><\/strong>pour passer un entretien d&#8217;embauche.<\/p>\n<p><strong>Les entretiens se d\u00e9rouleront jeudi 25 f\u00e9vrier \u00e0 Vaulx-en-Velin, de 9 h 30 \u00e0 11 h 30 et de 14 h \u00e0 16 h 30 d<\/strong><strong>ans 3 lieux :<\/strong><\/p>\n<ul>\n<li><strong>P\u00f4le Emploi<\/strong>, 1 bis avenue Salvador-Allende<\/li>\n<li><strong>Mission locale<\/strong>, 3 avenue Georges-Dimitrov<\/li>\n<li><strong>Service Jeunesse, <\/strong>rue du Lyc\u00e9e<\/li>\n<\/ul>\n<p><span style=\"color: #0000ff;\"><a style=\"color: #0000ff;\" href=\"https:\/\/vaulx-en-velin.net\/actualites\/5-01-2021-rendez-vous-emploi-2\/\"><em><strong><span style=\"font-size: 14pt;\">+ d&rsquo;infos<\/span><\/strong> <\/em><\/a><\/span><\/p>\n<hr \/>\n<p><span style=\"font-size: 14pt;\"><strong>Retrouvez toute l\u2019ACTU de la commune sur : <span style=\"color: #0000ff;\"><a style=\"color: #0000ff;\" href=\"https:\/\/vaulx-en-velin.net\">https:\/\/vaulx-en-velin.net<\/a><\/span><\/strong><\/span><\/p>\n<hr \/>\n<hr \/>\n<p>&nbsp;<\/p>\n","protected":false},"excerpt":{"rendered":"<p>Hommage, rendez-vous emploi et accompagnement, font l&rsquo;actualit\u00e9 locale en cette mi-f\u00e9vrier.<\/p>\n","protected":false},"author":4,"featured_media":85535,"comment_status":"open","ping_status":"open","sticky":false,"template":"","format":"standard","meta":{"footnotes":""},"categories":[2217,10,1219,18,28],"tags":[2613,2006],"class_list":["post-124879","post","type-post","status-publish","format-standard","has-post-thumbnail","hentry","category-breves-de-lest-lyonnais","category-emplois","category-religion-seniors-souvenir","category-sante-bien-etre-solidarite","category-vaulx-en-velin","tag-emplois","tag-vaulx-en-velin"],"yoast_head":"<!-- This site is optimized with the Yoast SEO plugin v27.2 - https:\/\/yoast.com\/product\/yoast-seo-wordpress\/ -->\n<title>VAULX-EN-VELIN | L\u2019actu de la commune - News Est Lyonnais<\/title>\n<meta name=\"description\" content=\"VAULX-EN-VELIN | L\u2019actu de la commune\" \/>\n<meta name=\"robots\" content=\"index, follow, max-snippet:-1, max-image-preview:large, max-video-preview:-1\" \/>\n<link rel=\"canonical\" href=\"https:\/\/newsestlyonnais.fr\/site\/2021\/02\/15\/vaulx-en-velin-lactu-de-la-commune-4\/\" \/>\n<meta property=\"og:locale\" content=\"fr_FR\" \/>\n<meta property=\"og:type\" content=\"article\" \/>\n<meta property=\"og:title\" content=\"VAULX-EN-VELIN | L\u2019actu de la commune - News Est Lyonnais\" \/>\n<meta property=\"og:description\" content=\"VAULX-EN-VELIN | L\u2019actu de la commune\" \/>\n<meta property=\"og:url\" content=\"https:\/\/newsestlyonnais.fr\/site\/2021\/02\/15\/vaulx-en-velin-lactu-de-la-commune-4\/\" \/>\n<meta property=\"og:site_name\" content=\"News Est Lyonnais\" \/>\n<meta property=\"article:author\" content=\"https:\/\/www.facebook.com\/pascal.oberson.1?fref=ts\" \/>\n<meta property=\"article:published_time\" content=\"2021-02-15T09:37:53+00:00\" \/>\n<meta property=\"og:image\" content=\"https:\/\/i1.wp.com\/newsestlyonnais.fr\/site\/wp-content\/uploads\/2019\/09\/NEWSESTLYONNAIS-MAIRIE-VAULX.jpg?fit=1200%2C800&ssl=1\" \/>\n\t<meta property=\"og:image:width\" content=\"1200\" \/>\n\t<meta property=\"og:image:height\" content=\"800\" \/>\n\t<meta property=\"og:image:type\" content=\"image\/jpeg\" \/>\n<meta name=\"author\" content=\"R\u00e9dac. NEWS\" \/>\n<meta name=\"twitter:card\" content=\"summary_large_image\" \/>\n<meta name=\"twitter:label1\" content=\"\u00c9crit par\" \/>\n\t<meta name=\"twitter:data1\" content=\"R\u00e9dac. NEWS\" \/>\n\t<meta name=\"twitter:label2\" content=\"Dur\u00e9e de lecture estim\u00e9e\" \/>\n\t<meta name=\"twitter:data2\" content=\"1 minute\" \/>\n<script type=\"application\/ld+json\" class=\"yoast-schema-graph\">{\"@context\":\"https:\/\/schema.org\",\"@graph\":[{\"@type\":\"Article\",\"@id\":\"https:\/\/newsestlyonnais.fr\/site\/2021\/02\/15\/vaulx-en-velin-lactu-de-la-commune-4\/#article\",\"isPartOf\":{\"@id\":\"https:\/\/newsestlyonnais.fr\/site\/2021\/02\/15\/vaulx-en-velin-lactu-de-la-commune-4\/\"},\"author\":{\"name\":\"R\u00e9dac. NEWS\",\"@id\":\"https:\/\/newsestlyonnais.fr\/site\/#\/schema\/person\/3230d5615f390bb808365d673001e887\"},\"headline\":\"VAULX-EN-VELIN | L\u2019actu de la commune\",\"datePublished\":\"2021-02-15T09:37:53+00:00\",\"mainEntityOfPage\":{\"@id\":\"https:\/\/newsestlyonnais.fr\/site\/2021\/02\/15\/vaulx-en-velin-lactu-de-la-commune-4\/\"},\"wordCount\":216,\"commentCount\":0,\"publisher\":{\"@id\":\"https:\/\/newsestlyonnais.fr\/site\/#organization\"},\"image\":{\"@id\":\"https:\/\/newsestlyonnais.fr\/site\/2021\/02\/15\/vaulx-en-velin-lactu-de-la-commune-4\/#primaryimage\"},\"thumbnailUrl\":\"https:\/\/newsestlyonnais.fr\/site\/wp-content\/uploads\/2019\/09\/NEWSESTLYONNAIS-MAIRIE-VAULX.jpg\",\"keywords\":[\"EMPLOIS\",\"VAULX EN VELIN\"],\"articleSection\":[\"Br\u00e8ves de l'Est lyonnais\",\"Emplois\",\"Religion | Seniors | Souvenir\",\"Sant\u00e9 | Bien Etre | Solidarit\u00e9\",\"Vaulx-en-Velin\"],\"inLanguage\":\"fr-FR\",\"potentialAction\":[{\"@type\":\"CommentAction\",\"name\":\"Comment\",\"target\":[\"https:\/\/newsestlyonnais.fr\/site\/2021\/02\/15\/vaulx-en-velin-lactu-de-la-commune-4\/#respond\"]}]},{\"@type\":\"WebPage\",\"@id\":\"https:\/\/newsestlyonnais.fr\/site\/2021\/02\/15\/vaulx-en-velin-lactu-de-la-commune-4\/\",\"url\":\"https:\/\/newsestlyonnais.fr\/site\/2021\/02\/15\/vaulx-en-velin-lactu-de-la-commune-4\/\",\"name\":\"VAULX-EN-VELIN | L\u2019actu de la commune - News Est Lyonnais\",\"isPartOf\":{\"@id\":\"https:\/\/newsestlyonnais.fr\/site\/#website\"},\"primaryImageOfPage\":{\"@id\":\"https:\/\/newsestlyonnais.fr\/site\/2021\/02\/15\/vaulx-en-velin-lactu-de-la-commune-4\/#primaryimage\"},\"image\":{\"@id\":\"https:\/\/newsestlyonnais.fr\/site\/2021\/02\/15\/vaulx-en-velin-lactu-de-la-commune-4\/#primaryimage\"},\"thumbnailUrl\":\"https:\/\/newsestlyonnais.fr\/site\/wp-content\/uploads\/2019\/09\/NEWSESTLYONNAIS-MAIRIE-VAULX.jpg\",\"datePublished\":\"2021-02-15T09:37:53+00:00\",\"description\":\"VAULX-EN-VELIN | L\u2019actu de la commune\",\"breadcrumb\":{\"@id\":\"https:\/\/newsestlyonnais.fr\/site\/2021\/02\/15\/vaulx-en-velin-lactu-de-la-commune-4\/#breadcrumb\"},\"inLanguage\":\"fr-FR\",\"potentialAction\":[{\"@type\":\"ReadAction\",\"target\":[\"https:\/\/newsestlyonnais.fr\/site\/2021\/02\/15\/vaulx-en-velin-lactu-de-la-commune-4\/\"]}]},{\"@type\":\"ImageObject\",\"inLanguage\":\"fr-FR\",\"@id\":\"https:\/\/newsestlyonnais.fr\/site\/2021\/02\/15\/vaulx-en-velin-lactu-de-la-commune-4\/#primaryimage\",\"url\":\"https:\/\/newsestlyonnais.fr\/site\/wp-content\/uploads\/2019\/09\/NEWSESTLYONNAIS-MAIRIE-VAULX.jpg\",\"contentUrl\":\"https:\/\/newsestlyonnais.fr\/site\/wp-content\/uploads\/2019\/09\/NEWSESTLYONNAIS-MAIRIE-VAULX.jpg\",\"width\":1200,\"height\":800},{\"@type\":\"BreadcrumbList\",\"@id\":\"https:\/\/newsestlyonnais.fr\/site\/2021\/02\/15\/vaulx-en-velin-lactu-de-la-commune-4\/#breadcrumb\",\"itemListElement\":[{\"@type\":\"ListItem\",\"position\":1,\"name\":\"Accueil\",\"item\":\"https:\/\/newsestlyonnais.fr\/site\/\"},{\"@type\":\"ListItem\",\"position\":2,\"name\":\"VAULX-EN-VELIN | L\u2019actu de la commune\"}]},{\"@type\":\"WebSite\",\"@id\":\"https:\/\/newsestlyonnais.fr\/site\/#website\",\"url\":\"https:\/\/newsestlyonnais.fr\/site\/\",\"name\":\"News Est Lyonnais\",\"description\":\"L&#039;actualit\u00e9 au plus pr\u00e8s\",\"publisher\":{\"@id\":\"https:\/\/newsestlyonnais.fr\/site\/#organization\"},\"potentialAction\":[{\"@type\":\"SearchAction\",\"target\":{\"@type\":\"EntryPoint\",\"urlTemplate\":\"https:\/\/newsestlyonnais.fr\/site\/?s={search_term_string}\"},\"query-input\":{\"@type\":\"PropertyValueSpecification\",\"valueRequired\":true,\"valueName\":\"search_term_string\"}}],\"inLanguage\":\"fr-FR\"},{\"@type\":\"Organization\",\"@id\":\"https:\/\/newsestlyonnais.fr\/site\/#organization\",\"name\":\"News EST LYONNAIS\",\"url\":\"https:\/\/newsestlyonnais.fr\/site\/\",\"logo\":{\"@type\":\"ImageObject\",\"inLanguage\":\"fr-FR\",\"@id\":\"https:\/\/newsestlyonnais.fr\/site\/#\/schema\/logo\/image\/\",\"url\":\"\",\"contentUrl\":\"\",\"caption\":\"News EST LYONNAIS\"},\"image\":{\"@id\":\"https:\/\/newsestlyonnais.fr\/site\/#\/schema\/logo\/image\/\"}},{\"@type\":\"Person\",\"@id\":\"https:\/\/newsestlyonnais.fr\/site\/#\/schema\/person\/3230d5615f390bb808365d673001e887\",\"name\":\"R\u00e9dac. NEWS\",\"sameAs\":[\"http:\/\/www.newsestlyonnais.fr\",\"https:\/\/www.facebook.com\/pascal.oberson.1?fref=ts\",\"https:\/\/fr.linkedin.com\/in\/pascal-oberson-b17045113\"],\"url\":\"https:\/\/newsestlyonnais.fr\/site\/author\/nel\/\"}]}<\/script>\n<!-- \/ Yoast SEO plugin. -->","yoast_head_json":{"title":"VAULX-EN-VELIN | L\u2019actu de la commune - News Est Lyonnais","description":"VAULX-EN-VELIN | L\u2019actu de la commune","robots":{"index":"index","follow":"follow","max-snippet":"max-snippet:-1","max-image-preview":"max-image-preview:large","max-video-preview":"max-video-preview:-1"},"canonical":"https:\/\/newsestlyonnais.fr\/site\/2021\/02\/15\/vaulx-en-velin-lactu-de-la-commune-4\/","og_locale":"fr_FR","og_type":"article","og_title":"VAULX-EN-VELIN | L\u2019actu de la commune - News Est Lyonnais","og_description":"VAULX-EN-VELIN | L\u2019actu de la commune","og_url":"https:\/\/newsestlyonnais.fr\/site\/2021\/02\/15\/vaulx-en-velin-lactu-de-la-commune-4\/","og_site_name":"News Est Lyonnais","article_author":"https:\/\/www.facebook.com\/pascal.oberson.1?fref=ts","article_published_time":"2021-02-15T09:37:53+00:00","og_image":[{"width":1200,"height":800,"url":"https:\/\/i1.wp.com\/newsestlyonnais.fr\/site\/wp-content\/uploads\/2019\/09\/NEWSESTLYONNAIS-MAIRIE-VAULX.jpg?fit=1200%2C800&ssl=1","type":"image\/jpeg"}],"author":"R\u00e9dac. NEWS","twitter_card":"summary_large_image","twitter_misc":{"\u00c9crit par":"R\u00e9dac. NEWS","Dur\u00e9e de lecture estim\u00e9e":"1 minute"},"schema":{"@context":"https:\/\/schema.org","@graph":[{"@type":"Article","@id":"https:\/\/newsestlyonnais.fr\/site\/2021\/02\/15\/vaulx-en-velin-lactu-de-la-commune-4\/#article","isPartOf":{"@id":"https:\/\/newsestlyonnais.fr\/site\/2021\/02\/15\/vaulx-en-velin-lactu-de-la-commune-4\/"},"author":{"name":"R\u00e9dac. NEWS","@id":"https:\/\/newsestlyonnais.fr\/site\/#\/schema\/person\/3230d5615f390bb808365d673001e887"},"headline":"VAULX-EN-VELIN | L\u2019actu de la commune","datePublished":"2021-02-15T09:37:53+00:00","mainEntityOfPage":{"@id":"https:\/\/newsestlyonnais.fr\/site\/2021\/02\/15\/vaulx-en-velin-lactu-de-la-commune-4\/"},"wordCount":216,"commentCount":0,"publisher":{"@id":"https:\/\/newsestlyonnais.fr\/site\/#organization"},"image":{"@id":"https:\/\/newsestlyonnais.fr\/site\/2021\/02\/15\/vaulx-en-velin-lactu-de-la-commune-4\/#primaryimage"},"thumbnailUrl":"https:\/\/newsestlyonnais.fr\/site\/wp-content\/uploads\/2019\/09\/NEWSESTLYONNAIS-MAIRIE-VAULX.jpg","keywords":["EMPLOIS","VAULX EN VELIN"],"articleSection":["Br\u00e8ves de l'Est lyonnais","Emplois","Religion | Seniors | Souvenir","Sant\u00e9 | Bien Etre | Solidarit\u00e9","Vaulx-en-Velin"],"inLanguage":"fr-FR","potentialAction":[{"@type":"CommentAction","name":"Comment","target":["https:\/\/newsestlyonnais.fr\/site\/2021\/02\/15\/vaulx-en-velin-lactu-de-la-commune-4\/#respond"]}]},{"@type":"WebPage","@id":"https:\/\/newsestlyonnais.fr\/site\/2021\/02\/15\/vaulx-en-velin-lactu-de-la-commune-4\/","url":"https:\/\/newsestlyonnais.fr\/site\/2021\/02\/15\/vaulx-en-velin-lactu-de-la-commune-4\/","name":"VAULX-EN-VELIN | L\u2019actu de la commune - News Est Lyonnais","isPartOf":{"@id":"https:\/\/newsestlyonnais.fr\/site\/#website"},"primaryImageOfPage":{"@id":"https:\/\/newsestlyonnais.fr\/site\/2021\/02\/15\/vaulx-en-velin-lactu-de-la-commune-4\/#primaryimage"},"image":{"@id":"https:\/\/newsestlyonnais.fr\/site\/2021\/02\/15\/vaulx-en-velin-lactu-de-la-commune-4\/#primaryimage"},"thumbnailUrl":"https:\/\/newsestlyonnais.fr\/site\/wp-content\/uploads\/2019\/09\/NEWSESTLYONNAIS-MAIRIE-VAULX.jpg","datePublished":"2021-02-15T09:37:53+00:00","description":"VAULX-EN-VELIN | L\u2019actu de la commune","breadcrumb":{"@id":"https:\/\/newsestlyonnais.fr\/site\/2021\/02\/15\/vaulx-en-velin-lactu-de-la-commune-4\/#breadcrumb"},"inLanguage":"fr-FR","potentialAction":[{"@type":"ReadAction","target":["https:\/\/newsestlyonnais.fr\/site\/2021\/02\/15\/vaulx-en-velin-lactu-de-la-commune-4\/"]}]},{"@type":"ImageObject","inLanguage":"fr-FR","@id":"https:\/\/newsestlyonnais.fr\/site\/2021\/02\/15\/vaulx-en-velin-lactu-de-la-commune-4\/#primaryimage","url":"https:\/\/newsestlyonnais.fr\/site\/wp-content\/uploads\/2019\/09\/NEWSESTLYONNAIS-MAIRIE-VAULX.jpg","contentUrl":"https:\/\/newsestlyonnais.fr\/site\/wp-content\/uploads\/2019\/09\/NEWSESTLYONNAIS-MAIRIE-VAULX.jpg","width":1200,"height":800},{"@type":"BreadcrumbList","@id":"https:\/\/newsestlyonnais.fr\/site\/2021\/02\/15\/vaulx-en-velin-lactu-de-la-commune-4\/#breadcrumb","itemListElement":[{"@type":"ListItem","position":1,"name":"Accueil","item":"https:\/\/newsestlyonnais.fr\/site\/"},{"@type":"ListItem","position":2,"name":"VAULX-EN-VELIN | L\u2019actu de la commune"}]},{"@type":"WebSite","@id":"https:\/\/newsestlyonnais.fr\/site\/#website","url":"https:\/\/newsestlyonnais.fr\/site\/","name":"News Est Lyonnais","description":"L&#039;actualit\u00e9 au plus pr\u00e8s","publisher":{"@id":"https:\/\/newsestlyonnais.fr\/site\/#organization"},"potentialAction":[{"@type":"SearchAction","target":{"@type":"EntryPoint","urlTemplate":"https:\/\/newsestlyonnais.fr\/site\/?s={search_term_string}"},"query-input":{"@type":"PropertyValueSpecification","valueRequired":true,"valueName":"search_term_string"}}],"inLanguage":"fr-FR"},{"@type":"Organization","@id":"https:\/\/newsestlyonnais.fr\/site\/#organization","name":"News EST LYONNAIS","url":"https:\/\/newsestlyonnais.fr\/site\/","logo":{"@type":"ImageObject","inLanguage":"fr-FR","@id":"https:\/\/newsestlyonnais.fr\/site\/#\/schema\/logo\/image\/","url":"","contentUrl":"","caption":"News EST LYONNAIS"},"image":{"@id":"https:\/\/newsestlyonnais.fr\/site\/#\/schema\/logo\/image\/"}},{"@type":"Person","@id":"https:\/\/newsestlyonnais.fr\/site\/#\/schema\/person\/3230d5615f390bb808365d673001e887","name":"R\u00e9dac. NEWS","sameAs":["http:\/\/www.newsestlyonnais.fr","https:\/\/www.facebook.com\/pascal.oberson.1?fref=ts","https:\/\/fr.linkedin.com\/in\/pascal-oberson-b17045113"],"url":"https:\/\/newsestlyonnais.fr\/site\/author\/nel\/"}]}},"_links":{"self":[{"href":"https:\/\/newsestlyonnais.fr\/site\/wp-json\/wp\/v2\/posts\/124879","targetHints":{"allow":["GET"]}}],"collection":[{"href":"https:\/\/newsestlyonnais.fr\/site\/wp-json\/wp\/v2\/posts"}],"about":[{"href":"https:\/\/newsestlyonnais.fr\/site\/wp-json\/wp\/v2\/types\/post"}],"author":[{"embeddable":true,"href":"https:\/\/newsestlyonnais.fr\/site\/wp-json\/wp\/v2\/users\/4"}],"replies":[{"embeddable":true,"href":"https:\/\/newsestlyonnais.fr\/site\/wp-json\/wp\/v2\/comments?post=124879"}],"version-history":[{"count":0,"href":"https:\/\/newsestlyonnais.fr\/site\/wp-json\/wp\/v2\/posts\/124879\/revisions"}],"wp:featuredmedia":[{"embeddable":true,"href":"https:\/\/newsestlyonnais.fr\/site\/wp-json\/wp\/v2\/media\/85535"}],"wp:attachment":[{"href":"https:\/\/newsestlyonnais.fr\/site\/wp-json\/wp\/v2\/media?parent=124879"}],"wp:term":[{"taxonomy":"category","embeddable":true,"href":"https:\/\/newsestlyonnais.fr\/site\/wp-json\/wp\/v2\/categories?post=124879"},{"taxonomy":"post_tag","embeddable":true,"href":"https:\/\/newsestlyonnais.fr\/site\/wp-json\/wp\/v2\/tags?post=124879"}],"curies":[{"name":"wp","href":"https:\/\/api.w.org\/{rel}","templated":true}]}}