{"id":125313,"date":"2021-02-20T09:16:28","date_gmt":"2021-02-20T08:16:28","guid":{"rendered":"http:\/\/newsestlyonnais.fr\/site\/?p=125313"},"modified":"2021-03-01T06:23:54","modified_gmt":"2021-03-01T05:23:54","slug":"feyzin-venissieux-nouveau-podium-et-record-pour-le-marcheur-faustin-garreau","status":"publish","type":"post","link":"https:\/\/newsestlyonnais.fr\/site\/2021\/02\/20\/feyzin-venissieux-nouveau-podium-et-record-pour-le-marcheur-faustin-garreau\/","title":{"rendered":"Feyzin-V\u00e9nissieux | Nouveau podium et record pour le marcheur Faustin Garreau"},"content":{"rendered":"<p>Le jeune athl\u00e8te de <span style=\"color: #0000ff;\"><a style=\"color: #0000ff;\" href=\"http:\/\/afafeyzin.free.fr\"><strong>l\u2019AFA-Feyzin-V\u00e9nissieux Athl\u00e9tisme<\/strong><\/a><\/span> (\u00e0 droite sur la Photo \u00e0 la Une) confirme son ascension dans le haut niveau de la marche athl\u00e9tique en <strong>am\u00e9liorant de plus de 28\u2019\u2019 son record personnel<\/strong>.<\/p>\n<p><strong>&gt; <\/strong>Il s\u2019octroie <strong>une belle 7\u00b0 place au scratch <\/strong>et se classe<strong> 3\u00b0 junior en bouclant le 5.000 m\u00e8tres en 22\u201909\u2019\u2019. <span style=\"color: #0000ff; font-size: 14pt;\"><a style=\"color: #0000ff;\" href=\"https:\/\/bases.athle.fr\/asp.net\/liste.aspx?frmbase=resultats&amp;frmmode=1&amp;frmespace=0&amp;frmcompetition=248953\">Classement complet\u00a0<\/a><\/span><br \/>\n<\/strong><\/p>\n<p>Une tr\u00e8s belle performance qui r\u00e9compense des efforts soutenus et le travail assidu r\u00e9alis\u00e9 avec son entraineur <strong>Patrick Bonvarlet<\/strong>.<\/p>\n<hr \/>\n<div id='gallery-1' class='gallery galleryid-125313 gallery-columns-2 gallery-size-medium'><figure class='gallery-item'>\n\t\t\t<div class='gallery-icon portrait'>\n\t\t\t\t<a href='https:\/\/newsestlyonnais.fr\/site\/2021\/02\/20\/feyzin-venissieux-nouveau-podium-et-record-pour-le-marcheur-faustin-garreau\/resized_20210219_165739\/'><img loading=\"lazy\" decoding=\"async\" width=\"225\" height=\"300\" src=\"https:\/\/newsestlyonnais.fr\/site\/wp-content\/uploads\/2021\/02\/Resized_20210219_165739-400x533.jpg\" class=\"attachment-medium size-medium\" alt=\"\" aria-describedby=\"gallery-1-125319\" srcset=\"https:\/\/newsestlyonnais.fr\/site\/wp-content\/uploads\/2021\/02\/Resized_20210219_165739-400x533.jpg 400w, https:\/\/newsestlyonnais.fr\/site\/wp-content\/uploads\/2021\/02\/Resized_20210219_165739-650x867.jpg 650w, https:\/\/newsestlyonnais.fr\/site\/wp-content\/uploads\/2021\/02\/Resized_20210219_165739-250x333.jpg 250w, https:\/\/newsestlyonnais.fr\/site\/wp-content\/uploads\/2021\/02\/Resized_20210219_165739-150x200.jpg 150w, https:\/\/newsestlyonnais.fr\/site\/wp-content\/uploads\/2021\/02\/Resized_20210219_165739-50x67.jpg 50w, https:\/\/newsestlyonnais.fr\/site\/wp-content\/uploads\/2021\/02\/Resized_20210219_165739-100x133.jpg 100w, https:\/\/newsestlyonnais.fr\/site\/wp-content\/uploads\/2021\/02\/Resized_20210219_165739-200x267.jpg 200w, https:\/\/newsestlyonnais.fr\/site\/wp-content\/uploads\/2021\/02\/Resized_20210219_165739-300x400.jpg 300w, https:\/\/newsestlyonnais.fr\/site\/wp-content\/uploads\/2021\/02\/Resized_20210219_165739-350x467.jpg 350w, https:\/\/newsestlyonnais.fr\/site\/wp-content\/uploads\/2021\/02\/Resized_20210219_165739-450x600.jpg 450w, https:\/\/newsestlyonnais.fr\/site\/wp-content\/uploads\/2021\/02\/Resized_20210219_165739-500x667.jpg 500w, https:\/\/newsestlyonnais.fr\/site\/wp-content\/uploads\/2021\/02\/Resized_20210219_165739-550x733.jpg 550w, https:\/\/newsestlyonnais.fr\/site\/wp-content\/uploads\/2021\/02\/Resized_20210219_165739.jpg 720w\" sizes=\"auto, (max-width: 225px) 100vw, 225px\" \/><\/a>\n\t\t\t<\/div>\n\t\t\t\t<figcaption class='wp-caption-text gallery-caption' id='gallery-1-125319'>\n\t\t\t\tFaustin et Patrick Bonvarlet\n\t\t\t\t<\/figcaption><\/figure><figure class='gallery-item'>\n\t\t\t<div class='gallery-icon landscape'>\n\t\t\t\t<a href='https:\/\/newsestlyonnais.fr\/site\/2021\/02\/17\/feyzin-venissieux-un-nouveau-defi-pour-le-marcheur-faustin-garreau\/17303_big\/'><img loading=\"lazy\" decoding=\"async\" width=\"400\" height=\"212\" src=\"https:\/\/newsestlyonnais.fr\/site\/wp-content\/uploads\/2021\/02\/17303_big-400x212.jpg\" class=\"attachment-medium size-medium\" alt=\"\" srcset=\"https:\/\/newsestlyonnais.fr\/site\/wp-content\/uploads\/2021\/02\/17303_big-400x212.jpg 400w, https:\/\/newsestlyonnais.fr\/site\/wp-content\/uploads\/2021\/02\/17303_big-250x132.jpg 250w, https:\/\/newsestlyonnais.fr\/site\/wp-content\/uploads\/2021\/02\/17303_big-150x79.jpg 150w, https:\/\/newsestlyonnais.fr\/site\/wp-content\/uploads\/2021\/02\/17303_big-50x26.jpg 50w, https:\/\/newsestlyonnais.fr\/site\/wp-content\/uploads\/2021\/02\/17303_big-100x53.jpg 100w, https:\/\/newsestlyonnais.fr\/site\/wp-content\/uploads\/2021\/02\/17303_big-200x106.jpg 200w, https:\/\/newsestlyonnais.fr\/site\/wp-content\/uploads\/2021\/02\/17303_big-300x159.jpg 300w, https:\/\/newsestlyonnais.fr\/site\/wp-content\/uploads\/2021\/02\/17303_big-350x185.jpg 350w, https:\/\/newsestlyonnais.fr\/site\/wp-content\/uploads\/2021\/02\/17303_big-450x238.jpg 450w, https:\/\/newsestlyonnais.fr\/site\/wp-content\/uploads\/2021\/02\/17303_big-500x264.jpg 500w, https:\/\/newsestlyonnais.fr\/site\/wp-content\/uploads\/2021\/02\/17303_big.jpg 520w\" sizes=\"auto, (max-width: 400px) 100vw, 400px\" \/><\/a>\n\t\t\t<\/div><\/figure>\n\t\t<\/div>\n\n<hr \/>\n","protected":false},"excerpt":{"rendered":"<p>Toujours plus vite pour le genassien, vendredi apr\u00e8s-midi au Stadium de Miramas lors des championnats de France \u00c9lite !<\/p>\n","protected":false},"author":4,"featured_media":125316,"comment_status":"open","ping_status":"open","sticky":false,"template":"","format":"standard","meta":{"footnotes":""},"categories":[2968,270,1287,1598,2,1298],"tags":[2556,3079,2981],"class_list":["post-125313","post","type-post","status-publish","format-standard","has-post-thumbnail","hentry","category-athle-course-pied-marche","category-cte-de-communes-c-c-e-l","category-corbas-feyzin","category-genas","category-sports","category-venissieux","tag-afa-feyzin","tag-faustin-garreau","tag-marche-athletique"],"yoast_head":"<!-- This site is optimized with the Yoast SEO plugin v27.2 - https:\/\/yoast.com\/product\/yoast-seo-wordpress\/ -->\n<title>Feyzin-V\u00e9nissieux | Nouveau podium et record pour le marcheur Faustin Garreau - News Est Lyonnais<\/title>\n<meta name=\"description\" content=\"FEYZIN-V\u00c9NISSIEUX | Nouveau podium et record pour le marcheur Faustin Garreau\" \/>\n<meta name=\"robots\" content=\"index, follow, max-snippet:-1, max-image-preview:large, max-video-preview:-1\" \/>\n<link rel=\"canonical\" href=\"https:\/\/newsestlyonnais.fr\/site\/2021\/02\/20\/feyzin-venissieux-nouveau-podium-et-record-pour-le-marcheur-faustin-garreau\/\" \/>\n<meta property=\"og:locale\" content=\"fr_FR\" \/>\n<meta property=\"og:type\" content=\"article\" \/>\n<meta property=\"og:title\" content=\"Feyzin-V\u00e9nissieux | Nouveau podium et record pour le marcheur Faustin Garreau - News Est Lyonnais\" \/>\n<meta property=\"og:description\" content=\"FEYZIN-V\u00c9NISSIEUX | Nouveau podium et record pour le marcheur Faustin Garreau\" \/>\n<meta property=\"og:url\" content=\"https:\/\/newsestlyonnais.fr\/site\/2021\/02\/20\/feyzin-venissieux-nouveau-podium-et-record-pour-le-marcheur-faustin-garreau\/\" \/>\n<meta property=\"og:site_name\" content=\"News Est Lyonnais\" \/>\n<meta property=\"article:author\" content=\"https:\/\/www.facebook.com\/pascal.oberson.1?fref=ts\" \/>\n<meta property=\"article:published_time\" content=\"2021-02-20T08:16:28+00:00\" \/>\n<meta property=\"article:modified_time\" content=\"2021-03-01T05:23:54+00:00\" \/>\n<meta property=\"og:image\" content=\"https:\/\/i0.wp.com\/newsestlyonnais.fr\/site\/wp-content\/uploads\/2021\/02\/Resized_20210219_165259.jpeg?fit=960%2C720&ssl=1\" \/>\n\t<meta property=\"og:image:width\" content=\"960\" \/>\n\t<meta property=\"og:image:height\" content=\"720\" \/>\n\t<meta property=\"og:image:type\" content=\"image\/jpeg\" \/>\n<meta name=\"author\" content=\"R\u00e9dac. NEWS\" \/>\n<meta name=\"twitter:card\" content=\"summary_large_image\" \/>\n<meta name=\"twitter:label1\" content=\"\u00c9crit par\" \/>\n\t<meta name=\"twitter:data1\" content=\"R\u00e9dac. NEWS\" \/>\n\t<meta name=\"twitter:label2\" content=\"Dur\u00e9e de lecture estim\u00e9e\" \/>\n\t<meta name=\"twitter:data2\" content=\"1 minute\" \/>\n<script type=\"application\/ld+json\" class=\"yoast-schema-graph\">{\"@context\":\"https:\/\/schema.org\",\"@graph\":[{\"@type\":\"Article\",\"@id\":\"https:\/\/newsestlyonnais.fr\/site\/2021\/02\/20\/feyzin-venissieux-nouveau-podium-et-record-pour-le-marcheur-faustin-garreau\/#article\",\"isPartOf\":{\"@id\":\"https:\/\/newsestlyonnais.fr\/site\/2021\/02\/20\/feyzin-venissieux-nouveau-podium-et-record-pour-le-marcheur-faustin-garreau\/\"},\"author\":{\"name\":\"R\u00e9dac. NEWS\",\"@id\":\"https:\/\/newsestlyonnais.fr\/site\/#\/schema\/person\/3230d5615f390bb808365d673001e887\"},\"headline\":\"Feyzin-V\u00e9nissieux | Nouveau podium et record pour le marcheur Faustin Garreau\",\"datePublished\":\"2021-02-20T08:16:28+00:00\",\"dateModified\":\"2021-03-01T05:23:54+00:00\",\"mainEntityOfPage\":{\"@id\":\"https:\/\/newsestlyonnais.fr\/site\/2021\/02\/20\/feyzin-venissieux-nouveau-podium-et-record-pour-le-marcheur-faustin-garreau\/\"},\"wordCount\":98,\"commentCount\":0,\"publisher\":{\"@id\":\"https:\/\/newsestlyonnais.fr\/site\/#organization\"},\"image\":{\"@id\":\"https:\/\/newsestlyonnais.fr\/site\/2021\/02\/20\/feyzin-venissieux-nouveau-podium-et-record-pour-le-marcheur-faustin-garreau\/#primaryimage\"},\"thumbnailUrl\":\"https:\/\/newsestlyonnais.fr\/site\/wp-content\/uploads\/2021\/02\/Resized_20210219_165259.jpeg\",\"keywords\":[\"AFA FEYZIN\",\"Faustin Garreau\",\"marche athl\u00e9tique\"],\"articleSection\":[\"Athl\u00e9 | Course pied | Marche\",\"CCEL | Communes\",\"Corbas | Feyzin\",\"Genas\",\"Sports\",\"V\u00e9nissieux\"],\"inLanguage\":\"fr-FR\",\"potentialAction\":[{\"@type\":\"CommentAction\",\"name\":\"Comment\",\"target\":[\"https:\/\/newsestlyonnais.fr\/site\/2021\/02\/20\/feyzin-venissieux-nouveau-podium-et-record-pour-le-marcheur-faustin-garreau\/#respond\"]}]},{\"@type\":\"WebPage\",\"@id\":\"https:\/\/newsestlyonnais.fr\/site\/2021\/02\/20\/feyzin-venissieux-nouveau-podium-et-record-pour-le-marcheur-faustin-garreau\/\",\"url\":\"https:\/\/newsestlyonnais.fr\/site\/2021\/02\/20\/feyzin-venissieux-nouveau-podium-et-record-pour-le-marcheur-faustin-garreau\/\",\"name\":\"Feyzin-V\u00e9nissieux | Nouveau podium et record pour le marcheur Faustin Garreau - News Est Lyonnais\",\"isPartOf\":{\"@id\":\"https:\/\/newsestlyonnais.fr\/site\/#website\"},\"primaryImageOfPage\":{\"@id\":\"https:\/\/newsestlyonnais.fr\/site\/2021\/02\/20\/feyzin-venissieux-nouveau-podium-et-record-pour-le-marcheur-faustin-garreau\/#primaryimage\"},\"image\":{\"@id\":\"https:\/\/newsestlyonnais.fr\/site\/2021\/02\/20\/feyzin-venissieux-nouveau-podium-et-record-pour-le-marcheur-faustin-garreau\/#primaryimage\"},\"thumbnailUrl\":\"https:\/\/newsestlyonnais.fr\/site\/wp-content\/uploads\/2021\/02\/Resized_20210219_165259.jpeg\",\"datePublished\":\"2021-02-20T08:16:28+00:00\",\"dateModified\":\"2021-03-01T05:23:54+00:00\",\"description\":\"FEYZIN-V\u00c9NISSIEUX | Nouveau podium et record pour le marcheur Faustin Garreau\",\"breadcrumb\":{\"@id\":\"https:\/\/newsestlyonnais.fr\/site\/2021\/02\/20\/feyzin-venissieux-nouveau-podium-et-record-pour-le-marcheur-faustin-garreau\/#breadcrumb\"},\"inLanguage\":\"fr-FR\",\"potentialAction\":[{\"@type\":\"ReadAction\",\"target\":[\"https:\/\/newsestlyonnais.fr\/site\/2021\/02\/20\/feyzin-venissieux-nouveau-podium-et-record-pour-le-marcheur-faustin-garreau\/\"]}]},{\"@type\":\"ImageObject\",\"inLanguage\":\"fr-FR\",\"@id\":\"https:\/\/newsestlyonnais.fr\/site\/2021\/02\/20\/feyzin-venissieux-nouveau-podium-et-record-pour-le-marcheur-faustin-garreau\/#primaryimage\",\"url\":\"https:\/\/newsestlyonnais.fr\/site\/wp-content\/uploads\/2021\/02\/Resized_20210219_165259.jpeg\",\"contentUrl\":\"https:\/\/newsestlyonnais.fr\/site\/wp-content\/uploads\/2021\/02\/Resized_20210219_165259.jpeg\",\"width\":960,\"height\":720},{\"@type\":\"BreadcrumbList\",\"@id\":\"https:\/\/newsestlyonnais.fr\/site\/2021\/02\/20\/feyzin-venissieux-nouveau-podium-et-record-pour-le-marcheur-faustin-garreau\/#breadcrumb\",\"itemListElement\":[{\"@type\":\"ListItem\",\"position\":1,\"name\":\"Accueil\",\"item\":\"https:\/\/newsestlyonnais.fr\/site\/\"},{\"@type\":\"ListItem\",\"position\":2,\"name\":\"Feyzin-V\u00e9nissieux | Nouveau podium et record pour le marcheur Faustin Garreau\"}]},{\"@type\":\"WebSite\",\"@id\":\"https:\/\/newsestlyonnais.fr\/site\/#website\",\"url\":\"https:\/\/newsestlyonnais.fr\/site\/\",\"name\":\"News Est Lyonnais\",\"description\":\"L&#039;actualit\u00e9 au plus pr\u00e8s\",\"publisher\":{\"@id\":\"https:\/\/newsestlyonnais.fr\/site\/#organization\"},\"potentialAction\":[{\"@type\":\"SearchAction\",\"target\":{\"@type\":\"EntryPoint\",\"urlTemplate\":\"https:\/\/newsestlyonnais.fr\/site\/?s={search_term_string}\"},\"query-input\":{\"@type\":\"PropertyValueSpecification\",\"valueRequired\":true,\"valueName\":\"search_term_string\"}}],\"inLanguage\":\"fr-FR\"},{\"@type\":\"Organization\",\"@id\":\"https:\/\/newsestlyonnais.fr\/site\/#organization\",\"name\":\"News EST LYONNAIS\",\"url\":\"https:\/\/newsestlyonnais.fr\/site\/\",\"logo\":{\"@type\":\"ImageObject\",\"inLanguage\":\"fr-FR\",\"@id\":\"https:\/\/newsestlyonnais.fr\/site\/#\/schema\/logo\/image\/\",\"url\":\"\",\"contentUrl\":\"\",\"caption\":\"News EST LYONNAIS\"},\"image\":{\"@id\":\"https:\/\/newsestlyonnais.fr\/site\/#\/schema\/logo\/image\/\"}},{\"@type\":\"Person\",\"@id\":\"https:\/\/newsestlyonnais.fr\/site\/#\/schema\/person\/3230d5615f390bb808365d673001e887\",\"name\":\"R\u00e9dac. NEWS\",\"sameAs\":[\"http:\/\/www.newsestlyonnais.fr\",\"https:\/\/www.facebook.com\/pascal.oberson.1?fref=ts\",\"https:\/\/fr.linkedin.com\/in\/pascal-oberson-b17045113\"],\"url\":\"https:\/\/newsestlyonnais.fr\/site\/author\/nel\/\"}]}<\/script>\n<!-- \/ Yoast SEO plugin. -->","yoast_head_json":{"title":"Feyzin-V\u00e9nissieux | Nouveau podium et record pour le marcheur Faustin Garreau - News Est Lyonnais","description":"FEYZIN-V\u00c9NISSIEUX | Nouveau podium et record pour le marcheur Faustin Garreau","robots":{"index":"index","follow":"follow","max-snippet":"max-snippet:-1","max-image-preview":"max-image-preview:large","max-video-preview":"max-video-preview:-1"},"canonical":"https:\/\/newsestlyonnais.fr\/site\/2021\/02\/20\/feyzin-venissieux-nouveau-podium-et-record-pour-le-marcheur-faustin-garreau\/","og_locale":"fr_FR","og_type":"article","og_title":"Feyzin-V\u00e9nissieux | Nouveau podium et record pour le marcheur Faustin Garreau - News Est Lyonnais","og_description":"FEYZIN-V\u00c9NISSIEUX | Nouveau podium et record pour le marcheur Faustin Garreau","og_url":"https:\/\/newsestlyonnais.fr\/site\/2021\/02\/20\/feyzin-venissieux-nouveau-podium-et-record-pour-le-marcheur-faustin-garreau\/","og_site_name":"News Est Lyonnais","article_author":"https:\/\/www.facebook.com\/pascal.oberson.1?fref=ts","article_published_time":"2021-02-20T08:16:28+00:00","article_modified_time":"2021-03-01T05:23:54+00:00","og_image":[{"width":960,"height":720,"url":"https:\/\/i0.wp.com\/newsestlyonnais.fr\/site\/wp-content\/uploads\/2021\/02\/Resized_20210219_165259.jpeg?fit=960%2C720&ssl=1","type":"image\/jpeg"}],"author":"R\u00e9dac. NEWS","twitter_card":"summary_large_image","twitter_misc":{"\u00c9crit par":"R\u00e9dac. NEWS","Dur\u00e9e de lecture estim\u00e9e":"1 minute"},"schema":{"@context":"https:\/\/schema.org","@graph":[{"@type":"Article","@id":"https:\/\/newsestlyonnais.fr\/site\/2021\/02\/20\/feyzin-venissieux-nouveau-podium-et-record-pour-le-marcheur-faustin-garreau\/#article","isPartOf":{"@id":"https:\/\/newsestlyonnais.fr\/site\/2021\/02\/20\/feyzin-venissieux-nouveau-podium-et-record-pour-le-marcheur-faustin-garreau\/"},"author":{"name":"R\u00e9dac. NEWS","@id":"https:\/\/newsestlyonnais.fr\/site\/#\/schema\/person\/3230d5615f390bb808365d673001e887"},"headline":"Feyzin-V\u00e9nissieux | Nouveau podium et record pour le marcheur Faustin Garreau","datePublished":"2021-02-20T08:16:28+00:00","dateModified":"2021-03-01T05:23:54+00:00","mainEntityOfPage":{"@id":"https:\/\/newsestlyonnais.fr\/site\/2021\/02\/20\/feyzin-venissieux-nouveau-podium-et-record-pour-le-marcheur-faustin-garreau\/"},"wordCount":98,"commentCount":0,"publisher":{"@id":"https:\/\/newsestlyonnais.fr\/site\/#organization"},"image":{"@id":"https:\/\/newsestlyonnais.fr\/site\/2021\/02\/20\/feyzin-venissieux-nouveau-podium-et-record-pour-le-marcheur-faustin-garreau\/#primaryimage"},"thumbnailUrl":"https:\/\/newsestlyonnais.fr\/site\/wp-content\/uploads\/2021\/02\/Resized_20210219_165259.jpeg","keywords":["AFA FEYZIN","Faustin Garreau","marche athl\u00e9tique"],"articleSection":["Athl\u00e9 | Course pied | Marche","CCEL | Communes","Corbas | Feyzin","Genas","Sports","V\u00e9nissieux"],"inLanguage":"fr-FR","potentialAction":[{"@type":"CommentAction","name":"Comment","target":["https:\/\/newsestlyonnais.fr\/site\/2021\/02\/20\/feyzin-venissieux-nouveau-podium-et-record-pour-le-marcheur-faustin-garreau\/#respond"]}]},{"@type":"WebPage","@id":"https:\/\/newsestlyonnais.fr\/site\/2021\/02\/20\/feyzin-venissieux-nouveau-podium-et-record-pour-le-marcheur-faustin-garreau\/","url":"https:\/\/newsestlyonnais.fr\/site\/2021\/02\/20\/feyzin-venissieux-nouveau-podium-et-record-pour-le-marcheur-faustin-garreau\/","name":"Feyzin-V\u00e9nissieux | Nouveau podium et record pour le marcheur Faustin Garreau - News Est Lyonnais","isPartOf":{"@id":"https:\/\/newsestlyonnais.fr\/site\/#website"},"primaryImageOfPage":{"@id":"https:\/\/newsestlyonnais.fr\/site\/2021\/02\/20\/feyzin-venissieux-nouveau-podium-et-record-pour-le-marcheur-faustin-garreau\/#primaryimage"},"image":{"@id":"https:\/\/newsestlyonnais.fr\/site\/2021\/02\/20\/feyzin-venissieux-nouveau-podium-et-record-pour-le-marcheur-faustin-garreau\/#primaryimage"},"thumbnailUrl":"https:\/\/newsestlyonnais.fr\/site\/wp-content\/uploads\/2021\/02\/Resized_20210219_165259.jpeg","datePublished":"2021-02-20T08:16:28+00:00","dateModified":"2021-03-01T05:23:54+00:00","description":"FEYZIN-V\u00c9NISSIEUX | Nouveau podium et record pour le marcheur Faustin Garreau","breadcrumb":{"@id":"https:\/\/newsestlyonnais.fr\/site\/2021\/02\/20\/feyzin-venissieux-nouveau-podium-et-record-pour-le-marcheur-faustin-garreau\/#breadcrumb"},"inLanguage":"fr-FR","potentialAction":[{"@type":"ReadAction","target":["https:\/\/newsestlyonnais.fr\/site\/2021\/02\/20\/feyzin-venissieux-nouveau-podium-et-record-pour-le-marcheur-faustin-garreau\/"]}]},{"@type":"ImageObject","inLanguage":"fr-FR","@id":"https:\/\/newsestlyonnais.fr\/site\/2021\/02\/20\/feyzin-venissieux-nouveau-podium-et-record-pour-le-marcheur-faustin-garreau\/#primaryimage","url":"https:\/\/newsestlyonnais.fr\/site\/wp-content\/uploads\/2021\/02\/Resized_20210219_165259.jpeg","contentUrl":"https:\/\/newsestlyonnais.fr\/site\/wp-content\/uploads\/2021\/02\/Resized_20210219_165259.jpeg","width":960,"height":720},{"@type":"BreadcrumbList","@id":"https:\/\/newsestlyonnais.fr\/site\/2021\/02\/20\/feyzin-venissieux-nouveau-podium-et-record-pour-le-marcheur-faustin-garreau\/#breadcrumb","itemListElement":[{"@type":"ListItem","position":1,"name":"Accueil","item":"https:\/\/newsestlyonnais.fr\/site\/"},{"@type":"ListItem","position":2,"name":"Feyzin-V\u00e9nissieux | Nouveau podium et record pour le marcheur Faustin Garreau"}]},{"@type":"WebSite","@id":"https:\/\/newsestlyonnais.fr\/site\/#website","url":"https:\/\/newsestlyonnais.fr\/site\/","name":"News Est Lyonnais","description":"L&#039;actualit\u00e9 au plus pr\u00e8s","publisher":{"@id":"https:\/\/newsestlyonnais.fr\/site\/#organization"},"potentialAction":[{"@type":"SearchAction","target":{"@type":"EntryPoint","urlTemplate":"https:\/\/newsestlyonnais.fr\/site\/?s={search_term_string}"},"query-input":{"@type":"PropertyValueSpecification","valueRequired":true,"valueName":"search_term_string"}}],"inLanguage":"fr-FR"},{"@type":"Organization","@id":"https:\/\/newsestlyonnais.fr\/site\/#organization","name":"News EST LYONNAIS","url":"https:\/\/newsestlyonnais.fr\/site\/","logo":{"@type":"ImageObject","inLanguage":"fr-FR","@id":"https:\/\/newsestlyonnais.fr\/site\/#\/schema\/logo\/image\/","url":"","contentUrl":"","caption":"News EST LYONNAIS"},"image":{"@id":"https:\/\/newsestlyonnais.fr\/site\/#\/schema\/logo\/image\/"}},{"@type":"Person","@id":"https:\/\/newsestlyonnais.fr\/site\/#\/schema\/person\/3230d5615f390bb808365d673001e887","name":"R\u00e9dac. NEWS","sameAs":["http:\/\/www.newsestlyonnais.fr","https:\/\/www.facebook.com\/pascal.oberson.1?fref=ts","https:\/\/fr.linkedin.com\/in\/pascal-oberson-b17045113"],"url":"https:\/\/newsestlyonnais.fr\/site\/author\/nel\/"}]}},"_links":{"self":[{"href":"https:\/\/newsestlyonnais.fr\/site\/wp-json\/wp\/v2\/posts\/125313","targetHints":{"allow":["GET"]}}],"collection":[{"href":"https:\/\/newsestlyonnais.fr\/site\/wp-json\/wp\/v2\/posts"}],"about":[{"href":"https:\/\/newsestlyonnais.fr\/site\/wp-json\/wp\/v2\/types\/post"}],"author":[{"embeddable":true,"href":"https:\/\/newsestlyonnais.fr\/site\/wp-json\/wp\/v2\/users\/4"}],"replies":[{"embeddable":true,"href":"https:\/\/newsestlyonnais.fr\/site\/wp-json\/wp\/v2\/comments?post=125313"}],"version-history":[{"count":0,"href":"https:\/\/newsestlyonnais.fr\/site\/wp-json\/wp\/v2\/posts\/125313\/revisions"}],"wp:featuredmedia":[{"embeddable":true,"href":"https:\/\/newsestlyonnais.fr\/site\/wp-json\/wp\/v2\/media\/125316"}],"wp:attachment":[{"href":"https:\/\/newsestlyonnais.fr\/site\/wp-json\/wp\/v2\/media?parent=125313"}],"wp:term":[{"taxonomy":"category","embeddable":true,"href":"https:\/\/newsestlyonnais.fr\/site\/wp-json\/wp\/v2\/categories?post=125313"},{"taxonomy":"post_tag","embeddable":true,"href":"https:\/\/newsestlyonnais.fr\/site\/wp-json\/wp\/v2\/tags?post=125313"}],"curies":[{"name":"wp","href":"https:\/\/api.w.org\/{rel}","templated":true}]}}