{"id":125342,"date":"2021-02-21T09:59:20","date_gmt":"2021-02-21T08:59:20","guid":{"rendered":"http:\/\/newsestlyonnais.fr\/site\/?p=125342"},"modified":"2021-02-23T07:36:18","modified_gmt":"2021-02-23T06:36:18","slug":"olympique-de-rillieux-foot-nous-avons-perdu-une-cinquantaine-de-jeunes-licencies","status":"publish","type":"post","link":"https:\/\/newsestlyonnais.fr\/site\/2021\/02\/21\/olympique-de-rillieux-foot-nous-avons-perdu-une-cinquantaine-de-jeunes-licencies\/","title":{"rendered":"Olympique de Rillieux Foot | \u00ab\u00a0nous avons perdu une cinquantaine de jeunes licenci\u00e9s\u00a0\u00bb"},"content":{"rendered":"<p>En ce dimanche, <strong>Chantal Garcia (Secr\u00e9taire G\u00e9n\u00e9rale et Responsable Communication) &amp; Karim Daha (Directeur Sportif)<\/strong> depuis mai 2016, r\u00e9pondent aux questions de la r\u00e9daction :<\/p>\n<hr \/>\n<ul>\n<li><span style=\"font-size: 14pt;\"><strong><u>Quelle est son activit\u00e9 et effectif actuel<\/u><\/strong><\/span><strong><span style=\"font-size: 14pt;\"> ?<\/span> <\/strong><\/li>\n<\/ul>\n<p class=\"font_8\">\u00bb <strong>Pr\u00e9sid\u00e9 par Mohamed Azazi, <\/strong>depuis le 15 mai 2016. Activit\u00e9 principale : <strong>enseignement et pratique du football<\/strong>. Effectif \u00e0 ce jour :<strong> 335<\/strong>\u00a0 \u00ab .<\/p>\n<hr \/>\n<ul>\n<li><span style=\"font-size: 14pt;\"><strong><u>Comment s\u2019\u00e9tait pass\u00e9 le 1\u00b0 confinement e<\/u><\/strong><strong><u>t aviez-vous mis du personnel au ch\u00f4mage ?<br \/>\n<\/u><\/strong><\/span><\/li>\n<\/ul>\n<p>\u00bb Nous avons stopp\u00e9 toute activit\u00e9 au club, que ce soient les entrainements et les matches. Nous avons 2 jeunes BPJEPS en contrat aid\u00e9 que nous avons mis en ch\u00f4mage partiel car ils continuaient \u00e0 suivre leurs formations \u00bb.<\/p>\n<ul>\n<li><strong><span style=\"font-size: 14pt;\"><span style=\"text-decoration: underline;\">Et la reprise des activit\u00e9s \u00e0 la rentr\u00e9e de septembre<\/span> ?<\/span> <\/strong><\/li>\n<\/ul>\n<p>\u00bb <strong>Nous avons repris les entrainements seniors et U20 mi-ao\u00fbt 2020<\/strong> car il fallait se pr\u00e9parer pour les premiers tours de la Coupe de France. Puis les autres cat\u00e9gories foot \u00e0 11 joueurs (U15 \u2013 U17) ont repris fin ao\u00fbt dans le respect des consignes sanitaires en vigueur (d\u00e9sinfection, port du masque, \u00e9viter les rassemblements).<\/p>\n<p>Puis ce fut le tour des jeunes du Foot r\u00e9duit \u00e0 reprendre les entrainements mais aucune rencontre sportive n\u2019a \u00e9t\u00e9 programm\u00e9e en raison de l\u2019\u00e9volution de la pand\u00e9mie.<\/p>\n<p>Du coup, <strong>beaucoup de parents n\u2019ont pas renouvel\u00e9 l\u2019inscription de leur enfant et nous avons perdu une cinquantaine de jeunes licenci\u00e9s<\/strong> \u00bb.<\/p>\n<hr \/>\n<ul>\n<li><span style=\"font-size: 14pt;\"><u><strong>Avez-vous connu depuis une baisse de vos effectifs ?<\/strong> <\/u><\/span><\/li>\n<\/ul>\n<p>\u00bb <strong>Une cinquantaine de jeunes licenci\u00e9s \u00e2g\u00e9s de 7 \u00e0 13 ans<\/strong> <em>\u00ab .<br \/>\n<\/em><\/p>\n<ul>\n<li><span style=\"font-size: 14pt;\"><strong><span style=\"text-decoration: underline;\">Avez-vous \u00e9t\u00e9 contraints d\u2019annuler des \u00e9v\u00e8nements<\/span> ?<\/strong><\/span><\/li>\n<\/ul>\n<p>\u00bb <strong>Nous avons annul\u00e9 notre Tournoi International U13<\/strong> qui est, \u00e0 chaque printemps, un rendez-vous important pour les clubs, centres de formation, qui viennent de la France enti\u00e8re et des \u00e9quipes de clubs \u00e9trangers devenus nos amis, tels Belges, Allemands, Espagnols, Alg\u00e9riens\u2026<br \/>\nNous avons <strong>\u00e9galement d\u00fb annuler les tournois en salle<\/strong> que nous organisons pendant l\u2019hiver, ce, lors du premier confinement et \u00e0 nouveau ce d\u00e9but d\u2019ann\u00e9e.<br \/>\nNous n\u2019avons pas pu recevoir les 1.500 boulistes qui viennent s\u2019affronter sur nos terrains ghorre lors du grand tournoi de boules lyonnaises de Pentec\u00f4te ; aura-t-il lieu cette ann\u00e9e ?<br \/>\nNous organisons \u00e9galement des tournois en juin qui permettent de terminer une saison de mani\u00e8re conviviale, nous n\u2019avons pu en organiser aucun !<br \/>\nDe m\u00eame pour des manifestations comme un Loto, un vide-grenier, une soir\u00e9e Karaok\u00e9, notre soir\u00e9e \u00ab dirigeants et partenaires \u00bb\u2026. <strong>Tout a \u00e9t\u00e9 annul\u00e9 !<\/strong>\u00ab .<\/p>\n<hr \/>\n<ul>\n<li><strong><span style=\"font-size: 14pt;\"><span style=\"text-decoration: underline;\">Comment se d\u00e9roule ce 2\u00b0 confinement<\/span> ?<\/span><\/strong><\/li>\n<\/ul>\n<p>\u00bb Nous avons encore d\u00fb stopper toute activit\u00e9 sportive pour ce 2\u00b0 confinement. Les championnats ont tous \u00e9t\u00e9 stopp\u00e9s et nous avons aussi stopp\u00e9 les entrainements. Puis, une reprise mais avec respect d\u2019un couvre-feu d\u2019abord \u00e0 20 h ; donc nous avons revu nos horaires d\u2019entrainement afin de permettre \u00e0 nos licenci\u00e9s de regagner leur domicile dans les temps.<\/p>\n<p>Puis couvre-feu \u00e0 18 h, nous avons encore d\u00fb nous r\u00e9adapter, cette fois-ci en supprimant tout entrainement en semaine rendu impossible, sauf les petits du mercredi apr\u00e8s-midi !<\/p>\n<p><strong>Nous avons pu fournir un cr\u00e9neau d\u2019entrainement sans contact \u00e0 toutes nos cat\u00e9gories d\u2019\u00e2ges (des U6 aux V\u00e9t\u00e9rans et Loisirs) durant le week-end<\/strong> \u00ab .<\/p>\n<ul>\n<li><span style=\"font-size: 14pt;\"><strong><span style=\"text-decoration: underline;\">Cons\u00e9quences financi\u00e8res, sportives ou autres<\/span> ?<\/strong> <\/span><\/li>\n<\/ul>\n<p><strong>Financi\u00e8res<\/strong> : il est \u00e9vident qu\u2019avec toutes ces annulations, <strong>nos finances s\u2019en trouvent forc\u00e9ment amoindries<\/strong> car nous ne faisons aucune buvette, et nous n\u2019avons aucune rentr\u00e9e d\u2019argent si ce n\u2019est le paiement de la licence de nos licenci\u00e9s mais duquel nous devons d\u00e9duire le co\u00fbt de la licence aux Instances ainsi que le prix de l\u2019\u00e9quipement donn\u00e9 \u00e0 chacun et le co\u00fbt du mat\u00e9riel achet\u00e9 en d\u00e9but de saison.<\/p>\n<p><strong>Sportives<\/strong> : une saison non termin\u00e9e nous a peut-\u00eatre emp\u00each\u00e9 de monter notre \u00e9quipe Fanion en Ligue Rh\u00f4ne-Alpes Auvergne. Evidemment, toutes nos \u00e9quipes n\u2019ont pas fait assez de matches mais comme tous les autres clubs bien s\u00fbr \u00ab .<\/p>\n<hr \/>\n<ul>\n<li><strong><span style=\"font-size: 14pt;\"><span style=\"text-decoration: underline;\">Et pour conclure<\/span> ?<\/span> <\/strong><\/li>\n<\/ul>\n<p>\u00bb <strong>Nous esp\u00e9rons que nous pourrons pratiquer le football sur 2021<\/strong> mais encore pas d\u2019infos positives pour red\u00e9marrer et terminer le championnat, <strong>peut-\u00eatre allons-nous vers une saison blanche<\/strong>, nous le saurons dans un avenir assez proche car \u00e0 un moment donn\u00e9 il n\u2019y aura plus assez de week-ends pour finir la saison \u00ab .<\/p>\n<hr \/>\n<p><strong><em><img loading=\"lazy\" decoding=\"async\" class=\"wp-image-125370 size-thumbnail alignleft\" src=\"https:\/\/newsestlyonnais.fr\/site\/wp-content\/uploads\/2021\/02\/NEWSESTLYONNAIS-LOGO-OR-250x368.png\" alt=\"\" width=\"102\" height=\"150\" data-attachment-id=\"124689\" data-permalink=\"https:\/\/newsestlyonnais.fr\/site\/2021\/02\/12\/caluire-association-musicale-amc2-la-mission-reste-plus-vivante-que-jamais\/72850_241456689292081_1711898557_n\/\" data-orig-file=\"https:\/\/i2.wp.com\/newsestlyonnais.fr\/site\/wp-content\/uploads\/2021\/02\/72850_241456689292081_1711898557_n.jpg?fit=353%2C330&amp;ssl=1\" data-orig-size=\"353,330\" data-comments-opened=\"1\" data-image-meta=\"{&quot;aperture&quot;:&quot;0&quot;,&quot;credit&quot;:&quot;&quot;,&quot;camera&quot;:&quot;&quot;,&quot;caption&quot;:&quot;&quot;,&quot;created_timestamp&quot;:&quot;0&quot;,&quot;copyright&quot;:&quot;&quot;,&quot;focal_length&quot;:&quot;0&quot;,&quot;iso&quot;:&quot;0&quot;,&quot;shutter_speed&quot;:&quot;0&quot;,&quot;title&quot;:&quot;&quot;,&quot;orientation&quot;:&quot;0&quot;}\" data-image-title=\"72850_241456689292081_1711898557_n\" data-image-description=\"\" data-medium-file=\"https:\/\/i2.wp.com\/newsestlyonnais.fr\/site\/wp-content\/uploads\/2021\/02\/72850_241456689292081_1711898557_n.jpg?fit=321%2C300&amp;ssl=1\" data-large-file=\"https:\/\/i2.wp.com\/newsestlyonnais.fr\/site\/wp-content\/uploads\/2021\/02\/72850_241456689292081_1711898557_n.jpg?fit=353%2C330&amp;ssl=1\" data-recalc-dims=\"1\" srcset=\"https:\/\/newsestlyonnais.fr\/site\/wp-content\/uploads\/2021\/02\/NEWSESTLYONNAIS-LOGO-OR-250x368.png 250w, https:\/\/newsestlyonnais.fr\/site\/wp-content\/uploads\/2021\/02\/NEWSESTLYONNAIS-LOGO-OR-400x588.png 400w, https:\/\/newsestlyonnais.fr\/site\/wp-content\/uploads\/2021\/02\/NEWSESTLYONNAIS-LOGO-OR-150x221.png 150w, https:\/\/newsestlyonnais.fr\/site\/wp-content\/uploads\/2021\/02\/NEWSESTLYONNAIS-LOGO-OR-50x74.png 50w, https:\/\/newsestlyonnais.fr\/site\/wp-content\/uploads\/2021\/02\/NEWSESTLYONNAIS-LOGO-OR-100x147.png 100w, https:\/\/newsestlyonnais.fr\/site\/wp-content\/uploads\/2021\/02\/NEWSESTLYONNAIS-LOGO-OR-200x294.png 200w, https:\/\/newsestlyonnais.fr\/site\/wp-content\/uploads\/2021\/02\/NEWSESTLYONNAIS-LOGO-OR-300x441.png 300w, https:\/\/newsestlyonnais.fr\/site\/wp-content\/uploads\/2021\/02\/NEWSESTLYONNAIS-LOGO-OR-350x515.png 350w, https:\/\/newsestlyonnais.fr\/site\/wp-content\/uploads\/2021\/02\/NEWSESTLYONNAIS-LOGO-OR.png 410w\" sizes=\"auto, (max-width: 102px) 100vw, 102px\" \/><\/em><\/strong><\/p>\n<ul>\n<li><strong>OLYMPIQUE RILLIEUX \/ 1 chemin des Martyrs \/ Rillieux-la-Pape<\/strong><\/li>\n<li><strong>Contact<\/strong> : Chantal Garcia : 06 80 66 80 58 <strong>\/<\/strong> c.garcia@olympiquerillieux.fr<\/li>\n<li><strong>A retrouver sur<\/strong> : <span style=\"color: #0000ff;\"><a style=\"color: #0000ff;\" href=\"http:\/\/www.olympiquerillieux.fr\">http:\/\/www.olympiquerillieux.fr<\/a><\/span><\/li>\n<li><strong>Facebook : <\/strong><span style=\"color: #0000ff;\"><a style=\"color: #0000ff;\" href=\"https:\/\/www.facebook.com\/OlympiqueRillieuxFootball\">https:\/\/www.facebook.com\/OlympiqueRillieuxFootball<\/a><\/span><\/li>\n<\/ul>\n<hr \/>\n<div id='gallery-1' class='gallery galleryid-125342 gallery-columns-2 gallery-size-thumbnail'><figure class='gallery-item'>\n\t\t\t<div class='gallery-icon landscape'>\n\t\t\t\t<a href='https:\/\/newsestlyonnais.fr\/site\/2021\/02\/21\/olympique-de-rillieux-foot-nous-avons-perdu-une-cinquantaine-de-jeunes-licencies\/1-or-photo\/'><img loading=\"lazy\" decoding=\"async\" width=\"150\" height=\"113\" src=\"https:\/\/newsestlyonnais.fr\/site\/wp-content\/uploads\/2021\/02\/1-OR-photo-250x188.jpg\" class=\"attachment-thumbnail size-thumbnail\" alt=\"\" srcset=\"https:\/\/newsestlyonnais.fr\/site\/wp-content\/uploads\/2021\/02\/1-OR-photo-250x188.jpg 250w, https:\/\/newsestlyonnais.fr\/site\/wp-content\/uploads\/2021\/02\/1-OR-photo-400x300.jpg 400w, https:\/\/newsestlyonnais.fr\/site\/wp-content\/uploads\/2021\/02\/1-OR-photo-650x488.jpg 650w, https:\/\/newsestlyonnais.fr\/site\/wp-content\/uploads\/2021\/02\/1-OR-photo-768x576.jpg 768w, https:\/\/newsestlyonnais.fr\/site\/wp-content\/uploads\/2021\/02\/1-OR-photo-150x113.jpg 150w, https:\/\/newsestlyonnais.fr\/site\/wp-content\/uploads\/2021\/02\/1-OR-photo-50x38.jpg 50w, https:\/\/newsestlyonnais.fr\/site\/wp-content\/uploads\/2021\/02\/1-OR-photo-100x75.jpg 100w, https:\/\/newsestlyonnais.fr\/site\/wp-content\/uploads\/2021\/02\/1-OR-photo-200x150.jpg 200w, https:\/\/newsestlyonnais.fr\/site\/wp-content\/uploads\/2021\/02\/1-OR-photo-300x225.jpg 300w, https:\/\/newsestlyonnais.fr\/site\/wp-content\/uploads\/2021\/02\/1-OR-photo-350x263.jpg 350w, https:\/\/newsestlyonnais.fr\/site\/wp-content\/uploads\/2021\/02\/1-OR-photo-450x338.jpg 450w, https:\/\/newsestlyonnais.fr\/site\/wp-content\/uploads\/2021\/02\/1-OR-photo-500x375.jpg 500w, https:\/\/newsestlyonnais.fr\/site\/wp-content\/uploads\/2021\/02\/1-OR-photo-550x413.jpg 550w, https:\/\/newsestlyonnais.fr\/site\/wp-content\/uploads\/2021\/02\/1-OR-photo-800x600.jpg 800w, https:\/\/newsestlyonnais.fr\/site\/wp-content\/uploads\/2021\/02\/1-OR-photo.jpg 960w\" sizes=\"auto, (max-width: 150px) 100vw, 150px\" \/><\/a>\n\t\t\t<\/div><\/figure><figure class='gallery-item'>\n\t\t\t<div class='gallery-icon landscape'>\n\t\t\t\t<a href='https:\/\/newsestlyonnais.fr\/site\/2021\/02\/21\/olympique-de-rillieux-foot-nous-avons-perdu-une-cinquantaine-de-jeunes-licencies\/1-club-photo-dirigeants\/'><img loading=\"lazy\" decoding=\"async\" width=\"150\" height=\"113\" src=\"https:\/\/newsestlyonnais.fr\/site\/wp-content\/uploads\/2021\/02\/1-club-photo-dirigeants-250x188.jpg\" class=\"attachment-thumbnail size-thumbnail\" alt=\"\" srcset=\"https:\/\/newsestlyonnais.fr\/site\/wp-content\/uploads\/2021\/02\/1-club-photo-dirigeants-250x188.jpg 250w, https:\/\/newsestlyonnais.fr\/site\/wp-content\/uploads\/2021\/02\/1-club-photo-dirigeants-400x300.jpg 400w, https:\/\/newsestlyonnais.fr\/site\/wp-content\/uploads\/2021\/02\/1-club-photo-dirigeants-650x488.jpg 650w, https:\/\/newsestlyonnais.fr\/site\/wp-content\/uploads\/2021\/02\/1-club-photo-dirigeants-768x576.jpg 768w, https:\/\/newsestlyonnais.fr\/site\/wp-content\/uploads\/2021\/02\/1-club-photo-dirigeants-150x113.jpg 150w, https:\/\/newsestlyonnais.fr\/site\/wp-content\/uploads\/2021\/02\/1-club-photo-dirigeants-50x38.jpg 50w, https:\/\/newsestlyonnais.fr\/site\/wp-content\/uploads\/2021\/02\/1-club-photo-dirigeants-100x75.jpg 100w, https:\/\/newsestlyonnais.fr\/site\/wp-content\/uploads\/2021\/02\/1-club-photo-dirigeants-200x150.jpg 200w, https:\/\/newsestlyonnais.fr\/site\/wp-content\/uploads\/2021\/02\/1-club-photo-dirigeants-300x225.jpg 300w, https:\/\/newsestlyonnais.fr\/site\/wp-content\/uploads\/2021\/02\/1-club-photo-dirigeants-350x263.jpg 350w, https:\/\/newsestlyonnais.fr\/site\/wp-content\/uploads\/2021\/02\/1-club-photo-dirigeants-450x338.jpg 450w, https:\/\/newsestlyonnais.fr\/site\/wp-content\/uploads\/2021\/02\/1-club-photo-dirigeants-500x375.jpg 500w, https:\/\/newsestlyonnais.fr\/site\/wp-content\/uploads\/2021\/02\/1-club-photo-dirigeants-550x413.jpg 550w, https:\/\/newsestlyonnais.fr\/site\/wp-content\/uploads\/2021\/02\/1-club-photo-dirigeants-800x600.jpg 800w, https:\/\/newsestlyonnais.fr\/site\/wp-content\/uploads\/2021\/02\/1-club-photo-dirigeants.jpg 960w\" sizes=\"auto, (max-width: 150px) 100vw, 150px\" \/><\/a>\n\t\t\t<\/div><\/figure>\n\t\t<\/div>\n\n<hr \/>\n","protected":false},"excerpt":{"rendered":"<p>1 jour, 1 association | Quotidiennement, une association est pr\u00e9sent\u00e9e par un de ses dirigeants.<\/p>\n","protected":false},"author":4,"featured_media":125375,"comment_status":"open","ping_status":"open","sticky":false,"template":"","format":"standard","meta":{"footnotes":""},"categories":[3420,1329,2996,1623],"tags":[2052,3604,3073],"class_list":["post-125342","post","type-post","status-publish","format-standard","has-post-thumbnail","hentry","category-1-jour-1-association","category-foot","category-football-rugby","category-rillieux-la-pape","tag-foot","tag-olympique-de-rillieux","tag-rillieux"],"yoast_head":"<!-- This site is optimized with the Yoast SEO plugin v27.2 - https:\/\/yoast.com\/product\/yoast-seo-wordpress\/ -->\n<title>Olympique de Rillieux Foot | &quot;nous avons perdu une cinquantaine de jeunes licenci\u00e9s&quot; - News Est Lyonnais<\/title>\n<meta name=\"description\" content=\"Olympique de Rillieux Foot | &quot;nous avons perdu une cinquantaine de jeunes licenci\u00e9s&quot;\" \/>\n<meta name=\"robots\" content=\"index, follow, max-snippet:-1, max-image-preview:large, max-video-preview:-1\" \/>\n<link rel=\"canonical\" href=\"https:\/\/newsestlyonnais.fr\/site\/2021\/02\/21\/olympique-de-rillieux-foot-nous-avons-perdu-une-cinquantaine-de-jeunes-licencies\/\" \/>\n<meta property=\"og:locale\" content=\"fr_FR\" \/>\n<meta property=\"og:type\" content=\"article\" \/>\n<meta property=\"og:title\" content=\"Olympique de Rillieux Foot | &quot;nous avons perdu une cinquantaine de jeunes licenci\u00e9s&quot; - News Est Lyonnais\" \/>\n<meta property=\"og:description\" content=\"Olympique de Rillieux Foot | &quot;nous avons perdu une cinquantaine de jeunes licenci\u00e9s&quot;\" \/>\n<meta property=\"og:url\" content=\"https:\/\/newsestlyonnais.fr\/site\/2021\/02\/21\/olympique-de-rillieux-foot-nous-avons-perdu-une-cinquantaine-de-jeunes-licencies\/\" \/>\n<meta property=\"og:site_name\" content=\"News Est Lyonnais\" \/>\n<meta property=\"article:author\" content=\"https:\/\/www.facebook.com\/pascal.oberson.1?fref=ts\" \/>\n<meta property=\"article:published_time\" content=\"2021-02-21T08:59:20+00:00\" \/>\n<meta property=\"article:modified_time\" content=\"2021-02-23T06:36:18+00:00\" \/>\n<meta property=\"og:image\" content=\"https:\/\/i0.wp.com\/newsestlyonnais.fr\/site\/wp-content\/uploads\/2021\/02\/1-OR-lieu-de-vie.jpg?fit=960%2C720&ssl=1\" \/>\n\t<meta property=\"og:image:width\" content=\"960\" \/>\n\t<meta property=\"og:image:height\" content=\"720\" \/>\n\t<meta property=\"og:image:type\" content=\"image\/jpeg\" \/>\n<meta name=\"author\" content=\"R\u00e9dac. NEWS\" \/>\n<meta name=\"twitter:card\" content=\"summary_large_image\" \/>\n<meta name=\"twitter:label1\" content=\"\u00c9crit par\" \/>\n\t<meta name=\"twitter:data1\" content=\"R\u00e9dac. NEWS\" \/>\n\t<meta name=\"twitter:label2\" content=\"Dur\u00e9e de lecture estim\u00e9e\" \/>\n\t<meta name=\"twitter:data2\" content=\"4 minutes\" \/>\n<script type=\"application\/ld+json\" class=\"yoast-schema-graph\">{\"@context\":\"https:\/\/schema.org\",\"@graph\":[{\"@type\":\"Article\",\"@id\":\"https:\/\/newsestlyonnais.fr\/site\/2021\/02\/21\/olympique-de-rillieux-foot-nous-avons-perdu-une-cinquantaine-de-jeunes-licencies\/#article\",\"isPartOf\":{\"@id\":\"https:\/\/newsestlyonnais.fr\/site\/2021\/02\/21\/olympique-de-rillieux-foot-nous-avons-perdu-une-cinquantaine-de-jeunes-licencies\/\"},\"author\":{\"name\":\"R\u00e9dac. NEWS\",\"@id\":\"https:\/\/newsestlyonnais.fr\/site\/#\/schema\/person\/3230d5615f390bb808365d673001e887\"},\"headline\":\"Olympique de Rillieux Foot | \u00ab\u00a0nous avons perdu une cinquantaine de jeunes licenci\u00e9s\u00a0\u00bb\",\"datePublished\":\"2021-02-21T08:59:20+00:00\",\"dateModified\":\"2021-02-23T06:36:18+00:00\",\"mainEntityOfPage\":{\"@id\":\"https:\/\/newsestlyonnais.fr\/site\/2021\/02\/21\/olympique-de-rillieux-foot-nous-avons-perdu-une-cinquantaine-de-jeunes-licencies\/\"},\"wordCount\":753,\"commentCount\":0,\"publisher\":{\"@id\":\"https:\/\/newsestlyonnais.fr\/site\/#organization\"},\"image\":{\"@id\":\"https:\/\/newsestlyonnais.fr\/site\/2021\/02\/21\/olympique-de-rillieux-foot-nous-avons-perdu-une-cinquantaine-de-jeunes-licencies\/#primaryimage\"},\"thumbnailUrl\":\"https:\/\/newsestlyonnais.fr\/site\/wp-content\/uploads\/2021\/02\/1-OR-lieu-de-vie.jpg\",\"keywords\":[\"FOOT\",\"Olympique de Rillieux\",\"RILLIEUX\"],\"articleSection\":[\"1 jour, 1 association\",\"Foot | Futsal\",\"Foot | Rugby\",\"Rillieux-la-Pape\"],\"inLanguage\":\"fr-FR\",\"potentialAction\":[{\"@type\":\"CommentAction\",\"name\":\"Comment\",\"target\":[\"https:\/\/newsestlyonnais.fr\/site\/2021\/02\/21\/olympique-de-rillieux-foot-nous-avons-perdu-une-cinquantaine-de-jeunes-licencies\/#respond\"]}]},{\"@type\":\"WebPage\",\"@id\":\"https:\/\/newsestlyonnais.fr\/site\/2021\/02\/21\/olympique-de-rillieux-foot-nous-avons-perdu-une-cinquantaine-de-jeunes-licencies\/\",\"url\":\"https:\/\/newsestlyonnais.fr\/site\/2021\/02\/21\/olympique-de-rillieux-foot-nous-avons-perdu-une-cinquantaine-de-jeunes-licencies\/\",\"name\":\"Olympique de Rillieux Foot | \\\"nous avons perdu une cinquantaine de jeunes licenci\u00e9s\\\" - News Est Lyonnais\",\"isPartOf\":{\"@id\":\"https:\/\/newsestlyonnais.fr\/site\/#website\"},\"primaryImageOfPage\":{\"@id\":\"https:\/\/newsestlyonnais.fr\/site\/2021\/02\/21\/olympique-de-rillieux-foot-nous-avons-perdu-une-cinquantaine-de-jeunes-licencies\/#primaryimage\"},\"image\":{\"@id\":\"https:\/\/newsestlyonnais.fr\/site\/2021\/02\/21\/olympique-de-rillieux-foot-nous-avons-perdu-une-cinquantaine-de-jeunes-licencies\/#primaryimage\"},\"thumbnailUrl\":\"https:\/\/newsestlyonnais.fr\/site\/wp-content\/uploads\/2021\/02\/1-OR-lieu-de-vie.jpg\",\"datePublished\":\"2021-02-21T08:59:20+00:00\",\"dateModified\":\"2021-02-23T06:36:18+00:00\",\"description\":\"Olympique de Rillieux Foot | \\\"nous avons perdu une cinquantaine de jeunes licenci\u00e9s\\\"\",\"breadcrumb\":{\"@id\":\"https:\/\/newsestlyonnais.fr\/site\/2021\/02\/21\/olympique-de-rillieux-foot-nous-avons-perdu-une-cinquantaine-de-jeunes-licencies\/#breadcrumb\"},\"inLanguage\":\"fr-FR\",\"potentialAction\":[{\"@type\":\"ReadAction\",\"target\":[\"https:\/\/newsestlyonnais.fr\/site\/2021\/02\/21\/olympique-de-rillieux-foot-nous-avons-perdu-une-cinquantaine-de-jeunes-licencies\/\"]}]},{\"@type\":\"ImageObject\",\"inLanguage\":\"fr-FR\",\"@id\":\"https:\/\/newsestlyonnais.fr\/site\/2021\/02\/21\/olympique-de-rillieux-foot-nous-avons-perdu-une-cinquantaine-de-jeunes-licencies\/#primaryimage\",\"url\":\"https:\/\/newsestlyonnais.fr\/site\/wp-content\/uploads\/2021\/02\/1-OR-lieu-de-vie.jpg\",\"contentUrl\":\"https:\/\/newsestlyonnais.fr\/site\/wp-content\/uploads\/2021\/02\/1-OR-lieu-de-vie.jpg\",\"width\":960,\"height\":720},{\"@type\":\"BreadcrumbList\",\"@id\":\"https:\/\/newsestlyonnais.fr\/site\/2021\/02\/21\/olympique-de-rillieux-foot-nous-avons-perdu-une-cinquantaine-de-jeunes-licencies\/#breadcrumb\",\"itemListElement\":[{\"@type\":\"ListItem\",\"position\":1,\"name\":\"Accueil\",\"item\":\"https:\/\/newsestlyonnais.fr\/site\/\"},{\"@type\":\"ListItem\",\"position\":2,\"name\":\"Olympique de Rillieux Foot | \u00ab\u00a0nous avons perdu une cinquantaine de jeunes licenci\u00e9s\u00a0\u00bb\"}]},{\"@type\":\"WebSite\",\"@id\":\"https:\/\/newsestlyonnais.fr\/site\/#website\",\"url\":\"https:\/\/newsestlyonnais.fr\/site\/\",\"name\":\"News Est Lyonnais\",\"description\":\"L&#039;actualit\u00e9 au plus pr\u00e8s\",\"publisher\":{\"@id\":\"https:\/\/newsestlyonnais.fr\/site\/#organization\"},\"potentialAction\":[{\"@type\":\"SearchAction\",\"target\":{\"@type\":\"EntryPoint\",\"urlTemplate\":\"https:\/\/newsestlyonnais.fr\/site\/?s={search_term_string}\"},\"query-input\":{\"@type\":\"PropertyValueSpecification\",\"valueRequired\":true,\"valueName\":\"search_term_string\"}}],\"inLanguage\":\"fr-FR\"},{\"@type\":\"Organization\",\"@id\":\"https:\/\/newsestlyonnais.fr\/site\/#organization\",\"name\":\"News EST LYONNAIS\",\"url\":\"https:\/\/newsestlyonnais.fr\/site\/\",\"logo\":{\"@type\":\"ImageObject\",\"inLanguage\":\"fr-FR\",\"@id\":\"https:\/\/newsestlyonnais.fr\/site\/#\/schema\/logo\/image\/\",\"url\":\"\",\"contentUrl\":\"\",\"caption\":\"News EST LYONNAIS\"},\"image\":{\"@id\":\"https:\/\/newsestlyonnais.fr\/site\/#\/schema\/logo\/image\/\"}},{\"@type\":\"Person\",\"@id\":\"https:\/\/newsestlyonnais.fr\/site\/#\/schema\/person\/3230d5615f390bb808365d673001e887\",\"name\":\"R\u00e9dac. NEWS\",\"sameAs\":[\"http:\/\/www.newsestlyonnais.fr\",\"https:\/\/www.facebook.com\/pascal.oberson.1?fref=ts\",\"https:\/\/fr.linkedin.com\/in\/pascal-oberson-b17045113\"],\"url\":\"https:\/\/newsestlyonnais.fr\/site\/author\/nel\/\"}]}<\/script>\n<!-- \/ Yoast SEO plugin. -->","yoast_head_json":{"title":"Olympique de Rillieux Foot | \"nous avons perdu une cinquantaine de jeunes licenci\u00e9s\" - News Est Lyonnais","description":"Olympique de Rillieux Foot | \"nous avons perdu une cinquantaine de jeunes licenci\u00e9s\"","robots":{"index":"index","follow":"follow","max-snippet":"max-snippet:-1","max-image-preview":"max-image-preview:large","max-video-preview":"max-video-preview:-1"},"canonical":"https:\/\/newsestlyonnais.fr\/site\/2021\/02\/21\/olympique-de-rillieux-foot-nous-avons-perdu-une-cinquantaine-de-jeunes-licencies\/","og_locale":"fr_FR","og_type":"article","og_title":"Olympique de Rillieux Foot | \"nous avons perdu une cinquantaine de jeunes licenci\u00e9s\" - News Est Lyonnais","og_description":"Olympique de Rillieux Foot | \"nous avons perdu une cinquantaine de jeunes licenci\u00e9s\"","og_url":"https:\/\/newsestlyonnais.fr\/site\/2021\/02\/21\/olympique-de-rillieux-foot-nous-avons-perdu-une-cinquantaine-de-jeunes-licencies\/","og_site_name":"News Est Lyonnais","article_author":"https:\/\/www.facebook.com\/pascal.oberson.1?fref=ts","article_published_time":"2021-02-21T08:59:20+00:00","article_modified_time":"2021-02-23T06:36:18+00:00","og_image":[{"width":960,"height":720,"url":"https:\/\/i0.wp.com\/newsestlyonnais.fr\/site\/wp-content\/uploads\/2021\/02\/1-OR-lieu-de-vie.jpg?fit=960%2C720&ssl=1","type":"image\/jpeg"}],"author":"R\u00e9dac. NEWS","twitter_card":"summary_large_image","twitter_misc":{"\u00c9crit par":"R\u00e9dac. NEWS","Dur\u00e9e de lecture estim\u00e9e":"4 minutes"},"schema":{"@context":"https:\/\/schema.org","@graph":[{"@type":"Article","@id":"https:\/\/newsestlyonnais.fr\/site\/2021\/02\/21\/olympique-de-rillieux-foot-nous-avons-perdu-une-cinquantaine-de-jeunes-licencies\/#article","isPartOf":{"@id":"https:\/\/newsestlyonnais.fr\/site\/2021\/02\/21\/olympique-de-rillieux-foot-nous-avons-perdu-une-cinquantaine-de-jeunes-licencies\/"},"author":{"name":"R\u00e9dac. NEWS","@id":"https:\/\/newsestlyonnais.fr\/site\/#\/schema\/person\/3230d5615f390bb808365d673001e887"},"headline":"Olympique de Rillieux Foot | \u00ab\u00a0nous avons perdu une cinquantaine de jeunes licenci\u00e9s\u00a0\u00bb","datePublished":"2021-02-21T08:59:20+00:00","dateModified":"2021-02-23T06:36:18+00:00","mainEntityOfPage":{"@id":"https:\/\/newsestlyonnais.fr\/site\/2021\/02\/21\/olympique-de-rillieux-foot-nous-avons-perdu-une-cinquantaine-de-jeunes-licencies\/"},"wordCount":753,"commentCount":0,"publisher":{"@id":"https:\/\/newsestlyonnais.fr\/site\/#organization"},"image":{"@id":"https:\/\/newsestlyonnais.fr\/site\/2021\/02\/21\/olympique-de-rillieux-foot-nous-avons-perdu-une-cinquantaine-de-jeunes-licencies\/#primaryimage"},"thumbnailUrl":"https:\/\/newsestlyonnais.fr\/site\/wp-content\/uploads\/2021\/02\/1-OR-lieu-de-vie.jpg","keywords":["FOOT","Olympique de Rillieux","RILLIEUX"],"articleSection":["1 jour, 1 association","Foot | Futsal","Foot | Rugby","Rillieux-la-Pape"],"inLanguage":"fr-FR","potentialAction":[{"@type":"CommentAction","name":"Comment","target":["https:\/\/newsestlyonnais.fr\/site\/2021\/02\/21\/olympique-de-rillieux-foot-nous-avons-perdu-une-cinquantaine-de-jeunes-licencies\/#respond"]}]},{"@type":"WebPage","@id":"https:\/\/newsestlyonnais.fr\/site\/2021\/02\/21\/olympique-de-rillieux-foot-nous-avons-perdu-une-cinquantaine-de-jeunes-licencies\/","url":"https:\/\/newsestlyonnais.fr\/site\/2021\/02\/21\/olympique-de-rillieux-foot-nous-avons-perdu-une-cinquantaine-de-jeunes-licencies\/","name":"Olympique de Rillieux Foot | \"nous avons perdu une cinquantaine de jeunes licenci\u00e9s\" - News Est Lyonnais","isPartOf":{"@id":"https:\/\/newsestlyonnais.fr\/site\/#website"},"primaryImageOfPage":{"@id":"https:\/\/newsestlyonnais.fr\/site\/2021\/02\/21\/olympique-de-rillieux-foot-nous-avons-perdu-une-cinquantaine-de-jeunes-licencies\/#primaryimage"},"image":{"@id":"https:\/\/newsestlyonnais.fr\/site\/2021\/02\/21\/olympique-de-rillieux-foot-nous-avons-perdu-une-cinquantaine-de-jeunes-licencies\/#primaryimage"},"thumbnailUrl":"https:\/\/newsestlyonnais.fr\/site\/wp-content\/uploads\/2021\/02\/1-OR-lieu-de-vie.jpg","datePublished":"2021-02-21T08:59:20+00:00","dateModified":"2021-02-23T06:36:18+00:00","description":"Olympique de Rillieux Foot | \"nous avons perdu une cinquantaine de jeunes licenci\u00e9s\"","breadcrumb":{"@id":"https:\/\/newsestlyonnais.fr\/site\/2021\/02\/21\/olympique-de-rillieux-foot-nous-avons-perdu-une-cinquantaine-de-jeunes-licencies\/#breadcrumb"},"inLanguage":"fr-FR","potentialAction":[{"@type":"ReadAction","target":["https:\/\/newsestlyonnais.fr\/site\/2021\/02\/21\/olympique-de-rillieux-foot-nous-avons-perdu-une-cinquantaine-de-jeunes-licencies\/"]}]},{"@type":"ImageObject","inLanguage":"fr-FR","@id":"https:\/\/newsestlyonnais.fr\/site\/2021\/02\/21\/olympique-de-rillieux-foot-nous-avons-perdu-une-cinquantaine-de-jeunes-licencies\/#primaryimage","url":"https:\/\/newsestlyonnais.fr\/site\/wp-content\/uploads\/2021\/02\/1-OR-lieu-de-vie.jpg","contentUrl":"https:\/\/newsestlyonnais.fr\/site\/wp-content\/uploads\/2021\/02\/1-OR-lieu-de-vie.jpg","width":960,"height":720},{"@type":"BreadcrumbList","@id":"https:\/\/newsestlyonnais.fr\/site\/2021\/02\/21\/olympique-de-rillieux-foot-nous-avons-perdu-une-cinquantaine-de-jeunes-licencies\/#breadcrumb","itemListElement":[{"@type":"ListItem","position":1,"name":"Accueil","item":"https:\/\/newsestlyonnais.fr\/site\/"},{"@type":"ListItem","position":2,"name":"Olympique de Rillieux Foot | \u00ab\u00a0nous avons perdu une cinquantaine de jeunes licenci\u00e9s\u00a0\u00bb"}]},{"@type":"WebSite","@id":"https:\/\/newsestlyonnais.fr\/site\/#website","url":"https:\/\/newsestlyonnais.fr\/site\/","name":"News Est Lyonnais","description":"L&#039;actualit\u00e9 au plus pr\u00e8s","publisher":{"@id":"https:\/\/newsestlyonnais.fr\/site\/#organization"},"potentialAction":[{"@type":"SearchAction","target":{"@type":"EntryPoint","urlTemplate":"https:\/\/newsestlyonnais.fr\/site\/?s={search_term_string}"},"query-input":{"@type":"PropertyValueSpecification","valueRequired":true,"valueName":"search_term_string"}}],"inLanguage":"fr-FR"},{"@type":"Organization","@id":"https:\/\/newsestlyonnais.fr\/site\/#organization","name":"News EST LYONNAIS","url":"https:\/\/newsestlyonnais.fr\/site\/","logo":{"@type":"ImageObject","inLanguage":"fr-FR","@id":"https:\/\/newsestlyonnais.fr\/site\/#\/schema\/logo\/image\/","url":"","contentUrl":"","caption":"News EST LYONNAIS"},"image":{"@id":"https:\/\/newsestlyonnais.fr\/site\/#\/schema\/logo\/image\/"}},{"@type":"Person","@id":"https:\/\/newsestlyonnais.fr\/site\/#\/schema\/person\/3230d5615f390bb808365d673001e887","name":"R\u00e9dac. NEWS","sameAs":["http:\/\/www.newsestlyonnais.fr","https:\/\/www.facebook.com\/pascal.oberson.1?fref=ts","https:\/\/fr.linkedin.com\/in\/pascal-oberson-b17045113"],"url":"https:\/\/newsestlyonnais.fr\/site\/author\/nel\/"}]}},"_links":{"self":[{"href":"https:\/\/newsestlyonnais.fr\/site\/wp-json\/wp\/v2\/posts\/125342","targetHints":{"allow":["GET"]}}],"collection":[{"href":"https:\/\/newsestlyonnais.fr\/site\/wp-json\/wp\/v2\/posts"}],"about":[{"href":"https:\/\/newsestlyonnais.fr\/site\/wp-json\/wp\/v2\/types\/post"}],"author":[{"embeddable":true,"href":"https:\/\/newsestlyonnais.fr\/site\/wp-json\/wp\/v2\/users\/4"}],"replies":[{"embeddable":true,"href":"https:\/\/newsestlyonnais.fr\/site\/wp-json\/wp\/v2\/comments?post=125342"}],"version-history":[{"count":0,"href":"https:\/\/newsestlyonnais.fr\/site\/wp-json\/wp\/v2\/posts\/125342\/revisions"}],"wp:featuredmedia":[{"embeddable":true,"href":"https:\/\/newsestlyonnais.fr\/site\/wp-json\/wp\/v2\/media\/125375"}],"wp:attachment":[{"href":"https:\/\/newsestlyonnais.fr\/site\/wp-json\/wp\/v2\/media?parent=125342"}],"wp:term":[{"taxonomy":"category","embeddable":true,"href":"https:\/\/newsestlyonnais.fr\/site\/wp-json\/wp\/v2\/categories?post=125342"},{"taxonomy":"post_tag","embeddable":true,"href":"https:\/\/newsestlyonnais.fr\/site\/wp-json\/wp\/v2\/tags?post=125342"}],"curies":[{"name":"wp","href":"https:\/\/api.w.org\/{rel}","templated":true}]}}