{"id":125452,"date":"2021-02-22T14:17:00","date_gmt":"2021-02-22T13:17:00","guid":{"rendered":"http:\/\/newsestlyonnais.fr\/site\/?p=125452"},"modified":"2021-03-07T09:51:43","modified_gmt":"2021-03-07T08:51:43","slug":"venissieux-festival-essentielles-2021","status":"publish","type":"post","link":"https:\/\/newsestlyonnais.fr\/site\/2021\/02\/22\/venissieux-festival-essentielles-2021\/","title":{"rendered":"VENISSIEUX | FESTIVAL Essenti'[elles] 2021 >>>>>>>>>> (du 4 au 6 mars)"},"content":{"rendered":"<p>Pour sa 9\u00b0 \u00e9dition, retrouvez le festival Essenti\u2019[elles] en format num\u00e9rique. <strong>Du 4 au 6 mars 2021, des podcasts et vid\u00e9os, des interventions d&rsquo;artistes, des ressources et un court m\u00e9trage<\/strong> sont pr\u00e9sent\u00e9s sur le site et les r\u00e9seaux sociaux de la Ville de V\u00e9nissieux. Des rendez-vous pour lutter ensemble contre le sexisme au quotidien.<\/p>\n<p><strong>Depuis 2012, \u00e0 l\u2019occasion du 8 mars, le festival Essenti\u2019[elles] ouvre un espace de r\u00e9flexion et de sensibilisation sur les droits des femmes<\/strong>. Il est aussi l\u2019occasion de mettre en lumi\u00e8re les femmes, leurs actions, leurs parcours, talents et engagements, l\u00e0 o\u00f9 elles manquent encore aujourd\u2019hui de visibilit\u00e9.<\/p>\n<p>Chaque ann\u00e9e, le festival r\u00e9unit pour sa programmation l\u2019ensemble des \u00e9quipements culturels municipaux, les structures jeunesse, le Centre communal d\u2019Action Sociale (CCAS), ou encore la Maison des Associations \/ Centre Associatif Boris Vian, qui se mobilisent pour proposer une programmation nouvelle aux V\u00e9nissianes et aux V\u00e9nissians.<\/p>\n<p>L\u2019un des axes forts est de promouvoir l\u2019\u00e9galit\u00e9 entre les femmes et les hommes, d\u00e8s le plus jeune \u00e2ge. Des temps p\u00e9dagogiques en direction des jeunes dans le cadre des \u00e9quipements polyvalents jeunes (EPJ) permettent de les impliquer en amont dans la pr\u00e9paration d\u2019actions, ensuite valoris\u00e9es dans le cadre du festival. \u00c0 l&rsquo;image de l&rsquo;affiche du festival, r\u00e9fl\u00e9chie et imagin\u00e9e par un groupe de jeunes de l&rsquo;EPJ Pyramide, sous la direction de Abdelhak AADDI, intervenant-graphiste.<\/p>\n<hr \/>\n<p><em><strong><span style=\"font-size: 14pt;\">LE PROGRAMME DE L&rsquo;\u00c9DITION 2021<\/span><\/strong><\/em><\/p>\n<ul>\n<li><span style=\"text-decoration: underline;\"><strong>Jeudi 4 mars : <\/strong><\/span>\u25ba <em><strong>Films de poches<\/strong><\/em><br \/>\nSix portraits de figures f\u00e9minines issues de notre Matrimoine, r\u00e9alis\u00e9s par des jeunes des \u00e9quipements polyvalents jeunes.<br \/>\n\u25ba Court m\u00e9trage Mad de Sophie Tavert, ou l&rsquo;histoire de Madeleine, journaliste de guerre pi\u00e9g\u00e9e en plein conflit arm\u00e9.<br \/>\nChoisi par les jeunes de l\u2019EPJ Parilly \u00e0 partir d\u2019une s\u00e9lection de films propos\u00e9e par le Cin\u00e9ma G\u00e9rard Philipe. En partenariat avec le dispositif M\u00e8che Courte.<\/li>\n<li><span style=\"text-decoration: underline;\"><strong>Vendredi 5 mars : <\/strong><\/span>\u25ba <em><strong>Table ronde \u00ab Les femmes, moins capables que les hommes ?! \u00bb<\/strong><\/em><br \/>\nLe sexisme ordinaire est partout, mais comment se manifeste-t-il, notamment dans le monde professionnel ? Quelles sont les actions mises en place pour lutter contre lui au quotidien ? Une initiative organis\u00e9e par la Maison des Associations &#8211; Centre Associatif Boris Vian et le Centre communal d\u2019Action Sociale ; anim\u00e9e par Marie-Christine Chambard, Pr\u00e9sidente de Femmes Contre les Int\u00e9grismes et avec Marion Ghibaudo, de l\u2019association Filactions.<br \/>\n\u25ba Pr\u00e9sentation du jeu \u00ab L\u2019Art &amp; Ma Carri\u00e8re \u00bb<br \/>\nL\u2019artiste Olivia Herna\u00efz vous invite \u00e0 d\u00e9couvrir un jeu de soci\u00e9t\u00e9 qui aborde la question de la place des femmes dans l\u2019univers de l\u2019art. Avec le Centre d&rsquo;art Madeleine-Lambert.<\/li>\n<li><strong><span style=\"text-decoration: underline;\">Samedi 6 mars<\/span><\/strong> : \u25ba <em><strong>Podcasts \u00ab Si\/si, les femmes existent, m\u00e9moire po\u00e9tique \u00bb et ressources num\u00e9riques<\/strong><\/em><br \/>\nSi, si, les femmes m\u00e9ritant de figurer dans nos m\u00e9moires existent, elles sont nombreuses, mais nous ne les connaissons pas. Une s\u00e9rie de portraits de femmes remarquables oubli\u00e9es de nos livres d\u2019histoire et de nos manuels scolaires. Avec la M\u00e9diath\u00e8que Lucie Aubrac et les biblioth\u00e8ques de quartier.<\/li>\n<\/ul>\n<hr \/>\n<h2><em><span style=\"color: #0000ff;\"><a style=\"color: #0000ff;\" href=\"https:\/\/fb.me\/e\/d5hcl4eOo\" target=\"_blank\" rel=\"noopener\"><b><span style=\"font-size: 12pt;\">Participez \u00e0 l&rsquo;\u00e9v\u00e9nement Facebook de la Ville pour ne rien rater !<\/span><\/b><\/a><\/span><\/em><\/h2>\n","protected":false},"excerpt":{"rendered":"<p>Une \u00e9dition num\u00e9rique pour lutter contre le sexisme au quotidien.<\/p>\n","protected":false},"author":4,"featured_media":125454,"comment_status":"open","ping_status":"open","sticky":false,"template":"","format":"standard","meta":{"footnotes":""},"categories":[221,3421,1298],"tags":[2123,3607,2067],"class_list":["post-125452","post","type-post","status-publish","format-standard","has-post-thumbnail","hentry","category-cine-radio-theatre","category-feminin-actu-au","category-venissieux","tag-festival","tag-festival-essentielles","tag-venissieux"],"yoast_head":"<!-- This site is optimized with the Yoast SEO plugin v27.2 - https:\/\/yoast.com\/product\/yoast-seo-wordpress\/ -->\n<title>VENISSIEUX | FESTIVAL Essenti&#039;[elles] 2021 &gt;&gt;&gt;&gt;&gt;&gt;&gt;&gt;&gt;&gt; (du 4 au 6 mars) - News Est Lyonnais<\/title>\n<meta name=\"description\" content=\"VENISSIEUX | Festival Essenti&#039;[elles] 2021\" \/>\n<meta name=\"robots\" content=\"index, follow, max-snippet:-1, max-image-preview:large, max-video-preview:-1\" \/>\n<link rel=\"canonical\" href=\"https:\/\/newsestlyonnais.fr\/site\/2021\/02\/22\/venissieux-festival-essentielles-2021\/\" \/>\n<meta property=\"og:locale\" content=\"fr_FR\" \/>\n<meta property=\"og:type\" content=\"article\" \/>\n<meta property=\"og:title\" content=\"VENISSIEUX | FESTIVAL Essenti&#039;[elles] 2021 &gt;&gt;&gt;&gt;&gt;&gt;&gt;&gt;&gt;&gt; (du 4 au 6 mars) - News Est Lyonnais\" \/>\n<meta property=\"og:description\" content=\"VENISSIEUX | Festival Essenti&#039;[elles] 2021\" \/>\n<meta property=\"og:url\" content=\"https:\/\/newsestlyonnais.fr\/site\/2021\/02\/22\/venissieux-festival-essentielles-2021\/\" \/>\n<meta property=\"og:site_name\" content=\"News Est Lyonnais\" \/>\n<meta property=\"article:author\" content=\"https:\/\/www.facebook.com\/pascal.oberson.1?fref=ts\" \/>\n<meta property=\"article:published_time\" content=\"2021-02-22T13:17:00+00:00\" \/>\n<meta property=\"article:modified_time\" content=\"2021-03-07T08:51:43+00:00\" \/>\n<meta property=\"og:image\" content=\"https:\/\/i2.wp.com\/newsestlyonnais.fr\/site\/wp-content\/uploads\/2021\/02\/Festival-Essenti-elles-2021-.jpg?fit=642%2C458&ssl=1\" \/>\n\t<meta property=\"og:image:width\" content=\"642\" \/>\n\t<meta property=\"og:image:height\" content=\"458\" \/>\n\t<meta property=\"og:image:type\" content=\"image\/jpeg\" \/>\n<meta name=\"author\" content=\"R\u00e9dac. NEWS\" \/>\n<meta name=\"twitter:card\" content=\"summary_large_image\" \/>\n<meta name=\"twitter:label1\" content=\"\u00c9crit par\" \/>\n\t<meta name=\"twitter:data1\" content=\"R\u00e9dac. NEWS\" \/>\n\t<meta name=\"twitter:label2\" content=\"Dur\u00e9e de lecture estim\u00e9e\" \/>\n\t<meta name=\"twitter:data2\" content=\"3 minutes\" \/>\n<script type=\"application\/ld+json\" class=\"yoast-schema-graph\">{\"@context\":\"https:\/\/schema.org\",\"@graph\":[{\"@type\":\"Article\",\"@id\":\"https:\/\/newsestlyonnais.fr\/site\/2021\/02\/22\/venissieux-festival-essentielles-2021\/#article\",\"isPartOf\":{\"@id\":\"https:\/\/newsestlyonnais.fr\/site\/2021\/02\/22\/venissieux-festival-essentielles-2021\/\"},\"author\":{\"name\":\"R\u00e9dac. NEWS\",\"@id\":\"https:\/\/newsestlyonnais.fr\/site\/#\/schema\/person\/3230d5615f390bb808365d673001e887\"},\"headline\":\"VENISSIEUX | FESTIVAL Essenti'[elles] 2021 >>>>>>>>>> (du 4 au 6 mars)\",\"datePublished\":\"2021-02-22T13:17:00+00:00\",\"dateModified\":\"2021-03-07T08:51:43+00:00\",\"mainEntityOfPage\":{\"@id\":\"https:\/\/newsestlyonnais.fr\/site\/2021\/02\/22\/venissieux-festival-essentielles-2021\/\"},\"wordCount\":547,\"commentCount\":0,\"publisher\":{\"@id\":\"https:\/\/newsestlyonnais.fr\/site\/#organization\"},\"image\":{\"@id\":\"https:\/\/newsestlyonnais.fr\/site\/2021\/02\/22\/venissieux-festival-essentielles-2021\/#primaryimage\"},\"thumbnailUrl\":\"https:\/\/newsestlyonnais.fr\/site\/wp-content\/uploads\/2021\/02\/Festival-Essenti-elles-2021-.jpg\",\"keywords\":[\"FESTIVAL\",\"Festival Essenti'[elles]\",\"VENISSIEUX\"],\"articleSection\":[\"Cin\u00e9 | Radio | Th\u00e9\u00e2tre\",\"F\u00e9minin (Actu au)\",\"V\u00e9nissieux\"],\"inLanguage\":\"fr-FR\",\"potentialAction\":[{\"@type\":\"CommentAction\",\"name\":\"Comment\",\"target\":[\"https:\/\/newsestlyonnais.fr\/site\/2021\/02\/22\/venissieux-festival-essentielles-2021\/#respond\"]}]},{\"@type\":\"WebPage\",\"@id\":\"https:\/\/newsestlyonnais.fr\/site\/2021\/02\/22\/venissieux-festival-essentielles-2021\/\",\"url\":\"https:\/\/newsestlyonnais.fr\/site\/2021\/02\/22\/venissieux-festival-essentielles-2021\/\",\"name\":\"VENISSIEUX | FESTIVAL Essenti'[elles] 2021 >>>>>>>>>> (du 4 au 6 mars) - News Est Lyonnais\",\"isPartOf\":{\"@id\":\"https:\/\/newsestlyonnais.fr\/site\/#website\"},\"primaryImageOfPage\":{\"@id\":\"https:\/\/newsestlyonnais.fr\/site\/2021\/02\/22\/venissieux-festival-essentielles-2021\/#primaryimage\"},\"image\":{\"@id\":\"https:\/\/newsestlyonnais.fr\/site\/2021\/02\/22\/venissieux-festival-essentielles-2021\/#primaryimage\"},\"thumbnailUrl\":\"https:\/\/newsestlyonnais.fr\/site\/wp-content\/uploads\/2021\/02\/Festival-Essenti-elles-2021-.jpg\",\"datePublished\":\"2021-02-22T13:17:00+00:00\",\"dateModified\":\"2021-03-07T08:51:43+00:00\",\"description\":\"VENISSIEUX | Festival Essenti'[elles] 2021\",\"breadcrumb\":{\"@id\":\"https:\/\/newsestlyonnais.fr\/site\/2021\/02\/22\/venissieux-festival-essentielles-2021\/#breadcrumb\"},\"inLanguage\":\"fr-FR\",\"potentialAction\":[{\"@type\":\"ReadAction\",\"target\":[\"https:\/\/newsestlyonnais.fr\/site\/2021\/02\/22\/venissieux-festival-essentielles-2021\/\"]}]},{\"@type\":\"ImageObject\",\"inLanguage\":\"fr-FR\",\"@id\":\"https:\/\/newsestlyonnais.fr\/site\/2021\/02\/22\/venissieux-festival-essentielles-2021\/#primaryimage\",\"url\":\"https:\/\/newsestlyonnais.fr\/site\/wp-content\/uploads\/2021\/02\/Festival-Essenti-elles-2021-.jpg\",\"contentUrl\":\"https:\/\/newsestlyonnais.fr\/site\/wp-content\/uploads\/2021\/02\/Festival-Essenti-elles-2021-.jpg\",\"width\":642,\"height\":458},{\"@type\":\"BreadcrumbList\",\"@id\":\"https:\/\/newsestlyonnais.fr\/site\/2021\/02\/22\/venissieux-festival-essentielles-2021\/#breadcrumb\",\"itemListElement\":[{\"@type\":\"ListItem\",\"position\":1,\"name\":\"Accueil\",\"item\":\"https:\/\/newsestlyonnais.fr\/site\/\"},{\"@type\":\"ListItem\",\"position\":2,\"name\":\"VENISSIEUX | FESTIVAL Essenti'[elles] 2021 >>>>>>>>>> (du 4 au 6 mars)\"}]},{\"@type\":\"WebSite\",\"@id\":\"https:\/\/newsestlyonnais.fr\/site\/#website\",\"url\":\"https:\/\/newsestlyonnais.fr\/site\/\",\"name\":\"News Est Lyonnais\",\"description\":\"L&#039;actualit\u00e9 au plus pr\u00e8s\",\"publisher\":{\"@id\":\"https:\/\/newsestlyonnais.fr\/site\/#organization\"},\"potentialAction\":[{\"@type\":\"SearchAction\",\"target\":{\"@type\":\"EntryPoint\",\"urlTemplate\":\"https:\/\/newsestlyonnais.fr\/site\/?s={search_term_string}\"},\"query-input\":{\"@type\":\"PropertyValueSpecification\",\"valueRequired\":true,\"valueName\":\"search_term_string\"}}],\"inLanguage\":\"fr-FR\"},{\"@type\":\"Organization\",\"@id\":\"https:\/\/newsestlyonnais.fr\/site\/#organization\",\"name\":\"News EST LYONNAIS\",\"url\":\"https:\/\/newsestlyonnais.fr\/site\/\",\"logo\":{\"@type\":\"ImageObject\",\"inLanguage\":\"fr-FR\",\"@id\":\"https:\/\/newsestlyonnais.fr\/site\/#\/schema\/logo\/image\/\",\"url\":\"\",\"contentUrl\":\"\",\"caption\":\"News EST LYONNAIS\"},\"image\":{\"@id\":\"https:\/\/newsestlyonnais.fr\/site\/#\/schema\/logo\/image\/\"}},{\"@type\":\"Person\",\"@id\":\"https:\/\/newsestlyonnais.fr\/site\/#\/schema\/person\/3230d5615f390bb808365d673001e887\",\"name\":\"R\u00e9dac. NEWS\",\"sameAs\":[\"http:\/\/www.newsestlyonnais.fr\",\"https:\/\/www.facebook.com\/pascal.oberson.1?fref=ts\",\"https:\/\/fr.linkedin.com\/in\/pascal-oberson-b17045113\"],\"url\":\"https:\/\/newsestlyonnais.fr\/site\/author\/nel\/\"}]}<\/script>\n<!-- \/ Yoast SEO plugin. -->","yoast_head_json":{"title":"VENISSIEUX | FESTIVAL Essenti'[elles] 2021 >>>>>>>>>> (du 4 au 6 mars) - News Est Lyonnais","description":"VENISSIEUX | Festival Essenti'[elles] 2021","robots":{"index":"index","follow":"follow","max-snippet":"max-snippet:-1","max-image-preview":"max-image-preview:large","max-video-preview":"max-video-preview:-1"},"canonical":"https:\/\/newsestlyonnais.fr\/site\/2021\/02\/22\/venissieux-festival-essentielles-2021\/","og_locale":"fr_FR","og_type":"article","og_title":"VENISSIEUX | FESTIVAL Essenti'[elles] 2021 >>>>>>>>>> (du 4 au 6 mars) - News Est Lyonnais","og_description":"VENISSIEUX | Festival Essenti'[elles] 2021","og_url":"https:\/\/newsestlyonnais.fr\/site\/2021\/02\/22\/venissieux-festival-essentielles-2021\/","og_site_name":"News Est Lyonnais","article_author":"https:\/\/www.facebook.com\/pascal.oberson.1?fref=ts","article_published_time":"2021-02-22T13:17:00+00:00","article_modified_time":"2021-03-07T08:51:43+00:00","og_image":[{"width":642,"height":458,"url":"https:\/\/i2.wp.com\/newsestlyonnais.fr\/site\/wp-content\/uploads\/2021\/02\/Festival-Essenti-elles-2021-.jpg?fit=642%2C458&ssl=1","type":"image\/jpeg"}],"author":"R\u00e9dac. NEWS","twitter_card":"summary_large_image","twitter_misc":{"\u00c9crit par":"R\u00e9dac. NEWS","Dur\u00e9e de lecture estim\u00e9e":"3 minutes"},"schema":{"@context":"https:\/\/schema.org","@graph":[{"@type":"Article","@id":"https:\/\/newsestlyonnais.fr\/site\/2021\/02\/22\/venissieux-festival-essentielles-2021\/#article","isPartOf":{"@id":"https:\/\/newsestlyonnais.fr\/site\/2021\/02\/22\/venissieux-festival-essentielles-2021\/"},"author":{"name":"R\u00e9dac. NEWS","@id":"https:\/\/newsestlyonnais.fr\/site\/#\/schema\/person\/3230d5615f390bb808365d673001e887"},"headline":"VENISSIEUX | FESTIVAL Essenti'[elles] 2021 >>>>>>>>>> (du 4 au 6 mars)","datePublished":"2021-02-22T13:17:00+00:00","dateModified":"2021-03-07T08:51:43+00:00","mainEntityOfPage":{"@id":"https:\/\/newsestlyonnais.fr\/site\/2021\/02\/22\/venissieux-festival-essentielles-2021\/"},"wordCount":547,"commentCount":0,"publisher":{"@id":"https:\/\/newsestlyonnais.fr\/site\/#organization"},"image":{"@id":"https:\/\/newsestlyonnais.fr\/site\/2021\/02\/22\/venissieux-festival-essentielles-2021\/#primaryimage"},"thumbnailUrl":"https:\/\/newsestlyonnais.fr\/site\/wp-content\/uploads\/2021\/02\/Festival-Essenti-elles-2021-.jpg","keywords":["FESTIVAL","Festival Essenti'[elles]","VENISSIEUX"],"articleSection":["Cin\u00e9 | Radio | Th\u00e9\u00e2tre","F\u00e9minin (Actu au)","V\u00e9nissieux"],"inLanguage":"fr-FR","potentialAction":[{"@type":"CommentAction","name":"Comment","target":["https:\/\/newsestlyonnais.fr\/site\/2021\/02\/22\/venissieux-festival-essentielles-2021\/#respond"]}]},{"@type":"WebPage","@id":"https:\/\/newsestlyonnais.fr\/site\/2021\/02\/22\/venissieux-festival-essentielles-2021\/","url":"https:\/\/newsestlyonnais.fr\/site\/2021\/02\/22\/venissieux-festival-essentielles-2021\/","name":"VENISSIEUX | FESTIVAL Essenti'[elles] 2021 >>>>>>>>>> (du 4 au 6 mars) - News Est Lyonnais","isPartOf":{"@id":"https:\/\/newsestlyonnais.fr\/site\/#website"},"primaryImageOfPage":{"@id":"https:\/\/newsestlyonnais.fr\/site\/2021\/02\/22\/venissieux-festival-essentielles-2021\/#primaryimage"},"image":{"@id":"https:\/\/newsestlyonnais.fr\/site\/2021\/02\/22\/venissieux-festival-essentielles-2021\/#primaryimage"},"thumbnailUrl":"https:\/\/newsestlyonnais.fr\/site\/wp-content\/uploads\/2021\/02\/Festival-Essenti-elles-2021-.jpg","datePublished":"2021-02-22T13:17:00+00:00","dateModified":"2021-03-07T08:51:43+00:00","description":"VENISSIEUX | Festival Essenti'[elles] 2021","breadcrumb":{"@id":"https:\/\/newsestlyonnais.fr\/site\/2021\/02\/22\/venissieux-festival-essentielles-2021\/#breadcrumb"},"inLanguage":"fr-FR","potentialAction":[{"@type":"ReadAction","target":["https:\/\/newsestlyonnais.fr\/site\/2021\/02\/22\/venissieux-festival-essentielles-2021\/"]}]},{"@type":"ImageObject","inLanguage":"fr-FR","@id":"https:\/\/newsestlyonnais.fr\/site\/2021\/02\/22\/venissieux-festival-essentielles-2021\/#primaryimage","url":"https:\/\/newsestlyonnais.fr\/site\/wp-content\/uploads\/2021\/02\/Festival-Essenti-elles-2021-.jpg","contentUrl":"https:\/\/newsestlyonnais.fr\/site\/wp-content\/uploads\/2021\/02\/Festival-Essenti-elles-2021-.jpg","width":642,"height":458},{"@type":"BreadcrumbList","@id":"https:\/\/newsestlyonnais.fr\/site\/2021\/02\/22\/venissieux-festival-essentielles-2021\/#breadcrumb","itemListElement":[{"@type":"ListItem","position":1,"name":"Accueil","item":"https:\/\/newsestlyonnais.fr\/site\/"},{"@type":"ListItem","position":2,"name":"VENISSIEUX | FESTIVAL Essenti'[elles] 2021 >>>>>>>>>> (du 4 au 6 mars)"}]},{"@type":"WebSite","@id":"https:\/\/newsestlyonnais.fr\/site\/#website","url":"https:\/\/newsestlyonnais.fr\/site\/","name":"News Est Lyonnais","description":"L&#039;actualit\u00e9 au plus pr\u00e8s","publisher":{"@id":"https:\/\/newsestlyonnais.fr\/site\/#organization"},"potentialAction":[{"@type":"SearchAction","target":{"@type":"EntryPoint","urlTemplate":"https:\/\/newsestlyonnais.fr\/site\/?s={search_term_string}"},"query-input":{"@type":"PropertyValueSpecification","valueRequired":true,"valueName":"search_term_string"}}],"inLanguage":"fr-FR"},{"@type":"Organization","@id":"https:\/\/newsestlyonnais.fr\/site\/#organization","name":"News EST LYONNAIS","url":"https:\/\/newsestlyonnais.fr\/site\/","logo":{"@type":"ImageObject","inLanguage":"fr-FR","@id":"https:\/\/newsestlyonnais.fr\/site\/#\/schema\/logo\/image\/","url":"","contentUrl":"","caption":"News EST LYONNAIS"},"image":{"@id":"https:\/\/newsestlyonnais.fr\/site\/#\/schema\/logo\/image\/"}},{"@type":"Person","@id":"https:\/\/newsestlyonnais.fr\/site\/#\/schema\/person\/3230d5615f390bb808365d673001e887","name":"R\u00e9dac. NEWS","sameAs":["http:\/\/www.newsestlyonnais.fr","https:\/\/www.facebook.com\/pascal.oberson.1?fref=ts","https:\/\/fr.linkedin.com\/in\/pascal-oberson-b17045113"],"url":"https:\/\/newsestlyonnais.fr\/site\/author\/nel\/"}]}},"_links":{"self":[{"href":"https:\/\/newsestlyonnais.fr\/site\/wp-json\/wp\/v2\/posts\/125452","targetHints":{"allow":["GET"]}}],"collection":[{"href":"https:\/\/newsestlyonnais.fr\/site\/wp-json\/wp\/v2\/posts"}],"about":[{"href":"https:\/\/newsestlyonnais.fr\/site\/wp-json\/wp\/v2\/types\/post"}],"author":[{"embeddable":true,"href":"https:\/\/newsestlyonnais.fr\/site\/wp-json\/wp\/v2\/users\/4"}],"replies":[{"embeddable":true,"href":"https:\/\/newsestlyonnais.fr\/site\/wp-json\/wp\/v2\/comments?post=125452"}],"version-history":[{"count":0,"href":"https:\/\/newsestlyonnais.fr\/site\/wp-json\/wp\/v2\/posts\/125452\/revisions"}],"wp:featuredmedia":[{"embeddable":true,"href":"https:\/\/newsestlyonnais.fr\/site\/wp-json\/wp\/v2\/media\/125454"}],"wp:attachment":[{"href":"https:\/\/newsestlyonnais.fr\/site\/wp-json\/wp\/v2\/media?parent=125452"}],"wp:term":[{"taxonomy":"category","embeddable":true,"href":"https:\/\/newsestlyonnais.fr\/site\/wp-json\/wp\/v2\/categories?post=125452"},{"taxonomy":"post_tag","embeddable":true,"href":"https:\/\/newsestlyonnais.fr\/site\/wp-json\/wp\/v2\/tags?post=125452"}],"curies":[{"name":"wp","href":"https:\/\/api.w.org\/{rel}","templated":true}]}}