{"id":125487,"date":"2021-02-23T07:29:15","date_gmt":"2021-02-23T06:29:15","guid":{"rendered":"http:\/\/newsestlyonnais.fr\/site\/?p=125487"},"modified":"2021-02-24T08:30:42","modified_gmt":"2021-02-24T07:30:42","slug":"astt-lyon-6-nous-avons-perdu-environ-35-de-nos-effectifs","status":"publish","type":"post","link":"https:\/\/newsestlyonnais.fr\/site\/2021\/02\/23\/astt-lyon-6-nous-avons-perdu-environ-35-de-nos-effectifs\/","title":{"rendered":"ASTT LYON 6 | \u00ab\u00a0nous avons perdu environ 35 % de nos effectifs\u00a0\u00bb"},"content":{"rendered":"<p>En ce mardi, c\u2019est <strong>Vincent Azibert, membre du bureau depuis 2017, responsable partenariat et communication, <\/strong>qui r\u00e9pond aux questions de la r\u00e9daction :<\/p>\n<hr \/>\n<ul>\n<li><span style=\"font-size: 14pt;\"><strong><u>Quelle est son activit\u00e9 et effectif actuel<\/u><\/strong><\/span><strong><span style=\"font-size: 14pt;\"> ?<\/span> <\/strong><\/li>\n<\/ul>\n<p class=\"font_8\">\u00bb Club <strong>pr\u00e9sid\u00e9 par Olivier Moynot <\/strong>depuis Juin 2020. <strong>Tennis de Table loisirs et comp\u00e9tition<\/strong>.<br \/>\n&#8211; Effectif : <strong>environ 120 licenci\u00e9s<\/strong> (dont 110 hommes), dont 69 jeunes \u00ab .<\/p>\n<hr \/>\n<ul>\n<li><span style=\"font-size: 14pt;\"><strong><u>Comment s\u2019\u00e9tait pass\u00e9 le 1\u00b0 confinement et aviez vous mis du personnel au ch\u00f4mage<\/u><\/strong><\/span><strong><span style=\"font-size: 14pt;\"> ?<\/span> <\/strong><\/li>\n<\/ul>\n<p>\u00bb Comme toutes les associations sportives ayant une pratique exclusivement Indoor, <strong>le premier confinement a \u00e9t\u00e9 rude<\/strong> puisque l\u2019ensemble des activit\u00e9s se sont arr\u00eat\u00e9es d\u2019un coup, \u00e0 la fois pour les adultes et pour les enfants. <strong>Les entrainements comme les comp\u00e9titions ont \u00e9t\u00e9 suspendus compl\u00e8tement pendant pr\u00e8s de trois mois<\/strong>, avant une reprise tr\u00e8s progressive des s\u00e9ances, uniquement pour les enfants sur un cr\u00e9neau, avec un nombre de joueurs limit\u00e9 et la mise en place d\u2019un protocole strict en ligne avec les directives de la FFTT.<\/p>\n<p>Nous avons un entraineur principal qui est en CDI \u00e0 temps plein, et des entraineurs qui travaillent pour le club quelques heures par semaine. Nous avons appliqu\u00e9 le ch\u00f4mage \u00e0 100 % pour ces derniers et un ch\u00f4mage partiel pour notre entraineur principal puisqu\u2019il a en charge des t\u00e2ches administratives au sein du club. <strong>Le club a choisi de maintenir les salaires \u00e0 100 % en compl\u00e9tant les subventions re\u00e7ues<\/strong>, afin que nos entraineurs ne soient pas trop s\u00e9v\u00e8rement impact\u00e9s par cette crise \u00ab .<\/p>\n<hr \/>\n<ul>\n<li><span style=\"font-size: 14pt;\"><strong><u>Et la reprise des activit\u00e9s \u00e0 la rentr\u00e9e de septembre<\/u><\/strong> <strong>?<\/strong><\/span><\/li>\n<\/ul>\n<p>\u00bb Apr\u00e8s la reprise \u00ab light \u00bb en Juin, nous avons d\u00fb interrompre les activit\u00e9s pour l\u2019\u00e9t\u00e9, car les gymnases municipaux que nous utilisons ne sont plus accessibles (hormis pour un stage de jeunes).<br \/>\nNous avons pu red\u00e9marrer en Septembre, mais l\u00e0 aussi de fa\u00e7on partielle car l\u2019un des gymnases que nous occupons (6 heures par semaine) \u00e9tait en travaux et la r\u00e9ception a \u00e9t\u00e9 d\u00e9cal\u00e9e \u00e0 fin Octobre. Le club a r\u00e9ussi \u00e0 obtenir des cr\u00e9neaux suppl\u00e9mentaires sur les week-ends pour pouvoir offrir aux adh\u00e9rents la possibilit\u00e9 de lancer la saison, mais cela n\u2019a pas \u00e9t\u00e9 pour tr\u00e8s longtemps en raison des mesures successivement mises en place \u00e0 partir du 20 Octobre.<\/p>\n<p><strong>Les comp\u00e9titions ont repris pour une seule journ\u00e9e avant d\u2019\u00eatre suspendues par les instances<\/strong> (FFTT, ligue AURA, comit\u00e9 du Rh\u00f4ne) depuis d\u00e9but Octobre \u00bb.<\/p>\n<ul>\n<li><span style=\"font-size: 14pt;\"><strong><span style=\"text-decoration: underline;\">Avez-vous connu depuis une baisse de vos effectifs<\/span> ?<\/strong><\/span><\/li>\n<\/ul>\n<p>\u00bb Clairement oui. <strong>Le renouvellement des licences a \u00e9t\u00e9 nettement plus faible que les ann\u00e9es pr\u00e9c\u00e9dentes<\/strong>, et nous avons enregistr\u00e9 un nombre limit\u00e9 de nouvelles adh\u00e9sions.<\/p>\n<p>Les incertitudes planant sur la pratique ont incit\u00e9 de nombreux adh\u00e9rents et parents \u00e0 attendre avant de s\u2019inscrire pour cette saison. Alors que <strong>le club \u00e9tait en croissance constante depuis sa cr\u00e9ation en 2009, nous avons perdu environ 35 % de nos effectifs<\/strong> cette saison, ce qui semble \u00eatre assez classique pour des clubs tels que le n\u00f4tre.<\/p>\n<p><strong>L\u2019objectif est de pouvoir rebondir d\u00e8s que les conditions le permettront<\/strong> \u00ab .<\/p>\n<ul>\n<li><span style=\"font-size: 14pt;\"><strong><span style=\"text-decoration: underline;\">Avez-vous \u00e9t\u00e9 contraints d\u2019annuler des \u00e9v\u00e8nements<\/span> ?<\/strong><\/span><\/li>\n<\/ul>\n<p>\u00bb Les comp\u00e9titions auxquelles participent nos adh\u00e9rents (adultes et jeunes) ont toutes \u00e9t\u00e9 suspendues d\u00e9but Octobre (seuls les divisions Pro ont continu\u00e9, comme dans de nombreux sports). Nous avions pr\u00e9vu quelques \u00e9v\u00e9nements festifs cette saison (repas du club, f\u00eate du ping) qui ont tous \u00e9t\u00e9 annul\u00e9s \u00ab .<\/p>\n<hr \/>\n<ul>\n<li><strong><span style=\"font-size: 14pt;\"><span style=\"text-decoration: underline;\">Comment se d\u00e9roule ce 2\u00b0 confinement<\/span> ?<\/span><\/strong><\/li>\n<\/ul>\n<p>\u00bb C\u2019est difficile car il y a eu des allers-retours dans les mesures, et alors que <strong>nous avions de bons espoirs de relance apr\u00e8s la lev\u00e9e du 2\u00b0 confinement<\/strong>, le couvre-feu \u00e0 18 h et l\u2019arr\u00eat des activit\u00e9s sportives indoor pour les jeunes a de nouveau mis un coup d\u2019arr\u00eat brutal \u00e0 nos activit\u00e9s qui sont de nouveau totalement suspendues depuis mi-d\u00e9cembre.<\/p>\n<p><strong>Nous essayons de garder le lien avec les adh\u00e9rents<\/strong> (newsletter, facebook, site web), mais c\u2019est difficile de ne pas se d\u00e9courager. <strong>Heureusement nos b\u00e9n\u00e9voles tiennent bon<\/strong>, et nous allons essayer de relancer une activit\u00e9 en ext\u00e9rieur pour les enfants apr\u00e8s les vacances d\u2019hiver \u00ab .<\/p>\n<ul>\n<li><strong><span style=\"font-size: 14pt;\"><span style=\"text-decoration: underline;\">Cons\u00e9quences financi\u00e8res ou autres<\/span> ?<\/span> <\/strong><\/li>\n<\/ul>\n<p>\u00bb <strong>Nous n\u2019avons pas encore chiffr\u00e9 pr\u00e9cis\u00e9ment les cons\u00e9quences financi\u00e8res<\/strong>, mais <strong>le plus gros impact vient ind\u00e9niablement de la baisse des effectifs<\/strong> car les cotisations sont la source principale de revenu. Nous attendons des informations sur les mesures d\u2019accompagnement pour chiffrer pr\u00e9cis\u00e9ment la situation, et pouvoir proposer \u00e0 nos adh\u00e9rents des options permettant de compenser l\u2019impossibilit\u00e9 de pratiquer pendant quasiment toute l\u2019ann\u00e9e (surtout les adultes).<br \/>\n<strong>L\u2019impact le plus critique sera notre capacit\u00e9 \u00e0 retrouver un effectif plus complet<\/strong> \u00e0 la rentr\u00e9e 2021\/2022 en esp\u00e9rant que la situation sera bien plus favorable d\u2019ici l\u00e0.<\/p>\n<p><strong>Au niveau sportif, tous les clubs sont log\u00e9s \u00e0 la m\u00eame enseigne<\/strong>. Le risque est de voir des enfants que l\u2019on esp\u00e9rait voir progresser et venir d\u00e9fendre les couleurs s\u2019orienter vers d\u2019autres activit\u00e9s, en particulier des activit\u00e9s pratiqu\u00e9es en ext\u00e9rieur\u2026 \u00ab .<\/p>\n<hr \/>\n<ul>\n<li><span style=\"text-decoration: underline; font-size: 14pt;\"><strong>Et pour conclure<\/strong> <\/span><strong><span style=\"font-size: 14pt;\">?<\/span><br \/>\n<\/strong><\/li>\n<\/ul>\n<p>\u00bb C\u2019est une p\u00e9riode compliqu\u00e9e, et <strong>nous partageons la frustration de nos adh\u00e9rents de ne pas pouvoir jouer sur une p\u00e9riode aussi longue<\/strong>. Il faut faire le dos rond, ne pas se d\u00e9courager et tout mettre en \u0153uvre pour exploiter les moments o\u00f9 la pratique est possible, en attendant de retrouver un fonctionnement normal le plus t\u00f4t possible.<\/p>\n<p><strong>Et nous remercions nos adh\u00e9rents qui font preuve d\u2019une grande patience et d\u2019une grande compr\u00e9hension en ces temps si particuliers<\/strong>\u2026 ! \u00ab.<\/p>\n<hr \/>\n<p><img loading=\"lazy\" decoding=\"async\" class=\"aligncenter size-large wp-image-125491\" src=\"https:\/\/newsestlyonnais.fr\/site\/wp-content\/uploads\/2021\/02\/cropped-Banniere-lion-2020-650x85.png\" alt=\"\" width=\"650\" height=\"85\" srcset=\"https:\/\/newsestlyonnais.fr\/site\/wp-content\/uploads\/2021\/02\/cropped-Banniere-lion-2020-650x85.png 650w, https:\/\/newsestlyonnais.fr\/site\/wp-content\/uploads\/2021\/02\/cropped-Banniere-lion-2020-400x53.png 400w, https:\/\/newsestlyonnais.fr\/site\/wp-content\/uploads\/2021\/02\/cropped-Banniere-lion-2020-250x33.png 250w, https:\/\/newsestlyonnais.fr\/site\/wp-content\/uploads\/2021\/02\/cropped-Banniere-lion-2020-768x101.png 768w, https:\/\/newsestlyonnais.fr\/site\/wp-content\/uploads\/2021\/02\/cropped-Banniere-lion-2020-150x20.png 150w, https:\/\/newsestlyonnais.fr\/site\/wp-content\/uploads\/2021\/02\/cropped-Banniere-lion-2020-50x7.png 50w, https:\/\/newsestlyonnais.fr\/site\/wp-content\/uploads\/2021\/02\/cropped-Banniere-lion-2020-100x13.png 100w, https:\/\/newsestlyonnais.fr\/site\/wp-content\/uploads\/2021\/02\/cropped-Banniere-lion-2020-200x26.png 200w, https:\/\/newsestlyonnais.fr\/site\/wp-content\/uploads\/2021\/02\/cropped-Banniere-lion-2020-300x39.png 300w, https:\/\/newsestlyonnais.fr\/site\/wp-content\/uploads\/2021\/02\/cropped-Banniere-lion-2020-350x46.png 350w, https:\/\/newsestlyonnais.fr\/site\/wp-content\/uploads\/2021\/02\/cropped-Banniere-lion-2020-450x59.png 450w, https:\/\/newsestlyonnais.fr\/site\/wp-content\/uploads\/2021\/02\/cropped-Banniere-lion-2020-500x66.png 500w, https:\/\/newsestlyonnais.fr\/site\/wp-content\/uploads\/2021\/02\/cropped-Banniere-lion-2020-550x72.png 550w, https:\/\/newsestlyonnais.fr\/site\/wp-content\/uploads\/2021\/02\/cropped-Banniere-lion-2020-800x105.png 800w, https:\/\/newsestlyonnais.fr\/site\/wp-content\/uploads\/2021\/02\/cropped-Banniere-lion-2020-1200x158.png 1200w, https:\/\/newsestlyonnais.fr\/site\/wp-content\/uploads\/2021\/02\/cropped-Banniere-lion-2020-1320x174.png 1320w, https:\/\/newsestlyonnais.fr\/site\/wp-content\/uploads\/2021\/02\/cropped-Banniere-lion-2020.png 1399w\" sizes=\"auto, (max-width: 650px) 100vw, 650px\" \/><\/p>\n<ul>\n<li><em><strong>ASTT Lyon 6 \/ chez Olivier Moynot, 38 Boulevard des Brotteaux \/ Lyon 6\u00a0<\/strong> <\/em><\/li>\n<li><strong><em>A retrouver sur<\/em> :<\/strong> <span style=\"color: #0000ff;\"><a style=\"color: #0000ff;\" href=\"http:\/\/www.asttlyon6.com\">http:\/\/www.asttlyon6.com<\/a><\/span><\/li>\n<li><strong>sur <\/strong>: <span style=\"color: #0000ff;\"><a style=\"color: #0000ff;\" href=\"https:\/\/www.facebook.com\/ASTTLyon6\">https:\/\/www.facebook.com\/ASTTLyon6<\/a><\/span><\/li>\n<li><strong>sur<\/strong> :<span style=\"color: #0000ff;\"> <a style=\"color: #0000ff;\" href=\"https:\/\/twitter.com\/asttlyon6\">https:\/\/twitter.com\/asttlyon6<\/a><\/span><\/li>\n<\/ul>\n<hr \/>\n<div id='gallery-1' class='gallery galleryid-125487 gallery-columns-2 gallery-size-thumbnail'><figure class='gallery-item'>\n\t\t\t<div class='gallery-icon portrait'>\n\t\t\t\t<a href='https:\/\/newsestlyonnais.fr\/site\/2021\/02\/23\/astt-lyon-6-nous-avons-perdu-environ-35-de-nos-effectifs\/astt-lyon-6-enfants\/'><img loading=\"lazy\" decoding=\"async\" width=\"69\" height=\"150\" src=\"https:\/\/newsestlyonnais.fr\/site\/wp-content\/uploads\/2021\/02\/ASTT-Lyon-6-enfants-250x540.jpg\" class=\"attachment-thumbnail size-thumbnail\" alt=\"\" srcset=\"https:\/\/newsestlyonnais.fr\/site\/wp-content\/uploads\/2021\/02\/ASTT-Lyon-6-enfants-250x540.jpg 250w, https:\/\/newsestlyonnais.fr\/site\/wp-content\/uploads\/2021\/02\/ASTT-Lyon-6-enfants-400x863.jpg 400w, https:\/\/newsestlyonnais.fr\/site\/wp-content\/uploads\/2021\/02\/ASTT-Lyon-6-enfants-150x324.jpg 150w, https:\/\/newsestlyonnais.fr\/site\/wp-content\/uploads\/2021\/02\/ASTT-Lyon-6-enfants-50x108.jpg 50w, https:\/\/newsestlyonnais.fr\/site\/wp-content\/uploads\/2021\/02\/ASTT-Lyon-6-enfants-100x216.jpg 100w, https:\/\/newsestlyonnais.fr\/site\/wp-content\/uploads\/2021\/02\/ASTT-Lyon-6-enfants-200x432.jpg 200w, https:\/\/newsestlyonnais.fr\/site\/wp-content\/uploads\/2021\/02\/ASTT-Lyon-6-enfants-300x647.jpg 300w, https:\/\/newsestlyonnais.fr\/site\/wp-content\/uploads\/2021\/02\/ASTT-Lyon-6-enfants-350x755.jpg 350w, https:\/\/newsestlyonnais.fr\/site\/wp-content\/uploads\/2021\/02\/ASTT-Lyon-6-enfants-450x971.jpg 450w, https:\/\/newsestlyonnais.fr\/site\/wp-content\/uploads\/2021\/02\/ASTT-Lyon-6-enfants-500x1079.jpg 500w, https:\/\/newsestlyonnais.fr\/site\/wp-content\/uploads\/2021\/02\/ASTT-Lyon-6-enfants-550x1187.jpg 550w, https:\/\/newsestlyonnais.fr\/site\/wp-content\/uploads\/2021\/02\/ASTT-Lyon-6-enfants.jpg 556w\" sizes=\"auto, (max-width: 69px) 100vw, 69px\" \/><\/a>\n\t\t\t<\/div><\/figure><figure class='gallery-item'>\n\t\t\t<div class='gallery-icon landscape'>\n\t\t\t\t<a href='https:\/\/newsestlyonnais.fr\/site\/2021\/02\/23\/astt-lyon-6-nous-avons-perdu-environ-35-de-nos-effectifs\/astt-lyon-6-match\/'><img loading=\"lazy\" decoding=\"async\" width=\"150\" height=\"113\" src=\"https:\/\/newsestlyonnais.fr\/site\/wp-content\/uploads\/2021\/02\/ASTT-Lyon-6-match-250x188.jpg\" class=\"attachment-thumbnail size-thumbnail\" alt=\"\" srcset=\"https:\/\/newsestlyonnais.fr\/site\/wp-content\/uploads\/2021\/02\/ASTT-Lyon-6-match-250x188.jpg 250w, https:\/\/newsestlyonnais.fr\/site\/wp-content\/uploads\/2021\/02\/ASTT-Lyon-6-match-400x300.jpg 400w, https:\/\/newsestlyonnais.fr\/site\/wp-content\/uploads\/2021\/02\/ASTT-Lyon-6-match-650x488.jpg 650w, https:\/\/newsestlyonnais.fr\/site\/wp-content\/uploads\/2021\/02\/ASTT-Lyon-6-match-768x576.jpg 768w, https:\/\/newsestlyonnais.fr\/site\/wp-content\/uploads\/2021\/02\/ASTT-Lyon-6-match-150x113.jpg 150w, https:\/\/newsestlyonnais.fr\/site\/wp-content\/uploads\/2021\/02\/ASTT-Lyon-6-match-50x38.jpg 50w, https:\/\/newsestlyonnais.fr\/site\/wp-content\/uploads\/2021\/02\/ASTT-Lyon-6-match-100x75.jpg 100w, https:\/\/newsestlyonnais.fr\/site\/wp-content\/uploads\/2021\/02\/ASTT-Lyon-6-match-200x150.jpg 200w, https:\/\/newsestlyonnais.fr\/site\/wp-content\/uploads\/2021\/02\/ASTT-Lyon-6-match-300x225.jpg 300w, https:\/\/newsestlyonnais.fr\/site\/wp-content\/uploads\/2021\/02\/ASTT-Lyon-6-match-350x263.jpg 350w, https:\/\/newsestlyonnais.fr\/site\/wp-content\/uploads\/2021\/02\/ASTT-Lyon-6-match-450x338.jpg 450w, https:\/\/newsestlyonnais.fr\/site\/wp-content\/uploads\/2021\/02\/ASTT-Lyon-6-match-500x375.jpg 500w, https:\/\/newsestlyonnais.fr\/site\/wp-content\/uploads\/2021\/02\/ASTT-Lyon-6-match-550x413.jpg 550w, https:\/\/newsestlyonnais.fr\/site\/wp-content\/uploads\/2021\/02\/ASTT-Lyon-6-match-800x600.jpg 800w, https:\/\/newsestlyonnais.fr\/site\/wp-content\/uploads\/2021\/02\/ASTT-Lyon-6-match.jpg 1200w\" sizes=\"auto, (max-width: 150px) 100vw, 150px\" \/><\/a>\n\t\t\t<\/div><\/figure>\n\t\t<\/div>\n\n","protected":false},"excerpt":{"rendered":"<p>1 jour, 1 association | Quotidiennement, une association est pr\u00e9sent\u00e9e par un de ses dirigeants.<\/p>\n","protected":false},"author":4,"featured_media":125497,"comment_status":"open","ping_status":"open","sticky":false,"template":"","format":"standard","meta":{"footnotes":""},"categories":[3420,1625,2991,2993],"tags":[3609,2077,2176],"class_list":["post-125487","post","type-post","status-publish","format-standard","has-post-thumbnail","hentry","category-1-jour-1-association","category-lyon","category-tennis-tennis-table-sports","category-tennis-de-table-sports","tag-astt-lyon-6","tag-lyon","tag-tennis-table"],"yoast_head":"<!-- This site is optimized with the Yoast SEO plugin v27.2 - https:\/\/yoast.com\/product\/yoast-seo-wordpress\/ -->\n<title>ASTT LYON 6 | &quot;nous avons perdu environ 35 % de nos effectifs&quot; - News Est Lyonnais<\/title>\n<meta name=\"description\" content=\"ASTT LYON 6 | &quot;nous avons perdu environ 35 % de nos effectifs&quot;\" \/>\n<meta name=\"robots\" content=\"index, follow, max-snippet:-1, max-image-preview:large, max-video-preview:-1\" \/>\n<link rel=\"canonical\" href=\"https:\/\/newsestlyonnais.fr\/site\/2021\/02\/23\/astt-lyon-6-nous-avons-perdu-environ-35-de-nos-effectifs\/\" \/>\n<meta property=\"og:locale\" content=\"fr_FR\" \/>\n<meta property=\"og:type\" content=\"article\" \/>\n<meta property=\"og:title\" content=\"ASTT LYON 6 | &quot;nous avons perdu environ 35 % de nos effectifs&quot; - News Est Lyonnais\" \/>\n<meta property=\"og:description\" content=\"ASTT LYON 6 | &quot;nous avons perdu environ 35 % de nos effectifs&quot;\" \/>\n<meta property=\"og:url\" content=\"https:\/\/newsestlyonnais.fr\/site\/2021\/02\/23\/astt-lyon-6-nous-avons-perdu-environ-35-de-nos-effectifs\/\" \/>\n<meta property=\"og:site_name\" content=\"News Est Lyonnais\" \/>\n<meta property=\"article:author\" content=\"https:\/\/www.facebook.com\/pascal.oberson.1?fref=ts\" \/>\n<meta property=\"article:published_time\" content=\"2021-02-23T06:29:15+00:00\" \/>\n<meta property=\"article:modified_time\" content=\"2021-02-24T07:30:42+00:00\" \/>\n<meta property=\"og:image\" content=\"https:\/\/i0.wp.com\/newsestlyonnais.fr\/site\/wp-content\/uploads\/2021\/02\/Groupe-ASTT-Lyon-6.jpg?fit=1200%2C594&ssl=1\" \/>\n\t<meta property=\"og:image:width\" content=\"1200\" \/>\n\t<meta property=\"og:image:height\" content=\"594\" \/>\n\t<meta property=\"og:image:type\" content=\"image\/jpeg\" \/>\n<meta name=\"author\" content=\"R\u00e9dac. NEWS\" \/>\n<meta name=\"twitter:card\" content=\"summary_large_image\" \/>\n<meta name=\"twitter:label1\" content=\"\u00c9crit par\" \/>\n\t<meta name=\"twitter:data1\" content=\"R\u00e9dac. NEWS\" \/>\n\t<meta name=\"twitter:label2\" content=\"Dur\u00e9e de lecture estim\u00e9e\" \/>\n\t<meta name=\"twitter:data2\" content=\"5 minutes\" \/>\n<script type=\"application\/ld+json\" class=\"yoast-schema-graph\">{\"@context\":\"https:\/\/schema.org\",\"@graph\":[{\"@type\":\"Article\",\"@id\":\"https:\/\/newsestlyonnais.fr\/site\/2021\/02\/23\/astt-lyon-6-nous-avons-perdu-environ-35-de-nos-effectifs\/#article\",\"isPartOf\":{\"@id\":\"https:\/\/newsestlyonnais.fr\/site\/2021\/02\/23\/astt-lyon-6-nous-avons-perdu-environ-35-de-nos-effectifs\/\"},\"author\":{\"name\":\"R\u00e9dac. NEWS\",\"@id\":\"https:\/\/newsestlyonnais.fr\/site\/#\/schema\/person\/3230d5615f390bb808365d673001e887\"},\"headline\":\"ASTT LYON 6 | \u00ab\u00a0nous avons perdu environ 35 % de nos effectifs\u00a0\u00bb\",\"datePublished\":\"2021-02-23T06:29:15+00:00\",\"dateModified\":\"2021-02-24T07:30:42+00:00\",\"mainEntityOfPage\":{\"@id\":\"https:\/\/newsestlyonnais.fr\/site\/2021\/02\/23\/astt-lyon-6-nous-avons-perdu-environ-35-de-nos-effectifs\/\"},\"wordCount\":995,\"commentCount\":0,\"publisher\":{\"@id\":\"https:\/\/newsestlyonnais.fr\/site\/#organization\"},\"image\":{\"@id\":\"https:\/\/newsestlyonnais.fr\/site\/2021\/02\/23\/astt-lyon-6-nous-avons-perdu-environ-35-de-nos-effectifs\/#primaryimage\"},\"thumbnailUrl\":\"https:\/\/newsestlyonnais.fr\/site\/wp-content\/uploads\/2021\/02\/Groupe-ASTT-Lyon-6.jpg\",\"keywords\":[\"ASTT Lyon 6\",\"LYON\",\"TENNIS TABLE\"],\"articleSection\":[\"1 jour, 1 association\",\"Lyon\",\"Tennis | Tennis de table\",\"Tennis de table\"],\"inLanguage\":\"fr-FR\",\"potentialAction\":[{\"@type\":\"CommentAction\",\"name\":\"Comment\",\"target\":[\"https:\/\/newsestlyonnais.fr\/site\/2021\/02\/23\/astt-lyon-6-nous-avons-perdu-environ-35-de-nos-effectifs\/#respond\"]}]},{\"@type\":\"WebPage\",\"@id\":\"https:\/\/newsestlyonnais.fr\/site\/2021\/02\/23\/astt-lyon-6-nous-avons-perdu-environ-35-de-nos-effectifs\/\",\"url\":\"https:\/\/newsestlyonnais.fr\/site\/2021\/02\/23\/astt-lyon-6-nous-avons-perdu-environ-35-de-nos-effectifs\/\",\"name\":\"ASTT LYON 6 | \\\"nous avons perdu environ 35 % de nos effectifs\\\" - News Est Lyonnais\",\"isPartOf\":{\"@id\":\"https:\/\/newsestlyonnais.fr\/site\/#website\"},\"primaryImageOfPage\":{\"@id\":\"https:\/\/newsestlyonnais.fr\/site\/2021\/02\/23\/astt-lyon-6-nous-avons-perdu-environ-35-de-nos-effectifs\/#primaryimage\"},\"image\":{\"@id\":\"https:\/\/newsestlyonnais.fr\/site\/2021\/02\/23\/astt-lyon-6-nous-avons-perdu-environ-35-de-nos-effectifs\/#primaryimage\"},\"thumbnailUrl\":\"https:\/\/newsestlyonnais.fr\/site\/wp-content\/uploads\/2021\/02\/Groupe-ASTT-Lyon-6.jpg\",\"datePublished\":\"2021-02-23T06:29:15+00:00\",\"dateModified\":\"2021-02-24T07:30:42+00:00\",\"description\":\"ASTT LYON 6 | \\\"nous avons perdu environ 35 % de nos effectifs\\\"\",\"breadcrumb\":{\"@id\":\"https:\/\/newsestlyonnais.fr\/site\/2021\/02\/23\/astt-lyon-6-nous-avons-perdu-environ-35-de-nos-effectifs\/#breadcrumb\"},\"inLanguage\":\"fr-FR\",\"potentialAction\":[{\"@type\":\"ReadAction\",\"target\":[\"https:\/\/newsestlyonnais.fr\/site\/2021\/02\/23\/astt-lyon-6-nous-avons-perdu-environ-35-de-nos-effectifs\/\"]}]},{\"@type\":\"ImageObject\",\"inLanguage\":\"fr-FR\",\"@id\":\"https:\/\/newsestlyonnais.fr\/site\/2021\/02\/23\/astt-lyon-6-nous-avons-perdu-environ-35-de-nos-effectifs\/#primaryimage\",\"url\":\"https:\/\/newsestlyonnais.fr\/site\/wp-content\/uploads\/2021\/02\/Groupe-ASTT-Lyon-6.jpg\",\"contentUrl\":\"https:\/\/newsestlyonnais.fr\/site\/wp-content\/uploads\/2021\/02\/Groupe-ASTT-Lyon-6.jpg\",\"width\":1200,\"height\":594},{\"@type\":\"BreadcrumbList\",\"@id\":\"https:\/\/newsestlyonnais.fr\/site\/2021\/02\/23\/astt-lyon-6-nous-avons-perdu-environ-35-de-nos-effectifs\/#breadcrumb\",\"itemListElement\":[{\"@type\":\"ListItem\",\"position\":1,\"name\":\"Accueil\",\"item\":\"https:\/\/newsestlyonnais.fr\/site\/\"},{\"@type\":\"ListItem\",\"position\":2,\"name\":\"ASTT LYON 6 | \u00ab\u00a0nous avons perdu environ 35 % de nos effectifs\u00a0\u00bb\"}]},{\"@type\":\"WebSite\",\"@id\":\"https:\/\/newsestlyonnais.fr\/site\/#website\",\"url\":\"https:\/\/newsestlyonnais.fr\/site\/\",\"name\":\"News Est Lyonnais\",\"description\":\"L&#039;actualit\u00e9 au plus pr\u00e8s\",\"publisher\":{\"@id\":\"https:\/\/newsestlyonnais.fr\/site\/#organization\"},\"potentialAction\":[{\"@type\":\"SearchAction\",\"target\":{\"@type\":\"EntryPoint\",\"urlTemplate\":\"https:\/\/newsestlyonnais.fr\/site\/?s={search_term_string}\"},\"query-input\":{\"@type\":\"PropertyValueSpecification\",\"valueRequired\":true,\"valueName\":\"search_term_string\"}}],\"inLanguage\":\"fr-FR\"},{\"@type\":\"Organization\",\"@id\":\"https:\/\/newsestlyonnais.fr\/site\/#organization\",\"name\":\"News EST LYONNAIS\",\"url\":\"https:\/\/newsestlyonnais.fr\/site\/\",\"logo\":{\"@type\":\"ImageObject\",\"inLanguage\":\"fr-FR\",\"@id\":\"https:\/\/newsestlyonnais.fr\/site\/#\/schema\/logo\/image\/\",\"url\":\"\",\"contentUrl\":\"\",\"caption\":\"News EST LYONNAIS\"},\"image\":{\"@id\":\"https:\/\/newsestlyonnais.fr\/site\/#\/schema\/logo\/image\/\"}},{\"@type\":\"Person\",\"@id\":\"https:\/\/newsestlyonnais.fr\/site\/#\/schema\/person\/3230d5615f390bb808365d673001e887\",\"name\":\"R\u00e9dac. NEWS\",\"sameAs\":[\"http:\/\/www.newsestlyonnais.fr\",\"https:\/\/www.facebook.com\/pascal.oberson.1?fref=ts\",\"https:\/\/fr.linkedin.com\/in\/pascal-oberson-b17045113\"],\"url\":\"https:\/\/newsestlyonnais.fr\/site\/author\/nel\/\"}]}<\/script>\n<!-- \/ Yoast SEO plugin. -->","yoast_head_json":{"title":"ASTT LYON 6 | \"nous avons perdu environ 35 % de nos effectifs\" - News Est Lyonnais","description":"ASTT LYON 6 | \"nous avons perdu environ 35 % de nos effectifs\"","robots":{"index":"index","follow":"follow","max-snippet":"max-snippet:-1","max-image-preview":"max-image-preview:large","max-video-preview":"max-video-preview:-1"},"canonical":"https:\/\/newsestlyonnais.fr\/site\/2021\/02\/23\/astt-lyon-6-nous-avons-perdu-environ-35-de-nos-effectifs\/","og_locale":"fr_FR","og_type":"article","og_title":"ASTT LYON 6 | \"nous avons perdu environ 35 % de nos effectifs\" - News Est Lyonnais","og_description":"ASTT LYON 6 | \"nous avons perdu environ 35 % de nos effectifs\"","og_url":"https:\/\/newsestlyonnais.fr\/site\/2021\/02\/23\/astt-lyon-6-nous-avons-perdu-environ-35-de-nos-effectifs\/","og_site_name":"News Est Lyonnais","article_author":"https:\/\/www.facebook.com\/pascal.oberson.1?fref=ts","article_published_time":"2021-02-23T06:29:15+00:00","article_modified_time":"2021-02-24T07:30:42+00:00","og_image":[{"width":1200,"height":594,"url":"https:\/\/i0.wp.com\/newsestlyonnais.fr\/site\/wp-content\/uploads\/2021\/02\/Groupe-ASTT-Lyon-6.jpg?fit=1200%2C594&ssl=1","type":"image\/jpeg"}],"author":"R\u00e9dac. NEWS","twitter_card":"summary_large_image","twitter_misc":{"\u00c9crit par":"R\u00e9dac. NEWS","Dur\u00e9e de lecture estim\u00e9e":"5 minutes"},"schema":{"@context":"https:\/\/schema.org","@graph":[{"@type":"Article","@id":"https:\/\/newsestlyonnais.fr\/site\/2021\/02\/23\/astt-lyon-6-nous-avons-perdu-environ-35-de-nos-effectifs\/#article","isPartOf":{"@id":"https:\/\/newsestlyonnais.fr\/site\/2021\/02\/23\/astt-lyon-6-nous-avons-perdu-environ-35-de-nos-effectifs\/"},"author":{"name":"R\u00e9dac. NEWS","@id":"https:\/\/newsestlyonnais.fr\/site\/#\/schema\/person\/3230d5615f390bb808365d673001e887"},"headline":"ASTT LYON 6 | \u00ab\u00a0nous avons perdu environ 35 % de nos effectifs\u00a0\u00bb","datePublished":"2021-02-23T06:29:15+00:00","dateModified":"2021-02-24T07:30:42+00:00","mainEntityOfPage":{"@id":"https:\/\/newsestlyonnais.fr\/site\/2021\/02\/23\/astt-lyon-6-nous-avons-perdu-environ-35-de-nos-effectifs\/"},"wordCount":995,"commentCount":0,"publisher":{"@id":"https:\/\/newsestlyonnais.fr\/site\/#organization"},"image":{"@id":"https:\/\/newsestlyonnais.fr\/site\/2021\/02\/23\/astt-lyon-6-nous-avons-perdu-environ-35-de-nos-effectifs\/#primaryimage"},"thumbnailUrl":"https:\/\/newsestlyonnais.fr\/site\/wp-content\/uploads\/2021\/02\/Groupe-ASTT-Lyon-6.jpg","keywords":["ASTT Lyon 6","LYON","TENNIS TABLE"],"articleSection":["1 jour, 1 association","Lyon","Tennis | Tennis de table","Tennis de table"],"inLanguage":"fr-FR","potentialAction":[{"@type":"CommentAction","name":"Comment","target":["https:\/\/newsestlyonnais.fr\/site\/2021\/02\/23\/astt-lyon-6-nous-avons-perdu-environ-35-de-nos-effectifs\/#respond"]}]},{"@type":"WebPage","@id":"https:\/\/newsestlyonnais.fr\/site\/2021\/02\/23\/astt-lyon-6-nous-avons-perdu-environ-35-de-nos-effectifs\/","url":"https:\/\/newsestlyonnais.fr\/site\/2021\/02\/23\/astt-lyon-6-nous-avons-perdu-environ-35-de-nos-effectifs\/","name":"ASTT LYON 6 | \"nous avons perdu environ 35 % de nos effectifs\" - News Est Lyonnais","isPartOf":{"@id":"https:\/\/newsestlyonnais.fr\/site\/#website"},"primaryImageOfPage":{"@id":"https:\/\/newsestlyonnais.fr\/site\/2021\/02\/23\/astt-lyon-6-nous-avons-perdu-environ-35-de-nos-effectifs\/#primaryimage"},"image":{"@id":"https:\/\/newsestlyonnais.fr\/site\/2021\/02\/23\/astt-lyon-6-nous-avons-perdu-environ-35-de-nos-effectifs\/#primaryimage"},"thumbnailUrl":"https:\/\/newsestlyonnais.fr\/site\/wp-content\/uploads\/2021\/02\/Groupe-ASTT-Lyon-6.jpg","datePublished":"2021-02-23T06:29:15+00:00","dateModified":"2021-02-24T07:30:42+00:00","description":"ASTT LYON 6 | \"nous avons perdu environ 35 % de nos effectifs\"","breadcrumb":{"@id":"https:\/\/newsestlyonnais.fr\/site\/2021\/02\/23\/astt-lyon-6-nous-avons-perdu-environ-35-de-nos-effectifs\/#breadcrumb"},"inLanguage":"fr-FR","potentialAction":[{"@type":"ReadAction","target":["https:\/\/newsestlyonnais.fr\/site\/2021\/02\/23\/astt-lyon-6-nous-avons-perdu-environ-35-de-nos-effectifs\/"]}]},{"@type":"ImageObject","inLanguage":"fr-FR","@id":"https:\/\/newsestlyonnais.fr\/site\/2021\/02\/23\/astt-lyon-6-nous-avons-perdu-environ-35-de-nos-effectifs\/#primaryimage","url":"https:\/\/newsestlyonnais.fr\/site\/wp-content\/uploads\/2021\/02\/Groupe-ASTT-Lyon-6.jpg","contentUrl":"https:\/\/newsestlyonnais.fr\/site\/wp-content\/uploads\/2021\/02\/Groupe-ASTT-Lyon-6.jpg","width":1200,"height":594},{"@type":"BreadcrumbList","@id":"https:\/\/newsestlyonnais.fr\/site\/2021\/02\/23\/astt-lyon-6-nous-avons-perdu-environ-35-de-nos-effectifs\/#breadcrumb","itemListElement":[{"@type":"ListItem","position":1,"name":"Accueil","item":"https:\/\/newsestlyonnais.fr\/site\/"},{"@type":"ListItem","position":2,"name":"ASTT LYON 6 | \u00ab\u00a0nous avons perdu environ 35 % de nos effectifs\u00a0\u00bb"}]},{"@type":"WebSite","@id":"https:\/\/newsestlyonnais.fr\/site\/#website","url":"https:\/\/newsestlyonnais.fr\/site\/","name":"News Est Lyonnais","description":"L&#039;actualit\u00e9 au plus pr\u00e8s","publisher":{"@id":"https:\/\/newsestlyonnais.fr\/site\/#organization"},"potentialAction":[{"@type":"SearchAction","target":{"@type":"EntryPoint","urlTemplate":"https:\/\/newsestlyonnais.fr\/site\/?s={search_term_string}"},"query-input":{"@type":"PropertyValueSpecification","valueRequired":true,"valueName":"search_term_string"}}],"inLanguage":"fr-FR"},{"@type":"Organization","@id":"https:\/\/newsestlyonnais.fr\/site\/#organization","name":"News EST LYONNAIS","url":"https:\/\/newsestlyonnais.fr\/site\/","logo":{"@type":"ImageObject","inLanguage":"fr-FR","@id":"https:\/\/newsestlyonnais.fr\/site\/#\/schema\/logo\/image\/","url":"","contentUrl":"","caption":"News EST LYONNAIS"},"image":{"@id":"https:\/\/newsestlyonnais.fr\/site\/#\/schema\/logo\/image\/"}},{"@type":"Person","@id":"https:\/\/newsestlyonnais.fr\/site\/#\/schema\/person\/3230d5615f390bb808365d673001e887","name":"R\u00e9dac. NEWS","sameAs":["http:\/\/www.newsestlyonnais.fr","https:\/\/www.facebook.com\/pascal.oberson.1?fref=ts","https:\/\/fr.linkedin.com\/in\/pascal-oberson-b17045113"],"url":"https:\/\/newsestlyonnais.fr\/site\/author\/nel\/"}]}},"_links":{"self":[{"href":"https:\/\/newsestlyonnais.fr\/site\/wp-json\/wp\/v2\/posts\/125487","targetHints":{"allow":["GET"]}}],"collection":[{"href":"https:\/\/newsestlyonnais.fr\/site\/wp-json\/wp\/v2\/posts"}],"about":[{"href":"https:\/\/newsestlyonnais.fr\/site\/wp-json\/wp\/v2\/types\/post"}],"author":[{"embeddable":true,"href":"https:\/\/newsestlyonnais.fr\/site\/wp-json\/wp\/v2\/users\/4"}],"replies":[{"embeddable":true,"href":"https:\/\/newsestlyonnais.fr\/site\/wp-json\/wp\/v2\/comments?post=125487"}],"version-history":[{"count":0,"href":"https:\/\/newsestlyonnais.fr\/site\/wp-json\/wp\/v2\/posts\/125487\/revisions"}],"wp:featuredmedia":[{"embeddable":true,"href":"https:\/\/newsestlyonnais.fr\/site\/wp-json\/wp\/v2\/media\/125497"}],"wp:attachment":[{"href":"https:\/\/newsestlyonnais.fr\/site\/wp-json\/wp\/v2\/media?parent=125487"}],"wp:term":[{"taxonomy":"category","embeddable":true,"href":"https:\/\/newsestlyonnais.fr\/site\/wp-json\/wp\/v2\/categories?post=125487"},{"taxonomy":"post_tag","embeddable":true,"href":"https:\/\/newsestlyonnais.fr\/site\/wp-json\/wp\/v2\/tags?post=125487"}],"curies":[{"name":"wp","href":"https:\/\/api.w.org\/{rel}","templated":true}]}}