{"id":125561,"date":"2021-02-24T08:26:25","date_gmt":"2021-02-24T07:26:25","guid":{"rendered":"http:\/\/newsestlyonnais.fr\/site\/?p=125561"},"modified":"2021-02-27T09:40:54","modified_gmt":"2021-02-27T08:40:54","slug":"caluire-lyon-al-anon-si-le-probleme-dalcool-dun-proche-vous-pose-probleme-rejoignez-nous","status":"publish","type":"post","link":"https:\/\/newsestlyonnais.fr\/site\/2021\/02\/24\/caluire-lyon-al-anon-si-le-probleme-dalcool-dun-proche-vous-pose-probleme-rejoignez-nous\/","title":{"rendered":"Caluire-Lyon | AL-ANON \u00a0\u00bb Si le probl\u00e8me d&rsquo;alcool d&rsquo;un proche vous pose probl\u00e8me, rejoignez nous \u00ab\u00a0"},"content":{"rendered":"<p>En ce mercredi, c\u2019est <strong>Suzanne Bonnier, repr\u00e9sentante du groupe de Lyon Caluire<\/strong>, qui r\u00e9pond aux questions de la r\u00e9daction : <strong>\u00a0<\/strong><\/p>\n<hr \/>\n<ul>\n<li><strong><span style=\"font-size: 14pt;\"><u>Quelle est son activit\u00e9 et effectif actuel<\/u><\/span><span style=\"font-size: 14pt;\"> ?<\/span><\/strong><\/li>\n<\/ul>\n<p class=\"font_8\">\u00bb Pr\u00e9sid\u00e9e par Madame Suzanne Bonnier (mandat tournant tous les 3 ans). Activit\u00e9 principale : <strong>association d&rsquo;aide aux familles des malades alcooliques. <\/strong>Les groupes familiaux ALANON-ALATEEN se r\u00e9unissent afin d&rsquo;apporter aide et soutien \u00e0 toute personne ayant un proche avec un probl\u00e8me d&rsquo;alcool.<\/p>\n<p><strong>Association loi 1901 qui permet \u00e0 ceux qui souffrent de l&rsquo;alcoolisme d&rsquo;un proche de parler librement<\/strong>, gr\u00e2ce \u00e0 l&rsquo;anonymat de leur d\u00e9tresse, col\u00e8re ou honte, dans le respect des convictions de chacun.<\/p>\n<p>Si l&rsquo;alcoolisme est une maladie redoutable qui touche tant de personnes et encore taboue, il plonge aussi l&rsquo;entourage dans les difficult\u00e9s et le d\u00e9sespoir. Et si le malade trouve de l&rsquo;aide en AA (alcooliques anonymes), ses proches (conjoint, enfant, parent, fr\u00e8re, s\u0153ur) peuvent trouver r\u00e9confort et soutien en ALANON (AlATEEN pour les enfants de parents alcooliques).<\/p>\n<p class=\"font_8\"><strong>A Caluire les r\u00e9unions ont lieu tous les mercredis \u00e0 20 h 30 en temps normal, jours f\u00e9ri\u00e9s inclus. En ce moment les rencontres se font par t\u00e9l\u00e9phone .<\/strong><\/p>\n<p class=\"font_8\">Effectif \u00e0 ce jour : nombre variable selon les groupes (<strong>environ 10 \u00e0 Caluire<\/strong>) \u00ab .<\/p>\n<hr \/>\n<ul>\n<li><span style=\"font-size: 14pt;\"><strong><u>Comment s\u2019\u00e9tait pass\u00e9 le 1\u00b0 confinement et aviez vous mis du personnel au ch\u00f4mage<\/u><\/strong><strong> ? <\/strong><\/span><\/li>\n<\/ul>\n<p><span style=\"font-size: 14pt;\">\u00bb <span style=\"font-size: 12pt;\"><strong>Pas de salari\u00e9s<\/strong> et nous avons utilis\u00e9 les r\u00e9unions par t\u00e9l\u00e9phone d\u00e8s le 1er confinement. <\/span><span style=\"font-size: 12pt;\">Pas de reprise de r\u00e9unions physiques<\/span> \u00ab .<\/span><\/p>\n<hr \/>\n<ul>\n<li><span style=\"font-size: 14pt;\"><strong><span style=\"text-decoration: underline;\">Avez-vous \u00e9t\u00e9 contraints d\u2019annuler des \u00e9v\u00e8nements<\/span> ?<\/strong><\/span><\/li>\n<\/ul>\n<p>\u00bb <strong>Nous avons d\u00fb repousser puis annuler un Congr\u00e8s National<\/strong> organis\u00e9 par la r\u00e9gion Rh\u00f4ne-Alpes pr\u00e9vu initialement pour mars 2020 \u00ab .<\/p>\n<hr \/>\n<ul>\n<li><span style=\"text-decoration: underline;\"><span style=\"font-size: 14pt;\"><strong>Et pour conclure<\/strong> <\/span><\/span><strong><span style=\"font-size: 14pt;\">?<\/span><br \/>\n<\/strong><\/li>\n<\/ul>\n<p>\u00bb <strong>Si le probl\u00e8me d&rsquo;alcool d&rsquo;un proche vous pose probl\u00e8me, rejoignez nous. <\/strong><\/p>\n<p><strong>Nous respecterons votre anonymat, un pr\u00e9nom suffit<\/strong> <strong>\u00ab<\/strong>.<\/p>\n<hr \/>\n<p><strong><em><img loading=\"lazy\" decoding=\"async\" class=\"wp-image-125567 size-full alignleft\" src=\"https:\/\/newsestlyonnais.fr\/site\/wp-content\/uploads\/2021\/02\/logo-al-anon2017-e1503738634855.png\" alt=\"\" width=\"150\" height=\"131\" data-attachment-id=\"124295\" data-permalink=\"https:\/\/newsestlyonnais.fr\/site\/2021\/02\/07\/caluire-force-femmes-la-problematique-de-legalite-professionnelle-et-des-femmes-seniors-est-occultee\/vlyiqehf_400x400\/\" data-orig-file=\"https:\/\/i0.wp.com\/newsestlyonnais.fr\/site\/wp-content\/uploads\/2021\/02\/vlYiqEhf_400x400.jpg?fit=400%2C400&amp;ssl=1\" data-orig-size=\"400,400\" data-comments-opened=\"1\" data-image-meta=\"{&quot;aperture&quot;:&quot;0&quot;,&quot;credit&quot;:&quot;&quot;,&quot;camera&quot;:&quot;&quot;,&quot;caption&quot;:&quot;&quot;,&quot;created_timestamp&quot;:&quot;0&quot;,&quot;copyright&quot;:&quot;&quot;,&quot;focal_length&quot;:&quot;0&quot;,&quot;iso&quot;:&quot;0&quot;,&quot;shutter_speed&quot;:&quot;0&quot;,&quot;title&quot;:&quot;&quot;,&quot;orientation&quot;:&quot;0&quot;}\" data-image-title=\"vlYiqEhf_400x400\" data-image-description=\"\" data-medium-file=\"https:\/\/i0.wp.com\/newsestlyonnais.fr\/site\/wp-content\/uploads\/2021\/02\/vlYiqEhf_400x400.jpg?fit=300%2C300&amp;ssl=1\" data-large-file=\"https:\/\/i0.wp.com\/newsestlyonnais.fr\/site\/wp-content\/uploads\/2021\/02\/vlYiqEhf_400x400.jpg?fit=400%2C400&amp;ssl=1\" data-recalc-dims=\"1\" srcset=\"https:\/\/newsestlyonnais.fr\/site\/wp-content\/uploads\/2021\/02\/logo-al-anon2017-e1503738634855.png 150w, https:\/\/newsestlyonnais.fr\/site\/wp-content\/uploads\/2021\/02\/logo-al-anon2017-e1503738634855-50x44.png 50w, https:\/\/newsestlyonnais.fr\/site\/wp-content\/uploads\/2021\/02\/logo-al-anon2017-e1503738634855-100x87.png 100w\" sizes=\"auto, (max-width: 150px) 100vw, 150px\" \/><\/em><\/strong><\/p>\n<ul>\n<li><em><strong>AL-ANON LYON-CALUIRE \/ 17, rue Pierre Brunier \/ Caluire<\/strong><\/em><\/li>\n<li>A retrouver sur : <a href=\"http:\/\/al-anon-alateen.fr\">http:\/\/al-anon-alateen.fr<\/a><\/li>\n<li>Contact de la r\u00e9gion : T\u00e9l : 06 38 05 04 64<\/li>\n<\/ul>\n<hr \/>\n<p>&nbsp;<\/p>\n","protected":false},"excerpt":{"rendered":"<p>1 jour, 1 association | Quotidiennement, une association est pr\u00e9sent\u00e9e par un de ses dirigeants.<\/p>\n","protected":false},"author":4,"featured_media":125578,"comment_status":"open","ping_status":"open","sticky":false,"template":"","format":"standard","meta":{"footnotes":""},"categories":[3420,1620,1625,18],"tags":[3613,3614,2337],"class_list":["post-125561","post","type-post","status-publish","format-standard","has-post-thumbnail","hentry","category-1-jour-1-association","category-caluire","category-lyon","category-sante-bien-etre-solidarite","tag-aide","tag-alcoolisme","tag-caluire"],"yoast_head":"<!-- This site is optimized with the Yoast SEO plugin v27.2 - https:\/\/yoast.com\/product\/yoast-seo-wordpress\/ -->\n<title>Caluire-Lyon | AL-ANON &quot; Si le probl\u00e8me d&#039;alcool d&#039;un proche vous pose probl\u00e8me, rejoignez nous &quot; - News Est Lyonnais<\/title>\n<meta name=\"description\" content=\"Caluire-Lyon | AL-ANON &quot; Si le probl\u00e8me d&#039;alcool d&#039;un proche vous pose probl\u00e8me, rejoignez nous &quot;\" \/>\n<meta name=\"robots\" content=\"index, follow, max-snippet:-1, max-image-preview:large, max-video-preview:-1\" \/>\n<link rel=\"canonical\" href=\"https:\/\/newsestlyonnais.fr\/site\/2021\/02\/24\/caluire-lyon-al-anon-si-le-probleme-dalcool-dun-proche-vous-pose-probleme-rejoignez-nous\/\" \/>\n<meta property=\"og:locale\" content=\"fr_FR\" \/>\n<meta property=\"og:type\" content=\"article\" \/>\n<meta property=\"og:title\" content=\"Caluire-Lyon | AL-ANON &quot; Si le probl\u00e8me d&#039;alcool d&#039;un proche vous pose probl\u00e8me, rejoignez nous &quot; - News Est Lyonnais\" \/>\n<meta property=\"og:description\" content=\"Caluire-Lyon | AL-ANON &quot; Si le probl\u00e8me d&#039;alcool d&#039;un proche vous pose probl\u00e8me, rejoignez nous &quot;\" \/>\n<meta property=\"og:url\" content=\"https:\/\/newsestlyonnais.fr\/site\/2021\/02\/24\/caluire-lyon-al-anon-si-le-probleme-dalcool-dun-proche-vous-pose-probleme-rejoignez-nous\/\" \/>\n<meta property=\"og:site_name\" content=\"News Est Lyonnais\" \/>\n<meta property=\"article:author\" content=\"https:\/\/www.facebook.com\/pascal.oberson.1?fref=ts\" \/>\n<meta property=\"article:published_time\" content=\"2021-02-24T07:26:25+00:00\" \/>\n<meta property=\"article:modified_time\" content=\"2021-02-27T08:40:54+00:00\" \/>\n<meta property=\"og:image\" content=\"https:\/\/i0.wp.com\/newsestlyonnais.fr\/site\/wp-content\/uploads\/2021\/02\/afficheA4-2019-WEB.jpg?fit=500%2C707&ssl=1\" \/>\n\t<meta property=\"og:image:width\" content=\"500\" \/>\n\t<meta property=\"og:image:height\" content=\"707\" \/>\n\t<meta property=\"og:image:type\" content=\"image\/jpeg\" \/>\n<meta name=\"author\" content=\"R\u00e9dac. NEWS\" \/>\n<meta name=\"twitter:card\" content=\"summary_large_image\" \/>\n<meta name=\"twitter:label1\" content=\"\u00c9crit par\" \/>\n\t<meta name=\"twitter:data1\" content=\"R\u00e9dac. NEWS\" \/>\n\t<meta name=\"twitter:label2\" content=\"Dur\u00e9e de lecture estim\u00e9e\" \/>\n\t<meta name=\"twitter:data2\" content=\"2 minutes\" \/>\n<script type=\"application\/ld+json\" class=\"yoast-schema-graph\">{\"@context\":\"https:\/\/schema.org\",\"@graph\":[{\"@type\":\"Article\",\"@id\":\"https:\/\/newsestlyonnais.fr\/site\/2021\/02\/24\/caluire-lyon-al-anon-si-le-probleme-dalcool-dun-proche-vous-pose-probleme-rejoignez-nous\/#article\",\"isPartOf\":{\"@id\":\"https:\/\/newsestlyonnais.fr\/site\/2021\/02\/24\/caluire-lyon-al-anon-si-le-probleme-dalcool-dun-proche-vous-pose-probleme-rejoignez-nous\/\"},\"author\":{\"name\":\"R\u00e9dac. NEWS\",\"@id\":\"https:\/\/newsestlyonnais.fr\/site\/#\/schema\/person\/3230d5615f390bb808365d673001e887\"},\"headline\":\"Caluire-Lyon | AL-ANON \u00a0\u00bb Si le probl\u00e8me d&rsquo;alcool d&rsquo;un proche vous pose probl\u00e8me, rejoignez nous \u00ab\u00a0\",\"datePublished\":\"2021-02-24T07:26:25+00:00\",\"dateModified\":\"2021-02-27T08:40:54+00:00\",\"mainEntityOfPage\":{\"@id\":\"https:\/\/newsestlyonnais.fr\/site\/2021\/02\/24\/caluire-lyon-al-anon-si-le-probleme-dalcool-dun-proche-vous-pose-probleme-rejoignez-nous\/\"},\"wordCount\":350,\"commentCount\":0,\"publisher\":{\"@id\":\"https:\/\/newsestlyonnais.fr\/site\/#organization\"},\"image\":{\"@id\":\"https:\/\/newsestlyonnais.fr\/site\/2021\/02\/24\/caluire-lyon-al-anon-si-le-probleme-dalcool-dun-proche-vous-pose-probleme-rejoignez-nous\/#primaryimage\"},\"thumbnailUrl\":\"https:\/\/newsestlyonnais.fr\/site\/wp-content\/uploads\/2021\/02\/afficheA4-2019-WEB.jpg\",\"keywords\":[\"AIDE\",\"ALCOOLISME\",\"CALUIRE\"],\"articleSection\":[\"1 jour, 1 association\",\"Caluire\",\"Lyon\",\"Sant\u00e9 | Bien Etre | Solidarit\u00e9\"],\"inLanguage\":\"fr-FR\",\"potentialAction\":[{\"@type\":\"CommentAction\",\"name\":\"Comment\",\"target\":[\"https:\/\/newsestlyonnais.fr\/site\/2021\/02\/24\/caluire-lyon-al-anon-si-le-probleme-dalcool-dun-proche-vous-pose-probleme-rejoignez-nous\/#respond\"]}]},{\"@type\":\"WebPage\",\"@id\":\"https:\/\/newsestlyonnais.fr\/site\/2021\/02\/24\/caluire-lyon-al-anon-si-le-probleme-dalcool-dun-proche-vous-pose-probleme-rejoignez-nous\/\",\"url\":\"https:\/\/newsestlyonnais.fr\/site\/2021\/02\/24\/caluire-lyon-al-anon-si-le-probleme-dalcool-dun-proche-vous-pose-probleme-rejoignez-nous\/\",\"name\":\"Caluire-Lyon | AL-ANON \\\" Si le probl\u00e8me d'alcool d'un proche vous pose probl\u00e8me, rejoignez nous \\\" - News Est Lyonnais\",\"isPartOf\":{\"@id\":\"https:\/\/newsestlyonnais.fr\/site\/#website\"},\"primaryImageOfPage\":{\"@id\":\"https:\/\/newsestlyonnais.fr\/site\/2021\/02\/24\/caluire-lyon-al-anon-si-le-probleme-dalcool-dun-proche-vous-pose-probleme-rejoignez-nous\/#primaryimage\"},\"image\":{\"@id\":\"https:\/\/newsestlyonnais.fr\/site\/2021\/02\/24\/caluire-lyon-al-anon-si-le-probleme-dalcool-dun-proche-vous-pose-probleme-rejoignez-nous\/#primaryimage\"},\"thumbnailUrl\":\"https:\/\/newsestlyonnais.fr\/site\/wp-content\/uploads\/2021\/02\/afficheA4-2019-WEB.jpg\",\"datePublished\":\"2021-02-24T07:26:25+00:00\",\"dateModified\":\"2021-02-27T08:40:54+00:00\",\"description\":\"Caluire-Lyon | AL-ANON \\\" Si le probl\u00e8me d'alcool d'un proche vous pose probl\u00e8me, rejoignez nous \\\"\",\"breadcrumb\":{\"@id\":\"https:\/\/newsestlyonnais.fr\/site\/2021\/02\/24\/caluire-lyon-al-anon-si-le-probleme-dalcool-dun-proche-vous-pose-probleme-rejoignez-nous\/#breadcrumb\"},\"inLanguage\":\"fr-FR\",\"potentialAction\":[{\"@type\":\"ReadAction\",\"target\":[\"https:\/\/newsestlyonnais.fr\/site\/2021\/02\/24\/caluire-lyon-al-anon-si-le-probleme-dalcool-dun-proche-vous-pose-probleme-rejoignez-nous\/\"]}]},{\"@type\":\"ImageObject\",\"inLanguage\":\"fr-FR\",\"@id\":\"https:\/\/newsestlyonnais.fr\/site\/2021\/02\/24\/caluire-lyon-al-anon-si-le-probleme-dalcool-dun-proche-vous-pose-probleme-rejoignez-nous\/#primaryimage\",\"url\":\"https:\/\/newsestlyonnais.fr\/site\/wp-content\/uploads\/2021\/02\/afficheA4-2019-WEB.jpg\",\"contentUrl\":\"https:\/\/newsestlyonnais.fr\/site\/wp-content\/uploads\/2021\/02\/afficheA4-2019-WEB.jpg\",\"width\":500,\"height\":707},{\"@type\":\"BreadcrumbList\",\"@id\":\"https:\/\/newsestlyonnais.fr\/site\/2021\/02\/24\/caluire-lyon-al-anon-si-le-probleme-dalcool-dun-proche-vous-pose-probleme-rejoignez-nous\/#breadcrumb\",\"itemListElement\":[{\"@type\":\"ListItem\",\"position\":1,\"name\":\"Accueil\",\"item\":\"https:\/\/newsestlyonnais.fr\/site\/\"},{\"@type\":\"ListItem\",\"position\":2,\"name\":\"Caluire-Lyon | AL-ANON \u00a0\u00bb Si le probl\u00e8me d&rsquo;alcool d&rsquo;un proche vous pose probl\u00e8me, rejoignez nous \u00ab\u00a0\"}]},{\"@type\":\"WebSite\",\"@id\":\"https:\/\/newsestlyonnais.fr\/site\/#website\",\"url\":\"https:\/\/newsestlyonnais.fr\/site\/\",\"name\":\"News Est Lyonnais\",\"description\":\"L&#039;actualit\u00e9 au plus pr\u00e8s\",\"publisher\":{\"@id\":\"https:\/\/newsestlyonnais.fr\/site\/#organization\"},\"potentialAction\":[{\"@type\":\"SearchAction\",\"target\":{\"@type\":\"EntryPoint\",\"urlTemplate\":\"https:\/\/newsestlyonnais.fr\/site\/?s={search_term_string}\"},\"query-input\":{\"@type\":\"PropertyValueSpecification\",\"valueRequired\":true,\"valueName\":\"search_term_string\"}}],\"inLanguage\":\"fr-FR\"},{\"@type\":\"Organization\",\"@id\":\"https:\/\/newsestlyonnais.fr\/site\/#organization\",\"name\":\"News EST LYONNAIS\",\"url\":\"https:\/\/newsestlyonnais.fr\/site\/\",\"logo\":{\"@type\":\"ImageObject\",\"inLanguage\":\"fr-FR\",\"@id\":\"https:\/\/newsestlyonnais.fr\/site\/#\/schema\/logo\/image\/\",\"url\":\"\",\"contentUrl\":\"\",\"caption\":\"News EST LYONNAIS\"},\"image\":{\"@id\":\"https:\/\/newsestlyonnais.fr\/site\/#\/schema\/logo\/image\/\"}},{\"@type\":\"Person\",\"@id\":\"https:\/\/newsestlyonnais.fr\/site\/#\/schema\/person\/3230d5615f390bb808365d673001e887\",\"name\":\"R\u00e9dac. NEWS\",\"sameAs\":[\"http:\/\/www.newsestlyonnais.fr\",\"https:\/\/www.facebook.com\/pascal.oberson.1?fref=ts\",\"https:\/\/fr.linkedin.com\/in\/pascal-oberson-b17045113\"],\"url\":\"https:\/\/newsestlyonnais.fr\/site\/author\/nel\/\"}]}<\/script>\n<!-- \/ Yoast SEO plugin. -->","yoast_head_json":{"title":"Caluire-Lyon | AL-ANON \" Si le probl\u00e8me d'alcool d'un proche vous pose probl\u00e8me, rejoignez nous \" - News Est Lyonnais","description":"Caluire-Lyon | AL-ANON \" Si le probl\u00e8me d'alcool d'un proche vous pose probl\u00e8me, rejoignez nous \"","robots":{"index":"index","follow":"follow","max-snippet":"max-snippet:-1","max-image-preview":"max-image-preview:large","max-video-preview":"max-video-preview:-1"},"canonical":"https:\/\/newsestlyonnais.fr\/site\/2021\/02\/24\/caluire-lyon-al-anon-si-le-probleme-dalcool-dun-proche-vous-pose-probleme-rejoignez-nous\/","og_locale":"fr_FR","og_type":"article","og_title":"Caluire-Lyon | AL-ANON \" Si le probl\u00e8me d'alcool d'un proche vous pose probl\u00e8me, rejoignez nous \" - News Est Lyonnais","og_description":"Caluire-Lyon | AL-ANON \" Si le probl\u00e8me d'alcool d'un proche vous pose probl\u00e8me, rejoignez nous \"","og_url":"https:\/\/newsestlyonnais.fr\/site\/2021\/02\/24\/caluire-lyon-al-anon-si-le-probleme-dalcool-dun-proche-vous-pose-probleme-rejoignez-nous\/","og_site_name":"News Est Lyonnais","article_author":"https:\/\/www.facebook.com\/pascal.oberson.1?fref=ts","article_published_time":"2021-02-24T07:26:25+00:00","article_modified_time":"2021-02-27T08:40:54+00:00","og_image":[{"width":500,"height":707,"url":"https:\/\/i0.wp.com\/newsestlyonnais.fr\/site\/wp-content\/uploads\/2021\/02\/afficheA4-2019-WEB.jpg?fit=500%2C707&ssl=1","type":"image\/jpeg"}],"author":"R\u00e9dac. NEWS","twitter_card":"summary_large_image","twitter_misc":{"\u00c9crit par":"R\u00e9dac. NEWS","Dur\u00e9e de lecture estim\u00e9e":"2 minutes"},"schema":{"@context":"https:\/\/schema.org","@graph":[{"@type":"Article","@id":"https:\/\/newsestlyonnais.fr\/site\/2021\/02\/24\/caluire-lyon-al-anon-si-le-probleme-dalcool-dun-proche-vous-pose-probleme-rejoignez-nous\/#article","isPartOf":{"@id":"https:\/\/newsestlyonnais.fr\/site\/2021\/02\/24\/caluire-lyon-al-anon-si-le-probleme-dalcool-dun-proche-vous-pose-probleme-rejoignez-nous\/"},"author":{"name":"R\u00e9dac. NEWS","@id":"https:\/\/newsestlyonnais.fr\/site\/#\/schema\/person\/3230d5615f390bb808365d673001e887"},"headline":"Caluire-Lyon | AL-ANON \u00a0\u00bb Si le probl\u00e8me d&rsquo;alcool d&rsquo;un proche vous pose probl\u00e8me, rejoignez nous \u00ab\u00a0","datePublished":"2021-02-24T07:26:25+00:00","dateModified":"2021-02-27T08:40:54+00:00","mainEntityOfPage":{"@id":"https:\/\/newsestlyonnais.fr\/site\/2021\/02\/24\/caluire-lyon-al-anon-si-le-probleme-dalcool-dun-proche-vous-pose-probleme-rejoignez-nous\/"},"wordCount":350,"commentCount":0,"publisher":{"@id":"https:\/\/newsestlyonnais.fr\/site\/#organization"},"image":{"@id":"https:\/\/newsestlyonnais.fr\/site\/2021\/02\/24\/caluire-lyon-al-anon-si-le-probleme-dalcool-dun-proche-vous-pose-probleme-rejoignez-nous\/#primaryimage"},"thumbnailUrl":"https:\/\/newsestlyonnais.fr\/site\/wp-content\/uploads\/2021\/02\/afficheA4-2019-WEB.jpg","keywords":["AIDE","ALCOOLISME","CALUIRE"],"articleSection":["1 jour, 1 association","Caluire","Lyon","Sant\u00e9 | Bien Etre | Solidarit\u00e9"],"inLanguage":"fr-FR","potentialAction":[{"@type":"CommentAction","name":"Comment","target":["https:\/\/newsestlyonnais.fr\/site\/2021\/02\/24\/caluire-lyon-al-anon-si-le-probleme-dalcool-dun-proche-vous-pose-probleme-rejoignez-nous\/#respond"]}]},{"@type":"WebPage","@id":"https:\/\/newsestlyonnais.fr\/site\/2021\/02\/24\/caluire-lyon-al-anon-si-le-probleme-dalcool-dun-proche-vous-pose-probleme-rejoignez-nous\/","url":"https:\/\/newsestlyonnais.fr\/site\/2021\/02\/24\/caluire-lyon-al-anon-si-le-probleme-dalcool-dun-proche-vous-pose-probleme-rejoignez-nous\/","name":"Caluire-Lyon | AL-ANON \" Si le probl\u00e8me d'alcool d'un proche vous pose probl\u00e8me, rejoignez nous \" - News Est Lyonnais","isPartOf":{"@id":"https:\/\/newsestlyonnais.fr\/site\/#website"},"primaryImageOfPage":{"@id":"https:\/\/newsestlyonnais.fr\/site\/2021\/02\/24\/caluire-lyon-al-anon-si-le-probleme-dalcool-dun-proche-vous-pose-probleme-rejoignez-nous\/#primaryimage"},"image":{"@id":"https:\/\/newsestlyonnais.fr\/site\/2021\/02\/24\/caluire-lyon-al-anon-si-le-probleme-dalcool-dun-proche-vous-pose-probleme-rejoignez-nous\/#primaryimage"},"thumbnailUrl":"https:\/\/newsestlyonnais.fr\/site\/wp-content\/uploads\/2021\/02\/afficheA4-2019-WEB.jpg","datePublished":"2021-02-24T07:26:25+00:00","dateModified":"2021-02-27T08:40:54+00:00","description":"Caluire-Lyon | AL-ANON \" Si le probl\u00e8me d'alcool d'un proche vous pose probl\u00e8me, rejoignez nous \"","breadcrumb":{"@id":"https:\/\/newsestlyonnais.fr\/site\/2021\/02\/24\/caluire-lyon-al-anon-si-le-probleme-dalcool-dun-proche-vous-pose-probleme-rejoignez-nous\/#breadcrumb"},"inLanguage":"fr-FR","potentialAction":[{"@type":"ReadAction","target":["https:\/\/newsestlyonnais.fr\/site\/2021\/02\/24\/caluire-lyon-al-anon-si-le-probleme-dalcool-dun-proche-vous-pose-probleme-rejoignez-nous\/"]}]},{"@type":"ImageObject","inLanguage":"fr-FR","@id":"https:\/\/newsestlyonnais.fr\/site\/2021\/02\/24\/caluire-lyon-al-anon-si-le-probleme-dalcool-dun-proche-vous-pose-probleme-rejoignez-nous\/#primaryimage","url":"https:\/\/newsestlyonnais.fr\/site\/wp-content\/uploads\/2021\/02\/afficheA4-2019-WEB.jpg","contentUrl":"https:\/\/newsestlyonnais.fr\/site\/wp-content\/uploads\/2021\/02\/afficheA4-2019-WEB.jpg","width":500,"height":707},{"@type":"BreadcrumbList","@id":"https:\/\/newsestlyonnais.fr\/site\/2021\/02\/24\/caluire-lyon-al-anon-si-le-probleme-dalcool-dun-proche-vous-pose-probleme-rejoignez-nous\/#breadcrumb","itemListElement":[{"@type":"ListItem","position":1,"name":"Accueil","item":"https:\/\/newsestlyonnais.fr\/site\/"},{"@type":"ListItem","position":2,"name":"Caluire-Lyon | AL-ANON \u00a0\u00bb Si le probl\u00e8me d&rsquo;alcool d&rsquo;un proche vous pose probl\u00e8me, rejoignez nous \u00ab\u00a0"}]},{"@type":"WebSite","@id":"https:\/\/newsestlyonnais.fr\/site\/#website","url":"https:\/\/newsestlyonnais.fr\/site\/","name":"News Est Lyonnais","description":"L&#039;actualit\u00e9 au plus pr\u00e8s","publisher":{"@id":"https:\/\/newsestlyonnais.fr\/site\/#organization"},"potentialAction":[{"@type":"SearchAction","target":{"@type":"EntryPoint","urlTemplate":"https:\/\/newsestlyonnais.fr\/site\/?s={search_term_string}"},"query-input":{"@type":"PropertyValueSpecification","valueRequired":true,"valueName":"search_term_string"}}],"inLanguage":"fr-FR"},{"@type":"Organization","@id":"https:\/\/newsestlyonnais.fr\/site\/#organization","name":"News EST LYONNAIS","url":"https:\/\/newsestlyonnais.fr\/site\/","logo":{"@type":"ImageObject","inLanguage":"fr-FR","@id":"https:\/\/newsestlyonnais.fr\/site\/#\/schema\/logo\/image\/","url":"","contentUrl":"","caption":"News EST LYONNAIS"},"image":{"@id":"https:\/\/newsestlyonnais.fr\/site\/#\/schema\/logo\/image\/"}},{"@type":"Person","@id":"https:\/\/newsestlyonnais.fr\/site\/#\/schema\/person\/3230d5615f390bb808365d673001e887","name":"R\u00e9dac. NEWS","sameAs":["http:\/\/www.newsestlyonnais.fr","https:\/\/www.facebook.com\/pascal.oberson.1?fref=ts","https:\/\/fr.linkedin.com\/in\/pascal-oberson-b17045113"],"url":"https:\/\/newsestlyonnais.fr\/site\/author\/nel\/"}]}},"_links":{"self":[{"href":"https:\/\/newsestlyonnais.fr\/site\/wp-json\/wp\/v2\/posts\/125561","targetHints":{"allow":["GET"]}}],"collection":[{"href":"https:\/\/newsestlyonnais.fr\/site\/wp-json\/wp\/v2\/posts"}],"about":[{"href":"https:\/\/newsestlyonnais.fr\/site\/wp-json\/wp\/v2\/types\/post"}],"author":[{"embeddable":true,"href":"https:\/\/newsestlyonnais.fr\/site\/wp-json\/wp\/v2\/users\/4"}],"replies":[{"embeddable":true,"href":"https:\/\/newsestlyonnais.fr\/site\/wp-json\/wp\/v2\/comments?post=125561"}],"version-history":[{"count":0,"href":"https:\/\/newsestlyonnais.fr\/site\/wp-json\/wp\/v2\/posts\/125561\/revisions"}],"wp:featuredmedia":[{"embeddable":true,"href":"https:\/\/newsestlyonnais.fr\/site\/wp-json\/wp\/v2\/media\/125578"}],"wp:attachment":[{"href":"https:\/\/newsestlyonnais.fr\/site\/wp-json\/wp\/v2\/media?parent=125561"}],"wp:term":[{"taxonomy":"category","embeddable":true,"href":"https:\/\/newsestlyonnais.fr\/site\/wp-json\/wp\/v2\/categories?post=125561"},{"taxonomy":"post_tag","embeddable":true,"href":"https:\/\/newsestlyonnais.fr\/site\/wp-json\/wp\/v2\/tags?post=125561"}],"curies":[{"name":"wp","href":"https:\/\/api.w.org\/{rel}","templated":true}]}}