{"id":126246,"date":"2021-03-04T07:19:44","date_gmt":"2021-03-04T06:19:44","guid":{"rendered":"http:\/\/newsestlyonnais.fr\/site\/?p=126246"},"modified":"2021-03-05T08:06:31","modified_gmt":"2021-03-05T07:06:31","slug":"lyon-radio-les-enfants-du-rhone-on-a-obtenu-des-niveaux-decoute-jamais-atteints-jusque-la","status":"publish","type":"post","link":"https:\/\/newsestlyonnais.fr\/site\/2021\/03\/04\/lyon-radio-les-enfants-du-rhone-on-a-obtenu-des-niveaux-decoute-jamais-atteints-jusque-la\/","title":{"rendered":"LYON | Radio Les Enfants du Rh\u00f4ne | \u00ab\u00a0on a obtenu des niveaux d\u2019\u00e9coute jamais atteints jusque-l\u00e0\u00a0\u00bb"},"content":{"rendered":"<p>En ce jeudi, c\u2019est <strong>Jacques Boucaud, pr\u00e9sident de la radio depuis 2018<\/strong>, qui r\u00e9pond aux questions de la r\u00e9daction :<\/p>\n<hr \/>\n<ul>\n<li><span style=\"font-size: 14pt;\"><strong><u>Quelle est son activit\u00e9 et effectif actuel<\/u><\/strong><\/span><strong><span style=\"font-size: 14pt;\"> ?<\/span> <\/strong><\/li>\n<\/ul>\n<p class=\"font_8\">\u00bb Cr\u00e9\u00e9e en 2013, \u00ab\u00a0<strong>Les Enfants du Rh\u00f4ne\u00a0\u00bb est une webradio associative lyonnaise<\/strong> perch\u00e9e sur la colline de la Croix-Rousse.<\/p>\n<p class=\"font_8\"><strong>Elle produit des \u00e9missions culturelles et diffuse des artistes de la R\u00e9gion Auvergne-Rh\u00f4ne-Alpes<\/strong>, dans les domaines de la musique, du th\u00e9\u00e2tre, du livre, etc. Sont aussi r\u00e9alis\u00e9s des ateliers radios avec des coll\u00e8ges et des structures sociales de la r\u00e9gion. Ils abordent le b.a.ba de la radio et toutes les \u00e9tapes de production d\u2019une \u00e9mission : prise de micro, interviews, \u00e9locution, prise de son, pr\u00e9sentation de sujets et aspects techniques. De ces ateliers, naissent de nouvelles \u00e9missions, sur des th\u00e9matiques d\u00e9finies avec les \u00e9ducateurs et les participants.<\/p>\n<p class=\"font_8\"><strong>Comme toutes les autres, ces \u00e9missions sont diffus\u00e9es sur les ondes de la radio, puis podcast\u00e9es<\/strong>.<\/p>\n<p><strong>Effectif <\/strong>\u00e0 ce jour : <strong>une trentaine de b\u00e9n\u00e9voles<\/strong>, <strong>entre deux et cinq services civiques selon les besoins<\/strong>, et depuis le 1\u00b0 mars 2021, <strong>un salari\u00e9 charg\u00e9 de la gestion et de la communication<\/strong>, notamment des dossiers de financement publics\/priv\u00e9s, des partenariats et du suivi du budget ; il sera le aussi le responsable de la communication digitale et de la veille sur les r\u00e9seaux sociaux.<\/p>\n<p>Enfin, <strong>un intermittent du spectacle<\/strong> concentre son activit\u00e9 permanente au sein de la structure sur les ateliers radio \u00ab .<\/p>\n<hr \/>\n<ul>\n<li><span style=\"font-size: 14pt;\"><strong><u>Comment s\u2019\u00e9tait pass\u00e9 le 1\u00b0 confinement<\/u> <\/strong><\/span><strong><span style=\"font-size: 14pt;\">?<\/span><u><br \/>\n<\/u><\/strong><\/li>\n<\/ul>\n<p>\u00bb H\u00e9berg\u00e9s par la mairie du 4\u00b0 arrondissement de Lyon dans ses locaux de la Maison des Associations, ferm\u00e9e pendant le confinement, nous avons \u00e9t\u00e9 contraints de mettre nos services civiques en t\u00e9l\u00e9travail.<\/p>\n<p><strong>Aucune \u00e9mission n\u2019a pu \u00eatre enregistr\u00e9e<\/strong> puisque selon leur th\u00e8me, elles le sont soit dans nos locaux, soit des th\u00e9\u00e2tres, des salles de concert ou des librairies. L\u2019\u00c9tat a pris en charge une partie du co\u00fbt des services publics \u00bb.<\/p>\n<ul>\n<li><strong><span style=\"font-size: 14pt;\"><span style=\"text-decoration: underline;\">Et la reprise des activit\u00e9s \u00e0 la rentr\u00e9e de septembre<\/span> ?<\/span> <\/strong><\/li>\n<\/ul>\n<p>\u00bb\u00a0 Toujours pas de lieux d\u2019enregistrement de nos \u00e9missions, <strong>nos services civiques en ont profit\u00e9 pour d\u00e9velopper notre playlist<\/strong> depuis nos locaux, ouverts partiellement \u00bb.<\/p>\n<hr \/>\n<ul>\n<li><span style=\"font-size: 14pt;\"><u><strong>Avez-vous connu depuis une baisse de vos effectifs<\/strong><\/u><strong> ?<\/strong><\/span><\/li>\n<\/ul>\n<p>\u00bb Non, mais on a not\u00e9 <strong>un int\u00e9r\u00eat particulier pour les programmes de radio chez les auditeurs confin\u00e9s<\/strong> et l\u2019<strong>on a obtenu des niveaux d\u2019\u00e9coute jamais atteints jusque-l\u00e0<\/strong> <em>\u00ab . <\/em><\/p>\n<hr \/>\n<ul>\n<li><span style=\"font-size: 14pt;\"><strong><span style=\"text-decoration: underline;\">Comment se d\u00e9roule ce 2\u00b0 confinement<\/span> ?<\/strong><\/span><\/li>\n<\/ul>\n<p>\u00bb<strong> Notre activit\u00e9 est r\u00e9duite mais la m\u00eame depuis d\u00e9but septembre<\/strong> \u00ab .<\/p>\n<ul>\n<li><span style=\"font-size: 14pt;\"><strong><span style=\"text-decoration: underline;\">Cons\u00e9quences financi\u00e8res ou autres<\/span> ?<\/strong><\/span><\/li>\n<\/ul>\n<p>\u00bb Aucune \u00ab .<\/p>\n<hr \/>\n<ul>\n<li><strong><span style=\"font-size: 14pt;\"><span style=\"text-decoration: underline;\">Et pour conclure<\/span> ?<\/span> <\/strong><\/li>\n<\/ul>\n<p>\u00bb Quelque soit la situation dans les prochaines semaines, <strong>nous attendrons la rentr\u00e9e de septembre pour relancer notre grille de programme compl\u00e8te<\/strong>, avec de nouvelles \u00e9missions \u00ab .<\/p>\n<hr \/>\n<p><strong><em><img loading=\"lazy\" decoding=\"async\" class=\"alignleft wp-image-126252 size-thumbnail\" src=\"https:\/\/newsestlyonnais.fr\/site\/wp-content\/uploads\/2021\/03\/49306586_2298815650150298_727148911084437504_n-250x250.jpg\" alt=\"\" width=\"150\" height=\"150\" data-attachment-id=\"125682\" data-permalink=\"https:\/\/newsestlyonnais.fr\/site\/2021\/02\/25\/lyon-les-gens-de-limage-nous-navons-pu-presenter-nos-sujets-au-public-et-partager-avec-nos-visiteurs\/84702798_579370612644419_4516628711310622720_n\/\" data-orig-file=\"https:\/\/i1.wp.com\/newsestlyonnais.fr\/site\/wp-content\/uploads\/2021\/02\/84702798_579370612644419_4516628711310622720_n.png?fit=148%2C148&amp;ssl=1\" data-orig-size=\"148,148\" data-comments-opened=\"1\" data-image-meta=\"{&quot;aperture&quot;:&quot;0&quot;,&quot;credit&quot;:&quot;&quot;,&quot;camera&quot;:&quot;&quot;,&quot;caption&quot;:&quot;&quot;,&quot;created_timestamp&quot;:&quot;0&quot;,&quot;copyright&quot;:&quot;&quot;,&quot;focal_length&quot;:&quot;0&quot;,&quot;iso&quot;:&quot;0&quot;,&quot;shutter_speed&quot;:&quot;0&quot;,&quot;title&quot;:&quot;&quot;,&quot;orientation&quot;:&quot;0&quot;}\" data-image-title=\"84702798_579370612644419_4516628711310622720_n\" data-image-description=\"\" data-medium-file=\"https:\/\/i1.wp.com\/newsestlyonnais.fr\/site\/wp-content\/uploads\/2021\/02\/84702798_579370612644419_4516628711310622720_n.png?fit=148%2C148&amp;ssl=1\" data-large-file=\"https:\/\/i1.wp.com\/newsestlyonnais.fr\/site\/wp-content\/uploads\/2021\/02\/84702798_579370612644419_4516628711310622720_n.png?fit=148%2C148&amp;ssl=1\" data-recalc-dims=\"1\" srcset=\"https:\/\/newsestlyonnais.fr\/site\/wp-content\/uploads\/2021\/03\/49306586_2298815650150298_727148911084437504_n-250x250.jpg 250w, https:\/\/newsestlyonnais.fr\/site\/wp-content\/uploads\/2021\/03\/49306586_2298815650150298_727148911084437504_n-400x400.jpg 400w, https:\/\/newsestlyonnais.fr\/site\/wp-content\/uploads\/2021\/03\/49306586_2298815650150298_727148911084437504_n-650x650.jpg 650w, https:\/\/newsestlyonnais.fr\/site\/wp-content\/uploads\/2021\/03\/49306586_2298815650150298_727148911084437504_n-768x768.jpg 768w, https:\/\/newsestlyonnais.fr\/site\/wp-content\/uploads\/2021\/03\/49306586_2298815650150298_727148911084437504_n-150x150.jpg 150w, https:\/\/newsestlyonnais.fr\/site\/wp-content\/uploads\/2021\/03\/49306586_2298815650150298_727148911084437504_n-50x50.jpg 50w, https:\/\/newsestlyonnais.fr\/site\/wp-content\/uploads\/2021\/03\/49306586_2298815650150298_727148911084437504_n-100x100.jpg 100w, https:\/\/newsestlyonnais.fr\/site\/wp-content\/uploads\/2021\/03\/49306586_2298815650150298_727148911084437504_n-200x200.jpg 200w, https:\/\/newsestlyonnais.fr\/site\/wp-content\/uploads\/2021\/03\/49306586_2298815650150298_727148911084437504_n-300x300.jpg 300w, https:\/\/newsestlyonnais.fr\/site\/wp-content\/uploads\/2021\/03\/49306586_2298815650150298_727148911084437504_n-350x350.jpg 350w, https:\/\/newsestlyonnais.fr\/site\/wp-content\/uploads\/2021\/03\/49306586_2298815650150298_727148911084437504_n-450x450.jpg 450w, https:\/\/newsestlyonnais.fr\/site\/wp-content\/uploads\/2021\/03\/49306586_2298815650150298_727148911084437504_n-500x500.jpg 500w, https:\/\/newsestlyonnais.fr\/site\/wp-content\/uploads\/2021\/03\/49306586_2298815650150298_727148911084437504_n-550x550.jpg 550w, https:\/\/newsestlyonnais.fr\/site\/wp-content\/uploads\/2021\/03\/49306586_2298815650150298_727148911084437504_n-800x800.jpg 800w, https:\/\/newsestlyonnais.fr\/site\/wp-content\/uploads\/2021\/03\/49306586_2298815650150298_727148911084437504_n.jpg 897w\" sizes=\"auto, (max-width: 150px) 100vw, 150px\" \/><\/em><\/strong><\/p>\n<ul>\n<li><em><strong>Les Enfants du Rh\u00f4ne \/ 28 rue Denfert-Rochereau \/ Lyon 4\u00b0\u00a0<\/strong><\/em><\/li>\n<li><strong>A retrouver sur<\/strong> :<span style=\"color: #0000ff;\"> <a style=\"color: #0000ff;\" href=\"http:\/\/ledr.fr\">http:\/\/ledr.fr<\/a><\/span><\/li>\n<li>sur : <span style=\"color: #0000ff;\"><a style=\"color: #0000ff;\" href=\"https:\/\/www.facebook.com\/LEDR.fr\">https:\/\/www.facebook.com\/LEDR.fr<\/a><\/span><\/li>\n<\/ul>\n<hr \/>\n<div id='gallery-1' class='gallery galleryid-126246 gallery-columns-3 gallery-size-thumbnail'><figure class='gallery-item'>\n\t\t\t<div class='gallery-icon landscape'>\n\t\t\t\t<a href='https:\/\/newsestlyonnais.fr\/site\/2021\/03\/04\/lyon-radio-les-enfants-du-rhone-on-a-obtenu-des-niveaux-decoute-jamais-atteints-jusque-la\/61115069_2514577835240744_8223920601476104192_o\/'><img loading=\"lazy\" decoding=\"async\" width=\"150\" height=\"150\" src=\"https:\/\/newsestlyonnais.fr\/site\/wp-content\/uploads\/2021\/03\/61115069_2514577835240744_8223920601476104192_o.jpeg\" class=\"attachment-thumbnail size-thumbnail\" alt=\"\" srcset=\"https:\/\/newsestlyonnais.fr\/site\/wp-content\/uploads\/2021\/03\/61115069_2514577835240744_8223920601476104192_o.jpeg 240w, https:\/\/newsestlyonnais.fr\/site\/wp-content\/uploads\/2021\/03\/61115069_2514577835240744_8223920601476104192_o-150x150.jpeg 150w, https:\/\/newsestlyonnais.fr\/site\/wp-content\/uploads\/2021\/03\/61115069_2514577835240744_8223920601476104192_o-50x50.jpeg 50w, https:\/\/newsestlyonnais.fr\/site\/wp-content\/uploads\/2021\/03\/61115069_2514577835240744_8223920601476104192_o-100x100.jpeg 100w, https:\/\/newsestlyonnais.fr\/site\/wp-content\/uploads\/2021\/03\/61115069_2514577835240744_8223920601476104192_o-200x200.jpeg 200w\" sizes=\"auto, (max-width: 150px) 100vw, 150px\" \/><\/a>\n\t\t\t<\/div><\/figure><figure class='gallery-item'>\n\t\t\t<div class='gallery-icon landscape'>\n\t\t\t\t<a href='https:\/\/newsestlyonnais.fr\/site\/2021\/03\/04\/lyon-radio-les-enfants-du-rhone-on-a-obtenu-des-niveaux-decoute-jamais-atteints-jusque-la\/120577056_3736103123088203_7272692531574622913_n\/'><img loading=\"lazy\" decoding=\"async\" width=\"150\" height=\"113\" src=\"https:\/\/newsestlyonnais.fr\/site\/wp-content\/uploads\/2021\/03\/120577056_3736103123088203_7272692531574622913_n-250x188.jpeg\" class=\"attachment-thumbnail size-thumbnail\" alt=\"\" srcset=\"https:\/\/newsestlyonnais.fr\/site\/wp-content\/uploads\/2021\/03\/120577056_3736103123088203_7272692531574622913_n-250x188.jpeg 250w, https:\/\/newsestlyonnais.fr\/site\/wp-content\/uploads\/2021\/03\/120577056_3736103123088203_7272692531574622913_n-150x113.jpeg 150w, https:\/\/newsestlyonnais.fr\/site\/wp-content\/uploads\/2021\/03\/120577056_3736103123088203_7272692531574622913_n-50x38.jpeg 50w, https:\/\/newsestlyonnais.fr\/site\/wp-content\/uploads\/2021\/03\/120577056_3736103123088203_7272692531574622913_n-100x75.jpeg 100w, https:\/\/newsestlyonnais.fr\/site\/wp-content\/uploads\/2021\/03\/120577056_3736103123088203_7272692531574622913_n-200x150.jpeg 200w, https:\/\/newsestlyonnais.fr\/site\/wp-content\/uploads\/2021\/03\/120577056_3736103123088203_7272692531574622913_n-300x225.jpeg 300w, https:\/\/newsestlyonnais.fr\/site\/wp-content\/uploads\/2021\/03\/120577056_3736103123088203_7272692531574622913_n.jpeg 320w\" sizes=\"auto, (max-width: 150px) 100vw, 150px\" \/><\/a>\n\t\t\t<\/div><\/figure><figure class='gallery-item'>\n\t\t\t<div class='gallery-icon landscape'>\n\t\t\t\t<a href='https:\/\/newsestlyonnais.fr\/site\/2021\/03\/04\/lyon-radio-les-enfants-du-rhone-on-a-obtenu-des-niveaux-decoute-jamais-atteints-jusque-la\/120246485_3715502335148282_4563509045195171448_o\/'><img loading=\"lazy\" decoding=\"async\" width=\"150\" height=\"112\" src=\"https:\/\/newsestlyonnais.fr\/site\/wp-content\/uploads\/2021\/03\/120246485_3715502335148282_4563509045195171448_o-250x186.jpeg\" class=\"attachment-thumbnail size-thumbnail\" alt=\"\" srcset=\"https:\/\/newsestlyonnais.fr\/site\/wp-content\/uploads\/2021\/03\/120246485_3715502335148282_4563509045195171448_o-250x186.jpeg 250w, https:\/\/newsestlyonnais.fr\/site\/wp-content\/uploads\/2021\/03\/120246485_3715502335148282_4563509045195171448_o-150x112.jpeg 150w, https:\/\/newsestlyonnais.fr\/site\/wp-content\/uploads\/2021\/03\/120246485_3715502335148282_4563509045195171448_o-50x37.jpeg 50w, https:\/\/newsestlyonnais.fr\/site\/wp-content\/uploads\/2021\/03\/120246485_3715502335148282_4563509045195171448_o-100x74.jpeg 100w, https:\/\/newsestlyonnais.fr\/site\/wp-content\/uploads\/2021\/03\/120246485_3715502335148282_4563509045195171448_o-200x149.jpeg 200w, https:\/\/newsestlyonnais.fr\/site\/wp-content\/uploads\/2021\/03\/120246485_3715502335148282_4563509045195171448_o-300x223.jpeg 300w, https:\/\/newsestlyonnais.fr\/site\/wp-content\/uploads\/2021\/03\/120246485_3715502335148282_4563509045195171448_o.jpeg 320w\" sizes=\"auto, (max-width: 150px) 100vw, 150px\" \/><\/a>\n\t\t\t<\/div><\/figure>\n\t\t<\/div>\n\n<p>&nbsp;<\/p>\n","protected":false},"excerpt":{"rendered":"<p>1 jour, 1 association | Quotidiennement, une association est pr\u00e9sent\u00e9e par un de ses dirigeants.<\/p>\n","protected":false},"author":4,"featured_media":126268,"comment_status":"open","ping_status":"open","sticky":false,"template":"","format":"standard","meta":{"footnotes":""},"categories":[3420,221,2172,1625],"tags":[3635,2077,3634],"class_list":["post-126246","post","type-post","status-publish","format-standard","has-post-thumbnail","hentry","category-1-jour-1-association","category-cine-radio-theatre","category-informatique-numerique","category-lyon","tag-les-enfants-du-rhone","tag-lyon","tag-radio"],"yoast_head":"<!-- This site is optimized with the Yoast SEO plugin v27.2 - https:\/\/yoast.com\/product\/yoast-seo-wordpress\/ -->\n<title>LYON | Radio Les Enfants du Rh\u00f4ne | &quot;on a obtenu des niveaux d\u2019\u00e9coute jamais atteints jusque-l\u00e0&quot; - News Est Lyonnais<\/title>\n<meta name=\"description\" content=\"LYON | Radio Les Enfants du Rh\u00f4ne | &quot;on a obtenu des niveaux d\u2019\u00e9coute jamais atteints jusque-l\u00e0&quot;\" \/>\n<meta name=\"robots\" content=\"index, follow, max-snippet:-1, max-image-preview:large, max-video-preview:-1\" \/>\n<link rel=\"canonical\" href=\"https:\/\/newsestlyonnais.fr\/site\/2021\/03\/04\/lyon-radio-les-enfants-du-rhone-on-a-obtenu-des-niveaux-decoute-jamais-atteints-jusque-la\/\" \/>\n<meta property=\"og:locale\" content=\"fr_FR\" \/>\n<meta property=\"og:type\" content=\"article\" \/>\n<meta property=\"og:title\" content=\"LYON | Radio Les Enfants du Rh\u00f4ne | &quot;on a obtenu des niveaux d\u2019\u00e9coute jamais atteints jusque-l\u00e0&quot; - News Est Lyonnais\" \/>\n<meta property=\"og:description\" content=\"LYON | Radio Les Enfants du Rh\u00f4ne | &quot;on a obtenu des niveaux d\u2019\u00e9coute jamais atteints jusque-l\u00e0&quot;\" \/>\n<meta property=\"og:url\" content=\"https:\/\/newsestlyonnais.fr\/site\/2021\/03\/04\/lyon-radio-les-enfants-du-rhone-on-a-obtenu-des-niveaux-decoute-jamais-atteints-jusque-la\/\" \/>\n<meta property=\"og:site_name\" content=\"News Est Lyonnais\" \/>\n<meta property=\"article:author\" content=\"https:\/\/www.facebook.com\/pascal.oberson.1?fref=ts\" \/>\n<meta property=\"article:published_time\" content=\"2021-03-04T06:19:44+00:00\" \/>\n<meta property=\"article:modified_time\" content=\"2021-03-05T07:06:31+00:00\" \/>\n<meta property=\"og:image\" content=\"https:\/\/i1.wp.com\/newsestlyonnais.fr\/site\/wp-content\/uploads\/2021\/03\/57253534_2454334807931714_397793913835880448_o.jpeg?fit=320%2C213&ssl=1\" \/>\n\t<meta property=\"og:image:width\" content=\"320\" \/>\n\t<meta property=\"og:image:height\" content=\"213\" \/>\n\t<meta property=\"og:image:type\" content=\"image\/jpeg\" \/>\n<meta name=\"author\" content=\"R\u00e9dac. NEWS\" \/>\n<meta name=\"twitter:card\" content=\"summary_large_image\" \/>\n<meta name=\"twitter:label1\" content=\"\u00c9crit par\" \/>\n\t<meta name=\"twitter:data1\" content=\"R\u00e9dac. NEWS\" \/>\n\t<meta name=\"twitter:label2\" content=\"Dur\u00e9e de lecture estim\u00e9e\" \/>\n\t<meta name=\"twitter:data2\" content=\"3 minutes\" \/>\n<script type=\"application\/ld+json\" class=\"yoast-schema-graph\">{\"@context\":\"https:\/\/schema.org\",\"@graph\":[{\"@type\":\"Article\",\"@id\":\"https:\/\/newsestlyonnais.fr\/site\/2021\/03\/04\/lyon-radio-les-enfants-du-rhone-on-a-obtenu-des-niveaux-decoute-jamais-atteints-jusque-la\/#article\",\"isPartOf\":{\"@id\":\"https:\/\/newsestlyonnais.fr\/site\/2021\/03\/04\/lyon-radio-les-enfants-du-rhone-on-a-obtenu-des-niveaux-decoute-jamais-atteints-jusque-la\/\"},\"author\":{\"name\":\"R\u00e9dac. NEWS\",\"@id\":\"https:\/\/newsestlyonnais.fr\/site\/#\/schema\/person\/3230d5615f390bb808365d673001e887\"},\"headline\":\"LYON | Radio Les Enfants du Rh\u00f4ne | \u00ab\u00a0on a obtenu des niveaux d\u2019\u00e9coute jamais atteints jusque-l\u00e0\u00a0\u00bb\",\"datePublished\":\"2021-03-04T06:19:44+00:00\",\"dateModified\":\"2021-03-05T07:06:31+00:00\",\"mainEntityOfPage\":{\"@id\":\"https:\/\/newsestlyonnais.fr\/site\/2021\/03\/04\/lyon-radio-les-enfants-du-rhone-on-a-obtenu-des-niveaux-decoute-jamais-atteints-jusque-la\/\"},\"wordCount\":513,\"commentCount\":0,\"publisher\":{\"@id\":\"https:\/\/newsestlyonnais.fr\/site\/#organization\"},\"image\":{\"@id\":\"https:\/\/newsestlyonnais.fr\/site\/2021\/03\/04\/lyon-radio-les-enfants-du-rhone-on-a-obtenu-des-niveaux-decoute-jamais-atteints-jusque-la\/#primaryimage\"},\"thumbnailUrl\":\"https:\/\/newsestlyonnais.fr\/site\/wp-content\/uploads\/2021\/03\/57253534_2454334807931714_397793913835880448_o.jpeg\",\"keywords\":[\"Les Enfants du Rh\u00f4ne\",\"LYON\",\"RADIO\"],\"articleSection\":[\"1 jour, 1 association\",\"Cin\u00e9 | Radio | Th\u00e9\u00e2tre\",\"Informatique | Num\u00e9rique\",\"Lyon\"],\"inLanguage\":\"fr-FR\",\"potentialAction\":[{\"@type\":\"CommentAction\",\"name\":\"Comment\",\"target\":[\"https:\/\/newsestlyonnais.fr\/site\/2021\/03\/04\/lyon-radio-les-enfants-du-rhone-on-a-obtenu-des-niveaux-decoute-jamais-atteints-jusque-la\/#respond\"]}]},{\"@type\":\"WebPage\",\"@id\":\"https:\/\/newsestlyonnais.fr\/site\/2021\/03\/04\/lyon-radio-les-enfants-du-rhone-on-a-obtenu-des-niveaux-decoute-jamais-atteints-jusque-la\/\",\"url\":\"https:\/\/newsestlyonnais.fr\/site\/2021\/03\/04\/lyon-radio-les-enfants-du-rhone-on-a-obtenu-des-niveaux-decoute-jamais-atteints-jusque-la\/\",\"name\":\"LYON | Radio Les Enfants du Rh\u00f4ne | \\\"on a obtenu des niveaux d\u2019\u00e9coute jamais atteints jusque-l\u00e0\\\" - News Est Lyonnais\",\"isPartOf\":{\"@id\":\"https:\/\/newsestlyonnais.fr\/site\/#website\"},\"primaryImageOfPage\":{\"@id\":\"https:\/\/newsestlyonnais.fr\/site\/2021\/03\/04\/lyon-radio-les-enfants-du-rhone-on-a-obtenu-des-niveaux-decoute-jamais-atteints-jusque-la\/#primaryimage\"},\"image\":{\"@id\":\"https:\/\/newsestlyonnais.fr\/site\/2021\/03\/04\/lyon-radio-les-enfants-du-rhone-on-a-obtenu-des-niveaux-decoute-jamais-atteints-jusque-la\/#primaryimage\"},\"thumbnailUrl\":\"https:\/\/newsestlyonnais.fr\/site\/wp-content\/uploads\/2021\/03\/57253534_2454334807931714_397793913835880448_o.jpeg\",\"datePublished\":\"2021-03-04T06:19:44+00:00\",\"dateModified\":\"2021-03-05T07:06:31+00:00\",\"description\":\"LYON | Radio Les Enfants du Rh\u00f4ne | \\\"on a obtenu des niveaux d\u2019\u00e9coute jamais atteints jusque-l\u00e0\\\"\",\"breadcrumb\":{\"@id\":\"https:\/\/newsestlyonnais.fr\/site\/2021\/03\/04\/lyon-radio-les-enfants-du-rhone-on-a-obtenu-des-niveaux-decoute-jamais-atteints-jusque-la\/#breadcrumb\"},\"inLanguage\":\"fr-FR\",\"potentialAction\":[{\"@type\":\"ReadAction\",\"target\":[\"https:\/\/newsestlyonnais.fr\/site\/2021\/03\/04\/lyon-radio-les-enfants-du-rhone-on-a-obtenu-des-niveaux-decoute-jamais-atteints-jusque-la\/\"]}]},{\"@type\":\"ImageObject\",\"inLanguage\":\"fr-FR\",\"@id\":\"https:\/\/newsestlyonnais.fr\/site\/2021\/03\/04\/lyon-radio-les-enfants-du-rhone-on-a-obtenu-des-niveaux-decoute-jamais-atteints-jusque-la\/#primaryimage\",\"url\":\"https:\/\/newsestlyonnais.fr\/site\/wp-content\/uploads\/2021\/03\/57253534_2454334807931714_397793913835880448_o.jpeg\",\"contentUrl\":\"https:\/\/newsestlyonnais.fr\/site\/wp-content\/uploads\/2021\/03\/57253534_2454334807931714_397793913835880448_o.jpeg\",\"width\":320,\"height\":213},{\"@type\":\"BreadcrumbList\",\"@id\":\"https:\/\/newsestlyonnais.fr\/site\/2021\/03\/04\/lyon-radio-les-enfants-du-rhone-on-a-obtenu-des-niveaux-decoute-jamais-atteints-jusque-la\/#breadcrumb\",\"itemListElement\":[{\"@type\":\"ListItem\",\"position\":1,\"name\":\"Accueil\",\"item\":\"https:\/\/newsestlyonnais.fr\/site\/\"},{\"@type\":\"ListItem\",\"position\":2,\"name\":\"LYON | Radio Les Enfants du Rh\u00f4ne | \u00ab\u00a0on a obtenu des niveaux d\u2019\u00e9coute jamais atteints jusque-l\u00e0\u00a0\u00bb\"}]},{\"@type\":\"WebSite\",\"@id\":\"https:\/\/newsestlyonnais.fr\/site\/#website\",\"url\":\"https:\/\/newsestlyonnais.fr\/site\/\",\"name\":\"News Est Lyonnais\",\"description\":\"L&#039;actualit\u00e9 au plus pr\u00e8s\",\"publisher\":{\"@id\":\"https:\/\/newsestlyonnais.fr\/site\/#organization\"},\"potentialAction\":[{\"@type\":\"SearchAction\",\"target\":{\"@type\":\"EntryPoint\",\"urlTemplate\":\"https:\/\/newsestlyonnais.fr\/site\/?s={search_term_string}\"},\"query-input\":{\"@type\":\"PropertyValueSpecification\",\"valueRequired\":true,\"valueName\":\"search_term_string\"}}],\"inLanguage\":\"fr-FR\"},{\"@type\":\"Organization\",\"@id\":\"https:\/\/newsestlyonnais.fr\/site\/#organization\",\"name\":\"News EST LYONNAIS\",\"url\":\"https:\/\/newsestlyonnais.fr\/site\/\",\"logo\":{\"@type\":\"ImageObject\",\"inLanguage\":\"fr-FR\",\"@id\":\"https:\/\/newsestlyonnais.fr\/site\/#\/schema\/logo\/image\/\",\"url\":\"\",\"contentUrl\":\"\",\"caption\":\"News EST LYONNAIS\"},\"image\":{\"@id\":\"https:\/\/newsestlyonnais.fr\/site\/#\/schema\/logo\/image\/\"}},{\"@type\":\"Person\",\"@id\":\"https:\/\/newsestlyonnais.fr\/site\/#\/schema\/person\/3230d5615f390bb808365d673001e887\",\"name\":\"R\u00e9dac. NEWS\",\"sameAs\":[\"http:\/\/www.newsestlyonnais.fr\",\"https:\/\/www.facebook.com\/pascal.oberson.1?fref=ts\",\"https:\/\/fr.linkedin.com\/in\/pascal-oberson-b17045113\"],\"url\":\"https:\/\/newsestlyonnais.fr\/site\/author\/nel\/\"}]}<\/script>\n<!-- \/ Yoast SEO plugin. -->","yoast_head_json":{"title":"LYON | Radio Les Enfants du Rh\u00f4ne | \"on a obtenu des niveaux d\u2019\u00e9coute jamais atteints jusque-l\u00e0\" - News Est Lyonnais","description":"LYON | Radio Les Enfants du Rh\u00f4ne | \"on a obtenu des niveaux d\u2019\u00e9coute jamais atteints jusque-l\u00e0\"","robots":{"index":"index","follow":"follow","max-snippet":"max-snippet:-1","max-image-preview":"max-image-preview:large","max-video-preview":"max-video-preview:-1"},"canonical":"https:\/\/newsestlyonnais.fr\/site\/2021\/03\/04\/lyon-radio-les-enfants-du-rhone-on-a-obtenu-des-niveaux-decoute-jamais-atteints-jusque-la\/","og_locale":"fr_FR","og_type":"article","og_title":"LYON | Radio Les Enfants du Rh\u00f4ne | \"on a obtenu des niveaux d\u2019\u00e9coute jamais atteints jusque-l\u00e0\" - News Est Lyonnais","og_description":"LYON | Radio Les Enfants du Rh\u00f4ne | \"on a obtenu des niveaux d\u2019\u00e9coute jamais atteints jusque-l\u00e0\"","og_url":"https:\/\/newsestlyonnais.fr\/site\/2021\/03\/04\/lyon-radio-les-enfants-du-rhone-on-a-obtenu-des-niveaux-decoute-jamais-atteints-jusque-la\/","og_site_name":"News Est Lyonnais","article_author":"https:\/\/www.facebook.com\/pascal.oberson.1?fref=ts","article_published_time":"2021-03-04T06:19:44+00:00","article_modified_time":"2021-03-05T07:06:31+00:00","og_image":[{"width":320,"height":213,"url":"https:\/\/i1.wp.com\/newsestlyonnais.fr\/site\/wp-content\/uploads\/2021\/03\/57253534_2454334807931714_397793913835880448_o.jpeg?fit=320%2C213&ssl=1","type":"image\/jpeg"}],"author":"R\u00e9dac. NEWS","twitter_card":"summary_large_image","twitter_misc":{"\u00c9crit par":"R\u00e9dac. NEWS","Dur\u00e9e de lecture estim\u00e9e":"3 minutes"},"schema":{"@context":"https:\/\/schema.org","@graph":[{"@type":"Article","@id":"https:\/\/newsestlyonnais.fr\/site\/2021\/03\/04\/lyon-radio-les-enfants-du-rhone-on-a-obtenu-des-niveaux-decoute-jamais-atteints-jusque-la\/#article","isPartOf":{"@id":"https:\/\/newsestlyonnais.fr\/site\/2021\/03\/04\/lyon-radio-les-enfants-du-rhone-on-a-obtenu-des-niveaux-decoute-jamais-atteints-jusque-la\/"},"author":{"name":"R\u00e9dac. NEWS","@id":"https:\/\/newsestlyonnais.fr\/site\/#\/schema\/person\/3230d5615f390bb808365d673001e887"},"headline":"LYON | Radio Les Enfants du Rh\u00f4ne | \u00ab\u00a0on a obtenu des niveaux d\u2019\u00e9coute jamais atteints jusque-l\u00e0\u00a0\u00bb","datePublished":"2021-03-04T06:19:44+00:00","dateModified":"2021-03-05T07:06:31+00:00","mainEntityOfPage":{"@id":"https:\/\/newsestlyonnais.fr\/site\/2021\/03\/04\/lyon-radio-les-enfants-du-rhone-on-a-obtenu-des-niveaux-decoute-jamais-atteints-jusque-la\/"},"wordCount":513,"commentCount":0,"publisher":{"@id":"https:\/\/newsestlyonnais.fr\/site\/#organization"},"image":{"@id":"https:\/\/newsestlyonnais.fr\/site\/2021\/03\/04\/lyon-radio-les-enfants-du-rhone-on-a-obtenu-des-niveaux-decoute-jamais-atteints-jusque-la\/#primaryimage"},"thumbnailUrl":"https:\/\/newsestlyonnais.fr\/site\/wp-content\/uploads\/2021\/03\/57253534_2454334807931714_397793913835880448_o.jpeg","keywords":["Les Enfants du Rh\u00f4ne","LYON","RADIO"],"articleSection":["1 jour, 1 association","Cin\u00e9 | Radio | Th\u00e9\u00e2tre","Informatique | Num\u00e9rique","Lyon"],"inLanguage":"fr-FR","potentialAction":[{"@type":"CommentAction","name":"Comment","target":["https:\/\/newsestlyonnais.fr\/site\/2021\/03\/04\/lyon-radio-les-enfants-du-rhone-on-a-obtenu-des-niveaux-decoute-jamais-atteints-jusque-la\/#respond"]}]},{"@type":"WebPage","@id":"https:\/\/newsestlyonnais.fr\/site\/2021\/03\/04\/lyon-radio-les-enfants-du-rhone-on-a-obtenu-des-niveaux-decoute-jamais-atteints-jusque-la\/","url":"https:\/\/newsestlyonnais.fr\/site\/2021\/03\/04\/lyon-radio-les-enfants-du-rhone-on-a-obtenu-des-niveaux-decoute-jamais-atteints-jusque-la\/","name":"LYON | Radio Les Enfants du Rh\u00f4ne | \"on a obtenu des niveaux d\u2019\u00e9coute jamais atteints jusque-l\u00e0\" - News Est Lyonnais","isPartOf":{"@id":"https:\/\/newsestlyonnais.fr\/site\/#website"},"primaryImageOfPage":{"@id":"https:\/\/newsestlyonnais.fr\/site\/2021\/03\/04\/lyon-radio-les-enfants-du-rhone-on-a-obtenu-des-niveaux-decoute-jamais-atteints-jusque-la\/#primaryimage"},"image":{"@id":"https:\/\/newsestlyonnais.fr\/site\/2021\/03\/04\/lyon-radio-les-enfants-du-rhone-on-a-obtenu-des-niveaux-decoute-jamais-atteints-jusque-la\/#primaryimage"},"thumbnailUrl":"https:\/\/newsestlyonnais.fr\/site\/wp-content\/uploads\/2021\/03\/57253534_2454334807931714_397793913835880448_o.jpeg","datePublished":"2021-03-04T06:19:44+00:00","dateModified":"2021-03-05T07:06:31+00:00","description":"LYON | Radio Les Enfants du Rh\u00f4ne | \"on a obtenu des niveaux d\u2019\u00e9coute jamais atteints jusque-l\u00e0\"","breadcrumb":{"@id":"https:\/\/newsestlyonnais.fr\/site\/2021\/03\/04\/lyon-radio-les-enfants-du-rhone-on-a-obtenu-des-niveaux-decoute-jamais-atteints-jusque-la\/#breadcrumb"},"inLanguage":"fr-FR","potentialAction":[{"@type":"ReadAction","target":["https:\/\/newsestlyonnais.fr\/site\/2021\/03\/04\/lyon-radio-les-enfants-du-rhone-on-a-obtenu-des-niveaux-decoute-jamais-atteints-jusque-la\/"]}]},{"@type":"ImageObject","inLanguage":"fr-FR","@id":"https:\/\/newsestlyonnais.fr\/site\/2021\/03\/04\/lyon-radio-les-enfants-du-rhone-on-a-obtenu-des-niveaux-decoute-jamais-atteints-jusque-la\/#primaryimage","url":"https:\/\/newsestlyonnais.fr\/site\/wp-content\/uploads\/2021\/03\/57253534_2454334807931714_397793913835880448_o.jpeg","contentUrl":"https:\/\/newsestlyonnais.fr\/site\/wp-content\/uploads\/2021\/03\/57253534_2454334807931714_397793913835880448_o.jpeg","width":320,"height":213},{"@type":"BreadcrumbList","@id":"https:\/\/newsestlyonnais.fr\/site\/2021\/03\/04\/lyon-radio-les-enfants-du-rhone-on-a-obtenu-des-niveaux-decoute-jamais-atteints-jusque-la\/#breadcrumb","itemListElement":[{"@type":"ListItem","position":1,"name":"Accueil","item":"https:\/\/newsestlyonnais.fr\/site\/"},{"@type":"ListItem","position":2,"name":"LYON | Radio Les Enfants du Rh\u00f4ne | \u00ab\u00a0on a obtenu des niveaux d\u2019\u00e9coute jamais atteints jusque-l\u00e0\u00a0\u00bb"}]},{"@type":"WebSite","@id":"https:\/\/newsestlyonnais.fr\/site\/#website","url":"https:\/\/newsestlyonnais.fr\/site\/","name":"News Est Lyonnais","description":"L&#039;actualit\u00e9 au plus pr\u00e8s","publisher":{"@id":"https:\/\/newsestlyonnais.fr\/site\/#organization"},"potentialAction":[{"@type":"SearchAction","target":{"@type":"EntryPoint","urlTemplate":"https:\/\/newsestlyonnais.fr\/site\/?s={search_term_string}"},"query-input":{"@type":"PropertyValueSpecification","valueRequired":true,"valueName":"search_term_string"}}],"inLanguage":"fr-FR"},{"@type":"Organization","@id":"https:\/\/newsestlyonnais.fr\/site\/#organization","name":"News EST LYONNAIS","url":"https:\/\/newsestlyonnais.fr\/site\/","logo":{"@type":"ImageObject","inLanguage":"fr-FR","@id":"https:\/\/newsestlyonnais.fr\/site\/#\/schema\/logo\/image\/","url":"","contentUrl":"","caption":"News EST LYONNAIS"},"image":{"@id":"https:\/\/newsestlyonnais.fr\/site\/#\/schema\/logo\/image\/"}},{"@type":"Person","@id":"https:\/\/newsestlyonnais.fr\/site\/#\/schema\/person\/3230d5615f390bb808365d673001e887","name":"R\u00e9dac. NEWS","sameAs":["http:\/\/www.newsestlyonnais.fr","https:\/\/www.facebook.com\/pascal.oberson.1?fref=ts","https:\/\/fr.linkedin.com\/in\/pascal-oberson-b17045113"],"url":"https:\/\/newsestlyonnais.fr\/site\/author\/nel\/"}]}},"_links":{"self":[{"href":"https:\/\/newsestlyonnais.fr\/site\/wp-json\/wp\/v2\/posts\/126246","targetHints":{"allow":["GET"]}}],"collection":[{"href":"https:\/\/newsestlyonnais.fr\/site\/wp-json\/wp\/v2\/posts"}],"about":[{"href":"https:\/\/newsestlyonnais.fr\/site\/wp-json\/wp\/v2\/types\/post"}],"author":[{"embeddable":true,"href":"https:\/\/newsestlyonnais.fr\/site\/wp-json\/wp\/v2\/users\/4"}],"replies":[{"embeddable":true,"href":"https:\/\/newsestlyonnais.fr\/site\/wp-json\/wp\/v2\/comments?post=126246"}],"version-history":[{"count":0,"href":"https:\/\/newsestlyonnais.fr\/site\/wp-json\/wp\/v2\/posts\/126246\/revisions"}],"wp:featuredmedia":[{"embeddable":true,"href":"https:\/\/newsestlyonnais.fr\/site\/wp-json\/wp\/v2\/media\/126268"}],"wp:attachment":[{"href":"https:\/\/newsestlyonnais.fr\/site\/wp-json\/wp\/v2\/media?parent=126246"}],"wp:term":[{"taxonomy":"category","embeddable":true,"href":"https:\/\/newsestlyonnais.fr\/site\/wp-json\/wp\/v2\/categories?post=126246"},{"taxonomy":"post_tag","embeddable":true,"href":"https:\/\/newsestlyonnais.fr\/site\/wp-json\/wp\/v2\/tags?post=126246"}],"curies":[{"name":"wp","href":"https:\/\/api.w.org\/{rel}","templated":true}]}}