{"id":126453,"date":"2021-03-07T09:33:36","date_gmt":"2021-03-07T08:33:36","guid":{"rendered":"http:\/\/newsestlyonnais.fr\/site\/?p=126453"},"modified":"2021-03-18T13:34:10","modified_gmt":"2021-03-18T12:34:10","slug":"lyon-tennis-jour-de-finales-a-lopen-6eme-sens","status":"publish","type":"post","link":"https:\/\/newsestlyonnais.fr\/site\/2021\/03\/07\/lyon-tennis-jour-de-finales-a-lopen-6eme-sens\/","title":{"rendered":"Lyon | Tennis > jour de finales open 6\u00b0 Sens"},"content":{"rendered":"<p>Par son organisation d\u2019abord, effectu\u00e9e dans un temps record avec une relocalisation \u00e0 la Halle Tony Garnier et un protocole sanitaire tr\u00e8s strict. Par son niveau de jeu ensuite, avec une myriade de chocs en 3 sets, de rebondissements et de sc\u00e9narios \u00e9piques. <strong>Et bien s\u00fbr, par l\u2019affiche de sa finale<\/strong>, opposant <strong>deux invit\u00e9es surprises issues des qualifications<\/strong> (une premi\u00e8re depuis l\u2019Open du Japon 2017 !), qui disputeront donc leur 7\u00b0 match en 9 jours.<\/p>\n<p>La jeune <strong>Clara Tauson <\/strong>(18 ans) arrive sur le court sans avoir laiss\u00e9 un seul set en chemin. Comme toute la semaine, la Danoise \u00e9voluera sans pression pour sa premi\u00e8re finale WTA. Elle retrouve <strong>la Suissesse Viktorija Golubic<\/strong> (28 ans) qui dispute sa 3\u00e8me finale sur le circuit, port\u00e9e par un revers \u00e0 une main d\u00e9vastateur.<\/p>\n<p><strong>Qui eut cru que les deux femmes se retrouveraient 5 semaines apr\u00e8s leur finale du tournoi ITF de Fujairah<\/strong> aux Emirats Arabes Unis ? Clara Tauson l\u2019avait emport\u00e9 en 3 sets.<\/p>\n<p>N\u2019essayons m\u00eame pas de deviner le d\u00e9nouement du jour \u00e0 Lyon\u2026 Seule certitude, cela viendra clore une \u00e9dition inoubliable.<\/p>\n<hr \/>\n<p><em><strong>Source<\/strong><\/em> : communiqu\u00e9 de presse des organisateurs \/ Photos : Droits r\u00e9serv\u00e9s<\/p>\n<hr \/>\n<p><img loading=\"lazy\" decoding=\"async\" class=\"aligncenter size-large wp-image-126456\" src=\"https:\/\/newsestlyonnais.fr\/site\/wp-content\/uploads\/2021\/03\/157976466_2827129490832345_5958938387501885306_o-650x650.jpg\" alt=\"\" width=\"650\" height=\"650\" srcset=\"https:\/\/newsestlyonnais.fr\/site\/wp-content\/uploads\/2021\/03\/157976466_2827129490832345_5958938387501885306_o-650x650.jpg 650w, https:\/\/newsestlyonnais.fr\/site\/wp-content\/uploads\/2021\/03\/157976466_2827129490832345_5958938387501885306_o-400x400.jpg 400w, https:\/\/newsestlyonnais.fr\/site\/wp-content\/uploads\/2021\/03\/157976466_2827129490832345_5958938387501885306_o-250x250.jpg 250w, https:\/\/newsestlyonnais.fr\/site\/wp-content\/uploads\/2021\/03\/157976466_2827129490832345_5958938387501885306_o-768x768.jpg 768w, https:\/\/newsestlyonnais.fr\/site\/wp-content\/uploads\/2021\/03\/157976466_2827129490832345_5958938387501885306_o-1536x1536.jpg 1536w, https:\/\/newsestlyonnais.fr\/site\/wp-content\/uploads\/2021\/03\/157976466_2827129490832345_5958938387501885306_o-150x150.jpg 150w, https:\/\/newsestlyonnais.fr\/site\/wp-content\/uploads\/2021\/03\/157976466_2827129490832345_5958938387501885306_o-50x50.jpg 50w, https:\/\/newsestlyonnais.fr\/site\/wp-content\/uploads\/2021\/03\/157976466_2827129490832345_5958938387501885306_o-100x100.jpg 100w, https:\/\/newsestlyonnais.fr\/site\/wp-content\/uploads\/2021\/03\/157976466_2827129490832345_5958938387501885306_o-200x200.jpg 200w, https:\/\/newsestlyonnais.fr\/site\/wp-content\/uploads\/2021\/03\/157976466_2827129490832345_5958938387501885306_o-300x300.jpg 300w, https:\/\/newsestlyonnais.fr\/site\/wp-content\/uploads\/2021\/03\/157976466_2827129490832345_5958938387501885306_o-350x350.jpg 350w, https:\/\/newsestlyonnais.fr\/site\/wp-content\/uploads\/2021\/03\/157976466_2827129490832345_5958938387501885306_o-450x450.jpg 450w, https:\/\/newsestlyonnais.fr\/site\/wp-content\/uploads\/2021\/03\/157976466_2827129490832345_5958938387501885306_o-500x500.jpg 500w, https:\/\/newsestlyonnais.fr\/site\/wp-content\/uploads\/2021\/03\/157976466_2827129490832345_5958938387501885306_o-550x550.jpg 550w, https:\/\/newsestlyonnais.fr\/site\/wp-content\/uploads\/2021\/03\/157976466_2827129490832345_5958938387501885306_o-800x800.jpg 800w, https:\/\/newsestlyonnais.fr\/site\/wp-content\/uploads\/2021\/03\/157976466_2827129490832345_5958938387501885306_o-1200x1200.jpg 1200w, https:\/\/newsestlyonnais.fr\/site\/wp-content\/uploads\/2021\/03\/157976466_2827129490832345_5958938387501885306_o-1600x1600.jpg 1600w, https:\/\/newsestlyonnais.fr\/site\/wp-content\/uploads\/2021\/03\/157976466_2827129490832345_5958938387501885306_o-1320x1320.jpg 1320w, https:\/\/newsestlyonnais.fr\/site\/wp-content\/uploads\/2021\/03\/157976466_2827129490832345_5958938387501885306_o.jpg 1667w\" sizes=\"auto, (max-width: 650px) 100vw, 650px\" \/><\/p>\n","protected":false},"excerpt":{"rendered":"<p>D\u00e9cid\u00e9ment, cette 2\u00b0 \u00e9dition est exceptionnelle \u00e0 tous points de vue.<\/p>\n","protected":false},"author":4,"featured_media":126455,"comment_status":"open","ping_status":"open","sticky":false,"template":"","format":"standard","meta":{"footnotes":""},"categories":[1625,2992,2991],"tags":[2077,3622,2049],"class_list":["post-126453","post","type-post","status-publish","format-standard","has-post-thumbnail","hentry","category-lyon","category-tennis-padel","category-tennis-tennis-table-sports","tag-lyon","tag-open-6-sens-de-tennis","tag-tennis"],"yoast_head":"<!-- This site is optimized with the Yoast SEO plugin v27.2 - https:\/\/yoast.com\/product\/yoast-seo-wordpress\/ -->\n<title>Lyon | Tennis &gt; jour de finales open 6\u00b0 Sens - News Est Lyonnais<\/title>\n<meta name=\"description\" content=\"Lyon | Tennis &gt; jour de finales \u00e0 l&#039;Open 6\u00e8me Sens\" \/>\n<meta name=\"robots\" content=\"index, follow, max-snippet:-1, max-image-preview:large, max-video-preview:-1\" \/>\n<link rel=\"canonical\" href=\"https:\/\/newsestlyonnais.fr\/site\/2021\/03\/07\/lyon-tennis-jour-de-finales-a-lopen-6eme-sens\/\" \/>\n<meta property=\"og:locale\" content=\"fr_FR\" \/>\n<meta property=\"og:type\" content=\"article\" \/>\n<meta property=\"og:title\" content=\"Lyon | Tennis &gt; jour de finales open 6\u00b0 Sens - News Est Lyonnais\" \/>\n<meta property=\"og:description\" content=\"Lyon | Tennis &gt; jour de finales \u00e0 l&#039;Open 6\u00e8me Sens\" \/>\n<meta property=\"og:url\" content=\"https:\/\/newsestlyonnais.fr\/site\/2021\/03\/07\/lyon-tennis-jour-de-finales-a-lopen-6eme-sens\/\" \/>\n<meta property=\"og:site_name\" content=\"News Est Lyonnais\" \/>\n<meta property=\"article:author\" content=\"https:\/\/www.facebook.com\/pascal.oberson.1?fref=ts\" \/>\n<meta property=\"article:published_time\" content=\"2021-03-07T08:33:36+00:00\" \/>\n<meta property=\"article:modified_time\" content=\"2021-03-18T12:34:10+00:00\" \/>\n<meta property=\"og:image\" content=\"https:\/\/i0.wp.com\/newsestlyonnais.fr\/site\/wp-content\/uploads\/2021\/03\/cbb226b426e9310ee319727a02fe983a4ab3ed5f47e02cadc467b4f026115829.jpg?fit=1200%2C1200&ssl=1\" \/>\n\t<meta property=\"og:image:width\" content=\"1200\" \/>\n\t<meta property=\"og:image:height\" content=\"1200\" \/>\n\t<meta property=\"og:image:type\" content=\"image\/jpeg\" \/>\n<meta name=\"author\" content=\"R\u00e9dac. NEWS\" \/>\n<meta name=\"twitter:card\" content=\"summary_large_image\" \/>\n<meta name=\"twitter:label1\" content=\"\u00c9crit par\" \/>\n\t<meta name=\"twitter:data1\" content=\"R\u00e9dac. NEWS\" \/>\n\t<meta name=\"twitter:label2\" content=\"Dur\u00e9e de lecture estim\u00e9e\" \/>\n\t<meta name=\"twitter:data2\" content=\"2 minutes\" \/>\n<script type=\"application\/ld+json\" class=\"yoast-schema-graph\">{\"@context\":\"https:\/\/schema.org\",\"@graph\":[{\"@type\":\"Article\",\"@id\":\"https:\/\/newsestlyonnais.fr\/site\/2021\/03\/07\/lyon-tennis-jour-de-finales-a-lopen-6eme-sens\/#article\",\"isPartOf\":{\"@id\":\"https:\/\/newsestlyonnais.fr\/site\/2021\/03\/07\/lyon-tennis-jour-de-finales-a-lopen-6eme-sens\/\"},\"author\":{\"name\":\"R\u00e9dac. NEWS\",\"@id\":\"https:\/\/newsestlyonnais.fr\/site\/#\/schema\/person\/3230d5615f390bb808365d673001e887\"},\"headline\":\"Lyon | Tennis > jour de finales open 6\u00b0 Sens\",\"datePublished\":\"2021-03-07T08:33:36+00:00\",\"dateModified\":\"2021-03-18T12:34:10+00:00\",\"mainEntityOfPage\":{\"@id\":\"https:\/\/newsestlyonnais.fr\/site\/2021\/03\/07\/lyon-tennis-jour-de-finales-a-lopen-6eme-sens\/\"},\"wordCount\":203,\"commentCount\":0,\"publisher\":{\"@id\":\"https:\/\/newsestlyonnais.fr\/site\/#organization\"},\"image\":{\"@id\":\"https:\/\/newsestlyonnais.fr\/site\/2021\/03\/07\/lyon-tennis-jour-de-finales-a-lopen-6eme-sens\/#primaryimage\"},\"thumbnailUrl\":\"https:\/\/newsestlyonnais.fr\/site\/wp-content\/uploads\/2021\/03\/cbb226b426e9310ee319727a02fe983a4ab3ed5f47e02cadc467b4f026115829.jpg\",\"keywords\":[\"LYON\",\"Open 6\u00b0 sens de tennis\",\"TENNIS\"],\"articleSection\":[\"Lyon\",\"Tennis | Padel\",\"Tennis | Tennis de table\"],\"inLanguage\":\"fr-FR\",\"potentialAction\":[{\"@type\":\"CommentAction\",\"name\":\"Comment\",\"target\":[\"https:\/\/newsestlyonnais.fr\/site\/2021\/03\/07\/lyon-tennis-jour-de-finales-a-lopen-6eme-sens\/#respond\"]}]},{\"@type\":\"WebPage\",\"@id\":\"https:\/\/newsestlyonnais.fr\/site\/2021\/03\/07\/lyon-tennis-jour-de-finales-a-lopen-6eme-sens\/\",\"url\":\"https:\/\/newsestlyonnais.fr\/site\/2021\/03\/07\/lyon-tennis-jour-de-finales-a-lopen-6eme-sens\/\",\"name\":\"Lyon | Tennis > jour de finales open 6\u00b0 Sens - News Est Lyonnais\",\"isPartOf\":{\"@id\":\"https:\/\/newsestlyonnais.fr\/site\/#website\"},\"primaryImageOfPage\":{\"@id\":\"https:\/\/newsestlyonnais.fr\/site\/2021\/03\/07\/lyon-tennis-jour-de-finales-a-lopen-6eme-sens\/#primaryimage\"},\"image\":{\"@id\":\"https:\/\/newsestlyonnais.fr\/site\/2021\/03\/07\/lyon-tennis-jour-de-finales-a-lopen-6eme-sens\/#primaryimage\"},\"thumbnailUrl\":\"https:\/\/newsestlyonnais.fr\/site\/wp-content\/uploads\/2021\/03\/cbb226b426e9310ee319727a02fe983a4ab3ed5f47e02cadc467b4f026115829.jpg\",\"datePublished\":\"2021-03-07T08:33:36+00:00\",\"dateModified\":\"2021-03-18T12:34:10+00:00\",\"description\":\"Lyon | Tennis > jour de finales \u00e0 l'Open 6\u00e8me Sens\",\"breadcrumb\":{\"@id\":\"https:\/\/newsestlyonnais.fr\/site\/2021\/03\/07\/lyon-tennis-jour-de-finales-a-lopen-6eme-sens\/#breadcrumb\"},\"inLanguage\":\"fr-FR\",\"potentialAction\":[{\"@type\":\"ReadAction\",\"target\":[\"https:\/\/newsestlyonnais.fr\/site\/2021\/03\/07\/lyon-tennis-jour-de-finales-a-lopen-6eme-sens\/\"]}]},{\"@type\":\"ImageObject\",\"inLanguage\":\"fr-FR\",\"@id\":\"https:\/\/newsestlyonnais.fr\/site\/2021\/03\/07\/lyon-tennis-jour-de-finales-a-lopen-6eme-sens\/#primaryimage\",\"url\":\"https:\/\/newsestlyonnais.fr\/site\/wp-content\/uploads\/2021\/03\/cbb226b426e9310ee319727a02fe983a4ab3ed5f47e02cadc467b4f026115829.jpg\",\"contentUrl\":\"https:\/\/newsestlyonnais.fr\/site\/wp-content\/uploads\/2021\/03\/cbb226b426e9310ee319727a02fe983a4ab3ed5f47e02cadc467b4f026115829.jpg\",\"width\":1200,\"height\":1200},{\"@type\":\"BreadcrumbList\",\"@id\":\"https:\/\/newsestlyonnais.fr\/site\/2021\/03\/07\/lyon-tennis-jour-de-finales-a-lopen-6eme-sens\/#breadcrumb\",\"itemListElement\":[{\"@type\":\"ListItem\",\"position\":1,\"name\":\"Accueil\",\"item\":\"https:\/\/newsestlyonnais.fr\/site\/\"},{\"@type\":\"ListItem\",\"position\":2,\"name\":\"Lyon | Tennis > jour de finales open 6\u00b0 Sens\"}]},{\"@type\":\"WebSite\",\"@id\":\"https:\/\/newsestlyonnais.fr\/site\/#website\",\"url\":\"https:\/\/newsestlyonnais.fr\/site\/\",\"name\":\"News Est Lyonnais\",\"description\":\"L&#039;actualit\u00e9 au plus pr\u00e8s\",\"publisher\":{\"@id\":\"https:\/\/newsestlyonnais.fr\/site\/#organization\"},\"potentialAction\":[{\"@type\":\"SearchAction\",\"target\":{\"@type\":\"EntryPoint\",\"urlTemplate\":\"https:\/\/newsestlyonnais.fr\/site\/?s={search_term_string}\"},\"query-input\":{\"@type\":\"PropertyValueSpecification\",\"valueRequired\":true,\"valueName\":\"search_term_string\"}}],\"inLanguage\":\"fr-FR\"},{\"@type\":\"Organization\",\"@id\":\"https:\/\/newsestlyonnais.fr\/site\/#organization\",\"name\":\"News EST LYONNAIS\",\"url\":\"https:\/\/newsestlyonnais.fr\/site\/\",\"logo\":{\"@type\":\"ImageObject\",\"inLanguage\":\"fr-FR\",\"@id\":\"https:\/\/newsestlyonnais.fr\/site\/#\/schema\/logo\/image\/\",\"url\":\"\",\"contentUrl\":\"\",\"caption\":\"News EST LYONNAIS\"},\"image\":{\"@id\":\"https:\/\/newsestlyonnais.fr\/site\/#\/schema\/logo\/image\/\"}},{\"@type\":\"Person\",\"@id\":\"https:\/\/newsestlyonnais.fr\/site\/#\/schema\/person\/3230d5615f390bb808365d673001e887\",\"name\":\"R\u00e9dac. NEWS\",\"sameAs\":[\"http:\/\/www.newsestlyonnais.fr\",\"https:\/\/www.facebook.com\/pascal.oberson.1?fref=ts\",\"https:\/\/fr.linkedin.com\/in\/pascal-oberson-b17045113\"],\"url\":\"https:\/\/newsestlyonnais.fr\/site\/author\/nel\/\"}]}<\/script>\n<!-- \/ Yoast SEO plugin. -->","yoast_head_json":{"title":"Lyon | Tennis > jour de finales open 6\u00b0 Sens - News Est Lyonnais","description":"Lyon | Tennis > jour de finales \u00e0 l'Open 6\u00e8me Sens","robots":{"index":"index","follow":"follow","max-snippet":"max-snippet:-1","max-image-preview":"max-image-preview:large","max-video-preview":"max-video-preview:-1"},"canonical":"https:\/\/newsestlyonnais.fr\/site\/2021\/03\/07\/lyon-tennis-jour-de-finales-a-lopen-6eme-sens\/","og_locale":"fr_FR","og_type":"article","og_title":"Lyon | Tennis > jour de finales open 6\u00b0 Sens - News Est Lyonnais","og_description":"Lyon | Tennis > jour de finales \u00e0 l'Open 6\u00e8me Sens","og_url":"https:\/\/newsestlyonnais.fr\/site\/2021\/03\/07\/lyon-tennis-jour-de-finales-a-lopen-6eme-sens\/","og_site_name":"News Est Lyonnais","article_author":"https:\/\/www.facebook.com\/pascal.oberson.1?fref=ts","article_published_time":"2021-03-07T08:33:36+00:00","article_modified_time":"2021-03-18T12:34:10+00:00","og_image":[{"width":1200,"height":1200,"url":"https:\/\/i0.wp.com\/newsestlyonnais.fr\/site\/wp-content\/uploads\/2021\/03\/cbb226b426e9310ee319727a02fe983a4ab3ed5f47e02cadc467b4f026115829.jpg?fit=1200%2C1200&ssl=1","type":"image\/jpeg"}],"author":"R\u00e9dac. NEWS","twitter_card":"summary_large_image","twitter_misc":{"\u00c9crit par":"R\u00e9dac. NEWS","Dur\u00e9e de lecture estim\u00e9e":"2 minutes"},"schema":{"@context":"https:\/\/schema.org","@graph":[{"@type":"Article","@id":"https:\/\/newsestlyonnais.fr\/site\/2021\/03\/07\/lyon-tennis-jour-de-finales-a-lopen-6eme-sens\/#article","isPartOf":{"@id":"https:\/\/newsestlyonnais.fr\/site\/2021\/03\/07\/lyon-tennis-jour-de-finales-a-lopen-6eme-sens\/"},"author":{"name":"R\u00e9dac. NEWS","@id":"https:\/\/newsestlyonnais.fr\/site\/#\/schema\/person\/3230d5615f390bb808365d673001e887"},"headline":"Lyon | Tennis > jour de finales open 6\u00b0 Sens","datePublished":"2021-03-07T08:33:36+00:00","dateModified":"2021-03-18T12:34:10+00:00","mainEntityOfPage":{"@id":"https:\/\/newsestlyonnais.fr\/site\/2021\/03\/07\/lyon-tennis-jour-de-finales-a-lopen-6eme-sens\/"},"wordCount":203,"commentCount":0,"publisher":{"@id":"https:\/\/newsestlyonnais.fr\/site\/#organization"},"image":{"@id":"https:\/\/newsestlyonnais.fr\/site\/2021\/03\/07\/lyon-tennis-jour-de-finales-a-lopen-6eme-sens\/#primaryimage"},"thumbnailUrl":"https:\/\/newsestlyonnais.fr\/site\/wp-content\/uploads\/2021\/03\/cbb226b426e9310ee319727a02fe983a4ab3ed5f47e02cadc467b4f026115829.jpg","keywords":["LYON","Open 6\u00b0 sens de tennis","TENNIS"],"articleSection":["Lyon","Tennis | Padel","Tennis | Tennis de table"],"inLanguage":"fr-FR","potentialAction":[{"@type":"CommentAction","name":"Comment","target":["https:\/\/newsestlyonnais.fr\/site\/2021\/03\/07\/lyon-tennis-jour-de-finales-a-lopen-6eme-sens\/#respond"]}]},{"@type":"WebPage","@id":"https:\/\/newsestlyonnais.fr\/site\/2021\/03\/07\/lyon-tennis-jour-de-finales-a-lopen-6eme-sens\/","url":"https:\/\/newsestlyonnais.fr\/site\/2021\/03\/07\/lyon-tennis-jour-de-finales-a-lopen-6eme-sens\/","name":"Lyon | Tennis > jour de finales open 6\u00b0 Sens - News Est Lyonnais","isPartOf":{"@id":"https:\/\/newsestlyonnais.fr\/site\/#website"},"primaryImageOfPage":{"@id":"https:\/\/newsestlyonnais.fr\/site\/2021\/03\/07\/lyon-tennis-jour-de-finales-a-lopen-6eme-sens\/#primaryimage"},"image":{"@id":"https:\/\/newsestlyonnais.fr\/site\/2021\/03\/07\/lyon-tennis-jour-de-finales-a-lopen-6eme-sens\/#primaryimage"},"thumbnailUrl":"https:\/\/newsestlyonnais.fr\/site\/wp-content\/uploads\/2021\/03\/cbb226b426e9310ee319727a02fe983a4ab3ed5f47e02cadc467b4f026115829.jpg","datePublished":"2021-03-07T08:33:36+00:00","dateModified":"2021-03-18T12:34:10+00:00","description":"Lyon | Tennis > jour de finales \u00e0 l'Open 6\u00e8me Sens","breadcrumb":{"@id":"https:\/\/newsestlyonnais.fr\/site\/2021\/03\/07\/lyon-tennis-jour-de-finales-a-lopen-6eme-sens\/#breadcrumb"},"inLanguage":"fr-FR","potentialAction":[{"@type":"ReadAction","target":["https:\/\/newsestlyonnais.fr\/site\/2021\/03\/07\/lyon-tennis-jour-de-finales-a-lopen-6eme-sens\/"]}]},{"@type":"ImageObject","inLanguage":"fr-FR","@id":"https:\/\/newsestlyonnais.fr\/site\/2021\/03\/07\/lyon-tennis-jour-de-finales-a-lopen-6eme-sens\/#primaryimage","url":"https:\/\/newsestlyonnais.fr\/site\/wp-content\/uploads\/2021\/03\/cbb226b426e9310ee319727a02fe983a4ab3ed5f47e02cadc467b4f026115829.jpg","contentUrl":"https:\/\/newsestlyonnais.fr\/site\/wp-content\/uploads\/2021\/03\/cbb226b426e9310ee319727a02fe983a4ab3ed5f47e02cadc467b4f026115829.jpg","width":1200,"height":1200},{"@type":"BreadcrumbList","@id":"https:\/\/newsestlyonnais.fr\/site\/2021\/03\/07\/lyon-tennis-jour-de-finales-a-lopen-6eme-sens\/#breadcrumb","itemListElement":[{"@type":"ListItem","position":1,"name":"Accueil","item":"https:\/\/newsestlyonnais.fr\/site\/"},{"@type":"ListItem","position":2,"name":"Lyon | Tennis > jour de finales open 6\u00b0 Sens"}]},{"@type":"WebSite","@id":"https:\/\/newsestlyonnais.fr\/site\/#website","url":"https:\/\/newsestlyonnais.fr\/site\/","name":"News Est Lyonnais","description":"L&#039;actualit\u00e9 au plus pr\u00e8s","publisher":{"@id":"https:\/\/newsestlyonnais.fr\/site\/#organization"},"potentialAction":[{"@type":"SearchAction","target":{"@type":"EntryPoint","urlTemplate":"https:\/\/newsestlyonnais.fr\/site\/?s={search_term_string}"},"query-input":{"@type":"PropertyValueSpecification","valueRequired":true,"valueName":"search_term_string"}}],"inLanguage":"fr-FR"},{"@type":"Organization","@id":"https:\/\/newsestlyonnais.fr\/site\/#organization","name":"News EST LYONNAIS","url":"https:\/\/newsestlyonnais.fr\/site\/","logo":{"@type":"ImageObject","inLanguage":"fr-FR","@id":"https:\/\/newsestlyonnais.fr\/site\/#\/schema\/logo\/image\/","url":"","contentUrl":"","caption":"News EST LYONNAIS"},"image":{"@id":"https:\/\/newsestlyonnais.fr\/site\/#\/schema\/logo\/image\/"}},{"@type":"Person","@id":"https:\/\/newsestlyonnais.fr\/site\/#\/schema\/person\/3230d5615f390bb808365d673001e887","name":"R\u00e9dac. NEWS","sameAs":["http:\/\/www.newsestlyonnais.fr","https:\/\/www.facebook.com\/pascal.oberson.1?fref=ts","https:\/\/fr.linkedin.com\/in\/pascal-oberson-b17045113"],"url":"https:\/\/newsestlyonnais.fr\/site\/author\/nel\/"}]}},"_links":{"self":[{"href":"https:\/\/newsestlyonnais.fr\/site\/wp-json\/wp\/v2\/posts\/126453","targetHints":{"allow":["GET"]}}],"collection":[{"href":"https:\/\/newsestlyonnais.fr\/site\/wp-json\/wp\/v2\/posts"}],"about":[{"href":"https:\/\/newsestlyonnais.fr\/site\/wp-json\/wp\/v2\/types\/post"}],"author":[{"embeddable":true,"href":"https:\/\/newsestlyonnais.fr\/site\/wp-json\/wp\/v2\/users\/4"}],"replies":[{"embeddable":true,"href":"https:\/\/newsestlyonnais.fr\/site\/wp-json\/wp\/v2\/comments?post=126453"}],"version-history":[{"count":0,"href":"https:\/\/newsestlyonnais.fr\/site\/wp-json\/wp\/v2\/posts\/126453\/revisions"}],"wp:featuredmedia":[{"embeddable":true,"href":"https:\/\/newsestlyonnais.fr\/site\/wp-json\/wp\/v2\/media\/126455"}],"wp:attachment":[{"href":"https:\/\/newsestlyonnais.fr\/site\/wp-json\/wp\/v2\/media?parent=126453"}],"wp:term":[{"taxonomy":"category","embeddable":true,"href":"https:\/\/newsestlyonnais.fr\/site\/wp-json\/wp\/v2\/categories?post=126453"},{"taxonomy":"post_tag","embeddable":true,"href":"https:\/\/newsestlyonnais.fr\/site\/wp-json\/wp\/v2\/tags?post=126453"}],"curies":[{"name":"wp","href":"https:\/\/api.w.org\/{rel}","templated":true}]}}