{"id":126918,"date":"2021-03-15T19:33:45","date_gmt":"2021-03-15T18:33:45","guid":{"rendered":"http:\/\/newsestlyonnais.fr\/site\/?p=126918"},"modified":"2021-03-21T11:01:13","modified_gmt":"2021-03-21T10:01:13","slug":"villeurbanne-ouverture-des-inscriptions-a-lasul-vacances","status":"publish","type":"post","link":"https:\/\/newsestlyonnais.fr\/site\/2021\/03\/15\/villeurbanne-ouverture-des-inscriptions-a-lasul-vacances\/","title":{"rendered":"VILLEURBANNE | Ouverture des inscriptions \u00e0 l\u2019ASUL Vacances"},"content":{"rendered":"<p>Ce centre de loisirs \u00e0 vocation sportive, <strong>accueille les enfants \u00e2g\u00e9s de 3 \u00e0 17 ans<\/strong> durant les vacances scolaires \u00e0 Villeurbanne.<\/p>\n<p>Les inscriptions aux <strong>accueils de loisirs pour les vacances du printemps<\/strong>, sur les semaines <strong>du 12 au 16 avril et du 19 au 23 avril<\/strong> sont ouvertes \u00e0 tous depuis le 8 mars.<\/p>\n<p>L&rsquo; association est pr\u00e9sente, pour ces vacances, sur <strong>3 sites d\u2019activit\u00e9s<\/strong>, l\u2019ASUL sera \u00e0 l\u2019Universit\u00e9 Lyon 1 dans les locaux de l\u2019UFR STAPS, \u00e0 l\u2019\u00e9cole maternelle Edouard Herriot \u00e0 Villeurbanne, et dans la salle d\u2019activit\u00e9s de l&rsquo;association.<\/p>\n<p><em><strong><span style=\"font-size: 14pt;\">De nombreuses activit\u00e9s sportives pour tout \u00e2ge sont propos\u00e9es :<\/span><\/strong><\/em><\/p>\n<ul>\n<li>baby gym pour les 3-5 ans<\/li>\n<li>multisports (une alternance de sports collectifs et individuels) pour les 6-17 ans<\/li>\n<li>course d\u2019orientation et du v\u00e9lo pour les 9-17 ans.<\/li>\n<\/ul>\n<p><em><strong>Les inscriptions se font uniquement \u00e0 la semaine, en journ\u00e9e compl\u00e8te.<\/strong><\/em><\/p>\n<p><em><strong>Attention<\/strong><\/em> : en fonction de l\u2019\u00e9volution du contexte sanitaire, l&rsquo;ASUL Vacances se donne la possibilit\u00e9 de faire \u00e9voluer son dispositif et d\u2019annuler certaines activit\u00e9s.<\/p>\n<hr \/>\n<ul>\n<li><strong>Consultation de l&rsquo;offre<\/strong> et du protocole sanitaire et <strong>inscriptions<\/strong> : <span style=\"color: #0000ff;\"><a style=\"color: #0000ff;\" href=\"http:\/\/www.asul.org\">www.asul.org<\/a><\/span><\/li>\n<li><strong>Contact<\/strong> : info@asul.org \/ 04.78.53.18.71<\/li>\n<\/ul>\n<hr \/>\n<hr \/>\n<p>&nbsp;<\/p>\n","protected":false},"excerpt":{"rendered":"<p>VILLEURBANNE | Ouverture des inscriptions \u00e0 l\u2019ASUL Vacances<\/p>\n","protected":false},"author":4,"featured_media":126921,"comment_status":"open","ping_status":"open","sticky":false,"template":"","format":"standard","meta":{"footnotes":""},"categories":[171,309,29],"tags":[2554,2164,3658,2091],"class_list":["post-126918","post","type-post","status-publish","format-standard","has-post-thumbnail","hentry","category-enfance-jeunesse","category-pratique","category-villeurbanne","tag-activites","tag-asul","tag-asul-vacances","tag-villeurbanne"],"yoast_head":"<!-- This site is optimized with the Yoast SEO plugin v27.2 - https:\/\/yoast.com\/product\/yoast-seo-wordpress\/ -->\n<title>VILLEURBANNE | Ouverture des inscriptions \u00e0 l\u2019ASUL Vacances - News Est Lyonnais<\/title>\n<meta name=\"description\" content=\"VILLEURBANNE | Ouverture des inscriptions \u00e0 l\u2019ASUL Vacances\" \/>\n<meta name=\"robots\" content=\"index, follow, max-snippet:-1, max-image-preview:large, max-video-preview:-1\" \/>\n<link rel=\"canonical\" href=\"https:\/\/newsestlyonnais.fr\/site\/2021\/03\/15\/villeurbanne-ouverture-des-inscriptions-a-lasul-vacances\/\" \/>\n<meta property=\"og:locale\" content=\"fr_FR\" \/>\n<meta property=\"og:type\" content=\"article\" \/>\n<meta property=\"og:title\" content=\"VILLEURBANNE | Ouverture des inscriptions \u00e0 l\u2019ASUL Vacances - News Est Lyonnais\" \/>\n<meta property=\"og:description\" content=\"VILLEURBANNE | Ouverture des inscriptions \u00e0 l\u2019ASUL Vacances\" \/>\n<meta property=\"og:url\" content=\"https:\/\/newsestlyonnais.fr\/site\/2021\/03\/15\/villeurbanne-ouverture-des-inscriptions-a-lasul-vacances\/\" \/>\n<meta property=\"og:site_name\" content=\"News Est Lyonnais\" \/>\n<meta property=\"article:author\" content=\"https:\/\/www.facebook.com\/pascal.oberson.1?fref=ts\" \/>\n<meta property=\"article:published_time\" content=\"2021-03-15T18:33:45+00:00\" \/>\n<meta property=\"article:modified_time\" content=\"2021-03-21T10:01:13+00:00\" \/>\n<meta property=\"og:image\" content=\"https:\/\/i2.wp.com\/newsestlyonnais.fr\/site\/wp-content\/uploads\/2021\/03\/AV-Printemps-2021.png?fit=1200%2C390&ssl=1\" \/>\n\t<meta property=\"og:image:width\" content=\"1200\" \/>\n\t<meta property=\"og:image:height\" content=\"390\" \/>\n\t<meta property=\"og:image:type\" content=\"image\/png\" \/>\n<meta name=\"author\" content=\"R\u00e9dac. NEWS\" \/>\n<meta name=\"twitter:card\" content=\"summary_large_image\" \/>\n<meta name=\"twitter:label1\" content=\"\u00c9crit par\" \/>\n\t<meta name=\"twitter:data1\" content=\"R\u00e9dac. NEWS\" \/>\n\t<meta name=\"twitter:label2\" content=\"Dur\u00e9e de lecture estim\u00e9e\" \/>\n\t<meta name=\"twitter:data2\" content=\"1 minute\" \/>\n<script type=\"application\/ld+json\" class=\"yoast-schema-graph\">{\"@context\":\"https:\/\/schema.org\",\"@graph\":[{\"@type\":\"Article\",\"@id\":\"https:\/\/newsestlyonnais.fr\/site\/2021\/03\/15\/villeurbanne-ouverture-des-inscriptions-a-lasul-vacances\/#article\",\"isPartOf\":{\"@id\":\"https:\/\/newsestlyonnais.fr\/site\/2021\/03\/15\/villeurbanne-ouverture-des-inscriptions-a-lasul-vacances\/\"},\"author\":{\"name\":\"R\u00e9dac. NEWS\",\"@id\":\"https:\/\/newsestlyonnais.fr\/site\/#\/schema\/person\/3230d5615f390bb808365d673001e887\"},\"headline\":\"VILLEURBANNE | Ouverture des inscriptions \u00e0 l\u2019ASUL Vacances\",\"datePublished\":\"2021-03-15T18:33:45+00:00\",\"dateModified\":\"2021-03-21T10:01:13+00:00\",\"mainEntityOfPage\":{\"@id\":\"https:\/\/newsestlyonnais.fr\/site\/2021\/03\/15\/villeurbanne-ouverture-des-inscriptions-a-lasul-vacances\/\"},\"wordCount\":191,\"commentCount\":0,\"publisher\":{\"@id\":\"https:\/\/newsestlyonnais.fr\/site\/#organization\"},\"image\":{\"@id\":\"https:\/\/newsestlyonnais.fr\/site\/2021\/03\/15\/villeurbanne-ouverture-des-inscriptions-a-lasul-vacances\/#primaryimage\"},\"thumbnailUrl\":\"https:\/\/newsestlyonnais.fr\/site\/wp-content\/uploads\/2021\/03\/AV-Printemps-2021.png\",\"keywords\":[\"ACTIVITES\",\"ASUL\",\"ASUL VACANCES\",\"VILLEURBANNE\"],\"articleSection\":[\"Enfance | Jeunesse\",\"Pratique\",\"Villeurbanne\"],\"inLanguage\":\"fr-FR\",\"potentialAction\":[{\"@type\":\"CommentAction\",\"name\":\"Comment\",\"target\":[\"https:\/\/newsestlyonnais.fr\/site\/2021\/03\/15\/villeurbanne-ouverture-des-inscriptions-a-lasul-vacances\/#respond\"]}]},{\"@type\":\"WebPage\",\"@id\":\"https:\/\/newsestlyonnais.fr\/site\/2021\/03\/15\/villeurbanne-ouverture-des-inscriptions-a-lasul-vacances\/\",\"url\":\"https:\/\/newsestlyonnais.fr\/site\/2021\/03\/15\/villeurbanne-ouverture-des-inscriptions-a-lasul-vacances\/\",\"name\":\"VILLEURBANNE | Ouverture des inscriptions \u00e0 l\u2019ASUL Vacances - News Est Lyonnais\",\"isPartOf\":{\"@id\":\"https:\/\/newsestlyonnais.fr\/site\/#website\"},\"primaryImageOfPage\":{\"@id\":\"https:\/\/newsestlyonnais.fr\/site\/2021\/03\/15\/villeurbanne-ouverture-des-inscriptions-a-lasul-vacances\/#primaryimage\"},\"image\":{\"@id\":\"https:\/\/newsestlyonnais.fr\/site\/2021\/03\/15\/villeurbanne-ouverture-des-inscriptions-a-lasul-vacances\/#primaryimage\"},\"thumbnailUrl\":\"https:\/\/newsestlyonnais.fr\/site\/wp-content\/uploads\/2021\/03\/AV-Printemps-2021.png\",\"datePublished\":\"2021-03-15T18:33:45+00:00\",\"dateModified\":\"2021-03-21T10:01:13+00:00\",\"description\":\"VILLEURBANNE | Ouverture des inscriptions \u00e0 l\u2019ASUL Vacances\",\"breadcrumb\":{\"@id\":\"https:\/\/newsestlyonnais.fr\/site\/2021\/03\/15\/villeurbanne-ouverture-des-inscriptions-a-lasul-vacances\/#breadcrumb\"},\"inLanguage\":\"fr-FR\",\"potentialAction\":[{\"@type\":\"ReadAction\",\"target\":[\"https:\/\/newsestlyonnais.fr\/site\/2021\/03\/15\/villeurbanne-ouverture-des-inscriptions-a-lasul-vacances\/\"]}]},{\"@type\":\"ImageObject\",\"inLanguage\":\"fr-FR\",\"@id\":\"https:\/\/newsestlyonnais.fr\/site\/2021\/03\/15\/villeurbanne-ouverture-des-inscriptions-a-lasul-vacances\/#primaryimage\",\"url\":\"https:\/\/newsestlyonnais.fr\/site\/wp-content\/uploads\/2021\/03\/AV-Printemps-2021.png\",\"contentUrl\":\"https:\/\/newsestlyonnais.fr\/site\/wp-content\/uploads\/2021\/03\/AV-Printemps-2021.png\",\"width\":1200,\"height\":390},{\"@type\":\"BreadcrumbList\",\"@id\":\"https:\/\/newsestlyonnais.fr\/site\/2021\/03\/15\/villeurbanne-ouverture-des-inscriptions-a-lasul-vacances\/#breadcrumb\",\"itemListElement\":[{\"@type\":\"ListItem\",\"position\":1,\"name\":\"Accueil\",\"item\":\"https:\/\/newsestlyonnais.fr\/site\/\"},{\"@type\":\"ListItem\",\"position\":2,\"name\":\"VILLEURBANNE | Ouverture des inscriptions \u00e0 l\u2019ASUL Vacances\"}]},{\"@type\":\"WebSite\",\"@id\":\"https:\/\/newsestlyonnais.fr\/site\/#website\",\"url\":\"https:\/\/newsestlyonnais.fr\/site\/\",\"name\":\"News Est Lyonnais\",\"description\":\"L&#039;actualit\u00e9 au plus pr\u00e8s\",\"publisher\":{\"@id\":\"https:\/\/newsestlyonnais.fr\/site\/#organization\"},\"potentialAction\":[{\"@type\":\"SearchAction\",\"target\":{\"@type\":\"EntryPoint\",\"urlTemplate\":\"https:\/\/newsestlyonnais.fr\/site\/?s={search_term_string}\"},\"query-input\":{\"@type\":\"PropertyValueSpecification\",\"valueRequired\":true,\"valueName\":\"search_term_string\"}}],\"inLanguage\":\"fr-FR\"},{\"@type\":\"Organization\",\"@id\":\"https:\/\/newsestlyonnais.fr\/site\/#organization\",\"name\":\"News EST LYONNAIS\",\"url\":\"https:\/\/newsestlyonnais.fr\/site\/\",\"logo\":{\"@type\":\"ImageObject\",\"inLanguage\":\"fr-FR\",\"@id\":\"https:\/\/newsestlyonnais.fr\/site\/#\/schema\/logo\/image\/\",\"url\":\"\",\"contentUrl\":\"\",\"caption\":\"News EST LYONNAIS\"},\"image\":{\"@id\":\"https:\/\/newsestlyonnais.fr\/site\/#\/schema\/logo\/image\/\"}},{\"@type\":\"Person\",\"@id\":\"https:\/\/newsestlyonnais.fr\/site\/#\/schema\/person\/3230d5615f390bb808365d673001e887\",\"name\":\"R\u00e9dac. NEWS\",\"sameAs\":[\"http:\/\/www.newsestlyonnais.fr\",\"https:\/\/www.facebook.com\/pascal.oberson.1?fref=ts\",\"https:\/\/fr.linkedin.com\/in\/pascal-oberson-b17045113\"],\"url\":\"https:\/\/newsestlyonnais.fr\/site\/author\/nel\/\"}]}<\/script>\n<!-- \/ Yoast SEO plugin. -->","yoast_head_json":{"title":"VILLEURBANNE | Ouverture des inscriptions \u00e0 l\u2019ASUL Vacances - News Est Lyonnais","description":"VILLEURBANNE | Ouverture des inscriptions \u00e0 l\u2019ASUL Vacances","robots":{"index":"index","follow":"follow","max-snippet":"max-snippet:-1","max-image-preview":"max-image-preview:large","max-video-preview":"max-video-preview:-1"},"canonical":"https:\/\/newsestlyonnais.fr\/site\/2021\/03\/15\/villeurbanne-ouverture-des-inscriptions-a-lasul-vacances\/","og_locale":"fr_FR","og_type":"article","og_title":"VILLEURBANNE | Ouverture des inscriptions \u00e0 l\u2019ASUL Vacances - News Est Lyonnais","og_description":"VILLEURBANNE | Ouverture des inscriptions \u00e0 l\u2019ASUL Vacances","og_url":"https:\/\/newsestlyonnais.fr\/site\/2021\/03\/15\/villeurbanne-ouverture-des-inscriptions-a-lasul-vacances\/","og_site_name":"News Est Lyonnais","article_author":"https:\/\/www.facebook.com\/pascal.oberson.1?fref=ts","article_published_time":"2021-03-15T18:33:45+00:00","article_modified_time":"2021-03-21T10:01:13+00:00","og_image":[{"width":1200,"height":390,"url":"https:\/\/i2.wp.com\/newsestlyonnais.fr\/site\/wp-content\/uploads\/2021\/03\/AV-Printemps-2021.png?fit=1200%2C390&ssl=1","type":"image\/png"}],"author":"R\u00e9dac. NEWS","twitter_card":"summary_large_image","twitter_misc":{"\u00c9crit par":"R\u00e9dac. NEWS","Dur\u00e9e de lecture estim\u00e9e":"1 minute"},"schema":{"@context":"https:\/\/schema.org","@graph":[{"@type":"Article","@id":"https:\/\/newsestlyonnais.fr\/site\/2021\/03\/15\/villeurbanne-ouverture-des-inscriptions-a-lasul-vacances\/#article","isPartOf":{"@id":"https:\/\/newsestlyonnais.fr\/site\/2021\/03\/15\/villeurbanne-ouverture-des-inscriptions-a-lasul-vacances\/"},"author":{"name":"R\u00e9dac. NEWS","@id":"https:\/\/newsestlyonnais.fr\/site\/#\/schema\/person\/3230d5615f390bb808365d673001e887"},"headline":"VILLEURBANNE | Ouverture des inscriptions \u00e0 l\u2019ASUL Vacances","datePublished":"2021-03-15T18:33:45+00:00","dateModified":"2021-03-21T10:01:13+00:00","mainEntityOfPage":{"@id":"https:\/\/newsestlyonnais.fr\/site\/2021\/03\/15\/villeurbanne-ouverture-des-inscriptions-a-lasul-vacances\/"},"wordCount":191,"commentCount":0,"publisher":{"@id":"https:\/\/newsestlyonnais.fr\/site\/#organization"},"image":{"@id":"https:\/\/newsestlyonnais.fr\/site\/2021\/03\/15\/villeurbanne-ouverture-des-inscriptions-a-lasul-vacances\/#primaryimage"},"thumbnailUrl":"https:\/\/newsestlyonnais.fr\/site\/wp-content\/uploads\/2021\/03\/AV-Printemps-2021.png","keywords":["ACTIVITES","ASUL","ASUL VACANCES","VILLEURBANNE"],"articleSection":["Enfance | Jeunesse","Pratique","Villeurbanne"],"inLanguage":"fr-FR","potentialAction":[{"@type":"CommentAction","name":"Comment","target":["https:\/\/newsestlyonnais.fr\/site\/2021\/03\/15\/villeurbanne-ouverture-des-inscriptions-a-lasul-vacances\/#respond"]}]},{"@type":"WebPage","@id":"https:\/\/newsestlyonnais.fr\/site\/2021\/03\/15\/villeurbanne-ouverture-des-inscriptions-a-lasul-vacances\/","url":"https:\/\/newsestlyonnais.fr\/site\/2021\/03\/15\/villeurbanne-ouverture-des-inscriptions-a-lasul-vacances\/","name":"VILLEURBANNE | Ouverture des inscriptions \u00e0 l\u2019ASUL Vacances - News Est Lyonnais","isPartOf":{"@id":"https:\/\/newsestlyonnais.fr\/site\/#website"},"primaryImageOfPage":{"@id":"https:\/\/newsestlyonnais.fr\/site\/2021\/03\/15\/villeurbanne-ouverture-des-inscriptions-a-lasul-vacances\/#primaryimage"},"image":{"@id":"https:\/\/newsestlyonnais.fr\/site\/2021\/03\/15\/villeurbanne-ouverture-des-inscriptions-a-lasul-vacances\/#primaryimage"},"thumbnailUrl":"https:\/\/newsestlyonnais.fr\/site\/wp-content\/uploads\/2021\/03\/AV-Printemps-2021.png","datePublished":"2021-03-15T18:33:45+00:00","dateModified":"2021-03-21T10:01:13+00:00","description":"VILLEURBANNE | Ouverture des inscriptions \u00e0 l\u2019ASUL Vacances","breadcrumb":{"@id":"https:\/\/newsestlyonnais.fr\/site\/2021\/03\/15\/villeurbanne-ouverture-des-inscriptions-a-lasul-vacances\/#breadcrumb"},"inLanguage":"fr-FR","potentialAction":[{"@type":"ReadAction","target":["https:\/\/newsestlyonnais.fr\/site\/2021\/03\/15\/villeurbanne-ouverture-des-inscriptions-a-lasul-vacances\/"]}]},{"@type":"ImageObject","inLanguage":"fr-FR","@id":"https:\/\/newsestlyonnais.fr\/site\/2021\/03\/15\/villeurbanne-ouverture-des-inscriptions-a-lasul-vacances\/#primaryimage","url":"https:\/\/newsestlyonnais.fr\/site\/wp-content\/uploads\/2021\/03\/AV-Printemps-2021.png","contentUrl":"https:\/\/newsestlyonnais.fr\/site\/wp-content\/uploads\/2021\/03\/AV-Printemps-2021.png","width":1200,"height":390},{"@type":"BreadcrumbList","@id":"https:\/\/newsestlyonnais.fr\/site\/2021\/03\/15\/villeurbanne-ouverture-des-inscriptions-a-lasul-vacances\/#breadcrumb","itemListElement":[{"@type":"ListItem","position":1,"name":"Accueil","item":"https:\/\/newsestlyonnais.fr\/site\/"},{"@type":"ListItem","position":2,"name":"VILLEURBANNE | Ouverture des inscriptions \u00e0 l\u2019ASUL Vacances"}]},{"@type":"WebSite","@id":"https:\/\/newsestlyonnais.fr\/site\/#website","url":"https:\/\/newsestlyonnais.fr\/site\/","name":"News Est Lyonnais","description":"L&#039;actualit\u00e9 au plus pr\u00e8s","publisher":{"@id":"https:\/\/newsestlyonnais.fr\/site\/#organization"},"potentialAction":[{"@type":"SearchAction","target":{"@type":"EntryPoint","urlTemplate":"https:\/\/newsestlyonnais.fr\/site\/?s={search_term_string}"},"query-input":{"@type":"PropertyValueSpecification","valueRequired":true,"valueName":"search_term_string"}}],"inLanguage":"fr-FR"},{"@type":"Organization","@id":"https:\/\/newsestlyonnais.fr\/site\/#organization","name":"News EST LYONNAIS","url":"https:\/\/newsestlyonnais.fr\/site\/","logo":{"@type":"ImageObject","inLanguage":"fr-FR","@id":"https:\/\/newsestlyonnais.fr\/site\/#\/schema\/logo\/image\/","url":"","contentUrl":"","caption":"News EST LYONNAIS"},"image":{"@id":"https:\/\/newsestlyonnais.fr\/site\/#\/schema\/logo\/image\/"}},{"@type":"Person","@id":"https:\/\/newsestlyonnais.fr\/site\/#\/schema\/person\/3230d5615f390bb808365d673001e887","name":"R\u00e9dac. NEWS","sameAs":["http:\/\/www.newsestlyonnais.fr","https:\/\/www.facebook.com\/pascal.oberson.1?fref=ts","https:\/\/fr.linkedin.com\/in\/pascal-oberson-b17045113"],"url":"https:\/\/newsestlyonnais.fr\/site\/author\/nel\/"}]}},"_links":{"self":[{"href":"https:\/\/newsestlyonnais.fr\/site\/wp-json\/wp\/v2\/posts\/126918","targetHints":{"allow":["GET"]}}],"collection":[{"href":"https:\/\/newsestlyonnais.fr\/site\/wp-json\/wp\/v2\/posts"}],"about":[{"href":"https:\/\/newsestlyonnais.fr\/site\/wp-json\/wp\/v2\/types\/post"}],"author":[{"embeddable":true,"href":"https:\/\/newsestlyonnais.fr\/site\/wp-json\/wp\/v2\/users\/4"}],"replies":[{"embeddable":true,"href":"https:\/\/newsestlyonnais.fr\/site\/wp-json\/wp\/v2\/comments?post=126918"}],"version-history":[{"count":0,"href":"https:\/\/newsestlyonnais.fr\/site\/wp-json\/wp\/v2\/posts\/126918\/revisions"}],"wp:featuredmedia":[{"embeddable":true,"href":"https:\/\/newsestlyonnais.fr\/site\/wp-json\/wp\/v2\/media\/126921"}],"wp:attachment":[{"href":"https:\/\/newsestlyonnais.fr\/site\/wp-json\/wp\/v2\/media?parent=126918"}],"wp:term":[{"taxonomy":"category","embeddable":true,"href":"https:\/\/newsestlyonnais.fr\/site\/wp-json\/wp\/v2\/categories?post=126918"},{"taxonomy":"post_tag","embeddable":true,"href":"https:\/\/newsestlyonnais.fr\/site\/wp-json\/wp\/v2\/tags?post=126918"}],"curies":[{"name":"wp","href":"https:\/\/api.w.org\/{rel}","templated":true}]}}