{"id":127107,"date":"2021-03-20T15:07:00","date_gmt":"2021-03-20T14:07:00","guid":{"rendered":"http:\/\/newsestlyonnais.fr\/site\/?p=127107"},"modified":"2021-03-20T15:07:00","modified_gmt":"2021-03-20T14:07:00","slug":"villeurbanne-capitale-francaise-de-la-culture-2022-derniere-ligne-droite-pour-soutenir","status":"publish","type":"post","link":"https:\/\/newsestlyonnais.fr\/site\/2021\/03\/20\/villeurbanne-capitale-francaise-de-la-culture-2022-derniere-ligne-droite-pour-soutenir\/","title":{"rendered":"Villeurbanne | Capitale fran\u00e7aise de la culture 2022 > derni\u00e8re ligne droite pour soutenir"},"content":{"rendered":"<p>Elle propose d\u2019\u00e9laborer avec les jeunes et les acteurs culturels du territoire <strong>une programmation riche et \u00e9clectique durant toute l\u2019ann\u00e9e 2022<\/strong> : festival en plein air, balades patrimoniales, centres culturels d\u00e9centralis\u00e9s dans les \u00e9coles, cr\u00e9ations dans l\u2019espace public, expositions\u2026<\/p>\n<hr \/>\n<p><strong><span style=\"text-decoration: underline;\">Tout le monde peut soutenir la candidature<\/span>\u00a0!\u00a0<\/strong><\/p>\n<p><strong>Pour d\u00e9crocher le pr\u00e9cieux label<\/strong>, <strong>Villeurbanne a besoin du soutien de toutes les habitantes et habitants de la M\u00e9tropole et de l\u2019univers<\/strong>.<\/p>\n<p>Pour rejoindre Lala&amp;ce, Boris Cyrulnik, Sophia Aram, les fr\u00e8res Dardenne, Fran\u00e7ois Beaune, Christian T\u00eatedoie, Edgar Morin ou encore les tr\u00e8s nombreux \u00e9quipements culturels et universitaires de l\u2019agglom\u00e9ration une seule adresse :\u00a0<span style=\"color: #0000ff;\"><a style=\"color: #0000ff;\" href=\"http:\/\/www.villeurbanne.fr\/culture2022\">www.villeurbanne.fr\/culture2022<\/a><\/span><\/p>\n<hr \/>\n<p><strong><span style=\"text-decoration: underline;\">Un \u00ab\u00a0happening\u00a0\u00bb<\/span><br \/>\n<\/strong><\/p>\n<p><strong>Et comme dernier clin d\u2019\u0153il pour porter haut et fort cette candidature (<span style=\"text-decoration: underline;\">verdict le 30 mars<\/span>)<\/strong>, une affiche g\u00e9ante (24 x 16) m a \u00e9t\u00e9 d\u00e9ploy\u00e9e, en musique vendredi apr\u00e8s-midi place Lazare-Goujon.<\/p>\n<p>&gt; Voir le time-lapse sur <a href=\"https:\/\/youtu.be\/H7RefTBEyvI\"><span style=\"color: #0000ff;\">https:\/\/youtu.be\/H7RefTBEyvI<\/span><\/a><\/p>\n<hr \/>\n<hr \/>\n<p>&nbsp;<\/p>\n","protected":false},"excerpt":{"rendered":"<p>La ville avec son projet \u00a0\u00bb Place aux jeunes \u00a0\u00bb fait partie des neuf finalistes.<\/p>\n","protected":false},"author":4,"featured_media":127110,"comment_status":"open","ping_status":"open","sticky":false,"template":"","format":"standard","meta":{"footnotes":""},"categories":[30,3328,3330,3006,29],"tags":[3668,3598,2091],"class_list":["post-127107","post","type-post","status-publish","format-standard","has-post-thumbnail","hentry","category-a-la-une","category-concours-jeux-labels-lotos","category-mode-spectacle","category-musique-danse-humour","category-villeurbanne","tag-candidature","tag-culture","tag-villeurbanne"],"yoast_head":"<!-- This site is optimized with the Yoast SEO plugin v27.2 - https:\/\/yoast.com\/product\/yoast-seo-wordpress\/ -->\n<title>Villeurbanne | Capitale fran\u00e7aise de la culture 2022 &gt; derni\u00e8re ligne droite pour soutenir - News Est Lyonnais<\/title>\n<meta name=\"description\" content=\"Villeurbanne | Capitale fran\u00e7aise de la culture 2022 &gt; derni\u00e8re ligne droite pour soutenir\" \/>\n<meta name=\"robots\" content=\"index, follow, max-snippet:-1, max-image-preview:large, max-video-preview:-1\" \/>\n<link rel=\"canonical\" href=\"https:\/\/newsestlyonnais.fr\/site\/2021\/03\/20\/villeurbanne-capitale-francaise-de-la-culture-2022-derniere-ligne-droite-pour-soutenir\/\" \/>\n<meta property=\"og:locale\" content=\"fr_FR\" \/>\n<meta property=\"og:type\" content=\"article\" \/>\n<meta property=\"og:title\" content=\"Villeurbanne | Capitale fran\u00e7aise de la culture 2022 &gt; derni\u00e8re ligne droite pour soutenir - News Est Lyonnais\" \/>\n<meta property=\"og:description\" content=\"Villeurbanne | Capitale fran\u00e7aise de la culture 2022 &gt; derni\u00e8re ligne droite pour soutenir\" \/>\n<meta property=\"og:url\" content=\"https:\/\/newsestlyonnais.fr\/site\/2021\/03\/20\/villeurbanne-capitale-francaise-de-la-culture-2022-derniere-ligne-droite-pour-soutenir\/\" \/>\n<meta property=\"og:site_name\" content=\"News Est Lyonnais\" \/>\n<meta property=\"article:author\" content=\"https:\/\/www.facebook.com\/pascal.oberson.1?fref=ts\" \/>\n<meta property=\"article:published_time\" content=\"2021-03-20T14:07:00+00:00\" \/>\n<meta property=\"og:image\" content=\"https:\/\/i2.wp.com\/newsestlyonnais.fr\/site\/wp-content\/uploads\/2021\/03\/Capitale-de-la-culture.jpg?fit=851%2C567&ssl=1\" \/>\n\t<meta property=\"og:image:width\" content=\"851\" \/>\n\t<meta property=\"og:image:height\" content=\"567\" \/>\n\t<meta property=\"og:image:type\" content=\"image\/jpeg\" \/>\n<meta name=\"author\" content=\"R\u00e9dac. NEWS\" \/>\n<meta name=\"twitter:card\" content=\"summary_large_image\" \/>\n<meta name=\"twitter:label1\" content=\"\u00c9crit par\" \/>\n\t<meta name=\"twitter:data1\" content=\"R\u00e9dac. NEWS\" \/>\n\t<meta name=\"twitter:label2\" content=\"Dur\u00e9e de lecture estim\u00e9e\" \/>\n\t<meta name=\"twitter:data2\" content=\"1 minute\" \/>\n<script type=\"application\/ld+json\" class=\"yoast-schema-graph\">{\"@context\":\"https:\/\/schema.org\",\"@graph\":[{\"@type\":\"Article\",\"@id\":\"https:\/\/newsestlyonnais.fr\/site\/2021\/03\/20\/villeurbanne-capitale-francaise-de-la-culture-2022-derniere-ligne-droite-pour-soutenir\/#article\",\"isPartOf\":{\"@id\":\"https:\/\/newsestlyonnais.fr\/site\/2021\/03\/20\/villeurbanne-capitale-francaise-de-la-culture-2022-derniere-ligne-droite-pour-soutenir\/\"},\"author\":{\"name\":\"R\u00e9dac. NEWS\",\"@id\":\"https:\/\/newsestlyonnais.fr\/site\/#\/schema\/person\/3230d5615f390bb808365d673001e887\"},\"headline\":\"Villeurbanne | Capitale fran\u00e7aise de la culture 2022 > derni\u00e8re ligne droite pour soutenir\",\"datePublished\":\"2021-03-20T14:07:00+00:00\",\"mainEntityOfPage\":{\"@id\":\"https:\/\/newsestlyonnais.fr\/site\/2021\/03\/20\/villeurbanne-capitale-francaise-de-la-culture-2022-derniere-ligne-droite-pour-soutenir\/\"},\"wordCount\":179,\"commentCount\":0,\"publisher\":{\"@id\":\"https:\/\/newsestlyonnais.fr\/site\/#organization\"},\"image\":{\"@id\":\"https:\/\/newsestlyonnais.fr\/site\/2021\/03\/20\/villeurbanne-capitale-francaise-de-la-culture-2022-derniere-ligne-droite-pour-soutenir\/#primaryimage\"},\"thumbnailUrl\":\"https:\/\/newsestlyonnais.fr\/site\/wp-content\/uploads\/2021\/03\/Capitale-de-la-culture.jpg\",\"keywords\":[\"CANDIDATURE\",\"culture\",\"VILLEURBANNE\"],\"articleSection\":[\"\u00e0 la une\",\"Concours | Jeux | Labels | Lotos\",\"Mode | Spectacle\",\"Musique | Danse | Humour\",\"Villeurbanne\"],\"inLanguage\":\"fr-FR\",\"potentialAction\":[{\"@type\":\"CommentAction\",\"name\":\"Comment\",\"target\":[\"https:\/\/newsestlyonnais.fr\/site\/2021\/03\/20\/villeurbanne-capitale-francaise-de-la-culture-2022-derniere-ligne-droite-pour-soutenir\/#respond\"]}]},{\"@type\":\"WebPage\",\"@id\":\"https:\/\/newsestlyonnais.fr\/site\/2021\/03\/20\/villeurbanne-capitale-francaise-de-la-culture-2022-derniere-ligne-droite-pour-soutenir\/\",\"url\":\"https:\/\/newsestlyonnais.fr\/site\/2021\/03\/20\/villeurbanne-capitale-francaise-de-la-culture-2022-derniere-ligne-droite-pour-soutenir\/\",\"name\":\"Villeurbanne | Capitale fran\u00e7aise de la culture 2022 > derni\u00e8re ligne droite pour soutenir - News Est Lyonnais\",\"isPartOf\":{\"@id\":\"https:\/\/newsestlyonnais.fr\/site\/#website\"},\"primaryImageOfPage\":{\"@id\":\"https:\/\/newsestlyonnais.fr\/site\/2021\/03\/20\/villeurbanne-capitale-francaise-de-la-culture-2022-derniere-ligne-droite-pour-soutenir\/#primaryimage\"},\"image\":{\"@id\":\"https:\/\/newsestlyonnais.fr\/site\/2021\/03\/20\/villeurbanne-capitale-francaise-de-la-culture-2022-derniere-ligne-droite-pour-soutenir\/#primaryimage\"},\"thumbnailUrl\":\"https:\/\/newsestlyonnais.fr\/site\/wp-content\/uploads\/2021\/03\/Capitale-de-la-culture.jpg\",\"datePublished\":\"2021-03-20T14:07:00+00:00\",\"description\":\"Villeurbanne | Capitale fran\u00e7aise de la culture 2022 > derni\u00e8re ligne droite pour soutenir\",\"breadcrumb\":{\"@id\":\"https:\/\/newsestlyonnais.fr\/site\/2021\/03\/20\/villeurbanne-capitale-francaise-de-la-culture-2022-derniere-ligne-droite-pour-soutenir\/#breadcrumb\"},\"inLanguage\":\"fr-FR\",\"potentialAction\":[{\"@type\":\"ReadAction\",\"target\":[\"https:\/\/newsestlyonnais.fr\/site\/2021\/03\/20\/villeurbanne-capitale-francaise-de-la-culture-2022-derniere-ligne-droite-pour-soutenir\/\"]}]},{\"@type\":\"ImageObject\",\"inLanguage\":\"fr-FR\",\"@id\":\"https:\/\/newsestlyonnais.fr\/site\/2021\/03\/20\/villeurbanne-capitale-francaise-de-la-culture-2022-derniere-ligne-droite-pour-soutenir\/#primaryimage\",\"url\":\"https:\/\/newsestlyonnais.fr\/site\/wp-content\/uploads\/2021\/03\/Capitale-de-la-culture.jpg\",\"contentUrl\":\"https:\/\/newsestlyonnais.fr\/site\/wp-content\/uploads\/2021\/03\/Capitale-de-la-culture.jpg\",\"width\":851,\"height\":567},{\"@type\":\"BreadcrumbList\",\"@id\":\"https:\/\/newsestlyonnais.fr\/site\/2021\/03\/20\/villeurbanne-capitale-francaise-de-la-culture-2022-derniere-ligne-droite-pour-soutenir\/#breadcrumb\",\"itemListElement\":[{\"@type\":\"ListItem\",\"position\":1,\"name\":\"Accueil\",\"item\":\"https:\/\/newsestlyonnais.fr\/site\/\"},{\"@type\":\"ListItem\",\"position\":2,\"name\":\"Villeurbanne | Capitale fran\u00e7aise de la culture 2022 > derni\u00e8re ligne droite pour soutenir\"}]},{\"@type\":\"WebSite\",\"@id\":\"https:\/\/newsestlyonnais.fr\/site\/#website\",\"url\":\"https:\/\/newsestlyonnais.fr\/site\/\",\"name\":\"News Est Lyonnais\",\"description\":\"L&#039;actualit\u00e9 au plus pr\u00e8s\",\"publisher\":{\"@id\":\"https:\/\/newsestlyonnais.fr\/site\/#organization\"},\"potentialAction\":[{\"@type\":\"SearchAction\",\"target\":{\"@type\":\"EntryPoint\",\"urlTemplate\":\"https:\/\/newsestlyonnais.fr\/site\/?s={search_term_string}\"},\"query-input\":{\"@type\":\"PropertyValueSpecification\",\"valueRequired\":true,\"valueName\":\"search_term_string\"}}],\"inLanguage\":\"fr-FR\"},{\"@type\":\"Organization\",\"@id\":\"https:\/\/newsestlyonnais.fr\/site\/#organization\",\"name\":\"News EST LYONNAIS\",\"url\":\"https:\/\/newsestlyonnais.fr\/site\/\",\"logo\":{\"@type\":\"ImageObject\",\"inLanguage\":\"fr-FR\",\"@id\":\"https:\/\/newsestlyonnais.fr\/site\/#\/schema\/logo\/image\/\",\"url\":\"\",\"contentUrl\":\"\",\"caption\":\"News EST LYONNAIS\"},\"image\":{\"@id\":\"https:\/\/newsestlyonnais.fr\/site\/#\/schema\/logo\/image\/\"}},{\"@type\":\"Person\",\"@id\":\"https:\/\/newsestlyonnais.fr\/site\/#\/schema\/person\/3230d5615f390bb808365d673001e887\",\"name\":\"R\u00e9dac. NEWS\",\"sameAs\":[\"http:\/\/www.newsestlyonnais.fr\",\"https:\/\/www.facebook.com\/pascal.oberson.1?fref=ts\",\"https:\/\/fr.linkedin.com\/in\/pascal-oberson-b17045113\"],\"url\":\"https:\/\/newsestlyonnais.fr\/site\/author\/nel\/\"}]}<\/script>\n<!-- \/ Yoast SEO plugin. -->","yoast_head_json":{"title":"Villeurbanne | Capitale fran\u00e7aise de la culture 2022 > derni\u00e8re ligne droite pour soutenir - News Est Lyonnais","description":"Villeurbanne | Capitale fran\u00e7aise de la culture 2022 > derni\u00e8re ligne droite pour soutenir","robots":{"index":"index","follow":"follow","max-snippet":"max-snippet:-1","max-image-preview":"max-image-preview:large","max-video-preview":"max-video-preview:-1"},"canonical":"https:\/\/newsestlyonnais.fr\/site\/2021\/03\/20\/villeurbanne-capitale-francaise-de-la-culture-2022-derniere-ligne-droite-pour-soutenir\/","og_locale":"fr_FR","og_type":"article","og_title":"Villeurbanne | Capitale fran\u00e7aise de la culture 2022 > derni\u00e8re ligne droite pour soutenir - News Est Lyonnais","og_description":"Villeurbanne | Capitale fran\u00e7aise de la culture 2022 > derni\u00e8re ligne droite pour soutenir","og_url":"https:\/\/newsestlyonnais.fr\/site\/2021\/03\/20\/villeurbanne-capitale-francaise-de-la-culture-2022-derniere-ligne-droite-pour-soutenir\/","og_site_name":"News Est Lyonnais","article_author":"https:\/\/www.facebook.com\/pascal.oberson.1?fref=ts","article_published_time":"2021-03-20T14:07:00+00:00","og_image":[{"width":851,"height":567,"url":"https:\/\/i2.wp.com\/newsestlyonnais.fr\/site\/wp-content\/uploads\/2021\/03\/Capitale-de-la-culture.jpg?fit=851%2C567&ssl=1","type":"image\/jpeg"}],"author":"R\u00e9dac. NEWS","twitter_card":"summary_large_image","twitter_misc":{"\u00c9crit par":"R\u00e9dac. NEWS","Dur\u00e9e de lecture estim\u00e9e":"1 minute"},"schema":{"@context":"https:\/\/schema.org","@graph":[{"@type":"Article","@id":"https:\/\/newsestlyonnais.fr\/site\/2021\/03\/20\/villeurbanne-capitale-francaise-de-la-culture-2022-derniere-ligne-droite-pour-soutenir\/#article","isPartOf":{"@id":"https:\/\/newsestlyonnais.fr\/site\/2021\/03\/20\/villeurbanne-capitale-francaise-de-la-culture-2022-derniere-ligne-droite-pour-soutenir\/"},"author":{"name":"R\u00e9dac. NEWS","@id":"https:\/\/newsestlyonnais.fr\/site\/#\/schema\/person\/3230d5615f390bb808365d673001e887"},"headline":"Villeurbanne | Capitale fran\u00e7aise de la culture 2022 > derni\u00e8re ligne droite pour soutenir","datePublished":"2021-03-20T14:07:00+00:00","mainEntityOfPage":{"@id":"https:\/\/newsestlyonnais.fr\/site\/2021\/03\/20\/villeurbanne-capitale-francaise-de-la-culture-2022-derniere-ligne-droite-pour-soutenir\/"},"wordCount":179,"commentCount":0,"publisher":{"@id":"https:\/\/newsestlyonnais.fr\/site\/#organization"},"image":{"@id":"https:\/\/newsestlyonnais.fr\/site\/2021\/03\/20\/villeurbanne-capitale-francaise-de-la-culture-2022-derniere-ligne-droite-pour-soutenir\/#primaryimage"},"thumbnailUrl":"https:\/\/newsestlyonnais.fr\/site\/wp-content\/uploads\/2021\/03\/Capitale-de-la-culture.jpg","keywords":["CANDIDATURE","culture","VILLEURBANNE"],"articleSection":["\u00e0 la une","Concours | Jeux | Labels | Lotos","Mode | Spectacle","Musique | Danse | Humour","Villeurbanne"],"inLanguage":"fr-FR","potentialAction":[{"@type":"CommentAction","name":"Comment","target":["https:\/\/newsestlyonnais.fr\/site\/2021\/03\/20\/villeurbanne-capitale-francaise-de-la-culture-2022-derniere-ligne-droite-pour-soutenir\/#respond"]}]},{"@type":"WebPage","@id":"https:\/\/newsestlyonnais.fr\/site\/2021\/03\/20\/villeurbanne-capitale-francaise-de-la-culture-2022-derniere-ligne-droite-pour-soutenir\/","url":"https:\/\/newsestlyonnais.fr\/site\/2021\/03\/20\/villeurbanne-capitale-francaise-de-la-culture-2022-derniere-ligne-droite-pour-soutenir\/","name":"Villeurbanne | Capitale fran\u00e7aise de la culture 2022 > derni\u00e8re ligne droite pour soutenir - News Est Lyonnais","isPartOf":{"@id":"https:\/\/newsestlyonnais.fr\/site\/#website"},"primaryImageOfPage":{"@id":"https:\/\/newsestlyonnais.fr\/site\/2021\/03\/20\/villeurbanne-capitale-francaise-de-la-culture-2022-derniere-ligne-droite-pour-soutenir\/#primaryimage"},"image":{"@id":"https:\/\/newsestlyonnais.fr\/site\/2021\/03\/20\/villeurbanne-capitale-francaise-de-la-culture-2022-derniere-ligne-droite-pour-soutenir\/#primaryimage"},"thumbnailUrl":"https:\/\/newsestlyonnais.fr\/site\/wp-content\/uploads\/2021\/03\/Capitale-de-la-culture.jpg","datePublished":"2021-03-20T14:07:00+00:00","description":"Villeurbanne | Capitale fran\u00e7aise de la culture 2022 > derni\u00e8re ligne droite pour soutenir","breadcrumb":{"@id":"https:\/\/newsestlyonnais.fr\/site\/2021\/03\/20\/villeurbanne-capitale-francaise-de-la-culture-2022-derniere-ligne-droite-pour-soutenir\/#breadcrumb"},"inLanguage":"fr-FR","potentialAction":[{"@type":"ReadAction","target":["https:\/\/newsestlyonnais.fr\/site\/2021\/03\/20\/villeurbanne-capitale-francaise-de-la-culture-2022-derniere-ligne-droite-pour-soutenir\/"]}]},{"@type":"ImageObject","inLanguage":"fr-FR","@id":"https:\/\/newsestlyonnais.fr\/site\/2021\/03\/20\/villeurbanne-capitale-francaise-de-la-culture-2022-derniere-ligne-droite-pour-soutenir\/#primaryimage","url":"https:\/\/newsestlyonnais.fr\/site\/wp-content\/uploads\/2021\/03\/Capitale-de-la-culture.jpg","contentUrl":"https:\/\/newsestlyonnais.fr\/site\/wp-content\/uploads\/2021\/03\/Capitale-de-la-culture.jpg","width":851,"height":567},{"@type":"BreadcrumbList","@id":"https:\/\/newsestlyonnais.fr\/site\/2021\/03\/20\/villeurbanne-capitale-francaise-de-la-culture-2022-derniere-ligne-droite-pour-soutenir\/#breadcrumb","itemListElement":[{"@type":"ListItem","position":1,"name":"Accueil","item":"https:\/\/newsestlyonnais.fr\/site\/"},{"@type":"ListItem","position":2,"name":"Villeurbanne | Capitale fran\u00e7aise de la culture 2022 > derni\u00e8re ligne droite pour soutenir"}]},{"@type":"WebSite","@id":"https:\/\/newsestlyonnais.fr\/site\/#website","url":"https:\/\/newsestlyonnais.fr\/site\/","name":"News Est Lyonnais","description":"L&#039;actualit\u00e9 au plus pr\u00e8s","publisher":{"@id":"https:\/\/newsestlyonnais.fr\/site\/#organization"},"potentialAction":[{"@type":"SearchAction","target":{"@type":"EntryPoint","urlTemplate":"https:\/\/newsestlyonnais.fr\/site\/?s={search_term_string}"},"query-input":{"@type":"PropertyValueSpecification","valueRequired":true,"valueName":"search_term_string"}}],"inLanguage":"fr-FR"},{"@type":"Organization","@id":"https:\/\/newsestlyonnais.fr\/site\/#organization","name":"News EST LYONNAIS","url":"https:\/\/newsestlyonnais.fr\/site\/","logo":{"@type":"ImageObject","inLanguage":"fr-FR","@id":"https:\/\/newsestlyonnais.fr\/site\/#\/schema\/logo\/image\/","url":"","contentUrl":"","caption":"News EST LYONNAIS"},"image":{"@id":"https:\/\/newsestlyonnais.fr\/site\/#\/schema\/logo\/image\/"}},{"@type":"Person","@id":"https:\/\/newsestlyonnais.fr\/site\/#\/schema\/person\/3230d5615f390bb808365d673001e887","name":"R\u00e9dac. NEWS","sameAs":["http:\/\/www.newsestlyonnais.fr","https:\/\/www.facebook.com\/pascal.oberson.1?fref=ts","https:\/\/fr.linkedin.com\/in\/pascal-oberson-b17045113"],"url":"https:\/\/newsestlyonnais.fr\/site\/author\/nel\/"}]}},"_links":{"self":[{"href":"https:\/\/newsestlyonnais.fr\/site\/wp-json\/wp\/v2\/posts\/127107","targetHints":{"allow":["GET"]}}],"collection":[{"href":"https:\/\/newsestlyonnais.fr\/site\/wp-json\/wp\/v2\/posts"}],"about":[{"href":"https:\/\/newsestlyonnais.fr\/site\/wp-json\/wp\/v2\/types\/post"}],"author":[{"embeddable":true,"href":"https:\/\/newsestlyonnais.fr\/site\/wp-json\/wp\/v2\/users\/4"}],"replies":[{"embeddable":true,"href":"https:\/\/newsestlyonnais.fr\/site\/wp-json\/wp\/v2\/comments?post=127107"}],"version-history":[{"count":0,"href":"https:\/\/newsestlyonnais.fr\/site\/wp-json\/wp\/v2\/posts\/127107\/revisions"}],"wp:featuredmedia":[{"embeddable":true,"href":"https:\/\/newsestlyonnais.fr\/site\/wp-json\/wp\/v2\/media\/127110"}],"wp:attachment":[{"href":"https:\/\/newsestlyonnais.fr\/site\/wp-json\/wp\/v2\/media?parent=127107"}],"wp:term":[{"taxonomy":"category","embeddable":true,"href":"https:\/\/newsestlyonnais.fr\/site\/wp-json\/wp\/v2\/categories?post=127107"},{"taxonomy":"post_tag","embeddable":true,"href":"https:\/\/newsestlyonnais.fr\/site\/wp-json\/wp\/v2\/tags?post=127107"}],"curies":[{"name":"wp","href":"https:\/\/api.w.org\/{rel}","templated":true}]}}