{"id":127827,"date":"2021-04-16T10:36:18","date_gmt":"2021-04-16T09:36:18","guid":{"rendered":"https:\/\/newsestlyonnais.fr\/site\/?p=127827"},"modified":"2021-06-26T15:26:52","modified_gmt":"2021-06-26T14:26:52","slug":"corbas-feyzin-venissieux-des-aux-rendez-vous-nature","status":"publish","type":"post","link":"https:\/\/newsestlyonnais.fr\/site\/2021\/04\/16\/corbas-feyzin-venissieux-des-aux-rendez-vous-nature\/","title":{"rendered":"Corbas-Feyzin-V\u00e9nissieux | Des rendez-vous nature"},"content":{"rendered":"<p><strong>Ceci en partenariat avec la M\u00e9tropole de Lyon, les Villes de Feyzin, Corbas et V\u00e9nissieux et d\u2019associations partenaires<\/strong> comme\u00a0<span style=\"color: #0000ff;\"><a style=\"color: #0000ff;\" href=\"https:\/\/www.lpo-rhone.fr\" target=\"_blank\" rel=\"noopener\">la LPO du Rh\u00f4ne<\/a>, <a style=\"color: #0000ff;\" href=\"http:\/\/www.auvergnerhonealpes.bio\/qui-sommes-nous\/ardab\" target=\"_blank\" rel=\"noopener\">l\u2019ARDAB<\/a>, <a style=\"color: #0000ff;\" href=\"https:\/\/www.facebook.com\/greine.despres\" target=\"_blank\" rel=\"noopener\">G\u2019reine des Pr\u00e8s<\/a> et <a style=\"color: #0000ff;\" href=\"https:\/\/www.arthropologia.org\" target=\"_blank\" rel=\"noopener\">Arthropologia<\/a>.<\/span><\/p>\n<hr \/>\n<p><span style=\"background-color: #000000; color: #ffffff;\"><em><strong><span dir=\"ltr\" style=\"font-size: 18pt; background-color: #000000;\">Sorties printani\u00e8res<\/span><\/strong><\/em><\/span><\/p>\n<ul>\n<li><span dir=\"ltr\"><span style=\"text-decoration: underline;\"><strong>Les animaux mal-aim\u00e9s<\/strong> <\/span>: Ils <\/span><span dir=\"ltr\">suscitent la fascination et <\/span><span dir=\"ltr\">la crainte. Observons ensemble ces b\u00eates \u00e0 <\/span><span dir=\"ltr\">plumes et \u00e0 poils et remontons \u00e0 l\u2019origine des <\/span><span dir=\"ltr\">peurs qu\u2019ils suscitent. Leur r\u00f4le est pr\u00e9cieux, <\/span><span dir=\"ltr\">aimons-les ! (<\/span><strong><span dir=\"ltr\">Mardi 13 avril 2021 \u00b7 14 h-16 h<\/span><\/strong><span dir=\"ltr\"><strong> \/ Grandes Terres<\/strong>). <\/span><span dir=\"ltr\">L<\/span><span dir=\"ltr\">P<\/span><span dir=\"ltr\">O <\/span><span dir=\"ltr\">R<\/span><span dir=\"ltr\">h<\/span><span dir=\"ltr\">\u00f4<\/span><span dir=\"ltr\">n<\/span><span dir=\"ltr\">e.<\/span><\/li>\n<li><span dir=\"ltr\"><span style=\"text-decoration: underline;\"><strong>Le r\u00e9veil des oiseaux<\/strong><\/span> : <\/span><span dir=\"ltr\">Au printemps, la flore et la faune se r\u00e9veillent. <\/span><span dir=\"ltr\">Venez observer et \u00e9couter chanter les oiseaux. (<\/span><strong><span dir=\"ltr\">Samedi 17 avril 2021 \u00b7 14 h &#8211; 16 h \/ <\/span><span dir=\"ltr\">Grandes Terres<\/span><\/strong><span dir=\"ltr\">). V<\/span><span dir=\"ltr\">i<\/span><span dir=\"ltr\">l<\/span><span dir=\"ltr\">l<\/span><span dir=\"ltr\">e <\/span><span dir=\"ltr\">d<\/span><span dir=\"ltr\">e <\/span><span dir=\"ltr\">F<\/span><span dir=\"ltr\">e<\/span><span dir=\"ltr\">y<\/span><span dir=\"ltr\">z<\/span><span dir=\"ltr\">i<\/span><span dir=\"ltr\">n.<\/span><\/li>\n<li><span dir=\"ltr\"><span style=\"text-decoration: underline;\"><strong>RDV avec la faune nocturne<\/strong><\/span> : <\/span><span dir=\"ltr\">Immergeons-nous le temps d\u2019une soir\u00e9e dans la <\/span><span dir=\"ltr\">p\u00e9nombre pour en d\u00e9couvrir les habitants <\/span><span dir=\"ltr\">nocturnes qui se dissimulent dans l\u2019herbe ou <\/span><span dir=\"ltr\">dans les branchages. Et comprenons l&rsquo;impact de <\/span><span dir=\"ltr\">la pollution lumineuse. (<\/span><strong><span dir=\"ltr\">Mardi 20 avril 2021 \u00b7 19 h 30-21 h 30 \/ <\/span><\/strong><span dir=\"ltr\"><strong>Grandes Terres<\/strong>). <\/span><span dir=\"ltr\">G<\/span><span dir=\"ltr\">&lsquo;<\/span><span dir=\"ltr\">r<\/span><span dir=\"ltr\">e<\/span><span dir=\"ltr\">i<\/span><span dir=\"ltr\">n<\/span><span dir=\"ltr\">e <\/span><span dir=\"ltr\">d<\/span><span dir=\"ltr\">e<\/span><span dir=\"ltr\">s <\/span><span dir=\"ltr\">p<\/span><span dir=\"ltr\">r<\/span><span dir=\"ltr\">\u00e9<\/span><span dir=\"ltr\">s.<\/span><\/li>\n<li><span dir=\"ltr\"><span style=\"text-decoration: underline;\"><strong>Les myst\u00e8res de la for\u00eat<\/strong><\/span> : <\/span><span dir=\"ltr\">Une balade sensorielle pour se ressourcer en <\/span><span dir=\"ltr\">for\u00eat. La Boulangerie du Fort est ouverte. <strong>(<\/strong><\/span><strong><span dir=\"ltr\">Dimanche 25 avril 2021 \u00b7 15 h-17 h \/ <\/span><\/strong><span dir=\"ltr\"><strong>Bois du Fort)<\/strong>. <\/span><span dir=\"ltr\">A<\/span><span dir=\"ltr\">R<\/span><span dir=\"ltr\">D<\/span><span dir=\"ltr\">A<\/span><span dir=\"ltr\">B<\/span><\/li>\n<li><span dir=\"ltr\"><span style=\"text-decoration: underline;\"><strong>L&rsquo;agriculture bio des Grandes Terres<\/strong><\/span> : <\/span><span dir=\"ltr\">Un temps d&rsquo;\u00e9change pour mieux comprendre <\/span><span dir=\"ltr\">l\u2019agriculture biologique et ses enjeux. D\u00e9gustation de pains avec la participation de la SARL M\u00e9najoc. (<\/span><strong><span dir=\"ltr\">Mercredi 5 mai 2021 \u00b7 18 h 30 &#8211; 20 h 30 \/ <\/span><\/strong><span dir=\"ltr\"><strong>Fort de Feyzin<\/strong>). ARDAB<\/span><\/li>\n<\/ul>\n<p><span style=\"background-color: #000000; color: #ffffff;\"><em><strong><span dir=\"ltr\" style=\"font-size: 18pt; background-color: #000000;\">F\u00eate de la nature<\/span><\/strong><\/em><\/span><\/p>\n<ul>\n<li><span dir=\"ltr\"><span style=\"text-decoration: underline;\"><strong>Abeilles sauvages et pollinisation<\/strong><\/span> : <\/span><span dir=\"ltr\">Pour une seule esp\u00e8ce \u00e9lev\u00e9e dans les ruches, il <\/span><span dir=\"ltr\">existe en France pr\u00e8s d\u2019un millier d\u2019esp\u00e8ces <\/span><span dir=\"ltr\">d\u2019abeilles sauvages. Partez \u00e0 la d\u00e9couverte de la <\/span><span dir=\"ltr\">diversit\u00e9 des pollinisateurs, de leurs r\u00f4les et des <\/span><span dir=\"ltr\">relations qu\u2019ils entretiennent avec les plantes. (<\/span><strong><span dir=\"ltr\">Samedi 22 mai 2021 \u00b7 14 h-16 h \/ <\/span><\/strong><span dir=\"ltr\"><strong>Grandes Terre<\/strong>s). <\/span><span dir=\"ltr\">A<\/span><span dir=\"ltr\">r<\/span><span dir=\"ltr\">t<\/span><span dir=\"ltr\">h<\/span><span dir=\"ltr\">r<\/span><span dir=\"ltr\">o<\/span><span dir=\"ltr\">p<\/span><span dir=\"ltr\">o<\/span><span dir=\"ltr\">l<\/span><span dir=\"ltr\">o<\/span><span dir=\"ltr\">g<\/span><span dir=\"ltr\">i<\/span><span dir=\"ltr\">a<\/span><\/li>\n<li><span dir=\"ltr\"><span style=\"text-decoration: underline;\"><strong>Balade des plantes sauvages<\/strong><\/span>. Partez \u00e0 la d\u00e9couverte des plantes sauvages comestibles, toxiques et m\u00e9dicinales. (<\/span><strong><span dir=\"ltr\">Dimanche 23 mai 2021 \u00b7 10 h-12 h \/ <\/span><\/strong><span dir=\"ltr\"><strong>Grandes Terres<\/strong>). G&rsquo;reinedespr\u00e9s.<br \/>\n<\/span><\/li>\n<\/ul>\n<p><span dir=\"ltr\" style=\"font-size: 18pt; background-color: #000000; color: #ffffff;\">Cycle \u00ab\u00a0Nos amis les reptiles\u00a0\u00bb<\/span><\/p>\n<ul>\n<li><span style=\"text-decoration: underline;\"><strong><span dir=\"ltr\">Le monde m\u00e9connu des reptiles<\/span><\/strong><\/span> : <span dir=\"ltr\">Venez reconna\u00eetre les diff\u00e9rentes esp\u00e8ces <\/span><span dir=\"ltr\">pr\u00e9sentes sur les Grandes Terres, leur biologie, <\/span><span dir=\"ltr\">leur r\u00f4le indispensable dans l\u2019\u00e9cosyst\u00e8me et <\/span><span dir=\"ltr\">apprendre ainsi \u00e0 ne plus les craindre pour <\/span><span dir=\"ltr\">mieux les prot\u00e9ger et les respecter. (<\/span><strong><span dir=\"ltr\">Mercredi 2 juin 2021 \u00b7 18 h 30-20 h \/ <\/span><\/strong><span dir=\"ltr\"><strong>Grandes Terres<\/strong>). <\/span><span dir=\"ltr\">L<\/span><span dir=\"ltr\">P<\/span><span dir=\"ltr\">O <\/span><span dir=\"ltr\">R<\/span><span dir=\"ltr\">h<\/span><span dir=\"ltr\">\u00f4<\/span><span dir=\"ltr\">n<\/span><span dir=\"ltr\">e.<\/span><\/li>\n<li><span style=\"text-decoration: underline;\"><strong><span dir=\"ltr\">Chantier \u00e9co-citoyen<\/span><\/strong><\/span> : <span dir=\"ltr\">Enfilez vos gants et venez reconstruire le muret \u00e0 <\/span><span dir=\"ltr\">reptiles des bois du Fort afin d&rsquo;accueillir la <\/span><span dir=\"ltr\">biodiversit\u00e9. Echanges sur les int\u00e9r\u00eats \u00e9cologiques<\/span><span dir=\"ltr\"> de ce dernier<\/span>.(<strong><span dir=\"ltr\">Samedi 12 juin 2021 \u00b7 9 h 30-12 h 30 \/ <\/span><\/strong><span dir=\"ltr\"><strong>Bois du Fort<\/strong>). <\/span><span dir=\"ltr\">L<\/span><span dir=\"ltr\">P<\/span><span dir=\"ltr\">O <\/span><span dir=\"ltr\">R<\/span><span dir=\"ltr\">h<\/span><span dir=\"ltr\">\u00f4<\/span><span dir=\"ltr\">n<\/span><span dir=\"ltr\">e.<\/span><\/li>\n<\/ul>\n<hr \/>\n<p><span style=\"color: #0000ff;\"><a style=\"color: #0000ff;\" href=\"https:\/\/www.ville-feyzin.fr\/images\/zoom%20sur\/Programme_Rendez_vous_Nature_2020_2021.pdf\"><strong><span style=\"font-size: 14pt;\">Programme complet rendez-vous nature<\/span><\/strong><\/a><\/span><span style=\"font-size: 14pt;\">\u00a0<\/span><\/p>\n<hr \/>\n<hr \/>\n<p>&nbsp;<\/p>\n","protected":false},"excerpt":{"rendered":"<p>Une s\u00e9rie de sorties, ateliers, et conf\u00e9rences propos\u00e9s de d\u00e9cembre 2020 \u00e0 juillet 2021.<\/p>\n","protected":false},"author":4,"featured_media":121450,"comment_status":"open","ping_status":"open","sticky":false,"template":"","format":"standard","meta":{"footnotes":""},"categories":[1287,3010,1298],"tags":[2700,2963,2359,3693,2067],"class_list":["post-127827","post","type-post","status-publish","format-standard","has-post-thumbnail","hentry","category-corbas-feyzin","category-nature-environnement-culture-et-loisirs","category-venissieux","tag-corbas","tag-feyzin","tag-nature","tag-rendez-vous","tag-venissieux"],"yoast_head":"<!-- This site is optimized with the Yoast SEO plugin v27.2 - https:\/\/yoast.com\/product\/yoast-seo-wordpress\/ -->\n<title>Corbas-Feyzin-V\u00e9nissieux | Des rendez-vous nature - News Est Lyonnais<\/title>\n<meta name=\"description\" content=\"CORBAS-FEYZIN-VENISSIEUX | Participez aux rendez-vous nature\" \/>\n<meta name=\"robots\" content=\"index, follow, max-snippet:-1, max-image-preview:large, max-video-preview:-1\" \/>\n<link rel=\"canonical\" href=\"https:\/\/newsestlyonnais.fr\/site\/2021\/04\/16\/corbas-feyzin-venissieux-des-aux-rendez-vous-nature\/\" \/>\n<meta property=\"og:locale\" content=\"fr_FR\" \/>\n<meta property=\"og:type\" content=\"article\" \/>\n<meta property=\"og:title\" content=\"Corbas-Feyzin-V\u00e9nissieux | Des rendez-vous nature - News Est Lyonnais\" \/>\n<meta property=\"og:description\" content=\"CORBAS-FEYZIN-VENISSIEUX | Participez aux rendez-vous nature\" \/>\n<meta property=\"og:url\" content=\"https:\/\/newsestlyonnais.fr\/site\/2021\/04\/16\/corbas-feyzin-venissieux-des-aux-rendez-vous-nature\/\" \/>\n<meta property=\"og:site_name\" content=\"News Est Lyonnais\" \/>\n<meta property=\"article:author\" content=\"https:\/\/www.facebook.com\/pascal.oberson.1?fref=ts\" \/>\n<meta property=\"article:published_time\" content=\"2021-04-16T09:36:18+00:00\" \/>\n<meta property=\"article:modified_time\" content=\"2021-06-26T14:26:52+00:00\" \/>\n<meta property=\"og:image\" content=\"https:\/\/i0.wp.com\/newsestlyonnais.fr\/site\/wp-content\/uploads\/2021\/01\/affiche-rendez-vous-nature-2020-2021.jpg?fit=1182%2C1655&ssl=1\" \/>\n\t<meta property=\"og:image:width\" content=\"1182\" \/>\n\t<meta property=\"og:image:height\" content=\"1655\" \/>\n\t<meta property=\"og:image:type\" content=\"image\/jpeg\" \/>\n<meta name=\"author\" content=\"R\u00e9dac. NEWS\" \/>\n<meta name=\"twitter:card\" content=\"summary_large_image\" \/>\n<meta name=\"twitter:label1\" content=\"\u00c9crit par\" \/>\n\t<meta name=\"twitter:data1\" content=\"R\u00e9dac. NEWS\" \/>\n\t<meta name=\"twitter:label2\" content=\"Dur\u00e9e de lecture estim\u00e9e\" \/>\n\t<meta name=\"twitter:data2\" content=\"3 minutes\" \/>\n<script type=\"application\/ld+json\" class=\"yoast-schema-graph\">{\"@context\":\"https:\/\/schema.org\",\"@graph\":[{\"@type\":\"Article\",\"@id\":\"https:\/\/newsestlyonnais.fr\/site\/2021\/04\/16\/corbas-feyzin-venissieux-des-aux-rendez-vous-nature\/#article\",\"isPartOf\":{\"@id\":\"https:\/\/newsestlyonnais.fr\/site\/2021\/04\/16\/corbas-feyzin-venissieux-des-aux-rendez-vous-nature\/\"},\"author\":{\"name\":\"R\u00e9dac. NEWS\",\"@id\":\"https:\/\/newsestlyonnais.fr\/site\/#\/schema\/person\/3230d5615f390bb808365d673001e887\"},\"headline\":\"Corbas-Feyzin-V\u00e9nissieux | Des rendez-vous nature\",\"datePublished\":\"2021-04-16T09:36:18+00:00\",\"dateModified\":\"2021-06-26T14:26:52+00:00\",\"mainEntityOfPage\":{\"@id\":\"https:\/\/newsestlyonnais.fr\/site\/2021\/04\/16\/corbas-feyzin-venissieux-des-aux-rendez-vous-nature\/\"},\"wordCount\":482,\"commentCount\":0,\"publisher\":{\"@id\":\"https:\/\/newsestlyonnais.fr\/site\/#organization\"},\"image\":{\"@id\":\"https:\/\/newsestlyonnais.fr\/site\/2021\/04\/16\/corbas-feyzin-venissieux-des-aux-rendez-vous-nature\/#primaryimage\"},\"thumbnailUrl\":\"https:\/\/newsestlyonnais.fr\/site\/wp-content\/uploads\/2021\/01\/affiche-rendez-vous-nature-2020-2021.jpg\",\"keywords\":[\"CORBAS\",\"FEYZIN\",\"NATURE\",\"RENDEZ VOUS\",\"VENISSIEUX\"],\"articleSection\":[\"Corbas | Feyzin\",\"Nature | Environnement | Chasse\",\"V\u00e9nissieux\"],\"inLanguage\":\"fr-FR\",\"potentialAction\":[{\"@type\":\"CommentAction\",\"name\":\"Comment\",\"target\":[\"https:\/\/newsestlyonnais.fr\/site\/2021\/04\/16\/corbas-feyzin-venissieux-des-aux-rendez-vous-nature\/#respond\"]}]},{\"@type\":\"WebPage\",\"@id\":\"https:\/\/newsestlyonnais.fr\/site\/2021\/04\/16\/corbas-feyzin-venissieux-des-aux-rendez-vous-nature\/\",\"url\":\"https:\/\/newsestlyonnais.fr\/site\/2021\/04\/16\/corbas-feyzin-venissieux-des-aux-rendez-vous-nature\/\",\"name\":\"Corbas-Feyzin-V\u00e9nissieux | Des rendez-vous nature - News Est Lyonnais\",\"isPartOf\":{\"@id\":\"https:\/\/newsestlyonnais.fr\/site\/#website\"},\"primaryImageOfPage\":{\"@id\":\"https:\/\/newsestlyonnais.fr\/site\/2021\/04\/16\/corbas-feyzin-venissieux-des-aux-rendez-vous-nature\/#primaryimage\"},\"image\":{\"@id\":\"https:\/\/newsestlyonnais.fr\/site\/2021\/04\/16\/corbas-feyzin-venissieux-des-aux-rendez-vous-nature\/#primaryimage\"},\"thumbnailUrl\":\"https:\/\/newsestlyonnais.fr\/site\/wp-content\/uploads\/2021\/01\/affiche-rendez-vous-nature-2020-2021.jpg\",\"datePublished\":\"2021-04-16T09:36:18+00:00\",\"dateModified\":\"2021-06-26T14:26:52+00:00\",\"description\":\"CORBAS-FEYZIN-VENISSIEUX | Participez aux rendez-vous nature\",\"breadcrumb\":{\"@id\":\"https:\/\/newsestlyonnais.fr\/site\/2021\/04\/16\/corbas-feyzin-venissieux-des-aux-rendez-vous-nature\/#breadcrumb\"},\"inLanguage\":\"fr-FR\",\"potentialAction\":[{\"@type\":\"ReadAction\",\"target\":[\"https:\/\/newsestlyonnais.fr\/site\/2021\/04\/16\/corbas-feyzin-venissieux-des-aux-rendez-vous-nature\/\"]}]},{\"@type\":\"ImageObject\",\"inLanguage\":\"fr-FR\",\"@id\":\"https:\/\/newsestlyonnais.fr\/site\/2021\/04\/16\/corbas-feyzin-venissieux-des-aux-rendez-vous-nature\/#primaryimage\",\"url\":\"https:\/\/newsestlyonnais.fr\/site\/wp-content\/uploads\/2021\/01\/affiche-rendez-vous-nature-2020-2021.jpg\",\"contentUrl\":\"https:\/\/newsestlyonnais.fr\/site\/wp-content\/uploads\/2021\/01\/affiche-rendez-vous-nature-2020-2021.jpg\",\"width\":1182,\"height\":1655},{\"@type\":\"BreadcrumbList\",\"@id\":\"https:\/\/newsestlyonnais.fr\/site\/2021\/04\/16\/corbas-feyzin-venissieux-des-aux-rendez-vous-nature\/#breadcrumb\",\"itemListElement\":[{\"@type\":\"ListItem\",\"position\":1,\"name\":\"Accueil\",\"item\":\"https:\/\/newsestlyonnais.fr\/site\/\"},{\"@type\":\"ListItem\",\"position\":2,\"name\":\"Corbas-Feyzin-V\u00e9nissieux | Des rendez-vous nature\"}]},{\"@type\":\"WebSite\",\"@id\":\"https:\/\/newsestlyonnais.fr\/site\/#website\",\"url\":\"https:\/\/newsestlyonnais.fr\/site\/\",\"name\":\"News Est Lyonnais\",\"description\":\"L&#039;actualit\u00e9 au plus pr\u00e8s\",\"publisher\":{\"@id\":\"https:\/\/newsestlyonnais.fr\/site\/#organization\"},\"potentialAction\":[{\"@type\":\"SearchAction\",\"target\":{\"@type\":\"EntryPoint\",\"urlTemplate\":\"https:\/\/newsestlyonnais.fr\/site\/?s={search_term_string}\"},\"query-input\":{\"@type\":\"PropertyValueSpecification\",\"valueRequired\":true,\"valueName\":\"search_term_string\"}}],\"inLanguage\":\"fr-FR\"},{\"@type\":\"Organization\",\"@id\":\"https:\/\/newsestlyonnais.fr\/site\/#organization\",\"name\":\"News EST LYONNAIS\",\"url\":\"https:\/\/newsestlyonnais.fr\/site\/\",\"logo\":{\"@type\":\"ImageObject\",\"inLanguage\":\"fr-FR\",\"@id\":\"https:\/\/newsestlyonnais.fr\/site\/#\/schema\/logo\/image\/\",\"url\":\"\",\"contentUrl\":\"\",\"caption\":\"News EST LYONNAIS\"},\"image\":{\"@id\":\"https:\/\/newsestlyonnais.fr\/site\/#\/schema\/logo\/image\/\"}},{\"@type\":\"Person\",\"@id\":\"https:\/\/newsestlyonnais.fr\/site\/#\/schema\/person\/3230d5615f390bb808365d673001e887\",\"name\":\"R\u00e9dac. NEWS\",\"sameAs\":[\"http:\/\/www.newsestlyonnais.fr\",\"https:\/\/www.facebook.com\/pascal.oberson.1?fref=ts\",\"https:\/\/fr.linkedin.com\/in\/pascal-oberson-b17045113\"],\"url\":\"https:\/\/newsestlyonnais.fr\/site\/author\/nel\/\"}]}<\/script>\n<!-- \/ Yoast SEO plugin. -->","yoast_head_json":{"title":"Corbas-Feyzin-V\u00e9nissieux | Des rendez-vous nature - News Est Lyonnais","description":"CORBAS-FEYZIN-VENISSIEUX | Participez aux rendez-vous nature","robots":{"index":"index","follow":"follow","max-snippet":"max-snippet:-1","max-image-preview":"max-image-preview:large","max-video-preview":"max-video-preview:-1"},"canonical":"https:\/\/newsestlyonnais.fr\/site\/2021\/04\/16\/corbas-feyzin-venissieux-des-aux-rendez-vous-nature\/","og_locale":"fr_FR","og_type":"article","og_title":"Corbas-Feyzin-V\u00e9nissieux | Des rendez-vous nature - News Est Lyonnais","og_description":"CORBAS-FEYZIN-VENISSIEUX | Participez aux rendez-vous nature","og_url":"https:\/\/newsestlyonnais.fr\/site\/2021\/04\/16\/corbas-feyzin-venissieux-des-aux-rendez-vous-nature\/","og_site_name":"News Est Lyonnais","article_author":"https:\/\/www.facebook.com\/pascal.oberson.1?fref=ts","article_published_time":"2021-04-16T09:36:18+00:00","article_modified_time":"2021-06-26T14:26:52+00:00","og_image":[{"width":1182,"height":1655,"url":"https:\/\/i0.wp.com\/newsestlyonnais.fr\/site\/wp-content\/uploads\/2021\/01\/affiche-rendez-vous-nature-2020-2021.jpg?fit=1182%2C1655&ssl=1","type":"image\/jpeg"}],"author":"R\u00e9dac. NEWS","twitter_card":"summary_large_image","twitter_misc":{"\u00c9crit par":"R\u00e9dac. NEWS","Dur\u00e9e de lecture estim\u00e9e":"3 minutes"},"schema":{"@context":"https:\/\/schema.org","@graph":[{"@type":"Article","@id":"https:\/\/newsestlyonnais.fr\/site\/2021\/04\/16\/corbas-feyzin-venissieux-des-aux-rendez-vous-nature\/#article","isPartOf":{"@id":"https:\/\/newsestlyonnais.fr\/site\/2021\/04\/16\/corbas-feyzin-venissieux-des-aux-rendez-vous-nature\/"},"author":{"name":"R\u00e9dac. NEWS","@id":"https:\/\/newsestlyonnais.fr\/site\/#\/schema\/person\/3230d5615f390bb808365d673001e887"},"headline":"Corbas-Feyzin-V\u00e9nissieux | Des rendez-vous nature","datePublished":"2021-04-16T09:36:18+00:00","dateModified":"2021-06-26T14:26:52+00:00","mainEntityOfPage":{"@id":"https:\/\/newsestlyonnais.fr\/site\/2021\/04\/16\/corbas-feyzin-venissieux-des-aux-rendez-vous-nature\/"},"wordCount":482,"commentCount":0,"publisher":{"@id":"https:\/\/newsestlyonnais.fr\/site\/#organization"},"image":{"@id":"https:\/\/newsestlyonnais.fr\/site\/2021\/04\/16\/corbas-feyzin-venissieux-des-aux-rendez-vous-nature\/#primaryimage"},"thumbnailUrl":"https:\/\/newsestlyonnais.fr\/site\/wp-content\/uploads\/2021\/01\/affiche-rendez-vous-nature-2020-2021.jpg","keywords":["CORBAS","FEYZIN","NATURE","RENDEZ VOUS","VENISSIEUX"],"articleSection":["Corbas | Feyzin","Nature | Environnement | Chasse","V\u00e9nissieux"],"inLanguage":"fr-FR","potentialAction":[{"@type":"CommentAction","name":"Comment","target":["https:\/\/newsestlyonnais.fr\/site\/2021\/04\/16\/corbas-feyzin-venissieux-des-aux-rendez-vous-nature\/#respond"]}]},{"@type":"WebPage","@id":"https:\/\/newsestlyonnais.fr\/site\/2021\/04\/16\/corbas-feyzin-venissieux-des-aux-rendez-vous-nature\/","url":"https:\/\/newsestlyonnais.fr\/site\/2021\/04\/16\/corbas-feyzin-venissieux-des-aux-rendez-vous-nature\/","name":"Corbas-Feyzin-V\u00e9nissieux | Des rendez-vous nature - News Est Lyonnais","isPartOf":{"@id":"https:\/\/newsestlyonnais.fr\/site\/#website"},"primaryImageOfPage":{"@id":"https:\/\/newsestlyonnais.fr\/site\/2021\/04\/16\/corbas-feyzin-venissieux-des-aux-rendez-vous-nature\/#primaryimage"},"image":{"@id":"https:\/\/newsestlyonnais.fr\/site\/2021\/04\/16\/corbas-feyzin-venissieux-des-aux-rendez-vous-nature\/#primaryimage"},"thumbnailUrl":"https:\/\/newsestlyonnais.fr\/site\/wp-content\/uploads\/2021\/01\/affiche-rendez-vous-nature-2020-2021.jpg","datePublished":"2021-04-16T09:36:18+00:00","dateModified":"2021-06-26T14:26:52+00:00","description":"CORBAS-FEYZIN-VENISSIEUX | Participez aux rendez-vous nature","breadcrumb":{"@id":"https:\/\/newsestlyonnais.fr\/site\/2021\/04\/16\/corbas-feyzin-venissieux-des-aux-rendez-vous-nature\/#breadcrumb"},"inLanguage":"fr-FR","potentialAction":[{"@type":"ReadAction","target":["https:\/\/newsestlyonnais.fr\/site\/2021\/04\/16\/corbas-feyzin-venissieux-des-aux-rendez-vous-nature\/"]}]},{"@type":"ImageObject","inLanguage":"fr-FR","@id":"https:\/\/newsestlyonnais.fr\/site\/2021\/04\/16\/corbas-feyzin-venissieux-des-aux-rendez-vous-nature\/#primaryimage","url":"https:\/\/newsestlyonnais.fr\/site\/wp-content\/uploads\/2021\/01\/affiche-rendez-vous-nature-2020-2021.jpg","contentUrl":"https:\/\/newsestlyonnais.fr\/site\/wp-content\/uploads\/2021\/01\/affiche-rendez-vous-nature-2020-2021.jpg","width":1182,"height":1655},{"@type":"BreadcrumbList","@id":"https:\/\/newsestlyonnais.fr\/site\/2021\/04\/16\/corbas-feyzin-venissieux-des-aux-rendez-vous-nature\/#breadcrumb","itemListElement":[{"@type":"ListItem","position":1,"name":"Accueil","item":"https:\/\/newsestlyonnais.fr\/site\/"},{"@type":"ListItem","position":2,"name":"Corbas-Feyzin-V\u00e9nissieux | Des rendez-vous nature"}]},{"@type":"WebSite","@id":"https:\/\/newsestlyonnais.fr\/site\/#website","url":"https:\/\/newsestlyonnais.fr\/site\/","name":"News Est Lyonnais","description":"L&#039;actualit\u00e9 au plus pr\u00e8s","publisher":{"@id":"https:\/\/newsestlyonnais.fr\/site\/#organization"},"potentialAction":[{"@type":"SearchAction","target":{"@type":"EntryPoint","urlTemplate":"https:\/\/newsestlyonnais.fr\/site\/?s={search_term_string}"},"query-input":{"@type":"PropertyValueSpecification","valueRequired":true,"valueName":"search_term_string"}}],"inLanguage":"fr-FR"},{"@type":"Organization","@id":"https:\/\/newsestlyonnais.fr\/site\/#organization","name":"News EST LYONNAIS","url":"https:\/\/newsestlyonnais.fr\/site\/","logo":{"@type":"ImageObject","inLanguage":"fr-FR","@id":"https:\/\/newsestlyonnais.fr\/site\/#\/schema\/logo\/image\/","url":"","contentUrl":"","caption":"News EST LYONNAIS"},"image":{"@id":"https:\/\/newsestlyonnais.fr\/site\/#\/schema\/logo\/image\/"}},{"@type":"Person","@id":"https:\/\/newsestlyonnais.fr\/site\/#\/schema\/person\/3230d5615f390bb808365d673001e887","name":"R\u00e9dac. NEWS","sameAs":["http:\/\/www.newsestlyonnais.fr","https:\/\/www.facebook.com\/pascal.oberson.1?fref=ts","https:\/\/fr.linkedin.com\/in\/pascal-oberson-b17045113"],"url":"https:\/\/newsestlyonnais.fr\/site\/author\/nel\/"}]}},"_links":{"self":[{"href":"https:\/\/newsestlyonnais.fr\/site\/wp-json\/wp\/v2\/posts\/127827","targetHints":{"allow":["GET"]}}],"collection":[{"href":"https:\/\/newsestlyonnais.fr\/site\/wp-json\/wp\/v2\/posts"}],"about":[{"href":"https:\/\/newsestlyonnais.fr\/site\/wp-json\/wp\/v2\/types\/post"}],"author":[{"embeddable":true,"href":"https:\/\/newsestlyonnais.fr\/site\/wp-json\/wp\/v2\/users\/4"}],"replies":[{"embeddable":true,"href":"https:\/\/newsestlyonnais.fr\/site\/wp-json\/wp\/v2\/comments?post=127827"}],"version-history":[{"count":0,"href":"https:\/\/newsestlyonnais.fr\/site\/wp-json\/wp\/v2\/posts\/127827\/revisions"}],"wp:featuredmedia":[{"embeddable":true,"href":"https:\/\/newsestlyonnais.fr\/site\/wp-json\/wp\/v2\/media\/121450"}],"wp:attachment":[{"href":"https:\/\/newsestlyonnais.fr\/site\/wp-json\/wp\/v2\/media?parent=127827"}],"wp:term":[{"taxonomy":"category","embeddable":true,"href":"https:\/\/newsestlyonnais.fr\/site\/wp-json\/wp\/v2\/categories?post=127827"},{"taxonomy":"post_tag","embeddable":true,"href":"https:\/\/newsestlyonnais.fr\/site\/wp-json\/wp\/v2\/tags?post=127827"}],"curies":[{"name":"wp","href":"https:\/\/api.w.org\/{rel}","templated":true}]}}