{"id":128223,"date":"2021-04-11T07:42:08","date_gmt":"2021-04-11T06:42:08","guid":{"rendered":"https:\/\/newsestlyonnais.fr\/site\/?p=128223"},"modified":"2021-04-13T13:54:57","modified_gmt":"2021-04-13T12:54:57","slug":"velo-club-de-vaulx-en-velin-une-baisse-de-29-des-effectifs-toutes-categories-confondues","status":"publish","type":"post","link":"https:\/\/newsestlyonnais.fr\/site\/2021\/04\/11\/velo-club-de-vaulx-en-velin-une-baisse-de-29-des-effectifs-toutes-categories-confondues\/","title":{"rendered":"V\u00e9lo Club de Vaulx-en-Velin \u00a0\u00bb une baisse de 29 % des effectifs, toutes cat\u00e9gories confondues \u00ab\u00a0"},"content":{"rendered":"<p>En ce dimanche, c\u2019est <strong><span dir=\"ltr\">Christiane <\/span><\/strong><strong>Gu\u00e9rin<em>, <\/em>dirigeante du club depuis 1978<em>, <\/em><\/strong>qui r\u00e9pond aux questions de la r\u00e9daction :<\/p>\n<hr \/>\n<ul>\n<li><span style=\"font-size: 14pt;\"><strong><u>Quelle est son activit\u00e9 et effectif actuel<\/u><\/strong><strong> ?<\/strong><\/span><\/li>\n<\/ul>\n<p>\u00bb <strong>Pr\u00e9sid\u00e9 par Michel Gros depuis d\u00e9cembre 2019.<\/strong><\/p>\n<p>Activit\u00e9 principale : <strong>Cyclisme sous toutes ses formes<\/strong> : loisir et comp\u00e9tition route \/piste \/Vtt\/ cyclo-cross.<\/p>\n<p>Effectif \u00e0 ce jour (femmes\/hommes\/enfants) : <strong>170 licenci\u00e9s<\/strong> \u00ab.<\/p>\n<hr \/>\n<ul>\n<li><span style=\"font-size: 14pt;\"><strong><span style=\"text-decoration: underline;\">Comment s\u2019\u00e9tait pass\u00e9 le 1\u00b0 confinement et aviez vous mis du personnel au ch\u00f4mage<\/span> ?<\/strong><\/span><\/li>\n<\/ul>\n<p>\u00bb Difficile mais on s\u2019est organis\u00e9, oui un \u00e9ducateur \u00ab.<\/p>\n<hr \/>\n<ul>\n<li><span style=\"font-size: 14pt;\"><strong><span style=\"text-decoration: underline;\">Et la reprise des activit\u00e9s \u00e0 la rentr\u00e9e de septembre<\/span> ?<\/strong><\/span><\/li>\n<\/ul>\n<p>\u00bb Comme une rentr\u00e9e normale mais avec les r\u00e8gles sanitaires en plus <strong> \u00ab.<\/strong><\/p>\n<ul>\n<li><span style=\"font-size: 14pt;\"><strong><span style=\"text-decoration: underline;\">Avez-vous connu depuis une baisse de vos effectifs<\/span> ?<\/strong><\/span><\/li>\n<\/ul>\n<p>\u00bb de<strong> 29 % toutes cat\u00e9gories confondues<\/strong> \u00ab.<\/p>\n<div data-canvas-width=\"576.6933333333335\">\n<hr \/>\n<\/div>\n<div data-canvas-width=\"535.861333333333\">\n<div data-canvas-width=\"413.3213333333334\">\n<ul>\n<li><span style=\"font-size: 14pt;\"><strong><span style=\"text-decoration: underline;\">Avez-vous \u00e9t\u00e9 contraints d\u2019annuler des \u00e9v\u00e8nements<\/span> ? <\/strong><\/span><\/li>\n<\/ul>\n<p>\u00bb <strong><em>OUI : <\/em><\/strong><\/p>\n<ul>\n<li>en mars : \u00e9preuve \u00e9cole de cyclisme<\/li>\n<li>en avril : \u00e9preuve route routes cat\u00e9gories\u00a0 et stage club de printemps<\/li>\n<li>en juin : challenge piste J\u00e9r\u00f4me Cousin<\/li>\n<li>en juillet : barbecue annuel<\/li>\n<li>en septembre : 2\u00b0 manche du Challenge piste<\/li>\n<li>en octobre : contre la montre et gentlemen<\/li>\n<li>en novembre : soir\u00e9e club<\/li>\n<li>en d\u00e9cembre : cyclo-cross de la RIZE \u00ab.<\/li>\n<\/ul>\n<hr \/>\n<ul>\n<li><span style=\"font-size: 14pt;\"><strong><span style=\"text-decoration: underline;\">Comment se d\u00e9roule ce 2\u00b0 confinement<\/span> ?<\/strong><\/span><\/li>\n<\/ul>\n<p>\u00bb Avec <strong>un durcissement des r\u00e8gles sanitaires pour prot\u00e9ger nos jeunes<\/strong> : masques \u00e0 disposition pour tous \/ sorties par petits groupes de 6, gel \u00e0 disposition \u00ab.<\/p>\n<ul>\n<li><span style=\"font-size: 14pt;\"><strong><span style=\"text-decoration: underline;\">Cons\u00e9quences financi\u00e8res ou autres<\/span> ?<\/strong><\/span><\/li>\n<\/ul>\n<p>\u00bb <strong>Nous avons d\u00fb recruter des aides \u00e0 l\u2019encadrement d\u2019o\u00f9 des d\u00e9penses suppl\u00e9mentaires<\/strong>.<\/p>\n<p><strong>Au niveau sportif c\u2019est une ann\u00e9e blanche<\/strong> devant l\u2019annulation des \u00e9preuves les championnats ont \u00e9t\u00e9 sans r\u00e9sultat r\u00e9el sportif\u00a0 et certains m\u00eame annul\u00e9s \u00ab.<\/p>\n<hr \/>\n<\/div>\n<\/div>\n<div data-canvas-width=\"535.861333333333\">\n<ul>\n<li><span style=\"font-size: 14pt;\"><strong><span style=\"text-decoration: underline;\">Un petit mot de conclusion<\/span> ?<\/strong><\/span><\/li>\n<\/ul>\n<p>\u00bb Pour conclure, <strong>c\u2019est une ann\u00e9e tr\u00e8s compliqu\u00e9e et pas vraiment concluante au niveau sportif pour nos jeunes qui ont perdu une ann\u00e9e<\/strong> \u00ab.<\/p>\n<hr \/>\n<h1 class=\"heading__title\"><img loading=\"lazy\" decoding=\"async\" class=\"alignleft wp-image-128229 size-thumbnail\" src=\"https:\/\/newsestlyonnais.fr\/site\/wp-content\/uploads\/2021\/04\/NEWSLYONNAIS-LOGO-VCVV-250x250.jpg\" alt=\"\" width=\"150\" height=\"150\" data-attachment-id=\"127907\" data-permalink=\"https:\/\/newsestlyonnais.fr\/site\/2021\/04\/02\/cards-meyzieu-baseball-softball-baisse-denviron-20-soit-la-moyenne-nationale\/10750289_822159814489437_4724756980686163946_o\/\" data-orig-file=\"https:\/\/i2.wp.com\/newsestlyonnais.fr\/site\/wp-content\/uploads\/2021\/04\/10750289_822159814489437_4724756980686163946_o.png?fit=1613%2C1690&amp;ssl=1\" data-orig-size=\"1613,1690\" data-comments-opened=\"1\" data-image-meta=\"{&quot;aperture&quot;:&quot;0&quot;,&quot;credit&quot;:&quot;&quot;,&quot;camera&quot;:&quot;&quot;,&quot;caption&quot;:&quot;&quot;,&quot;created_timestamp&quot;:&quot;0&quot;,&quot;copyright&quot;:&quot;&quot;,&quot;focal_length&quot;:&quot;0&quot;,&quot;iso&quot;:&quot;0&quot;,&quot;shutter_speed&quot;:&quot;0&quot;,&quot;title&quot;:&quot;&quot;,&quot;orientation&quot;:&quot;0&quot;}\" data-image-title=\"10750289_822159814489437_4724756980686163946_o\" data-image-description=\"\" data-medium-file=\"https:\/\/i2.wp.com\/newsestlyonnais.fr\/site\/wp-content\/uploads\/2021\/04\/10750289_822159814489437_4724756980686163946_o.png?fit=286%2C300&amp;ssl=1\" data-large-file=\"https:\/\/i2.wp.com\/newsestlyonnais.fr\/site\/wp-content\/uploads\/2021\/04\/10750289_822159814489437_4724756980686163946_o.png?fit=650%2C681&amp;ssl=1\" data-recalc-dims=\"1\" srcset=\"https:\/\/newsestlyonnais.fr\/site\/wp-content\/uploads\/2021\/04\/NEWSLYONNAIS-LOGO-VCVV-250x250.jpg 250w, https:\/\/newsestlyonnais.fr\/site\/wp-content\/uploads\/2021\/04\/NEWSLYONNAIS-LOGO-VCVV-400x400.jpg 400w, https:\/\/newsestlyonnais.fr\/site\/wp-content\/uploads\/2021\/04\/NEWSLYONNAIS-LOGO-VCVV-650x651.jpg 650w, https:\/\/newsestlyonnais.fr\/site\/wp-content\/uploads\/2021\/04\/NEWSLYONNAIS-LOGO-VCVV-768x769.jpg 768w, https:\/\/newsestlyonnais.fr\/site\/wp-content\/uploads\/2021\/04\/NEWSLYONNAIS-LOGO-VCVV-150x150.jpg 150w, https:\/\/newsestlyonnais.fr\/site\/wp-content\/uploads\/2021\/04\/NEWSLYONNAIS-LOGO-VCVV-50x50.jpg 50w, https:\/\/newsestlyonnais.fr\/site\/wp-content\/uploads\/2021\/04\/NEWSLYONNAIS-LOGO-VCVV-100x100.jpg 100w, https:\/\/newsestlyonnais.fr\/site\/wp-content\/uploads\/2021\/04\/NEWSLYONNAIS-LOGO-VCVV-200x200.jpg 200w, https:\/\/newsestlyonnais.fr\/site\/wp-content\/uploads\/2021\/04\/NEWSLYONNAIS-LOGO-VCVV-300x300.jpg 300w, https:\/\/newsestlyonnais.fr\/site\/wp-content\/uploads\/2021\/04\/NEWSLYONNAIS-LOGO-VCVV-350x350.jpg 350w, https:\/\/newsestlyonnais.fr\/site\/wp-content\/uploads\/2021\/04\/NEWSLYONNAIS-LOGO-VCVV-450x450.jpg 450w, https:\/\/newsestlyonnais.fr\/site\/wp-content\/uploads\/2021\/04\/NEWSLYONNAIS-LOGO-VCVV-500x501.jpg 500w, https:\/\/newsestlyonnais.fr\/site\/wp-content\/uploads\/2021\/04\/NEWSLYONNAIS-LOGO-VCVV-550x551.jpg 550w, https:\/\/newsestlyonnais.fr\/site\/wp-content\/uploads\/2021\/04\/NEWSLYONNAIS-LOGO-VCVV-800x801.jpg 800w, https:\/\/newsestlyonnais.fr\/site\/wp-content\/uploads\/2021\/04\/NEWSLYONNAIS-LOGO-VCVV.jpg 957w\" sizes=\"auto, (max-width: 150px) 100vw, 150px\" \/><\/h1>\n<p class=\"gmql0nx0 l94mrbxd p1ri9a11 lzcic4wl d2edcug0 hpfvmrgz\" dir=\"auto\" tabindex=\"-1\"><span class=\"d2edcug0 hpfvmrgz qv66sw1b c1et5uql lr9zc1uh a8c37x1j keod5gw0 nxhoafnm aigsh9s9 embtmqzv fe6kdd0r mau55g9w c8b282yb hrzyx87i m6dqt4wy h7mekvxk hnhda86s oo9gr5id hzawbc8m\" dir=\"auto\"><strong><em><span style=\"font-size: 12pt;\">V\u00e9lo Club de Vaulx-en-Velin \/ <strong>31 rue Lep\u00eacheur \/ Vaulx-en- Velin\u00a0<\/strong><\/span><br \/>\n<\/em><\/strong><\/span><\/p>\n<ul>\n<li><strong>Contact<\/strong> : <strong><em>Michel Gros (pr\u00e9sident)\u00a0<\/em><\/strong><\/li>\n<li><span style=\"color: #0000ff;\"><a style=\"color: #0000ff;\" href=\"https:\/\/www.facebook.com\/veloclubvaulxenvelin\">https:\/\/www.facebook.com\/veloclubvaulxenvelin\u00a0<\/a><\/span><\/li>\n<li><span style=\"color: #0000ff;\"><a style=\"color: #0000ff;\" href=\"http:\/\/www.team-materiel-velo-vaulx-en-velin.fr\">http:\/\/www.team-materiel-velo-vaulx-en-velin.fr<\/a><\/span><\/li>\n<li><a href=\"https:\/\/www.instagram.com\/vcvvmaterielvelo\"><span style=\"color: #0000ff;\">https:\/\/www.instagram.com\/vcvvmaterielvelo<\/span><\/a><\/li>\n<\/ul>\n<hr \/>\n<p><img loading=\"lazy\" decoding=\"async\" class=\"aligncenter wp-image-128247 size-large\" src=\"https:\/\/newsestlyonnais.fr\/site\/wp-content\/uploads\/2021\/04\/NEWSESTLYONNAIS-ARRIVEE-VCVV-650x433.jpg\" alt=\"\" width=\"650\" height=\"433\" srcset=\"https:\/\/newsestlyonnais.fr\/site\/wp-content\/uploads\/2021\/04\/NEWSESTLYONNAIS-ARRIVEE-VCVV-650x433.jpg 650w, https:\/\/newsestlyonnais.fr\/site\/wp-content\/uploads\/2021\/04\/NEWSESTLYONNAIS-ARRIVEE-VCVV-400x267.jpg 400w, https:\/\/newsestlyonnais.fr\/site\/wp-content\/uploads\/2021\/04\/NEWSESTLYONNAIS-ARRIVEE-VCVV-250x167.jpg 250w, https:\/\/newsestlyonnais.fr\/site\/wp-content\/uploads\/2021\/04\/NEWSESTLYONNAIS-ARRIVEE-VCVV-768x512.jpg 768w, https:\/\/newsestlyonnais.fr\/site\/wp-content\/uploads\/2021\/04\/NEWSESTLYONNAIS-ARRIVEE-VCVV-150x100.jpg 150w, https:\/\/newsestlyonnais.fr\/site\/wp-content\/uploads\/2021\/04\/NEWSESTLYONNAIS-ARRIVEE-VCVV-50x33.jpg 50w, https:\/\/newsestlyonnais.fr\/site\/wp-content\/uploads\/2021\/04\/NEWSESTLYONNAIS-ARRIVEE-VCVV-100x67.jpg 100w, https:\/\/newsestlyonnais.fr\/site\/wp-content\/uploads\/2021\/04\/NEWSESTLYONNAIS-ARRIVEE-VCVV-200x133.jpg 200w, https:\/\/newsestlyonnais.fr\/site\/wp-content\/uploads\/2021\/04\/NEWSESTLYONNAIS-ARRIVEE-VCVV-300x200.jpg 300w, https:\/\/newsestlyonnais.fr\/site\/wp-content\/uploads\/2021\/04\/NEWSESTLYONNAIS-ARRIVEE-VCVV-350x233.jpg 350w, https:\/\/newsestlyonnais.fr\/site\/wp-content\/uploads\/2021\/04\/NEWSESTLYONNAIS-ARRIVEE-VCVV-450x300.jpg 450w, https:\/\/newsestlyonnais.fr\/site\/wp-content\/uploads\/2021\/04\/NEWSESTLYONNAIS-ARRIVEE-VCVV-500x333.jpg 500w, https:\/\/newsestlyonnais.fr\/site\/wp-content\/uploads\/2021\/04\/NEWSESTLYONNAIS-ARRIVEE-VCVV-550x367.jpg 550w, https:\/\/newsestlyonnais.fr\/site\/wp-content\/uploads\/2021\/04\/NEWSESTLYONNAIS-ARRIVEE-VCVV-800x533.jpg 800w, https:\/\/newsestlyonnais.fr\/site\/wp-content\/uploads\/2021\/04\/NEWSESTLYONNAIS-ARRIVEE-VCVV.jpg 960w\" sizes=\"auto, (max-width: 650px) 100vw, 650px\" \/><\/p>\n<\/div>\n","protected":false},"excerpt":{"rendered":"<p>1 jour, 1 association | Quotidiennement, une association est pr\u00e9sent\u00e9e par un de ses dirigeants.<\/p>\n","protected":false},"author":4,"featured_media":128227,"comment_status":"open","ping_status":"open","sticky":false,"template":"","format":"standard","meta":{"footnotes":""},"categories":[3420,2969,28],"tags":[2152,3705,2006,3707,3706],"class_list":["post-128223","post","type-post","status-publish","format-standard","has-post-thumbnail","hentry","category-1-jour-1-association","category-cyclisme-cyclo-vtt","category-vaulx-en-velin","tag-cyclisme","tag-michel-gros","tag-vaulx-en-velin","tag-vcvv","tag-velo-club-vaulx-en-velin"],"yoast_head":"<!-- This site is optimized with the Yoast SEO plugin v27.2 - https:\/\/yoast.com\/product\/yoast-seo-wordpress\/ -->\n<title>V\u00e9lo Club de Vaulx-en-Velin &quot; une baisse de 29 % des effectifs, toutes cat\u00e9gories confondues &quot; - News Est Lyonnais<\/title>\n<meta name=\"description\" content=\"V\u00e9lo Club de Vaulx-en-Velin &quot; une baisse de 29 % des effectifs, toutes cat\u00e9gories confondues &quot;\" \/>\n<meta name=\"robots\" content=\"index, follow, max-snippet:-1, max-image-preview:large, max-video-preview:-1\" \/>\n<link rel=\"canonical\" href=\"https:\/\/newsestlyonnais.fr\/site\/2021\/04\/11\/velo-club-de-vaulx-en-velin-une-baisse-de-29-des-effectifs-toutes-categories-confondues\/\" \/>\n<meta property=\"og:locale\" content=\"fr_FR\" \/>\n<meta property=\"og:type\" content=\"article\" \/>\n<meta property=\"og:title\" content=\"V\u00e9lo Club de Vaulx-en-Velin &quot; une baisse de 29 % des effectifs, toutes cat\u00e9gories confondues &quot; - News Est Lyonnais\" \/>\n<meta property=\"og:description\" content=\"V\u00e9lo Club de Vaulx-en-Velin &quot; une baisse de 29 % des effectifs, toutes cat\u00e9gories confondues &quot;\" \/>\n<meta property=\"og:url\" content=\"https:\/\/newsestlyonnais.fr\/site\/2021\/04\/11\/velo-club-de-vaulx-en-velin-une-baisse-de-29-des-effectifs-toutes-categories-confondues\/\" \/>\n<meta property=\"og:site_name\" content=\"News Est Lyonnais\" \/>\n<meta property=\"article:author\" content=\"https:\/\/www.facebook.com\/pascal.oberson.1?fref=ts\" \/>\n<meta property=\"article:published_time\" content=\"2021-04-11T06:42:08+00:00\" \/>\n<meta property=\"article:modified_time\" content=\"2021-04-13T12:54:57+00:00\" \/>\n<meta property=\"og:image\" content=\"https:\/\/i2.wp.com\/newsestlyonnais.fr\/site\/wp-content\/uploads\/2021\/04\/NEWSESTLYONNAIS-VELO-CLUB-VAULX.jpg?fit=1200%2C800&ssl=1\" \/>\n\t<meta property=\"og:image:width\" content=\"1200\" \/>\n\t<meta property=\"og:image:height\" content=\"800\" \/>\n\t<meta property=\"og:image:type\" content=\"image\/jpeg\" \/>\n<meta name=\"author\" content=\"R\u00e9dac. NEWS\" \/>\n<meta name=\"twitter:card\" content=\"summary_large_image\" \/>\n<meta name=\"twitter:label1\" content=\"\u00c9crit par\" \/>\n\t<meta name=\"twitter:data1\" content=\"R\u00e9dac. NEWS\" \/>\n\t<meta name=\"twitter:label2\" content=\"Dur\u00e9e de lecture estim\u00e9e\" \/>\n\t<meta name=\"twitter:data2\" content=\"2 minutes\" \/>\n<script type=\"application\/ld+json\" class=\"yoast-schema-graph\">{\"@context\":\"https:\/\/schema.org\",\"@graph\":[{\"@type\":\"Article\",\"@id\":\"https:\/\/newsestlyonnais.fr\/site\/2021\/04\/11\/velo-club-de-vaulx-en-velin-une-baisse-de-29-des-effectifs-toutes-categories-confondues\/#article\",\"isPartOf\":{\"@id\":\"https:\/\/newsestlyonnais.fr\/site\/2021\/04\/11\/velo-club-de-vaulx-en-velin-une-baisse-de-29-des-effectifs-toutes-categories-confondues\/\"},\"author\":{\"name\":\"R\u00e9dac. NEWS\",\"@id\":\"https:\/\/newsestlyonnais.fr\/site\/#\/schema\/person\/3230d5615f390bb808365d673001e887\"},\"headline\":\"V\u00e9lo Club de Vaulx-en-Velin \u00a0\u00bb une baisse de 29 % des effectifs, toutes cat\u00e9gories confondues \u00ab\u00a0\",\"datePublished\":\"2021-04-11T06:42:08+00:00\",\"dateModified\":\"2021-04-13T12:54:57+00:00\",\"mainEntityOfPage\":{\"@id\":\"https:\/\/newsestlyonnais.fr\/site\/2021\/04\/11\/velo-club-de-vaulx-en-velin-une-baisse-de-29-des-effectifs-toutes-categories-confondues\/\"},\"wordCount\":339,\"commentCount\":0,\"publisher\":{\"@id\":\"https:\/\/newsestlyonnais.fr\/site\/#organization\"},\"image\":{\"@id\":\"https:\/\/newsestlyonnais.fr\/site\/2021\/04\/11\/velo-club-de-vaulx-en-velin-une-baisse-de-29-des-effectifs-toutes-categories-confondues\/#primaryimage\"},\"thumbnailUrl\":\"https:\/\/newsestlyonnais.fr\/site\/wp-content\/uploads\/2021\/04\/NEWSESTLYONNAIS-VELO-CLUB-VAULX.jpg\",\"keywords\":[\"CYCLISME\",\"Michel Gros\",\"VAULX EN VELIN\",\"VCVV\",\"VELO CLUB VAULX EN VELIN\"],\"articleSection\":[\"1 jour, 1 association\",\"Cyclisme | Cyclo | Vtt\",\"Vaulx-en-Velin\"],\"inLanguage\":\"fr-FR\",\"potentialAction\":[{\"@type\":\"CommentAction\",\"name\":\"Comment\",\"target\":[\"https:\/\/newsestlyonnais.fr\/site\/2021\/04\/11\/velo-club-de-vaulx-en-velin-une-baisse-de-29-des-effectifs-toutes-categories-confondues\/#respond\"]}]},{\"@type\":\"WebPage\",\"@id\":\"https:\/\/newsestlyonnais.fr\/site\/2021\/04\/11\/velo-club-de-vaulx-en-velin-une-baisse-de-29-des-effectifs-toutes-categories-confondues\/\",\"url\":\"https:\/\/newsestlyonnais.fr\/site\/2021\/04\/11\/velo-club-de-vaulx-en-velin-une-baisse-de-29-des-effectifs-toutes-categories-confondues\/\",\"name\":\"V\u00e9lo Club de Vaulx-en-Velin \\\" une baisse de 29 % des effectifs, toutes cat\u00e9gories confondues \\\" - News Est Lyonnais\",\"isPartOf\":{\"@id\":\"https:\/\/newsestlyonnais.fr\/site\/#website\"},\"primaryImageOfPage\":{\"@id\":\"https:\/\/newsestlyonnais.fr\/site\/2021\/04\/11\/velo-club-de-vaulx-en-velin-une-baisse-de-29-des-effectifs-toutes-categories-confondues\/#primaryimage\"},\"image\":{\"@id\":\"https:\/\/newsestlyonnais.fr\/site\/2021\/04\/11\/velo-club-de-vaulx-en-velin-une-baisse-de-29-des-effectifs-toutes-categories-confondues\/#primaryimage\"},\"thumbnailUrl\":\"https:\/\/newsestlyonnais.fr\/site\/wp-content\/uploads\/2021\/04\/NEWSESTLYONNAIS-VELO-CLUB-VAULX.jpg\",\"datePublished\":\"2021-04-11T06:42:08+00:00\",\"dateModified\":\"2021-04-13T12:54:57+00:00\",\"description\":\"V\u00e9lo Club de Vaulx-en-Velin \\\" une baisse de 29 % des effectifs, toutes cat\u00e9gories confondues \\\"\",\"breadcrumb\":{\"@id\":\"https:\/\/newsestlyonnais.fr\/site\/2021\/04\/11\/velo-club-de-vaulx-en-velin-une-baisse-de-29-des-effectifs-toutes-categories-confondues\/#breadcrumb\"},\"inLanguage\":\"fr-FR\",\"potentialAction\":[{\"@type\":\"ReadAction\",\"target\":[\"https:\/\/newsestlyonnais.fr\/site\/2021\/04\/11\/velo-club-de-vaulx-en-velin-une-baisse-de-29-des-effectifs-toutes-categories-confondues\/\"]}]},{\"@type\":\"ImageObject\",\"inLanguage\":\"fr-FR\",\"@id\":\"https:\/\/newsestlyonnais.fr\/site\/2021\/04\/11\/velo-club-de-vaulx-en-velin-une-baisse-de-29-des-effectifs-toutes-categories-confondues\/#primaryimage\",\"url\":\"https:\/\/newsestlyonnais.fr\/site\/wp-content\/uploads\/2021\/04\/NEWSESTLYONNAIS-VELO-CLUB-VAULX.jpg\",\"contentUrl\":\"https:\/\/newsestlyonnais.fr\/site\/wp-content\/uploads\/2021\/04\/NEWSESTLYONNAIS-VELO-CLUB-VAULX.jpg\",\"width\":1200,\"height\":800},{\"@type\":\"BreadcrumbList\",\"@id\":\"https:\/\/newsestlyonnais.fr\/site\/2021\/04\/11\/velo-club-de-vaulx-en-velin-une-baisse-de-29-des-effectifs-toutes-categories-confondues\/#breadcrumb\",\"itemListElement\":[{\"@type\":\"ListItem\",\"position\":1,\"name\":\"Accueil\",\"item\":\"https:\/\/newsestlyonnais.fr\/site\/\"},{\"@type\":\"ListItem\",\"position\":2,\"name\":\"V\u00e9lo Club de Vaulx-en-Velin \u00a0\u00bb une baisse de 29 % des effectifs, toutes cat\u00e9gories confondues \u00ab\u00a0\"}]},{\"@type\":\"WebSite\",\"@id\":\"https:\/\/newsestlyonnais.fr\/site\/#website\",\"url\":\"https:\/\/newsestlyonnais.fr\/site\/\",\"name\":\"News Est Lyonnais\",\"description\":\"L&#039;actualit\u00e9 au plus pr\u00e8s\",\"publisher\":{\"@id\":\"https:\/\/newsestlyonnais.fr\/site\/#organization\"},\"potentialAction\":[{\"@type\":\"SearchAction\",\"target\":{\"@type\":\"EntryPoint\",\"urlTemplate\":\"https:\/\/newsestlyonnais.fr\/site\/?s={search_term_string}\"},\"query-input\":{\"@type\":\"PropertyValueSpecification\",\"valueRequired\":true,\"valueName\":\"search_term_string\"}}],\"inLanguage\":\"fr-FR\"},{\"@type\":\"Organization\",\"@id\":\"https:\/\/newsestlyonnais.fr\/site\/#organization\",\"name\":\"News EST LYONNAIS\",\"url\":\"https:\/\/newsestlyonnais.fr\/site\/\",\"logo\":{\"@type\":\"ImageObject\",\"inLanguage\":\"fr-FR\",\"@id\":\"https:\/\/newsestlyonnais.fr\/site\/#\/schema\/logo\/image\/\",\"url\":\"\",\"contentUrl\":\"\",\"caption\":\"News EST LYONNAIS\"},\"image\":{\"@id\":\"https:\/\/newsestlyonnais.fr\/site\/#\/schema\/logo\/image\/\"}},{\"@type\":\"Person\",\"@id\":\"https:\/\/newsestlyonnais.fr\/site\/#\/schema\/person\/3230d5615f390bb808365d673001e887\",\"name\":\"R\u00e9dac. NEWS\",\"sameAs\":[\"http:\/\/www.newsestlyonnais.fr\",\"https:\/\/www.facebook.com\/pascal.oberson.1?fref=ts\",\"https:\/\/fr.linkedin.com\/in\/pascal-oberson-b17045113\"],\"url\":\"https:\/\/newsestlyonnais.fr\/site\/author\/nel\/\"}]}<\/script>\n<!-- \/ Yoast SEO plugin. -->","yoast_head_json":{"title":"V\u00e9lo Club de Vaulx-en-Velin \" une baisse de 29 % des effectifs, toutes cat\u00e9gories confondues \" - News Est Lyonnais","description":"V\u00e9lo Club de Vaulx-en-Velin \" une baisse de 29 % des effectifs, toutes cat\u00e9gories confondues \"","robots":{"index":"index","follow":"follow","max-snippet":"max-snippet:-1","max-image-preview":"max-image-preview:large","max-video-preview":"max-video-preview:-1"},"canonical":"https:\/\/newsestlyonnais.fr\/site\/2021\/04\/11\/velo-club-de-vaulx-en-velin-une-baisse-de-29-des-effectifs-toutes-categories-confondues\/","og_locale":"fr_FR","og_type":"article","og_title":"V\u00e9lo Club de Vaulx-en-Velin \" une baisse de 29 % des effectifs, toutes cat\u00e9gories confondues \" - News Est Lyonnais","og_description":"V\u00e9lo Club de Vaulx-en-Velin \" une baisse de 29 % des effectifs, toutes cat\u00e9gories confondues \"","og_url":"https:\/\/newsestlyonnais.fr\/site\/2021\/04\/11\/velo-club-de-vaulx-en-velin-une-baisse-de-29-des-effectifs-toutes-categories-confondues\/","og_site_name":"News Est Lyonnais","article_author":"https:\/\/www.facebook.com\/pascal.oberson.1?fref=ts","article_published_time":"2021-04-11T06:42:08+00:00","article_modified_time":"2021-04-13T12:54:57+00:00","og_image":[{"width":1200,"height":800,"url":"https:\/\/i2.wp.com\/newsestlyonnais.fr\/site\/wp-content\/uploads\/2021\/04\/NEWSESTLYONNAIS-VELO-CLUB-VAULX.jpg?fit=1200%2C800&ssl=1","type":"image\/jpeg"}],"author":"R\u00e9dac. NEWS","twitter_card":"summary_large_image","twitter_misc":{"\u00c9crit par":"R\u00e9dac. NEWS","Dur\u00e9e de lecture estim\u00e9e":"2 minutes"},"schema":{"@context":"https:\/\/schema.org","@graph":[{"@type":"Article","@id":"https:\/\/newsestlyonnais.fr\/site\/2021\/04\/11\/velo-club-de-vaulx-en-velin-une-baisse-de-29-des-effectifs-toutes-categories-confondues\/#article","isPartOf":{"@id":"https:\/\/newsestlyonnais.fr\/site\/2021\/04\/11\/velo-club-de-vaulx-en-velin-une-baisse-de-29-des-effectifs-toutes-categories-confondues\/"},"author":{"name":"R\u00e9dac. NEWS","@id":"https:\/\/newsestlyonnais.fr\/site\/#\/schema\/person\/3230d5615f390bb808365d673001e887"},"headline":"V\u00e9lo Club de Vaulx-en-Velin \u00a0\u00bb une baisse de 29 % des effectifs, toutes cat\u00e9gories confondues \u00ab\u00a0","datePublished":"2021-04-11T06:42:08+00:00","dateModified":"2021-04-13T12:54:57+00:00","mainEntityOfPage":{"@id":"https:\/\/newsestlyonnais.fr\/site\/2021\/04\/11\/velo-club-de-vaulx-en-velin-une-baisse-de-29-des-effectifs-toutes-categories-confondues\/"},"wordCount":339,"commentCount":0,"publisher":{"@id":"https:\/\/newsestlyonnais.fr\/site\/#organization"},"image":{"@id":"https:\/\/newsestlyonnais.fr\/site\/2021\/04\/11\/velo-club-de-vaulx-en-velin-une-baisse-de-29-des-effectifs-toutes-categories-confondues\/#primaryimage"},"thumbnailUrl":"https:\/\/newsestlyonnais.fr\/site\/wp-content\/uploads\/2021\/04\/NEWSESTLYONNAIS-VELO-CLUB-VAULX.jpg","keywords":["CYCLISME","Michel Gros","VAULX EN VELIN","VCVV","VELO CLUB VAULX EN VELIN"],"articleSection":["1 jour, 1 association","Cyclisme | Cyclo | Vtt","Vaulx-en-Velin"],"inLanguage":"fr-FR","potentialAction":[{"@type":"CommentAction","name":"Comment","target":["https:\/\/newsestlyonnais.fr\/site\/2021\/04\/11\/velo-club-de-vaulx-en-velin-une-baisse-de-29-des-effectifs-toutes-categories-confondues\/#respond"]}]},{"@type":"WebPage","@id":"https:\/\/newsestlyonnais.fr\/site\/2021\/04\/11\/velo-club-de-vaulx-en-velin-une-baisse-de-29-des-effectifs-toutes-categories-confondues\/","url":"https:\/\/newsestlyonnais.fr\/site\/2021\/04\/11\/velo-club-de-vaulx-en-velin-une-baisse-de-29-des-effectifs-toutes-categories-confondues\/","name":"V\u00e9lo Club de Vaulx-en-Velin \" une baisse de 29 % des effectifs, toutes cat\u00e9gories confondues \" - News Est Lyonnais","isPartOf":{"@id":"https:\/\/newsestlyonnais.fr\/site\/#website"},"primaryImageOfPage":{"@id":"https:\/\/newsestlyonnais.fr\/site\/2021\/04\/11\/velo-club-de-vaulx-en-velin-une-baisse-de-29-des-effectifs-toutes-categories-confondues\/#primaryimage"},"image":{"@id":"https:\/\/newsestlyonnais.fr\/site\/2021\/04\/11\/velo-club-de-vaulx-en-velin-une-baisse-de-29-des-effectifs-toutes-categories-confondues\/#primaryimage"},"thumbnailUrl":"https:\/\/newsestlyonnais.fr\/site\/wp-content\/uploads\/2021\/04\/NEWSESTLYONNAIS-VELO-CLUB-VAULX.jpg","datePublished":"2021-04-11T06:42:08+00:00","dateModified":"2021-04-13T12:54:57+00:00","description":"V\u00e9lo Club de Vaulx-en-Velin \" une baisse de 29 % des effectifs, toutes cat\u00e9gories confondues \"","breadcrumb":{"@id":"https:\/\/newsestlyonnais.fr\/site\/2021\/04\/11\/velo-club-de-vaulx-en-velin-une-baisse-de-29-des-effectifs-toutes-categories-confondues\/#breadcrumb"},"inLanguage":"fr-FR","potentialAction":[{"@type":"ReadAction","target":["https:\/\/newsestlyonnais.fr\/site\/2021\/04\/11\/velo-club-de-vaulx-en-velin-une-baisse-de-29-des-effectifs-toutes-categories-confondues\/"]}]},{"@type":"ImageObject","inLanguage":"fr-FR","@id":"https:\/\/newsestlyonnais.fr\/site\/2021\/04\/11\/velo-club-de-vaulx-en-velin-une-baisse-de-29-des-effectifs-toutes-categories-confondues\/#primaryimage","url":"https:\/\/newsestlyonnais.fr\/site\/wp-content\/uploads\/2021\/04\/NEWSESTLYONNAIS-VELO-CLUB-VAULX.jpg","contentUrl":"https:\/\/newsestlyonnais.fr\/site\/wp-content\/uploads\/2021\/04\/NEWSESTLYONNAIS-VELO-CLUB-VAULX.jpg","width":1200,"height":800},{"@type":"BreadcrumbList","@id":"https:\/\/newsestlyonnais.fr\/site\/2021\/04\/11\/velo-club-de-vaulx-en-velin-une-baisse-de-29-des-effectifs-toutes-categories-confondues\/#breadcrumb","itemListElement":[{"@type":"ListItem","position":1,"name":"Accueil","item":"https:\/\/newsestlyonnais.fr\/site\/"},{"@type":"ListItem","position":2,"name":"V\u00e9lo Club de Vaulx-en-Velin \u00a0\u00bb une baisse de 29 % des effectifs, toutes cat\u00e9gories confondues \u00ab\u00a0"}]},{"@type":"WebSite","@id":"https:\/\/newsestlyonnais.fr\/site\/#website","url":"https:\/\/newsestlyonnais.fr\/site\/","name":"News Est Lyonnais","description":"L&#039;actualit\u00e9 au plus pr\u00e8s","publisher":{"@id":"https:\/\/newsestlyonnais.fr\/site\/#organization"},"potentialAction":[{"@type":"SearchAction","target":{"@type":"EntryPoint","urlTemplate":"https:\/\/newsestlyonnais.fr\/site\/?s={search_term_string}"},"query-input":{"@type":"PropertyValueSpecification","valueRequired":true,"valueName":"search_term_string"}}],"inLanguage":"fr-FR"},{"@type":"Organization","@id":"https:\/\/newsestlyonnais.fr\/site\/#organization","name":"News EST LYONNAIS","url":"https:\/\/newsestlyonnais.fr\/site\/","logo":{"@type":"ImageObject","inLanguage":"fr-FR","@id":"https:\/\/newsestlyonnais.fr\/site\/#\/schema\/logo\/image\/","url":"","contentUrl":"","caption":"News EST LYONNAIS"},"image":{"@id":"https:\/\/newsestlyonnais.fr\/site\/#\/schema\/logo\/image\/"}},{"@type":"Person","@id":"https:\/\/newsestlyonnais.fr\/site\/#\/schema\/person\/3230d5615f390bb808365d673001e887","name":"R\u00e9dac. NEWS","sameAs":["http:\/\/www.newsestlyonnais.fr","https:\/\/www.facebook.com\/pascal.oberson.1?fref=ts","https:\/\/fr.linkedin.com\/in\/pascal-oberson-b17045113"],"url":"https:\/\/newsestlyonnais.fr\/site\/author\/nel\/"}]}},"_links":{"self":[{"href":"https:\/\/newsestlyonnais.fr\/site\/wp-json\/wp\/v2\/posts\/128223","targetHints":{"allow":["GET"]}}],"collection":[{"href":"https:\/\/newsestlyonnais.fr\/site\/wp-json\/wp\/v2\/posts"}],"about":[{"href":"https:\/\/newsestlyonnais.fr\/site\/wp-json\/wp\/v2\/types\/post"}],"author":[{"embeddable":true,"href":"https:\/\/newsestlyonnais.fr\/site\/wp-json\/wp\/v2\/users\/4"}],"replies":[{"embeddable":true,"href":"https:\/\/newsestlyonnais.fr\/site\/wp-json\/wp\/v2\/comments?post=128223"}],"version-history":[{"count":0,"href":"https:\/\/newsestlyonnais.fr\/site\/wp-json\/wp\/v2\/posts\/128223\/revisions"}],"wp:featuredmedia":[{"embeddable":true,"href":"https:\/\/newsestlyonnais.fr\/site\/wp-json\/wp\/v2\/media\/128227"}],"wp:attachment":[{"href":"https:\/\/newsestlyonnais.fr\/site\/wp-json\/wp\/v2\/media?parent=128223"}],"wp:term":[{"taxonomy":"category","embeddable":true,"href":"https:\/\/newsestlyonnais.fr\/site\/wp-json\/wp\/v2\/categories?post=128223"},{"taxonomy":"post_tag","embeddable":true,"href":"https:\/\/newsestlyonnais.fr\/site\/wp-json\/wp\/v2\/tags?post=128223"}],"curies":[{"name":"wp","href":"https:\/\/api.w.org\/{rel}","templated":true}]}}