{"id":128758,"date":"2021-04-20T14:58:49","date_gmt":"2021-04-20T13:58:49","guid":{"rendered":"https:\/\/newsestlyonnais.fr\/site\/?p=128758"},"modified":"2021-05-04T05:09:22","modified_gmt":"2021-05-04T04:09:22","slug":"genas-participez-a-le-coeur-en-vague","status":"publish","type":"post","link":"https:\/\/newsestlyonnais.fr\/site\/2021\/04\/20\/genas-participez-a-le-coeur-en-vague\/","title":{"rendered":"GENAS | Participez \u00e0 \u00ab\u00a0Le Coeur en Vague\u00a0\u00bb (2 mai)"},"content":{"rendered":"<div class=\"kvgmc6g5 cxmmr5t8 oygrvhab hcukyx3x c1et5uql ii04i59q\"><\/div>\n<div class=\"o9v6fnle cxmmr5t8 oygrvhab hcukyx3x c1et5uql ii04i59q\">\n<div dir=\"auto\">\n<p>Dans la foul\u00e9e des \u00ab\u00a0Parcours du Coeur\u00a0\u00bb mis en place par La F\u00e9d\u00e9ration Fran\u00e7aise de Cardiologie et qui ont eu lieu durant de nombreuses ann\u00e9es sur la commune, la municipalit\u00e9 organise d\u00e9but mai une action avec le slogan \u00a0\u00bb \u00c0 vos marques ! Stimulez votre c\u0153ur en vous amusant \u00ab<\/p>\n<p>Manifestation qui se d\u00e9roulera <strong>dimanche 2 mai (de 9 h \u00e0 12 h 30 place de la R\u00e9publique) <\/strong>en partenariat avec <span style=\"color: #0000ff;\"><a style=\"color: #0000ff;\" href=\"https:\/\/www.lafouleemuroise.com\">La Foul\u00e9e Muroise<\/a><\/span>, <a href=\"https:\/\/www.chassieu-athle.fr\"><span style=\"color: #0000ff;\">Chassieu Athl\u00e9<\/span> <\/a>et le club de la <span style=\"color: #0000ff;\"><a style=\"color: #0000ff;\" href=\"https:\/\/gv-genas.fr\">GV Genas<\/a><\/span>.<\/p>\n<hr \/>\n<p><strong>Les 4 parcours propos\u00e9s :<\/strong><\/p>\n<ul>\n<li>running <strong>famille de 1,5 km<\/strong><\/li>\n<li><strong>p\u00e9destre de 7 km<\/strong> avec le club GV Genas<\/li>\n<li>running <strong>motiv\u00e9 de 5 km<\/strong><\/li>\n<li>running <strong>entra\u00een\u00e9 de 10 km<\/strong><\/li>\n<\/ul>\n<hr \/>\n<p>&gt; Par vague de 5 personnes, le d\u00e9part sera donn\u00e9 toutes les 5 minutes \u00e0 partir de 9 heures\u00a0 30.<\/p>\n<p><span style=\"font-size: 14pt;\"><em><strong>Inscription gratuite et obligatoire <span style=\"color: #0000ff;\"><a style=\"color: #0000ff;\" href=\"https:\/\/bit.ly\/3uaVNfi?fbclid=IwAR0pcc3wMGgkyPRpdLLVj3SNQOribG5WcEvMq7rL4rsyb7O2OQdyCi1TBnE\">https:\/\/bit.ly\/3uaVNfi<\/a><\/span><\/strong><\/em><\/span><\/p>\n<hr \/>\n<hr \/>\n<p>&nbsp;<\/p>\n<\/div>\n<\/div>\n","protected":false},"excerpt":{"rendered":"<p>Un nouvel \u00e9v\u00e8nement local en partenariat avec 3 associations et 4 parcours propos\u00e9s.<\/p>\n","protected":false},"author":4,"featured_media":128759,"comment_status":"open","ping_status":"open","sticky":false,"template":"","format":"standard","meta":{"footnotes":""},"categories":[2968,574,270,166,1598],"tags":[],"class_list":["post-128758","post","type-post","status-publish","format-standard","has-post-thumbnail","hentry","category-athle-course-pied-marche","category-autres-sports","category-cte-de-communes-c-c-e-l","category-divers-sports","category-genas"],"yoast_head":"<!-- This site is optimized with the Yoast SEO plugin v27.2 - https:\/\/yoast.com\/product\/yoast-seo-wordpress\/ -->\n<title>GENAS | Participez \u00e0 &quot;Le Coeur en Vague&quot; (2 mai) - News Est Lyonnais<\/title>\n<meta name=\"description\" content=\"GENAS | Participez \u00e0 &quot;Le Coeur en Vague&quot;\" \/>\n<meta name=\"robots\" content=\"index, follow, max-snippet:-1, max-image-preview:large, max-video-preview:-1\" \/>\n<link rel=\"canonical\" href=\"https:\/\/newsestlyonnais.fr\/site\/2021\/04\/20\/genas-participez-a-le-coeur-en-vague\/\" \/>\n<meta property=\"og:locale\" content=\"fr_FR\" \/>\n<meta property=\"og:type\" content=\"article\" \/>\n<meta property=\"og:title\" content=\"GENAS | Participez \u00e0 &quot;Le Coeur en Vague&quot; (2 mai) - News Est Lyonnais\" \/>\n<meta property=\"og:description\" content=\"GENAS | Participez \u00e0 &quot;Le Coeur en Vague&quot;\" \/>\n<meta property=\"og:url\" content=\"https:\/\/newsestlyonnais.fr\/site\/2021\/04\/20\/genas-participez-a-le-coeur-en-vague\/\" \/>\n<meta property=\"og:site_name\" content=\"News Est Lyonnais\" \/>\n<meta property=\"article:author\" content=\"https:\/\/www.facebook.com\/pascal.oberson.1?fref=ts\" \/>\n<meta property=\"article:published_time\" content=\"2021-04-20T13:58:49+00:00\" \/>\n<meta property=\"article:modified_time\" content=\"2021-05-04T04:09:22+00:00\" \/>\n<meta property=\"og:image\" content=\"https:\/\/i1.wp.com\/newsestlyonnais.fr\/site\/wp-content\/uploads\/2021\/04\/175326037_1125648217898427_3885628706757661077_n.jpg?fit=846%2C1200&ssl=1\" \/>\n\t<meta property=\"og:image:width\" content=\"846\" \/>\n\t<meta property=\"og:image:height\" content=\"1200\" \/>\n\t<meta property=\"og:image:type\" content=\"image\/jpeg\" \/>\n<meta name=\"author\" content=\"R\u00e9dac. NEWS\" \/>\n<meta name=\"twitter:card\" content=\"summary_large_image\" \/>\n<meta name=\"twitter:label1\" content=\"\u00c9crit par\" \/>\n\t<meta name=\"twitter:data1\" content=\"R\u00e9dac. NEWS\" \/>\n\t<meta name=\"twitter:label2\" content=\"Dur\u00e9e de lecture estim\u00e9e\" \/>\n\t<meta name=\"twitter:data2\" content=\"1 minute\" \/>\n<script type=\"application\/ld+json\" class=\"yoast-schema-graph\">{\"@context\":\"https:\/\/schema.org\",\"@graph\":[{\"@type\":\"Article\",\"@id\":\"https:\/\/newsestlyonnais.fr\/site\/2021\/04\/20\/genas-participez-a-le-coeur-en-vague\/#article\",\"isPartOf\":{\"@id\":\"https:\/\/newsestlyonnais.fr\/site\/2021\/04\/20\/genas-participez-a-le-coeur-en-vague\/\"},\"author\":{\"name\":\"R\u00e9dac. NEWS\",\"@id\":\"https:\/\/newsestlyonnais.fr\/site\/#\/schema\/person\/3230d5615f390bb808365d673001e887\"},\"headline\":\"GENAS | Participez \u00e0 \u00ab\u00a0Le Coeur en Vague\u00a0\u00bb (2 mai)\",\"datePublished\":\"2021-04-20T13:58:49+00:00\",\"dateModified\":\"2021-05-04T04:09:22+00:00\",\"mainEntityOfPage\":{\"@id\":\"https:\/\/newsestlyonnais.fr\/site\/2021\/04\/20\/genas-participez-a-le-coeur-en-vague\/\"},\"wordCount\":142,\"commentCount\":0,\"publisher\":{\"@id\":\"https:\/\/newsestlyonnais.fr\/site\/#organization\"},\"image\":{\"@id\":\"https:\/\/newsestlyonnais.fr\/site\/2021\/04\/20\/genas-participez-a-le-coeur-en-vague\/#primaryimage\"},\"thumbnailUrl\":\"https:\/\/newsestlyonnais.fr\/site\/wp-content\/uploads\/2021\/04\/175326037_1125648217898427_3885628706757661077_n.jpg\",\"articleSection\":[\"Athl\u00e9 | Course pied | Marche\",\"Autres sports\",\"CCEL | Communes\",\"Divers Sports\",\"Genas\"],\"inLanguage\":\"fr-FR\",\"potentialAction\":[{\"@type\":\"CommentAction\",\"name\":\"Comment\",\"target\":[\"https:\/\/newsestlyonnais.fr\/site\/2021\/04\/20\/genas-participez-a-le-coeur-en-vague\/#respond\"]}]},{\"@type\":\"WebPage\",\"@id\":\"https:\/\/newsestlyonnais.fr\/site\/2021\/04\/20\/genas-participez-a-le-coeur-en-vague\/\",\"url\":\"https:\/\/newsestlyonnais.fr\/site\/2021\/04\/20\/genas-participez-a-le-coeur-en-vague\/\",\"name\":\"GENAS | Participez \u00e0 \\\"Le Coeur en Vague\\\" (2 mai) - News Est Lyonnais\",\"isPartOf\":{\"@id\":\"https:\/\/newsestlyonnais.fr\/site\/#website\"},\"primaryImageOfPage\":{\"@id\":\"https:\/\/newsestlyonnais.fr\/site\/2021\/04\/20\/genas-participez-a-le-coeur-en-vague\/#primaryimage\"},\"image\":{\"@id\":\"https:\/\/newsestlyonnais.fr\/site\/2021\/04\/20\/genas-participez-a-le-coeur-en-vague\/#primaryimage\"},\"thumbnailUrl\":\"https:\/\/newsestlyonnais.fr\/site\/wp-content\/uploads\/2021\/04\/175326037_1125648217898427_3885628706757661077_n.jpg\",\"datePublished\":\"2021-04-20T13:58:49+00:00\",\"dateModified\":\"2021-05-04T04:09:22+00:00\",\"description\":\"GENAS | Participez \u00e0 \\\"Le Coeur en Vague\\\"\",\"breadcrumb\":{\"@id\":\"https:\/\/newsestlyonnais.fr\/site\/2021\/04\/20\/genas-participez-a-le-coeur-en-vague\/#breadcrumb\"},\"inLanguage\":\"fr-FR\",\"potentialAction\":[{\"@type\":\"ReadAction\",\"target\":[\"https:\/\/newsestlyonnais.fr\/site\/2021\/04\/20\/genas-participez-a-le-coeur-en-vague\/\"]}]},{\"@type\":\"ImageObject\",\"inLanguage\":\"fr-FR\",\"@id\":\"https:\/\/newsestlyonnais.fr\/site\/2021\/04\/20\/genas-participez-a-le-coeur-en-vague\/#primaryimage\",\"url\":\"https:\/\/newsestlyonnais.fr\/site\/wp-content\/uploads\/2021\/04\/175326037_1125648217898427_3885628706757661077_n.jpg\",\"contentUrl\":\"https:\/\/newsestlyonnais.fr\/site\/wp-content\/uploads\/2021\/04\/175326037_1125648217898427_3885628706757661077_n.jpg\",\"width\":846,\"height\":1200},{\"@type\":\"BreadcrumbList\",\"@id\":\"https:\/\/newsestlyonnais.fr\/site\/2021\/04\/20\/genas-participez-a-le-coeur-en-vague\/#breadcrumb\",\"itemListElement\":[{\"@type\":\"ListItem\",\"position\":1,\"name\":\"Accueil\",\"item\":\"https:\/\/newsestlyonnais.fr\/site\/\"},{\"@type\":\"ListItem\",\"position\":2,\"name\":\"GENAS | Participez \u00e0 \u00ab\u00a0Le Coeur en Vague\u00a0\u00bb (2 mai)\"}]},{\"@type\":\"WebSite\",\"@id\":\"https:\/\/newsestlyonnais.fr\/site\/#website\",\"url\":\"https:\/\/newsestlyonnais.fr\/site\/\",\"name\":\"News Est Lyonnais\",\"description\":\"L&#039;actualit\u00e9 au plus pr\u00e8s\",\"publisher\":{\"@id\":\"https:\/\/newsestlyonnais.fr\/site\/#organization\"},\"potentialAction\":[{\"@type\":\"SearchAction\",\"target\":{\"@type\":\"EntryPoint\",\"urlTemplate\":\"https:\/\/newsestlyonnais.fr\/site\/?s={search_term_string}\"},\"query-input\":{\"@type\":\"PropertyValueSpecification\",\"valueRequired\":true,\"valueName\":\"search_term_string\"}}],\"inLanguage\":\"fr-FR\"},{\"@type\":\"Organization\",\"@id\":\"https:\/\/newsestlyonnais.fr\/site\/#organization\",\"name\":\"News EST LYONNAIS\",\"url\":\"https:\/\/newsestlyonnais.fr\/site\/\",\"logo\":{\"@type\":\"ImageObject\",\"inLanguage\":\"fr-FR\",\"@id\":\"https:\/\/newsestlyonnais.fr\/site\/#\/schema\/logo\/image\/\",\"url\":\"\",\"contentUrl\":\"\",\"caption\":\"News EST LYONNAIS\"},\"image\":{\"@id\":\"https:\/\/newsestlyonnais.fr\/site\/#\/schema\/logo\/image\/\"}},{\"@type\":\"Person\",\"@id\":\"https:\/\/newsestlyonnais.fr\/site\/#\/schema\/person\/3230d5615f390bb808365d673001e887\",\"name\":\"R\u00e9dac. NEWS\",\"sameAs\":[\"http:\/\/www.newsestlyonnais.fr\",\"https:\/\/www.facebook.com\/pascal.oberson.1?fref=ts\",\"https:\/\/fr.linkedin.com\/in\/pascal-oberson-b17045113\"],\"url\":\"https:\/\/newsestlyonnais.fr\/site\/author\/nel\/\"}]}<\/script>\n<!-- \/ Yoast SEO plugin. -->","yoast_head_json":{"title":"GENAS | Participez \u00e0 \"Le Coeur en Vague\" (2 mai) - News Est Lyonnais","description":"GENAS | Participez \u00e0 \"Le Coeur en Vague\"","robots":{"index":"index","follow":"follow","max-snippet":"max-snippet:-1","max-image-preview":"max-image-preview:large","max-video-preview":"max-video-preview:-1"},"canonical":"https:\/\/newsestlyonnais.fr\/site\/2021\/04\/20\/genas-participez-a-le-coeur-en-vague\/","og_locale":"fr_FR","og_type":"article","og_title":"GENAS | Participez \u00e0 \"Le Coeur en Vague\" (2 mai) - News Est Lyonnais","og_description":"GENAS | Participez \u00e0 \"Le Coeur en Vague\"","og_url":"https:\/\/newsestlyonnais.fr\/site\/2021\/04\/20\/genas-participez-a-le-coeur-en-vague\/","og_site_name":"News Est Lyonnais","article_author":"https:\/\/www.facebook.com\/pascal.oberson.1?fref=ts","article_published_time":"2021-04-20T13:58:49+00:00","article_modified_time":"2021-05-04T04:09:22+00:00","og_image":[{"width":846,"height":1200,"url":"https:\/\/i1.wp.com\/newsestlyonnais.fr\/site\/wp-content\/uploads\/2021\/04\/175326037_1125648217898427_3885628706757661077_n.jpg?fit=846%2C1200&ssl=1","type":"image\/jpeg"}],"author":"R\u00e9dac. NEWS","twitter_card":"summary_large_image","twitter_misc":{"\u00c9crit par":"R\u00e9dac. NEWS","Dur\u00e9e de lecture estim\u00e9e":"1 minute"},"schema":{"@context":"https:\/\/schema.org","@graph":[{"@type":"Article","@id":"https:\/\/newsestlyonnais.fr\/site\/2021\/04\/20\/genas-participez-a-le-coeur-en-vague\/#article","isPartOf":{"@id":"https:\/\/newsestlyonnais.fr\/site\/2021\/04\/20\/genas-participez-a-le-coeur-en-vague\/"},"author":{"name":"R\u00e9dac. NEWS","@id":"https:\/\/newsestlyonnais.fr\/site\/#\/schema\/person\/3230d5615f390bb808365d673001e887"},"headline":"GENAS | Participez \u00e0 \u00ab\u00a0Le Coeur en Vague\u00a0\u00bb (2 mai)","datePublished":"2021-04-20T13:58:49+00:00","dateModified":"2021-05-04T04:09:22+00:00","mainEntityOfPage":{"@id":"https:\/\/newsestlyonnais.fr\/site\/2021\/04\/20\/genas-participez-a-le-coeur-en-vague\/"},"wordCount":142,"commentCount":0,"publisher":{"@id":"https:\/\/newsestlyonnais.fr\/site\/#organization"},"image":{"@id":"https:\/\/newsestlyonnais.fr\/site\/2021\/04\/20\/genas-participez-a-le-coeur-en-vague\/#primaryimage"},"thumbnailUrl":"https:\/\/newsestlyonnais.fr\/site\/wp-content\/uploads\/2021\/04\/175326037_1125648217898427_3885628706757661077_n.jpg","articleSection":["Athl\u00e9 | Course pied | Marche","Autres sports","CCEL | Communes","Divers Sports","Genas"],"inLanguage":"fr-FR","potentialAction":[{"@type":"CommentAction","name":"Comment","target":["https:\/\/newsestlyonnais.fr\/site\/2021\/04\/20\/genas-participez-a-le-coeur-en-vague\/#respond"]}]},{"@type":"WebPage","@id":"https:\/\/newsestlyonnais.fr\/site\/2021\/04\/20\/genas-participez-a-le-coeur-en-vague\/","url":"https:\/\/newsestlyonnais.fr\/site\/2021\/04\/20\/genas-participez-a-le-coeur-en-vague\/","name":"GENAS | Participez \u00e0 \"Le Coeur en Vague\" (2 mai) - News Est Lyonnais","isPartOf":{"@id":"https:\/\/newsestlyonnais.fr\/site\/#website"},"primaryImageOfPage":{"@id":"https:\/\/newsestlyonnais.fr\/site\/2021\/04\/20\/genas-participez-a-le-coeur-en-vague\/#primaryimage"},"image":{"@id":"https:\/\/newsestlyonnais.fr\/site\/2021\/04\/20\/genas-participez-a-le-coeur-en-vague\/#primaryimage"},"thumbnailUrl":"https:\/\/newsestlyonnais.fr\/site\/wp-content\/uploads\/2021\/04\/175326037_1125648217898427_3885628706757661077_n.jpg","datePublished":"2021-04-20T13:58:49+00:00","dateModified":"2021-05-04T04:09:22+00:00","description":"GENAS | Participez \u00e0 \"Le Coeur en Vague\"","breadcrumb":{"@id":"https:\/\/newsestlyonnais.fr\/site\/2021\/04\/20\/genas-participez-a-le-coeur-en-vague\/#breadcrumb"},"inLanguage":"fr-FR","potentialAction":[{"@type":"ReadAction","target":["https:\/\/newsestlyonnais.fr\/site\/2021\/04\/20\/genas-participez-a-le-coeur-en-vague\/"]}]},{"@type":"ImageObject","inLanguage":"fr-FR","@id":"https:\/\/newsestlyonnais.fr\/site\/2021\/04\/20\/genas-participez-a-le-coeur-en-vague\/#primaryimage","url":"https:\/\/newsestlyonnais.fr\/site\/wp-content\/uploads\/2021\/04\/175326037_1125648217898427_3885628706757661077_n.jpg","contentUrl":"https:\/\/newsestlyonnais.fr\/site\/wp-content\/uploads\/2021\/04\/175326037_1125648217898427_3885628706757661077_n.jpg","width":846,"height":1200},{"@type":"BreadcrumbList","@id":"https:\/\/newsestlyonnais.fr\/site\/2021\/04\/20\/genas-participez-a-le-coeur-en-vague\/#breadcrumb","itemListElement":[{"@type":"ListItem","position":1,"name":"Accueil","item":"https:\/\/newsestlyonnais.fr\/site\/"},{"@type":"ListItem","position":2,"name":"GENAS | Participez \u00e0 \u00ab\u00a0Le Coeur en Vague\u00a0\u00bb (2 mai)"}]},{"@type":"WebSite","@id":"https:\/\/newsestlyonnais.fr\/site\/#website","url":"https:\/\/newsestlyonnais.fr\/site\/","name":"News Est Lyonnais","description":"L&#039;actualit\u00e9 au plus pr\u00e8s","publisher":{"@id":"https:\/\/newsestlyonnais.fr\/site\/#organization"},"potentialAction":[{"@type":"SearchAction","target":{"@type":"EntryPoint","urlTemplate":"https:\/\/newsestlyonnais.fr\/site\/?s={search_term_string}"},"query-input":{"@type":"PropertyValueSpecification","valueRequired":true,"valueName":"search_term_string"}}],"inLanguage":"fr-FR"},{"@type":"Organization","@id":"https:\/\/newsestlyonnais.fr\/site\/#organization","name":"News EST LYONNAIS","url":"https:\/\/newsestlyonnais.fr\/site\/","logo":{"@type":"ImageObject","inLanguage":"fr-FR","@id":"https:\/\/newsestlyonnais.fr\/site\/#\/schema\/logo\/image\/","url":"","contentUrl":"","caption":"News EST LYONNAIS"},"image":{"@id":"https:\/\/newsestlyonnais.fr\/site\/#\/schema\/logo\/image\/"}},{"@type":"Person","@id":"https:\/\/newsestlyonnais.fr\/site\/#\/schema\/person\/3230d5615f390bb808365d673001e887","name":"R\u00e9dac. NEWS","sameAs":["http:\/\/www.newsestlyonnais.fr","https:\/\/www.facebook.com\/pascal.oberson.1?fref=ts","https:\/\/fr.linkedin.com\/in\/pascal-oberson-b17045113"],"url":"https:\/\/newsestlyonnais.fr\/site\/author\/nel\/"}]}},"_links":{"self":[{"href":"https:\/\/newsestlyonnais.fr\/site\/wp-json\/wp\/v2\/posts\/128758","targetHints":{"allow":["GET"]}}],"collection":[{"href":"https:\/\/newsestlyonnais.fr\/site\/wp-json\/wp\/v2\/posts"}],"about":[{"href":"https:\/\/newsestlyonnais.fr\/site\/wp-json\/wp\/v2\/types\/post"}],"author":[{"embeddable":true,"href":"https:\/\/newsestlyonnais.fr\/site\/wp-json\/wp\/v2\/users\/4"}],"replies":[{"embeddable":true,"href":"https:\/\/newsestlyonnais.fr\/site\/wp-json\/wp\/v2\/comments?post=128758"}],"version-history":[{"count":0,"href":"https:\/\/newsestlyonnais.fr\/site\/wp-json\/wp\/v2\/posts\/128758\/revisions"}],"wp:featuredmedia":[{"embeddable":true,"href":"https:\/\/newsestlyonnais.fr\/site\/wp-json\/wp\/v2\/media\/128759"}],"wp:attachment":[{"href":"https:\/\/newsestlyonnais.fr\/site\/wp-json\/wp\/v2\/media?parent=128758"}],"wp:term":[{"taxonomy":"category","embeddable":true,"href":"https:\/\/newsestlyonnais.fr\/site\/wp-json\/wp\/v2\/categories?post=128758"},{"taxonomy":"post_tag","embeddable":true,"href":"https:\/\/newsestlyonnais.fr\/site\/wp-json\/wp\/v2\/tags?post=128758"}],"curies":[{"name":"wp","href":"https:\/\/api.w.org\/{rel}","templated":true}]}}