{"id":128985,"date":"2021-04-24T08:43:45","date_gmt":"2021-04-24T07:43:45","guid":{"rendered":"https:\/\/newsestlyonnais.fr\/site\/?p=128985"},"modified":"2021-04-26T08:53:49","modified_gmt":"2021-04-26T07:53:49","slug":"asul-vaulx-en-velin-handball-on-sattend-a-une-grosse-perte-financiere-cote-partenariat-et-licences","status":"publish","type":"post","link":"https:\/\/newsestlyonnais.fr\/site\/2021\/04\/24\/asul-vaulx-en-velin-handball-on-sattend-a-une-grosse-perte-financiere-cote-partenariat-et-licences\/","title":{"rendered":"Asul Vaulx Hand | \u00ab\u00a0on s&rsquo;attend \u00e0 une grosse perte financi\u00e8re c\u00f4t\u00e9 partenariat et licences \u00ab\u00a0"},"content":{"rendered":"<p>Ce samedi, c\u2019est <strong>Jules Jacquet, manager depuis 2016<\/strong>, qui r\u00e9pond aux questions de la r\u00e9daction :<\/p>\n<hr \/>\n<ul>\n<li><span style=\"font-size: 14pt;\"><strong><u>Quelle est son activit\u00e9 et effectif actuel<\/u><\/strong><strong> ?<\/strong><\/span><\/li>\n<\/ul>\n<p>\u00bb Club pr\u00e9sid\u00e9 par Pascal Jacquet depuis 2019. Activit\u00e9 principale : <strong>Club de Handball 100 % f\u00e9minin<\/strong>. Effectif \u00e0 ce jour : <strong>190 femmes<\/strong>, 20 masculins \u00ab.<\/p>\n<hr \/>\n<ul>\n<li><span style=\"font-size: 14pt;\"><strong><span style=\"text-decoration: underline;\">Comment s\u2019\u00e9tait pass\u00e9 le 1\u00b0 confinement et aviez vous mis du personnel au ch\u00f4mage<\/span> ?<\/strong><\/span><\/li>\n<\/ul>\n<p>\u00bb <strong>Un confinement qui a \u00e9t\u00e9 difficile<\/strong> pour le club qui a vu l&rsquo;arr\u00eat de la pratique pour les jeunes ainsi que du Championnat. <strong>Nous avons \u00e9galement mis les salari\u00e9s en ch\u00f4mage partiel <\/strong>\u00ab.<\/p>\n<ul>\n<li><span style=\"text-decoration: underline;\"><span style=\"font-size: 14pt;\"><strong>A<\/strong><\/span><\/span><strong><span style=\"font-size: 14pt;\"><span style=\"text-decoration: underline;\">vez-vous connu depuis une baisse de vos effectifs<\/span> ?<\/span> <\/strong><\/li>\n<\/ul>\n<p>\u00bb <strong>Nous ne connaissons pas les chiffres \u00e0 l&rsquo;heure actuelle<\/strong>, nous pourrons les communiquer \u00e0 partir de septembre 2021 pour la saison 2021-2022 <strong>\u00ab. <\/strong><\/p>\n<ul>\n<li><span style=\"font-size: 14pt;\"><strong><span style=\"text-decoration: underline;\">Avez- vous \u00e9t\u00e9 contraints d\u2019annuler des \u00e9v\u00e8nements ou comp\u00e9titions<\/span> ?<\/strong> <\/span><\/li>\n<\/ul>\n<p>\u00bb Nous avons \u00e9t\u00e9 contraints d&rsquo;arr\u00eater les entra\u00eenements de nos jeunes filles et avons fait face jusqu&rsquo;\u00e0 janvier \u00e0 l&rsquo;arr\u00eat du Championnat de deuxi\u00e8me division f\u00e9minine et des entra\u00eenements.<\/p>\n<p><strong>Contraints aussi d&rsquo;annuler des \u00e9v\u00e8nements en direction de l&#8217;emploi et de la valorisation du sport f\u00e9minin<\/strong> <strong>\u00ab.\u00a0<\/strong><\/p>\n<div data-canvas-width=\"576.6933333333335\">\n<hr \/>\n<\/div>\n<div data-canvas-width=\"535.861333333333\">\n<div data-canvas-width=\"413.3213333333334\">\n<ul>\n<li><span style=\"font-size: 14pt;\"><strong><span style=\"text-decoration: underline;\">Cons\u00e9quences financi\u00e8res ou autres<\/span> ?<\/strong><\/span><\/li>\n<\/ul>\n<p>\u00bb <strong>Nous nous attendons \u00e0 une grosse perte financi\u00e8re sur le c\u00f4t\u00e9 partenariat ainsi que sur le c\u00f4t\u00e9 licences au vu d&rsquo;une \u00e9ventuelle baisse de licenci\u00e9s<\/strong> \u00ab.<\/p>\n<hr \/>\n<\/div>\n<\/div>\n<div data-canvas-width=\"535.861333333333\">\n<p class=\"gmql0nx0 l94mrbxd p1ri9a11 lzcic4wl d2edcug0 hpfvmrgz\" dir=\"auto\" tabindex=\"-1\"><span class=\"d2edcug0 hpfvmrgz qv66sw1b c1et5uql lr9zc1uh a8c37x1j keod5gw0 nxhoafnm aigsh9s9 embtmqzv fe6kdd0r mau55g9w c8b282yb hrzyx87i m6dqt4wy h7mekvxk hnhda86s oo9gr5id hzawbc8m\" dir=\"auto\"><strong><em><img loading=\"lazy\" decoding=\"async\" class=\"alignleft wp-image-128990 size-full\" src=\"https:\/\/newsestlyonnais.fr\/site\/wp-content\/uploads\/2021\/04\/image002.png\" alt=\"\" width=\"208\" height=\"189\" data-attachment-id=\"128943\" data-permalink=\"https:\/\/newsestlyonnais.fr\/site\/2021\/04\/23\/saint-pierre-de-chandieu-gv-les-coachs-ont-ete-incroyables-de-flexibilite\/132496112_202593141519250_1574808760964336927_n\/\" data-orig-file=\"https:\/\/i2.wp.com\/newsestlyonnais.fr\/site\/wp-content\/uploads\/2021\/04\/132496112_202593141519250_1574808760964336927_n.jpg?fit=1000%2C1000&amp;ssl=1\" data-orig-size=\"1000,1000\" data-comments-opened=\"1\" data-image-meta=\"{&quot;aperture&quot;:&quot;0&quot;,&quot;credit&quot;:&quot;&quot;,&quot;camera&quot;:&quot;&quot;,&quot;caption&quot;:&quot;&quot;,&quot;created_timestamp&quot;:&quot;0&quot;,&quot;copyright&quot;:&quot;&quot;,&quot;focal_length&quot;:&quot;0&quot;,&quot;iso&quot;:&quot;0&quot;,&quot;shutter_speed&quot;:&quot;0&quot;,&quot;title&quot;:&quot;&quot;,&quot;orientation&quot;:&quot;0&quot;}\" data-image-title=\"132496112_202593141519250_1574808760964336927_n\" data-image-description=\"\" data-medium-file=\"https:\/\/i2.wp.com\/newsestlyonnais.fr\/site\/wp-content\/uploads\/2021\/04\/132496112_202593141519250_1574808760964336927_n.jpg?fit=300%2C300&amp;ssl=1\" data-large-file=\"https:\/\/i2.wp.com\/newsestlyonnais.fr\/site\/wp-content\/uploads\/2021\/04\/132496112_202593141519250_1574808760964336927_n.jpg?fit=650%2C650&amp;ssl=1\" data-recalc-dims=\"1\" srcset=\"https:\/\/newsestlyonnais.fr\/site\/wp-content\/uploads\/2021\/04\/image002.png 208w, https:\/\/newsestlyonnais.fr\/site\/wp-content\/uploads\/2021\/04\/image002-150x136.png 150w, https:\/\/newsestlyonnais.fr\/site\/wp-content\/uploads\/2021\/04\/image002-50x45.png 50w, https:\/\/newsestlyonnais.fr\/site\/wp-content\/uploads\/2021\/04\/image002-100x91.png 100w, https:\/\/newsestlyonnais.fr\/site\/wp-content\/uploads\/2021\/04\/image002-200x182.png 200w\" sizes=\"auto, (max-width: 208px) 100vw, 208px\" \/>ASUL VAULX-EN-VELIN HANDBALL \/ 3 rue H\u00f4 Chi Minh<br \/>\n<\/em><\/strong><\/span><\/p>\n<ul>\n<li dir=\"auto\" tabindex=\"-1\"><a href=\"https:\/\/www.asulvvhandball.com\"><span style=\"color: #0000ff;\">https:\/\/www.asulvvhandball.com<\/span><\/a><\/li>\n<li dir=\"auto\" tabindex=\"-1\"><span style=\"color: #0000ff;\"><a style=\"color: #0000ff;\" href=\"https:\/\/www.facebook.com\/AsuLyonVaulxEnVelin\/\">https:\/\/www.facebook.com\/AsuLyonVaulxEnVelin\/<\/a><\/span><\/li>\n<li dir=\"auto\" tabindex=\"-1\"><span style=\"color: #0000ff;\"><a style=\"color: #0000ff;\" href=\"https:\/\/twitter.com\/asulhandball?lang=fr\">https:\/\/twitter.com\/asulhandball?lang=fr<\/a><\/span><\/li>\n<li dir=\"auto\" tabindex=\"-1\"><a href=\"https:\/\/www.instagram.com\/asulvvhandball\/\"><span style=\"color: #0000ff;\">https:\/\/www.instagram.com\/asulvvhandball\/<\/span><\/a><\/li>\n<\/ul>\n<hr \/>\n<hr \/>\n<p>&nbsp;<\/p>\n<\/div>\n","protected":false},"excerpt":{"rendered":"<p>1 jour, 1 association | Quotidiennement, une association est pr\u00e9sent\u00e9e par un de ses dirigeants.<\/p>\n","protected":false},"author":4,"featured_media":129001,"comment_status":"open","ping_status":"open","sticky":false,"template":"","format":"standard","meta":{"footnotes":""},"categories":[3420,2975,3421,1358,28],"tags":[2382,2201,2215,2006],"class_list":["post-128985","post","type-post","status-publish","format-standard","has-post-thumbnail","hentry","category-1-jour-1-association","category-basket-hand-volley-sports","category-feminin-actu-au","category-hand","category-vaulx-en-velin","tag-asul-vaulx-hand","tag-feminines","tag-handball","tag-vaulx-en-velin"],"yoast_head":"<!-- This site is optimized with the Yoast SEO plugin v27.2 - https:\/\/yoast.com\/product\/yoast-seo-wordpress\/ -->\n<title>Asul Vaulx Hand | &quot;on s&#039;attend \u00e0 une grosse perte financi\u00e8re c\u00f4t\u00e9 partenariat et licences &quot; - News Est Lyonnais<\/title>\n<meta name=\"description\" content=\"ASUL Vaulx-en-Velin Handball | &quot;on s&#039;attend \u00e0 une grosse perte financi\u00e8re c\u00f4t\u00e9 partenariat et licences &quot;\" \/>\n<meta name=\"robots\" content=\"index, follow, max-snippet:-1, max-image-preview:large, max-video-preview:-1\" \/>\n<link rel=\"canonical\" href=\"https:\/\/newsestlyonnais.fr\/site\/2021\/04\/24\/asul-vaulx-en-velin-handball-on-sattend-a-une-grosse-perte-financiere-cote-partenariat-et-licences\/\" \/>\n<meta property=\"og:locale\" content=\"fr_FR\" \/>\n<meta property=\"og:type\" content=\"article\" \/>\n<meta property=\"og:title\" content=\"Asul Vaulx Hand | &quot;on s&#039;attend \u00e0 une grosse perte financi\u00e8re c\u00f4t\u00e9 partenariat et licences &quot; - News Est Lyonnais\" \/>\n<meta property=\"og:description\" content=\"ASUL Vaulx-en-Velin Handball | &quot;on s&#039;attend \u00e0 une grosse perte financi\u00e8re c\u00f4t\u00e9 partenariat et licences &quot;\" \/>\n<meta property=\"og:url\" content=\"https:\/\/newsestlyonnais.fr\/site\/2021\/04\/24\/asul-vaulx-en-velin-handball-on-sattend-a-une-grosse-perte-financiere-cote-partenariat-et-licences\/\" \/>\n<meta property=\"og:site_name\" content=\"News Est Lyonnais\" \/>\n<meta property=\"article:author\" content=\"https:\/\/www.facebook.com\/pascal.oberson.1?fref=ts\" \/>\n<meta property=\"article:published_time\" content=\"2021-04-24T07:43:45+00:00\" \/>\n<meta property=\"article:modified_time\" content=\"2021-04-26T07:53:49+00:00\" \/>\n<meta property=\"og:image\" content=\"https:\/\/i0.wp.com\/newsestlyonnais.fr\/site\/wp-content\/uploads\/2021\/04\/175906321_2850450968531434_6586887575765373054_n.jpg?fit=1200%2C801&ssl=1\" \/>\n\t<meta property=\"og:image:width\" content=\"1200\" \/>\n\t<meta property=\"og:image:height\" content=\"801\" \/>\n\t<meta property=\"og:image:type\" content=\"image\/jpeg\" \/>\n<meta name=\"author\" content=\"R\u00e9dac. NEWS\" \/>\n<meta name=\"twitter:card\" content=\"summary_large_image\" \/>\n<meta name=\"twitter:label1\" content=\"\u00c9crit par\" \/>\n\t<meta name=\"twitter:data1\" content=\"R\u00e9dac. NEWS\" \/>\n\t<meta name=\"twitter:label2\" content=\"Dur\u00e9e de lecture estim\u00e9e\" \/>\n\t<meta name=\"twitter:data2\" content=\"2 minutes\" \/>\n<script type=\"application\/ld+json\" class=\"yoast-schema-graph\">{\"@context\":\"https:\/\/schema.org\",\"@graph\":[{\"@type\":\"Article\",\"@id\":\"https:\/\/newsestlyonnais.fr\/site\/2021\/04\/24\/asul-vaulx-en-velin-handball-on-sattend-a-une-grosse-perte-financiere-cote-partenariat-et-licences\/#article\",\"isPartOf\":{\"@id\":\"https:\/\/newsestlyonnais.fr\/site\/2021\/04\/24\/asul-vaulx-en-velin-handball-on-sattend-a-une-grosse-perte-financiere-cote-partenariat-et-licences\/\"},\"author\":{\"name\":\"R\u00e9dac. NEWS\",\"@id\":\"https:\/\/newsestlyonnais.fr\/site\/#\/schema\/person\/3230d5615f390bb808365d673001e887\"},\"headline\":\"Asul Vaulx Hand | \u00ab\u00a0on s&rsquo;attend \u00e0 une grosse perte financi\u00e8re c\u00f4t\u00e9 partenariat et licences \u00ab\u00a0\",\"datePublished\":\"2021-04-24T07:43:45+00:00\",\"dateModified\":\"2021-04-26T07:53:49+00:00\",\"mainEntityOfPage\":{\"@id\":\"https:\/\/newsestlyonnais.fr\/site\/2021\/04\/24\/asul-vaulx-en-velin-handball-on-sattend-a-une-grosse-perte-financiere-cote-partenariat-et-licences\/\"},\"wordCount\":269,\"commentCount\":0,\"publisher\":{\"@id\":\"https:\/\/newsestlyonnais.fr\/site\/#organization\"},\"image\":{\"@id\":\"https:\/\/newsestlyonnais.fr\/site\/2021\/04\/24\/asul-vaulx-en-velin-handball-on-sattend-a-une-grosse-perte-financiere-cote-partenariat-et-licences\/#primaryimage\"},\"thumbnailUrl\":\"https:\/\/newsestlyonnais.fr\/site\/wp-content\/uploads\/2021\/04\/175906321_2850450968531434_6586887575765373054_n.jpg\",\"keywords\":[\"ASUL VAULX HAND\",\"FEMININES\",\"HANDBALL\",\"VAULX EN VELIN\"],\"articleSection\":[\"1 jour, 1 association\",\"Basket | Hand | Volley\",\"F\u00e9minin (Actu au)\",\"Hand\",\"Vaulx-en-Velin\"],\"inLanguage\":\"fr-FR\",\"potentialAction\":[{\"@type\":\"CommentAction\",\"name\":\"Comment\",\"target\":[\"https:\/\/newsestlyonnais.fr\/site\/2021\/04\/24\/asul-vaulx-en-velin-handball-on-sattend-a-une-grosse-perte-financiere-cote-partenariat-et-licences\/#respond\"]}]},{\"@type\":\"WebPage\",\"@id\":\"https:\/\/newsestlyonnais.fr\/site\/2021\/04\/24\/asul-vaulx-en-velin-handball-on-sattend-a-une-grosse-perte-financiere-cote-partenariat-et-licences\/\",\"url\":\"https:\/\/newsestlyonnais.fr\/site\/2021\/04\/24\/asul-vaulx-en-velin-handball-on-sattend-a-une-grosse-perte-financiere-cote-partenariat-et-licences\/\",\"name\":\"Asul Vaulx Hand | \\\"on s'attend \u00e0 une grosse perte financi\u00e8re c\u00f4t\u00e9 partenariat et licences \\\" - News Est Lyonnais\",\"isPartOf\":{\"@id\":\"https:\/\/newsestlyonnais.fr\/site\/#website\"},\"primaryImageOfPage\":{\"@id\":\"https:\/\/newsestlyonnais.fr\/site\/2021\/04\/24\/asul-vaulx-en-velin-handball-on-sattend-a-une-grosse-perte-financiere-cote-partenariat-et-licences\/#primaryimage\"},\"image\":{\"@id\":\"https:\/\/newsestlyonnais.fr\/site\/2021\/04\/24\/asul-vaulx-en-velin-handball-on-sattend-a-une-grosse-perte-financiere-cote-partenariat-et-licences\/#primaryimage\"},\"thumbnailUrl\":\"https:\/\/newsestlyonnais.fr\/site\/wp-content\/uploads\/2021\/04\/175906321_2850450968531434_6586887575765373054_n.jpg\",\"datePublished\":\"2021-04-24T07:43:45+00:00\",\"dateModified\":\"2021-04-26T07:53:49+00:00\",\"description\":\"ASUL Vaulx-en-Velin Handball | \\\"on s'attend \u00e0 une grosse perte financi\u00e8re c\u00f4t\u00e9 partenariat et licences \\\"\",\"breadcrumb\":{\"@id\":\"https:\/\/newsestlyonnais.fr\/site\/2021\/04\/24\/asul-vaulx-en-velin-handball-on-sattend-a-une-grosse-perte-financiere-cote-partenariat-et-licences\/#breadcrumb\"},\"inLanguage\":\"fr-FR\",\"potentialAction\":[{\"@type\":\"ReadAction\",\"target\":[\"https:\/\/newsestlyonnais.fr\/site\/2021\/04\/24\/asul-vaulx-en-velin-handball-on-sattend-a-une-grosse-perte-financiere-cote-partenariat-et-licences\/\"]}]},{\"@type\":\"ImageObject\",\"inLanguage\":\"fr-FR\",\"@id\":\"https:\/\/newsestlyonnais.fr\/site\/2021\/04\/24\/asul-vaulx-en-velin-handball-on-sattend-a-une-grosse-perte-financiere-cote-partenariat-et-licences\/#primaryimage\",\"url\":\"https:\/\/newsestlyonnais.fr\/site\/wp-content\/uploads\/2021\/04\/175906321_2850450968531434_6586887575765373054_n.jpg\",\"contentUrl\":\"https:\/\/newsestlyonnais.fr\/site\/wp-content\/uploads\/2021\/04\/175906321_2850450968531434_6586887575765373054_n.jpg\",\"width\":1200,\"height\":801},{\"@type\":\"BreadcrumbList\",\"@id\":\"https:\/\/newsestlyonnais.fr\/site\/2021\/04\/24\/asul-vaulx-en-velin-handball-on-sattend-a-une-grosse-perte-financiere-cote-partenariat-et-licences\/#breadcrumb\",\"itemListElement\":[{\"@type\":\"ListItem\",\"position\":1,\"name\":\"Accueil\",\"item\":\"https:\/\/newsestlyonnais.fr\/site\/\"},{\"@type\":\"ListItem\",\"position\":2,\"name\":\"Asul Vaulx Hand | \u00ab\u00a0on s&rsquo;attend \u00e0 une grosse perte financi\u00e8re c\u00f4t\u00e9 partenariat et licences \u00ab\u00a0\"}]},{\"@type\":\"WebSite\",\"@id\":\"https:\/\/newsestlyonnais.fr\/site\/#website\",\"url\":\"https:\/\/newsestlyonnais.fr\/site\/\",\"name\":\"News Est Lyonnais\",\"description\":\"L&#039;actualit\u00e9 au plus pr\u00e8s\",\"publisher\":{\"@id\":\"https:\/\/newsestlyonnais.fr\/site\/#organization\"},\"potentialAction\":[{\"@type\":\"SearchAction\",\"target\":{\"@type\":\"EntryPoint\",\"urlTemplate\":\"https:\/\/newsestlyonnais.fr\/site\/?s={search_term_string}\"},\"query-input\":{\"@type\":\"PropertyValueSpecification\",\"valueRequired\":true,\"valueName\":\"search_term_string\"}}],\"inLanguage\":\"fr-FR\"},{\"@type\":\"Organization\",\"@id\":\"https:\/\/newsestlyonnais.fr\/site\/#organization\",\"name\":\"News EST LYONNAIS\",\"url\":\"https:\/\/newsestlyonnais.fr\/site\/\",\"logo\":{\"@type\":\"ImageObject\",\"inLanguage\":\"fr-FR\",\"@id\":\"https:\/\/newsestlyonnais.fr\/site\/#\/schema\/logo\/image\/\",\"url\":\"\",\"contentUrl\":\"\",\"caption\":\"News EST LYONNAIS\"},\"image\":{\"@id\":\"https:\/\/newsestlyonnais.fr\/site\/#\/schema\/logo\/image\/\"}},{\"@type\":\"Person\",\"@id\":\"https:\/\/newsestlyonnais.fr\/site\/#\/schema\/person\/3230d5615f390bb808365d673001e887\",\"name\":\"R\u00e9dac. NEWS\",\"sameAs\":[\"http:\/\/www.newsestlyonnais.fr\",\"https:\/\/www.facebook.com\/pascal.oberson.1?fref=ts\",\"https:\/\/fr.linkedin.com\/in\/pascal-oberson-b17045113\"],\"url\":\"https:\/\/newsestlyonnais.fr\/site\/author\/nel\/\"}]}<\/script>\n<!-- \/ Yoast SEO plugin. -->","yoast_head_json":{"title":"Asul Vaulx Hand | \"on s'attend \u00e0 une grosse perte financi\u00e8re c\u00f4t\u00e9 partenariat et licences \" - News Est Lyonnais","description":"ASUL Vaulx-en-Velin Handball | \"on s'attend \u00e0 une grosse perte financi\u00e8re c\u00f4t\u00e9 partenariat et licences \"","robots":{"index":"index","follow":"follow","max-snippet":"max-snippet:-1","max-image-preview":"max-image-preview:large","max-video-preview":"max-video-preview:-1"},"canonical":"https:\/\/newsestlyonnais.fr\/site\/2021\/04\/24\/asul-vaulx-en-velin-handball-on-sattend-a-une-grosse-perte-financiere-cote-partenariat-et-licences\/","og_locale":"fr_FR","og_type":"article","og_title":"Asul Vaulx Hand | \"on s'attend \u00e0 une grosse perte financi\u00e8re c\u00f4t\u00e9 partenariat et licences \" - News Est Lyonnais","og_description":"ASUL Vaulx-en-Velin Handball | \"on s'attend \u00e0 une grosse perte financi\u00e8re c\u00f4t\u00e9 partenariat et licences \"","og_url":"https:\/\/newsestlyonnais.fr\/site\/2021\/04\/24\/asul-vaulx-en-velin-handball-on-sattend-a-une-grosse-perte-financiere-cote-partenariat-et-licences\/","og_site_name":"News Est Lyonnais","article_author":"https:\/\/www.facebook.com\/pascal.oberson.1?fref=ts","article_published_time":"2021-04-24T07:43:45+00:00","article_modified_time":"2021-04-26T07:53:49+00:00","og_image":[{"width":1200,"height":801,"url":"https:\/\/i0.wp.com\/newsestlyonnais.fr\/site\/wp-content\/uploads\/2021\/04\/175906321_2850450968531434_6586887575765373054_n.jpg?fit=1200%2C801&ssl=1","type":"image\/jpeg"}],"author":"R\u00e9dac. NEWS","twitter_card":"summary_large_image","twitter_misc":{"\u00c9crit par":"R\u00e9dac. NEWS","Dur\u00e9e de lecture estim\u00e9e":"2 minutes"},"schema":{"@context":"https:\/\/schema.org","@graph":[{"@type":"Article","@id":"https:\/\/newsestlyonnais.fr\/site\/2021\/04\/24\/asul-vaulx-en-velin-handball-on-sattend-a-une-grosse-perte-financiere-cote-partenariat-et-licences\/#article","isPartOf":{"@id":"https:\/\/newsestlyonnais.fr\/site\/2021\/04\/24\/asul-vaulx-en-velin-handball-on-sattend-a-une-grosse-perte-financiere-cote-partenariat-et-licences\/"},"author":{"name":"R\u00e9dac. NEWS","@id":"https:\/\/newsestlyonnais.fr\/site\/#\/schema\/person\/3230d5615f390bb808365d673001e887"},"headline":"Asul Vaulx Hand | \u00ab\u00a0on s&rsquo;attend \u00e0 une grosse perte financi\u00e8re c\u00f4t\u00e9 partenariat et licences \u00ab\u00a0","datePublished":"2021-04-24T07:43:45+00:00","dateModified":"2021-04-26T07:53:49+00:00","mainEntityOfPage":{"@id":"https:\/\/newsestlyonnais.fr\/site\/2021\/04\/24\/asul-vaulx-en-velin-handball-on-sattend-a-une-grosse-perte-financiere-cote-partenariat-et-licences\/"},"wordCount":269,"commentCount":0,"publisher":{"@id":"https:\/\/newsestlyonnais.fr\/site\/#organization"},"image":{"@id":"https:\/\/newsestlyonnais.fr\/site\/2021\/04\/24\/asul-vaulx-en-velin-handball-on-sattend-a-une-grosse-perte-financiere-cote-partenariat-et-licences\/#primaryimage"},"thumbnailUrl":"https:\/\/newsestlyonnais.fr\/site\/wp-content\/uploads\/2021\/04\/175906321_2850450968531434_6586887575765373054_n.jpg","keywords":["ASUL VAULX HAND","FEMININES","HANDBALL","VAULX EN VELIN"],"articleSection":["1 jour, 1 association","Basket | Hand | Volley","F\u00e9minin (Actu au)","Hand","Vaulx-en-Velin"],"inLanguage":"fr-FR","potentialAction":[{"@type":"CommentAction","name":"Comment","target":["https:\/\/newsestlyonnais.fr\/site\/2021\/04\/24\/asul-vaulx-en-velin-handball-on-sattend-a-une-grosse-perte-financiere-cote-partenariat-et-licences\/#respond"]}]},{"@type":"WebPage","@id":"https:\/\/newsestlyonnais.fr\/site\/2021\/04\/24\/asul-vaulx-en-velin-handball-on-sattend-a-une-grosse-perte-financiere-cote-partenariat-et-licences\/","url":"https:\/\/newsestlyonnais.fr\/site\/2021\/04\/24\/asul-vaulx-en-velin-handball-on-sattend-a-une-grosse-perte-financiere-cote-partenariat-et-licences\/","name":"Asul Vaulx Hand | \"on s'attend \u00e0 une grosse perte financi\u00e8re c\u00f4t\u00e9 partenariat et licences \" - News Est Lyonnais","isPartOf":{"@id":"https:\/\/newsestlyonnais.fr\/site\/#website"},"primaryImageOfPage":{"@id":"https:\/\/newsestlyonnais.fr\/site\/2021\/04\/24\/asul-vaulx-en-velin-handball-on-sattend-a-une-grosse-perte-financiere-cote-partenariat-et-licences\/#primaryimage"},"image":{"@id":"https:\/\/newsestlyonnais.fr\/site\/2021\/04\/24\/asul-vaulx-en-velin-handball-on-sattend-a-une-grosse-perte-financiere-cote-partenariat-et-licences\/#primaryimage"},"thumbnailUrl":"https:\/\/newsestlyonnais.fr\/site\/wp-content\/uploads\/2021\/04\/175906321_2850450968531434_6586887575765373054_n.jpg","datePublished":"2021-04-24T07:43:45+00:00","dateModified":"2021-04-26T07:53:49+00:00","description":"ASUL Vaulx-en-Velin Handball | \"on s'attend \u00e0 une grosse perte financi\u00e8re c\u00f4t\u00e9 partenariat et licences \"","breadcrumb":{"@id":"https:\/\/newsestlyonnais.fr\/site\/2021\/04\/24\/asul-vaulx-en-velin-handball-on-sattend-a-une-grosse-perte-financiere-cote-partenariat-et-licences\/#breadcrumb"},"inLanguage":"fr-FR","potentialAction":[{"@type":"ReadAction","target":["https:\/\/newsestlyonnais.fr\/site\/2021\/04\/24\/asul-vaulx-en-velin-handball-on-sattend-a-une-grosse-perte-financiere-cote-partenariat-et-licences\/"]}]},{"@type":"ImageObject","inLanguage":"fr-FR","@id":"https:\/\/newsestlyonnais.fr\/site\/2021\/04\/24\/asul-vaulx-en-velin-handball-on-sattend-a-une-grosse-perte-financiere-cote-partenariat-et-licences\/#primaryimage","url":"https:\/\/newsestlyonnais.fr\/site\/wp-content\/uploads\/2021\/04\/175906321_2850450968531434_6586887575765373054_n.jpg","contentUrl":"https:\/\/newsestlyonnais.fr\/site\/wp-content\/uploads\/2021\/04\/175906321_2850450968531434_6586887575765373054_n.jpg","width":1200,"height":801},{"@type":"BreadcrumbList","@id":"https:\/\/newsestlyonnais.fr\/site\/2021\/04\/24\/asul-vaulx-en-velin-handball-on-sattend-a-une-grosse-perte-financiere-cote-partenariat-et-licences\/#breadcrumb","itemListElement":[{"@type":"ListItem","position":1,"name":"Accueil","item":"https:\/\/newsestlyonnais.fr\/site\/"},{"@type":"ListItem","position":2,"name":"Asul Vaulx Hand | \u00ab\u00a0on s&rsquo;attend \u00e0 une grosse perte financi\u00e8re c\u00f4t\u00e9 partenariat et licences \u00ab\u00a0"}]},{"@type":"WebSite","@id":"https:\/\/newsestlyonnais.fr\/site\/#website","url":"https:\/\/newsestlyonnais.fr\/site\/","name":"News Est Lyonnais","description":"L&#039;actualit\u00e9 au plus pr\u00e8s","publisher":{"@id":"https:\/\/newsestlyonnais.fr\/site\/#organization"},"potentialAction":[{"@type":"SearchAction","target":{"@type":"EntryPoint","urlTemplate":"https:\/\/newsestlyonnais.fr\/site\/?s={search_term_string}"},"query-input":{"@type":"PropertyValueSpecification","valueRequired":true,"valueName":"search_term_string"}}],"inLanguage":"fr-FR"},{"@type":"Organization","@id":"https:\/\/newsestlyonnais.fr\/site\/#organization","name":"News EST LYONNAIS","url":"https:\/\/newsestlyonnais.fr\/site\/","logo":{"@type":"ImageObject","inLanguage":"fr-FR","@id":"https:\/\/newsestlyonnais.fr\/site\/#\/schema\/logo\/image\/","url":"","contentUrl":"","caption":"News EST LYONNAIS"},"image":{"@id":"https:\/\/newsestlyonnais.fr\/site\/#\/schema\/logo\/image\/"}},{"@type":"Person","@id":"https:\/\/newsestlyonnais.fr\/site\/#\/schema\/person\/3230d5615f390bb808365d673001e887","name":"R\u00e9dac. NEWS","sameAs":["http:\/\/www.newsestlyonnais.fr","https:\/\/www.facebook.com\/pascal.oberson.1?fref=ts","https:\/\/fr.linkedin.com\/in\/pascal-oberson-b17045113"],"url":"https:\/\/newsestlyonnais.fr\/site\/author\/nel\/"}]}},"_links":{"self":[{"href":"https:\/\/newsestlyonnais.fr\/site\/wp-json\/wp\/v2\/posts\/128985","targetHints":{"allow":["GET"]}}],"collection":[{"href":"https:\/\/newsestlyonnais.fr\/site\/wp-json\/wp\/v2\/posts"}],"about":[{"href":"https:\/\/newsestlyonnais.fr\/site\/wp-json\/wp\/v2\/types\/post"}],"author":[{"embeddable":true,"href":"https:\/\/newsestlyonnais.fr\/site\/wp-json\/wp\/v2\/users\/4"}],"replies":[{"embeddable":true,"href":"https:\/\/newsestlyonnais.fr\/site\/wp-json\/wp\/v2\/comments?post=128985"}],"version-history":[{"count":0,"href":"https:\/\/newsestlyonnais.fr\/site\/wp-json\/wp\/v2\/posts\/128985\/revisions"}],"wp:featuredmedia":[{"embeddable":true,"href":"https:\/\/newsestlyonnais.fr\/site\/wp-json\/wp\/v2\/media\/129001"}],"wp:attachment":[{"href":"https:\/\/newsestlyonnais.fr\/site\/wp-json\/wp\/v2\/media?parent=128985"}],"wp:term":[{"taxonomy":"category","embeddable":true,"href":"https:\/\/newsestlyonnais.fr\/site\/wp-json\/wp\/v2\/categories?post=128985"},{"taxonomy":"post_tag","embeddable":true,"href":"https:\/\/newsestlyonnais.fr\/site\/wp-json\/wp\/v2\/tags?post=128985"}],"curies":[{"name":"wp","href":"https:\/\/api.w.org\/{rel}","templated":true}]}}