{"id":129288,"date":"2021-05-01T07:05:05","date_gmt":"2021-05-01T06:05:05","guid":{"rendered":"https:\/\/newsestlyonnais.fr\/site\/?p=129288"},"modified":"2021-05-07T07:38:03","modified_gmt":"2021-05-07T06:38:03","slug":"france-services-19-espaces-dans-le-rhone-et-la-metropole-de-lyon","status":"publish","type":"post","link":"https:\/\/newsestlyonnais.fr\/site\/2021\/05\/01\/france-services-19-espaces-dans-le-rhone-et-la-metropole-de-lyon\/","title":{"rendered":"France Services | 19 espaces dans le Rh\u00f4ne et la M\u00e9tropole de Lyon"},"content":{"rendered":"<p class=\" text-justify\"><strong><span style=\"text-decoration: underline;\">Services disponibles<\/span> :<\/strong><\/p>\n<p class=\" text-justify\"><strong>D\u00e9marches administratives<\/strong> li\u00e9es \u00e0 la situation fiscale, la sant\u00e9, la famille, la retraite ou l\u2019emploi\u2026 dans chaque <i>France Services<\/i>, il est possible de solliciter les services de l&rsquo;\u00c9tat et de ses partenaires :<\/p>\n<ul>\n<li>La Direction g\u00e9n\u00e9rale des finances publiques<\/li>\n<li>Le minist\u00e8re de l\u2019Int\u00e9rieur<\/li>\n<li>Le minist\u00e8re de la Justice<\/li>\n<li>La Poste<\/li>\n<li>P\u00f4le emploi<\/li>\n<li>La Caisse nationale des allocations familiales<\/li>\n<li>L&rsquo;assurance maladie (CPAM)<\/li>\n<li>L&rsquo;assurance retraite<\/li>\n<li>La mutualit\u00e9 sociale agricole (MSA)<\/li>\n<\/ul>\n<hr \/>\n<p class=\" text-justify\"><span style=\"text-decoration: underline;\"><b>Un lieu unique pour r\u00e9pondre aux besoins des usagers dans leurs d\u00e9marches<\/b><\/span><\/p>\n<p class=\" text-justify\">Dans un espace <i>France Services<\/i>, l\u2019usager est accueilli et pris en charge par un agent pour le guider. Dans un lieu unique, il obtient des informations sur l\u2019ensemble des op\u00e9rateurs et peut effectuer ses d\u00e9marches administratives simples relevant des diff\u00e9rentes administrations ou organismes publics.<\/p>\n<hr \/>\n<p class=\" text-justify\"><span style=\"text-decoration: underline;\"><strong>La liste des espaces France Services dans le Rh\u00f4ne et la M\u00e9tropole de Lyon :<br \/>\n<\/strong><\/span><\/p>\n<ul>\n<li><strong><span dir=\"ltr\">AMPLEPUIS <\/span><\/strong><span dir=\"ltr\">: <\/span><span dir=\"ltr\">France Services PIMMS (place de la gare)<\/span><\/li>\n<li><strong><span dir=\"ltr\">BEAUJEU <\/span><\/strong><span dir=\"ltr\">: France Services Maison du Rh\u00f4ne (35 rue de la Chapelle du Prince)<\/span><\/li>\n<li><strong><span dir=\"ltr\">BRON <\/span><\/strong><span dir=\"ltr\">: France Services <\/span><span dir=\"ltr\">PIMMS (58 rue Marcel Bramet) <\/span><\/li>\n<li><strong><span dir=\"ltr\">CHAPONOST <\/span><\/strong><span dir=\"ltr\">: <\/span><span dir=\"ltr\">France Services Maison du Rh\u00f4ne (2 route des Troques)<\/span><\/li>\n<li><strong><span dir=\"ltr\">FLEURIE <\/span><\/strong><span dir=\"ltr\">: France Services la Poste<\/span><span dir=\"ltr\"> (rue Wettolstein)<\/span><\/li>\n<li><strong><span dir=\"ltr\">GIVORS <\/span><\/strong><span dir=\"ltr\">: France Services <\/span><span dir=\"ltr\">(6 rue Jacques Pr\u00e9vert) <\/span><\/li>\n<li><span dir=\"ltr\"><strong>LYON Etats Unis (8\u00b0)<\/strong> <\/span><span dir=\"ltr\">: <\/span><span dir=\"ltr\">France Services PIMMS (14 rue des Serpolli\u00e8res)<\/span><\/li>\n<li><strong><span dir=\"ltr\">LYON Mermoz (8\u00b0) <\/span><\/strong><span dir=\"ltr\">:<\/span><span dir=\"ltr\"> France Services PIMMS (34 rue de Narvick) <\/span><\/li>\n<li><strong><span dir=\"ltr\">LYON Vaise (9\u00b0) <\/span><\/strong><span dir=\"ltr\">: <\/span><span dir=\"ltr\"> France Services PIMMS (5 place Dumas de Loire) <\/span><\/li>\n<li><strong><span dir=\"ltr\">MONSOLS <\/span><\/strong><span dir=\"ltr\">: <\/span><span dir=\"ltr\">France Services La Poste (place de la fontaine)<\/span><\/li>\n<li><strong><span dir=\"ltr\">MORNANT <\/span><\/strong><span dir=\"ltr\">: <\/span><span dir=\"ltr\">France Services Pays Mornantais (50 avenue du pays Mornantais)<\/span><\/li>\n<li><span dir=\"ltr\"><strong>RILLIEUX-LA-PAPE<\/strong> <\/span><span dir=\"ltr\">: <\/span><span dir=\"ltr\">France Services PIMMS (62 avenue de l\u2019Europe)<\/span><\/li>\n<li><strong><span dir=\"ltr\">SAINT-LAURENT-DE-CHAMOUSSET <\/span><\/strong><span dir=\"ltr\">:<\/span><span dir=\"ltr\"> France <\/span><span dir=\"ltr\">Services Monts du Lyonnais (122 <\/span><span dir=\"ltr\">avenue des 4 cantons) <\/span><\/li>\n<li><strong><span dir=\"ltr\">SAINT-SYMPHORIEN-SUR-COISE <\/span><\/strong><span dir=\"ltr\">: <\/span><span dir=\"ltr\">France Services Monts du Lyonnais (57 rue des <\/span><span dir=\"ltr\">Tanneries)<\/span><\/li>\n<li><strong><span dir=\"ltr\">THIZY LES BOURGS <\/span><\/strong><span dir=\"ltr\">: <\/span><span dir=\"ltr\">France Services<\/span><\/li>\n<li><strong><span dir=\"ltr\">VAUGNERAY <\/span><\/strong><span dir=\"ltr\">: <\/span><span dir=\"ltr\">France Services (5 place du march\u00e9)<\/span><\/li>\n<li><strong><span dir=\"ltr\">VAULX-EN-VELIN <\/span><\/strong><span dir=\"ltr\">: <\/span><span dir=\"ltr\">France Services <\/span><span dir=\"ltr\">PIMMS (47 avenue Roger Salengro) <\/span><\/li>\n<li><strong><span dir=\"ltr\">VILLEURBANNE <\/span><\/strong><span dir=\"ltr\">: <\/span><span dir=\"ltr\">France Services PIMMS (37 rue du 8 mai 1945) <\/span><\/li>\n<li><span dir=\"ltr\"><strong>VILLEFRANCHE-SUR-SAON<\/strong>E <\/span><span dir=\"ltr\">: <\/span><span dir=\"ltr\"> France Services PIMMS (40 place Laurent Bonnevay)<\/span><\/li>\n<\/ul>\n<hr \/>\n<div class=\"paragraph paragraph--type--key-figures paragraph--view-mode--default\">\n<div class=\"key-figure\">\n<p class=\"content\"><span style=\"font-size: 14pt;\"><span style=\"text-decoration: underline;\"><strong><em>NOTA<\/em><\/strong><\/span> : 1304 \u00a0\u00bb France services\u00a0\u00bb labellis\u00e9es au 1\u00b0 avril 2021 dont 15 dans l&rsquo;<span style=\"color: #0000ff;\"><a style=\"color: #0000ff;\" href=\"https:\/\/lannuaire.service-public.fr\/navigation\/auvergne-rhone-alpes\/ain\/msap\">Ain<\/a><\/span>, 14 en <span style=\"color: #0000ff;\"><a style=\"color: #0000ff;\" href=\"https:\/\/lannuaire.service-public.fr\/navigation\/auvergne-rhone-alpes\/isere\/msap\">Is\u00e8re<\/a><\/span> et 14 dans la <span style=\"color: #0000ff;\"><a style=\"color: #0000ff;\" href=\"https:\/\/lannuaire.service-public.fr\/navigation\/auvergne-rhone-alpes\/loire\/msap\">Loire<\/a><\/span>.<br \/>\n<\/span><\/p>\n<hr \/>\n<hr \/>\n<p>&nbsp;<\/p>\n<\/div>\n<\/div>\n","protected":false},"excerpt":{"rendered":"<p>Il permet d\u2019acc\u00e9der \u00e0 une large palette de services et d\u2019aide aux d\u00e9marches du quotidien.<\/p>\n","protected":false},"author":4,"featured_media":129290,"comment_status":"open","ping_status":"open","sticky":false,"template":"","format":"standard","meta":{"footnotes":""},"categories":[156,19,164,1625,309,1623,28,29],"tags":[3735,2642],"class_list":["post-129288","post","type-post","status-publish","format-standard","has-post-thumbnail","hentry","category-ain","category-bron","category-isere","category-lyon","category-pratique","category-rillieux-la-pape","category-vaulx-en-velin","category-villeurbanne","tag-france-services","tag-metropole-de-lyon"],"yoast_head":"<!-- This site is optimized with the Yoast SEO plugin v27.2 - https:\/\/yoast.com\/product\/yoast-seo-wordpress\/ -->\n<title>France Services | 19 espaces dans le Rh\u00f4ne et la M\u00e9tropole de Lyon - News Est Lyonnais<\/title>\n<meta name=\"description\" content=\"19 espaces dans le Rh\u00f4ne et la M\u00e9tropole de Lyon\" \/>\n<meta name=\"robots\" content=\"index, follow, max-snippet:-1, max-image-preview:large, max-video-preview:-1\" \/>\n<link rel=\"canonical\" href=\"https:\/\/newsestlyonnais.fr\/site\/2021\/05\/01\/france-services-19-espaces-dans-le-rhone-et-la-metropole-de-lyon\/\" \/>\n<meta property=\"og:locale\" content=\"fr_FR\" \/>\n<meta property=\"og:type\" content=\"article\" \/>\n<meta property=\"og:title\" content=\"France Services | 19 espaces dans le Rh\u00f4ne et la M\u00e9tropole de Lyon - News Est Lyonnais\" \/>\n<meta property=\"og:description\" content=\"19 espaces dans le Rh\u00f4ne et la M\u00e9tropole de Lyon\" \/>\n<meta property=\"og:url\" content=\"https:\/\/newsestlyonnais.fr\/site\/2021\/05\/01\/france-services-19-espaces-dans-le-rhone-et-la-metropole-de-lyon\/\" \/>\n<meta property=\"og:site_name\" content=\"News Est Lyonnais\" \/>\n<meta property=\"article:author\" content=\"https:\/\/www.facebook.com\/pascal.oberson.1?fref=ts\" \/>\n<meta property=\"article:published_time\" content=\"2021-05-01T06:05:05+00:00\" \/>\n<meta property=\"article:modified_time\" content=\"2021-05-07T06:38:03+00:00\" \/>\n<meta property=\"og:image\" content=\"https:\/\/i0.wp.com\/newsestlyonnais.fr\/site\/wp-content\/uploads\/2021\/04\/Le-reseau-des-espaces-France-Services-dans-le-Rhone_large.png?fit=335%2C188&ssl=1\" \/>\n\t<meta property=\"og:image:width\" content=\"335\" \/>\n\t<meta property=\"og:image:height\" content=\"188\" \/>\n\t<meta property=\"og:image:type\" content=\"image\/png\" \/>\n<meta name=\"author\" content=\"R\u00e9dac. NEWS\" \/>\n<meta name=\"twitter:card\" content=\"summary_large_image\" \/>\n<meta name=\"twitter:label1\" content=\"\u00c9crit par\" \/>\n\t<meta name=\"twitter:data1\" content=\"R\u00e9dac. NEWS\" \/>\n\t<meta name=\"twitter:label2\" content=\"Dur\u00e9e de lecture estim\u00e9e\" \/>\n\t<meta name=\"twitter:data2\" content=\"2 minutes\" \/>\n<script type=\"application\/ld+json\" class=\"yoast-schema-graph\">{\"@context\":\"https:\/\/schema.org\",\"@graph\":[{\"@type\":\"Article\",\"@id\":\"https:\/\/newsestlyonnais.fr\/site\/2021\/05\/01\/france-services-19-espaces-dans-le-rhone-et-la-metropole-de-lyon\/#article\",\"isPartOf\":{\"@id\":\"https:\/\/newsestlyonnais.fr\/site\/2021\/05\/01\/france-services-19-espaces-dans-le-rhone-et-la-metropole-de-lyon\/\"},\"author\":{\"name\":\"R\u00e9dac. NEWS\",\"@id\":\"https:\/\/newsestlyonnais.fr\/site\/#\/schema\/person\/3230d5615f390bb808365d673001e887\"},\"headline\":\"France Services | 19 espaces dans le Rh\u00f4ne et la M\u00e9tropole de Lyon\",\"datePublished\":\"2021-05-01T06:05:05+00:00\",\"dateModified\":\"2021-05-07T06:38:03+00:00\",\"mainEntityOfPage\":{\"@id\":\"https:\/\/newsestlyonnais.fr\/site\/2021\/05\/01\/france-services-19-espaces-dans-le-rhone-et-la-metropole-de-lyon\/\"},\"wordCount\":347,\"commentCount\":0,\"publisher\":{\"@id\":\"https:\/\/newsestlyonnais.fr\/site\/#organization\"},\"image\":{\"@id\":\"https:\/\/newsestlyonnais.fr\/site\/2021\/05\/01\/france-services-19-espaces-dans-le-rhone-et-la-metropole-de-lyon\/#primaryimage\"},\"thumbnailUrl\":\"https:\/\/newsestlyonnais.fr\/site\/wp-content\/uploads\/2021\/04\/Le-reseau-des-espaces-France-Services-dans-le-Rhone_large.png\",\"keywords\":[\"France Services\",\"M\u00e9tropole de Lyon\"],\"articleSection\":[\"Ain (01)\",\"Bron\",\"Is\u00e8re (38)\",\"Lyon\",\"Pratique\",\"Rillieux-la-Pape\",\"Vaulx-en-Velin\",\"Villeurbanne\"],\"inLanguage\":\"fr-FR\",\"potentialAction\":[{\"@type\":\"CommentAction\",\"name\":\"Comment\",\"target\":[\"https:\/\/newsestlyonnais.fr\/site\/2021\/05\/01\/france-services-19-espaces-dans-le-rhone-et-la-metropole-de-lyon\/#respond\"]}]},{\"@type\":\"WebPage\",\"@id\":\"https:\/\/newsestlyonnais.fr\/site\/2021\/05\/01\/france-services-19-espaces-dans-le-rhone-et-la-metropole-de-lyon\/\",\"url\":\"https:\/\/newsestlyonnais.fr\/site\/2021\/05\/01\/france-services-19-espaces-dans-le-rhone-et-la-metropole-de-lyon\/\",\"name\":\"France Services | 19 espaces dans le Rh\u00f4ne et la M\u00e9tropole de Lyon - News Est Lyonnais\",\"isPartOf\":{\"@id\":\"https:\/\/newsestlyonnais.fr\/site\/#website\"},\"primaryImageOfPage\":{\"@id\":\"https:\/\/newsestlyonnais.fr\/site\/2021\/05\/01\/france-services-19-espaces-dans-le-rhone-et-la-metropole-de-lyon\/#primaryimage\"},\"image\":{\"@id\":\"https:\/\/newsestlyonnais.fr\/site\/2021\/05\/01\/france-services-19-espaces-dans-le-rhone-et-la-metropole-de-lyon\/#primaryimage\"},\"thumbnailUrl\":\"https:\/\/newsestlyonnais.fr\/site\/wp-content\/uploads\/2021\/04\/Le-reseau-des-espaces-France-Services-dans-le-Rhone_large.png\",\"datePublished\":\"2021-05-01T06:05:05+00:00\",\"dateModified\":\"2021-05-07T06:38:03+00:00\",\"description\":\"19 espaces dans le Rh\u00f4ne et la M\u00e9tropole de Lyon\",\"breadcrumb\":{\"@id\":\"https:\/\/newsestlyonnais.fr\/site\/2021\/05\/01\/france-services-19-espaces-dans-le-rhone-et-la-metropole-de-lyon\/#breadcrumb\"},\"inLanguage\":\"fr-FR\",\"potentialAction\":[{\"@type\":\"ReadAction\",\"target\":[\"https:\/\/newsestlyonnais.fr\/site\/2021\/05\/01\/france-services-19-espaces-dans-le-rhone-et-la-metropole-de-lyon\/\"]}]},{\"@type\":\"ImageObject\",\"inLanguage\":\"fr-FR\",\"@id\":\"https:\/\/newsestlyonnais.fr\/site\/2021\/05\/01\/france-services-19-espaces-dans-le-rhone-et-la-metropole-de-lyon\/#primaryimage\",\"url\":\"https:\/\/newsestlyonnais.fr\/site\/wp-content\/uploads\/2021\/04\/Le-reseau-des-espaces-France-Services-dans-le-Rhone_large.png\",\"contentUrl\":\"https:\/\/newsestlyonnais.fr\/site\/wp-content\/uploads\/2021\/04\/Le-reseau-des-espaces-France-Services-dans-le-Rhone_large.png\",\"width\":335,\"height\":188},{\"@type\":\"BreadcrumbList\",\"@id\":\"https:\/\/newsestlyonnais.fr\/site\/2021\/05\/01\/france-services-19-espaces-dans-le-rhone-et-la-metropole-de-lyon\/#breadcrumb\",\"itemListElement\":[{\"@type\":\"ListItem\",\"position\":1,\"name\":\"Accueil\",\"item\":\"https:\/\/newsestlyonnais.fr\/site\/\"},{\"@type\":\"ListItem\",\"position\":2,\"name\":\"France Services | 19 espaces dans le Rh\u00f4ne et la M\u00e9tropole de Lyon\"}]},{\"@type\":\"WebSite\",\"@id\":\"https:\/\/newsestlyonnais.fr\/site\/#website\",\"url\":\"https:\/\/newsestlyonnais.fr\/site\/\",\"name\":\"News Est Lyonnais\",\"description\":\"L&#039;actualit\u00e9 au plus pr\u00e8s\",\"publisher\":{\"@id\":\"https:\/\/newsestlyonnais.fr\/site\/#organization\"},\"potentialAction\":[{\"@type\":\"SearchAction\",\"target\":{\"@type\":\"EntryPoint\",\"urlTemplate\":\"https:\/\/newsestlyonnais.fr\/site\/?s={search_term_string}\"},\"query-input\":{\"@type\":\"PropertyValueSpecification\",\"valueRequired\":true,\"valueName\":\"search_term_string\"}}],\"inLanguage\":\"fr-FR\"},{\"@type\":\"Organization\",\"@id\":\"https:\/\/newsestlyonnais.fr\/site\/#organization\",\"name\":\"News EST LYONNAIS\",\"url\":\"https:\/\/newsestlyonnais.fr\/site\/\",\"logo\":{\"@type\":\"ImageObject\",\"inLanguage\":\"fr-FR\",\"@id\":\"https:\/\/newsestlyonnais.fr\/site\/#\/schema\/logo\/image\/\",\"url\":\"\",\"contentUrl\":\"\",\"caption\":\"News EST LYONNAIS\"},\"image\":{\"@id\":\"https:\/\/newsestlyonnais.fr\/site\/#\/schema\/logo\/image\/\"}},{\"@type\":\"Person\",\"@id\":\"https:\/\/newsestlyonnais.fr\/site\/#\/schema\/person\/3230d5615f390bb808365d673001e887\",\"name\":\"R\u00e9dac. NEWS\",\"sameAs\":[\"http:\/\/www.newsestlyonnais.fr\",\"https:\/\/www.facebook.com\/pascal.oberson.1?fref=ts\",\"https:\/\/fr.linkedin.com\/in\/pascal-oberson-b17045113\"],\"url\":\"https:\/\/newsestlyonnais.fr\/site\/author\/nel\/\"}]}<\/script>\n<!-- \/ Yoast SEO plugin. -->","yoast_head_json":{"title":"France Services | 19 espaces dans le Rh\u00f4ne et la M\u00e9tropole de Lyon - News Est Lyonnais","description":"19 espaces dans le Rh\u00f4ne et la M\u00e9tropole de Lyon","robots":{"index":"index","follow":"follow","max-snippet":"max-snippet:-1","max-image-preview":"max-image-preview:large","max-video-preview":"max-video-preview:-1"},"canonical":"https:\/\/newsestlyonnais.fr\/site\/2021\/05\/01\/france-services-19-espaces-dans-le-rhone-et-la-metropole-de-lyon\/","og_locale":"fr_FR","og_type":"article","og_title":"France Services | 19 espaces dans le Rh\u00f4ne et la M\u00e9tropole de Lyon - News Est Lyonnais","og_description":"19 espaces dans le Rh\u00f4ne et la M\u00e9tropole de Lyon","og_url":"https:\/\/newsestlyonnais.fr\/site\/2021\/05\/01\/france-services-19-espaces-dans-le-rhone-et-la-metropole-de-lyon\/","og_site_name":"News Est Lyonnais","article_author":"https:\/\/www.facebook.com\/pascal.oberson.1?fref=ts","article_published_time":"2021-05-01T06:05:05+00:00","article_modified_time":"2021-05-07T06:38:03+00:00","og_image":[{"width":335,"height":188,"url":"https:\/\/i0.wp.com\/newsestlyonnais.fr\/site\/wp-content\/uploads\/2021\/04\/Le-reseau-des-espaces-France-Services-dans-le-Rhone_large.png?fit=335%2C188&ssl=1","type":"image\/png"}],"author":"R\u00e9dac. NEWS","twitter_card":"summary_large_image","twitter_misc":{"\u00c9crit par":"R\u00e9dac. NEWS","Dur\u00e9e de lecture estim\u00e9e":"2 minutes"},"schema":{"@context":"https:\/\/schema.org","@graph":[{"@type":"Article","@id":"https:\/\/newsestlyonnais.fr\/site\/2021\/05\/01\/france-services-19-espaces-dans-le-rhone-et-la-metropole-de-lyon\/#article","isPartOf":{"@id":"https:\/\/newsestlyonnais.fr\/site\/2021\/05\/01\/france-services-19-espaces-dans-le-rhone-et-la-metropole-de-lyon\/"},"author":{"name":"R\u00e9dac. NEWS","@id":"https:\/\/newsestlyonnais.fr\/site\/#\/schema\/person\/3230d5615f390bb808365d673001e887"},"headline":"France Services | 19 espaces dans le Rh\u00f4ne et la M\u00e9tropole de Lyon","datePublished":"2021-05-01T06:05:05+00:00","dateModified":"2021-05-07T06:38:03+00:00","mainEntityOfPage":{"@id":"https:\/\/newsestlyonnais.fr\/site\/2021\/05\/01\/france-services-19-espaces-dans-le-rhone-et-la-metropole-de-lyon\/"},"wordCount":347,"commentCount":0,"publisher":{"@id":"https:\/\/newsestlyonnais.fr\/site\/#organization"},"image":{"@id":"https:\/\/newsestlyonnais.fr\/site\/2021\/05\/01\/france-services-19-espaces-dans-le-rhone-et-la-metropole-de-lyon\/#primaryimage"},"thumbnailUrl":"https:\/\/newsestlyonnais.fr\/site\/wp-content\/uploads\/2021\/04\/Le-reseau-des-espaces-France-Services-dans-le-Rhone_large.png","keywords":["France Services","M\u00e9tropole de Lyon"],"articleSection":["Ain (01)","Bron","Is\u00e8re (38)","Lyon","Pratique","Rillieux-la-Pape","Vaulx-en-Velin","Villeurbanne"],"inLanguage":"fr-FR","potentialAction":[{"@type":"CommentAction","name":"Comment","target":["https:\/\/newsestlyonnais.fr\/site\/2021\/05\/01\/france-services-19-espaces-dans-le-rhone-et-la-metropole-de-lyon\/#respond"]}]},{"@type":"WebPage","@id":"https:\/\/newsestlyonnais.fr\/site\/2021\/05\/01\/france-services-19-espaces-dans-le-rhone-et-la-metropole-de-lyon\/","url":"https:\/\/newsestlyonnais.fr\/site\/2021\/05\/01\/france-services-19-espaces-dans-le-rhone-et-la-metropole-de-lyon\/","name":"France Services | 19 espaces dans le Rh\u00f4ne et la M\u00e9tropole de Lyon - News Est Lyonnais","isPartOf":{"@id":"https:\/\/newsestlyonnais.fr\/site\/#website"},"primaryImageOfPage":{"@id":"https:\/\/newsestlyonnais.fr\/site\/2021\/05\/01\/france-services-19-espaces-dans-le-rhone-et-la-metropole-de-lyon\/#primaryimage"},"image":{"@id":"https:\/\/newsestlyonnais.fr\/site\/2021\/05\/01\/france-services-19-espaces-dans-le-rhone-et-la-metropole-de-lyon\/#primaryimage"},"thumbnailUrl":"https:\/\/newsestlyonnais.fr\/site\/wp-content\/uploads\/2021\/04\/Le-reseau-des-espaces-France-Services-dans-le-Rhone_large.png","datePublished":"2021-05-01T06:05:05+00:00","dateModified":"2021-05-07T06:38:03+00:00","description":"19 espaces dans le Rh\u00f4ne et la M\u00e9tropole de Lyon","breadcrumb":{"@id":"https:\/\/newsestlyonnais.fr\/site\/2021\/05\/01\/france-services-19-espaces-dans-le-rhone-et-la-metropole-de-lyon\/#breadcrumb"},"inLanguage":"fr-FR","potentialAction":[{"@type":"ReadAction","target":["https:\/\/newsestlyonnais.fr\/site\/2021\/05\/01\/france-services-19-espaces-dans-le-rhone-et-la-metropole-de-lyon\/"]}]},{"@type":"ImageObject","inLanguage":"fr-FR","@id":"https:\/\/newsestlyonnais.fr\/site\/2021\/05\/01\/france-services-19-espaces-dans-le-rhone-et-la-metropole-de-lyon\/#primaryimage","url":"https:\/\/newsestlyonnais.fr\/site\/wp-content\/uploads\/2021\/04\/Le-reseau-des-espaces-France-Services-dans-le-Rhone_large.png","contentUrl":"https:\/\/newsestlyonnais.fr\/site\/wp-content\/uploads\/2021\/04\/Le-reseau-des-espaces-France-Services-dans-le-Rhone_large.png","width":335,"height":188},{"@type":"BreadcrumbList","@id":"https:\/\/newsestlyonnais.fr\/site\/2021\/05\/01\/france-services-19-espaces-dans-le-rhone-et-la-metropole-de-lyon\/#breadcrumb","itemListElement":[{"@type":"ListItem","position":1,"name":"Accueil","item":"https:\/\/newsestlyonnais.fr\/site\/"},{"@type":"ListItem","position":2,"name":"France Services | 19 espaces dans le Rh\u00f4ne et la M\u00e9tropole de Lyon"}]},{"@type":"WebSite","@id":"https:\/\/newsestlyonnais.fr\/site\/#website","url":"https:\/\/newsestlyonnais.fr\/site\/","name":"News Est Lyonnais","description":"L&#039;actualit\u00e9 au plus pr\u00e8s","publisher":{"@id":"https:\/\/newsestlyonnais.fr\/site\/#organization"},"potentialAction":[{"@type":"SearchAction","target":{"@type":"EntryPoint","urlTemplate":"https:\/\/newsestlyonnais.fr\/site\/?s={search_term_string}"},"query-input":{"@type":"PropertyValueSpecification","valueRequired":true,"valueName":"search_term_string"}}],"inLanguage":"fr-FR"},{"@type":"Organization","@id":"https:\/\/newsestlyonnais.fr\/site\/#organization","name":"News EST LYONNAIS","url":"https:\/\/newsestlyonnais.fr\/site\/","logo":{"@type":"ImageObject","inLanguage":"fr-FR","@id":"https:\/\/newsestlyonnais.fr\/site\/#\/schema\/logo\/image\/","url":"","contentUrl":"","caption":"News EST LYONNAIS"},"image":{"@id":"https:\/\/newsestlyonnais.fr\/site\/#\/schema\/logo\/image\/"}},{"@type":"Person","@id":"https:\/\/newsestlyonnais.fr\/site\/#\/schema\/person\/3230d5615f390bb808365d673001e887","name":"R\u00e9dac. NEWS","sameAs":["http:\/\/www.newsestlyonnais.fr","https:\/\/www.facebook.com\/pascal.oberson.1?fref=ts","https:\/\/fr.linkedin.com\/in\/pascal-oberson-b17045113"],"url":"https:\/\/newsestlyonnais.fr\/site\/author\/nel\/"}]}},"_links":{"self":[{"href":"https:\/\/newsestlyonnais.fr\/site\/wp-json\/wp\/v2\/posts\/129288","targetHints":{"allow":["GET"]}}],"collection":[{"href":"https:\/\/newsestlyonnais.fr\/site\/wp-json\/wp\/v2\/posts"}],"about":[{"href":"https:\/\/newsestlyonnais.fr\/site\/wp-json\/wp\/v2\/types\/post"}],"author":[{"embeddable":true,"href":"https:\/\/newsestlyonnais.fr\/site\/wp-json\/wp\/v2\/users\/4"}],"replies":[{"embeddable":true,"href":"https:\/\/newsestlyonnais.fr\/site\/wp-json\/wp\/v2\/comments?post=129288"}],"version-history":[{"count":0,"href":"https:\/\/newsestlyonnais.fr\/site\/wp-json\/wp\/v2\/posts\/129288\/revisions"}],"wp:featuredmedia":[{"embeddable":true,"href":"https:\/\/newsestlyonnais.fr\/site\/wp-json\/wp\/v2\/media\/129290"}],"wp:attachment":[{"href":"https:\/\/newsestlyonnais.fr\/site\/wp-json\/wp\/v2\/media?parent=129288"}],"wp:term":[{"taxonomy":"category","embeddable":true,"href":"https:\/\/newsestlyonnais.fr\/site\/wp-json\/wp\/v2\/categories?post=129288"},{"taxonomy":"post_tag","embeddable":true,"href":"https:\/\/newsestlyonnais.fr\/site\/wp-json\/wp\/v2\/tags?post=129288"}],"curies":[{"name":"wp","href":"https:\/\/api.w.org\/{rel}","templated":true}]}}