{"id":129368,"date":"2021-04-30T09:26:37","date_gmt":"2021-04-30T08:26:37","guid":{"rendered":"https:\/\/newsestlyonnais.fr\/site\/?p=129368"},"modified":"2021-04-30T09:27:24","modified_gmt":"2021-04-30T08:27:24","slug":"transports-le-sytral-engage-la-modernisation-du-systeme-de-billettique","status":"publish","type":"post","link":"https:\/\/newsestlyonnais.fr\/site\/2021\/04\/30\/transports-le-sytral-engage-la-modernisation-du-systeme-de-billettique\/","title":{"rendered":"TRANSPORTS | Le SYTRAL engage la modernisation du syst\u00e8me de billettique"},"content":{"rendered":"<p><span style=\"text-decoration: underline;\"><em><span dir=\"ltr\"><strong>Une mobilit\u00e9 connect\u00e9e pour des voyages simplifi\u00e9s<\/strong> <\/span><\/em><\/span><\/p>\n<p><span dir=\"ltr\">Le SYTRAL, qui s\u2019attache \u00e0 d\u00e9velopper sans cesse la qualit\u00e9 du service offert aux voyageurs afin de <\/span><span dir=\"ltr\">faciliter l\u2019acc\u00e8s des transports au quotidien, <\/span><span dir=\"ltr\">investit dans le d\u00e9veloppement de syst\u00e8mes performants <\/span><span dir=\"ltr\">et <\/span><span dir=\"ltr\">engage la modernisation du syst\u00e8me de billettique d<\/span><span dir=\"ltr\">u r\u00e9seau TCL.<\/span><\/p>\n<p><span dir=\"ltr\"><strong>Avant la refonte compl\u00e8te du syst\u00e8me de billettique en 2022<\/strong>, le <\/span><span dir=\"ltr\">SYTRAL <\/span><span dir=\"ltr\">engage une <\/span><span dir=\"ltr\">premi\u00e8re \u00e9tape <\/span><span dir=\"ltr\">avec le <\/span><span dir=\"ltr\">d\u00e9ploie<\/span><span dir=\"ltr\">ment de <\/span><span dir=\"ltr\">l\u2019open payment <\/span><span dir=\"ltr\">sur le r\u00e9seau TCL<\/span><span dir=\"ltr\">, dont le budget d\u2019\u00e9l\u00e8ve \u00e0 18 millions d\u2019euros.<\/span><\/p>\n<p><strong><span dir=\"ltr\">Les 4.000 nouveaux valideurs sont actue<\/span><span dir=\"ltr\">llement progressivement <\/span><\/strong><span dir=\"ltr\"><strong>d\u00e9ploy\u00e9s dans les bus et tramway, puis dans les stations de m\u00e9tro.<\/strong> <\/span><strong><span dir=\"ltr\">C<\/span><span dir=\"ltr\">e <\/span><span dir=\"ltr\">nouveau <\/span><span dir=\"ltr\">dispositif <\/span><\/strong><span dir=\"ltr\">innovant et <\/span><span dir=\"ltr\">connect\u00e9<\/span><span dir=\"ltr\">,<\/span><span dir=\"ltr\">\u00ab<\/span><span dir=\"ltr\">TCL c<\/span><span dir=\"ltr\">arte bancaire<\/span><span dir=\"ltr\">\u00bb <\/span><strong><span dir=\"ltr\">permettra <\/span><span dir=\"ltr\">aux voyageurs <\/span><span dir=\"ltr\">occasionnels <\/span><span dir=\"ltr\">d\u2019utiliser leur carte de <\/span><span dir=\"ltr\">paiement sans contact <\/span><\/strong><span dir=\"ltr\">en guise de titre de <\/span><span dir=\"ltr\">transport permettant un <\/span><span dir=\"ltr\">gain de temps et davantage de fluidit\u00e9.<\/span><\/p>\n<p><span dir=\"ltr\">\u00ab<\/span><strong><span dir=\"ltr\">Ce service sera disponible <\/span><span dir=\"ltr\">d\u00e8s l\u2019automne <\/span><\/strong><span dir=\"ltr\"><strong>2021<\/strong>. Notre objectif <\/span><span dir=\"ltr\">aujourd\u2019hui est de simplifier le parcours d\u2019achat et d\u2019offrir plus de <\/span><span dir=\"ltr\">libert\u00e9 aux usagers du r\u00e9seau TCL<\/span><span dir=\"ltr\">, <\/span><span dir=\"ltr\">en attendant l<\/span><span dir=\"ltr\">e renouvellement <\/span><span dir=\"ltr\">complet de la billettique en 2022, et la disparition des tickets <\/span><span dir=\"ltr\">magn\u00e9tiques au profit de tickets sans contact rechargeables <\/span><span dir=\"ltr\">\u00bb, <\/span><span dir=\"ltr\">annonce Bruno Bernard, pr\u00e9s<\/span><span dir=\"ltr\">ident du <\/span><span dir=\"ltr\">SYTRAL.<\/span><\/p>\n<hr \/>\n<p><span dir=\"ltr\">En novembre 2019, le SYTRAL a lanc\u00e9 un premier dispositif d\u00e9mat\u00e9rialis\u00e9<\/span><span dir=\"ltr\">: l\u2019application mobile TCL <\/span><span dir=\"ltr\">E<\/span><span dir=\"ltr\">&#8211;<\/span><span dir=\"ltr\">Ticket<\/span><span dir=\"ltr\">, permettant aux voyageurs du r\u00e9seau d\u2019<\/span><span dir=\"ltr\">acheter et valider leur ticket TCL en quelques clics, <\/span><span dir=\"ltr\">directement depuis leur <\/span><span dir=\"ltr\">smartphone. <\/span><span dir=\"ltr\">Largement pl\u00e9biscit\u00e9 par les utilisateurs, le servi<\/span><span dir=\"ltr\">c<\/span><span dir=\"ltr\">e enregistre <\/span><span dir=\"ltr\">plus d\u2019un million de validation<\/span><span dir=\"ltr\">s<\/span><span dir=\"ltr\"> depuis son lancement.<\/span><\/p>\n<hr \/>\n<p><em><span style=\"background-color: #ffffff; color: #000000; font-size: 10pt;\"><span style=\"font-size: 12pt; background-color: #ffffff;\"><span style=\"text-decoration: underline;\"><strong><span dir=\"ltr\">L\u2019open payment, c<\/span><\/strong><\/span><span dir=\"ltr\"><strong><span style=\"text-decoration: underline;\">omment \u00e7a marche<\/span> ?<\/strong> <\/span><\/span><\/span><\/em><\/p>\n<p><span style=\"background-color: #000000; color: #ffffff; font-size: 10pt;\"><span dir=\"ltr\">Les voyageurs pr\u00e9sentent leur carte de paiement dot\u00e9e de la technologie sans contact sur <\/span><span dir=\"ltr\">le valideur <\/span><span dir=\"ltr\">pour <\/span><span dir=\"ltr\">proc\u00e9der \u00e0 l\u2019achat. <\/span><\/span><\/p>\n<p><span style=\"background-color: #000000; color: #ffffff; font-size: 10pt;\"><span dir=\"ltr\">Une fois le paiement accept\u00e9, la carte de paiement se <\/span><span dir=\"ltr\">substitue au titre de transport<\/span><span dir=\"ltr\">. Le <\/span><span dir=\"ltr\">tarif est celui d&rsquo;un ticket classique (1<\/span><span dir=\"ltr\">,90 euro par trajet valable une heure) et ajust\u00e9 au nombre de voyages \u00e0 <\/span><span dir=\"ltr\">la journ\u00e9e. En cas de contr\u00f4le, la carte de paiement fait office de justificatif. <\/span><\/span><\/p>\n<p><span style=\"background-color: #000000; color: #ffffff; font-size: 10pt;\"><span dir=\"ltr\">A la fin de la journ\u00e9e, le <\/span><span dir=\"ltr\">pr\u00e9l\u00e8vement du montant des voyages effectu\u00e9s se fait directement sur le com<\/span><span dir=\"ltr\">pte bancaire de l\u2019usager.<\/span><\/span><\/p>\n<hr \/>\n<hr \/>\n<p>&nbsp;<\/p>\n","protected":false},"excerpt":{"rendered":"<p>Premi\u00e8re \u00e9tape avec le d\u00e9ploiement de l\u2019open payment sur le r\u00e9seau TCL, service qui sera disponible d\u00e8s l\u2019automne 2021.<\/p>\n","protected":false},"author":4,"featured_media":118325,"comment_status":"open","ping_status":"open","sticky":false,"template":"","format":"standard","meta":{"footnotes":""},"categories":[309,13],"tags":[2455,2051,2050],"class_list":["post-129368","post","type-post","status-publish","format-standard","has-post-thumbnail","hentry","category-pratique","category-transports-circulation","tag-sytral","tag-tcl","tag-transports"],"yoast_head":"<!-- This site is optimized with the Yoast SEO plugin v27.2 - https:\/\/yoast.com\/product\/yoast-seo-wordpress\/ -->\n<title>TRANSPORTS | Le SYTRAL engage la modernisation du syst\u00e8me de billettique - News Est Lyonnais<\/title>\n<meta name=\"description\" content=\"TRANSPORTS | Le SYTRAL engage la modernisation du syst\u00e8me de billettique\" \/>\n<meta name=\"robots\" content=\"index, follow, max-snippet:-1, max-image-preview:large, max-video-preview:-1\" \/>\n<link rel=\"canonical\" href=\"https:\/\/newsestlyonnais.fr\/site\/2021\/04\/30\/transports-le-sytral-engage-la-modernisation-du-systeme-de-billettique\/\" \/>\n<meta property=\"og:locale\" content=\"fr_FR\" \/>\n<meta property=\"og:type\" content=\"article\" \/>\n<meta property=\"og:title\" content=\"TRANSPORTS | Le SYTRAL engage la modernisation du syst\u00e8me de billettique - News Est Lyonnais\" \/>\n<meta property=\"og:description\" content=\"TRANSPORTS | Le SYTRAL engage la modernisation du syst\u00e8me de billettique\" \/>\n<meta property=\"og:url\" content=\"https:\/\/newsestlyonnais.fr\/site\/2021\/04\/30\/transports-le-sytral-engage-la-modernisation-du-systeme-de-billettique\/\" \/>\n<meta property=\"og:site_name\" content=\"News Est Lyonnais\" \/>\n<meta property=\"article:author\" content=\"https:\/\/www.facebook.com\/pascal.oberson.1?fref=ts\" \/>\n<meta property=\"article:published_time\" content=\"2021-04-30T08:26:37+00:00\" \/>\n<meta property=\"article:modified_time\" content=\"2021-04-30T08:27:24+00:00\" \/>\n<meta property=\"og:image\" content=\"https:\/\/i0.wp.com\/newsestlyonnais.fr\/site\/wp-content\/uploads\/2020\/11\/NEWSESTLYONNAIS-TRAM-TCL.jpg?fit=1200%2C675&ssl=1\" \/>\n\t<meta property=\"og:image:width\" content=\"1200\" \/>\n\t<meta property=\"og:image:height\" content=\"675\" \/>\n\t<meta property=\"og:image:type\" content=\"image\/jpeg\" \/>\n<meta name=\"author\" content=\"R\u00e9dac. NEWS\" \/>\n<meta name=\"twitter:card\" content=\"summary_large_image\" \/>\n<meta name=\"twitter:label1\" content=\"\u00c9crit par\" \/>\n\t<meta name=\"twitter:data1\" content=\"R\u00e9dac. NEWS\" \/>\n\t<meta name=\"twitter:label2\" content=\"Dur\u00e9e de lecture estim\u00e9e\" \/>\n\t<meta name=\"twitter:data2\" content=\"2 minutes\" \/>\n<script type=\"application\/ld+json\" class=\"yoast-schema-graph\">{\"@context\":\"https:\/\/schema.org\",\"@graph\":[{\"@type\":\"Article\",\"@id\":\"https:\/\/newsestlyonnais.fr\/site\/2021\/04\/30\/transports-le-sytral-engage-la-modernisation-du-systeme-de-billettique\/#article\",\"isPartOf\":{\"@id\":\"https:\/\/newsestlyonnais.fr\/site\/2021\/04\/30\/transports-le-sytral-engage-la-modernisation-du-systeme-de-billettique\/\"},\"author\":{\"name\":\"R\u00e9dac. NEWS\",\"@id\":\"https:\/\/newsestlyonnais.fr\/site\/#\/schema\/person\/3230d5615f390bb808365d673001e887\"},\"headline\":\"TRANSPORTS | Le SYTRAL engage la modernisation du syst\u00e8me de billettique\",\"datePublished\":\"2021-04-30T08:26:37+00:00\",\"dateModified\":\"2021-04-30T08:27:24+00:00\",\"mainEntityOfPage\":{\"@id\":\"https:\/\/newsestlyonnais.fr\/site\/2021\/04\/30\/transports-le-sytral-engage-la-modernisation-du-systeme-de-billettique\/\"},\"wordCount\":403,\"commentCount\":0,\"publisher\":{\"@id\":\"https:\/\/newsestlyonnais.fr\/site\/#organization\"},\"image\":{\"@id\":\"https:\/\/newsestlyonnais.fr\/site\/2021\/04\/30\/transports-le-sytral-engage-la-modernisation-du-systeme-de-billettique\/#primaryimage\"},\"thumbnailUrl\":\"https:\/\/newsestlyonnais.fr\/site\/wp-content\/uploads\/2020\/11\/NEWSESTLYONNAIS-TRAM-TCL.jpg\",\"keywords\":[\"SYTRAL\",\"TCL\",\"TRANSPORTS\"],\"articleSection\":[\"Pratique\",\"Transports | Circulation\"],\"inLanguage\":\"fr-FR\",\"potentialAction\":[{\"@type\":\"CommentAction\",\"name\":\"Comment\",\"target\":[\"https:\/\/newsestlyonnais.fr\/site\/2021\/04\/30\/transports-le-sytral-engage-la-modernisation-du-systeme-de-billettique\/#respond\"]}]},{\"@type\":\"WebPage\",\"@id\":\"https:\/\/newsestlyonnais.fr\/site\/2021\/04\/30\/transports-le-sytral-engage-la-modernisation-du-systeme-de-billettique\/\",\"url\":\"https:\/\/newsestlyonnais.fr\/site\/2021\/04\/30\/transports-le-sytral-engage-la-modernisation-du-systeme-de-billettique\/\",\"name\":\"TRANSPORTS | Le SYTRAL engage la modernisation du syst\u00e8me de billettique - News Est Lyonnais\",\"isPartOf\":{\"@id\":\"https:\/\/newsestlyonnais.fr\/site\/#website\"},\"primaryImageOfPage\":{\"@id\":\"https:\/\/newsestlyonnais.fr\/site\/2021\/04\/30\/transports-le-sytral-engage-la-modernisation-du-systeme-de-billettique\/#primaryimage\"},\"image\":{\"@id\":\"https:\/\/newsestlyonnais.fr\/site\/2021\/04\/30\/transports-le-sytral-engage-la-modernisation-du-systeme-de-billettique\/#primaryimage\"},\"thumbnailUrl\":\"https:\/\/newsestlyonnais.fr\/site\/wp-content\/uploads\/2020\/11\/NEWSESTLYONNAIS-TRAM-TCL.jpg\",\"datePublished\":\"2021-04-30T08:26:37+00:00\",\"dateModified\":\"2021-04-30T08:27:24+00:00\",\"description\":\"TRANSPORTS | Le SYTRAL engage la modernisation du syst\u00e8me de billettique\",\"breadcrumb\":{\"@id\":\"https:\/\/newsestlyonnais.fr\/site\/2021\/04\/30\/transports-le-sytral-engage-la-modernisation-du-systeme-de-billettique\/#breadcrumb\"},\"inLanguage\":\"fr-FR\",\"potentialAction\":[{\"@type\":\"ReadAction\",\"target\":[\"https:\/\/newsestlyonnais.fr\/site\/2021\/04\/30\/transports-le-sytral-engage-la-modernisation-du-systeme-de-billettique\/\"]}]},{\"@type\":\"ImageObject\",\"inLanguage\":\"fr-FR\",\"@id\":\"https:\/\/newsestlyonnais.fr\/site\/2021\/04\/30\/transports-le-sytral-engage-la-modernisation-du-systeme-de-billettique\/#primaryimage\",\"url\":\"https:\/\/newsestlyonnais.fr\/site\/wp-content\/uploads\/2020\/11\/NEWSESTLYONNAIS-TRAM-TCL.jpg\",\"contentUrl\":\"https:\/\/newsestlyonnais.fr\/site\/wp-content\/uploads\/2020\/11\/NEWSESTLYONNAIS-TRAM-TCL.jpg\",\"width\":1200,\"height\":675},{\"@type\":\"BreadcrumbList\",\"@id\":\"https:\/\/newsestlyonnais.fr\/site\/2021\/04\/30\/transports-le-sytral-engage-la-modernisation-du-systeme-de-billettique\/#breadcrumb\",\"itemListElement\":[{\"@type\":\"ListItem\",\"position\":1,\"name\":\"Accueil\",\"item\":\"https:\/\/newsestlyonnais.fr\/site\/\"},{\"@type\":\"ListItem\",\"position\":2,\"name\":\"TRANSPORTS | Le SYTRAL engage la modernisation du syst\u00e8me de billettique\"}]},{\"@type\":\"WebSite\",\"@id\":\"https:\/\/newsestlyonnais.fr\/site\/#website\",\"url\":\"https:\/\/newsestlyonnais.fr\/site\/\",\"name\":\"News Est Lyonnais\",\"description\":\"L&#039;actualit\u00e9 au plus pr\u00e8s\",\"publisher\":{\"@id\":\"https:\/\/newsestlyonnais.fr\/site\/#organization\"},\"potentialAction\":[{\"@type\":\"SearchAction\",\"target\":{\"@type\":\"EntryPoint\",\"urlTemplate\":\"https:\/\/newsestlyonnais.fr\/site\/?s={search_term_string}\"},\"query-input\":{\"@type\":\"PropertyValueSpecification\",\"valueRequired\":true,\"valueName\":\"search_term_string\"}}],\"inLanguage\":\"fr-FR\"},{\"@type\":\"Organization\",\"@id\":\"https:\/\/newsestlyonnais.fr\/site\/#organization\",\"name\":\"News EST LYONNAIS\",\"url\":\"https:\/\/newsestlyonnais.fr\/site\/\",\"logo\":{\"@type\":\"ImageObject\",\"inLanguage\":\"fr-FR\",\"@id\":\"https:\/\/newsestlyonnais.fr\/site\/#\/schema\/logo\/image\/\",\"url\":\"\",\"contentUrl\":\"\",\"caption\":\"News EST LYONNAIS\"},\"image\":{\"@id\":\"https:\/\/newsestlyonnais.fr\/site\/#\/schema\/logo\/image\/\"}},{\"@type\":\"Person\",\"@id\":\"https:\/\/newsestlyonnais.fr\/site\/#\/schema\/person\/3230d5615f390bb808365d673001e887\",\"name\":\"R\u00e9dac. NEWS\",\"sameAs\":[\"http:\/\/www.newsestlyonnais.fr\",\"https:\/\/www.facebook.com\/pascal.oberson.1?fref=ts\",\"https:\/\/fr.linkedin.com\/in\/pascal-oberson-b17045113\"],\"url\":\"https:\/\/newsestlyonnais.fr\/site\/author\/nel\/\"}]}<\/script>\n<!-- \/ Yoast SEO plugin. -->","yoast_head_json":{"title":"TRANSPORTS | Le SYTRAL engage la modernisation du syst\u00e8me de billettique - News Est Lyonnais","description":"TRANSPORTS | Le SYTRAL engage la modernisation du syst\u00e8me de billettique","robots":{"index":"index","follow":"follow","max-snippet":"max-snippet:-1","max-image-preview":"max-image-preview:large","max-video-preview":"max-video-preview:-1"},"canonical":"https:\/\/newsestlyonnais.fr\/site\/2021\/04\/30\/transports-le-sytral-engage-la-modernisation-du-systeme-de-billettique\/","og_locale":"fr_FR","og_type":"article","og_title":"TRANSPORTS | Le SYTRAL engage la modernisation du syst\u00e8me de billettique - News Est Lyonnais","og_description":"TRANSPORTS | Le SYTRAL engage la modernisation du syst\u00e8me de billettique","og_url":"https:\/\/newsestlyonnais.fr\/site\/2021\/04\/30\/transports-le-sytral-engage-la-modernisation-du-systeme-de-billettique\/","og_site_name":"News Est Lyonnais","article_author":"https:\/\/www.facebook.com\/pascal.oberson.1?fref=ts","article_published_time":"2021-04-30T08:26:37+00:00","article_modified_time":"2021-04-30T08:27:24+00:00","og_image":[{"width":1200,"height":675,"url":"https:\/\/i0.wp.com\/newsestlyonnais.fr\/site\/wp-content\/uploads\/2020\/11\/NEWSESTLYONNAIS-TRAM-TCL.jpg?fit=1200%2C675&ssl=1","type":"image\/jpeg"}],"author":"R\u00e9dac. NEWS","twitter_card":"summary_large_image","twitter_misc":{"\u00c9crit par":"R\u00e9dac. NEWS","Dur\u00e9e de lecture estim\u00e9e":"2 minutes"},"schema":{"@context":"https:\/\/schema.org","@graph":[{"@type":"Article","@id":"https:\/\/newsestlyonnais.fr\/site\/2021\/04\/30\/transports-le-sytral-engage-la-modernisation-du-systeme-de-billettique\/#article","isPartOf":{"@id":"https:\/\/newsestlyonnais.fr\/site\/2021\/04\/30\/transports-le-sytral-engage-la-modernisation-du-systeme-de-billettique\/"},"author":{"name":"R\u00e9dac. NEWS","@id":"https:\/\/newsestlyonnais.fr\/site\/#\/schema\/person\/3230d5615f390bb808365d673001e887"},"headline":"TRANSPORTS | Le SYTRAL engage la modernisation du syst\u00e8me de billettique","datePublished":"2021-04-30T08:26:37+00:00","dateModified":"2021-04-30T08:27:24+00:00","mainEntityOfPage":{"@id":"https:\/\/newsestlyonnais.fr\/site\/2021\/04\/30\/transports-le-sytral-engage-la-modernisation-du-systeme-de-billettique\/"},"wordCount":403,"commentCount":0,"publisher":{"@id":"https:\/\/newsestlyonnais.fr\/site\/#organization"},"image":{"@id":"https:\/\/newsestlyonnais.fr\/site\/2021\/04\/30\/transports-le-sytral-engage-la-modernisation-du-systeme-de-billettique\/#primaryimage"},"thumbnailUrl":"https:\/\/newsestlyonnais.fr\/site\/wp-content\/uploads\/2020\/11\/NEWSESTLYONNAIS-TRAM-TCL.jpg","keywords":["SYTRAL","TCL","TRANSPORTS"],"articleSection":["Pratique","Transports | Circulation"],"inLanguage":"fr-FR","potentialAction":[{"@type":"CommentAction","name":"Comment","target":["https:\/\/newsestlyonnais.fr\/site\/2021\/04\/30\/transports-le-sytral-engage-la-modernisation-du-systeme-de-billettique\/#respond"]}]},{"@type":"WebPage","@id":"https:\/\/newsestlyonnais.fr\/site\/2021\/04\/30\/transports-le-sytral-engage-la-modernisation-du-systeme-de-billettique\/","url":"https:\/\/newsestlyonnais.fr\/site\/2021\/04\/30\/transports-le-sytral-engage-la-modernisation-du-systeme-de-billettique\/","name":"TRANSPORTS | Le SYTRAL engage la modernisation du syst\u00e8me de billettique - News Est Lyonnais","isPartOf":{"@id":"https:\/\/newsestlyonnais.fr\/site\/#website"},"primaryImageOfPage":{"@id":"https:\/\/newsestlyonnais.fr\/site\/2021\/04\/30\/transports-le-sytral-engage-la-modernisation-du-systeme-de-billettique\/#primaryimage"},"image":{"@id":"https:\/\/newsestlyonnais.fr\/site\/2021\/04\/30\/transports-le-sytral-engage-la-modernisation-du-systeme-de-billettique\/#primaryimage"},"thumbnailUrl":"https:\/\/newsestlyonnais.fr\/site\/wp-content\/uploads\/2020\/11\/NEWSESTLYONNAIS-TRAM-TCL.jpg","datePublished":"2021-04-30T08:26:37+00:00","dateModified":"2021-04-30T08:27:24+00:00","description":"TRANSPORTS | Le SYTRAL engage la modernisation du syst\u00e8me de billettique","breadcrumb":{"@id":"https:\/\/newsestlyonnais.fr\/site\/2021\/04\/30\/transports-le-sytral-engage-la-modernisation-du-systeme-de-billettique\/#breadcrumb"},"inLanguage":"fr-FR","potentialAction":[{"@type":"ReadAction","target":["https:\/\/newsestlyonnais.fr\/site\/2021\/04\/30\/transports-le-sytral-engage-la-modernisation-du-systeme-de-billettique\/"]}]},{"@type":"ImageObject","inLanguage":"fr-FR","@id":"https:\/\/newsestlyonnais.fr\/site\/2021\/04\/30\/transports-le-sytral-engage-la-modernisation-du-systeme-de-billettique\/#primaryimage","url":"https:\/\/newsestlyonnais.fr\/site\/wp-content\/uploads\/2020\/11\/NEWSESTLYONNAIS-TRAM-TCL.jpg","contentUrl":"https:\/\/newsestlyonnais.fr\/site\/wp-content\/uploads\/2020\/11\/NEWSESTLYONNAIS-TRAM-TCL.jpg","width":1200,"height":675},{"@type":"BreadcrumbList","@id":"https:\/\/newsestlyonnais.fr\/site\/2021\/04\/30\/transports-le-sytral-engage-la-modernisation-du-systeme-de-billettique\/#breadcrumb","itemListElement":[{"@type":"ListItem","position":1,"name":"Accueil","item":"https:\/\/newsestlyonnais.fr\/site\/"},{"@type":"ListItem","position":2,"name":"TRANSPORTS | Le SYTRAL engage la modernisation du syst\u00e8me de billettique"}]},{"@type":"WebSite","@id":"https:\/\/newsestlyonnais.fr\/site\/#website","url":"https:\/\/newsestlyonnais.fr\/site\/","name":"News Est Lyonnais","description":"L&#039;actualit\u00e9 au plus pr\u00e8s","publisher":{"@id":"https:\/\/newsestlyonnais.fr\/site\/#organization"},"potentialAction":[{"@type":"SearchAction","target":{"@type":"EntryPoint","urlTemplate":"https:\/\/newsestlyonnais.fr\/site\/?s={search_term_string}"},"query-input":{"@type":"PropertyValueSpecification","valueRequired":true,"valueName":"search_term_string"}}],"inLanguage":"fr-FR"},{"@type":"Organization","@id":"https:\/\/newsestlyonnais.fr\/site\/#organization","name":"News EST LYONNAIS","url":"https:\/\/newsestlyonnais.fr\/site\/","logo":{"@type":"ImageObject","inLanguage":"fr-FR","@id":"https:\/\/newsestlyonnais.fr\/site\/#\/schema\/logo\/image\/","url":"","contentUrl":"","caption":"News EST LYONNAIS"},"image":{"@id":"https:\/\/newsestlyonnais.fr\/site\/#\/schema\/logo\/image\/"}},{"@type":"Person","@id":"https:\/\/newsestlyonnais.fr\/site\/#\/schema\/person\/3230d5615f390bb808365d673001e887","name":"R\u00e9dac. NEWS","sameAs":["http:\/\/www.newsestlyonnais.fr","https:\/\/www.facebook.com\/pascal.oberson.1?fref=ts","https:\/\/fr.linkedin.com\/in\/pascal-oberson-b17045113"],"url":"https:\/\/newsestlyonnais.fr\/site\/author\/nel\/"}]}},"_links":{"self":[{"href":"https:\/\/newsestlyonnais.fr\/site\/wp-json\/wp\/v2\/posts\/129368","targetHints":{"allow":["GET"]}}],"collection":[{"href":"https:\/\/newsestlyonnais.fr\/site\/wp-json\/wp\/v2\/posts"}],"about":[{"href":"https:\/\/newsestlyonnais.fr\/site\/wp-json\/wp\/v2\/types\/post"}],"author":[{"embeddable":true,"href":"https:\/\/newsestlyonnais.fr\/site\/wp-json\/wp\/v2\/users\/4"}],"replies":[{"embeddable":true,"href":"https:\/\/newsestlyonnais.fr\/site\/wp-json\/wp\/v2\/comments?post=129368"}],"version-history":[{"count":0,"href":"https:\/\/newsestlyonnais.fr\/site\/wp-json\/wp\/v2\/posts\/129368\/revisions"}],"wp:featuredmedia":[{"embeddable":true,"href":"https:\/\/newsestlyonnais.fr\/site\/wp-json\/wp\/v2\/media\/118325"}],"wp:attachment":[{"href":"https:\/\/newsestlyonnais.fr\/site\/wp-json\/wp\/v2\/media?parent=129368"}],"wp:term":[{"taxonomy":"category","embeddable":true,"href":"https:\/\/newsestlyonnais.fr\/site\/wp-json\/wp\/v2\/categories?post=129368"},{"taxonomy":"post_tag","embeddable":true,"href":"https:\/\/newsestlyonnais.fr\/site\/wp-json\/wp\/v2\/tags?post=129368"}],"curies":[{"name":"wp","href":"https:\/\/api.w.org\/{rel}","templated":true}]}}