{"id":129395,"date":"2021-04-30T15:10:29","date_gmt":"2021-04-30T14:10:29","guid":{"rendered":"https:\/\/newsestlyonnais.fr\/site\/?p=129395"},"modified":"2021-04-30T15:10:29","modified_gmt":"2021-04-30T14:10:29","slug":"bron-les-evenements-de-mai","status":"publish","type":"post","link":"https:\/\/newsestlyonnais.fr\/site\/2021\/04\/30\/bron-les-evenements-de-mai\/","title":{"rendered":"BRON | Les \u00e9v\u00e8nements de mai"},"content":{"rendered":"<ul>\n<li><span style=\"text-decoration: underline;\">Mardi 4 mai<\/span> : <strong>Rencontre emploi MSD<\/strong>. de 9 h \u00e0 12 h (Maison des Soci\u00e9t\u00e9s). Inscription pr\u00e9alable obligatoire ! <span style=\"color: #0000ff;\"><a style=\"color: #0000ff;\" href=\"https:\/\/www.ville-bron.fr\/agenda\/rencontre-emploi-msd\">+ d&rsquo;infos<\/a><\/span>.<\/li>\n<li><span style=\"text-decoration: underline;\">Du <time datetime=\"2021-05-05\">Mercredi 5 mai <\/time>au <\/span><time datetime=\"2021-05-19\"><time datetime=\"2021-05-19\"><span style=\"text-decoration: underline;\"> Mercredi 19 mai<\/span> : <\/time><\/time><strong>Les rendez-vous des aidants. <\/strong>(Espace Roger Pestourie). <span style=\"color: #0000ff;\"><a style=\"color: #0000ff;\" href=\"https:\/\/www.ville-bron.fr\/agenda\/les-rendez-vous-des-aidants-2\">+ d&rsquo;infos<\/a><\/span>. <strong><br \/>\n<\/strong><\/li>\n<li><span style=\"text-decoration: underline;\">Du Samedi 8 mai au Dimanche 6 juin<\/span> : <strong>Courir pour elles<\/strong> : \u00e9dition audioguid\u00e9e et solidaire. <a href=\"https:\/\/www.ville-bron.fr\/agenda\/exposition-coup-de-projecteur-sur-celles-et-ceux-qui-travaillent-au-vinatier\"><span style=\"color: #0000ff;\">+ d&rsquo;infos.<\/span><\/a><\/li>\n<li><span style=\"text-decoration: underline;\">Du <time datetime=\"2021-05-12\"> Mercredi 12 mai <\/time>au Vendredi <\/span><time datetime=\"2021-06-25\"><time datetime=\"2021-06-25\"><span style=\"text-decoration: underline;\">25 juin<\/span> : <\/time><\/time><strong>Exposition : Coup de projecteur ! <\/strong>(Ferme du Vinatier). <span style=\"color: #0000ff;\">+ d&rsquo;infos<\/span>. <strong><br \/>\n<\/strong><\/li>\n<li><span style=\"text-decoration: underline;\">Jeudi\u00a0<\/span><time datetime=\"2021-05-27\"><time datetime=\"2021-05-27\"><span style=\"text-decoration: underline;\"> 27 mai<\/span> : <\/time><\/time><strong>Chrono de l&rsquo;Alternance de l&rsquo;Est Lyonnais <\/strong>de 9 h \u00e0 17 h 30 en 100 % distanciel. <span style=\"color: #0000ff;\"><a style=\"color: #0000ff;\" href=\"https:\/\/www.ville-bron.fr\/agenda\/chrono-de-lalternance-de-lest-lyonnais-0\">+ d&rsquo;infos<\/a><\/span>.<\/li>\n<\/ul>\n<hr \/>\n<h4><strong>L\u2019ACTU de la commune sur : <\/strong><span style=\"color: #0000ff;\"><a style=\"color: #0000ff;\" href=\"https:\/\/www.ville-bron.fr\" target=\"_blank\" rel=\"noreferrer noopener\">https:\/\/www.ville-bron.fr<\/a><\/span><\/h4>\n<hr \/>\n<hr \/>\n<p>&nbsp;<\/p>\n","protected":false},"excerpt":{"rendered":"<p>Des programmations susceptibles d\u2019\u00eatre annul\u00e9es en fonction du contexte sanitaire.<\/p>\n","protected":false},"author":4,"featured_media":121938,"comment_status":"open","ping_status":"open","sticky":false,"template":"","format":"standard","meta":{"footnotes":""},"categories":[2217,19],"tags":[],"class_list":["post-129395","post","type-post","status-publish","format-standard","has-post-thumbnail","hentry","category-breves-de-lest-lyonnais","category-bron"],"yoast_head":"<!-- This site is optimized with the Yoast SEO plugin v27.2 - https:\/\/yoast.com\/product\/yoast-seo-wordpress\/ -->\n<title>BRON | Les \u00e9v\u00e8nements de mai - News Est Lyonnais<\/title>\n<meta name=\"description\" content=\"BRON | Les \u00e9v\u00e8nements de mai\" \/>\n<meta name=\"robots\" content=\"index, follow, max-snippet:-1, max-image-preview:large, max-video-preview:-1\" \/>\n<link rel=\"canonical\" href=\"https:\/\/newsestlyonnais.fr\/site\/2021\/04\/30\/bron-les-evenements-de-mai\/\" \/>\n<meta property=\"og:locale\" content=\"fr_FR\" \/>\n<meta property=\"og:type\" content=\"article\" \/>\n<meta property=\"og:title\" content=\"BRON | Les \u00e9v\u00e8nements de mai - News Est Lyonnais\" \/>\n<meta property=\"og:description\" content=\"BRON | Les \u00e9v\u00e8nements de mai\" \/>\n<meta property=\"og:url\" content=\"https:\/\/newsestlyonnais.fr\/site\/2021\/04\/30\/bron-les-evenements-de-mai\/\" \/>\n<meta property=\"og:site_name\" content=\"News Est Lyonnais\" \/>\n<meta property=\"article:author\" content=\"https:\/\/www.facebook.com\/pascal.oberson.1?fref=ts\" \/>\n<meta property=\"article:published_time\" content=\"2021-04-30T14:10:29+00:00\" \/>\n<meta property=\"og:image\" content=\"https:\/\/i1.wp.com\/newsestlyonnais.fr\/site\/wp-content\/uploads\/2021\/01\/bron.jpg?fit=622%2C369&ssl=1\" \/>\n\t<meta property=\"og:image:width\" content=\"622\" \/>\n\t<meta property=\"og:image:height\" content=\"369\" \/>\n\t<meta property=\"og:image:type\" content=\"image\/jpeg\" \/>\n<meta name=\"author\" content=\"R\u00e9dac. NEWS\" \/>\n<meta name=\"twitter:card\" content=\"summary_large_image\" \/>\n<meta name=\"twitter:label1\" content=\"\u00c9crit par\" \/>\n\t<meta name=\"twitter:data1\" content=\"R\u00e9dac. NEWS\" \/>\n\t<meta name=\"twitter:label2\" content=\"Dur\u00e9e de lecture estim\u00e9e\" \/>\n\t<meta name=\"twitter:data2\" content=\"1 minute\" \/>\n<script type=\"application\/ld+json\" class=\"yoast-schema-graph\">{\"@context\":\"https:\/\/schema.org\",\"@graph\":[{\"@type\":\"Article\",\"@id\":\"https:\/\/newsestlyonnais.fr\/site\/2021\/04\/30\/bron-les-evenements-de-mai\/#article\",\"isPartOf\":{\"@id\":\"https:\/\/newsestlyonnais.fr\/site\/2021\/04\/30\/bron-les-evenements-de-mai\/\"},\"author\":{\"name\":\"R\u00e9dac. NEWS\",\"@id\":\"https:\/\/newsestlyonnais.fr\/site\/#\/schema\/person\/3230d5615f390bb808365d673001e887\"},\"headline\":\"BRON | Les \u00e9v\u00e8nements de mai\",\"datePublished\":\"2021-04-30T14:10:29+00:00\",\"mainEntityOfPage\":{\"@id\":\"https:\/\/newsestlyonnais.fr\/site\/2021\/04\/30\/bron-les-evenements-de-mai\/\"},\"wordCount\":99,\"commentCount\":0,\"publisher\":{\"@id\":\"https:\/\/newsestlyonnais.fr\/site\/#organization\"},\"image\":{\"@id\":\"https:\/\/newsestlyonnais.fr\/site\/2021\/04\/30\/bron-les-evenements-de-mai\/#primaryimage\"},\"thumbnailUrl\":\"https:\/\/newsestlyonnais.fr\/site\/wp-content\/uploads\/2021\/01\/bron.jpg\",\"articleSection\":[\"Br\u00e8ves de l'Est lyonnais\",\"Bron\"],\"inLanguage\":\"fr-FR\",\"potentialAction\":[{\"@type\":\"CommentAction\",\"name\":\"Comment\",\"target\":[\"https:\/\/newsestlyonnais.fr\/site\/2021\/04\/30\/bron-les-evenements-de-mai\/#respond\"]}]},{\"@type\":\"WebPage\",\"@id\":\"https:\/\/newsestlyonnais.fr\/site\/2021\/04\/30\/bron-les-evenements-de-mai\/\",\"url\":\"https:\/\/newsestlyonnais.fr\/site\/2021\/04\/30\/bron-les-evenements-de-mai\/\",\"name\":\"BRON | Les \u00e9v\u00e8nements de mai - News Est Lyonnais\",\"isPartOf\":{\"@id\":\"https:\/\/newsestlyonnais.fr\/site\/#website\"},\"primaryImageOfPage\":{\"@id\":\"https:\/\/newsestlyonnais.fr\/site\/2021\/04\/30\/bron-les-evenements-de-mai\/#primaryimage\"},\"image\":{\"@id\":\"https:\/\/newsestlyonnais.fr\/site\/2021\/04\/30\/bron-les-evenements-de-mai\/#primaryimage\"},\"thumbnailUrl\":\"https:\/\/newsestlyonnais.fr\/site\/wp-content\/uploads\/2021\/01\/bron.jpg\",\"datePublished\":\"2021-04-30T14:10:29+00:00\",\"description\":\"BRON | Les \u00e9v\u00e8nements de mai\",\"breadcrumb\":{\"@id\":\"https:\/\/newsestlyonnais.fr\/site\/2021\/04\/30\/bron-les-evenements-de-mai\/#breadcrumb\"},\"inLanguage\":\"fr-FR\",\"potentialAction\":[{\"@type\":\"ReadAction\",\"target\":[\"https:\/\/newsestlyonnais.fr\/site\/2021\/04\/30\/bron-les-evenements-de-mai\/\"]}]},{\"@type\":\"ImageObject\",\"inLanguage\":\"fr-FR\",\"@id\":\"https:\/\/newsestlyonnais.fr\/site\/2021\/04\/30\/bron-les-evenements-de-mai\/#primaryimage\",\"url\":\"https:\/\/newsestlyonnais.fr\/site\/wp-content\/uploads\/2021\/01\/bron.jpg\",\"contentUrl\":\"https:\/\/newsestlyonnais.fr\/site\/wp-content\/uploads\/2021\/01\/bron.jpg\",\"width\":622,\"height\":369},{\"@type\":\"BreadcrumbList\",\"@id\":\"https:\/\/newsestlyonnais.fr\/site\/2021\/04\/30\/bron-les-evenements-de-mai\/#breadcrumb\",\"itemListElement\":[{\"@type\":\"ListItem\",\"position\":1,\"name\":\"Accueil\",\"item\":\"https:\/\/newsestlyonnais.fr\/site\/\"},{\"@type\":\"ListItem\",\"position\":2,\"name\":\"BRON | Les \u00e9v\u00e8nements de mai\"}]},{\"@type\":\"WebSite\",\"@id\":\"https:\/\/newsestlyonnais.fr\/site\/#website\",\"url\":\"https:\/\/newsestlyonnais.fr\/site\/\",\"name\":\"News Est Lyonnais\",\"description\":\"L&#039;actualit\u00e9 au plus pr\u00e8s\",\"publisher\":{\"@id\":\"https:\/\/newsestlyonnais.fr\/site\/#organization\"},\"potentialAction\":[{\"@type\":\"SearchAction\",\"target\":{\"@type\":\"EntryPoint\",\"urlTemplate\":\"https:\/\/newsestlyonnais.fr\/site\/?s={search_term_string}\"},\"query-input\":{\"@type\":\"PropertyValueSpecification\",\"valueRequired\":true,\"valueName\":\"search_term_string\"}}],\"inLanguage\":\"fr-FR\"},{\"@type\":\"Organization\",\"@id\":\"https:\/\/newsestlyonnais.fr\/site\/#organization\",\"name\":\"News EST LYONNAIS\",\"url\":\"https:\/\/newsestlyonnais.fr\/site\/\",\"logo\":{\"@type\":\"ImageObject\",\"inLanguage\":\"fr-FR\",\"@id\":\"https:\/\/newsestlyonnais.fr\/site\/#\/schema\/logo\/image\/\",\"url\":\"\",\"contentUrl\":\"\",\"caption\":\"News EST LYONNAIS\"},\"image\":{\"@id\":\"https:\/\/newsestlyonnais.fr\/site\/#\/schema\/logo\/image\/\"}},{\"@type\":\"Person\",\"@id\":\"https:\/\/newsestlyonnais.fr\/site\/#\/schema\/person\/3230d5615f390bb808365d673001e887\",\"name\":\"R\u00e9dac. NEWS\",\"sameAs\":[\"http:\/\/www.newsestlyonnais.fr\",\"https:\/\/www.facebook.com\/pascal.oberson.1?fref=ts\",\"https:\/\/fr.linkedin.com\/in\/pascal-oberson-b17045113\"],\"url\":\"https:\/\/newsestlyonnais.fr\/site\/author\/nel\/\"}]}<\/script>\n<!-- \/ Yoast SEO plugin. -->","yoast_head_json":{"title":"BRON | Les \u00e9v\u00e8nements de mai - News Est Lyonnais","description":"BRON | Les \u00e9v\u00e8nements de mai","robots":{"index":"index","follow":"follow","max-snippet":"max-snippet:-1","max-image-preview":"max-image-preview:large","max-video-preview":"max-video-preview:-1"},"canonical":"https:\/\/newsestlyonnais.fr\/site\/2021\/04\/30\/bron-les-evenements-de-mai\/","og_locale":"fr_FR","og_type":"article","og_title":"BRON | Les \u00e9v\u00e8nements de mai - News Est Lyonnais","og_description":"BRON | Les \u00e9v\u00e8nements de mai","og_url":"https:\/\/newsestlyonnais.fr\/site\/2021\/04\/30\/bron-les-evenements-de-mai\/","og_site_name":"News Est Lyonnais","article_author":"https:\/\/www.facebook.com\/pascal.oberson.1?fref=ts","article_published_time":"2021-04-30T14:10:29+00:00","og_image":[{"width":622,"height":369,"url":"https:\/\/i1.wp.com\/newsestlyonnais.fr\/site\/wp-content\/uploads\/2021\/01\/bron.jpg?fit=622%2C369&ssl=1","type":"image\/jpeg"}],"author":"R\u00e9dac. NEWS","twitter_card":"summary_large_image","twitter_misc":{"\u00c9crit par":"R\u00e9dac. NEWS","Dur\u00e9e de lecture estim\u00e9e":"1 minute"},"schema":{"@context":"https:\/\/schema.org","@graph":[{"@type":"Article","@id":"https:\/\/newsestlyonnais.fr\/site\/2021\/04\/30\/bron-les-evenements-de-mai\/#article","isPartOf":{"@id":"https:\/\/newsestlyonnais.fr\/site\/2021\/04\/30\/bron-les-evenements-de-mai\/"},"author":{"name":"R\u00e9dac. NEWS","@id":"https:\/\/newsestlyonnais.fr\/site\/#\/schema\/person\/3230d5615f390bb808365d673001e887"},"headline":"BRON | Les \u00e9v\u00e8nements de mai","datePublished":"2021-04-30T14:10:29+00:00","mainEntityOfPage":{"@id":"https:\/\/newsestlyonnais.fr\/site\/2021\/04\/30\/bron-les-evenements-de-mai\/"},"wordCount":99,"commentCount":0,"publisher":{"@id":"https:\/\/newsestlyonnais.fr\/site\/#organization"},"image":{"@id":"https:\/\/newsestlyonnais.fr\/site\/2021\/04\/30\/bron-les-evenements-de-mai\/#primaryimage"},"thumbnailUrl":"https:\/\/newsestlyonnais.fr\/site\/wp-content\/uploads\/2021\/01\/bron.jpg","articleSection":["Br\u00e8ves de l'Est lyonnais","Bron"],"inLanguage":"fr-FR","potentialAction":[{"@type":"CommentAction","name":"Comment","target":["https:\/\/newsestlyonnais.fr\/site\/2021\/04\/30\/bron-les-evenements-de-mai\/#respond"]}]},{"@type":"WebPage","@id":"https:\/\/newsestlyonnais.fr\/site\/2021\/04\/30\/bron-les-evenements-de-mai\/","url":"https:\/\/newsestlyonnais.fr\/site\/2021\/04\/30\/bron-les-evenements-de-mai\/","name":"BRON | Les \u00e9v\u00e8nements de mai - News Est Lyonnais","isPartOf":{"@id":"https:\/\/newsestlyonnais.fr\/site\/#website"},"primaryImageOfPage":{"@id":"https:\/\/newsestlyonnais.fr\/site\/2021\/04\/30\/bron-les-evenements-de-mai\/#primaryimage"},"image":{"@id":"https:\/\/newsestlyonnais.fr\/site\/2021\/04\/30\/bron-les-evenements-de-mai\/#primaryimage"},"thumbnailUrl":"https:\/\/newsestlyonnais.fr\/site\/wp-content\/uploads\/2021\/01\/bron.jpg","datePublished":"2021-04-30T14:10:29+00:00","description":"BRON | Les \u00e9v\u00e8nements de mai","breadcrumb":{"@id":"https:\/\/newsestlyonnais.fr\/site\/2021\/04\/30\/bron-les-evenements-de-mai\/#breadcrumb"},"inLanguage":"fr-FR","potentialAction":[{"@type":"ReadAction","target":["https:\/\/newsestlyonnais.fr\/site\/2021\/04\/30\/bron-les-evenements-de-mai\/"]}]},{"@type":"ImageObject","inLanguage":"fr-FR","@id":"https:\/\/newsestlyonnais.fr\/site\/2021\/04\/30\/bron-les-evenements-de-mai\/#primaryimage","url":"https:\/\/newsestlyonnais.fr\/site\/wp-content\/uploads\/2021\/01\/bron.jpg","contentUrl":"https:\/\/newsestlyonnais.fr\/site\/wp-content\/uploads\/2021\/01\/bron.jpg","width":622,"height":369},{"@type":"BreadcrumbList","@id":"https:\/\/newsestlyonnais.fr\/site\/2021\/04\/30\/bron-les-evenements-de-mai\/#breadcrumb","itemListElement":[{"@type":"ListItem","position":1,"name":"Accueil","item":"https:\/\/newsestlyonnais.fr\/site\/"},{"@type":"ListItem","position":2,"name":"BRON | Les \u00e9v\u00e8nements de mai"}]},{"@type":"WebSite","@id":"https:\/\/newsestlyonnais.fr\/site\/#website","url":"https:\/\/newsestlyonnais.fr\/site\/","name":"News Est Lyonnais","description":"L&#039;actualit\u00e9 au plus pr\u00e8s","publisher":{"@id":"https:\/\/newsestlyonnais.fr\/site\/#organization"},"potentialAction":[{"@type":"SearchAction","target":{"@type":"EntryPoint","urlTemplate":"https:\/\/newsestlyonnais.fr\/site\/?s={search_term_string}"},"query-input":{"@type":"PropertyValueSpecification","valueRequired":true,"valueName":"search_term_string"}}],"inLanguage":"fr-FR"},{"@type":"Organization","@id":"https:\/\/newsestlyonnais.fr\/site\/#organization","name":"News EST LYONNAIS","url":"https:\/\/newsestlyonnais.fr\/site\/","logo":{"@type":"ImageObject","inLanguage":"fr-FR","@id":"https:\/\/newsestlyonnais.fr\/site\/#\/schema\/logo\/image\/","url":"","contentUrl":"","caption":"News EST LYONNAIS"},"image":{"@id":"https:\/\/newsestlyonnais.fr\/site\/#\/schema\/logo\/image\/"}},{"@type":"Person","@id":"https:\/\/newsestlyonnais.fr\/site\/#\/schema\/person\/3230d5615f390bb808365d673001e887","name":"R\u00e9dac. NEWS","sameAs":["http:\/\/www.newsestlyonnais.fr","https:\/\/www.facebook.com\/pascal.oberson.1?fref=ts","https:\/\/fr.linkedin.com\/in\/pascal-oberson-b17045113"],"url":"https:\/\/newsestlyonnais.fr\/site\/author\/nel\/"}]}},"_links":{"self":[{"href":"https:\/\/newsestlyonnais.fr\/site\/wp-json\/wp\/v2\/posts\/129395","targetHints":{"allow":["GET"]}}],"collection":[{"href":"https:\/\/newsestlyonnais.fr\/site\/wp-json\/wp\/v2\/posts"}],"about":[{"href":"https:\/\/newsestlyonnais.fr\/site\/wp-json\/wp\/v2\/types\/post"}],"author":[{"embeddable":true,"href":"https:\/\/newsestlyonnais.fr\/site\/wp-json\/wp\/v2\/users\/4"}],"replies":[{"embeddable":true,"href":"https:\/\/newsestlyonnais.fr\/site\/wp-json\/wp\/v2\/comments?post=129395"}],"version-history":[{"count":0,"href":"https:\/\/newsestlyonnais.fr\/site\/wp-json\/wp\/v2\/posts\/129395\/revisions"}],"wp:featuredmedia":[{"embeddable":true,"href":"https:\/\/newsestlyonnais.fr\/site\/wp-json\/wp\/v2\/media\/121938"}],"wp:attachment":[{"href":"https:\/\/newsestlyonnais.fr\/site\/wp-json\/wp\/v2\/media?parent=129395"}],"wp:term":[{"taxonomy":"category","embeddable":true,"href":"https:\/\/newsestlyonnais.fr\/site\/wp-json\/wp\/v2\/categories?post=129395"},{"taxonomy":"post_tag","embeddable":true,"href":"https:\/\/newsestlyonnais.fr\/site\/wp-json\/wp\/v2\/tags?post=129395"}],"curies":[{"name":"wp","href":"https:\/\/api.w.org\/{rel}","templated":true}]}}