{"id":129465,"date":"2021-05-01T16:33:33","date_gmt":"2021-05-01T15:33:33","guid":{"rendered":"https:\/\/newsestlyonnais.fr\/site\/?p=129465"},"modified":"2021-05-01T16:33:33","modified_gmt":"2021-05-01T15:33:33","slug":"corbas-pas-de-ccdc-en-2021","status":"publish","type":"post","link":"https:\/\/newsestlyonnais.fr\/site\/2021\/05\/01\/corbas-pas-de-ccdc-en-2021\/","title":{"rendered":"CORBAS | Pas de CCDC en 2021"},"content":{"rendered":"<p>Un \u00e9v\u00e8nement initialement programm\u00e9 pour le dernier samedi de juin par le <span style=\"color: #0000ff;\"><a style=\"color: #0000ff;\" href=\"https:\/\/www.corbasrunning.com\">Corbas Running<\/a><\/span>, club pr\u00e9sid\u00e9 depuis septembre 2020 par Jean-Fran\u00e7ois Herry qui a succ\u00e9d\u00e9 \u00e0 Alain Viollet, devenu maire de la commune.<\/p>\n<p>&gt; <em><strong>Retrouvez le communiqu\u00e9 de l&rsquo;\u00e9quipe d&rsquo;organisation publi\u00e9 ce jour<\/strong><\/em> :<\/p>\n<hr \/>\n<p><span style=\"background-color: #000000; color: #ffffff;\">Le samedi 26 juin 2021 devait avoir lieu la \u00ab\u00a0CCDC &#8211; Course Concert De Corbas\u00a0\u00bb.<\/span><\/p>\n<p><span style=\"background-color: #000000; color: #ffffff;\">C&rsquo;est avec une immense tristesse que nous vous annon\u00e7ons l&rsquo;annulation de l&rsquo;\u00e9v\u00e8nement cette ann\u00e9e encore.<\/span><\/p>\n<p><span style=\"background-color: #000000; color: #ffffff;\">Nous avions tant esp\u00e9r\u00e9 pouvoir tous vous accueillir, voir les sourires de vos enfants et les v\u00f4tres.<\/span><\/p>\n<p><span style=\"background-color: #000000; color: #ffffff;\">Nous avions l&rsquo;intention de vous proposer un \u00e9v\u00e8nement inoubliable.<\/span><\/p>\n<p><span style=\"background-color: #000000; color: #ffffff;\">Malheureusement, compte tenu du contexte actuel, il nous a sembl\u00e9 impossible de tenir cette promesse.<\/span><\/p>\n<p><span style=\"background-color: #000000; color: #ffffff;\">Nous tenons \u00e0 vous remercier, vous coureurs qui venez chaque ann\u00e9e plus nombreux, vous b\u00e9n\u00e9voles qui chaque ann\u00e9e vous mettez en quatre pour que la course se d\u00e9roule sans accroc, vous partenaires qui nous avez renouvel\u00e9 votre confiance cette ann\u00e9e encore&#8230;<\/span><\/p>\n<p><span style=\"background-color: #000000; color: #ffffff;\">A tous, nous vous donnons rendez-vous le 25 juin 2022 sur la ligne de d\u00e9part.<\/span><\/p>\n<p><span style=\"background-color: #000000; color: #ffffff;\">En attendant, restez connect\u00e9s car nous vous r\u00e9servons quelques surprises.<\/span><\/p>\n<p><span style=\"background-color: #000000; color: #ffffff;\">A tr\u00e8s vite&#8230;<\/span><\/p>\n<hr \/>\n<p><em><strong>PHOTO A LA UNE<\/strong> <\/em>\/ Podium masculin 2018<\/p>\n<p>&nbsp;<\/p>\n","protected":false},"excerpt":{"rendered":"<p>Comme en 2020, la nouvelle formule des 10 kilom\u00e8tres de Corbas n&rsquo;aura pas lieu.<\/p>\n","protected":false},"author":4,"featured_media":129470,"comment_status":"open","ping_status":"open","sticky":false,"template":"","format":"standard","meta":{"footnotes":""},"categories":[2968,2217,1287],"tags":[2700,2283],"class_list":["post-129465","post","type-post","status-publish","format-standard","has-post-thumbnail","hentry","category-athle-course-pied-marche","category-breves-de-lest-lyonnais","category-corbas-feyzin","tag-corbas","tag-course-pedestre"],"yoast_head":"<!-- This site is optimized with the Yoast SEO plugin v27.2 - https:\/\/yoast.com\/product\/yoast-seo-wordpress\/ -->\n<title>CORBAS | Pas de CCDC en 2021 - News Est Lyonnais<\/title>\n<meta name=\"description\" content=\"CORBAS | Pas de CCDC en 2021\" \/>\n<meta name=\"robots\" content=\"index, follow, max-snippet:-1, max-image-preview:large, max-video-preview:-1\" \/>\n<link rel=\"canonical\" href=\"https:\/\/newsestlyonnais.fr\/site\/2021\/05\/01\/corbas-pas-de-ccdc-en-2021\/\" \/>\n<meta property=\"og:locale\" content=\"fr_FR\" \/>\n<meta property=\"og:type\" content=\"article\" \/>\n<meta property=\"og:title\" content=\"CORBAS | Pas de CCDC en 2021 - News Est Lyonnais\" \/>\n<meta property=\"og:description\" content=\"CORBAS | Pas de CCDC en 2021\" \/>\n<meta property=\"og:url\" content=\"https:\/\/newsestlyonnais.fr\/site\/2021\/05\/01\/corbas-pas-de-ccdc-en-2021\/\" \/>\n<meta property=\"og:site_name\" content=\"News Est Lyonnais\" \/>\n<meta property=\"article:author\" content=\"https:\/\/www.facebook.com\/pascal.oberson.1?fref=ts\" \/>\n<meta property=\"article:published_time\" content=\"2021-05-01T15:33:33+00:00\" \/>\n<meta property=\"og:image\" content=\"https:\/\/i1.wp.com\/newsestlyonnais.fr\/site\/wp-content\/uploads\/2021\/05\/NEWSESTLYONNAIS-POD-MASC-CORBAS.jpg?fit=1200%2C900&ssl=1\" \/>\n\t<meta property=\"og:image:width\" content=\"1200\" \/>\n\t<meta property=\"og:image:height\" content=\"900\" \/>\n\t<meta property=\"og:image:type\" content=\"image\/jpeg\" \/>\n<meta name=\"author\" content=\"R\u00e9dac. NEWS\" \/>\n<meta name=\"twitter:card\" content=\"summary_large_image\" \/>\n<meta name=\"twitter:label1\" content=\"\u00c9crit par\" \/>\n\t<meta name=\"twitter:data1\" content=\"R\u00e9dac. NEWS\" \/>\n\t<meta name=\"twitter:label2\" content=\"Dur\u00e9e de lecture estim\u00e9e\" \/>\n\t<meta name=\"twitter:data2\" content=\"1 minute\" \/>\n<script type=\"application\/ld+json\" class=\"yoast-schema-graph\">{\"@context\":\"https:\/\/schema.org\",\"@graph\":[{\"@type\":\"Article\",\"@id\":\"https:\/\/newsestlyonnais.fr\/site\/2021\/05\/01\/corbas-pas-de-ccdc-en-2021\/#article\",\"isPartOf\":{\"@id\":\"https:\/\/newsestlyonnais.fr\/site\/2021\/05\/01\/corbas-pas-de-ccdc-en-2021\/\"},\"author\":{\"name\":\"R\u00e9dac. NEWS\",\"@id\":\"https:\/\/newsestlyonnais.fr\/site\/#\/schema\/person\/3230d5615f390bb808365d673001e887\"},\"headline\":\"CORBAS | Pas de CCDC en 2021\",\"datePublished\":\"2021-05-01T15:33:33+00:00\",\"mainEntityOfPage\":{\"@id\":\"https:\/\/newsestlyonnais.fr\/site\/2021\/05\/01\/corbas-pas-de-ccdc-en-2021\/\"},\"wordCount\":214,\"commentCount\":0,\"publisher\":{\"@id\":\"https:\/\/newsestlyonnais.fr\/site\/#organization\"},\"image\":{\"@id\":\"https:\/\/newsestlyonnais.fr\/site\/2021\/05\/01\/corbas-pas-de-ccdc-en-2021\/#primaryimage\"},\"thumbnailUrl\":\"https:\/\/newsestlyonnais.fr\/site\/wp-content\/uploads\/2021\/05\/NEWSESTLYONNAIS-POD-MASC-CORBAS.jpg\",\"keywords\":[\"CORBAS\",\"course p\u00e9destre\"],\"articleSection\":[\"Athl\u00e9 | Course pied | Marche\",\"Br\u00e8ves de l'Est lyonnais\",\"Corbas | Feyzin\"],\"inLanguage\":\"fr-FR\",\"potentialAction\":[{\"@type\":\"CommentAction\",\"name\":\"Comment\",\"target\":[\"https:\/\/newsestlyonnais.fr\/site\/2021\/05\/01\/corbas-pas-de-ccdc-en-2021\/#respond\"]}]},{\"@type\":\"WebPage\",\"@id\":\"https:\/\/newsestlyonnais.fr\/site\/2021\/05\/01\/corbas-pas-de-ccdc-en-2021\/\",\"url\":\"https:\/\/newsestlyonnais.fr\/site\/2021\/05\/01\/corbas-pas-de-ccdc-en-2021\/\",\"name\":\"CORBAS | Pas de CCDC en 2021 - News Est Lyonnais\",\"isPartOf\":{\"@id\":\"https:\/\/newsestlyonnais.fr\/site\/#website\"},\"primaryImageOfPage\":{\"@id\":\"https:\/\/newsestlyonnais.fr\/site\/2021\/05\/01\/corbas-pas-de-ccdc-en-2021\/#primaryimage\"},\"image\":{\"@id\":\"https:\/\/newsestlyonnais.fr\/site\/2021\/05\/01\/corbas-pas-de-ccdc-en-2021\/#primaryimage\"},\"thumbnailUrl\":\"https:\/\/newsestlyonnais.fr\/site\/wp-content\/uploads\/2021\/05\/NEWSESTLYONNAIS-POD-MASC-CORBAS.jpg\",\"datePublished\":\"2021-05-01T15:33:33+00:00\",\"description\":\"CORBAS | Pas de CCDC en 2021\",\"breadcrumb\":{\"@id\":\"https:\/\/newsestlyonnais.fr\/site\/2021\/05\/01\/corbas-pas-de-ccdc-en-2021\/#breadcrumb\"},\"inLanguage\":\"fr-FR\",\"potentialAction\":[{\"@type\":\"ReadAction\",\"target\":[\"https:\/\/newsestlyonnais.fr\/site\/2021\/05\/01\/corbas-pas-de-ccdc-en-2021\/\"]}]},{\"@type\":\"ImageObject\",\"inLanguage\":\"fr-FR\",\"@id\":\"https:\/\/newsestlyonnais.fr\/site\/2021\/05\/01\/corbas-pas-de-ccdc-en-2021\/#primaryimage\",\"url\":\"https:\/\/newsestlyonnais.fr\/site\/wp-content\/uploads\/2021\/05\/NEWSESTLYONNAIS-POD-MASC-CORBAS.jpg\",\"contentUrl\":\"https:\/\/newsestlyonnais.fr\/site\/wp-content\/uploads\/2021\/05\/NEWSESTLYONNAIS-POD-MASC-CORBAS.jpg\",\"width\":1200,\"height\":900},{\"@type\":\"BreadcrumbList\",\"@id\":\"https:\/\/newsestlyonnais.fr\/site\/2021\/05\/01\/corbas-pas-de-ccdc-en-2021\/#breadcrumb\",\"itemListElement\":[{\"@type\":\"ListItem\",\"position\":1,\"name\":\"Accueil\",\"item\":\"https:\/\/newsestlyonnais.fr\/site\/\"},{\"@type\":\"ListItem\",\"position\":2,\"name\":\"CORBAS | Pas de CCDC en 2021\"}]},{\"@type\":\"WebSite\",\"@id\":\"https:\/\/newsestlyonnais.fr\/site\/#website\",\"url\":\"https:\/\/newsestlyonnais.fr\/site\/\",\"name\":\"News Est Lyonnais\",\"description\":\"L&#039;actualit\u00e9 au plus pr\u00e8s\",\"publisher\":{\"@id\":\"https:\/\/newsestlyonnais.fr\/site\/#organization\"},\"potentialAction\":[{\"@type\":\"SearchAction\",\"target\":{\"@type\":\"EntryPoint\",\"urlTemplate\":\"https:\/\/newsestlyonnais.fr\/site\/?s={search_term_string}\"},\"query-input\":{\"@type\":\"PropertyValueSpecification\",\"valueRequired\":true,\"valueName\":\"search_term_string\"}}],\"inLanguage\":\"fr-FR\"},{\"@type\":\"Organization\",\"@id\":\"https:\/\/newsestlyonnais.fr\/site\/#organization\",\"name\":\"News EST LYONNAIS\",\"url\":\"https:\/\/newsestlyonnais.fr\/site\/\",\"logo\":{\"@type\":\"ImageObject\",\"inLanguage\":\"fr-FR\",\"@id\":\"https:\/\/newsestlyonnais.fr\/site\/#\/schema\/logo\/image\/\",\"url\":\"\",\"contentUrl\":\"\",\"caption\":\"News EST LYONNAIS\"},\"image\":{\"@id\":\"https:\/\/newsestlyonnais.fr\/site\/#\/schema\/logo\/image\/\"}},{\"@type\":\"Person\",\"@id\":\"https:\/\/newsestlyonnais.fr\/site\/#\/schema\/person\/3230d5615f390bb808365d673001e887\",\"name\":\"R\u00e9dac. NEWS\",\"sameAs\":[\"http:\/\/www.newsestlyonnais.fr\",\"https:\/\/www.facebook.com\/pascal.oberson.1?fref=ts\",\"https:\/\/fr.linkedin.com\/in\/pascal-oberson-b17045113\"],\"url\":\"https:\/\/newsestlyonnais.fr\/site\/author\/nel\/\"}]}<\/script>\n<!-- \/ Yoast SEO plugin. -->","yoast_head_json":{"title":"CORBAS | Pas de CCDC en 2021 - News Est Lyonnais","description":"CORBAS | Pas de CCDC en 2021","robots":{"index":"index","follow":"follow","max-snippet":"max-snippet:-1","max-image-preview":"max-image-preview:large","max-video-preview":"max-video-preview:-1"},"canonical":"https:\/\/newsestlyonnais.fr\/site\/2021\/05\/01\/corbas-pas-de-ccdc-en-2021\/","og_locale":"fr_FR","og_type":"article","og_title":"CORBAS | Pas de CCDC en 2021 - News Est Lyonnais","og_description":"CORBAS | Pas de CCDC en 2021","og_url":"https:\/\/newsestlyonnais.fr\/site\/2021\/05\/01\/corbas-pas-de-ccdc-en-2021\/","og_site_name":"News Est Lyonnais","article_author":"https:\/\/www.facebook.com\/pascal.oberson.1?fref=ts","article_published_time":"2021-05-01T15:33:33+00:00","og_image":[{"width":1200,"height":900,"url":"https:\/\/i1.wp.com\/newsestlyonnais.fr\/site\/wp-content\/uploads\/2021\/05\/NEWSESTLYONNAIS-POD-MASC-CORBAS.jpg?fit=1200%2C900&ssl=1","type":"image\/jpeg"}],"author":"R\u00e9dac. NEWS","twitter_card":"summary_large_image","twitter_misc":{"\u00c9crit par":"R\u00e9dac. NEWS","Dur\u00e9e de lecture estim\u00e9e":"1 minute"},"schema":{"@context":"https:\/\/schema.org","@graph":[{"@type":"Article","@id":"https:\/\/newsestlyonnais.fr\/site\/2021\/05\/01\/corbas-pas-de-ccdc-en-2021\/#article","isPartOf":{"@id":"https:\/\/newsestlyonnais.fr\/site\/2021\/05\/01\/corbas-pas-de-ccdc-en-2021\/"},"author":{"name":"R\u00e9dac. NEWS","@id":"https:\/\/newsestlyonnais.fr\/site\/#\/schema\/person\/3230d5615f390bb808365d673001e887"},"headline":"CORBAS | Pas de CCDC en 2021","datePublished":"2021-05-01T15:33:33+00:00","mainEntityOfPage":{"@id":"https:\/\/newsestlyonnais.fr\/site\/2021\/05\/01\/corbas-pas-de-ccdc-en-2021\/"},"wordCount":214,"commentCount":0,"publisher":{"@id":"https:\/\/newsestlyonnais.fr\/site\/#organization"},"image":{"@id":"https:\/\/newsestlyonnais.fr\/site\/2021\/05\/01\/corbas-pas-de-ccdc-en-2021\/#primaryimage"},"thumbnailUrl":"https:\/\/newsestlyonnais.fr\/site\/wp-content\/uploads\/2021\/05\/NEWSESTLYONNAIS-POD-MASC-CORBAS.jpg","keywords":["CORBAS","course p\u00e9destre"],"articleSection":["Athl\u00e9 | Course pied | Marche","Br\u00e8ves de l'Est lyonnais","Corbas | Feyzin"],"inLanguage":"fr-FR","potentialAction":[{"@type":"CommentAction","name":"Comment","target":["https:\/\/newsestlyonnais.fr\/site\/2021\/05\/01\/corbas-pas-de-ccdc-en-2021\/#respond"]}]},{"@type":"WebPage","@id":"https:\/\/newsestlyonnais.fr\/site\/2021\/05\/01\/corbas-pas-de-ccdc-en-2021\/","url":"https:\/\/newsestlyonnais.fr\/site\/2021\/05\/01\/corbas-pas-de-ccdc-en-2021\/","name":"CORBAS | Pas de CCDC en 2021 - News Est Lyonnais","isPartOf":{"@id":"https:\/\/newsestlyonnais.fr\/site\/#website"},"primaryImageOfPage":{"@id":"https:\/\/newsestlyonnais.fr\/site\/2021\/05\/01\/corbas-pas-de-ccdc-en-2021\/#primaryimage"},"image":{"@id":"https:\/\/newsestlyonnais.fr\/site\/2021\/05\/01\/corbas-pas-de-ccdc-en-2021\/#primaryimage"},"thumbnailUrl":"https:\/\/newsestlyonnais.fr\/site\/wp-content\/uploads\/2021\/05\/NEWSESTLYONNAIS-POD-MASC-CORBAS.jpg","datePublished":"2021-05-01T15:33:33+00:00","description":"CORBAS | Pas de CCDC en 2021","breadcrumb":{"@id":"https:\/\/newsestlyonnais.fr\/site\/2021\/05\/01\/corbas-pas-de-ccdc-en-2021\/#breadcrumb"},"inLanguage":"fr-FR","potentialAction":[{"@type":"ReadAction","target":["https:\/\/newsestlyonnais.fr\/site\/2021\/05\/01\/corbas-pas-de-ccdc-en-2021\/"]}]},{"@type":"ImageObject","inLanguage":"fr-FR","@id":"https:\/\/newsestlyonnais.fr\/site\/2021\/05\/01\/corbas-pas-de-ccdc-en-2021\/#primaryimage","url":"https:\/\/newsestlyonnais.fr\/site\/wp-content\/uploads\/2021\/05\/NEWSESTLYONNAIS-POD-MASC-CORBAS.jpg","contentUrl":"https:\/\/newsestlyonnais.fr\/site\/wp-content\/uploads\/2021\/05\/NEWSESTLYONNAIS-POD-MASC-CORBAS.jpg","width":1200,"height":900},{"@type":"BreadcrumbList","@id":"https:\/\/newsestlyonnais.fr\/site\/2021\/05\/01\/corbas-pas-de-ccdc-en-2021\/#breadcrumb","itemListElement":[{"@type":"ListItem","position":1,"name":"Accueil","item":"https:\/\/newsestlyonnais.fr\/site\/"},{"@type":"ListItem","position":2,"name":"CORBAS | Pas de CCDC en 2021"}]},{"@type":"WebSite","@id":"https:\/\/newsestlyonnais.fr\/site\/#website","url":"https:\/\/newsestlyonnais.fr\/site\/","name":"News Est Lyonnais","description":"L&#039;actualit\u00e9 au plus pr\u00e8s","publisher":{"@id":"https:\/\/newsestlyonnais.fr\/site\/#organization"},"potentialAction":[{"@type":"SearchAction","target":{"@type":"EntryPoint","urlTemplate":"https:\/\/newsestlyonnais.fr\/site\/?s={search_term_string}"},"query-input":{"@type":"PropertyValueSpecification","valueRequired":true,"valueName":"search_term_string"}}],"inLanguage":"fr-FR"},{"@type":"Organization","@id":"https:\/\/newsestlyonnais.fr\/site\/#organization","name":"News EST LYONNAIS","url":"https:\/\/newsestlyonnais.fr\/site\/","logo":{"@type":"ImageObject","inLanguage":"fr-FR","@id":"https:\/\/newsestlyonnais.fr\/site\/#\/schema\/logo\/image\/","url":"","contentUrl":"","caption":"News EST LYONNAIS"},"image":{"@id":"https:\/\/newsestlyonnais.fr\/site\/#\/schema\/logo\/image\/"}},{"@type":"Person","@id":"https:\/\/newsestlyonnais.fr\/site\/#\/schema\/person\/3230d5615f390bb808365d673001e887","name":"R\u00e9dac. NEWS","sameAs":["http:\/\/www.newsestlyonnais.fr","https:\/\/www.facebook.com\/pascal.oberson.1?fref=ts","https:\/\/fr.linkedin.com\/in\/pascal-oberson-b17045113"],"url":"https:\/\/newsestlyonnais.fr\/site\/author\/nel\/"}]}},"_links":{"self":[{"href":"https:\/\/newsestlyonnais.fr\/site\/wp-json\/wp\/v2\/posts\/129465","targetHints":{"allow":["GET"]}}],"collection":[{"href":"https:\/\/newsestlyonnais.fr\/site\/wp-json\/wp\/v2\/posts"}],"about":[{"href":"https:\/\/newsestlyonnais.fr\/site\/wp-json\/wp\/v2\/types\/post"}],"author":[{"embeddable":true,"href":"https:\/\/newsestlyonnais.fr\/site\/wp-json\/wp\/v2\/users\/4"}],"replies":[{"embeddable":true,"href":"https:\/\/newsestlyonnais.fr\/site\/wp-json\/wp\/v2\/comments?post=129465"}],"version-history":[{"count":0,"href":"https:\/\/newsestlyonnais.fr\/site\/wp-json\/wp\/v2\/posts\/129465\/revisions"}],"wp:featuredmedia":[{"embeddable":true,"href":"https:\/\/newsestlyonnais.fr\/site\/wp-json\/wp\/v2\/media\/129470"}],"wp:attachment":[{"href":"https:\/\/newsestlyonnais.fr\/site\/wp-json\/wp\/v2\/media?parent=129465"}],"wp:term":[{"taxonomy":"category","embeddable":true,"href":"https:\/\/newsestlyonnais.fr\/site\/wp-json\/wp\/v2\/categories?post=129465"},{"taxonomy":"post_tag","embeddable":true,"href":"https:\/\/newsestlyonnais.fr\/site\/wp-json\/wp\/v2\/tags?post=129465"}],"curies":[{"name":"wp","href":"https:\/\/api.w.org\/{rel}","templated":true}]}}