{"id":129545,"date":"2021-05-03T10:47:20","date_gmt":"2021-05-03T09:47:20","guid":{"rendered":"https:\/\/newsestlyonnais.fr\/site\/?p=129545"},"modified":"2021-05-06T06:24:33","modified_gmt":"2021-05-06T05:24:33","slug":"mions-handball-nous-avons-peur-de-la-consequence-sur-le-renouvellement-des-licencies","status":"publish","type":"post","link":"https:\/\/newsestlyonnais.fr\/site\/2021\/05\/03\/mions-handball-nous-avons-peur-de-la-consequence-sur-le-renouvellement-des-licencies\/","title":{"rendered":"MIONS HANDBALL \u00a0\u00bb nous avons peur de la cons\u00e9quence sur le renouvellement des licenci\u00e9s \u00ab\u00a0"},"content":{"rendered":"<p>Ce lundi, c\u2019est <strong>Simon Fiorio (membre du MHB depuis 12 ans), Community Manager du club, coach de l\u2019\u00e9quipe -15, et joueur en \u00e9quipe senior<\/strong>, qui r\u00e9pond aux questions de la r\u00e9daction :<\/p>\n<hr \/>\n<ul>\n<li><span style=\"font-size: 14pt;\"><strong><u>Quelle est son activit\u00e9 et effectif actuel<\/u><\/strong><strong> ?<\/strong><\/span><\/li>\n<\/ul>\n<p>\u00bb Pr\u00e9sid\u00e9 actuellement par Jules Jacket. <strong>Association active depuis 1979<\/strong> (42 ans).<\/p>\n<p>Activit\u00e9 principale : <strong>club de handball \u00e0 Mions<\/strong>.<\/p>\n<p>Effectif \u00e0 ce jour : <strong>25 b\u00e9n\u00e9voles actifs<\/strong> qui permettent \u00e0 l\u2019association de fonctionner. <strong>1 salari\u00e9e en formation<\/strong>. <strong>200 licenci\u00e9(e)s<\/strong> \u00ab.<\/p>\n<hr \/>\n<ul>\n<li><span style=\"font-size: 14pt;\"><strong><span style=\"text-decoration: underline;\">Comment s\u2019\u00e9tait pass\u00e9 le 1\u00b0 confinement et aviez vous mis du personnel au ch\u00f4mage<\/span> ?<\/strong><\/span><\/li>\n<\/ul>\n<p>\u00bb <strong>Le 1\u00b0 confinement a \u00e9t\u00e9 difficile pour tous<\/strong>. Nous avons d\u00fb couper brutalement le lien avec les adh\u00e9rents. Au bout d\u2019un mois nous avons r\u00e9ussi \u00e0 trouver des occupations \u00e0 faire en Visio ou autre d\u00e9fi sportif pour continuer \u00e0 faire vivre et interagir les cat\u00e9gories.<\/p>\n<p><strong>Le maintien du lien entre le club et les adh\u00e9rents \u00e9tait primordial pour le club. C\u2019\u00e9tait l\u2019objectif principal<\/strong> \u00ab.<\/p>\n<ul>\n<li><span style=\"font-size: 14pt;\"><strong><span style=\"text-decoration: underline;\">Et la reprise des activit\u00e9s \u00e0 la rentr\u00e9e de septembre <\/span>?<\/strong><\/span><\/li>\n<\/ul>\n<p>\u00bb En septembre, nous avons pu faire des entrainements dans les gymnases mais avec beaucoup de contraintes sanitaires. Ce qui a rendu les entrainements un peu diff\u00e9rents des anciens.<\/p>\n<p><strong>Le handball est un sport de contact et nous avions interdiction aux contacts<\/strong>. Les coachs ont fourni un travail important pour s\u2019adapter. C\u2019\u00e9tait tr\u00e8s agr\u00e9able de voir les joueurs retrouver le sourire autour de leurs loisirs \u00ab.<\/p>\n<hr \/>\n<ul>\n<li><span style=\"font-size: 14pt;\"><strong><span style=\"text-decoration: underline;\">Et ensuite les autres confinements<\/span> ?<\/strong><\/span><\/li>\n<\/ul>\n<p>\u00bb Depuis le second confinement de septembre, les gymnases sont rest\u00e9s clos. <strong>Ce qui nous a oblig\u00e9 \u00e0 trouver des moyens pour faire des entra\u00eenements en ext\u00e9rieur<\/strong>.<\/p>\n<p>Nous avons eu acc\u00e8s \u00e0 diff\u00e9rents types d\u2019infrastructure ext\u00e9rieurs : stade en herbes, stade en synth\u00e9tique, cours d\u2019\u00e9cole en goudron\u2026 Forc\u00e9ment les joueurs ne jouent pas de la m\u00eame mani\u00e8re. Les comp\u00e9titions amateures ont \u00e9t\u00e9 annul\u00e9.<\/p>\n<p><strong>Nous continuons d\u00e8s que nous pouvons \u00e0 proposer \u00e0 nos licenci\u00e9s des entrainements ext\u00e9rieurs<\/strong> afin de maintenir le lien entre les joueurs mais aussi avec le club. Les \u00e9quipes sont tout de m\u00eame dans la demande et nous sommes dans le plaisir de leurs offrir des cr\u00e9neaux de sport \u00ab.<\/p>\n<ul>\n<li><span style=\"font-size: 14pt;\"><span style=\"text-decoration: underline;\"><strong>A<\/strong><\/span><strong><span style=\"text-decoration: underline;\">vez-vous connu depuis une baisse de vos effectifs<\/span> ? <\/strong><\/span><\/li>\n<\/ul>\n<p>\u00bb <strong>Nous avons subi une l\u00e9g\u00e8re baisse d\u2019adh\u00e9rent pour la saison 2020\/2021 mais rien de marquant<\/strong>.<\/p>\n<p><strong>Nos inqui\u00e9tudes se portent sur la saison prochaine<\/strong>. Nous esp\u00e9rons que nos adh\u00e9rents renouvelleront leurs licences pour retrouver les terrains miolans le plus vite possible <strong>\u00ab. <\/strong><\/p>\n<ul>\n<li><span style=\"font-size: 14pt;\"><strong><span style=\"text-decoration: underline;\">Avez- vous \u00e9t\u00e9 contraints d\u2019annuler des \u00e9v\u00e8nements ou comp\u00e9titions<\/span> ?<\/strong><\/span><\/li>\n<\/ul>\n<p>\u00bb Lors du 1\u00b0 confinement nous avons \u00e9t\u00e9 contraints d\u2019annuler notre LOTO annuel. Nous pensions le reporter mais les \u00e9v\u00e8nements sanitaires nous ont forcer \u00e0 l\u2019annuler. <strong>Nous sommes d\u2019ailleurs en train d\u2019organiser une tombola pour remporter les lots. Jusqu\u2019au 25 mai sur nos r\u00e9seaux vous pouvez trouver le lien pour participer.<\/strong><\/p>\n<p>Evidemment, toutes nos comp\u00e9titions ont \u00e9t\u00e9 annul\u00e9. Ce qui fait que notre \u00e9quipe s\u00e9nior en Pr\u00e9-National obtient donc une saison blanche. Toutes les \u00e9quipes jeunes restent \u00e0 leurs niveaux <strong>\u00ab.\u00a0<\/strong><\/p>\n<div data-canvas-width=\"576.6933333333335\">\n<hr \/>\n<\/div>\n<div data-canvas-width=\"535.861333333333\">\n<div data-canvas-width=\"413.3213333333334\">\n<ul>\n<li><span style=\"font-size: 14pt;\"><strong><span style=\"text-decoration: underline;\">Cons\u00e9quences financi\u00e8res ou autres<\/span> ?<\/strong><\/span><\/li>\n<\/ul>\n<p>\u00bb <strong>Nous avons peur de la cons\u00e9quence sur le renouvellement des licenci\u00e9s<\/strong>. Nous allons faire notre maximum pour permettre aux adh\u00e9rents de cette saison de renouveler le plus facilement possible \u00ab.<\/p>\n<hr \/>\n<ul>\n<li><span style=\"font-size: 14pt;\"><strong><span style=\"text-decoration: underline;\">Un petit mot de conclusion<\/span> ? <\/strong><\/span><\/li>\n<\/ul>\n<p>\u00bb Tous les membres du club ont h\u00e2te de retrouver les gymnases dans de bonnes conditions ! <strong>Nous avons l\u2019envie de fouler les baskets pour aller nettoyer les toiles d\u2019araign\u00e9es dans les lucarnes des gymnases<\/strong>.<\/p>\n<p>Nous comptons sur tout le monde pour acc\u00e9der au plus vite \u00e0 la r\u00e9ouverture des gymnases et revoir le public dans les gradins du Gymnase Jean Tardy ! Suivez-nous sur les r\u00e9seaux sociaux pour avoir l\u2019actualit\u00e9 du club \u00ab.<\/p>\n<hr \/>\n<\/div>\n<\/div>\n<div data-canvas-width=\"535.861333333333\">\n<p class=\"gmql0nx0 l94mrbxd p1ri9a11 lzcic4wl d2edcug0 hpfvmrgz\" dir=\"auto\" tabindex=\"-1\"><span class=\"d2edcug0 hpfvmrgz qv66sw1b c1et5uql lr9zc1uh a8c37x1j keod5gw0 nxhoafnm aigsh9s9 embtmqzv fe6kdd0r mau55g9w c8b282yb hrzyx87i m6dqt4wy h7mekvxk hnhda86s oo9gr5id hzawbc8m\" dir=\"auto\"><strong><em><img loading=\"lazy\" decoding=\"async\" class=\"alignleft wp-image-129562 size-thumbnail\" src=\"https:\/\/newsestlyonnais.fr\/site\/wp-content\/uploads\/2021\/05\/588b629245800_logoMHB-250x127.png\" alt=\"\" width=\"150\" height=\"76\" data-attachment-id=\"129420\" data-permalink=\"https:\/\/newsestlyonnais.fr\/site\/2021\/05\/01\/badminton-club-de-lyon-nous-esperons-ne-pas-perdre-a-nouveau-des-adherents\/bacly\/\" data-orig-file=\"https:\/\/i2.wp.com\/newsestlyonnais.fr\/site\/wp-content\/uploads\/2021\/04\/bacly.png?fit=893%2C250&amp;ssl=1\" data-orig-size=\"893,250\" data-comments-opened=\"1\" data-image-meta=\"{&quot;aperture&quot;:&quot;0&quot;,&quot;credit&quot;:&quot;&quot;,&quot;camera&quot;:&quot;&quot;,&quot;caption&quot;:&quot;&quot;,&quot;created_timestamp&quot;:&quot;0&quot;,&quot;copyright&quot;:&quot;&quot;,&quot;focal_length&quot;:&quot;0&quot;,&quot;iso&quot;:&quot;0&quot;,&quot;shutter_speed&quot;:&quot;0&quot;,&quot;title&quot;:&quot;&quot;,&quot;orientation&quot;:&quot;0&quot;}\" data-image-title=\"bacly\" data-image-description=\"\" data-medium-file=\"https:\/\/i2.wp.com\/newsestlyonnais.fr\/site\/wp-content\/uploads\/2021\/04\/bacly.png?fit=400%2C112&amp;ssl=1\" data-large-file=\"https:\/\/i2.wp.com\/newsestlyonnais.fr\/site\/wp-content\/uploads\/2021\/04\/bacly.png?fit=650%2C182&amp;ssl=1\" data-recalc-dims=\"1\" srcset=\"https:\/\/newsestlyonnais.fr\/site\/wp-content\/uploads\/2021\/05\/588b629245800_logoMHB-250x127.png 250w, https:\/\/newsestlyonnais.fr\/site\/wp-content\/uploads\/2021\/05\/588b629245800_logoMHB-400x203.png 400w, https:\/\/newsestlyonnais.fr\/site\/wp-content\/uploads\/2021\/05\/588b629245800_logoMHB-650x329.png 650w, https:\/\/newsestlyonnais.fr\/site\/wp-content\/uploads\/2021\/05\/588b629245800_logoMHB-768x389.png 768w, https:\/\/newsestlyonnais.fr\/site\/wp-content\/uploads\/2021\/05\/588b629245800_logoMHB-150x76.png 150w, https:\/\/newsestlyonnais.fr\/site\/wp-content\/uploads\/2021\/05\/588b629245800_logoMHB-50x25.png 50w, https:\/\/newsestlyonnais.fr\/site\/wp-content\/uploads\/2021\/05\/588b629245800_logoMHB-100x51.png 100w, https:\/\/newsestlyonnais.fr\/site\/wp-content\/uploads\/2021\/05\/588b629245800_logoMHB-200x101.png 200w, https:\/\/newsestlyonnais.fr\/site\/wp-content\/uploads\/2021\/05\/588b629245800_logoMHB-300x152.png 300w, https:\/\/newsestlyonnais.fr\/site\/wp-content\/uploads\/2021\/05\/588b629245800_logoMHB-350x177.png 350w, https:\/\/newsestlyonnais.fr\/site\/wp-content\/uploads\/2021\/05\/588b629245800_logoMHB-450x228.png 450w, https:\/\/newsestlyonnais.fr\/site\/wp-content\/uploads\/2021\/05\/588b629245800_logoMHB-500x253.png 500w, https:\/\/newsestlyonnais.fr\/site\/wp-content\/uploads\/2021\/05\/588b629245800_logoMHB-550x279.png 550w, https:\/\/newsestlyonnais.fr\/site\/wp-content\/uploads\/2021\/05\/588b629245800_logoMHB-800x405.png 800w, https:\/\/newsestlyonnais.fr\/site\/wp-content\/uploads\/2021\/05\/588b629245800_logoMHB.png 1024w\" sizes=\"auto, (max-width: 150px) 100vw, 150px\" \/><\/em><\/strong><\/span><\/p>\n<p class=\"gmql0nx0 l94mrbxd p1ri9a11 lzcic4wl d2edcug0 hpfvmrgz\" dir=\"auto\" tabindex=\"-1\"><span class=\"d2edcug0 hpfvmrgz qv66sw1b c1et5uql lr9zc1uh a8c37x1j keod5gw0 nxhoafnm aigsh9s9 embtmqzv fe6kdd0r mau55g9w c8b282yb hrzyx87i m6dqt4wy h7mekvxk hnhda86s oo9gr5id hzawbc8m\" dir=\"auto\"><strong><em><span class=\"oceanwp-contact-text\">\u00a0<\/span><\/em><\/strong><\/span><\/p>\n<p class=\"gmql0nx0 l94mrbxd p1ri9a11 lzcic4wl d2edcug0 hpfvmrgz\" dir=\"auto\" tabindex=\"-1\"><span style=\"font-size: 14pt;\"><em><strong>MHB MIONS HANDBALL \/ 89, route de Saint-Priest \/ Mions<\/strong><\/em><\/span><span class=\"d2edcug0 hpfvmrgz qv66sw1b c1et5uql lr9zc1uh a8c37x1j keod5gw0 nxhoafnm aigsh9s9 embtmqzv fe6kdd0r mau55g9w c8b282yb hrzyx87i m6dqt4wy h7mekvxk hnhda86s oo9gr5id hzawbc8m\" dir=\"auto\"><strong><em>\u00a0<\/em><\/strong><\/span><\/p>\n<hr \/>\n<ul>\n<li dir=\"auto\" tabindex=\"-1\"><strong>Contacts<\/strong> : <strong>Mail<\/strong> :\u00a0<span style=\"color: #0000ff;\"><a style=\"color: #0000ff;\" href=\"contact@mionshandball.com\">contact@mionshandball.com<\/a><\/span> \/ <strong>T\u00e9l<\/strong>. 06.62.65.56.57.<\/li>\n<li dir=\"auto\" tabindex=\"-1\"><span style=\"color: #0000ff;\"><a style=\"color: #0000ff;\" href=\"https:\/\/www.mionshandball.com\">https:\/\/www.mionshandball.com<\/a><\/span><\/li>\n<li dir=\"auto\" tabindex=\"-1\"><span style=\"color: #0000ff;\"><a style=\"color: #0000ff;\" href=\"http:\/\/Instagram : @mionshandball\">Instagram : @mionshandball<\/a><\/span><\/li>\n<\/ul>\n<hr \/>\n<p><img loading=\"lazy\" decoding=\"async\" class=\"aligncenter size-large wp-image-129566\" src=\"https:\/\/newsestlyonnais.fr\/site\/wp-content\/uploads\/2021\/05\/image0-650x434.jpeg\" alt=\"\" width=\"650\" height=\"434\" srcset=\"https:\/\/newsestlyonnais.fr\/site\/wp-content\/uploads\/2021\/05\/image0-650x434.jpeg 650w, https:\/\/newsestlyonnais.fr\/site\/wp-content\/uploads\/2021\/05\/image0-400x267.jpeg 400w, https:\/\/newsestlyonnais.fr\/site\/wp-content\/uploads\/2021\/05\/image0-250x167.jpeg 250w, https:\/\/newsestlyonnais.fr\/site\/wp-content\/uploads\/2021\/05\/image0-768x513.jpeg 768w, https:\/\/newsestlyonnais.fr\/site\/wp-content\/uploads\/2021\/05\/image0-150x100.jpeg 150w, https:\/\/newsestlyonnais.fr\/site\/wp-content\/uploads\/2021\/05\/image0-50x33.jpeg 50w, https:\/\/newsestlyonnais.fr\/site\/wp-content\/uploads\/2021\/05\/image0-100x67.jpeg 100w, https:\/\/newsestlyonnais.fr\/site\/wp-content\/uploads\/2021\/05\/image0-200x133.jpeg 200w, https:\/\/newsestlyonnais.fr\/site\/wp-content\/uploads\/2021\/05\/image0-300x200.jpeg 300w, https:\/\/newsestlyonnais.fr\/site\/wp-content\/uploads\/2021\/05\/image0-350x234.jpeg 350w, https:\/\/newsestlyonnais.fr\/site\/wp-content\/uploads\/2021\/05\/image0-450x300.jpeg 450w, https:\/\/newsestlyonnais.fr\/site\/wp-content\/uploads\/2021\/05\/image0-500x334.jpeg 500w, https:\/\/newsestlyonnais.fr\/site\/wp-content\/uploads\/2021\/05\/image0-550x367.jpeg 550w, https:\/\/newsestlyonnais.fr\/site\/wp-content\/uploads\/2021\/05\/image0-800x534.jpeg 800w, https:\/\/newsestlyonnais.fr\/site\/wp-content\/uploads\/2021\/05\/image0-1200x801.jpeg 1200w, https:\/\/newsestlyonnais.fr\/site\/wp-content\/uploads\/2021\/05\/image0-1320x881.jpeg 1320w, https:\/\/newsestlyonnais.fr\/site\/wp-content\/uploads\/2021\/05\/image0.jpeg 1419w\" sizes=\"auto, (max-width: 650px) 100vw, 650px\" \/><\/p>\n<hr \/>\n<hr \/>\n<\/div>\n","protected":false},"excerpt":{"rendered":"<p>1 jour, 1 association | Quotidiennement, une association est pr\u00e9sent\u00e9e par un de ses dirigeants.<\/p>\n","protected":false},"author":4,"featured_media":129548,"comment_status":"open","ping_status":"open","sticky":false,"template":"","format":"standard","meta":{"footnotes":""},"categories":[3420,2975,1358,1286],"tags":[2215,2128,3739],"class_list":["post-129545","post","type-post","status-publish","format-standard","has-post-thumbnail","hentry","category-1-jour-1-association","category-basket-hand-volley-sports","category-hand","category-mions","tag-handball","tag-mions","tag-mions-handball"],"yoast_head":"<!-- This site is optimized with the Yoast SEO plugin v27.2 - https:\/\/yoast.com\/product\/yoast-seo-wordpress\/ -->\n<title>MIONS HANDBALL &quot; nous avons peur de la cons\u00e9quence sur le renouvellement des licenci\u00e9s &quot; - News Est Lyonnais<\/title>\n<meta name=\"description\" content=\"MIONS HANDBALL \u00bb nous avons peur de la cons\u00e9quence sur le renouvellement des licenci\u00e9s \u00ab\" \/>\n<meta name=\"robots\" content=\"index, follow, max-snippet:-1, max-image-preview:large, max-video-preview:-1\" \/>\n<link rel=\"canonical\" href=\"https:\/\/newsestlyonnais.fr\/site\/2021\/05\/03\/mions-handball-nous-avons-peur-de-la-consequence-sur-le-renouvellement-des-licencies\/\" \/>\n<meta property=\"og:locale\" content=\"fr_FR\" \/>\n<meta property=\"og:type\" content=\"article\" \/>\n<meta property=\"og:title\" content=\"MIONS HANDBALL &quot; nous avons peur de la cons\u00e9quence sur le renouvellement des licenci\u00e9s &quot; - News Est Lyonnais\" \/>\n<meta property=\"og:description\" content=\"MIONS HANDBALL \u00bb nous avons peur de la cons\u00e9quence sur le renouvellement des licenci\u00e9s \u00ab\" \/>\n<meta property=\"og:url\" content=\"https:\/\/newsestlyonnais.fr\/site\/2021\/05\/03\/mions-handball-nous-avons-peur-de-la-consequence-sur-le-renouvellement-des-licencies\/\" \/>\n<meta property=\"og:site_name\" content=\"News Est Lyonnais\" \/>\n<meta property=\"article:author\" content=\"https:\/\/www.facebook.com\/pascal.oberson.1?fref=ts\" \/>\n<meta property=\"article:published_time\" content=\"2021-05-03T09:47:20+00:00\" \/>\n<meta property=\"article:modified_time\" content=\"2021-05-06T05:24:33+00:00\" \/>\n<meta property=\"og:image\" content=\"https:\/\/i2.wp.com\/newsestlyonnais.fr\/site\/wp-content\/uploads\/2021\/05\/image2.jpeg?fit=1115%2C1200&ssl=1\" \/>\n\t<meta property=\"og:image:width\" content=\"1115\" \/>\n\t<meta property=\"og:image:height\" content=\"1200\" \/>\n\t<meta property=\"og:image:type\" content=\"image\/jpeg\" \/>\n<meta name=\"author\" content=\"R\u00e9dac. NEWS\" \/>\n<meta name=\"twitter:card\" content=\"summary_large_image\" \/>\n<meta name=\"twitter:label1\" content=\"\u00c9crit par\" \/>\n\t<meta name=\"twitter:data1\" content=\"R\u00e9dac. NEWS\" \/>\n\t<meta name=\"twitter:label2\" content=\"Dur\u00e9e de lecture estim\u00e9e\" \/>\n\t<meta name=\"twitter:data2\" content=\"4 minutes\" \/>\n<script type=\"application\/ld+json\" class=\"yoast-schema-graph\">{\"@context\":\"https:\/\/schema.org\",\"@graph\":[{\"@type\":\"Article\",\"@id\":\"https:\/\/newsestlyonnais.fr\/site\/2021\/05\/03\/mions-handball-nous-avons-peur-de-la-consequence-sur-le-renouvellement-des-licencies\/#article\",\"isPartOf\":{\"@id\":\"https:\/\/newsestlyonnais.fr\/site\/2021\/05\/03\/mions-handball-nous-avons-peur-de-la-consequence-sur-le-renouvellement-des-licencies\/\"},\"author\":{\"name\":\"R\u00e9dac. NEWS\",\"@id\":\"https:\/\/newsestlyonnais.fr\/site\/#\/schema\/person\/3230d5615f390bb808365d673001e887\"},\"headline\":\"MIONS HANDBALL \u00a0\u00bb nous avons peur de la cons\u00e9quence sur le renouvellement des licenci\u00e9s \u00ab\u00a0\",\"datePublished\":\"2021-05-03T09:47:20+00:00\",\"dateModified\":\"2021-05-06T05:24:33+00:00\",\"mainEntityOfPage\":{\"@id\":\"https:\/\/newsestlyonnais.fr\/site\/2021\/05\/03\/mions-handball-nous-avons-peur-de-la-consequence-sur-le-renouvellement-des-licencies\/\"},\"wordCount\":676,\"commentCount\":0,\"publisher\":{\"@id\":\"https:\/\/newsestlyonnais.fr\/site\/#organization\"},\"image\":{\"@id\":\"https:\/\/newsestlyonnais.fr\/site\/2021\/05\/03\/mions-handball-nous-avons-peur-de-la-consequence-sur-le-renouvellement-des-licencies\/#primaryimage\"},\"thumbnailUrl\":\"https:\/\/newsestlyonnais.fr\/site\/wp-content\/uploads\/2021\/05\/image2.jpeg\",\"keywords\":[\"HANDBALL\",\"MIONS\",\"MIONS HANDBALL\"],\"articleSection\":[\"1 jour, 1 association\",\"Basket | Hand | Volley\",\"Hand\",\"Mions\"],\"inLanguage\":\"fr-FR\",\"potentialAction\":[{\"@type\":\"CommentAction\",\"name\":\"Comment\",\"target\":[\"https:\/\/newsestlyonnais.fr\/site\/2021\/05\/03\/mions-handball-nous-avons-peur-de-la-consequence-sur-le-renouvellement-des-licencies\/#respond\"]}]},{\"@type\":\"WebPage\",\"@id\":\"https:\/\/newsestlyonnais.fr\/site\/2021\/05\/03\/mions-handball-nous-avons-peur-de-la-consequence-sur-le-renouvellement-des-licencies\/\",\"url\":\"https:\/\/newsestlyonnais.fr\/site\/2021\/05\/03\/mions-handball-nous-avons-peur-de-la-consequence-sur-le-renouvellement-des-licencies\/\",\"name\":\"MIONS HANDBALL \\\" nous avons peur de la cons\u00e9quence sur le renouvellement des licenci\u00e9s \\\" - News Est Lyonnais\",\"isPartOf\":{\"@id\":\"https:\/\/newsestlyonnais.fr\/site\/#website\"},\"primaryImageOfPage\":{\"@id\":\"https:\/\/newsestlyonnais.fr\/site\/2021\/05\/03\/mions-handball-nous-avons-peur-de-la-consequence-sur-le-renouvellement-des-licencies\/#primaryimage\"},\"image\":{\"@id\":\"https:\/\/newsestlyonnais.fr\/site\/2021\/05\/03\/mions-handball-nous-avons-peur-de-la-consequence-sur-le-renouvellement-des-licencies\/#primaryimage\"},\"thumbnailUrl\":\"https:\/\/newsestlyonnais.fr\/site\/wp-content\/uploads\/2021\/05\/image2.jpeg\",\"datePublished\":\"2021-05-03T09:47:20+00:00\",\"dateModified\":\"2021-05-06T05:24:33+00:00\",\"description\":\"MIONS HANDBALL \u00bb nous avons peur de la cons\u00e9quence sur le renouvellement des licenci\u00e9s \u00ab\",\"breadcrumb\":{\"@id\":\"https:\/\/newsestlyonnais.fr\/site\/2021\/05\/03\/mions-handball-nous-avons-peur-de-la-consequence-sur-le-renouvellement-des-licencies\/#breadcrumb\"},\"inLanguage\":\"fr-FR\",\"potentialAction\":[{\"@type\":\"ReadAction\",\"target\":[\"https:\/\/newsestlyonnais.fr\/site\/2021\/05\/03\/mions-handball-nous-avons-peur-de-la-consequence-sur-le-renouvellement-des-licencies\/\"]}]},{\"@type\":\"ImageObject\",\"inLanguage\":\"fr-FR\",\"@id\":\"https:\/\/newsestlyonnais.fr\/site\/2021\/05\/03\/mions-handball-nous-avons-peur-de-la-consequence-sur-le-renouvellement-des-licencies\/#primaryimage\",\"url\":\"https:\/\/newsestlyonnais.fr\/site\/wp-content\/uploads\/2021\/05\/image2.jpeg\",\"contentUrl\":\"https:\/\/newsestlyonnais.fr\/site\/wp-content\/uploads\/2021\/05\/image2.jpeg\",\"width\":1115,\"height\":1200},{\"@type\":\"BreadcrumbList\",\"@id\":\"https:\/\/newsestlyonnais.fr\/site\/2021\/05\/03\/mions-handball-nous-avons-peur-de-la-consequence-sur-le-renouvellement-des-licencies\/#breadcrumb\",\"itemListElement\":[{\"@type\":\"ListItem\",\"position\":1,\"name\":\"Accueil\",\"item\":\"https:\/\/newsestlyonnais.fr\/site\/\"},{\"@type\":\"ListItem\",\"position\":2,\"name\":\"MIONS HANDBALL \u00a0\u00bb nous avons peur de la cons\u00e9quence sur le renouvellement des licenci\u00e9s \u00ab\u00a0\"}]},{\"@type\":\"WebSite\",\"@id\":\"https:\/\/newsestlyonnais.fr\/site\/#website\",\"url\":\"https:\/\/newsestlyonnais.fr\/site\/\",\"name\":\"News Est Lyonnais\",\"description\":\"L&#039;actualit\u00e9 au plus pr\u00e8s\",\"publisher\":{\"@id\":\"https:\/\/newsestlyonnais.fr\/site\/#organization\"},\"potentialAction\":[{\"@type\":\"SearchAction\",\"target\":{\"@type\":\"EntryPoint\",\"urlTemplate\":\"https:\/\/newsestlyonnais.fr\/site\/?s={search_term_string}\"},\"query-input\":{\"@type\":\"PropertyValueSpecification\",\"valueRequired\":true,\"valueName\":\"search_term_string\"}}],\"inLanguage\":\"fr-FR\"},{\"@type\":\"Organization\",\"@id\":\"https:\/\/newsestlyonnais.fr\/site\/#organization\",\"name\":\"News EST LYONNAIS\",\"url\":\"https:\/\/newsestlyonnais.fr\/site\/\",\"logo\":{\"@type\":\"ImageObject\",\"inLanguage\":\"fr-FR\",\"@id\":\"https:\/\/newsestlyonnais.fr\/site\/#\/schema\/logo\/image\/\",\"url\":\"\",\"contentUrl\":\"\",\"caption\":\"News EST LYONNAIS\"},\"image\":{\"@id\":\"https:\/\/newsestlyonnais.fr\/site\/#\/schema\/logo\/image\/\"}},{\"@type\":\"Person\",\"@id\":\"https:\/\/newsestlyonnais.fr\/site\/#\/schema\/person\/3230d5615f390bb808365d673001e887\",\"name\":\"R\u00e9dac. NEWS\",\"sameAs\":[\"http:\/\/www.newsestlyonnais.fr\",\"https:\/\/www.facebook.com\/pascal.oberson.1?fref=ts\",\"https:\/\/fr.linkedin.com\/in\/pascal-oberson-b17045113\"],\"url\":\"https:\/\/newsestlyonnais.fr\/site\/author\/nel\/\"}]}<\/script>\n<!-- \/ Yoast SEO plugin. -->","yoast_head_json":{"title":"MIONS HANDBALL \" nous avons peur de la cons\u00e9quence sur le renouvellement des licenci\u00e9s \" - News Est Lyonnais","description":"MIONS HANDBALL \u00bb nous avons peur de la cons\u00e9quence sur le renouvellement des licenci\u00e9s \u00ab","robots":{"index":"index","follow":"follow","max-snippet":"max-snippet:-1","max-image-preview":"max-image-preview:large","max-video-preview":"max-video-preview:-1"},"canonical":"https:\/\/newsestlyonnais.fr\/site\/2021\/05\/03\/mions-handball-nous-avons-peur-de-la-consequence-sur-le-renouvellement-des-licencies\/","og_locale":"fr_FR","og_type":"article","og_title":"MIONS HANDBALL \" nous avons peur de la cons\u00e9quence sur le renouvellement des licenci\u00e9s \" - News Est Lyonnais","og_description":"MIONS HANDBALL \u00bb nous avons peur de la cons\u00e9quence sur le renouvellement des licenci\u00e9s \u00ab","og_url":"https:\/\/newsestlyonnais.fr\/site\/2021\/05\/03\/mions-handball-nous-avons-peur-de-la-consequence-sur-le-renouvellement-des-licencies\/","og_site_name":"News Est Lyonnais","article_author":"https:\/\/www.facebook.com\/pascal.oberson.1?fref=ts","article_published_time":"2021-05-03T09:47:20+00:00","article_modified_time":"2021-05-06T05:24:33+00:00","og_image":[{"width":1115,"height":1200,"url":"https:\/\/i2.wp.com\/newsestlyonnais.fr\/site\/wp-content\/uploads\/2021\/05\/image2.jpeg?fit=1115%2C1200&ssl=1","type":"image\/jpeg"}],"author":"R\u00e9dac. NEWS","twitter_card":"summary_large_image","twitter_misc":{"\u00c9crit par":"R\u00e9dac. NEWS","Dur\u00e9e de lecture estim\u00e9e":"4 minutes"},"schema":{"@context":"https:\/\/schema.org","@graph":[{"@type":"Article","@id":"https:\/\/newsestlyonnais.fr\/site\/2021\/05\/03\/mions-handball-nous-avons-peur-de-la-consequence-sur-le-renouvellement-des-licencies\/#article","isPartOf":{"@id":"https:\/\/newsestlyonnais.fr\/site\/2021\/05\/03\/mions-handball-nous-avons-peur-de-la-consequence-sur-le-renouvellement-des-licencies\/"},"author":{"name":"R\u00e9dac. NEWS","@id":"https:\/\/newsestlyonnais.fr\/site\/#\/schema\/person\/3230d5615f390bb808365d673001e887"},"headline":"MIONS HANDBALL \u00a0\u00bb nous avons peur de la cons\u00e9quence sur le renouvellement des licenci\u00e9s \u00ab\u00a0","datePublished":"2021-05-03T09:47:20+00:00","dateModified":"2021-05-06T05:24:33+00:00","mainEntityOfPage":{"@id":"https:\/\/newsestlyonnais.fr\/site\/2021\/05\/03\/mions-handball-nous-avons-peur-de-la-consequence-sur-le-renouvellement-des-licencies\/"},"wordCount":676,"commentCount":0,"publisher":{"@id":"https:\/\/newsestlyonnais.fr\/site\/#organization"},"image":{"@id":"https:\/\/newsestlyonnais.fr\/site\/2021\/05\/03\/mions-handball-nous-avons-peur-de-la-consequence-sur-le-renouvellement-des-licencies\/#primaryimage"},"thumbnailUrl":"https:\/\/newsestlyonnais.fr\/site\/wp-content\/uploads\/2021\/05\/image2.jpeg","keywords":["HANDBALL","MIONS","MIONS HANDBALL"],"articleSection":["1 jour, 1 association","Basket | Hand | Volley","Hand","Mions"],"inLanguage":"fr-FR","potentialAction":[{"@type":"CommentAction","name":"Comment","target":["https:\/\/newsestlyonnais.fr\/site\/2021\/05\/03\/mions-handball-nous-avons-peur-de-la-consequence-sur-le-renouvellement-des-licencies\/#respond"]}]},{"@type":"WebPage","@id":"https:\/\/newsestlyonnais.fr\/site\/2021\/05\/03\/mions-handball-nous-avons-peur-de-la-consequence-sur-le-renouvellement-des-licencies\/","url":"https:\/\/newsestlyonnais.fr\/site\/2021\/05\/03\/mions-handball-nous-avons-peur-de-la-consequence-sur-le-renouvellement-des-licencies\/","name":"MIONS HANDBALL \" nous avons peur de la cons\u00e9quence sur le renouvellement des licenci\u00e9s \" - News Est Lyonnais","isPartOf":{"@id":"https:\/\/newsestlyonnais.fr\/site\/#website"},"primaryImageOfPage":{"@id":"https:\/\/newsestlyonnais.fr\/site\/2021\/05\/03\/mions-handball-nous-avons-peur-de-la-consequence-sur-le-renouvellement-des-licencies\/#primaryimage"},"image":{"@id":"https:\/\/newsestlyonnais.fr\/site\/2021\/05\/03\/mions-handball-nous-avons-peur-de-la-consequence-sur-le-renouvellement-des-licencies\/#primaryimage"},"thumbnailUrl":"https:\/\/newsestlyonnais.fr\/site\/wp-content\/uploads\/2021\/05\/image2.jpeg","datePublished":"2021-05-03T09:47:20+00:00","dateModified":"2021-05-06T05:24:33+00:00","description":"MIONS HANDBALL \u00bb nous avons peur de la cons\u00e9quence sur le renouvellement des licenci\u00e9s \u00ab","breadcrumb":{"@id":"https:\/\/newsestlyonnais.fr\/site\/2021\/05\/03\/mions-handball-nous-avons-peur-de-la-consequence-sur-le-renouvellement-des-licencies\/#breadcrumb"},"inLanguage":"fr-FR","potentialAction":[{"@type":"ReadAction","target":["https:\/\/newsestlyonnais.fr\/site\/2021\/05\/03\/mions-handball-nous-avons-peur-de-la-consequence-sur-le-renouvellement-des-licencies\/"]}]},{"@type":"ImageObject","inLanguage":"fr-FR","@id":"https:\/\/newsestlyonnais.fr\/site\/2021\/05\/03\/mions-handball-nous-avons-peur-de-la-consequence-sur-le-renouvellement-des-licencies\/#primaryimage","url":"https:\/\/newsestlyonnais.fr\/site\/wp-content\/uploads\/2021\/05\/image2.jpeg","contentUrl":"https:\/\/newsestlyonnais.fr\/site\/wp-content\/uploads\/2021\/05\/image2.jpeg","width":1115,"height":1200},{"@type":"BreadcrumbList","@id":"https:\/\/newsestlyonnais.fr\/site\/2021\/05\/03\/mions-handball-nous-avons-peur-de-la-consequence-sur-le-renouvellement-des-licencies\/#breadcrumb","itemListElement":[{"@type":"ListItem","position":1,"name":"Accueil","item":"https:\/\/newsestlyonnais.fr\/site\/"},{"@type":"ListItem","position":2,"name":"MIONS HANDBALL \u00a0\u00bb nous avons peur de la cons\u00e9quence sur le renouvellement des licenci\u00e9s \u00ab\u00a0"}]},{"@type":"WebSite","@id":"https:\/\/newsestlyonnais.fr\/site\/#website","url":"https:\/\/newsestlyonnais.fr\/site\/","name":"News Est Lyonnais","description":"L&#039;actualit\u00e9 au plus pr\u00e8s","publisher":{"@id":"https:\/\/newsestlyonnais.fr\/site\/#organization"},"potentialAction":[{"@type":"SearchAction","target":{"@type":"EntryPoint","urlTemplate":"https:\/\/newsestlyonnais.fr\/site\/?s={search_term_string}"},"query-input":{"@type":"PropertyValueSpecification","valueRequired":true,"valueName":"search_term_string"}}],"inLanguage":"fr-FR"},{"@type":"Organization","@id":"https:\/\/newsestlyonnais.fr\/site\/#organization","name":"News EST LYONNAIS","url":"https:\/\/newsestlyonnais.fr\/site\/","logo":{"@type":"ImageObject","inLanguage":"fr-FR","@id":"https:\/\/newsestlyonnais.fr\/site\/#\/schema\/logo\/image\/","url":"","contentUrl":"","caption":"News EST LYONNAIS"},"image":{"@id":"https:\/\/newsestlyonnais.fr\/site\/#\/schema\/logo\/image\/"}},{"@type":"Person","@id":"https:\/\/newsestlyonnais.fr\/site\/#\/schema\/person\/3230d5615f390bb808365d673001e887","name":"R\u00e9dac. NEWS","sameAs":["http:\/\/www.newsestlyonnais.fr","https:\/\/www.facebook.com\/pascal.oberson.1?fref=ts","https:\/\/fr.linkedin.com\/in\/pascal-oberson-b17045113"],"url":"https:\/\/newsestlyonnais.fr\/site\/author\/nel\/"}]}},"_links":{"self":[{"href":"https:\/\/newsestlyonnais.fr\/site\/wp-json\/wp\/v2\/posts\/129545","targetHints":{"allow":["GET"]}}],"collection":[{"href":"https:\/\/newsestlyonnais.fr\/site\/wp-json\/wp\/v2\/posts"}],"about":[{"href":"https:\/\/newsestlyonnais.fr\/site\/wp-json\/wp\/v2\/types\/post"}],"author":[{"embeddable":true,"href":"https:\/\/newsestlyonnais.fr\/site\/wp-json\/wp\/v2\/users\/4"}],"replies":[{"embeddable":true,"href":"https:\/\/newsestlyonnais.fr\/site\/wp-json\/wp\/v2\/comments?post=129545"}],"version-history":[{"count":0,"href":"https:\/\/newsestlyonnais.fr\/site\/wp-json\/wp\/v2\/posts\/129545\/revisions"}],"wp:featuredmedia":[{"embeddable":true,"href":"https:\/\/newsestlyonnais.fr\/site\/wp-json\/wp\/v2\/media\/129548"}],"wp:attachment":[{"href":"https:\/\/newsestlyonnais.fr\/site\/wp-json\/wp\/v2\/media?parent=129545"}],"wp:term":[{"taxonomy":"category","embeddable":true,"href":"https:\/\/newsestlyonnais.fr\/site\/wp-json\/wp\/v2\/categories?post=129545"},{"taxonomy":"post_tag","embeddable":true,"href":"https:\/\/newsestlyonnais.fr\/site\/wp-json\/wp\/v2\/tags?post=129545"}],"curies":[{"name":"wp","href":"https:\/\/api.w.org\/{rel}","templated":true}]}}