{"id":129581,"date":"2021-05-03T15:18:50","date_gmt":"2021-05-03T14:18:50","guid":{"rendered":"https:\/\/newsestlyonnais.fr\/site\/?p=129581"},"modified":"2021-05-03T15:18:50","modified_gmt":"2021-05-03T14:18:50","slug":"venissieux-lutte-contre-lisolement-des-personnes-agees","status":"publish","type":"post","link":"https:\/\/newsestlyonnais.fr\/site\/2021\/05\/03\/venissieux-lutte-contre-lisolement-des-personnes-agees\/","title":{"rendered":"VENISSIEUX | Lutte contre l\u2019isolement des personnes \u00e2g\u00e9es"},"content":{"rendered":"<div>\n<p class=\" text-justify\"><b>Ceci afin d\u2019identifier des situations de personnes \u00e2g\u00e9es isol\u00e9es de plus de 65 ans, non suivies par les services sociaux municipaux ou m\u00e9tropolitains, et n\u00e9cessitant un accompagnement ponctuel ou durable au niveau social ou sanitaire.<\/b><\/p>\n<p class=\" text-justify\">Le contrat communal 2020-2026 est articul\u00e9, autour du quotidien de tous les habitants, au plus pr\u00e8s de leurs attentes et de leurs droits universels, en mati\u00e8re de sant\u00e9, de s\u00e9curit\u00e9, d\u2019\u00e9ducation, de culture, de sport pour tous, \u2026 <b>Le vivre ensemble est un enjeu majeur de notre mandat, un enjeu majeur pour V\u00e9nissieux et les V\u00e9nissians, tous les V\u00e9nissians. <\/b><\/p>\n<p class=\" text-justify\">Au travers de\u00a0ses politiques de proximit\u00e9 et de ses investissements \u00e0 l\u2019\u00e9gard du 3<sup>\u00e8me<\/sup> \u00e2ge, la Ville de V\u00e9nissieux d\u00e9fend le droit \u00e0 une vie digne et \u00e9panouissante pour tous nos a\u00een\u00e9s. C\u2019est dans cecadre que s\u2019inscrit <b>notre objectif d\u2019amplifier la lutte contre l\u2019isolement des personnes \u00e2g\u00e9es, parce que maintenir le lien social est primordial.<\/b><\/p>\n<p class=\" text-justify\">La Ville de V\u00e9nissieux, et plus particuli\u00e8rement le p\u00f4le 3<sup>\u00e8me<\/sup> \u00e2ge, proposent de r\u00e9unir, 1 fois par trimestre<b>, <\/b>les partenaires et les acteurs intervenant sur le territoire v\u00e9nissian. <b>L\u2019occasion d\u2019\u00e9changer sur les situations rencontr\u00e9es et de proposer \u00e0 la personne \u00e2g\u00e9e, si n\u00e9cessaire, un suivi adapt\u00e9.<\/b>\u00a0 Une premi\u00e8re rencontre, fin avril, a permis de lancer le travail.<\/p>\n<p class=\" text-justify\">Les partenaires et acteurs sollicit\u00e9s sont : les associations Les Petits fr\u00e8res des pauvres et le Secours populaire, les maisons de la M\u00e9tropole de Lyon, les centres sociaux, La Poste, la coordonnatrice sociale de la Communaut\u00e9 professionnelle de sant\u00e9 territoriale (CPTS) de V\u00e9nissieux, l\u2019Office municipal des retrait\u00e9s, ou encore les adjointes au maire en charge des conseils de quartier et celle en charge de la sant\u00e9.<\/p>\n<p class=\" text-justify\"><strong>Le p\u00f4le 3<sup>\u00e8me<\/sup> \u00e2ge<\/strong>, en veille permanente, reste disponible concernant toute demande relative \u00e0 une situation \u00e0 domicile d\u2019une personne \u00e2g\u00e9e en difficult\u00e9 et isol\u00e9e. Il est joignable au 04 72 31 43 00 aux heures d\u2019ouverture de l\u2019H\u00f4tel de Ville.<\/p>\n<hr \/>\n<p class=\" text-justify\"><strong>Pour rappel<\/strong>, le CCAS a accueilli en ce d\u00e9but d\u2019ann\u00e9e 2021, 2 jeunes en contrat de service civique, charg\u00e9s de rendre visite aux personnes \u00e2g\u00e9es isol\u00e9es, afin de rompre ce sentiment de solitude, et de recr\u00e9er avec elles, une proximit\u00e9 et des relations humaines si importantes aujourd\u2019hui. Enfin, depuis janvier 2021, un accueil de jour m\u00e9dicalis\u00e9 est ouvert \u00e0 la r\u00e9sidence Ludovic-Bonin, en compl\u00e9ment de l\u2019accueil non m\u00e9dicalis\u00e9 senior existant.<\/p>\n<hr \/>\n<hr \/>\n<p>&nbsp;<\/p>\n<\/div>\n","protected":false},"excerpt":{"rendered":"<p>La Ville a impuls\u00e9 la cr\u00e9ation d\u2019une cellule partenariale de veille.<\/p>\n","protected":false},"author":4,"featured_media":129582,"comment_status":"open","ping_status":"open","sticky":false,"template":"","format":"standard","meta":{"footnotes":""},"categories":[2217,1219,18,1298],"tags":[2131,2067],"class_list":["post-129581","post","type-post","status-publish","format-standard","has-post-thumbnail","hentry","category-breves-de-lest-lyonnais","category-religion-seniors-souvenir","category-sante-bien-etre-solidarite","category-venissieux","tag-seniors","tag-venissieux"],"yoast_head":"<!-- This site is optimized with the Yoast SEO plugin v27.2 - https:\/\/yoast.com\/product\/yoast-seo-wordpress\/ -->\n<title>VENISSIEUX | Lutte contre l\u2019isolement des personnes \u00e2g\u00e9es - News Est Lyonnais<\/title>\n<meta name=\"description\" content=\"VENISSIEUX | Lutte contre l\u2019isolement des personnes \u00e2g\u00e9es\" \/>\n<meta name=\"robots\" content=\"index, follow, max-snippet:-1, max-image-preview:large, max-video-preview:-1\" \/>\n<link rel=\"canonical\" href=\"https:\/\/newsestlyonnais.fr\/site\/2021\/05\/03\/venissieux-lutte-contre-lisolement-des-personnes-agees\/\" \/>\n<meta property=\"og:locale\" content=\"fr_FR\" \/>\n<meta property=\"og:type\" content=\"article\" \/>\n<meta property=\"og:title\" content=\"VENISSIEUX | Lutte contre l\u2019isolement des personnes \u00e2g\u00e9es - News Est Lyonnais\" \/>\n<meta property=\"og:description\" content=\"VENISSIEUX | Lutte contre l\u2019isolement des personnes \u00e2g\u00e9es\" \/>\n<meta property=\"og:url\" content=\"https:\/\/newsestlyonnais.fr\/site\/2021\/05\/03\/venissieux-lutte-contre-lisolement-des-personnes-agees\/\" \/>\n<meta property=\"og:site_name\" content=\"News Est Lyonnais\" \/>\n<meta property=\"article:author\" content=\"https:\/\/www.facebook.com\/pascal.oberson.1?fref=ts\" \/>\n<meta property=\"article:published_time\" content=\"2021-05-03T14:18:50+00:00\" \/>\n<meta property=\"og:image\" content=\"https:\/\/i1.wp.com\/newsestlyonnais.fr\/site\/wp-content\/uploads\/2021\/05\/Lutte-contre-l-isolement-des-personnes-agees-creation-d-une-cellule-partenariale-de-veille_pressrelease.jpg?fit=642%2C428&ssl=1\" \/>\n\t<meta property=\"og:image:width\" content=\"642\" \/>\n\t<meta property=\"og:image:height\" content=\"428\" \/>\n\t<meta property=\"og:image:type\" content=\"image\/jpeg\" \/>\n<meta name=\"author\" content=\"R\u00e9dac. NEWS\" \/>\n<meta name=\"twitter:card\" content=\"summary_large_image\" \/>\n<meta name=\"twitter:label1\" content=\"\u00c9crit par\" \/>\n\t<meta name=\"twitter:data1\" content=\"R\u00e9dac. NEWS\" \/>\n\t<meta name=\"twitter:label2\" content=\"Dur\u00e9e de lecture estim\u00e9e\" \/>\n\t<meta name=\"twitter:data2\" content=\"2 minutes\" \/>\n<script type=\"application\/ld+json\" class=\"yoast-schema-graph\">{\"@context\":\"https:\/\/schema.org\",\"@graph\":[{\"@type\":\"Article\",\"@id\":\"https:\/\/newsestlyonnais.fr\/site\/2021\/05\/03\/venissieux-lutte-contre-lisolement-des-personnes-agees\/#article\",\"isPartOf\":{\"@id\":\"https:\/\/newsestlyonnais.fr\/site\/2021\/05\/03\/venissieux-lutte-contre-lisolement-des-personnes-agees\/\"},\"author\":{\"name\":\"R\u00e9dac. NEWS\",\"@id\":\"https:\/\/newsestlyonnais.fr\/site\/#\/schema\/person\/3230d5615f390bb808365d673001e887\"},\"headline\":\"VENISSIEUX | Lutte contre l\u2019isolement des personnes \u00e2g\u00e9es\",\"datePublished\":\"2021-05-03T14:18:50+00:00\",\"mainEntityOfPage\":{\"@id\":\"https:\/\/newsestlyonnais.fr\/site\/2021\/05\/03\/venissieux-lutte-contre-lisolement-des-personnes-agees\/\"},\"wordCount\":435,\"commentCount\":0,\"publisher\":{\"@id\":\"https:\/\/newsestlyonnais.fr\/site\/#organization\"},\"image\":{\"@id\":\"https:\/\/newsestlyonnais.fr\/site\/2021\/05\/03\/venissieux-lutte-contre-lisolement-des-personnes-agees\/#primaryimage\"},\"thumbnailUrl\":\"https:\/\/newsestlyonnais.fr\/site\/wp-content\/uploads\/2021\/05\/Lutte-contre-l-isolement-des-personnes-agees-creation-d-une-cellule-partenariale-de-veille_pressrelease.jpg\",\"keywords\":[\"SENIORS\",\"VENISSIEUX\"],\"articleSection\":[\"Br\u00e8ves de l'Est lyonnais\",\"Religion | Seniors | Souvenir\",\"Sant\u00e9 | Bien Etre | Solidarit\u00e9\",\"V\u00e9nissieux\"],\"inLanguage\":\"fr-FR\",\"potentialAction\":[{\"@type\":\"CommentAction\",\"name\":\"Comment\",\"target\":[\"https:\/\/newsestlyonnais.fr\/site\/2021\/05\/03\/venissieux-lutte-contre-lisolement-des-personnes-agees\/#respond\"]}]},{\"@type\":\"WebPage\",\"@id\":\"https:\/\/newsestlyonnais.fr\/site\/2021\/05\/03\/venissieux-lutte-contre-lisolement-des-personnes-agees\/\",\"url\":\"https:\/\/newsestlyonnais.fr\/site\/2021\/05\/03\/venissieux-lutte-contre-lisolement-des-personnes-agees\/\",\"name\":\"VENISSIEUX | Lutte contre l\u2019isolement des personnes \u00e2g\u00e9es - News Est Lyonnais\",\"isPartOf\":{\"@id\":\"https:\/\/newsestlyonnais.fr\/site\/#website\"},\"primaryImageOfPage\":{\"@id\":\"https:\/\/newsestlyonnais.fr\/site\/2021\/05\/03\/venissieux-lutte-contre-lisolement-des-personnes-agees\/#primaryimage\"},\"image\":{\"@id\":\"https:\/\/newsestlyonnais.fr\/site\/2021\/05\/03\/venissieux-lutte-contre-lisolement-des-personnes-agees\/#primaryimage\"},\"thumbnailUrl\":\"https:\/\/newsestlyonnais.fr\/site\/wp-content\/uploads\/2021\/05\/Lutte-contre-l-isolement-des-personnes-agees-creation-d-une-cellule-partenariale-de-veille_pressrelease.jpg\",\"datePublished\":\"2021-05-03T14:18:50+00:00\",\"description\":\"VENISSIEUX | Lutte contre l\u2019isolement des personnes \u00e2g\u00e9es\",\"breadcrumb\":{\"@id\":\"https:\/\/newsestlyonnais.fr\/site\/2021\/05\/03\/venissieux-lutte-contre-lisolement-des-personnes-agees\/#breadcrumb\"},\"inLanguage\":\"fr-FR\",\"potentialAction\":[{\"@type\":\"ReadAction\",\"target\":[\"https:\/\/newsestlyonnais.fr\/site\/2021\/05\/03\/venissieux-lutte-contre-lisolement-des-personnes-agees\/\"]}]},{\"@type\":\"ImageObject\",\"inLanguage\":\"fr-FR\",\"@id\":\"https:\/\/newsestlyonnais.fr\/site\/2021\/05\/03\/venissieux-lutte-contre-lisolement-des-personnes-agees\/#primaryimage\",\"url\":\"https:\/\/newsestlyonnais.fr\/site\/wp-content\/uploads\/2021\/05\/Lutte-contre-l-isolement-des-personnes-agees-creation-d-une-cellule-partenariale-de-veille_pressrelease.jpg\",\"contentUrl\":\"https:\/\/newsestlyonnais.fr\/site\/wp-content\/uploads\/2021\/05\/Lutte-contre-l-isolement-des-personnes-agees-creation-d-une-cellule-partenariale-de-veille_pressrelease.jpg\",\"width\":642,\"height\":428},{\"@type\":\"BreadcrumbList\",\"@id\":\"https:\/\/newsestlyonnais.fr\/site\/2021\/05\/03\/venissieux-lutte-contre-lisolement-des-personnes-agees\/#breadcrumb\",\"itemListElement\":[{\"@type\":\"ListItem\",\"position\":1,\"name\":\"Accueil\",\"item\":\"https:\/\/newsestlyonnais.fr\/site\/\"},{\"@type\":\"ListItem\",\"position\":2,\"name\":\"VENISSIEUX | Lutte contre l\u2019isolement des personnes \u00e2g\u00e9es\"}]},{\"@type\":\"WebSite\",\"@id\":\"https:\/\/newsestlyonnais.fr\/site\/#website\",\"url\":\"https:\/\/newsestlyonnais.fr\/site\/\",\"name\":\"News Est Lyonnais\",\"description\":\"L&#039;actualit\u00e9 au plus pr\u00e8s\",\"publisher\":{\"@id\":\"https:\/\/newsestlyonnais.fr\/site\/#organization\"},\"potentialAction\":[{\"@type\":\"SearchAction\",\"target\":{\"@type\":\"EntryPoint\",\"urlTemplate\":\"https:\/\/newsestlyonnais.fr\/site\/?s={search_term_string}\"},\"query-input\":{\"@type\":\"PropertyValueSpecification\",\"valueRequired\":true,\"valueName\":\"search_term_string\"}}],\"inLanguage\":\"fr-FR\"},{\"@type\":\"Organization\",\"@id\":\"https:\/\/newsestlyonnais.fr\/site\/#organization\",\"name\":\"News EST LYONNAIS\",\"url\":\"https:\/\/newsestlyonnais.fr\/site\/\",\"logo\":{\"@type\":\"ImageObject\",\"inLanguage\":\"fr-FR\",\"@id\":\"https:\/\/newsestlyonnais.fr\/site\/#\/schema\/logo\/image\/\",\"url\":\"\",\"contentUrl\":\"\",\"caption\":\"News EST LYONNAIS\"},\"image\":{\"@id\":\"https:\/\/newsestlyonnais.fr\/site\/#\/schema\/logo\/image\/\"}},{\"@type\":\"Person\",\"@id\":\"https:\/\/newsestlyonnais.fr\/site\/#\/schema\/person\/3230d5615f390bb808365d673001e887\",\"name\":\"R\u00e9dac. NEWS\",\"sameAs\":[\"http:\/\/www.newsestlyonnais.fr\",\"https:\/\/www.facebook.com\/pascal.oberson.1?fref=ts\",\"https:\/\/fr.linkedin.com\/in\/pascal-oberson-b17045113\"],\"url\":\"https:\/\/newsestlyonnais.fr\/site\/author\/nel\/\"}]}<\/script>\n<!-- \/ Yoast SEO plugin. -->","yoast_head_json":{"title":"VENISSIEUX | Lutte contre l\u2019isolement des personnes \u00e2g\u00e9es - News Est Lyonnais","description":"VENISSIEUX | Lutte contre l\u2019isolement des personnes \u00e2g\u00e9es","robots":{"index":"index","follow":"follow","max-snippet":"max-snippet:-1","max-image-preview":"max-image-preview:large","max-video-preview":"max-video-preview:-1"},"canonical":"https:\/\/newsestlyonnais.fr\/site\/2021\/05\/03\/venissieux-lutte-contre-lisolement-des-personnes-agees\/","og_locale":"fr_FR","og_type":"article","og_title":"VENISSIEUX | Lutte contre l\u2019isolement des personnes \u00e2g\u00e9es - News Est Lyonnais","og_description":"VENISSIEUX | Lutte contre l\u2019isolement des personnes \u00e2g\u00e9es","og_url":"https:\/\/newsestlyonnais.fr\/site\/2021\/05\/03\/venissieux-lutte-contre-lisolement-des-personnes-agees\/","og_site_name":"News Est Lyonnais","article_author":"https:\/\/www.facebook.com\/pascal.oberson.1?fref=ts","article_published_time":"2021-05-03T14:18:50+00:00","og_image":[{"width":642,"height":428,"url":"https:\/\/i1.wp.com\/newsestlyonnais.fr\/site\/wp-content\/uploads\/2021\/05\/Lutte-contre-l-isolement-des-personnes-agees-creation-d-une-cellule-partenariale-de-veille_pressrelease.jpg?fit=642%2C428&ssl=1","type":"image\/jpeg"}],"author":"R\u00e9dac. NEWS","twitter_card":"summary_large_image","twitter_misc":{"\u00c9crit par":"R\u00e9dac. NEWS","Dur\u00e9e de lecture estim\u00e9e":"2 minutes"},"schema":{"@context":"https:\/\/schema.org","@graph":[{"@type":"Article","@id":"https:\/\/newsestlyonnais.fr\/site\/2021\/05\/03\/venissieux-lutte-contre-lisolement-des-personnes-agees\/#article","isPartOf":{"@id":"https:\/\/newsestlyonnais.fr\/site\/2021\/05\/03\/venissieux-lutte-contre-lisolement-des-personnes-agees\/"},"author":{"name":"R\u00e9dac. NEWS","@id":"https:\/\/newsestlyonnais.fr\/site\/#\/schema\/person\/3230d5615f390bb808365d673001e887"},"headline":"VENISSIEUX | Lutte contre l\u2019isolement des personnes \u00e2g\u00e9es","datePublished":"2021-05-03T14:18:50+00:00","mainEntityOfPage":{"@id":"https:\/\/newsestlyonnais.fr\/site\/2021\/05\/03\/venissieux-lutte-contre-lisolement-des-personnes-agees\/"},"wordCount":435,"commentCount":0,"publisher":{"@id":"https:\/\/newsestlyonnais.fr\/site\/#organization"},"image":{"@id":"https:\/\/newsestlyonnais.fr\/site\/2021\/05\/03\/venissieux-lutte-contre-lisolement-des-personnes-agees\/#primaryimage"},"thumbnailUrl":"https:\/\/newsestlyonnais.fr\/site\/wp-content\/uploads\/2021\/05\/Lutte-contre-l-isolement-des-personnes-agees-creation-d-une-cellule-partenariale-de-veille_pressrelease.jpg","keywords":["SENIORS","VENISSIEUX"],"articleSection":["Br\u00e8ves de l'Est lyonnais","Religion | Seniors | Souvenir","Sant\u00e9 | Bien Etre | Solidarit\u00e9","V\u00e9nissieux"],"inLanguage":"fr-FR","potentialAction":[{"@type":"CommentAction","name":"Comment","target":["https:\/\/newsestlyonnais.fr\/site\/2021\/05\/03\/venissieux-lutte-contre-lisolement-des-personnes-agees\/#respond"]}]},{"@type":"WebPage","@id":"https:\/\/newsestlyonnais.fr\/site\/2021\/05\/03\/venissieux-lutte-contre-lisolement-des-personnes-agees\/","url":"https:\/\/newsestlyonnais.fr\/site\/2021\/05\/03\/venissieux-lutte-contre-lisolement-des-personnes-agees\/","name":"VENISSIEUX | Lutte contre l\u2019isolement des personnes \u00e2g\u00e9es - News Est Lyonnais","isPartOf":{"@id":"https:\/\/newsestlyonnais.fr\/site\/#website"},"primaryImageOfPage":{"@id":"https:\/\/newsestlyonnais.fr\/site\/2021\/05\/03\/venissieux-lutte-contre-lisolement-des-personnes-agees\/#primaryimage"},"image":{"@id":"https:\/\/newsestlyonnais.fr\/site\/2021\/05\/03\/venissieux-lutte-contre-lisolement-des-personnes-agees\/#primaryimage"},"thumbnailUrl":"https:\/\/newsestlyonnais.fr\/site\/wp-content\/uploads\/2021\/05\/Lutte-contre-l-isolement-des-personnes-agees-creation-d-une-cellule-partenariale-de-veille_pressrelease.jpg","datePublished":"2021-05-03T14:18:50+00:00","description":"VENISSIEUX | Lutte contre l\u2019isolement des personnes \u00e2g\u00e9es","breadcrumb":{"@id":"https:\/\/newsestlyonnais.fr\/site\/2021\/05\/03\/venissieux-lutte-contre-lisolement-des-personnes-agees\/#breadcrumb"},"inLanguage":"fr-FR","potentialAction":[{"@type":"ReadAction","target":["https:\/\/newsestlyonnais.fr\/site\/2021\/05\/03\/venissieux-lutte-contre-lisolement-des-personnes-agees\/"]}]},{"@type":"ImageObject","inLanguage":"fr-FR","@id":"https:\/\/newsestlyonnais.fr\/site\/2021\/05\/03\/venissieux-lutte-contre-lisolement-des-personnes-agees\/#primaryimage","url":"https:\/\/newsestlyonnais.fr\/site\/wp-content\/uploads\/2021\/05\/Lutte-contre-l-isolement-des-personnes-agees-creation-d-une-cellule-partenariale-de-veille_pressrelease.jpg","contentUrl":"https:\/\/newsestlyonnais.fr\/site\/wp-content\/uploads\/2021\/05\/Lutte-contre-l-isolement-des-personnes-agees-creation-d-une-cellule-partenariale-de-veille_pressrelease.jpg","width":642,"height":428},{"@type":"BreadcrumbList","@id":"https:\/\/newsestlyonnais.fr\/site\/2021\/05\/03\/venissieux-lutte-contre-lisolement-des-personnes-agees\/#breadcrumb","itemListElement":[{"@type":"ListItem","position":1,"name":"Accueil","item":"https:\/\/newsestlyonnais.fr\/site\/"},{"@type":"ListItem","position":2,"name":"VENISSIEUX | Lutte contre l\u2019isolement des personnes \u00e2g\u00e9es"}]},{"@type":"WebSite","@id":"https:\/\/newsestlyonnais.fr\/site\/#website","url":"https:\/\/newsestlyonnais.fr\/site\/","name":"News Est Lyonnais","description":"L&#039;actualit\u00e9 au plus pr\u00e8s","publisher":{"@id":"https:\/\/newsestlyonnais.fr\/site\/#organization"},"potentialAction":[{"@type":"SearchAction","target":{"@type":"EntryPoint","urlTemplate":"https:\/\/newsestlyonnais.fr\/site\/?s={search_term_string}"},"query-input":{"@type":"PropertyValueSpecification","valueRequired":true,"valueName":"search_term_string"}}],"inLanguage":"fr-FR"},{"@type":"Organization","@id":"https:\/\/newsestlyonnais.fr\/site\/#organization","name":"News EST LYONNAIS","url":"https:\/\/newsestlyonnais.fr\/site\/","logo":{"@type":"ImageObject","inLanguage":"fr-FR","@id":"https:\/\/newsestlyonnais.fr\/site\/#\/schema\/logo\/image\/","url":"","contentUrl":"","caption":"News EST LYONNAIS"},"image":{"@id":"https:\/\/newsestlyonnais.fr\/site\/#\/schema\/logo\/image\/"}},{"@type":"Person","@id":"https:\/\/newsestlyonnais.fr\/site\/#\/schema\/person\/3230d5615f390bb808365d673001e887","name":"R\u00e9dac. NEWS","sameAs":["http:\/\/www.newsestlyonnais.fr","https:\/\/www.facebook.com\/pascal.oberson.1?fref=ts","https:\/\/fr.linkedin.com\/in\/pascal-oberson-b17045113"],"url":"https:\/\/newsestlyonnais.fr\/site\/author\/nel\/"}]}},"_links":{"self":[{"href":"https:\/\/newsestlyonnais.fr\/site\/wp-json\/wp\/v2\/posts\/129581","targetHints":{"allow":["GET"]}}],"collection":[{"href":"https:\/\/newsestlyonnais.fr\/site\/wp-json\/wp\/v2\/posts"}],"about":[{"href":"https:\/\/newsestlyonnais.fr\/site\/wp-json\/wp\/v2\/types\/post"}],"author":[{"embeddable":true,"href":"https:\/\/newsestlyonnais.fr\/site\/wp-json\/wp\/v2\/users\/4"}],"replies":[{"embeddable":true,"href":"https:\/\/newsestlyonnais.fr\/site\/wp-json\/wp\/v2\/comments?post=129581"}],"version-history":[{"count":0,"href":"https:\/\/newsestlyonnais.fr\/site\/wp-json\/wp\/v2\/posts\/129581\/revisions"}],"wp:featuredmedia":[{"embeddable":true,"href":"https:\/\/newsestlyonnais.fr\/site\/wp-json\/wp\/v2\/media\/129582"}],"wp:attachment":[{"href":"https:\/\/newsestlyonnais.fr\/site\/wp-json\/wp\/v2\/media?parent=129581"}],"wp:term":[{"taxonomy":"category","embeddable":true,"href":"https:\/\/newsestlyonnais.fr\/site\/wp-json\/wp\/v2\/categories?post=129581"},{"taxonomy":"post_tag","embeddable":true,"href":"https:\/\/newsestlyonnais.fr\/site\/wp-json\/wp\/v2\/tags?post=129581"}],"curies":[{"name":"wp","href":"https:\/\/api.w.org\/{rel}","templated":true}]}}