{"id":129589,"date":"2021-05-04T05:06:53","date_gmt":"2021-05-04T04:06:53","guid":{"rendered":"https:\/\/newsestlyonnais.fr\/site\/?p=129589"},"modified":"2021-07-05T08:41:10","modified_gmt":"2021-07-05T07:41:10","slug":"courir-a-tignieu-jameyzieu-le-club-continue-de-grandir-on-a-double-le-nombre-dinscriptions","status":"publish","type":"post","link":"https:\/\/newsestlyonnais.fr\/site\/2021\/05\/04\/courir-a-tignieu-jameyzieu-le-club-continue-de-grandir-on-a-double-le-nombre-dinscriptions\/","title":{"rendered":"\u00ab\u00a0Courir \u00e0 Tignieu Jameyzieu\u00a0\u00bb | \u00ab\u00a0Le club continue de grandir, a doubl\u00e9 le nombre d\u2019inscriptions\u00a0\u00bb"},"content":{"rendered":"<p>Ce mardi, c\u2019est <strong>Ren\u00e9 Terrier, pr\u00e9sident du club depuis juin 2019<\/strong>, qui r\u00e9pond aux questions de la r\u00e9daction :<\/p>\n<hr \/>\n<ul>\n<li><span style=\"font-size: 14pt;\"><strong><u>Quelle est son activit\u00e9 et effectif actuel<\/u><\/strong><strong> ?<\/strong><\/span><\/li>\n<\/ul>\n<p>\u00bb Club : <strong>Courir \u00e0 Tignieu Jameyzieu (CATJ<\/strong>). Activit\u00e9 principale<strong> : course \u00e0 pied<\/strong>.<\/p>\n<p>Effectif \u00e0 ce jour : <strong>55 adh\u00e9rents<\/strong> (24 femmes, 31 hommes dont des ados : 2 filles et 5 gar\u00e7ons).<\/p>\n<p>Composition du bureau : Pr\u00e9sident : Ren\u00e9 TERRIER \/ Vice pr\u00e9sident : J\u00e9r\u00f4me CHEDDIN \/ Secr\u00e9taire Adjoint : Jean-Marie BREME \/ Tr\u00e9sori\u00e8re : Norah OUTALEB \/ Secr\u00e9taire : Lucette MIOLANE.<br \/>\nNous avons <strong>4 r\u00e9f\u00e9rents pour la course<\/strong> : Christine, Audrey, Julien et Michel \u00ab.<\/p>\n<hr \/>\n<ul>\n<li><span style=\"font-size: 14pt;\"><strong><span style=\"text-decoration: underline;\">Comment s\u2019\u00e9tait pass\u00e9 le 1\u00b0 confinement et aviez vous mis du personnel au ch\u00f4mage<\/span> ?<\/strong><\/span><\/li>\n<\/ul>\n<p>\u00bb <strong>Le club est enti\u00e8rement constitu\u00e9 de b\u00e9n\u00e9voles donc pas de licenciement<\/strong>. L\u2019entrainement a \u00e9t\u00e9 tr\u00e8s limit\u00e9 voire individuel : distance 1 km du domicile, dur\u00e9e max 1 heure.<\/p>\n<p><strong>Le contact a \u00e9t\u00e9 maintenu durant cette p\u00e9riode gr\u00e2ce aux r\u00e9seaux sociaux. Cela a \u00e9t\u00e9 tr\u00e8s important pour la coh\u00e9sion du groupe<\/strong> \u00ab.<\/p>\n<ul>\n<li><span style=\"font-size: 14pt;\"><strong><span style=\"text-decoration: underline;\">Et la reprise des activit\u00e9s \u00e0 la rentr\u00e9e de septembre<\/span> ?<\/strong><\/span><\/li>\n<\/ul>\n<p>\u00bb\u00a0 <span class=\"tojvnm2t a6sixzi8 abs2jz4q a8s20v7p t1p8iaqh k5wvi7nf q3lfd5jv pk4s997a bipmatt0 cebpdrjk qowsmv63 owwhemhu dp1hu0rb dhp61c6y iyyx5f41\">La reprise a \u00e9t\u00e9 meilleure que l\u2019ann\u00e9e derni\u00e8re ! <\/span><\/p>\n<p><span class=\"tojvnm2t a6sixzi8 abs2jz4q a8s20v7p t1p8iaqh k5wvi7nf q3lfd5jv pk4s997a bipmatt0 cebpdrjk qowsmv63 owwhemhu dp1hu0rb dhp61c6y iyyx5f41\"><strong>Nous proposons par groupes plusieurs parcours de courses<\/strong> : 5, 10 et 15 km tout en respectant les gestes barri\u00e8res <\/span><strong>\u00ab.<br \/>\n<\/strong><\/p>\n<hr \/>\n<ul>\n<li><span style=\"font-size: 14pt;\"><span style=\"text-decoration: underline;\"><strong>A<\/strong><\/span><strong><span style=\"text-decoration: underline;\">vez-vous connu depuis une baisse de vos effectifs<\/span> ? <\/strong><\/span><\/li>\n<\/ul>\n<p>\u00bb Non, bien au contraire ! <strong>Le club continue de grandir, nous avons doubl\u00e9 le nombre d\u2019inscriptions !<\/strong> <strong>\u00ab. <\/strong><\/p>\n<ul>\n<li><span style=\"font-size: 14pt;\"><strong><span style=\"text-decoration: underline;\">Avez- vous \u00e9t\u00e9 contraints d\u2019annuler des \u00e9v\u00e8nements ou comp\u00e9titions<\/span> ?<\/strong><\/span><\/li>\n<\/ul>\n<p>\u00bb Le cross existe depuis 2016.<br \/>\nNous avons annul\u00e9 le 4\u00b0 cross de 2020. Et celui de cette ann\u00e9e pr\u00e9vu le 21 avril a \u00e9t\u00e9 report\u00e9 au dimanche 3 octobre 2021 <strong>\u00ab.\u00a0<\/strong><\/p>\n<ul>\n<li><span style=\"font-size: 14pt;\"><strong><span style=\"text-decoration: underline;\">Comment se d\u00e9roule ce 2\u00b0 confinement<\/span> ?<\/strong><\/span><\/li>\n<\/ul>\n<p>\u00bb Nous avons maintenu les diff\u00e9rentes courses le dimanche tout en respectant la r\u00e9glementation en vigueur et les gestes barri\u00e8res. Cela n\u2019a pas d\u00e9courag\u00e9 nos coureurs, bien au contraire !<\/p>\n<p>Le nombre de participants sur une m\u00eame distance est de 6 personnes maximum, encadrement compris. <strong>Il n\u2019y a pas d\u2019objectif car pas de comp\u00e9tition<\/strong> <strong>\u00ab.\u00a0<\/strong><\/p>\n<div data-canvas-width=\"576.6933333333335\">\n<hr \/>\n<\/div>\n<div data-canvas-width=\"535.861333333333\">\n<div data-canvas-width=\"413.3213333333334\">\n<ul>\n<li><span style=\"font-size: 14pt;\"><strong><span style=\"text-decoration: underline;\">Cons\u00e9quences financi\u00e8res ou autres<\/span> ?<\/strong><\/span><\/li>\n<\/ul>\n<p>\u00bb <strong>La situation \u00e9conomique actuelle est difficile<\/strong>. <strong>Des sponsors pr\u00e9sents depuis le d\u00e9but qui on esp\u00e8re nous suivrons encore<\/strong>\u2026<\/p>\n<p>Achat de 110 t-shirts flock\u00e9s au cross de la Locomotive dat\u00e9 au 25 avril 2020 donc inutilisables. Ils \u00e9taient destin\u00e9s aux 110 premi\u00e8res inscriptions. Achat de 3 grandes banderoles marqu\u00e9es au 25 avril 2020 \u00ab.<\/p>\n<ul>\n<li><span style=\"font-size: 14pt;\"><strong><span style=\"text-decoration: underline;\">Un petit mot de conclusion<\/span> ?<\/strong><\/span><\/li>\n<\/ul>\n<p data-wp-editing=\"1\">\u00bb S\u2019occuper de cette association demande beaucoup de travail administratif pour mettre en place puis annuler la course (secouristes, chronom\u00e9treur, partenaires, speaker, b\u00e9n\u00e9voles, mairies\u2026). Recommencer et annuler.<\/p>\n<p data-wp-editing=\"1\"><strong>Une superbe solidarit\u00e9 entre tous<\/strong>. Encadrants, coureurs, dirigeants. Un engagement de tout le groupe pour ne rien l\u00e2cher. Un v\u00e9ritable esprit de groupe.<\/p>\n<p data-wp-editing=\"1\"><span style=\"font-size: 12pt;\"><strong>Convivialit\u00e9, solidarit\u00e9 sont des mots qui repr\u00e9sentent l\u2019ambiance au sein du club<\/strong> \u00ab.<\/span><\/p>\n<hr \/>\n<\/div>\n<\/div>\n<div data-canvas-width=\"535.861333333333\">\n<p class=\"gmql0nx0 l94mrbxd p1ri9a11 lzcic4wl d2edcug0 hpfvmrgz\" dir=\"auto\" tabindex=\"-1\"><span class=\"d2edcug0 hpfvmrgz qv66sw1b c1et5uql lr9zc1uh a8c37x1j keod5gw0 nxhoafnm aigsh9s9 embtmqzv fe6kdd0r mau55g9w c8b282yb hrzyx87i m6dqt4wy h7mekvxk hnhda86s oo9gr5id hzawbc8m\" dir=\"auto\"><strong><em><img loading=\"lazy\" decoding=\"async\" class=\"alignleft wp-image-129601 size-thumbnail\" src=\"https:\/\/newsestlyonnais.fr\/site\/wp-content\/uploads\/2021\/05\/5f3e39c983fde_V6petitLOCOcourirremovebgpreview-250x230.png\" alt=\"\" width=\"150\" height=\"138\" data-attachment-id=\"129148\" data-permalink=\"https:\/\/newsestlyonnais.fr\/site\/2021\/04\/27\/canoe-kayak-decines-meyzieu-la-chance-detre-un-sport-en-exterieur-ce-qui-a-permis-une-reprise-plus-importante\/cropped-favicon\/\" data-orig-file=\"https:\/\/i2.wp.com\/newsestlyonnais.fr\/site\/wp-content\/uploads\/2021\/04\/cropped-favicon.png?fit=294%2C294&amp;ssl=1\" data-orig-size=\"294,294\" data-comments-opened=\"1\" data-image-meta=\"{&quot;aperture&quot;:&quot;0&quot;,&quot;credit&quot;:&quot;&quot;,&quot;camera&quot;:&quot;&quot;,&quot;caption&quot;:&quot;&quot;,&quot;created_timestamp&quot;:&quot;0&quot;,&quot;copyright&quot;:&quot;&quot;,&quot;focal_length&quot;:&quot;0&quot;,&quot;iso&quot;:&quot;0&quot;,&quot;shutter_speed&quot;:&quot;0&quot;,&quot;title&quot;:&quot;&quot;,&quot;orientation&quot;:&quot;0&quot;}\" data-image-title=\"cropped-favicon\" data-image-description=\"\" data-medium-file=\"https:\/\/i2.wp.com\/newsestlyonnais.fr\/site\/wp-content\/uploads\/2021\/04\/cropped-favicon.png?fit=294%2C294&amp;ssl=1\" data-large-file=\"https:\/\/i2.wp.com\/newsestlyonnais.fr\/site\/wp-content\/uploads\/2021\/04\/cropped-favicon.png?fit=294%2C294&amp;ssl=1\" data-recalc-dims=\"1\" srcset=\"https:\/\/newsestlyonnais.fr\/site\/wp-content\/uploads\/2021\/05\/5f3e39c983fde_V6petitLOCOcourirremovebgpreview-250x230.png 250w, https:\/\/newsestlyonnais.fr\/site\/wp-content\/uploads\/2021\/05\/5f3e39c983fde_V6petitLOCOcourirremovebgpreview-150x138.png 150w, https:\/\/newsestlyonnais.fr\/site\/wp-content\/uploads\/2021\/05\/5f3e39c983fde_V6petitLOCOcourirremovebgpreview-50x46.png 50w, https:\/\/newsestlyonnais.fr\/site\/wp-content\/uploads\/2021\/05\/5f3e39c983fde_V6petitLOCOcourirremovebgpreview-100x92.png 100w, https:\/\/newsestlyonnais.fr\/site\/wp-content\/uploads\/2021\/05\/5f3e39c983fde_V6petitLOCOcourirremovebgpreview-200x184.png 200w, https:\/\/newsestlyonnais.fr\/site\/wp-content\/uploads\/2021\/05\/5f3e39c983fde_V6petitLOCOcourirremovebgpreview-300x275.png 300w, https:\/\/newsestlyonnais.fr\/site\/wp-content\/uploads\/2021\/05\/5f3e39c983fde_V6petitLOCOcourirremovebgpreview.png 305w\" sizes=\"auto, (max-width: 150px) 100vw, 150px\" \/><\/em><\/strong><\/span><\/p>\n<p class=\"entry-title\"><span style=\"font-size: 18pt;\"><em><strong><span style=\"font-size: 14pt;\">Courir \u00e0 Tignieu-Jameyzieu<\/span> <img loading=\"lazy\" decoding=\"async\" class=\"alignright wp-image-129611\" src=\"https:\/\/newsestlyonnais.fr\/site\/wp-content\/uploads\/2021\/05\/181936276_469893154273303_3514375553490036852_n-250x158.jpg\" alt=\"\" width=\"250\" height=\"158\" srcset=\"https:\/\/newsestlyonnais.fr\/site\/wp-content\/uploads\/2021\/05\/181936276_469893154273303_3514375553490036852_n-250x158.jpg 250w, https:\/\/newsestlyonnais.fr\/site\/wp-content\/uploads\/2021\/05\/181936276_469893154273303_3514375553490036852_n-150x95.jpg 150w, https:\/\/newsestlyonnais.fr\/site\/wp-content\/uploads\/2021\/05\/181936276_469893154273303_3514375553490036852_n-50x32.jpg 50w, https:\/\/newsestlyonnais.fr\/site\/wp-content\/uploads\/2021\/05\/181936276_469893154273303_3514375553490036852_n-100x63.jpg 100w, https:\/\/newsestlyonnais.fr\/site\/wp-content\/uploads\/2021\/05\/181936276_469893154273303_3514375553490036852_n-200x127.jpg 200w, https:\/\/newsestlyonnais.fr\/site\/wp-content\/uploads\/2021\/05\/181936276_469893154273303_3514375553490036852_n.jpg 300w\" sizes=\"auto, (max-width: 250px) 100vw, 250px\" \/><\/strong><\/em><\/span><\/p>\n<ul>\n<li><a href=\"mailto:contact@catj.fr\"><span style=\"color: #0000ff;\">contact@catj.fr<\/span><\/a><\/li>\n<li><span style=\"color: #0000ff;\"><a style=\"color: #0000ff;\" href=\"https:\/\/www.catj.fr\">https:\/\/www.catj.fr<\/a><\/span><\/li>\n<li><span style=\"color: #0000ff;\"><a style=\"color: #0000ff;\" href=\"https:\/\/www.facebook.com\/CrossTignieu\">https:\/\/www.facebook.com\/CrossTignieu<\/a><\/span><\/li>\n<\/ul>\n<hr \/>\n<\/div>\n<p><span style=\"font-size: 14pt; background-color: #000000; color: #ffffff;\">NOTA : <\/span><\/p>\n<p><span style=\"font-size: 14pt; background-color: #000000; color: #ffffff;\">Le club organisera dimanche 3 Octobre 2021 le 5\u00b0 Cross de la Locomotive <\/span><\/p>\n<hr \/>\n<hr \/>\n<p>&nbsp;<\/p>\n","protected":false},"excerpt":{"rendered":"<p>1 jour, 1 association | Quotidiennement, une association est pr\u00e9sent\u00e9e par un de ses dirigeants.<\/p>\n","protected":false},"author":4,"featured_media":129612,"comment_status":"open","ping_status":"open","sticky":false,"template":"","format":"standard","meta":{"footnotes":""},"categories":[3420,2968,164],"tags":[3740,3240],"class_list":["post-129589","post","type-post","status-publish","format-standard","has-post-thumbnail","hentry","category-1-jour-1-association","category-athle-course-pied-marche","category-isere","tag-courir-a-tignieu-jameyzieu","tag-tignieu"],"yoast_head":"<!-- This site is optimized with the Yoast SEO plugin v27.2 - https:\/\/yoast.com\/product\/yoast-seo-wordpress\/ -->\n<title>&quot;Courir \u00e0 Tignieu Jameyzieu&quot; | &quot;Le club continue de grandir, a doubl\u00e9 le nombre d\u2019inscriptions&quot; - News Est Lyonnais<\/title>\n<meta name=\"description\" content=\"&quot;Courir \u00e0 Tignieu Jameyzieu&quot; | &quot;Le club continue de grandir, nous avons doubl\u00e9 le nombre d\u2019inscriptions &quot;\" \/>\n<meta name=\"robots\" content=\"index, follow, max-snippet:-1, max-image-preview:large, max-video-preview:-1\" \/>\n<link rel=\"canonical\" href=\"https:\/\/newsestlyonnais.fr\/site\/2021\/05\/04\/courir-a-tignieu-jameyzieu-le-club-continue-de-grandir-on-a-double-le-nombre-dinscriptions\/\" \/>\n<meta property=\"og:locale\" content=\"fr_FR\" \/>\n<meta property=\"og:type\" content=\"article\" \/>\n<meta property=\"og:title\" content=\"&quot;Courir \u00e0 Tignieu Jameyzieu&quot; | &quot;Le club continue de grandir, a doubl\u00e9 le nombre d\u2019inscriptions&quot; - News Est Lyonnais\" \/>\n<meta property=\"og:description\" content=\"&quot;Courir \u00e0 Tignieu Jameyzieu&quot; | &quot;Le club continue de grandir, nous avons doubl\u00e9 le nombre d\u2019inscriptions &quot;\" \/>\n<meta property=\"og:url\" content=\"https:\/\/newsestlyonnais.fr\/site\/2021\/05\/04\/courir-a-tignieu-jameyzieu-le-club-continue-de-grandir-on-a-double-le-nombre-dinscriptions\/\" \/>\n<meta property=\"og:site_name\" content=\"News Est Lyonnais\" \/>\n<meta property=\"article:author\" content=\"https:\/\/www.facebook.com\/pascal.oberson.1?fref=ts\" \/>\n<meta property=\"article:published_time\" content=\"2021-05-04T04:06:53+00:00\" \/>\n<meta property=\"article:modified_time\" content=\"2021-07-05T07:41:10+00:00\" \/>\n<meta property=\"og:image\" content=\"https:\/\/i1.wp.com\/newsestlyonnais.fr\/site\/wp-content\/uploads\/2021\/05\/182249958_527484608412414_3019444764526204075_n.jpg?fit=426%2C319&ssl=1\" \/>\n\t<meta property=\"og:image:width\" content=\"426\" \/>\n\t<meta property=\"og:image:height\" content=\"319\" \/>\n\t<meta property=\"og:image:type\" content=\"image\/jpeg\" \/>\n<meta name=\"author\" content=\"R\u00e9dac. NEWS\" \/>\n<meta name=\"twitter:card\" content=\"summary_large_image\" \/>\n<meta name=\"twitter:label1\" content=\"\u00c9crit par\" \/>\n\t<meta name=\"twitter:data1\" content=\"R\u00e9dac. NEWS\" \/>\n\t<meta name=\"twitter:label2\" content=\"Dur\u00e9e de lecture estim\u00e9e\" \/>\n\t<meta name=\"twitter:data2\" content=\"3 minutes\" \/>\n<script type=\"application\/ld+json\" class=\"yoast-schema-graph\">{\"@context\":\"https:\/\/schema.org\",\"@graph\":[{\"@type\":\"Article\",\"@id\":\"https:\/\/newsestlyonnais.fr\/site\/2021\/05\/04\/courir-a-tignieu-jameyzieu-le-club-continue-de-grandir-on-a-double-le-nombre-dinscriptions\/#article\",\"isPartOf\":{\"@id\":\"https:\/\/newsestlyonnais.fr\/site\/2021\/05\/04\/courir-a-tignieu-jameyzieu-le-club-continue-de-grandir-on-a-double-le-nombre-dinscriptions\/\"},\"author\":{\"name\":\"R\u00e9dac. NEWS\",\"@id\":\"https:\/\/newsestlyonnais.fr\/site\/#\/schema\/person\/3230d5615f390bb808365d673001e887\"},\"headline\":\"\u00ab\u00a0Courir \u00e0 Tignieu Jameyzieu\u00a0\u00bb | \u00ab\u00a0Le club continue de grandir, a doubl\u00e9 le nombre d\u2019inscriptions\u00a0\u00bb\",\"datePublished\":\"2021-05-04T04:06:53+00:00\",\"dateModified\":\"2021-07-05T07:41:10+00:00\",\"mainEntityOfPage\":{\"@id\":\"https:\/\/newsestlyonnais.fr\/site\/2021\/05\/04\/courir-a-tignieu-jameyzieu-le-club-continue-de-grandir-on-a-double-le-nombre-dinscriptions\/\"},\"wordCount\":505,\"commentCount\":0,\"publisher\":{\"@id\":\"https:\/\/newsestlyonnais.fr\/site\/#organization\"},\"image\":{\"@id\":\"https:\/\/newsestlyonnais.fr\/site\/2021\/05\/04\/courir-a-tignieu-jameyzieu-le-club-continue-de-grandir-on-a-double-le-nombre-dinscriptions\/#primaryimage\"},\"thumbnailUrl\":\"https:\/\/newsestlyonnais.fr\/site\/wp-content\/uploads\/2021\/05\/182249958_527484608412414_3019444764526204075_n.jpg\",\"keywords\":[\"\\\"Courir \u00e0 Tignieu Jameyzieu\\\"\",\"tignieu\"],\"articleSection\":[\"1 jour, 1 association\",\"Athl\u00e9 | Course pied | Marche\",\"Is\u00e8re (38)\"],\"inLanguage\":\"fr-FR\",\"potentialAction\":[{\"@type\":\"CommentAction\",\"name\":\"Comment\",\"target\":[\"https:\/\/newsestlyonnais.fr\/site\/2021\/05\/04\/courir-a-tignieu-jameyzieu-le-club-continue-de-grandir-on-a-double-le-nombre-dinscriptions\/#respond\"]}]},{\"@type\":\"WebPage\",\"@id\":\"https:\/\/newsestlyonnais.fr\/site\/2021\/05\/04\/courir-a-tignieu-jameyzieu-le-club-continue-de-grandir-on-a-double-le-nombre-dinscriptions\/\",\"url\":\"https:\/\/newsestlyonnais.fr\/site\/2021\/05\/04\/courir-a-tignieu-jameyzieu-le-club-continue-de-grandir-on-a-double-le-nombre-dinscriptions\/\",\"name\":\"\\\"Courir \u00e0 Tignieu Jameyzieu\\\" | \\\"Le club continue de grandir, a doubl\u00e9 le nombre d\u2019inscriptions\\\" - News Est Lyonnais\",\"isPartOf\":{\"@id\":\"https:\/\/newsestlyonnais.fr\/site\/#website\"},\"primaryImageOfPage\":{\"@id\":\"https:\/\/newsestlyonnais.fr\/site\/2021\/05\/04\/courir-a-tignieu-jameyzieu-le-club-continue-de-grandir-on-a-double-le-nombre-dinscriptions\/#primaryimage\"},\"image\":{\"@id\":\"https:\/\/newsestlyonnais.fr\/site\/2021\/05\/04\/courir-a-tignieu-jameyzieu-le-club-continue-de-grandir-on-a-double-le-nombre-dinscriptions\/#primaryimage\"},\"thumbnailUrl\":\"https:\/\/newsestlyonnais.fr\/site\/wp-content\/uploads\/2021\/05\/182249958_527484608412414_3019444764526204075_n.jpg\",\"datePublished\":\"2021-05-04T04:06:53+00:00\",\"dateModified\":\"2021-07-05T07:41:10+00:00\",\"description\":\"\\\"Courir \u00e0 Tignieu Jameyzieu\\\" | \\\"Le club continue de grandir, nous avons doubl\u00e9 le nombre d\u2019inscriptions \\\"\",\"breadcrumb\":{\"@id\":\"https:\/\/newsestlyonnais.fr\/site\/2021\/05\/04\/courir-a-tignieu-jameyzieu-le-club-continue-de-grandir-on-a-double-le-nombre-dinscriptions\/#breadcrumb\"},\"inLanguage\":\"fr-FR\",\"potentialAction\":[{\"@type\":\"ReadAction\",\"target\":[\"https:\/\/newsestlyonnais.fr\/site\/2021\/05\/04\/courir-a-tignieu-jameyzieu-le-club-continue-de-grandir-on-a-double-le-nombre-dinscriptions\/\"]}]},{\"@type\":\"ImageObject\",\"inLanguage\":\"fr-FR\",\"@id\":\"https:\/\/newsestlyonnais.fr\/site\/2021\/05\/04\/courir-a-tignieu-jameyzieu-le-club-continue-de-grandir-on-a-double-le-nombre-dinscriptions\/#primaryimage\",\"url\":\"https:\/\/newsestlyonnais.fr\/site\/wp-content\/uploads\/2021\/05\/182249958_527484608412414_3019444764526204075_n.jpg\",\"contentUrl\":\"https:\/\/newsestlyonnais.fr\/site\/wp-content\/uploads\/2021\/05\/182249958_527484608412414_3019444764526204075_n.jpg\",\"width\":426,\"height\":319},{\"@type\":\"BreadcrumbList\",\"@id\":\"https:\/\/newsestlyonnais.fr\/site\/2021\/05\/04\/courir-a-tignieu-jameyzieu-le-club-continue-de-grandir-on-a-double-le-nombre-dinscriptions\/#breadcrumb\",\"itemListElement\":[{\"@type\":\"ListItem\",\"position\":1,\"name\":\"Accueil\",\"item\":\"https:\/\/newsestlyonnais.fr\/site\/\"},{\"@type\":\"ListItem\",\"position\":2,\"name\":\"\u00ab\u00a0Courir \u00e0 Tignieu Jameyzieu\u00a0\u00bb | \u00ab\u00a0Le club continue de grandir, a doubl\u00e9 le nombre d\u2019inscriptions\u00a0\u00bb\"}]},{\"@type\":\"WebSite\",\"@id\":\"https:\/\/newsestlyonnais.fr\/site\/#website\",\"url\":\"https:\/\/newsestlyonnais.fr\/site\/\",\"name\":\"News Est Lyonnais\",\"description\":\"L&#039;actualit\u00e9 au plus pr\u00e8s\",\"publisher\":{\"@id\":\"https:\/\/newsestlyonnais.fr\/site\/#organization\"},\"potentialAction\":[{\"@type\":\"SearchAction\",\"target\":{\"@type\":\"EntryPoint\",\"urlTemplate\":\"https:\/\/newsestlyonnais.fr\/site\/?s={search_term_string}\"},\"query-input\":{\"@type\":\"PropertyValueSpecification\",\"valueRequired\":true,\"valueName\":\"search_term_string\"}}],\"inLanguage\":\"fr-FR\"},{\"@type\":\"Organization\",\"@id\":\"https:\/\/newsestlyonnais.fr\/site\/#organization\",\"name\":\"News EST LYONNAIS\",\"url\":\"https:\/\/newsestlyonnais.fr\/site\/\",\"logo\":{\"@type\":\"ImageObject\",\"inLanguage\":\"fr-FR\",\"@id\":\"https:\/\/newsestlyonnais.fr\/site\/#\/schema\/logo\/image\/\",\"url\":\"\",\"contentUrl\":\"\",\"caption\":\"News EST LYONNAIS\"},\"image\":{\"@id\":\"https:\/\/newsestlyonnais.fr\/site\/#\/schema\/logo\/image\/\"}},{\"@type\":\"Person\",\"@id\":\"https:\/\/newsestlyonnais.fr\/site\/#\/schema\/person\/3230d5615f390bb808365d673001e887\",\"name\":\"R\u00e9dac. NEWS\",\"sameAs\":[\"http:\/\/www.newsestlyonnais.fr\",\"https:\/\/www.facebook.com\/pascal.oberson.1?fref=ts\",\"https:\/\/fr.linkedin.com\/in\/pascal-oberson-b17045113\"],\"url\":\"https:\/\/newsestlyonnais.fr\/site\/author\/nel\/\"}]}<\/script>\n<!-- \/ Yoast SEO plugin. -->","yoast_head_json":{"title":"\"Courir \u00e0 Tignieu Jameyzieu\" | \"Le club continue de grandir, a doubl\u00e9 le nombre d\u2019inscriptions\" - News Est Lyonnais","description":"\"Courir \u00e0 Tignieu Jameyzieu\" | \"Le club continue de grandir, nous avons doubl\u00e9 le nombre d\u2019inscriptions \"","robots":{"index":"index","follow":"follow","max-snippet":"max-snippet:-1","max-image-preview":"max-image-preview:large","max-video-preview":"max-video-preview:-1"},"canonical":"https:\/\/newsestlyonnais.fr\/site\/2021\/05\/04\/courir-a-tignieu-jameyzieu-le-club-continue-de-grandir-on-a-double-le-nombre-dinscriptions\/","og_locale":"fr_FR","og_type":"article","og_title":"\"Courir \u00e0 Tignieu Jameyzieu\" | \"Le club continue de grandir, a doubl\u00e9 le nombre d\u2019inscriptions\" - News Est Lyonnais","og_description":"\"Courir \u00e0 Tignieu Jameyzieu\" | \"Le club continue de grandir, nous avons doubl\u00e9 le nombre d\u2019inscriptions \"","og_url":"https:\/\/newsestlyonnais.fr\/site\/2021\/05\/04\/courir-a-tignieu-jameyzieu-le-club-continue-de-grandir-on-a-double-le-nombre-dinscriptions\/","og_site_name":"News Est Lyonnais","article_author":"https:\/\/www.facebook.com\/pascal.oberson.1?fref=ts","article_published_time":"2021-05-04T04:06:53+00:00","article_modified_time":"2021-07-05T07:41:10+00:00","og_image":[{"width":426,"height":319,"url":"https:\/\/i1.wp.com\/newsestlyonnais.fr\/site\/wp-content\/uploads\/2021\/05\/182249958_527484608412414_3019444764526204075_n.jpg?fit=426%2C319&ssl=1","type":"image\/jpeg"}],"author":"R\u00e9dac. NEWS","twitter_card":"summary_large_image","twitter_misc":{"\u00c9crit par":"R\u00e9dac. NEWS","Dur\u00e9e de lecture estim\u00e9e":"3 minutes"},"schema":{"@context":"https:\/\/schema.org","@graph":[{"@type":"Article","@id":"https:\/\/newsestlyonnais.fr\/site\/2021\/05\/04\/courir-a-tignieu-jameyzieu-le-club-continue-de-grandir-on-a-double-le-nombre-dinscriptions\/#article","isPartOf":{"@id":"https:\/\/newsestlyonnais.fr\/site\/2021\/05\/04\/courir-a-tignieu-jameyzieu-le-club-continue-de-grandir-on-a-double-le-nombre-dinscriptions\/"},"author":{"name":"R\u00e9dac. NEWS","@id":"https:\/\/newsestlyonnais.fr\/site\/#\/schema\/person\/3230d5615f390bb808365d673001e887"},"headline":"\u00ab\u00a0Courir \u00e0 Tignieu Jameyzieu\u00a0\u00bb | \u00ab\u00a0Le club continue de grandir, a doubl\u00e9 le nombre d\u2019inscriptions\u00a0\u00bb","datePublished":"2021-05-04T04:06:53+00:00","dateModified":"2021-07-05T07:41:10+00:00","mainEntityOfPage":{"@id":"https:\/\/newsestlyonnais.fr\/site\/2021\/05\/04\/courir-a-tignieu-jameyzieu-le-club-continue-de-grandir-on-a-double-le-nombre-dinscriptions\/"},"wordCount":505,"commentCount":0,"publisher":{"@id":"https:\/\/newsestlyonnais.fr\/site\/#organization"},"image":{"@id":"https:\/\/newsestlyonnais.fr\/site\/2021\/05\/04\/courir-a-tignieu-jameyzieu-le-club-continue-de-grandir-on-a-double-le-nombre-dinscriptions\/#primaryimage"},"thumbnailUrl":"https:\/\/newsestlyonnais.fr\/site\/wp-content\/uploads\/2021\/05\/182249958_527484608412414_3019444764526204075_n.jpg","keywords":["\"Courir \u00e0 Tignieu Jameyzieu\"","tignieu"],"articleSection":["1 jour, 1 association","Athl\u00e9 | Course pied | Marche","Is\u00e8re (38)"],"inLanguage":"fr-FR","potentialAction":[{"@type":"CommentAction","name":"Comment","target":["https:\/\/newsestlyonnais.fr\/site\/2021\/05\/04\/courir-a-tignieu-jameyzieu-le-club-continue-de-grandir-on-a-double-le-nombre-dinscriptions\/#respond"]}]},{"@type":"WebPage","@id":"https:\/\/newsestlyonnais.fr\/site\/2021\/05\/04\/courir-a-tignieu-jameyzieu-le-club-continue-de-grandir-on-a-double-le-nombre-dinscriptions\/","url":"https:\/\/newsestlyonnais.fr\/site\/2021\/05\/04\/courir-a-tignieu-jameyzieu-le-club-continue-de-grandir-on-a-double-le-nombre-dinscriptions\/","name":"\"Courir \u00e0 Tignieu Jameyzieu\" | \"Le club continue de grandir, a doubl\u00e9 le nombre d\u2019inscriptions\" - News Est Lyonnais","isPartOf":{"@id":"https:\/\/newsestlyonnais.fr\/site\/#website"},"primaryImageOfPage":{"@id":"https:\/\/newsestlyonnais.fr\/site\/2021\/05\/04\/courir-a-tignieu-jameyzieu-le-club-continue-de-grandir-on-a-double-le-nombre-dinscriptions\/#primaryimage"},"image":{"@id":"https:\/\/newsestlyonnais.fr\/site\/2021\/05\/04\/courir-a-tignieu-jameyzieu-le-club-continue-de-grandir-on-a-double-le-nombre-dinscriptions\/#primaryimage"},"thumbnailUrl":"https:\/\/newsestlyonnais.fr\/site\/wp-content\/uploads\/2021\/05\/182249958_527484608412414_3019444764526204075_n.jpg","datePublished":"2021-05-04T04:06:53+00:00","dateModified":"2021-07-05T07:41:10+00:00","description":"\"Courir \u00e0 Tignieu Jameyzieu\" | \"Le club continue de grandir, nous avons doubl\u00e9 le nombre d\u2019inscriptions \"","breadcrumb":{"@id":"https:\/\/newsestlyonnais.fr\/site\/2021\/05\/04\/courir-a-tignieu-jameyzieu-le-club-continue-de-grandir-on-a-double-le-nombre-dinscriptions\/#breadcrumb"},"inLanguage":"fr-FR","potentialAction":[{"@type":"ReadAction","target":["https:\/\/newsestlyonnais.fr\/site\/2021\/05\/04\/courir-a-tignieu-jameyzieu-le-club-continue-de-grandir-on-a-double-le-nombre-dinscriptions\/"]}]},{"@type":"ImageObject","inLanguage":"fr-FR","@id":"https:\/\/newsestlyonnais.fr\/site\/2021\/05\/04\/courir-a-tignieu-jameyzieu-le-club-continue-de-grandir-on-a-double-le-nombre-dinscriptions\/#primaryimage","url":"https:\/\/newsestlyonnais.fr\/site\/wp-content\/uploads\/2021\/05\/182249958_527484608412414_3019444764526204075_n.jpg","contentUrl":"https:\/\/newsestlyonnais.fr\/site\/wp-content\/uploads\/2021\/05\/182249958_527484608412414_3019444764526204075_n.jpg","width":426,"height":319},{"@type":"BreadcrumbList","@id":"https:\/\/newsestlyonnais.fr\/site\/2021\/05\/04\/courir-a-tignieu-jameyzieu-le-club-continue-de-grandir-on-a-double-le-nombre-dinscriptions\/#breadcrumb","itemListElement":[{"@type":"ListItem","position":1,"name":"Accueil","item":"https:\/\/newsestlyonnais.fr\/site\/"},{"@type":"ListItem","position":2,"name":"\u00ab\u00a0Courir \u00e0 Tignieu Jameyzieu\u00a0\u00bb | \u00ab\u00a0Le club continue de grandir, a doubl\u00e9 le nombre d\u2019inscriptions\u00a0\u00bb"}]},{"@type":"WebSite","@id":"https:\/\/newsestlyonnais.fr\/site\/#website","url":"https:\/\/newsestlyonnais.fr\/site\/","name":"News Est Lyonnais","description":"L&#039;actualit\u00e9 au plus pr\u00e8s","publisher":{"@id":"https:\/\/newsestlyonnais.fr\/site\/#organization"},"potentialAction":[{"@type":"SearchAction","target":{"@type":"EntryPoint","urlTemplate":"https:\/\/newsestlyonnais.fr\/site\/?s={search_term_string}"},"query-input":{"@type":"PropertyValueSpecification","valueRequired":true,"valueName":"search_term_string"}}],"inLanguage":"fr-FR"},{"@type":"Organization","@id":"https:\/\/newsestlyonnais.fr\/site\/#organization","name":"News EST LYONNAIS","url":"https:\/\/newsestlyonnais.fr\/site\/","logo":{"@type":"ImageObject","inLanguage":"fr-FR","@id":"https:\/\/newsestlyonnais.fr\/site\/#\/schema\/logo\/image\/","url":"","contentUrl":"","caption":"News EST LYONNAIS"},"image":{"@id":"https:\/\/newsestlyonnais.fr\/site\/#\/schema\/logo\/image\/"}},{"@type":"Person","@id":"https:\/\/newsestlyonnais.fr\/site\/#\/schema\/person\/3230d5615f390bb808365d673001e887","name":"R\u00e9dac. NEWS","sameAs":["http:\/\/www.newsestlyonnais.fr","https:\/\/www.facebook.com\/pascal.oberson.1?fref=ts","https:\/\/fr.linkedin.com\/in\/pascal-oberson-b17045113"],"url":"https:\/\/newsestlyonnais.fr\/site\/author\/nel\/"}]}},"_links":{"self":[{"href":"https:\/\/newsestlyonnais.fr\/site\/wp-json\/wp\/v2\/posts\/129589","targetHints":{"allow":["GET"]}}],"collection":[{"href":"https:\/\/newsestlyonnais.fr\/site\/wp-json\/wp\/v2\/posts"}],"about":[{"href":"https:\/\/newsestlyonnais.fr\/site\/wp-json\/wp\/v2\/types\/post"}],"author":[{"embeddable":true,"href":"https:\/\/newsestlyonnais.fr\/site\/wp-json\/wp\/v2\/users\/4"}],"replies":[{"embeddable":true,"href":"https:\/\/newsestlyonnais.fr\/site\/wp-json\/wp\/v2\/comments?post=129589"}],"version-history":[{"count":0,"href":"https:\/\/newsestlyonnais.fr\/site\/wp-json\/wp\/v2\/posts\/129589\/revisions"}],"wp:featuredmedia":[{"embeddable":true,"href":"https:\/\/newsestlyonnais.fr\/site\/wp-json\/wp\/v2\/media\/129612"}],"wp:attachment":[{"href":"https:\/\/newsestlyonnais.fr\/site\/wp-json\/wp\/v2\/media?parent=129589"}],"wp:term":[{"taxonomy":"category","embeddable":true,"href":"https:\/\/newsestlyonnais.fr\/site\/wp-json\/wp\/v2\/categories?post=129589"},{"taxonomy":"post_tag","embeddable":true,"href":"https:\/\/newsestlyonnais.fr\/site\/wp-json\/wp\/v2\/tags?post=129589"}],"curies":[{"name":"wp","href":"https:\/\/api.w.org\/{rel}","templated":true}]}}