{"id":129706,"date":"2021-05-06T13:09:13","date_gmt":"2021-05-06T12:09:13","guid":{"rendered":"https:\/\/newsestlyonnais.fr\/site\/?p=129706"},"modified":"2021-05-10T08:31:42","modified_gmt":"2021-05-10T07:31:42","slug":"badminton-et-loisirs-villettois-la-perte-de-7-000-e-de-nos-competitions","status":"publish","type":"post","link":"https:\/\/newsestlyonnais.fr\/site\/2021\/05\/06\/badminton-et-loisirs-villettois-la-perte-de-7-000-e-de-nos-competitions\/","title":{"rendered":"Badminton et Loisirs Villettois | \u00ab\u00a0la perte de 7.000 \u20ac de nos comp\u00e9titions\u00a0\u00bb"},"content":{"rendered":"<p>Ce jeudi, c\u2019est <strong>Julien Lamercerie, salari\u00e9 et entraineur du club depuis 2 saisons<\/strong>, qui r\u00e9pond aux questions de la r\u00e9daction :<\/p>\n<hr \/>\n<ul>\n<li><span style=\"font-size: 14pt;\"><strong><u>Quelle est son activit\u00e9 et effectif actuel<\/u><\/strong><strong> ?<\/strong><\/span><\/li>\n<\/ul>\n<p>\u00bb <strong>Badminton Loisirs Villetois<\/strong>, \u00e0 l\u2019est de Lyon, pr\u00e9sid\u00e9 par Karine Deville, depuis 3 saisons.<\/p>\n<p>Activit\u00e9 principale<strong><em> : <\/em><\/strong><strong>Du Badminton pour tous les publics<\/strong> : Jeunes et adultes, 3 cr\u00e9neaux par soirs, 7 h du jeu libre et des cours encadr\u00e9s pour tous les publics les jeudis de 17 h \u00e0 22 h.<\/p>\n<p>Effectif \u00e0 ce jour : <strong>103 adultes et 24 jeunes<\/strong> r\u00e9partis en 2 groupes d\u2019\u00e2ges les jeudis \u00ab.<\/p>\n<hr \/>\n<ul>\n<li><span style=\"font-size: 14pt;\"><strong><span style=\"text-decoration: underline;\">Comment s\u2019\u00e9tait pass\u00e9 le 1\u00b0 confinement et aviez vous mis du personnel au ch\u00f4mage<\/span> ?<\/strong><\/span><\/li>\n<\/ul>\n<p>\u00bb Notre salari\u00e9 n\u2019a pas \u00e9t\u00e9 en activit\u00e9 partielle car en \u00e9change, il a travaill\u00e9 sur la nouvelle saison 2020\/2021 : la communication au sein du club et la pr\u00e9paration de nos 2 tournois de novembre 2020 et f\u00e9vrier 2021 \u00ab.<\/p>\n<ul>\n<li><strong><span style=\"font-size: 14pt;\"><span style=\"text-decoration: underline;\">Et la reprise des activit\u00e9s \u00e0 la rentr\u00e9e de septembre<\/span> ?<\/span><\/strong><\/li>\n<\/ul>\n<p>\u00bb <strong>Nous avons pu b\u00e9n\u00e9ficier de tout le mois de juillet gr\u00e2ce \u00e0 la confiance de la mairie<\/strong> et tous nos adh\u00e9rents \u00e9taient licenci\u00e9s sur la 1\u00b0\u00a0 semaine de septembre \u00ab.<\/p>\n<ul>\n<li><span style=\"font-size: 14pt;\"><strong><span style=\"text-decoration: underline;\">Et ensuite les autres confinements<\/span> ?<\/strong><\/span><\/li>\n<\/ul>\n<p>\u00bb Fermeture du gymnase en octobre pour tous nos adh\u00e9rents, nous avons repris pendant 5 semaines pour les jeunes de mi-d\u00e9cembre \u00e0 mi-janvier uniquement. <strong>Nous avons h\u00e2te de reprendre pour cette fin de saison<\/strong> \u00ab.<\/p>\n<hr \/>\n<ul>\n<li><span style=\"font-size: 14pt;\"><span style=\"text-decoration: underline;\"><strong>A<\/strong><\/span><strong><span style=\"text-decoration: underline;\">vez-vous connu depuis une baisse de vos effectifs<\/span> ? <\/strong><\/span><\/li>\n<\/ul>\n<p>\u00bb <strong>Aucune baisse de nos effectifs<\/strong> car une prise de licence fin ao\u00fbt \/ d\u00e9but septembre afin que nos adh\u00e9rents soient licenci\u00e9s rapidement pour \u00eatre bien assur\u00e9s \u00e0 la pratique du Badminton <strong>\u00ab. <\/strong><\/p>\n<ul>\n<li><span style=\"font-size: 14pt;\"><strong><span style=\"text-decoration: underline;\">Avez- vous \u00e9t\u00e9 contraints d\u2019annuler des \u00e9v\u00e8nements ou comp\u00e9titions<\/span> ?<\/strong><\/span><\/li>\n<\/ul>\n<p>\u00bb <strong>Nos deux comp\u00e9titions<\/strong> des 21 &amp; 22 novembre 2020 et des 6 &amp; 7 f\u00e9vrier 2021. <strong>Ainsi que nos diff\u00e9rents tournois internes en soir\u00e9es<\/strong> <strong>\u00ab.\u00a0<\/strong><\/p>\n<div data-canvas-width=\"576.6933333333335\">\n<hr \/>\n<\/div>\n<div data-canvas-width=\"535.861333333333\">\n<div data-canvas-width=\"413.3213333333334\">\n<ul>\n<li><span style=\"font-size: 14pt;\"><strong><span style=\"text-decoration: underline;\">Cons\u00e9quences financi\u00e8res ou autres<\/span> ?<\/strong><\/span><\/li>\n<\/ul>\n<p>\u00bb <strong>La perte de 7.000 \u20ac de nos comp\u00e9titions<\/strong> mais gr\u00e2ce \u00e0 notre salari\u00e9, nous avons obtenu gr\u00e2ce \u00e0 l\u2019\u00e9tat, du d\u00e9partement de l\u2019Is\u00e8re des subventions pour pallier \u00e0 ce maque de b\u00e9n\u00e9fices.<\/p>\n<p><strong>Le bureau du club a d\u00e9cid\u00e9 de rembourser int\u00e9gralement la part du club<\/strong> pour la saison prochaine 2021\/2022 avec des avantages : 3 tournois offerts, r\u00e9ductions sur les volants et cordage et un masque \u00ab sport \u00bb \u00e0 tous lors de la reprise que nous attendons tous avec impatience.<\/p>\n<p><strong>Notre club reste convivial et familial et l\u2019objectif du club est de fid\u00e9liser tous nos adh\u00e9rents<\/strong> : jeunes et adultes. Notre salari\u00e9 a \u00e9labor\u00e9 plusieurs projets pour l\u2019Agence Nationale du Sport sur le public f\u00e9minin, l\u2019esprit club et les rencontres innovantes pour la saison prochaine \u00ab.<\/p>\n<hr \/>\n<ul>\n<li><span style=\"text-decoration: underline;\"><span style=\"font-size: 14pt;\"><strong>Un petit mot de conclusion<\/strong><\/span><\/span><span style=\"font-size: 14pt;\"><strong> ? <\/strong><\/span><\/li>\n<\/ul>\n<p>\u00bb Nous avons vraiment h\u00e2te de revenir \u00e0 notre gymnase, de revoir tous nos adh\u00e9rents, de revoir le sourire de nos jeunes et bien s\u00fbr, <strong>organiser nos \u00e9v\u00e8nements la saison prochaine qui permettent la coh\u00e9sion au sein de tous et une belle notori\u00e9t\u00e9 au sein de notre association<\/strong> \u00ab.<\/p>\n<hr \/>\n<\/div>\n<\/div>\n<div data-canvas-width=\"535.861333333333\">\n<p class=\"gmql0nx0 l94mrbxd p1ri9a11 lzcic4wl d2edcug0 hpfvmrgz\" dir=\"auto\" tabindex=\"-1\"><span class=\"d2edcug0 hpfvmrgz qv66sw1b c1et5uql lr9zc1uh a8c37x1j keod5gw0 nxhoafnm aigsh9s9 embtmqzv fe6kdd0r mau55g9w c8b282yb hrzyx87i m6dqt4wy h7mekvxk hnhda86s oo9gr5id hzawbc8m\" dir=\"auto\"><strong><em><img loading=\"lazy\" decoding=\"async\" class=\"alignleft wp-image-129725 size-thumbnail\" src=\"https:\/\/newsestlyonnais.fr\/site\/wp-content\/uploads\/2021\/05\/120159586_1421294104742561_4009086138639979649_n-250x99.jpg\" alt=\"\" width=\"150\" height=\"59\" data-attachment-id=\"129420\" data-permalink=\"https:\/\/newsestlyonnais.fr\/site\/2021\/05\/01\/badminton-club-de-lyon-nous-esperons-ne-pas-perdre-a-nouveau-des-adherents\/bacly\/\" data-orig-file=\"https:\/\/i2.wp.com\/newsestlyonnais.fr\/site\/wp-content\/uploads\/2021\/04\/bacly.png?fit=893%2C250&amp;ssl=1\" data-orig-size=\"893,250\" data-comments-opened=\"1\" data-image-meta=\"{&quot;aperture&quot;:&quot;0&quot;,&quot;credit&quot;:&quot;&quot;,&quot;camera&quot;:&quot;&quot;,&quot;caption&quot;:&quot;&quot;,&quot;created_timestamp&quot;:&quot;0&quot;,&quot;copyright&quot;:&quot;&quot;,&quot;focal_length&quot;:&quot;0&quot;,&quot;iso&quot;:&quot;0&quot;,&quot;shutter_speed&quot;:&quot;0&quot;,&quot;title&quot;:&quot;&quot;,&quot;orientation&quot;:&quot;0&quot;}\" data-image-title=\"bacly\" data-image-description=\"\" data-medium-file=\"https:\/\/i2.wp.com\/newsestlyonnais.fr\/site\/wp-content\/uploads\/2021\/04\/bacly.png?fit=400%2C112&amp;ssl=1\" data-large-file=\"https:\/\/i2.wp.com\/newsestlyonnais.fr\/site\/wp-content\/uploads\/2021\/04\/bacly.png?fit=650%2C182&amp;ssl=1\" data-recalc-dims=\"1\" srcset=\"https:\/\/newsestlyonnais.fr\/site\/wp-content\/uploads\/2021\/05\/120159586_1421294104742561_4009086138639979649_n-250x99.jpg 250w, https:\/\/newsestlyonnais.fr\/site\/wp-content\/uploads\/2021\/05\/120159586_1421294104742561_4009086138639979649_n-400x159.jpg 400w, https:\/\/newsestlyonnais.fr\/site\/wp-content\/uploads\/2021\/05\/120159586_1421294104742561_4009086138639979649_n-650x258.jpg 650w, https:\/\/newsestlyonnais.fr\/site\/wp-content\/uploads\/2021\/05\/120159586_1421294104742561_4009086138639979649_n-768x305.jpg 768w, https:\/\/newsestlyonnais.fr\/site\/wp-content\/uploads\/2021\/05\/120159586_1421294104742561_4009086138639979649_n-150x60.jpg 150w, https:\/\/newsestlyonnais.fr\/site\/wp-content\/uploads\/2021\/05\/120159586_1421294104742561_4009086138639979649_n-50x20.jpg 50w, https:\/\/newsestlyonnais.fr\/site\/wp-content\/uploads\/2021\/05\/120159586_1421294104742561_4009086138639979649_n-100x40.jpg 100w, https:\/\/newsestlyonnais.fr\/site\/wp-content\/uploads\/2021\/05\/120159586_1421294104742561_4009086138639979649_n-200x79.jpg 200w, https:\/\/newsestlyonnais.fr\/site\/wp-content\/uploads\/2021\/05\/120159586_1421294104742561_4009086138639979649_n-300x119.jpg 300w, https:\/\/newsestlyonnais.fr\/site\/wp-content\/uploads\/2021\/05\/120159586_1421294104742561_4009086138639979649_n-350x139.jpg 350w, https:\/\/newsestlyonnais.fr\/site\/wp-content\/uploads\/2021\/05\/120159586_1421294104742561_4009086138639979649_n-450x179.jpg 450w, https:\/\/newsestlyonnais.fr\/site\/wp-content\/uploads\/2021\/05\/120159586_1421294104742561_4009086138639979649_n-500x199.jpg 500w, https:\/\/newsestlyonnais.fr\/site\/wp-content\/uploads\/2021\/05\/120159586_1421294104742561_4009086138639979649_n-550x218.jpg 550w, https:\/\/newsestlyonnais.fr\/site\/wp-content\/uploads\/2021\/05\/120159586_1421294104742561_4009086138639979649_n-800x318.jpg 800w, https:\/\/newsestlyonnais.fr\/site\/wp-content\/uploads\/2021\/05\/120159586_1421294104742561_4009086138639979649_n.jpg 1035w\" sizes=\"auto, (max-width: 150px) 100vw, 150px\" \/><\/em><\/strong><\/span><\/p>\n<p class=\"gmql0nx0 l94mrbxd p1ri9a11 lzcic4wl d2edcug0 hpfvmrgz\" dir=\"auto\" tabindex=\"-1\"><span class=\"d2edcug0 hpfvmrgz qv66sw1b c1et5uql lr9zc1uh a8c37x1j keod5gw0 nxhoafnm aigsh9s9 embtmqzv fe6kdd0r mau55g9w c8b282yb hrzyx87i m6dqt4wy h7mekvxk hnhda86s oo9gr5id hzawbc8m\" dir=\"auto\"><strong><em><span class=\"oceanwp-contact-text\">\u00a0<span style=\"font-size: 14pt;\">Badminton Loisirs Villetois \/ <\/span><\/span><\/em><\/strong><\/span><em>Gymnase Maurice Garin <\/em><em>\/ 20 rue des Fauvettes \/ Villette d&rsquo;Anthon<\/em><span class=\"d2edcug0 hpfvmrgz qv66sw1b c1et5uql lr9zc1uh a8c37x1j keod5gw0 nxhoafnm aigsh9s9 embtmqzv fe6kdd0r mau55g9w c8b282yb hrzyx87i m6dqt4wy h7mekvxk hnhda86s oo9gr5id hzawbc8m\" dir=\"auto\"><strong><em><br \/>\n<\/em><\/strong><\/span><\/p>\n<hr \/>\n<ul>\n<li dir=\"auto\" tabindex=\"-1\"><strong>Contacts<\/strong> : <strong>Mail<\/strong> : <span style=\"color: #0000ff;\"><a style=\"color: #0000ff;\" href=\"mailto:blv38280@gmail.com\">blv38280@gmail.com<\/a><\/span> \/ <strong>T\u00e9l<\/strong>. +33(7) 86.55.56.72<\/li>\n<li dir=\"auto\" tabindex=\"-1\"><span style=\"color: #0000ff;\"><a style=\"color: #0000ff;\" href=\"http:\/\/badminton-villette.e-monsite.com\/#page1\">http:\/\/badminton-villette.e-monsite.com\/#page1<\/a><\/span><\/li>\n<li dir=\"auto\" tabindex=\"-1\"><span style=\"color: #0000ff;\"><a style=\"color: #0000ff;\" href=\"https:\/\/www.facebook.com\/blv38280\/\">https:\/\/www.facebook.com\/blv38280\/<\/a><\/span><\/li>\n<\/ul>\n<hr \/>\n<figure id=\"attachment_129721\" aria-describedby=\"caption-attachment-129721\" style=\"width: 600px\" class=\"wp-caption aligncenter\"><img loading=\"lazy\" decoding=\"async\" class=\"wp-image-129721 size-full\" src=\"https:\/\/newsestlyonnais.fr\/site\/wp-content\/uploads\/2021\/05\/Equipe-1-du-BLV-38.jpg\" alt=\"\" width=\"600\" height=\"431\" srcset=\"https:\/\/newsestlyonnais.fr\/site\/wp-content\/uploads\/2021\/05\/Equipe-1-du-BLV-38.jpg 600w, https:\/\/newsestlyonnais.fr\/site\/wp-content\/uploads\/2021\/05\/Equipe-1-du-BLV-38-400x287.jpg 400w, https:\/\/newsestlyonnais.fr\/site\/wp-content\/uploads\/2021\/05\/Equipe-1-du-BLV-38-250x180.jpg 250w, https:\/\/newsestlyonnais.fr\/site\/wp-content\/uploads\/2021\/05\/Equipe-1-du-BLV-38-150x108.jpg 150w, https:\/\/newsestlyonnais.fr\/site\/wp-content\/uploads\/2021\/05\/Equipe-1-du-BLV-38-50x36.jpg 50w, https:\/\/newsestlyonnais.fr\/site\/wp-content\/uploads\/2021\/05\/Equipe-1-du-BLV-38-100x72.jpg 100w, https:\/\/newsestlyonnais.fr\/site\/wp-content\/uploads\/2021\/05\/Equipe-1-du-BLV-38-200x144.jpg 200w, https:\/\/newsestlyonnais.fr\/site\/wp-content\/uploads\/2021\/05\/Equipe-1-du-BLV-38-300x216.jpg 300w, https:\/\/newsestlyonnais.fr\/site\/wp-content\/uploads\/2021\/05\/Equipe-1-du-BLV-38-350x251.jpg 350w, https:\/\/newsestlyonnais.fr\/site\/wp-content\/uploads\/2021\/05\/Equipe-1-du-BLV-38-450x323.jpg 450w, https:\/\/newsestlyonnais.fr\/site\/wp-content\/uploads\/2021\/05\/Equipe-1-du-BLV-38-500x359.jpg 500w, https:\/\/newsestlyonnais.fr\/site\/wp-content\/uploads\/2021\/05\/Equipe-1-du-BLV-38-550x395.jpg 550w\" sizes=\"auto, (max-width: 600px) 100vw, 600px\" \/><figcaption id=\"caption-attachment-129721\" class=\"wp-caption-text\">Equipe 1 du BLV 38<\/figcaption><\/figure>\n<hr \/>\n<hr \/>\n<p>&nbsp;<\/p>\n<\/div>\n","protected":false},"excerpt":{"rendered":"<p>1 jour, 1 association | Quotidiennement, une association est pr\u00e9sent\u00e9e par un de ses dirigeants.<\/p>\n","protected":false},"author":4,"featured_media":129718,"comment_status":"open","ping_status":"open","sticky":false,"template":"","format":"standard","meta":{"footnotes":""},"categories":[3420,1321,166,164],"tags":[2090,3741,3742],"class_list":["post-129706","post","type-post","status-publish","format-standard","has-post-thumbnail","hentry","category-1-jour-1-association","category-bad-racketlon-squash","category-divers-sports","category-isere","tag-badminton","tag-badminton-et-loisirs-villettoi","tag-villette-danthon"],"yoast_head":"<!-- This site is optimized with the Yoast SEO plugin v27.2 - https:\/\/yoast.com\/product\/yoast-seo-wordpress\/ -->\n<title>Badminton et Loisirs Villettois | &quot;la perte de 7.000 \u20ac de nos comp\u00e9titions&quot; - News Est Lyonnais<\/title>\n<meta name=\"description\" content=\"Badminton et Loisirs Villettois | &quot;la perte de 7.000 \u20ac de nos comp\u00e9titions&quot;\" \/>\n<meta name=\"robots\" content=\"index, follow, max-snippet:-1, max-image-preview:large, max-video-preview:-1\" \/>\n<link rel=\"canonical\" href=\"https:\/\/newsestlyonnais.fr\/site\/2021\/05\/06\/badminton-et-loisirs-villettois-la-perte-de-7-000-e-de-nos-competitions\/\" \/>\n<meta property=\"og:locale\" content=\"fr_FR\" \/>\n<meta property=\"og:type\" content=\"article\" \/>\n<meta property=\"og:title\" content=\"Badminton et Loisirs Villettois | &quot;la perte de 7.000 \u20ac de nos comp\u00e9titions&quot; - News Est Lyonnais\" \/>\n<meta property=\"og:description\" content=\"Badminton et Loisirs Villettois | &quot;la perte de 7.000 \u20ac de nos comp\u00e9titions&quot;\" \/>\n<meta property=\"og:url\" content=\"https:\/\/newsestlyonnais.fr\/site\/2021\/05\/06\/badminton-et-loisirs-villettois-la-perte-de-7-000-e-de-nos-competitions\/\" \/>\n<meta property=\"og:site_name\" content=\"News Est Lyonnais\" \/>\n<meta property=\"article:author\" content=\"https:\/\/www.facebook.com\/pascal.oberson.1?fref=ts\" \/>\n<meta property=\"article:published_time\" content=\"2021-05-06T12:09:13+00:00\" \/>\n<meta property=\"article:modified_time\" content=\"2021-05-10T07:31:42+00:00\" \/>\n<meta property=\"og:image\" content=\"https:\/\/i1.wp.com\/newsestlyonnais.fr\/site\/wp-content\/uploads\/2021\/05\/Adherents-du-BLV-38.jpg?fit=960%2C466&ssl=1\" \/>\n\t<meta property=\"og:image:width\" content=\"960\" \/>\n\t<meta property=\"og:image:height\" content=\"466\" \/>\n\t<meta property=\"og:image:type\" content=\"image\/jpeg\" \/>\n<meta name=\"author\" content=\"R\u00e9dac. NEWS\" \/>\n<meta name=\"twitter:card\" content=\"summary_large_image\" \/>\n<meta name=\"twitter:label1\" content=\"\u00c9crit par\" \/>\n\t<meta name=\"twitter:data1\" content=\"R\u00e9dac. NEWS\" \/>\n\t<meta name=\"twitter:label2\" content=\"Dur\u00e9e de lecture estim\u00e9e\" \/>\n\t<meta name=\"twitter:data2\" content=\"3 minutes\" \/>\n<script type=\"application\/ld+json\" class=\"yoast-schema-graph\">{\"@context\":\"https:\/\/schema.org\",\"@graph\":[{\"@type\":\"Article\",\"@id\":\"https:\/\/newsestlyonnais.fr\/site\/2021\/05\/06\/badminton-et-loisirs-villettois-la-perte-de-7-000-e-de-nos-competitions\/#article\",\"isPartOf\":{\"@id\":\"https:\/\/newsestlyonnais.fr\/site\/2021\/05\/06\/badminton-et-loisirs-villettois-la-perte-de-7-000-e-de-nos-competitions\/\"},\"author\":{\"name\":\"R\u00e9dac. NEWS\",\"@id\":\"https:\/\/newsestlyonnais.fr\/site\/#\/schema\/person\/3230d5615f390bb808365d673001e887\"},\"headline\":\"Badminton et Loisirs Villettois | \u00ab\u00a0la perte de 7.000 \u20ac de nos comp\u00e9titions\u00a0\u00bb\",\"datePublished\":\"2021-05-06T12:09:13+00:00\",\"dateModified\":\"2021-05-10T07:31:42+00:00\",\"mainEntityOfPage\":{\"@id\":\"https:\/\/newsestlyonnais.fr\/site\/2021\/05\/06\/badminton-et-loisirs-villettois-la-perte-de-7-000-e-de-nos-competitions\/\"},\"wordCount\":547,\"commentCount\":0,\"publisher\":{\"@id\":\"https:\/\/newsestlyonnais.fr\/site\/#organization\"},\"image\":{\"@id\":\"https:\/\/newsestlyonnais.fr\/site\/2021\/05\/06\/badminton-et-loisirs-villettois-la-perte-de-7-000-e-de-nos-competitions\/#primaryimage\"},\"thumbnailUrl\":\"https:\/\/newsestlyonnais.fr\/site\/wp-content\/uploads\/2021\/05\/Adherents-du-BLV-38.jpg\",\"keywords\":[\"BADMINTON\",\"Badminton et Loisirs Villettoi\",\"VILLETTE D'ANTHON\"],\"articleSection\":[\"1 jour, 1 association\",\"Bad | Racketlon | Squash\",\"Divers Sports\",\"Is\u00e8re (38)\"],\"inLanguage\":\"fr-FR\",\"potentialAction\":[{\"@type\":\"CommentAction\",\"name\":\"Comment\",\"target\":[\"https:\/\/newsestlyonnais.fr\/site\/2021\/05\/06\/badminton-et-loisirs-villettois-la-perte-de-7-000-e-de-nos-competitions\/#respond\"]}]},{\"@type\":\"WebPage\",\"@id\":\"https:\/\/newsestlyonnais.fr\/site\/2021\/05\/06\/badminton-et-loisirs-villettois-la-perte-de-7-000-e-de-nos-competitions\/\",\"url\":\"https:\/\/newsestlyonnais.fr\/site\/2021\/05\/06\/badminton-et-loisirs-villettois-la-perte-de-7-000-e-de-nos-competitions\/\",\"name\":\"Badminton et Loisirs Villettois | \\\"la perte de 7.000 \u20ac de nos comp\u00e9titions\\\" - News Est Lyonnais\",\"isPartOf\":{\"@id\":\"https:\/\/newsestlyonnais.fr\/site\/#website\"},\"primaryImageOfPage\":{\"@id\":\"https:\/\/newsestlyonnais.fr\/site\/2021\/05\/06\/badminton-et-loisirs-villettois-la-perte-de-7-000-e-de-nos-competitions\/#primaryimage\"},\"image\":{\"@id\":\"https:\/\/newsestlyonnais.fr\/site\/2021\/05\/06\/badminton-et-loisirs-villettois-la-perte-de-7-000-e-de-nos-competitions\/#primaryimage\"},\"thumbnailUrl\":\"https:\/\/newsestlyonnais.fr\/site\/wp-content\/uploads\/2021\/05\/Adherents-du-BLV-38.jpg\",\"datePublished\":\"2021-05-06T12:09:13+00:00\",\"dateModified\":\"2021-05-10T07:31:42+00:00\",\"description\":\"Badminton et Loisirs Villettois | \\\"la perte de 7.000 \u20ac de nos comp\u00e9titions\\\"\",\"breadcrumb\":{\"@id\":\"https:\/\/newsestlyonnais.fr\/site\/2021\/05\/06\/badminton-et-loisirs-villettois-la-perte-de-7-000-e-de-nos-competitions\/#breadcrumb\"},\"inLanguage\":\"fr-FR\",\"potentialAction\":[{\"@type\":\"ReadAction\",\"target\":[\"https:\/\/newsestlyonnais.fr\/site\/2021\/05\/06\/badminton-et-loisirs-villettois-la-perte-de-7-000-e-de-nos-competitions\/\"]}]},{\"@type\":\"ImageObject\",\"inLanguage\":\"fr-FR\",\"@id\":\"https:\/\/newsestlyonnais.fr\/site\/2021\/05\/06\/badminton-et-loisirs-villettois-la-perte-de-7-000-e-de-nos-competitions\/#primaryimage\",\"url\":\"https:\/\/newsestlyonnais.fr\/site\/wp-content\/uploads\/2021\/05\/Adherents-du-BLV-38.jpg\",\"contentUrl\":\"https:\/\/newsestlyonnais.fr\/site\/wp-content\/uploads\/2021\/05\/Adherents-du-BLV-38.jpg\",\"width\":960,\"height\":466},{\"@type\":\"BreadcrumbList\",\"@id\":\"https:\/\/newsestlyonnais.fr\/site\/2021\/05\/06\/badminton-et-loisirs-villettois-la-perte-de-7-000-e-de-nos-competitions\/#breadcrumb\",\"itemListElement\":[{\"@type\":\"ListItem\",\"position\":1,\"name\":\"Accueil\",\"item\":\"https:\/\/newsestlyonnais.fr\/site\/\"},{\"@type\":\"ListItem\",\"position\":2,\"name\":\"Badminton et Loisirs Villettois | \u00ab\u00a0la perte de 7.000 \u20ac de nos comp\u00e9titions\u00a0\u00bb\"}]},{\"@type\":\"WebSite\",\"@id\":\"https:\/\/newsestlyonnais.fr\/site\/#website\",\"url\":\"https:\/\/newsestlyonnais.fr\/site\/\",\"name\":\"News Est Lyonnais\",\"description\":\"L&#039;actualit\u00e9 au plus pr\u00e8s\",\"publisher\":{\"@id\":\"https:\/\/newsestlyonnais.fr\/site\/#organization\"},\"potentialAction\":[{\"@type\":\"SearchAction\",\"target\":{\"@type\":\"EntryPoint\",\"urlTemplate\":\"https:\/\/newsestlyonnais.fr\/site\/?s={search_term_string}\"},\"query-input\":{\"@type\":\"PropertyValueSpecification\",\"valueRequired\":true,\"valueName\":\"search_term_string\"}}],\"inLanguage\":\"fr-FR\"},{\"@type\":\"Organization\",\"@id\":\"https:\/\/newsestlyonnais.fr\/site\/#organization\",\"name\":\"News EST LYONNAIS\",\"url\":\"https:\/\/newsestlyonnais.fr\/site\/\",\"logo\":{\"@type\":\"ImageObject\",\"inLanguage\":\"fr-FR\",\"@id\":\"https:\/\/newsestlyonnais.fr\/site\/#\/schema\/logo\/image\/\",\"url\":\"\",\"contentUrl\":\"\",\"caption\":\"News EST LYONNAIS\"},\"image\":{\"@id\":\"https:\/\/newsestlyonnais.fr\/site\/#\/schema\/logo\/image\/\"}},{\"@type\":\"Person\",\"@id\":\"https:\/\/newsestlyonnais.fr\/site\/#\/schema\/person\/3230d5615f390bb808365d673001e887\",\"name\":\"R\u00e9dac. NEWS\",\"sameAs\":[\"http:\/\/www.newsestlyonnais.fr\",\"https:\/\/www.facebook.com\/pascal.oberson.1?fref=ts\",\"https:\/\/fr.linkedin.com\/in\/pascal-oberson-b17045113\"],\"url\":\"https:\/\/newsestlyonnais.fr\/site\/author\/nel\/\"}]}<\/script>\n<!-- \/ Yoast SEO plugin. -->","yoast_head_json":{"title":"Badminton et Loisirs Villettois | \"la perte de 7.000 \u20ac de nos comp\u00e9titions\" - News Est Lyonnais","description":"Badminton et Loisirs Villettois | \"la perte de 7.000 \u20ac de nos comp\u00e9titions\"","robots":{"index":"index","follow":"follow","max-snippet":"max-snippet:-1","max-image-preview":"max-image-preview:large","max-video-preview":"max-video-preview:-1"},"canonical":"https:\/\/newsestlyonnais.fr\/site\/2021\/05\/06\/badminton-et-loisirs-villettois-la-perte-de-7-000-e-de-nos-competitions\/","og_locale":"fr_FR","og_type":"article","og_title":"Badminton et Loisirs Villettois | \"la perte de 7.000 \u20ac de nos comp\u00e9titions\" - News Est Lyonnais","og_description":"Badminton et Loisirs Villettois | \"la perte de 7.000 \u20ac de nos comp\u00e9titions\"","og_url":"https:\/\/newsestlyonnais.fr\/site\/2021\/05\/06\/badminton-et-loisirs-villettois-la-perte-de-7-000-e-de-nos-competitions\/","og_site_name":"News Est Lyonnais","article_author":"https:\/\/www.facebook.com\/pascal.oberson.1?fref=ts","article_published_time":"2021-05-06T12:09:13+00:00","article_modified_time":"2021-05-10T07:31:42+00:00","og_image":[{"width":960,"height":466,"url":"https:\/\/i1.wp.com\/newsestlyonnais.fr\/site\/wp-content\/uploads\/2021\/05\/Adherents-du-BLV-38.jpg?fit=960%2C466&ssl=1","type":"image\/jpeg"}],"author":"R\u00e9dac. NEWS","twitter_card":"summary_large_image","twitter_misc":{"\u00c9crit par":"R\u00e9dac. NEWS","Dur\u00e9e de lecture estim\u00e9e":"3 minutes"},"schema":{"@context":"https:\/\/schema.org","@graph":[{"@type":"Article","@id":"https:\/\/newsestlyonnais.fr\/site\/2021\/05\/06\/badminton-et-loisirs-villettois-la-perte-de-7-000-e-de-nos-competitions\/#article","isPartOf":{"@id":"https:\/\/newsestlyonnais.fr\/site\/2021\/05\/06\/badminton-et-loisirs-villettois-la-perte-de-7-000-e-de-nos-competitions\/"},"author":{"name":"R\u00e9dac. NEWS","@id":"https:\/\/newsestlyonnais.fr\/site\/#\/schema\/person\/3230d5615f390bb808365d673001e887"},"headline":"Badminton et Loisirs Villettois | \u00ab\u00a0la perte de 7.000 \u20ac de nos comp\u00e9titions\u00a0\u00bb","datePublished":"2021-05-06T12:09:13+00:00","dateModified":"2021-05-10T07:31:42+00:00","mainEntityOfPage":{"@id":"https:\/\/newsestlyonnais.fr\/site\/2021\/05\/06\/badminton-et-loisirs-villettois-la-perte-de-7-000-e-de-nos-competitions\/"},"wordCount":547,"commentCount":0,"publisher":{"@id":"https:\/\/newsestlyonnais.fr\/site\/#organization"},"image":{"@id":"https:\/\/newsestlyonnais.fr\/site\/2021\/05\/06\/badminton-et-loisirs-villettois-la-perte-de-7-000-e-de-nos-competitions\/#primaryimage"},"thumbnailUrl":"https:\/\/newsestlyonnais.fr\/site\/wp-content\/uploads\/2021\/05\/Adherents-du-BLV-38.jpg","keywords":["BADMINTON","Badminton et Loisirs Villettoi","VILLETTE D'ANTHON"],"articleSection":["1 jour, 1 association","Bad | Racketlon | Squash","Divers Sports","Is\u00e8re (38)"],"inLanguage":"fr-FR","potentialAction":[{"@type":"CommentAction","name":"Comment","target":["https:\/\/newsestlyonnais.fr\/site\/2021\/05\/06\/badminton-et-loisirs-villettois-la-perte-de-7-000-e-de-nos-competitions\/#respond"]}]},{"@type":"WebPage","@id":"https:\/\/newsestlyonnais.fr\/site\/2021\/05\/06\/badminton-et-loisirs-villettois-la-perte-de-7-000-e-de-nos-competitions\/","url":"https:\/\/newsestlyonnais.fr\/site\/2021\/05\/06\/badminton-et-loisirs-villettois-la-perte-de-7-000-e-de-nos-competitions\/","name":"Badminton et Loisirs Villettois | \"la perte de 7.000 \u20ac de nos comp\u00e9titions\" - News Est Lyonnais","isPartOf":{"@id":"https:\/\/newsestlyonnais.fr\/site\/#website"},"primaryImageOfPage":{"@id":"https:\/\/newsestlyonnais.fr\/site\/2021\/05\/06\/badminton-et-loisirs-villettois-la-perte-de-7-000-e-de-nos-competitions\/#primaryimage"},"image":{"@id":"https:\/\/newsestlyonnais.fr\/site\/2021\/05\/06\/badminton-et-loisirs-villettois-la-perte-de-7-000-e-de-nos-competitions\/#primaryimage"},"thumbnailUrl":"https:\/\/newsestlyonnais.fr\/site\/wp-content\/uploads\/2021\/05\/Adherents-du-BLV-38.jpg","datePublished":"2021-05-06T12:09:13+00:00","dateModified":"2021-05-10T07:31:42+00:00","description":"Badminton et Loisirs Villettois | \"la perte de 7.000 \u20ac de nos comp\u00e9titions\"","breadcrumb":{"@id":"https:\/\/newsestlyonnais.fr\/site\/2021\/05\/06\/badminton-et-loisirs-villettois-la-perte-de-7-000-e-de-nos-competitions\/#breadcrumb"},"inLanguage":"fr-FR","potentialAction":[{"@type":"ReadAction","target":["https:\/\/newsestlyonnais.fr\/site\/2021\/05\/06\/badminton-et-loisirs-villettois-la-perte-de-7-000-e-de-nos-competitions\/"]}]},{"@type":"ImageObject","inLanguage":"fr-FR","@id":"https:\/\/newsestlyonnais.fr\/site\/2021\/05\/06\/badminton-et-loisirs-villettois-la-perte-de-7-000-e-de-nos-competitions\/#primaryimage","url":"https:\/\/newsestlyonnais.fr\/site\/wp-content\/uploads\/2021\/05\/Adherents-du-BLV-38.jpg","contentUrl":"https:\/\/newsestlyonnais.fr\/site\/wp-content\/uploads\/2021\/05\/Adherents-du-BLV-38.jpg","width":960,"height":466},{"@type":"BreadcrumbList","@id":"https:\/\/newsestlyonnais.fr\/site\/2021\/05\/06\/badminton-et-loisirs-villettois-la-perte-de-7-000-e-de-nos-competitions\/#breadcrumb","itemListElement":[{"@type":"ListItem","position":1,"name":"Accueil","item":"https:\/\/newsestlyonnais.fr\/site\/"},{"@type":"ListItem","position":2,"name":"Badminton et Loisirs Villettois | \u00ab\u00a0la perte de 7.000 \u20ac de nos comp\u00e9titions\u00a0\u00bb"}]},{"@type":"WebSite","@id":"https:\/\/newsestlyonnais.fr\/site\/#website","url":"https:\/\/newsestlyonnais.fr\/site\/","name":"News Est Lyonnais","description":"L&#039;actualit\u00e9 au plus pr\u00e8s","publisher":{"@id":"https:\/\/newsestlyonnais.fr\/site\/#organization"},"potentialAction":[{"@type":"SearchAction","target":{"@type":"EntryPoint","urlTemplate":"https:\/\/newsestlyonnais.fr\/site\/?s={search_term_string}"},"query-input":{"@type":"PropertyValueSpecification","valueRequired":true,"valueName":"search_term_string"}}],"inLanguage":"fr-FR"},{"@type":"Organization","@id":"https:\/\/newsestlyonnais.fr\/site\/#organization","name":"News EST LYONNAIS","url":"https:\/\/newsestlyonnais.fr\/site\/","logo":{"@type":"ImageObject","inLanguage":"fr-FR","@id":"https:\/\/newsestlyonnais.fr\/site\/#\/schema\/logo\/image\/","url":"","contentUrl":"","caption":"News EST LYONNAIS"},"image":{"@id":"https:\/\/newsestlyonnais.fr\/site\/#\/schema\/logo\/image\/"}},{"@type":"Person","@id":"https:\/\/newsestlyonnais.fr\/site\/#\/schema\/person\/3230d5615f390bb808365d673001e887","name":"R\u00e9dac. NEWS","sameAs":["http:\/\/www.newsestlyonnais.fr","https:\/\/www.facebook.com\/pascal.oberson.1?fref=ts","https:\/\/fr.linkedin.com\/in\/pascal-oberson-b17045113"],"url":"https:\/\/newsestlyonnais.fr\/site\/author\/nel\/"}]}},"_links":{"self":[{"href":"https:\/\/newsestlyonnais.fr\/site\/wp-json\/wp\/v2\/posts\/129706","targetHints":{"allow":["GET"]}}],"collection":[{"href":"https:\/\/newsestlyonnais.fr\/site\/wp-json\/wp\/v2\/posts"}],"about":[{"href":"https:\/\/newsestlyonnais.fr\/site\/wp-json\/wp\/v2\/types\/post"}],"author":[{"embeddable":true,"href":"https:\/\/newsestlyonnais.fr\/site\/wp-json\/wp\/v2\/users\/4"}],"replies":[{"embeddable":true,"href":"https:\/\/newsestlyonnais.fr\/site\/wp-json\/wp\/v2\/comments?post=129706"}],"version-history":[{"count":0,"href":"https:\/\/newsestlyonnais.fr\/site\/wp-json\/wp\/v2\/posts\/129706\/revisions"}],"wp:featuredmedia":[{"embeddable":true,"href":"https:\/\/newsestlyonnais.fr\/site\/wp-json\/wp\/v2\/media\/129718"}],"wp:attachment":[{"href":"https:\/\/newsestlyonnais.fr\/site\/wp-json\/wp\/v2\/media?parent=129706"}],"wp:term":[{"taxonomy":"category","embeddable":true,"href":"https:\/\/newsestlyonnais.fr\/site\/wp-json\/wp\/v2\/categories?post=129706"},{"taxonomy":"post_tag","embeddable":true,"href":"https:\/\/newsestlyonnais.fr\/site\/wp-json\/wp\/v2\/tags?post=129706"}],"curies":[{"name":"wp","href":"https:\/\/api.w.org\/{rel}","templated":true}]}}