{"id":130011,"date":"2021-05-12T16:09:46","date_gmt":"2021-05-12T15:09:46","guid":{"rendered":"https:\/\/newsestlyonnais.fr\/site\/?p=130011"},"modified":"2021-05-30T11:56:07","modified_gmt":"2021-05-30T10:56:07","slug":"genas-a-un-incroyable-talent-de-retour","status":"publish","type":"post","link":"https:\/\/newsestlyonnais.fr\/site\/2021\/05\/12\/genas-a-un-incroyable-talent-de-retour\/","title":{"rendered":"\u00ab\u00a0GENAS a un incroyable talent\u00a0\u00bb de retour (29 mai)"},"content":{"rendered":"<p><strong>Au programme<\/strong> :<\/p>\n<ul>\n<li>Une diversit\u00e9 d\u2019artistes<\/li>\n<li>Un jury compos\u00e9 de Jovan (chanteur), Mathieu (foot freestyleur) et Bronix (beatboxeur)<\/li>\n<li>Une soir\u00e9e anim\u00e9e par \u00ab Monsieur FERNANDEZ \u00bb<\/li>\n<\/ul>\n<p>Soir\u00e9e organis\u00e9e par les jeunes du <strong>Passeport Culture de Genas, le \u00ab Culture Crew \u00bb, <\/strong>dispositif municipal.<\/p>\n<ul>\n<li>En soutien \u00e0 <strong>l\u2019Association HUGO !<\/strong> qui lutte contre le harc\u00e8lement scolaire (possibilit\u00e9 de dons libres directement sur leur site internet : <a href=\"https:\/\/www.asso-hugo.fr\/nous_soutenir.php\">https:\/\/www.asso-hugo.fr\/nous_soutenir.php<\/a> )<\/li>\n<li><strong>COVID 19 : port du masque obligatoire et respect des gestes barri\u00e8res<\/strong><\/li>\n<\/ul>\n<hr \/>\n<p><span style=\"text-decoration: underline;\"><strong><em>Informations pratiques <\/em><\/strong><\/span>:<\/p>\n<ul>\n<li><strong>Samedi 29 mai 2021 \/ <\/strong><strong>Th\u00e9\u00e2tre de Verdure de Genas<\/strong> &#8211; parc du Ch\u00e2teau de Veynes (soir\u00e9e annul\u00e9e en cas d\u2019intemp\u00e9ries)<\/li>\n<li>Ouverture des portes au public <strong>\u00e0 partir de 17 h 30<\/strong> \u2013 d\u00e9but du show \u00e0 18 h.<\/li>\n<li>R\u00e9servation de places <strong>GRATUITE mais OBLIGATOIRE<\/strong> en vous inscrivant sur le lien suivant : <span style=\"color: #0000ff;\"><a style=\"color: #0000ff;\" href=\"https:\/\/bit.ly\/3t9Mts0\">https:\/\/bit.ly\/3t9Mts0<\/a><\/span> ou en flashant le QR code du flyer en PJ<\/li>\n<\/ul>\n<p><em>&gt; Attention : en raison du contexte sanitaire actuel, le nombre de place est limit\u00e9.<\/em><\/p>\n<p>Plus d\u2019informations, renseignements aupr\u00e8s du secteur jeunesse : 06.46.55.89.87 (Elodie).<\/p>\n<hr \/>\n<p><img loading=\"lazy\" decoding=\"async\" class=\"aligncenter size-full wp-image-130014\" src=\"https:\/\/newsestlyonnais.fr\/site\/wp-content\/uploads\/2021\/05\/Flyer-Genas-a-un-Incroyable-Talent-3-Copier-page-001.jpg\" alt=\"\" width=\"886\" height=\"1240\" srcset=\"https:\/\/newsestlyonnais.fr\/site\/wp-content\/uploads\/2021\/05\/Flyer-Genas-a-un-Incroyable-Talent-3-Copier-page-001.jpg 886w, https:\/\/newsestlyonnais.fr\/site\/wp-content\/uploads\/2021\/05\/Flyer-Genas-a-un-Incroyable-Talent-3-Copier-page-001-400x560.jpg 400w, https:\/\/newsestlyonnais.fr\/site\/wp-content\/uploads\/2021\/05\/Flyer-Genas-a-un-Incroyable-Talent-3-Copier-page-001-650x910.jpg 650w, https:\/\/newsestlyonnais.fr\/site\/wp-content\/uploads\/2021\/05\/Flyer-Genas-a-un-Incroyable-Talent-3-Copier-page-001-250x350.jpg 250w, https:\/\/newsestlyonnais.fr\/site\/wp-content\/uploads\/2021\/05\/Flyer-Genas-a-un-Incroyable-Talent-3-Copier-page-001-768x1075.jpg 768w, https:\/\/newsestlyonnais.fr\/site\/wp-content\/uploads\/2021\/05\/Flyer-Genas-a-un-Incroyable-Talent-3-Copier-page-001-150x210.jpg 150w, https:\/\/newsestlyonnais.fr\/site\/wp-content\/uploads\/2021\/05\/Flyer-Genas-a-un-Incroyable-Talent-3-Copier-page-001-50x70.jpg 50w, https:\/\/newsestlyonnais.fr\/site\/wp-content\/uploads\/2021\/05\/Flyer-Genas-a-un-Incroyable-Talent-3-Copier-page-001-100x140.jpg 100w, https:\/\/newsestlyonnais.fr\/site\/wp-content\/uploads\/2021\/05\/Flyer-Genas-a-un-Incroyable-Talent-3-Copier-page-001-200x280.jpg 200w, https:\/\/newsestlyonnais.fr\/site\/wp-content\/uploads\/2021\/05\/Flyer-Genas-a-un-Incroyable-Talent-3-Copier-page-001-300x420.jpg 300w, https:\/\/newsestlyonnais.fr\/site\/wp-content\/uploads\/2021\/05\/Flyer-Genas-a-un-Incroyable-Talent-3-Copier-page-001-350x490.jpg 350w, https:\/\/newsestlyonnais.fr\/site\/wp-content\/uploads\/2021\/05\/Flyer-Genas-a-un-Incroyable-Talent-3-Copier-page-001-450x630.jpg 450w, https:\/\/newsestlyonnais.fr\/site\/wp-content\/uploads\/2021\/05\/Flyer-Genas-a-un-Incroyable-Talent-3-Copier-page-001-500x700.jpg 500w, https:\/\/newsestlyonnais.fr\/site\/wp-content\/uploads\/2021\/05\/Flyer-Genas-a-un-Incroyable-Talent-3-Copier-page-001-550x770.jpg 550w, https:\/\/newsestlyonnais.fr\/site\/wp-content\/uploads\/2021\/05\/Flyer-Genas-a-un-Incroyable-Talent-3-Copier-page-001-800x1120.jpg 800w\" sizes=\"auto, (max-width: 886px) 100vw, 886px\" \/><\/p>\n","protected":false},"excerpt":{"rendered":"<p>3\u00b0 \u00e9dition de cet \u00e9v\u00e8nement le samedi 29 mai dans le cadre du Th\u00e9\u00e2tre de Verdure. <\/p>\n","protected":false},"author":4,"featured_media":130021,"comment_status":"open","ping_status":"open","sticky":false,"template":"","format":"standard","meta":{"footnotes":""},"categories":[270,171,1598,3330,3006],"tags":[2005,3752],"class_list":["post-130011","post","type-post","status-publish","format-standard","has-post-thumbnail","hentry","category-cte-de-communes-c-c-e-l","category-enfance-jeunesse","category-genas","category-mode-spectacle","category-musique-danse-humour","tag-genas","tag-genas-a-un-incroyable-talent"],"yoast_head":"<!-- This site is optimized with the Yoast SEO plugin v27.2 - https:\/\/yoast.com\/product\/yoast-seo-wordpress\/ -->\n<title>&quot;GENAS a un incroyable talent&quot; de retour (29 mai) - News Est Lyonnais<\/title>\n<meta name=\"description\" content=\"GENAS a un incroyable talent de retour !\" \/>\n<meta name=\"robots\" content=\"index, follow, max-snippet:-1, max-image-preview:large, max-video-preview:-1\" \/>\n<link rel=\"canonical\" href=\"https:\/\/newsestlyonnais.fr\/site\/2021\/05\/12\/genas-a-un-incroyable-talent-de-retour\/\" \/>\n<meta property=\"og:locale\" content=\"fr_FR\" \/>\n<meta property=\"og:type\" content=\"article\" \/>\n<meta property=\"og:title\" content=\"&quot;GENAS a un incroyable talent&quot; de retour (29 mai) - News Est Lyonnais\" \/>\n<meta property=\"og:description\" content=\"GENAS a un incroyable talent de retour !\" \/>\n<meta property=\"og:url\" content=\"https:\/\/newsestlyonnais.fr\/site\/2021\/05\/12\/genas-a-un-incroyable-talent-de-retour\/\" \/>\n<meta property=\"og:site_name\" content=\"News Est Lyonnais\" \/>\n<meta property=\"article:author\" content=\"https:\/\/www.facebook.com\/pascal.oberson.1?fref=ts\" \/>\n<meta property=\"article:published_time\" content=\"2021-05-12T15:09:46+00:00\" \/>\n<meta property=\"article:modified_time\" content=\"2021-05-30T10:56:07+00:00\" \/>\n<meta property=\"og:image\" content=\"https:\/\/i2.wp.com\/newsestlyonnais.fr\/site\/wp-content\/uploads\/2021\/05\/NEWSESTLYONNAIS-INCR-TALENT-CHAPLIN.jpg?fit=1200%2C900&ssl=1\" \/>\n\t<meta property=\"og:image:width\" content=\"1200\" \/>\n\t<meta property=\"og:image:height\" content=\"900\" \/>\n\t<meta property=\"og:image:type\" content=\"image\/jpeg\" \/>\n<meta name=\"author\" content=\"R\u00e9dac. NEWS\" \/>\n<meta name=\"twitter:card\" content=\"summary_large_image\" \/>\n<meta name=\"twitter:label1\" content=\"\u00c9crit par\" \/>\n\t<meta name=\"twitter:data1\" content=\"R\u00e9dac. NEWS\" \/>\n\t<meta name=\"twitter:label2\" content=\"Dur\u00e9e de lecture estim\u00e9e\" \/>\n\t<meta name=\"twitter:data2\" content=\"1 minute\" \/>\n<script type=\"application\/ld+json\" class=\"yoast-schema-graph\">{\"@context\":\"https:\/\/schema.org\",\"@graph\":[{\"@type\":\"Article\",\"@id\":\"https:\/\/newsestlyonnais.fr\/site\/2021\/05\/12\/genas-a-un-incroyable-talent-de-retour\/#article\",\"isPartOf\":{\"@id\":\"https:\/\/newsestlyonnais.fr\/site\/2021\/05\/12\/genas-a-un-incroyable-talent-de-retour\/\"},\"author\":{\"name\":\"R\u00e9dac. NEWS\",\"@id\":\"https:\/\/newsestlyonnais.fr\/site\/#\/schema\/person\/3230d5615f390bb808365d673001e887\"},\"headline\":\"\u00ab\u00a0GENAS a un incroyable talent\u00a0\u00bb de retour (29 mai)\",\"datePublished\":\"2021-05-12T15:09:46+00:00\",\"dateModified\":\"2021-05-30T10:56:07+00:00\",\"mainEntityOfPage\":{\"@id\":\"https:\/\/newsestlyonnais.fr\/site\/2021\/05\/12\/genas-a-un-incroyable-talent-de-retour\/\"},\"wordCount\":182,\"commentCount\":0,\"publisher\":{\"@id\":\"https:\/\/newsestlyonnais.fr\/site\/#organization\"},\"image\":{\"@id\":\"https:\/\/newsestlyonnais.fr\/site\/2021\/05\/12\/genas-a-un-incroyable-talent-de-retour\/#primaryimage\"},\"thumbnailUrl\":\"https:\/\/newsestlyonnais.fr\/site\/wp-content\/uploads\/2021\/05\/NEWSESTLYONNAIS-INCR-TALENT-CHAPLIN.jpg\",\"keywords\":[\"GENAS\",\"GENAS a un incroyable talent\"],\"articleSection\":[\"CCEL | Communes\",\"Enfance | Jeunesse\",\"Genas\",\"Mode | Spectacle\",\"Musique | Danse | Humour\"],\"inLanguage\":\"fr-FR\",\"potentialAction\":[{\"@type\":\"CommentAction\",\"name\":\"Comment\",\"target\":[\"https:\/\/newsestlyonnais.fr\/site\/2021\/05\/12\/genas-a-un-incroyable-talent-de-retour\/#respond\"]}]},{\"@type\":\"WebPage\",\"@id\":\"https:\/\/newsestlyonnais.fr\/site\/2021\/05\/12\/genas-a-un-incroyable-talent-de-retour\/\",\"url\":\"https:\/\/newsestlyonnais.fr\/site\/2021\/05\/12\/genas-a-un-incroyable-talent-de-retour\/\",\"name\":\"\\\"GENAS a un incroyable talent\\\" de retour (29 mai) - News Est Lyonnais\",\"isPartOf\":{\"@id\":\"https:\/\/newsestlyonnais.fr\/site\/#website\"},\"primaryImageOfPage\":{\"@id\":\"https:\/\/newsestlyonnais.fr\/site\/2021\/05\/12\/genas-a-un-incroyable-talent-de-retour\/#primaryimage\"},\"image\":{\"@id\":\"https:\/\/newsestlyonnais.fr\/site\/2021\/05\/12\/genas-a-un-incroyable-talent-de-retour\/#primaryimage\"},\"thumbnailUrl\":\"https:\/\/newsestlyonnais.fr\/site\/wp-content\/uploads\/2021\/05\/NEWSESTLYONNAIS-INCR-TALENT-CHAPLIN.jpg\",\"datePublished\":\"2021-05-12T15:09:46+00:00\",\"dateModified\":\"2021-05-30T10:56:07+00:00\",\"description\":\"GENAS a un incroyable talent de retour !\",\"breadcrumb\":{\"@id\":\"https:\/\/newsestlyonnais.fr\/site\/2021\/05\/12\/genas-a-un-incroyable-talent-de-retour\/#breadcrumb\"},\"inLanguage\":\"fr-FR\",\"potentialAction\":[{\"@type\":\"ReadAction\",\"target\":[\"https:\/\/newsestlyonnais.fr\/site\/2021\/05\/12\/genas-a-un-incroyable-talent-de-retour\/\"]}]},{\"@type\":\"ImageObject\",\"inLanguage\":\"fr-FR\",\"@id\":\"https:\/\/newsestlyonnais.fr\/site\/2021\/05\/12\/genas-a-un-incroyable-talent-de-retour\/#primaryimage\",\"url\":\"https:\/\/newsestlyonnais.fr\/site\/wp-content\/uploads\/2021\/05\/NEWSESTLYONNAIS-INCR-TALENT-CHAPLIN.jpg\",\"contentUrl\":\"https:\/\/newsestlyonnais.fr\/site\/wp-content\/uploads\/2021\/05\/NEWSESTLYONNAIS-INCR-TALENT-CHAPLIN.jpg\",\"width\":1200,\"height\":900},{\"@type\":\"BreadcrumbList\",\"@id\":\"https:\/\/newsestlyonnais.fr\/site\/2021\/05\/12\/genas-a-un-incroyable-talent-de-retour\/#breadcrumb\",\"itemListElement\":[{\"@type\":\"ListItem\",\"position\":1,\"name\":\"Accueil\",\"item\":\"https:\/\/newsestlyonnais.fr\/site\/\"},{\"@type\":\"ListItem\",\"position\":2,\"name\":\"\u00ab\u00a0GENAS a un incroyable talent\u00a0\u00bb de retour (29 mai)\"}]},{\"@type\":\"WebSite\",\"@id\":\"https:\/\/newsestlyonnais.fr\/site\/#website\",\"url\":\"https:\/\/newsestlyonnais.fr\/site\/\",\"name\":\"News Est Lyonnais\",\"description\":\"L&#039;actualit\u00e9 au plus pr\u00e8s\",\"publisher\":{\"@id\":\"https:\/\/newsestlyonnais.fr\/site\/#organization\"},\"potentialAction\":[{\"@type\":\"SearchAction\",\"target\":{\"@type\":\"EntryPoint\",\"urlTemplate\":\"https:\/\/newsestlyonnais.fr\/site\/?s={search_term_string}\"},\"query-input\":{\"@type\":\"PropertyValueSpecification\",\"valueRequired\":true,\"valueName\":\"search_term_string\"}}],\"inLanguage\":\"fr-FR\"},{\"@type\":\"Organization\",\"@id\":\"https:\/\/newsestlyonnais.fr\/site\/#organization\",\"name\":\"News EST LYONNAIS\",\"url\":\"https:\/\/newsestlyonnais.fr\/site\/\",\"logo\":{\"@type\":\"ImageObject\",\"inLanguage\":\"fr-FR\",\"@id\":\"https:\/\/newsestlyonnais.fr\/site\/#\/schema\/logo\/image\/\",\"url\":\"\",\"contentUrl\":\"\",\"caption\":\"News EST LYONNAIS\"},\"image\":{\"@id\":\"https:\/\/newsestlyonnais.fr\/site\/#\/schema\/logo\/image\/\"}},{\"@type\":\"Person\",\"@id\":\"https:\/\/newsestlyonnais.fr\/site\/#\/schema\/person\/3230d5615f390bb808365d673001e887\",\"name\":\"R\u00e9dac. NEWS\",\"sameAs\":[\"http:\/\/www.newsestlyonnais.fr\",\"https:\/\/www.facebook.com\/pascal.oberson.1?fref=ts\",\"https:\/\/fr.linkedin.com\/in\/pascal-oberson-b17045113\"],\"url\":\"https:\/\/newsestlyonnais.fr\/site\/author\/nel\/\"}]}<\/script>\n<!-- \/ Yoast SEO plugin. -->","yoast_head_json":{"title":"\"GENAS a un incroyable talent\" de retour (29 mai) - News Est Lyonnais","description":"GENAS a un incroyable talent de retour !","robots":{"index":"index","follow":"follow","max-snippet":"max-snippet:-1","max-image-preview":"max-image-preview:large","max-video-preview":"max-video-preview:-1"},"canonical":"https:\/\/newsestlyonnais.fr\/site\/2021\/05\/12\/genas-a-un-incroyable-talent-de-retour\/","og_locale":"fr_FR","og_type":"article","og_title":"\"GENAS a un incroyable talent\" de retour (29 mai) - News Est Lyonnais","og_description":"GENAS a un incroyable talent de retour !","og_url":"https:\/\/newsestlyonnais.fr\/site\/2021\/05\/12\/genas-a-un-incroyable-talent-de-retour\/","og_site_name":"News Est Lyonnais","article_author":"https:\/\/www.facebook.com\/pascal.oberson.1?fref=ts","article_published_time":"2021-05-12T15:09:46+00:00","article_modified_time":"2021-05-30T10:56:07+00:00","og_image":[{"width":1200,"height":900,"url":"https:\/\/i2.wp.com\/newsestlyonnais.fr\/site\/wp-content\/uploads\/2021\/05\/NEWSESTLYONNAIS-INCR-TALENT-CHAPLIN.jpg?fit=1200%2C900&ssl=1","type":"image\/jpeg"}],"author":"R\u00e9dac. NEWS","twitter_card":"summary_large_image","twitter_misc":{"\u00c9crit par":"R\u00e9dac. NEWS","Dur\u00e9e de lecture estim\u00e9e":"1 minute"},"schema":{"@context":"https:\/\/schema.org","@graph":[{"@type":"Article","@id":"https:\/\/newsestlyonnais.fr\/site\/2021\/05\/12\/genas-a-un-incroyable-talent-de-retour\/#article","isPartOf":{"@id":"https:\/\/newsestlyonnais.fr\/site\/2021\/05\/12\/genas-a-un-incroyable-talent-de-retour\/"},"author":{"name":"R\u00e9dac. NEWS","@id":"https:\/\/newsestlyonnais.fr\/site\/#\/schema\/person\/3230d5615f390bb808365d673001e887"},"headline":"\u00ab\u00a0GENAS a un incroyable talent\u00a0\u00bb de retour (29 mai)","datePublished":"2021-05-12T15:09:46+00:00","dateModified":"2021-05-30T10:56:07+00:00","mainEntityOfPage":{"@id":"https:\/\/newsestlyonnais.fr\/site\/2021\/05\/12\/genas-a-un-incroyable-talent-de-retour\/"},"wordCount":182,"commentCount":0,"publisher":{"@id":"https:\/\/newsestlyonnais.fr\/site\/#organization"},"image":{"@id":"https:\/\/newsestlyonnais.fr\/site\/2021\/05\/12\/genas-a-un-incroyable-talent-de-retour\/#primaryimage"},"thumbnailUrl":"https:\/\/newsestlyonnais.fr\/site\/wp-content\/uploads\/2021\/05\/NEWSESTLYONNAIS-INCR-TALENT-CHAPLIN.jpg","keywords":["GENAS","GENAS a un incroyable talent"],"articleSection":["CCEL | Communes","Enfance | Jeunesse","Genas","Mode | Spectacle","Musique | Danse | Humour"],"inLanguage":"fr-FR","potentialAction":[{"@type":"CommentAction","name":"Comment","target":["https:\/\/newsestlyonnais.fr\/site\/2021\/05\/12\/genas-a-un-incroyable-talent-de-retour\/#respond"]}]},{"@type":"WebPage","@id":"https:\/\/newsestlyonnais.fr\/site\/2021\/05\/12\/genas-a-un-incroyable-talent-de-retour\/","url":"https:\/\/newsestlyonnais.fr\/site\/2021\/05\/12\/genas-a-un-incroyable-talent-de-retour\/","name":"\"GENAS a un incroyable talent\" de retour (29 mai) - News Est Lyonnais","isPartOf":{"@id":"https:\/\/newsestlyonnais.fr\/site\/#website"},"primaryImageOfPage":{"@id":"https:\/\/newsestlyonnais.fr\/site\/2021\/05\/12\/genas-a-un-incroyable-talent-de-retour\/#primaryimage"},"image":{"@id":"https:\/\/newsestlyonnais.fr\/site\/2021\/05\/12\/genas-a-un-incroyable-talent-de-retour\/#primaryimage"},"thumbnailUrl":"https:\/\/newsestlyonnais.fr\/site\/wp-content\/uploads\/2021\/05\/NEWSESTLYONNAIS-INCR-TALENT-CHAPLIN.jpg","datePublished":"2021-05-12T15:09:46+00:00","dateModified":"2021-05-30T10:56:07+00:00","description":"GENAS a un incroyable talent de retour !","breadcrumb":{"@id":"https:\/\/newsestlyonnais.fr\/site\/2021\/05\/12\/genas-a-un-incroyable-talent-de-retour\/#breadcrumb"},"inLanguage":"fr-FR","potentialAction":[{"@type":"ReadAction","target":["https:\/\/newsestlyonnais.fr\/site\/2021\/05\/12\/genas-a-un-incroyable-talent-de-retour\/"]}]},{"@type":"ImageObject","inLanguage":"fr-FR","@id":"https:\/\/newsestlyonnais.fr\/site\/2021\/05\/12\/genas-a-un-incroyable-talent-de-retour\/#primaryimage","url":"https:\/\/newsestlyonnais.fr\/site\/wp-content\/uploads\/2021\/05\/NEWSESTLYONNAIS-INCR-TALENT-CHAPLIN.jpg","contentUrl":"https:\/\/newsestlyonnais.fr\/site\/wp-content\/uploads\/2021\/05\/NEWSESTLYONNAIS-INCR-TALENT-CHAPLIN.jpg","width":1200,"height":900},{"@type":"BreadcrumbList","@id":"https:\/\/newsestlyonnais.fr\/site\/2021\/05\/12\/genas-a-un-incroyable-talent-de-retour\/#breadcrumb","itemListElement":[{"@type":"ListItem","position":1,"name":"Accueil","item":"https:\/\/newsestlyonnais.fr\/site\/"},{"@type":"ListItem","position":2,"name":"\u00ab\u00a0GENAS a un incroyable talent\u00a0\u00bb de retour (29 mai)"}]},{"@type":"WebSite","@id":"https:\/\/newsestlyonnais.fr\/site\/#website","url":"https:\/\/newsestlyonnais.fr\/site\/","name":"News Est Lyonnais","description":"L&#039;actualit\u00e9 au plus pr\u00e8s","publisher":{"@id":"https:\/\/newsestlyonnais.fr\/site\/#organization"},"potentialAction":[{"@type":"SearchAction","target":{"@type":"EntryPoint","urlTemplate":"https:\/\/newsestlyonnais.fr\/site\/?s={search_term_string}"},"query-input":{"@type":"PropertyValueSpecification","valueRequired":true,"valueName":"search_term_string"}}],"inLanguage":"fr-FR"},{"@type":"Organization","@id":"https:\/\/newsestlyonnais.fr\/site\/#organization","name":"News EST LYONNAIS","url":"https:\/\/newsestlyonnais.fr\/site\/","logo":{"@type":"ImageObject","inLanguage":"fr-FR","@id":"https:\/\/newsestlyonnais.fr\/site\/#\/schema\/logo\/image\/","url":"","contentUrl":"","caption":"News EST LYONNAIS"},"image":{"@id":"https:\/\/newsestlyonnais.fr\/site\/#\/schema\/logo\/image\/"}},{"@type":"Person","@id":"https:\/\/newsestlyonnais.fr\/site\/#\/schema\/person\/3230d5615f390bb808365d673001e887","name":"R\u00e9dac. NEWS","sameAs":["http:\/\/www.newsestlyonnais.fr","https:\/\/www.facebook.com\/pascal.oberson.1?fref=ts","https:\/\/fr.linkedin.com\/in\/pascal-oberson-b17045113"],"url":"https:\/\/newsestlyonnais.fr\/site\/author\/nel\/"}]}},"_links":{"self":[{"href":"https:\/\/newsestlyonnais.fr\/site\/wp-json\/wp\/v2\/posts\/130011","targetHints":{"allow":["GET"]}}],"collection":[{"href":"https:\/\/newsestlyonnais.fr\/site\/wp-json\/wp\/v2\/posts"}],"about":[{"href":"https:\/\/newsestlyonnais.fr\/site\/wp-json\/wp\/v2\/types\/post"}],"author":[{"embeddable":true,"href":"https:\/\/newsestlyonnais.fr\/site\/wp-json\/wp\/v2\/users\/4"}],"replies":[{"embeddable":true,"href":"https:\/\/newsestlyonnais.fr\/site\/wp-json\/wp\/v2\/comments?post=130011"}],"version-history":[{"count":0,"href":"https:\/\/newsestlyonnais.fr\/site\/wp-json\/wp\/v2\/posts\/130011\/revisions"}],"wp:featuredmedia":[{"embeddable":true,"href":"https:\/\/newsestlyonnais.fr\/site\/wp-json\/wp\/v2\/media\/130021"}],"wp:attachment":[{"href":"https:\/\/newsestlyonnais.fr\/site\/wp-json\/wp\/v2\/media?parent=130011"}],"wp:term":[{"taxonomy":"category","embeddable":true,"href":"https:\/\/newsestlyonnais.fr\/site\/wp-json\/wp\/v2\/categories?post=130011"},{"taxonomy":"post_tag","embeddable":true,"href":"https:\/\/newsestlyonnais.fr\/site\/wp-json\/wp\/v2\/tags?post=130011"}],"curies":[{"name":"wp","href":"https:\/\/api.w.org\/{rel}","templated":true}]}}