{"id":130209,"date":"2021-05-16T08:26:56","date_gmt":"2021-05-16T07:26:56","guid":{"rendered":"https:\/\/newsestlyonnais.fr\/site\/?p=130209"},"modified":"2021-05-16T08:26:56","modified_gmt":"2021-05-16T07:26:56","slug":"bron-les-travaux-a-venir-et-modifications-de-circulation","status":"publish","type":"post","link":"https:\/\/newsestlyonnais.fr\/site\/2021\/05\/16\/bron-les-travaux-a-venir-et-modifications-de-circulation\/","title":{"rendered":"BRON | Les travaux \u00e0 venir et modifications de circulation"},"content":{"rendered":"<ul>\n<li><strong>Rue Louis Pergaud<\/strong> \u2013 Parking d\u00e9saffect\u00e9 : Stationnement interdit.<\/li>\n<li><strong>Rue de Lessivas<\/strong> \u2013 Cr\u00e9ation d\u2019une zone de rencontre.<\/li>\n<li><strong>Route de Genas<\/strong> \u2013 Mise en place d\u2019une bande cyclable &amp; Cr\u00e9ation d&rsquo;une aire de livraisons.<\/li>\n<li><strong>Rue du Parc<\/strong> \u2013 R\u00e8glementation permanente de la circulation.<\/li>\n<li><strong>Rue des Roses \u2013 <\/strong>R\u00e8glementation permanente de la circulation.<strong><br \/>\n<\/strong><\/li>\n<\/ul>\n<hr \/>\n<ul>\n<li><strong>Jusqu&rsquo;au 18 mai \u2013 rue des Guillandes<\/strong> : travaux de reprise de trottoir.<\/li>\n<li><strong>Jusqu&rsquo;au 20 mai &#8211; Rue Lionel Terray<\/strong> : travaux de remplacement coffret \u00e9lectrique<\/li>\n<li><strong>Jusqu&rsquo;au 21 mai &#8211; avenue Pierre Brossolette<\/strong> : travaux de raccordement \u00e9lectrique &amp; <strong>rue de Lessivas<\/strong> : travaux de raccordement \u00e9lectrique &amp; <strong>rue Philippe Goy<\/strong> : travaux de suppression de branchement gaz &amp; <strong>rue de Verdun<\/strong> : travaux de branchement de gaz &amp; <strong>avenue Ferdinand Buisson, rues de Lessivas &amp; Romain Rolland<\/strong> : travaux branchement d&rsquo;eau potable &amp; <strong>rue Christian Lacouture<\/strong> : travaux de raccordement \u00e9lectrique.<\/li>\n<li><strong>Jusqu&rsquo;au 25 mai &#8211; rue Pierre Bourdan<\/strong> : travaux de canalisation d&rsquo;eau potable <strong>&amp; rue de Verdun<\/strong> : cr\u00e9ation d&rsquo;une station Izivia.<\/li>\n<li><strong>Du 25 mai au 11 juin &#8211; rue de Pr\u00e9vieux<\/strong> : travaux d&rsquo;extension de r\u00e9seau gaz.<\/li>\n<li><strong>Du 25 mai au 18 juin &#8211; <span dir=\"ltr\">rue des Guillandes, rue L\u00e9on Bourgeois, rue Denis Diderot, rue<\/span><\/strong><span dir=\"ltr\"><strong> Rebufer, rue de Verdun et rue du 19 Mars 1962<\/strong> : travaux de pontage de fissures.<\/span><\/li>\n<li><strong>Le 26 mai &#8211; avenue du Bois<\/strong> : travaux de remplacement d&rsquo;\u00e9clairage public.<\/li>\n<li><strong>Le 27 mai &#8211; avenue Franklin Roosevelt<\/strong> : travaux de remplacement d&rsquo;\u00e9clairage public.<\/li>\n<li><strong>Du 27 mai au 7 juin &#8211; rue des Gen\u00eats<\/strong> : travaux de branchement d&rsquo;eau pluviale<\/li>\n<li><strong>Jusqu&rsquo;au 28 mai &#8211; rue de la Paix<\/strong> : travaux de tubage de canalisation d&rsquo;eau potable &amp; <strong>rue de Solesmes<\/strong> : travaux de branchement de gaz.<\/li>\n<li><strong>Jusqu&rsquo;au 1\u00b0 juin &#8211; rue de la Pag\u00e8re<\/strong> : Travaux de suppression de branchement \u00e9lectrique et gaz.<\/li>\n<li><strong>Jusqu\u2019au 30 juin \u2013 rue de la Paix<\/strong> <strong>: <\/strong>travaux de renouvellement de conduites d\u2019eau potable.<\/li>\n<\/ul>\n<hr \/>\n<ul>\n<li><strong>Jusqu&rsquo;au 31 ao\u00fbt &#8211; route de Genas<\/strong> : travaux de chauffage urbain<\/li>\n<li><strong>Jusqu\u2019au 2 novembre <\/strong>\u2013\u00a0 <strong>rue Bouchet<\/strong> : travaux construction d\u2019un immeuble d\u2019habitation.<\/li>\n<li><strong>Jusqu\u2019au 31 d\u00e9cembre <\/strong>\u2013 <strong>Boulevard Pinel<\/strong> : Installation d\u2019une grue.<\/li>\n<li><strong>Jusqu\u2019au 31 juillet 2022 \u2013 Passerelle UC1<\/strong> : neutralisation de la passerelle.<\/li>\n<\/ul>\n<hr \/>\n<p><span style=\"background-color: #000000; color: #ffffff;\">R\u00e8glementation permanente du stationnement sur le territoire de la commune de Bron :<\/span><\/p>\n<ul>\n<li>La dur\u00e9e du stationnement des v\u00e9hicules de toute nature est <strong>limit\u00e9e \u00e0 48 heures<\/strong> sur le territoire communal.<\/li>\n<li>Le stationnement de v\u00e9hicule contrevenant \u00e0 l\u2019arr\u00eat\u00e9 sera consid\u00e9r\u00e9 comme abusif et pourra faire l\u2019objet d\u2019une mise en fourri\u00e8re.<\/li>\n<li>Une pr\u00e9-signalisation et une signalisation r\u00e9glementaire seront mises en place. isation r\u00e9glementaire seront mises en place.<\/li>\n<\/ul>\n<hr \/>\n<p><em><strong>D\u00e9tails des travaux sur :<\/strong><\/em> <strong><a href=\"https:\/\/www.ville-bron.fr\/actualites\/programmation-des-travaux\">https:\/\/www.ville-bron.fr\/actualites\/programmation-des-travaux<\/a><\/strong><\/p>\n<hr \/>\n<hr \/>\n<p>&nbsp;<\/p>\n","protected":false},"excerpt":{"rendered":"<p>La programmation pour les prochaines semaines et mois a \u00e9t\u00e9 d\u00e9voil\u00e9e par la Ville. <\/p>\n","protected":false},"author":4,"featured_media":121165,"comment_status":"open","ping_status":"open","sticky":false,"template":"","format":"standard","meta":{"footnotes":""},"categories":[2217,19,172],"tags":[2072,2127],"class_list":["post-130209","post","type-post","status-publish","format-standard","has-post-thumbnail","hentry","category-breves-de-lest-lyonnais","category-bron","category-travaux-amenagements","tag-bron","tag-travaux"],"yoast_head":"<!-- This site is optimized with the Yoast SEO plugin v27.2 - https:\/\/yoast.com\/product\/yoast-seo-wordpress\/ -->\n<title>BRON | Les travaux \u00e0 venir et modifications de circulation - News Est Lyonnais<\/title>\n<meta name=\"description\" content=\"BRON | Les travaux \u00e0 venir et modifications de circulation\" \/>\n<meta name=\"robots\" content=\"index, follow, max-snippet:-1, max-image-preview:large, max-video-preview:-1\" \/>\n<link rel=\"canonical\" href=\"https:\/\/newsestlyonnais.fr\/site\/2021\/05\/16\/bron-les-travaux-a-venir-et-modifications-de-circulation\/\" \/>\n<meta property=\"og:locale\" content=\"fr_FR\" \/>\n<meta property=\"og:type\" content=\"article\" \/>\n<meta property=\"og:title\" content=\"BRON | Les travaux \u00e0 venir et modifications de circulation - News Est Lyonnais\" \/>\n<meta property=\"og:description\" content=\"BRON | Les travaux \u00e0 venir et modifications de circulation\" \/>\n<meta property=\"og:url\" content=\"https:\/\/newsestlyonnais.fr\/site\/2021\/05\/16\/bron-les-travaux-a-venir-et-modifications-de-circulation\/\" \/>\n<meta property=\"og:site_name\" content=\"News Est Lyonnais\" \/>\n<meta property=\"article:author\" content=\"https:\/\/www.facebook.com\/pascal.oberson.1?fref=ts\" \/>\n<meta property=\"article:published_time\" content=\"2021-05-16T07:26:56+00:00\" \/>\n<meta property=\"og:image\" content=\"https:\/\/i2.wp.com\/newsestlyonnais.fr\/site\/wp-content\/uploads\/2020\/12\/travaux-pelleteuse-demolition-raby.jpg?fit=412%2C290&ssl=1\" \/>\n\t<meta property=\"og:image:width\" content=\"412\" \/>\n\t<meta property=\"og:image:height\" content=\"290\" \/>\n\t<meta property=\"og:image:type\" content=\"image\/jpeg\" \/>\n<meta name=\"author\" content=\"R\u00e9dac. NEWS\" \/>\n<meta name=\"twitter:card\" content=\"summary_large_image\" \/>\n<meta name=\"twitter:label1\" content=\"\u00c9crit par\" \/>\n\t<meta name=\"twitter:data1\" content=\"R\u00e9dac. NEWS\" \/>\n\t<meta name=\"twitter:label2\" content=\"Dur\u00e9e de lecture estim\u00e9e\" \/>\n\t<meta name=\"twitter:data2\" content=\"2 minutes\" \/>\n<script type=\"application\/ld+json\" class=\"yoast-schema-graph\">{\"@context\":\"https:\/\/schema.org\",\"@graph\":[{\"@type\":\"Article\",\"@id\":\"https:\/\/newsestlyonnais.fr\/site\/2021\/05\/16\/bron-les-travaux-a-venir-et-modifications-de-circulation\/#article\",\"isPartOf\":{\"@id\":\"https:\/\/newsestlyonnais.fr\/site\/2021\/05\/16\/bron-les-travaux-a-venir-et-modifications-de-circulation\/\"},\"author\":{\"name\":\"R\u00e9dac. NEWS\",\"@id\":\"https:\/\/newsestlyonnais.fr\/site\/#\/schema\/person\/3230d5615f390bb808365d673001e887\"},\"headline\":\"BRON | Les travaux \u00e0 venir et modifications de circulation\",\"datePublished\":\"2021-05-16T07:26:56+00:00\",\"mainEntityOfPage\":{\"@id\":\"https:\/\/newsestlyonnais.fr\/site\/2021\/05\/16\/bron-les-travaux-a-venir-et-modifications-de-circulation\/\"},\"wordCount\":441,\"commentCount\":0,\"publisher\":{\"@id\":\"https:\/\/newsestlyonnais.fr\/site\/#organization\"},\"image\":{\"@id\":\"https:\/\/newsestlyonnais.fr\/site\/2021\/05\/16\/bron-les-travaux-a-venir-et-modifications-de-circulation\/#primaryimage\"},\"thumbnailUrl\":\"https:\/\/newsestlyonnais.fr\/site\/wp-content\/uploads\/2020\/12\/travaux-pelleteuse-demolition-raby.jpg\",\"keywords\":[\"BRON\",\"TRAVAUX\"],\"articleSection\":[\"Br\u00e8ves de l'Est lyonnais\",\"Bron\",\"Travaux | Am\u00e9nagements\"],\"inLanguage\":\"fr-FR\",\"potentialAction\":[{\"@type\":\"CommentAction\",\"name\":\"Comment\",\"target\":[\"https:\/\/newsestlyonnais.fr\/site\/2021\/05\/16\/bron-les-travaux-a-venir-et-modifications-de-circulation\/#respond\"]}]},{\"@type\":\"WebPage\",\"@id\":\"https:\/\/newsestlyonnais.fr\/site\/2021\/05\/16\/bron-les-travaux-a-venir-et-modifications-de-circulation\/\",\"url\":\"https:\/\/newsestlyonnais.fr\/site\/2021\/05\/16\/bron-les-travaux-a-venir-et-modifications-de-circulation\/\",\"name\":\"BRON | Les travaux \u00e0 venir et modifications de circulation - News Est Lyonnais\",\"isPartOf\":{\"@id\":\"https:\/\/newsestlyonnais.fr\/site\/#website\"},\"primaryImageOfPage\":{\"@id\":\"https:\/\/newsestlyonnais.fr\/site\/2021\/05\/16\/bron-les-travaux-a-venir-et-modifications-de-circulation\/#primaryimage\"},\"image\":{\"@id\":\"https:\/\/newsestlyonnais.fr\/site\/2021\/05\/16\/bron-les-travaux-a-venir-et-modifications-de-circulation\/#primaryimage\"},\"thumbnailUrl\":\"https:\/\/newsestlyonnais.fr\/site\/wp-content\/uploads\/2020\/12\/travaux-pelleteuse-demolition-raby.jpg\",\"datePublished\":\"2021-05-16T07:26:56+00:00\",\"description\":\"BRON | Les travaux \u00e0 venir et modifications de circulation\",\"breadcrumb\":{\"@id\":\"https:\/\/newsestlyonnais.fr\/site\/2021\/05\/16\/bron-les-travaux-a-venir-et-modifications-de-circulation\/#breadcrumb\"},\"inLanguage\":\"fr-FR\",\"potentialAction\":[{\"@type\":\"ReadAction\",\"target\":[\"https:\/\/newsestlyonnais.fr\/site\/2021\/05\/16\/bron-les-travaux-a-venir-et-modifications-de-circulation\/\"]}]},{\"@type\":\"ImageObject\",\"inLanguage\":\"fr-FR\",\"@id\":\"https:\/\/newsestlyonnais.fr\/site\/2021\/05\/16\/bron-les-travaux-a-venir-et-modifications-de-circulation\/#primaryimage\",\"url\":\"https:\/\/newsestlyonnais.fr\/site\/wp-content\/uploads\/2020\/12\/travaux-pelleteuse-demolition-raby.jpg\",\"contentUrl\":\"https:\/\/newsestlyonnais.fr\/site\/wp-content\/uploads\/2020\/12\/travaux-pelleteuse-demolition-raby.jpg\",\"width\":412,\"height\":290},{\"@type\":\"BreadcrumbList\",\"@id\":\"https:\/\/newsestlyonnais.fr\/site\/2021\/05\/16\/bron-les-travaux-a-venir-et-modifications-de-circulation\/#breadcrumb\",\"itemListElement\":[{\"@type\":\"ListItem\",\"position\":1,\"name\":\"Accueil\",\"item\":\"https:\/\/newsestlyonnais.fr\/site\/\"},{\"@type\":\"ListItem\",\"position\":2,\"name\":\"BRON | Les travaux \u00e0 venir et modifications de circulation\"}]},{\"@type\":\"WebSite\",\"@id\":\"https:\/\/newsestlyonnais.fr\/site\/#website\",\"url\":\"https:\/\/newsestlyonnais.fr\/site\/\",\"name\":\"News Est Lyonnais\",\"description\":\"L&#039;actualit\u00e9 au plus pr\u00e8s\",\"publisher\":{\"@id\":\"https:\/\/newsestlyonnais.fr\/site\/#organization\"},\"potentialAction\":[{\"@type\":\"SearchAction\",\"target\":{\"@type\":\"EntryPoint\",\"urlTemplate\":\"https:\/\/newsestlyonnais.fr\/site\/?s={search_term_string}\"},\"query-input\":{\"@type\":\"PropertyValueSpecification\",\"valueRequired\":true,\"valueName\":\"search_term_string\"}}],\"inLanguage\":\"fr-FR\"},{\"@type\":\"Organization\",\"@id\":\"https:\/\/newsestlyonnais.fr\/site\/#organization\",\"name\":\"News EST LYONNAIS\",\"url\":\"https:\/\/newsestlyonnais.fr\/site\/\",\"logo\":{\"@type\":\"ImageObject\",\"inLanguage\":\"fr-FR\",\"@id\":\"https:\/\/newsestlyonnais.fr\/site\/#\/schema\/logo\/image\/\",\"url\":\"\",\"contentUrl\":\"\",\"caption\":\"News EST LYONNAIS\"},\"image\":{\"@id\":\"https:\/\/newsestlyonnais.fr\/site\/#\/schema\/logo\/image\/\"}},{\"@type\":\"Person\",\"@id\":\"https:\/\/newsestlyonnais.fr\/site\/#\/schema\/person\/3230d5615f390bb808365d673001e887\",\"name\":\"R\u00e9dac. NEWS\",\"sameAs\":[\"http:\/\/www.newsestlyonnais.fr\",\"https:\/\/www.facebook.com\/pascal.oberson.1?fref=ts\",\"https:\/\/fr.linkedin.com\/in\/pascal-oberson-b17045113\"],\"url\":\"https:\/\/newsestlyonnais.fr\/site\/author\/nel\/\"}]}<\/script>\n<!-- \/ Yoast SEO plugin. -->","yoast_head_json":{"title":"BRON | Les travaux \u00e0 venir et modifications de circulation - News Est Lyonnais","description":"BRON | Les travaux \u00e0 venir et modifications de circulation","robots":{"index":"index","follow":"follow","max-snippet":"max-snippet:-1","max-image-preview":"max-image-preview:large","max-video-preview":"max-video-preview:-1"},"canonical":"https:\/\/newsestlyonnais.fr\/site\/2021\/05\/16\/bron-les-travaux-a-venir-et-modifications-de-circulation\/","og_locale":"fr_FR","og_type":"article","og_title":"BRON | Les travaux \u00e0 venir et modifications de circulation - News Est Lyonnais","og_description":"BRON | Les travaux \u00e0 venir et modifications de circulation","og_url":"https:\/\/newsestlyonnais.fr\/site\/2021\/05\/16\/bron-les-travaux-a-venir-et-modifications-de-circulation\/","og_site_name":"News Est Lyonnais","article_author":"https:\/\/www.facebook.com\/pascal.oberson.1?fref=ts","article_published_time":"2021-05-16T07:26:56+00:00","og_image":[{"width":412,"height":290,"url":"https:\/\/i2.wp.com\/newsestlyonnais.fr\/site\/wp-content\/uploads\/2020\/12\/travaux-pelleteuse-demolition-raby.jpg?fit=412%2C290&ssl=1","type":"image\/jpeg"}],"author":"R\u00e9dac. NEWS","twitter_card":"summary_large_image","twitter_misc":{"\u00c9crit par":"R\u00e9dac. NEWS","Dur\u00e9e de lecture estim\u00e9e":"2 minutes"},"schema":{"@context":"https:\/\/schema.org","@graph":[{"@type":"Article","@id":"https:\/\/newsestlyonnais.fr\/site\/2021\/05\/16\/bron-les-travaux-a-venir-et-modifications-de-circulation\/#article","isPartOf":{"@id":"https:\/\/newsestlyonnais.fr\/site\/2021\/05\/16\/bron-les-travaux-a-venir-et-modifications-de-circulation\/"},"author":{"name":"R\u00e9dac. NEWS","@id":"https:\/\/newsestlyonnais.fr\/site\/#\/schema\/person\/3230d5615f390bb808365d673001e887"},"headline":"BRON | Les travaux \u00e0 venir et modifications de circulation","datePublished":"2021-05-16T07:26:56+00:00","mainEntityOfPage":{"@id":"https:\/\/newsestlyonnais.fr\/site\/2021\/05\/16\/bron-les-travaux-a-venir-et-modifications-de-circulation\/"},"wordCount":441,"commentCount":0,"publisher":{"@id":"https:\/\/newsestlyonnais.fr\/site\/#organization"},"image":{"@id":"https:\/\/newsestlyonnais.fr\/site\/2021\/05\/16\/bron-les-travaux-a-venir-et-modifications-de-circulation\/#primaryimage"},"thumbnailUrl":"https:\/\/newsestlyonnais.fr\/site\/wp-content\/uploads\/2020\/12\/travaux-pelleteuse-demolition-raby.jpg","keywords":["BRON","TRAVAUX"],"articleSection":["Br\u00e8ves de l'Est lyonnais","Bron","Travaux | Am\u00e9nagements"],"inLanguage":"fr-FR","potentialAction":[{"@type":"CommentAction","name":"Comment","target":["https:\/\/newsestlyonnais.fr\/site\/2021\/05\/16\/bron-les-travaux-a-venir-et-modifications-de-circulation\/#respond"]}]},{"@type":"WebPage","@id":"https:\/\/newsestlyonnais.fr\/site\/2021\/05\/16\/bron-les-travaux-a-venir-et-modifications-de-circulation\/","url":"https:\/\/newsestlyonnais.fr\/site\/2021\/05\/16\/bron-les-travaux-a-venir-et-modifications-de-circulation\/","name":"BRON | Les travaux \u00e0 venir et modifications de circulation - News Est Lyonnais","isPartOf":{"@id":"https:\/\/newsestlyonnais.fr\/site\/#website"},"primaryImageOfPage":{"@id":"https:\/\/newsestlyonnais.fr\/site\/2021\/05\/16\/bron-les-travaux-a-venir-et-modifications-de-circulation\/#primaryimage"},"image":{"@id":"https:\/\/newsestlyonnais.fr\/site\/2021\/05\/16\/bron-les-travaux-a-venir-et-modifications-de-circulation\/#primaryimage"},"thumbnailUrl":"https:\/\/newsestlyonnais.fr\/site\/wp-content\/uploads\/2020\/12\/travaux-pelleteuse-demolition-raby.jpg","datePublished":"2021-05-16T07:26:56+00:00","description":"BRON | Les travaux \u00e0 venir et modifications de circulation","breadcrumb":{"@id":"https:\/\/newsestlyonnais.fr\/site\/2021\/05\/16\/bron-les-travaux-a-venir-et-modifications-de-circulation\/#breadcrumb"},"inLanguage":"fr-FR","potentialAction":[{"@type":"ReadAction","target":["https:\/\/newsestlyonnais.fr\/site\/2021\/05\/16\/bron-les-travaux-a-venir-et-modifications-de-circulation\/"]}]},{"@type":"ImageObject","inLanguage":"fr-FR","@id":"https:\/\/newsestlyonnais.fr\/site\/2021\/05\/16\/bron-les-travaux-a-venir-et-modifications-de-circulation\/#primaryimage","url":"https:\/\/newsestlyonnais.fr\/site\/wp-content\/uploads\/2020\/12\/travaux-pelleteuse-demolition-raby.jpg","contentUrl":"https:\/\/newsestlyonnais.fr\/site\/wp-content\/uploads\/2020\/12\/travaux-pelleteuse-demolition-raby.jpg","width":412,"height":290},{"@type":"BreadcrumbList","@id":"https:\/\/newsestlyonnais.fr\/site\/2021\/05\/16\/bron-les-travaux-a-venir-et-modifications-de-circulation\/#breadcrumb","itemListElement":[{"@type":"ListItem","position":1,"name":"Accueil","item":"https:\/\/newsestlyonnais.fr\/site\/"},{"@type":"ListItem","position":2,"name":"BRON | Les travaux \u00e0 venir et modifications de circulation"}]},{"@type":"WebSite","@id":"https:\/\/newsestlyonnais.fr\/site\/#website","url":"https:\/\/newsestlyonnais.fr\/site\/","name":"News Est Lyonnais","description":"L&#039;actualit\u00e9 au plus pr\u00e8s","publisher":{"@id":"https:\/\/newsestlyonnais.fr\/site\/#organization"},"potentialAction":[{"@type":"SearchAction","target":{"@type":"EntryPoint","urlTemplate":"https:\/\/newsestlyonnais.fr\/site\/?s={search_term_string}"},"query-input":{"@type":"PropertyValueSpecification","valueRequired":true,"valueName":"search_term_string"}}],"inLanguage":"fr-FR"},{"@type":"Organization","@id":"https:\/\/newsestlyonnais.fr\/site\/#organization","name":"News EST LYONNAIS","url":"https:\/\/newsestlyonnais.fr\/site\/","logo":{"@type":"ImageObject","inLanguage":"fr-FR","@id":"https:\/\/newsestlyonnais.fr\/site\/#\/schema\/logo\/image\/","url":"","contentUrl":"","caption":"News EST LYONNAIS"},"image":{"@id":"https:\/\/newsestlyonnais.fr\/site\/#\/schema\/logo\/image\/"}},{"@type":"Person","@id":"https:\/\/newsestlyonnais.fr\/site\/#\/schema\/person\/3230d5615f390bb808365d673001e887","name":"R\u00e9dac. NEWS","sameAs":["http:\/\/www.newsestlyonnais.fr","https:\/\/www.facebook.com\/pascal.oberson.1?fref=ts","https:\/\/fr.linkedin.com\/in\/pascal-oberson-b17045113"],"url":"https:\/\/newsestlyonnais.fr\/site\/author\/nel\/"}]}},"_links":{"self":[{"href":"https:\/\/newsestlyonnais.fr\/site\/wp-json\/wp\/v2\/posts\/130209","targetHints":{"allow":["GET"]}}],"collection":[{"href":"https:\/\/newsestlyonnais.fr\/site\/wp-json\/wp\/v2\/posts"}],"about":[{"href":"https:\/\/newsestlyonnais.fr\/site\/wp-json\/wp\/v2\/types\/post"}],"author":[{"embeddable":true,"href":"https:\/\/newsestlyonnais.fr\/site\/wp-json\/wp\/v2\/users\/4"}],"replies":[{"embeddable":true,"href":"https:\/\/newsestlyonnais.fr\/site\/wp-json\/wp\/v2\/comments?post=130209"}],"version-history":[{"count":0,"href":"https:\/\/newsestlyonnais.fr\/site\/wp-json\/wp\/v2\/posts\/130209\/revisions"}],"wp:featuredmedia":[{"embeddable":true,"href":"https:\/\/newsestlyonnais.fr\/site\/wp-json\/wp\/v2\/media\/121165"}],"wp:attachment":[{"href":"https:\/\/newsestlyonnais.fr\/site\/wp-json\/wp\/v2\/media?parent=130209"}],"wp:term":[{"taxonomy":"category","embeddable":true,"href":"https:\/\/newsestlyonnais.fr\/site\/wp-json\/wp\/v2\/categories?post=130209"},{"taxonomy":"post_tag","embeddable":true,"href":"https:\/\/newsestlyonnais.fr\/site\/wp-json\/wp\/v2\/tags?post=130209"}],"curies":[{"name":"wp","href":"https:\/\/api.w.org\/{rel}","templated":true}]}}