{"id":131311,"date":"2021-05-30T06:15:16","date_gmt":"2021-05-30T05:15:16","guid":{"rendered":"https:\/\/newsestlyonnais.fr\/site\/?p=131311"},"modified":"2021-06-15T05:53:38","modified_gmt":"2021-06-15T04:53:38","slug":"meyzieu-lopen-de-tennis-demarre-samedi","status":"publish","type":"post","link":"https:\/\/newsestlyonnais.fr\/site\/2021\/05\/30\/meyzieu-lopen-de-tennis-demarre-samedi\/","title":{"rendered":"MEYZIEU | L&rsquo;Open de tennis d\u00e9marre samedi"},"content":{"rendered":"<p>Crise sanitaire oblige, l&rsquo;\u00e9quipe d&rsquo;organisation et Marie-Isabelle Ponsson (juge-arbitre) sont contraints de proc\u00e9der \u00e0 des changements par rapport aux pr\u00e9c\u00e9dentes \u00e9ditions :<\/p>\n<p><strong>3 tableaux<\/strong> sont programm\u00e9s (suppression des + 35 dames) :<\/p>\n<ul>\n<li>Seniors Dames (22 inscrites) \/ Seniors Hommes (51 inscrits) \/ + 35 Hommes (35 inscrits).<\/li>\n<\/ul>\n<p>Un des premiers tournois de la r\u00e9gion pour cette reprise et qui connait toujours un beau succ\u00e8s sportif et populaire (une vingtaine de joueurs \u00e9tant d&rsquo;ailleurs sur la liste d&rsquo;attente). A noter que 20 membres du club majolan figurent dans les diff\u00e9rents tableaux (f\u00e9minin et masculins).<\/p>\n<hr \/>\n<p>Des modifications \u00e9galement au niveau :<\/p>\n<ul>\n<li>du format de la comp\u00e9tition qui se d\u00e9roulera en 2 <span class=\"text-vert\">sets gagnants avec \u00ab\u00a0No-ad\u00a0\u00bb et tie-break en 10 points (si 3\u00b0 set).<\/span><\/li>\n<li>de la r\u00e9duction du nombre de participant(e)s et du montant des primes.<\/li>\n<\/ul>\n<p>Les rencontres qui se disputeront sur les <strong>7 courts (4 nouveaux quick en ext\u00e9rieur et 3 couverts)<\/strong> et compte tenu du couvre-feu, <strong>\u00e0 partir de 17 h en semaine et 9 h les week-ends.<\/strong><\/p>\n<hr \/>\n<p><span style=\"background-color: #000000; color: #ffffff;\"><span style=\"font-size: 14pt;\" data-wp-editing=\"1\"><img loading=\"lazy\" decoding=\"async\" class=\"alignleft wp-image-125195\" src=\"https:\/\/newsestlyonnais.fr\/site\/wp-content\/uploads\/2021\/02\/pressB.jpg\" alt=\"\" width=\"100\" height=\"100\" srcset=\"https:\/\/newsestlyonnais.fr\/site\/wp-content\/uploads\/2021\/02\/pressB.jpg 125w, https:\/\/newsestlyonnais.fr\/site\/wp-content\/uploads\/2021\/02\/pressB-50x50.jpg 50w, https:\/\/newsestlyonnais.fr\/site\/wp-content\/uploads\/2021\/02\/pressB-100x100.jpg 100w\" sizes=\"auto, (max-width: 100px) 100vw, 100px\" \/><\/span><\/span><\/p>\n<p><span style=\"background-color: #000000; color: #ffffff;\"><span style=\"font-size: 14pt;\">Suite partenariat mis en place avec Meyzieu Tennis, vous retrouverez sur newsestlyonnais.fr jusqu&rsquo;aux finales (dimanche 4 juillet), <\/span>les <span style=\"font-size: 14pt;\">r\u00e9sultats au quotidien des rencontres de ce tournoi Open.<\/span><\/span><\/p>\n<hr \/>\n<p><span style=\"text-decoration: underline;\"><strong>NOTA<\/strong><\/span> :<\/p>\n<ul>\n<li>Le club tiendra son <strong>Assembl\u00e9e G\u00e9n\u00e9rale <\/strong>le Vendredi 18 juin 2021 \u00e0 19 heures 30.<\/li>\n<li><strong>R\u00e9-inscriptions<\/strong> au club possibles : Mail : contact@meyzieutennis.com \/T\u00e9l : 06 51 26 07 24 \/ sur place.<\/li>\n<li>5 <strong>stages d&rsquo;\u00e9t\u00e9<\/strong> mis en place (4 en juillet et 1 en ao\u00fbt) (d\u00e9tail ci-dessous) :<\/li>\n<\/ul>\n<p><img loading=\"lazy\" decoding=\"async\" class=\"aligncenter size-full wp-image-131337\" src=\"https:\/\/newsestlyonnais.fr\/site\/wp-content\/uploads\/2021\/06\/Stages-ete-fichier-complet21-page-001.jpg\" alt=\"\" width=\"1200\" height=\"900\" srcset=\"https:\/\/newsestlyonnais.fr\/site\/wp-content\/uploads\/2021\/06\/Stages-ete-fichier-complet21-page-001.jpg 1200w, https:\/\/newsestlyonnais.fr\/site\/wp-content\/uploads\/2021\/06\/Stages-ete-fichier-complet21-page-001-400x300.jpg 400w, https:\/\/newsestlyonnais.fr\/site\/wp-content\/uploads\/2021\/06\/Stages-ete-fichier-complet21-page-001-650x488.jpg 650w, https:\/\/newsestlyonnais.fr\/site\/wp-content\/uploads\/2021\/06\/Stages-ete-fichier-complet21-page-001-250x188.jpg 250w, https:\/\/newsestlyonnais.fr\/site\/wp-content\/uploads\/2021\/06\/Stages-ete-fichier-complet21-page-001-768x576.jpg 768w, https:\/\/newsestlyonnais.fr\/site\/wp-content\/uploads\/2021\/06\/Stages-ete-fichier-complet21-page-001-150x113.jpg 150w, https:\/\/newsestlyonnais.fr\/site\/wp-content\/uploads\/2021\/06\/Stages-ete-fichier-complet21-page-001-50x38.jpg 50w, https:\/\/newsestlyonnais.fr\/site\/wp-content\/uploads\/2021\/06\/Stages-ete-fichier-complet21-page-001-100x75.jpg 100w, https:\/\/newsestlyonnais.fr\/site\/wp-content\/uploads\/2021\/06\/Stages-ete-fichier-complet21-page-001-200x150.jpg 200w, https:\/\/newsestlyonnais.fr\/site\/wp-content\/uploads\/2021\/06\/Stages-ete-fichier-complet21-page-001-300x225.jpg 300w, https:\/\/newsestlyonnais.fr\/site\/wp-content\/uploads\/2021\/06\/Stages-ete-fichier-complet21-page-001-350x263.jpg 350w, https:\/\/newsestlyonnais.fr\/site\/wp-content\/uploads\/2021\/06\/Stages-ete-fichier-complet21-page-001-450x338.jpg 450w, https:\/\/newsestlyonnais.fr\/site\/wp-content\/uploads\/2021\/06\/Stages-ete-fichier-complet21-page-001-500x375.jpg 500w, https:\/\/newsestlyonnais.fr\/site\/wp-content\/uploads\/2021\/06\/Stages-ete-fichier-complet21-page-001-550x413.jpg 550w, https:\/\/newsestlyonnais.fr\/site\/wp-content\/uploads\/2021\/06\/Stages-ete-fichier-complet21-page-001-800x600.jpg 800w\" sizes=\"auto, (max-width: 1200px) 100vw, 1200px\" \/><\/p>\n<hr \/>\n<p>&nbsp;<\/p>\n","protected":false},"excerpt":{"rendered":"<p>4 semaines de comp\u00e9tition et nouvelle formule pour un tournoi qui n&rsquo;a pas eu lieu en 2020. <\/p>\n","protected":false},"author":4,"featured_media":131315,"comment_status":"open","ping_status":"open","sticky":false,"template":"","format":"standard","meta":{"footnotes":""},"categories":[24,2,2992,2991],"tags":[],"class_list":["post-131311","post","type-post","status-publish","format-standard","has-post-thumbnail","hentry","category-meyzieu","category-sports","category-tennis-padel","category-tennis-tennis-table-sports"],"yoast_head":"<!-- This site is optimized with the Yoast SEO plugin v27.2 - https:\/\/yoast.com\/product\/yoast-seo-wordpress\/ -->\n<title>MEYZIEU | L&#039;Open de tennis d\u00e9marre samedi - News Est Lyonnais<\/title>\n<meta name=\"description\" content=\"MEYZIEU | L&#039;Open de tennis d\u00e9marre samedi\" \/>\n<meta name=\"robots\" content=\"index, follow, max-snippet:-1, max-image-preview:large, max-video-preview:-1\" \/>\n<link rel=\"canonical\" href=\"https:\/\/newsestlyonnais.fr\/site\/2021\/05\/30\/meyzieu-lopen-de-tennis-demarre-samedi\/\" \/>\n<meta property=\"og:locale\" content=\"fr_FR\" \/>\n<meta property=\"og:type\" content=\"article\" \/>\n<meta property=\"og:title\" content=\"MEYZIEU | L&#039;Open de tennis d\u00e9marre samedi - News Est Lyonnais\" \/>\n<meta property=\"og:description\" content=\"MEYZIEU | L&#039;Open de tennis d\u00e9marre samedi\" \/>\n<meta property=\"og:url\" content=\"https:\/\/newsestlyonnais.fr\/site\/2021\/05\/30\/meyzieu-lopen-de-tennis-demarre-samedi\/\" \/>\n<meta property=\"og:site_name\" content=\"News Est Lyonnais\" \/>\n<meta property=\"article:author\" content=\"https:\/\/www.facebook.com\/pascal.oberson.1?fref=ts\" \/>\n<meta property=\"article:published_time\" content=\"2021-05-30T05:15:16+00:00\" \/>\n<meta property=\"article:modified_time\" content=\"2021-06-15T04:53:38+00:00\" \/>\n<meta property=\"og:image\" content=\"https:\/\/i2.wp.com\/newsestlyonnais.fr\/site\/wp-content\/uploads\/2021\/06\/NEWSESTLYONNAIS-MEY-TENNIS-01.jpg?fit=1200%2C900&ssl=1\" \/>\n\t<meta property=\"og:image:width\" content=\"1200\" \/>\n\t<meta property=\"og:image:height\" content=\"900\" \/>\n\t<meta property=\"og:image:type\" content=\"image\/jpeg\" \/>\n<meta name=\"author\" content=\"R\u00e9dac. NEWS\" \/>\n<meta name=\"twitter:card\" content=\"summary_large_image\" \/>\n<meta name=\"twitter:label1\" content=\"\u00c9crit par\" \/>\n\t<meta name=\"twitter:data1\" content=\"R\u00e9dac. NEWS\" \/>\n\t<meta name=\"twitter:label2\" content=\"Dur\u00e9e de lecture estim\u00e9e\" \/>\n\t<meta name=\"twitter:data2\" content=\"2 minutes\" \/>\n<script type=\"application\/ld+json\" class=\"yoast-schema-graph\">{\"@context\":\"https:\/\/schema.org\",\"@graph\":[{\"@type\":\"Article\",\"@id\":\"https:\/\/newsestlyonnais.fr\/site\/2021\/05\/30\/meyzieu-lopen-de-tennis-demarre-samedi\/#article\",\"isPartOf\":{\"@id\":\"https:\/\/newsestlyonnais.fr\/site\/2021\/05\/30\/meyzieu-lopen-de-tennis-demarre-samedi\/\"},\"author\":{\"name\":\"R\u00e9dac. NEWS\",\"@id\":\"https:\/\/newsestlyonnais.fr\/site\/#\/schema\/person\/3230d5615f390bb808365d673001e887\"},\"headline\":\"MEYZIEU | L&rsquo;Open de tennis d\u00e9marre samedi\",\"datePublished\":\"2021-05-30T05:15:16+00:00\",\"dateModified\":\"2021-06-15T04:53:38+00:00\",\"mainEntityOfPage\":{\"@id\":\"https:\/\/newsestlyonnais.fr\/site\/2021\/05\/30\/meyzieu-lopen-de-tennis-demarre-samedi\/\"},\"wordCount\":241,\"commentCount\":0,\"publisher\":{\"@id\":\"https:\/\/newsestlyonnais.fr\/site\/#organization\"},\"image\":{\"@id\":\"https:\/\/newsestlyonnais.fr\/site\/2021\/05\/30\/meyzieu-lopen-de-tennis-demarre-samedi\/#primaryimage\"},\"thumbnailUrl\":\"https:\/\/newsestlyonnais.fr\/site\/wp-content\/uploads\/2021\/06\/NEWSESTLYONNAIS-MEY-TENNIS-01.jpg\",\"articleSection\":[\"Meyzieu\",\"Sports\",\"Tennis | Padel\",\"Tennis | Tennis de table\"],\"inLanguage\":\"fr-FR\",\"potentialAction\":[{\"@type\":\"CommentAction\",\"name\":\"Comment\",\"target\":[\"https:\/\/newsestlyonnais.fr\/site\/2021\/05\/30\/meyzieu-lopen-de-tennis-demarre-samedi\/#respond\"]}]},{\"@type\":\"WebPage\",\"@id\":\"https:\/\/newsestlyonnais.fr\/site\/2021\/05\/30\/meyzieu-lopen-de-tennis-demarre-samedi\/\",\"url\":\"https:\/\/newsestlyonnais.fr\/site\/2021\/05\/30\/meyzieu-lopen-de-tennis-demarre-samedi\/\",\"name\":\"MEYZIEU | L'Open de tennis d\u00e9marre samedi - News Est Lyonnais\",\"isPartOf\":{\"@id\":\"https:\/\/newsestlyonnais.fr\/site\/#website\"},\"primaryImageOfPage\":{\"@id\":\"https:\/\/newsestlyonnais.fr\/site\/2021\/05\/30\/meyzieu-lopen-de-tennis-demarre-samedi\/#primaryimage\"},\"image\":{\"@id\":\"https:\/\/newsestlyonnais.fr\/site\/2021\/05\/30\/meyzieu-lopen-de-tennis-demarre-samedi\/#primaryimage\"},\"thumbnailUrl\":\"https:\/\/newsestlyonnais.fr\/site\/wp-content\/uploads\/2021\/06\/NEWSESTLYONNAIS-MEY-TENNIS-01.jpg\",\"datePublished\":\"2021-05-30T05:15:16+00:00\",\"dateModified\":\"2021-06-15T04:53:38+00:00\",\"description\":\"MEYZIEU | L'Open de tennis d\u00e9marre samedi\",\"breadcrumb\":{\"@id\":\"https:\/\/newsestlyonnais.fr\/site\/2021\/05\/30\/meyzieu-lopen-de-tennis-demarre-samedi\/#breadcrumb\"},\"inLanguage\":\"fr-FR\",\"potentialAction\":[{\"@type\":\"ReadAction\",\"target\":[\"https:\/\/newsestlyonnais.fr\/site\/2021\/05\/30\/meyzieu-lopen-de-tennis-demarre-samedi\/\"]}]},{\"@type\":\"ImageObject\",\"inLanguage\":\"fr-FR\",\"@id\":\"https:\/\/newsestlyonnais.fr\/site\/2021\/05\/30\/meyzieu-lopen-de-tennis-demarre-samedi\/#primaryimage\",\"url\":\"https:\/\/newsestlyonnais.fr\/site\/wp-content\/uploads\/2021\/06\/NEWSESTLYONNAIS-MEY-TENNIS-01.jpg\",\"contentUrl\":\"https:\/\/newsestlyonnais.fr\/site\/wp-content\/uploads\/2021\/06\/NEWSESTLYONNAIS-MEY-TENNIS-01.jpg\",\"width\":1200,\"height\":900},{\"@type\":\"BreadcrumbList\",\"@id\":\"https:\/\/newsestlyonnais.fr\/site\/2021\/05\/30\/meyzieu-lopen-de-tennis-demarre-samedi\/#breadcrumb\",\"itemListElement\":[{\"@type\":\"ListItem\",\"position\":1,\"name\":\"Accueil\",\"item\":\"https:\/\/newsestlyonnais.fr\/site\/\"},{\"@type\":\"ListItem\",\"position\":2,\"name\":\"MEYZIEU | L&rsquo;Open de tennis d\u00e9marre samedi\"}]},{\"@type\":\"WebSite\",\"@id\":\"https:\/\/newsestlyonnais.fr\/site\/#website\",\"url\":\"https:\/\/newsestlyonnais.fr\/site\/\",\"name\":\"News Est Lyonnais\",\"description\":\"L&#039;actualit\u00e9 au plus pr\u00e8s\",\"publisher\":{\"@id\":\"https:\/\/newsestlyonnais.fr\/site\/#organization\"},\"potentialAction\":[{\"@type\":\"SearchAction\",\"target\":{\"@type\":\"EntryPoint\",\"urlTemplate\":\"https:\/\/newsestlyonnais.fr\/site\/?s={search_term_string}\"},\"query-input\":{\"@type\":\"PropertyValueSpecification\",\"valueRequired\":true,\"valueName\":\"search_term_string\"}}],\"inLanguage\":\"fr-FR\"},{\"@type\":\"Organization\",\"@id\":\"https:\/\/newsestlyonnais.fr\/site\/#organization\",\"name\":\"News EST LYONNAIS\",\"url\":\"https:\/\/newsestlyonnais.fr\/site\/\",\"logo\":{\"@type\":\"ImageObject\",\"inLanguage\":\"fr-FR\",\"@id\":\"https:\/\/newsestlyonnais.fr\/site\/#\/schema\/logo\/image\/\",\"url\":\"\",\"contentUrl\":\"\",\"caption\":\"News EST LYONNAIS\"},\"image\":{\"@id\":\"https:\/\/newsestlyonnais.fr\/site\/#\/schema\/logo\/image\/\"}},{\"@type\":\"Person\",\"@id\":\"https:\/\/newsestlyonnais.fr\/site\/#\/schema\/person\/3230d5615f390bb808365d673001e887\",\"name\":\"R\u00e9dac. NEWS\",\"sameAs\":[\"http:\/\/www.newsestlyonnais.fr\",\"https:\/\/www.facebook.com\/pascal.oberson.1?fref=ts\",\"https:\/\/fr.linkedin.com\/in\/pascal-oberson-b17045113\"],\"url\":\"https:\/\/newsestlyonnais.fr\/site\/author\/nel\/\"}]}<\/script>\n<!-- \/ Yoast SEO plugin. -->","yoast_head_json":{"title":"MEYZIEU | L'Open de tennis d\u00e9marre samedi - News Est Lyonnais","description":"MEYZIEU | L'Open de tennis d\u00e9marre samedi","robots":{"index":"index","follow":"follow","max-snippet":"max-snippet:-1","max-image-preview":"max-image-preview:large","max-video-preview":"max-video-preview:-1"},"canonical":"https:\/\/newsestlyonnais.fr\/site\/2021\/05\/30\/meyzieu-lopen-de-tennis-demarre-samedi\/","og_locale":"fr_FR","og_type":"article","og_title":"MEYZIEU | L'Open de tennis d\u00e9marre samedi - News Est Lyonnais","og_description":"MEYZIEU | L'Open de tennis d\u00e9marre samedi","og_url":"https:\/\/newsestlyonnais.fr\/site\/2021\/05\/30\/meyzieu-lopen-de-tennis-demarre-samedi\/","og_site_name":"News Est Lyonnais","article_author":"https:\/\/www.facebook.com\/pascal.oberson.1?fref=ts","article_published_time":"2021-05-30T05:15:16+00:00","article_modified_time":"2021-06-15T04:53:38+00:00","og_image":[{"width":1200,"height":900,"url":"https:\/\/i2.wp.com\/newsestlyonnais.fr\/site\/wp-content\/uploads\/2021\/06\/NEWSESTLYONNAIS-MEY-TENNIS-01.jpg?fit=1200%2C900&ssl=1","type":"image\/jpeg"}],"author":"R\u00e9dac. NEWS","twitter_card":"summary_large_image","twitter_misc":{"\u00c9crit par":"R\u00e9dac. NEWS","Dur\u00e9e de lecture estim\u00e9e":"2 minutes"},"schema":{"@context":"https:\/\/schema.org","@graph":[{"@type":"Article","@id":"https:\/\/newsestlyonnais.fr\/site\/2021\/05\/30\/meyzieu-lopen-de-tennis-demarre-samedi\/#article","isPartOf":{"@id":"https:\/\/newsestlyonnais.fr\/site\/2021\/05\/30\/meyzieu-lopen-de-tennis-demarre-samedi\/"},"author":{"name":"R\u00e9dac. NEWS","@id":"https:\/\/newsestlyonnais.fr\/site\/#\/schema\/person\/3230d5615f390bb808365d673001e887"},"headline":"MEYZIEU | L&rsquo;Open de tennis d\u00e9marre samedi","datePublished":"2021-05-30T05:15:16+00:00","dateModified":"2021-06-15T04:53:38+00:00","mainEntityOfPage":{"@id":"https:\/\/newsestlyonnais.fr\/site\/2021\/05\/30\/meyzieu-lopen-de-tennis-demarre-samedi\/"},"wordCount":241,"commentCount":0,"publisher":{"@id":"https:\/\/newsestlyonnais.fr\/site\/#organization"},"image":{"@id":"https:\/\/newsestlyonnais.fr\/site\/2021\/05\/30\/meyzieu-lopen-de-tennis-demarre-samedi\/#primaryimage"},"thumbnailUrl":"https:\/\/newsestlyonnais.fr\/site\/wp-content\/uploads\/2021\/06\/NEWSESTLYONNAIS-MEY-TENNIS-01.jpg","articleSection":["Meyzieu","Sports","Tennis | Padel","Tennis | Tennis de table"],"inLanguage":"fr-FR","potentialAction":[{"@type":"CommentAction","name":"Comment","target":["https:\/\/newsestlyonnais.fr\/site\/2021\/05\/30\/meyzieu-lopen-de-tennis-demarre-samedi\/#respond"]}]},{"@type":"WebPage","@id":"https:\/\/newsestlyonnais.fr\/site\/2021\/05\/30\/meyzieu-lopen-de-tennis-demarre-samedi\/","url":"https:\/\/newsestlyonnais.fr\/site\/2021\/05\/30\/meyzieu-lopen-de-tennis-demarre-samedi\/","name":"MEYZIEU | L'Open de tennis d\u00e9marre samedi - News Est Lyonnais","isPartOf":{"@id":"https:\/\/newsestlyonnais.fr\/site\/#website"},"primaryImageOfPage":{"@id":"https:\/\/newsestlyonnais.fr\/site\/2021\/05\/30\/meyzieu-lopen-de-tennis-demarre-samedi\/#primaryimage"},"image":{"@id":"https:\/\/newsestlyonnais.fr\/site\/2021\/05\/30\/meyzieu-lopen-de-tennis-demarre-samedi\/#primaryimage"},"thumbnailUrl":"https:\/\/newsestlyonnais.fr\/site\/wp-content\/uploads\/2021\/06\/NEWSESTLYONNAIS-MEY-TENNIS-01.jpg","datePublished":"2021-05-30T05:15:16+00:00","dateModified":"2021-06-15T04:53:38+00:00","description":"MEYZIEU | L'Open de tennis d\u00e9marre samedi","breadcrumb":{"@id":"https:\/\/newsestlyonnais.fr\/site\/2021\/05\/30\/meyzieu-lopen-de-tennis-demarre-samedi\/#breadcrumb"},"inLanguage":"fr-FR","potentialAction":[{"@type":"ReadAction","target":["https:\/\/newsestlyonnais.fr\/site\/2021\/05\/30\/meyzieu-lopen-de-tennis-demarre-samedi\/"]}]},{"@type":"ImageObject","inLanguage":"fr-FR","@id":"https:\/\/newsestlyonnais.fr\/site\/2021\/05\/30\/meyzieu-lopen-de-tennis-demarre-samedi\/#primaryimage","url":"https:\/\/newsestlyonnais.fr\/site\/wp-content\/uploads\/2021\/06\/NEWSESTLYONNAIS-MEY-TENNIS-01.jpg","contentUrl":"https:\/\/newsestlyonnais.fr\/site\/wp-content\/uploads\/2021\/06\/NEWSESTLYONNAIS-MEY-TENNIS-01.jpg","width":1200,"height":900},{"@type":"BreadcrumbList","@id":"https:\/\/newsestlyonnais.fr\/site\/2021\/05\/30\/meyzieu-lopen-de-tennis-demarre-samedi\/#breadcrumb","itemListElement":[{"@type":"ListItem","position":1,"name":"Accueil","item":"https:\/\/newsestlyonnais.fr\/site\/"},{"@type":"ListItem","position":2,"name":"MEYZIEU | L&rsquo;Open de tennis d\u00e9marre samedi"}]},{"@type":"WebSite","@id":"https:\/\/newsestlyonnais.fr\/site\/#website","url":"https:\/\/newsestlyonnais.fr\/site\/","name":"News Est Lyonnais","description":"L&#039;actualit\u00e9 au plus pr\u00e8s","publisher":{"@id":"https:\/\/newsestlyonnais.fr\/site\/#organization"},"potentialAction":[{"@type":"SearchAction","target":{"@type":"EntryPoint","urlTemplate":"https:\/\/newsestlyonnais.fr\/site\/?s={search_term_string}"},"query-input":{"@type":"PropertyValueSpecification","valueRequired":true,"valueName":"search_term_string"}}],"inLanguage":"fr-FR"},{"@type":"Organization","@id":"https:\/\/newsestlyonnais.fr\/site\/#organization","name":"News EST LYONNAIS","url":"https:\/\/newsestlyonnais.fr\/site\/","logo":{"@type":"ImageObject","inLanguage":"fr-FR","@id":"https:\/\/newsestlyonnais.fr\/site\/#\/schema\/logo\/image\/","url":"","contentUrl":"","caption":"News EST LYONNAIS"},"image":{"@id":"https:\/\/newsestlyonnais.fr\/site\/#\/schema\/logo\/image\/"}},{"@type":"Person","@id":"https:\/\/newsestlyonnais.fr\/site\/#\/schema\/person\/3230d5615f390bb808365d673001e887","name":"R\u00e9dac. NEWS","sameAs":["http:\/\/www.newsestlyonnais.fr","https:\/\/www.facebook.com\/pascal.oberson.1?fref=ts","https:\/\/fr.linkedin.com\/in\/pascal-oberson-b17045113"],"url":"https:\/\/newsestlyonnais.fr\/site\/author\/nel\/"}]}},"_links":{"self":[{"href":"https:\/\/newsestlyonnais.fr\/site\/wp-json\/wp\/v2\/posts\/131311","targetHints":{"allow":["GET"]}}],"collection":[{"href":"https:\/\/newsestlyonnais.fr\/site\/wp-json\/wp\/v2\/posts"}],"about":[{"href":"https:\/\/newsestlyonnais.fr\/site\/wp-json\/wp\/v2\/types\/post"}],"author":[{"embeddable":true,"href":"https:\/\/newsestlyonnais.fr\/site\/wp-json\/wp\/v2\/users\/4"}],"replies":[{"embeddable":true,"href":"https:\/\/newsestlyonnais.fr\/site\/wp-json\/wp\/v2\/comments?post=131311"}],"version-history":[{"count":0,"href":"https:\/\/newsestlyonnais.fr\/site\/wp-json\/wp\/v2\/posts\/131311\/revisions"}],"wp:featuredmedia":[{"embeddable":true,"href":"https:\/\/newsestlyonnais.fr\/site\/wp-json\/wp\/v2\/media\/131315"}],"wp:attachment":[{"href":"https:\/\/newsestlyonnais.fr\/site\/wp-json\/wp\/v2\/media?parent=131311"}],"wp:term":[{"taxonomy":"category","embeddable":true,"href":"https:\/\/newsestlyonnais.fr\/site\/wp-json\/wp\/v2\/categories?post=131311"},{"taxonomy":"post_tag","embeddable":true,"href":"https:\/\/newsestlyonnais.fr\/site\/wp-json\/wp\/v2\/tags?post=131311"}],"curies":[{"name":"wp","href":"https:\/\/api.w.org\/{rel}","templated":true}]}}