{"id":131719,"date":"2021-06-12T18:10:57","date_gmt":"2021-06-12T17:10:57","guid":{"rendered":"https:\/\/newsestlyonnais.fr\/site\/?p=131719"},"modified":"2021-06-26T15:17:43","modified_gmt":"2021-06-26T14:17:43","slug":"meyzieu-festival-du-cinema-europeen","status":"publish","type":"post","link":"https:\/\/newsestlyonnais.fr\/site\/2021\/06\/12\/meyzieu-festival-du-cinema-europeen\/","title":{"rendered":"MEYZIEU | Festival du Cin\u00e9ma Europ\u00e9en (18 au 26 juin)"},"content":{"rendered":"<p>\u00a0\u00bb Au programme, bien que cette \u00e9dition se d\u00e9roule sous des auspices diff\u00e9rents (restrictions sanitaires obligent), plusieurs temps forts.<\/p>\n<p>Tout d\u2019abord le r\u00e9alisateur Jean-Pierre Am\u00e9ris viendra pr\u00e9senter en avant-premi\u00e8re (sortie officielle pr\u00e9vue pour le mois de juillet) son film <em>La Profession du p\u00e8re<\/em>. Unique artiste \u00e0 ce jour \u00e0 pouvoir venir pr\u00e9senter son \u0153uvre, sa pr\u00e9sence permettra au public de retrouver la proximit\u00e9 avec les artistes, ce qui fait l\u2019\u00e2me de la manifestation.<\/p>\n<hr \/>\n<p><strong>7 films europ\u00e9ens en comp\u00e9tition\u00a0de diff\u00e9rentes nationalit\u00e9s\u00a0:\u00a0<\/strong><\/p>\n<ul>\n<li>le Royaume Uni (<em>After love<\/em>\u00a0de Aleem Khan)<\/li>\n<li>la Bulgarie (<em>La saveur des coings\u00a0<\/em>de Kristina Grozeva et Petar Valchanov)<\/li>\n<li>l\u2019Espagne (<em>Sentimental<\/em>\u00a0de Cesc Gay)<\/li>\n<li>l\u2019Italie (Pour toujours de Ferzan Ozpetek)<\/li>\n<li>la Gr\u00e8ce (<em>Digger<\/em>\u00a0de Georgis Grigorakis), l\u2019Allemagne (<em>L\u2019Affaire Collini<\/em>\u00a0de Marco Kreuzpaintner).<\/li>\n<li><strong>La France sera repr\u00e9sent\u00e9e avec pas moins de 4 films\u00a0<\/strong>:\u00a0<em>Le sens de la famille<\/em>\u00a0de Jean-Patrick Benes,\u00a0<em>Tokyo Shaking<\/em>\u00a0de Olivier Peyon (projet\u00e9 en ouverture),\u00a0<em>La fine fleur<\/em>\u00a0de Pierre Pinaud (en cl\u00f4ture), et enfin\u00a0<em>Profession du p\u00e8re<\/em>\u00a0 de Jean-Pierre Am\u00e9ris (seul s\u00e9lectionn\u00e9 en comp\u00e9tition).<\/li>\n<\/ul>\n<p>Une comp\u00e9tition un peu r\u00e9am\u00e9nag\u00e9e cette ann\u00e9e, due aux contraintes sanitaires. <strong>Le public ne sera pas sollicit\u00e9 pour choisir ses favoris, mais un jury s\u00e9lectionn\u00e9 parmi les adh\u00e9rents de l\u2019association organisatrice de la manifestation<\/strong>, aura la lourde t\u00e2che de visionner tous les films sans exception et d\u2019\u00e9lire et de remettre les prix aux \u0153uvres les mieux not\u00e9es.<\/p>\n<p><strong>Pas d\u2019oubli de la s\u00e9lection jeunesse du dimanche matin<\/strong>,\u00a0 mais sans atelier, restrictions sanitaires obligent. Et enfin, <strong>8 courts-m\u00e9trages en comp\u00e9tition pour r\u00e9compenser les jeunes talents de demain.<\/strong><\/p>\n<hr \/>\n<p>Malheureusement cette ann\u00e9e, pas de banquet, peu de rencontres avec les artistes et \u00e9quipes techniques, pas de verre de l\u2019amiti\u00e9 non plus, <strong>mais reste avant tout l\u2019essentiel : le cin\u00e9ma<\/strong>. Faire vibrer le public, le voir s\u2019\u00e9merveiller, rire ou m\u00eame pleurer.<\/p>\n<p>Red\u00e9couvrir avec \u00e9motion le confort des fauteuils rouges, l\u2019excitation du silence qui s\u2019installe lorsque la lumi\u00e8re s\u2019\u00e9teint, et se rappeler apr\u00e8s tout ce temps, que les films s\u2019appr\u00e9cient encore mieux sur un grand \u00e9cran\u00a0\u00bb.<\/p>\n<p>Source : communiqu\u00e9 des organisateurs.<\/p>\n<hr \/>\n<ul>\n<li><strong><em>Programme complet sur :\u00a0<\/em><a href=\"https:\/\/www.cinema-europeen.fr\/grille-de-programmation-2021\"><span style=\"color: #0000ff;\">https:\/\/www.cinema-europeen.fr\/grille-de-programmation-2021<\/span><\/a><\/strong><\/li>\n<\/ul>\n<hr \/>\n<hr \/>\n<p>&nbsp;<\/p>\n","protected":false},"excerpt":{"rendered":"<p>La 21\u00b0 \u00e9dition se d\u00e9roulera cette ann\u00e9e du 18 au 26 juin prochains.<\/p>\n","protected":false},"author":4,"featured_media":131723,"comment_status":"open","ping_status":"open","sticky":false,"template":"","format":"standard","meta":{"footnotes":""},"categories":[221,24],"tags":[3800,2081],"class_list":["post-131719","post","type-post","status-publish","format-standard","has-post-thumbnail","hentry","category-cine-radio-theatre","category-meyzieu","tag-festival-du-cinema-europeen","tag-meyzieu"],"yoast_head":"<!-- This site is optimized with the Yoast SEO plugin v27.2 - https:\/\/yoast.com\/product\/yoast-seo-wordpress\/ -->\n<title>MEYZIEU | Festival du Cin\u00e9ma Europ\u00e9en (18 au 26 juin) - News Est Lyonnais<\/title>\n<meta name=\"description\" content=\"MEYZIEU | Festival du Cin\u00e9ma Europ\u00e9en\" \/>\n<meta name=\"robots\" content=\"index, follow, max-snippet:-1, max-image-preview:large, max-video-preview:-1\" \/>\n<link rel=\"canonical\" href=\"https:\/\/newsestlyonnais.fr\/site\/2021\/06\/12\/meyzieu-festival-du-cinema-europeen\/\" \/>\n<meta property=\"og:locale\" content=\"fr_FR\" \/>\n<meta property=\"og:type\" content=\"article\" \/>\n<meta property=\"og:title\" content=\"MEYZIEU | Festival du Cin\u00e9ma Europ\u00e9en (18 au 26 juin) - News Est Lyonnais\" \/>\n<meta property=\"og:description\" content=\"MEYZIEU | Festival du Cin\u00e9ma Europ\u00e9en\" \/>\n<meta property=\"og:url\" content=\"https:\/\/newsestlyonnais.fr\/site\/2021\/06\/12\/meyzieu-festival-du-cinema-europeen\/\" \/>\n<meta property=\"og:site_name\" content=\"News Est Lyonnais\" \/>\n<meta property=\"article:author\" content=\"https:\/\/www.facebook.com\/pascal.oberson.1?fref=ts\" \/>\n<meta property=\"article:published_time\" content=\"2021-06-12T17:10:57+00:00\" \/>\n<meta property=\"article:modified_time\" content=\"2021-06-26T14:17:43+00:00\" \/>\n<meta property=\"og:image\" content=\"https:\/\/i0.wp.com\/newsestlyonnais.fr\/site\/wp-content\/uploads\/2021\/06\/197361556_1735703586624565_539671736577095344_n.jpg?fit=512%2C640&ssl=1\" \/>\n\t<meta property=\"og:image:width\" content=\"512\" \/>\n\t<meta property=\"og:image:height\" content=\"640\" \/>\n\t<meta property=\"og:image:type\" content=\"image\/jpeg\" \/>\n<meta name=\"author\" content=\"R\u00e9dac. NEWS\" \/>\n<meta name=\"twitter:card\" content=\"summary_large_image\" \/>\n<meta name=\"twitter:label1\" content=\"\u00c9crit par\" \/>\n\t<meta name=\"twitter:data1\" content=\"R\u00e9dac. NEWS\" \/>\n\t<meta name=\"twitter:label2\" content=\"Dur\u00e9e de lecture estim\u00e9e\" \/>\n\t<meta name=\"twitter:data2\" content=\"2 minutes\" \/>\n<script type=\"application\/ld+json\" class=\"yoast-schema-graph\">{\"@context\":\"https:\/\/schema.org\",\"@graph\":[{\"@type\":\"Article\",\"@id\":\"https:\/\/newsestlyonnais.fr\/site\/2021\/06\/12\/meyzieu-festival-du-cinema-europeen\/#article\",\"isPartOf\":{\"@id\":\"https:\/\/newsestlyonnais.fr\/site\/2021\/06\/12\/meyzieu-festival-du-cinema-europeen\/\"},\"author\":{\"name\":\"R\u00e9dac. NEWS\",\"@id\":\"https:\/\/newsestlyonnais.fr\/site\/#\/schema\/person\/3230d5615f390bb808365d673001e887\"},\"headline\":\"MEYZIEU | Festival du Cin\u00e9ma Europ\u00e9en (18 au 26 juin)\",\"datePublished\":\"2021-06-12T17:10:57+00:00\",\"dateModified\":\"2021-06-26T14:17:43+00:00\",\"mainEntityOfPage\":{\"@id\":\"https:\/\/newsestlyonnais.fr\/site\/2021\/06\/12\/meyzieu-festival-du-cinema-europeen\/\"},\"wordCount\":403,\"commentCount\":0,\"publisher\":{\"@id\":\"https:\/\/newsestlyonnais.fr\/site\/#organization\"},\"image\":{\"@id\":\"https:\/\/newsestlyonnais.fr\/site\/2021\/06\/12\/meyzieu-festival-du-cinema-europeen\/#primaryimage\"},\"thumbnailUrl\":\"https:\/\/newsestlyonnais.fr\/site\/wp-content\/uploads\/2021\/06\/197361556_1735703586624565_539671736577095344_n.jpg\",\"keywords\":[\"Festival du Cin\u00e9ma Europ\u00e9en\",\"MEYZIEU\"],\"articleSection\":[\"Cin\u00e9 | Radio | Th\u00e9\u00e2tre\",\"Meyzieu\"],\"inLanguage\":\"fr-FR\",\"potentialAction\":[{\"@type\":\"CommentAction\",\"name\":\"Comment\",\"target\":[\"https:\/\/newsestlyonnais.fr\/site\/2021\/06\/12\/meyzieu-festival-du-cinema-europeen\/#respond\"]}]},{\"@type\":\"WebPage\",\"@id\":\"https:\/\/newsestlyonnais.fr\/site\/2021\/06\/12\/meyzieu-festival-du-cinema-europeen\/\",\"url\":\"https:\/\/newsestlyonnais.fr\/site\/2021\/06\/12\/meyzieu-festival-du-cinema-europeen\/\",\"name\":\"MEYZIEU | Festival du Cin\u00e9ma Europ\u00e9en (18 au 26 juin) - News Est Lyonnais\",\"isPartOf\":{\"@id\":\"https:\/\/newsestlyonnais.fr\/site\/#website\"},\"primaryImageOfPage\":{\"@id\":\"https:\/\/newsestlyonnais.fr\/site\/2021\/06\/12\/meyzieu-festival-du-cinema-europeen\/#primaryimage\"},\"image\":{\"@id\":\"https:\/\/newsestlyonnais.fr\/site\/2021\/06\/12\/meyzieu-festival-du-cinema-europeen\/#primaryimage\"},\"thumbnailUrl\":\"https:\/\/newsestlyonnais.fr\/site\/wp-content\/uploads\/2021\/06\/197361556_1735703586624565_539671736577095344_n.jpg\",\"datePublished\":\"2021-06-12T17:10:57+00:00\",\"dateModified\":\"2021-06-26T14:17:43+00:00\",\"description\":\"MEYZIEU | Festival du Cin\u00e9ma Europ\u00e9en\",\"breadcrumb\":{\"@id\":\"https:\/\/newsestlyonnais.fr\/site\/2021\/06\/12\/meyzieu-festival-du-cinema-europeen\/#breadcrumb\"},\"inLanguage\":\"fr-FR\",\"potentialAction\":[{\"@type\":\"ReadAction\",\"target\":[\"https:\/\/newsestlyonnais.fr\/site\/2021\/06\/12\/meyzieu-festival-du-cinema-europeen\/\"]}]},{\"@type\":\"ImageObject\",\"inLanguage\":\"fr-FR\",\"@id\":\"https:\/\/newsestlyonnais.fr\/site\/2021\/06\/12\/meyzieu-festival-du-cinema-europeen\/#primaryimage\",\"url\":\"https:\/\/newsestlyonnais.fr\/site\/wp-content\/uploads\/2021\/06\/197361556_1735703586624565_539671736577095344_n.jpg\",\"contentUrl\":\"https:\/\/newsestlyonnais.fr\/site\/wp-content\/uploads\/2021\/06\/197361556_1735703586624565_539671736577095344_n.jpg\",\"width\":512,\"height\":640},{\"@type\":\"BreadcrumbList\",\"@id\":\"https:\/\/newsestlyonnais.fr\/site\/2021\/06\/12\/meyzieu-festival-du-cinema-europeen\/#breadcrumb\",\"itemListElement\":[{\"@type\":\"ListItem\",\"position\":1,\"name\":\"Accueil\",\"item\":\"https:\/\/newsestlyonnais.fr\/site\/\"},{\"@type\":\"ListItem\",\"position\":2,\"name\":\"MEYZIEU | Festival du Cin\u00e9ma Europ\u00e9en (18 au 26 juin)\"}]},{\"@type\":\"WebSite\",\"@id\":\"https:\/\/newsestlyonnais.fr\/site\/#website\",\"url\":\"https:\/\/newsestlyonnais.fr\/site\/\",\"name\":\"News Est Lyonnais\",\"description\":\"L&#039;actualit\u00e9 au plus pr\u00e8s\",\"publisher\":{\"@id\":\"https:\/\/newsestlyonnais.fr\/site\/#organization\"},\"potentialAction\":[{\"@type\":\"SearchAction\",\"target\":{\"@type\":\"EntryPoint\",\"urlTemplate\":\"https:\/\/newsestlyonnais.fr\/site\/?s={search_term_string}\"},\"query-input\":{\"@type\":\"PropertyValueSpecification\",\"valueRequired\":true,\"valueName\":\"search_term_string\"}}],\"inLanguage\":\"fr-FR\"},{\"@type\":\"Organization\",\"@id\":\"https:\/\/newsestlyonnais.fr\/site\/#organization\",\"name\":\"News EST LYONNAIS\",\"url\":\"https:\/\/newsestlyonnais.fr\/site\/\",\"logo\":{\"@type\":\"ImageObject\",\"inLanguage\":\"fr-FR\",\"@id\":\"https:\/\/newsestlyonnais.fr\/site\/#\/schema\/logo\/image\/\",\"url\":\"\",\"contentUrl\":\"\",\"caption\":\"News EST LYONNAIS\"},\"image\":{\"@id\":\"https:\/\/newsestlyonnais.fr\/site\/#\/schema\/logo\/image\/\"}},{\"@type\":\"Person\",\"@id\":\"https:\/\/newsestlyonnais.fr\/site\/#\/schema\/person\/3230d5615f390bb808365d673001e887\",\"name\":\"R\u00e9dac. NEWS\",\"sameAs\":[\"http:\/\/www.newsestlyonnais.fr\",\"https:\/\/www.facebook.com\/pascal.oberson.1?fref=ts\",\"https:\/\/fr.linkedin.com\/in\/pascal-oberson-b17045113\"],\"url\":\"https:\/\/newsestlyonnais.fr\/site\/author\/nel\/\"}]}<\/script>\n<!-- \/ Yoast SEO plugin. -->","yoast_head_json":{"title":"MEYZIEU | Festival du Cin\u00e9ma Europ\u00e9en (18 au 26 juin) - News Est Lyonnais","description":"MEYZIEU | Festival du Cin\u00e9ma Europ\u00e9en","robots":{"index":"index","follow":"follow","max-snippet":"max-snippet:-1","max-image-preview":"max-image-preview:large","max-video-preview":"max-video-preview:-1"},"canonical":"https:\/\/newsestlyonnais.fr\/site\/2021\/06\/12\/meyzieu-festival-du-cinema-europeen\/","og_locale":"fr_FR","og_type":"article","og_title":"MEYZIEU | Festival du Cin\u00e9ma Europ\u00e9en (18 au 26 juin) - News Est Lyonnais","og_description":"MEYZIEU | Festival du Cin\u00e9ma Europ\u00e9en","og_url":"https:\/\/newsestlyonnais.fr\/site\/2021\/06\/12\/meyzieu-festival-du-cinema-europeen\/","og_site_name":"News Est Lyonnais","article_author":"https:\/\/www.facebook.com\/pascal.oberson.1?fref=ts","article_published_time":"2021-06-12T17:10:57+00:00","article_modified_time":"2021-06-26T14:17:43+00:00","og_image":[{"width":512,"height":640,"url":"https:\/\/i0.wp.com\/newsestlyonnais.fr\/site\/wp-content\/uploads\/2021\/06\/197361556_1735703586624565_539671736577095344_n.jpg?fit=512%2C640&ssl=1","type":"image\/jpeg"}],"author":"R\u00e9dac. NEWS","twitter_card":"summary_large_image","twitter_misc":{"\u00c9crit par":"R\u00e9dac. NEWS","Dur\u00e9e de lecture estim\u00e9e":"2 minutes"},"schema":{"@context":"https:\/\/schema.org","@graph":[{"@type":"Article","@id":"https:\/\/newsestlyonnais.fr\/site\/2021\/06\/12\/meyzieu-festival-du-cinema-europeen\/#article","isPartOf":{"@id":"https:\/\/newsestlyonnais.fr\/site\/2021\/06\/12\/meyzieu-festival-du-cinema-europeen\/"},"author":{"name":"R\u00e9dac. NEWS","@id":"https:\/\/newsestlyonnais.fr\/site\/#\/schema\/person\/3230d5615f390bb808365d673001e887"},"headline":"MEYZIEU | Festival du Cin\u00e9ma Europ\u00e9en (18 au 26 juin)","datePublished":"2021-06-12T17:10:57+00:00","dateModified":"2021-06-26T14:17:43+00:00","mainEntityOfPage":{"@id":"https:\/\/newsestlyonnais.fr\/site\/2021\/06\/12\/meyzieu-festival-du-cinema-europeen\/"},"wordCount":403,"commentCount":0,"publisher":{"@id":"https:\/\/newsestlyonnais.fr\/site\/#organization"},"image":{"@id":"https:\/\/newsestlyonnais.fr\/site\/2021\/06\/12\/meyzieu-festival-du-cinema-europeen\/#primaryimage"},"thumbnailUrl":"https:\/\/newsestlyonnais.fr\/site\/wp-content\/uploads\/2021\/06\/197361556_1735703586624565_539671736577095344_n.jpg","keywords":["Festival du Cin\u00e9ma Europ\u00e9en","MEYZIEU"],"articleSection":["Cin\u00e9 | Radio | Th\u00e9\u00e2tre","Meyzieu"],"inLanguage":"fr-FR","potentialAction":[{"@type":"CommentAction","name":"Comment","target":["https:\/\/newsestlyonnais.fr\/site\/2021\/06\/12\/meyzieu-festival-du-cinema-europeen\/#respond"]}]},{"@type":"WebPage","@id":"https:\/\/newsestlyonnais.fr\/site\/2021\/06\/12\/meyzieu-festival-du-cinema-europeen\/","url":"https:\/\/newsestlyonnais.fr\/site\/2021\/06\/12\/meyzieu-festival-du-cinema-europeen\/","name":"MEYZIEU | Festival du Cin\u00e9ma Europ\u00e9en (18 au 26 juin) - News Est Lyonnais","isPartOf":{"@id":"https:\/\/newsestlyonnais.fr\/site\/#website"},"primaryImageOfPage":{"@id":"https:\/\/newsestlyonnais.fr\/site\/2021\/06\/12\/meyzieu-festival-du-cinema-europeen\/#primaryimage"},"image":{"@id":"https:\/\/newsestlyonnais.fr\/site\/2021\/06\/12\/meyzieu-festival-du-cinema-europeen\/#primaryimage"},"thumbnailUrl":"https:\/\/newsestlyonnais.fr\/site\/wp-content\/uploads\/2021\/06\/197361556_1735703586624565_539671736577095344_n.jpg","datePublished":"2021-06-12T17:10:57+00:00","dateModified":"2021-06-26T14:17:43+00:00","description":"MEYZIEU | Festival du Cin\u00e9ma Europ\u00e9en","breadcrumb":{"@id":"https:\/\/newsestlyonnais.fr\/site\/2021\/06\/12\/meyzieu-festival-du-cinema-europeen\/#breadcrumb"},"inLanguage":"fr-FR","potentialAction":[{"@type":"ReadAction","target":["https:\/\/newsestlyonnais.fr\/site\/2021\/06\/12\/meyzieu-festival-du-cinema-europeen\/"]}]},{"@type":"ImageObject","inLanguage":"fr-FR","@id":"https:\/\/newsestlyonnais.fr\/site\/2021\/06\/12\/meyzieu-festival-du-cinema-europeen\/#primaryimage","url":"https:\/\/newsestlyonnais.fr\/site\/wp-content\/uploads\/2021\/06\/197361556_1735703586624565_539671736577095344_n.jpg","contentUrl":"https:\/\/newsestlyonnais.fr\/site\/wp-content\/uploads\/2021\/06\/197361556_1735703586624565_539671736577095344_n.jpg","width":512,"height":640},{"@type":"BreadcrumbList","@id":"https:\/\/newsestlyonnais.fr\/site\/2021\/06\/12\/meyzieu-festival-du-cinema-europeen\/#breadcrumb","itemListElement":[{"@type":"ListItem","position":1,"name":"Accueil","item":"https:\/\/newsestlyonnais.fr\/site\/"},{"@type":"ListItem","position":2,"name":"MEYZIEU | Festival du Cin\u00e9ma Europ\u00e9en (18 au 26 juin)"}]},{"@type":"WebSite","@id":"https:\/\/newsestlyonnais.fr\/site\/#website","url":"https:\/\/newsestlyonnais.fr\/site\/","name":"News Est Lyonnais","description":"L&#039;actualit\u00e9 au plus pr\u00e8s","publisher":{"@id":"https:\/\/newsestlyonnais.fr\/site\/#organization"},"potentialAction":[{"@type":"SearchAction","target":{"@type":"EntryPoint","urlTemplate":"https:\/\/newsestlyonnais.fr\/site\/?s={search_term_string}"},"query-input":{"@type":"PropertyValueSpecification","valueRequired":true,"valueName":"search_term_string"}}],"inLanguage":"fr-FR"},{"@type":"Organization","@id":"https:\/\/newsestlyonnais.fr\/site\/#organization","name":"News EST LYONNAIS","url":"https:\/\/newsestlyonnais.fr\/site\/","logo":{"@type":"ImageObject","inLanguage":"fr-FR","@id":"https:\/\/newsestlyonnais.fr\/site\/#\/schema\/logo\/image\/","url":"","contentUrl":"","caption":"News EST LYONNAIS"},"image":{"@id":"https:\/\/newsestlyonnais.fr\/site\/#\/schema\/logo\/image\/"}},{"@type":"Person","@id":"https:\/\/newsestlyonnais.fr\/site\/#\/schema\/person\/3230d5615f390bb808365d673001e887","name":"R\u00e9dac. NEWS","sameAs":["http:\/\/www.newsestlyonnais.fr","https:\/\/www.facebook.com\/pascal.oberson.1?fref=ts","https:\/\/fr.linkedin.com\/in\/pascal-oberson-b17045113"],"url":"https:\/\/newsestlyonnais.fr\/site\/author\/nel\/"}]}},"_links":{"self":[{"href":"https:\/\/newsestlyonnais.fr\/site\/wp-json\/wp\/v2\/posts\/131719","targetHints":{"allow":["GET"]}}],"collection":[{"href":"https:\/\/newsestlyonnais.fr\/site\/wp-json\/wp\/v2\/posts"}],"about":[{"href":"https:\/\/newsestlyonnais.fr\/site\/wp-json\/wp\/v2\/types\/post"}],"author":[{"embeddable":true,"href":"https:\/\/newsestlyonnais.fr\/site\/wp-json\/wp\/v2\/users\/4"}],"replies":[{"embeddable":true,"href":"https:\/\/newsestlyonnais.fr\/site\/wp-json\/wp\/v2\/comments?post=131719"}],"version-history":[{"count":0,"href":"https:\/\/newsestlyonnais.fr\/site\/wp-json\/wp\/v2\/posts\/131719\/revisions"}],"wp:featuredmedia":[{"embeddable":true,"href":"https:\/\/newsestlyonnais.fr\/site\/wp-json\/wp\/v2\/media\/131723"}],"wp:attachment":[{"href":"https:\/\/newsestlyonnais.fr\/site\/wp-json\/wp\/v2\/media?parent=131719"}],"wp:term":[{"taxonomy":"category","embeddable":true,"href":"https:\/\/newsestlyonnais.fr\/site\/wp-json\/wp\/v2\/categories?post=131719"},{"taxonomy":"post_tag","embeddable":true,"href":"https:\/\/newsestlyonnais.fr\/site\/wp-json\/wp\/v2\/tags?post=131719"}],"curies":[{"name":"wp","href":"https:\/\/api.w.org\/{rel}","templated":true}]}}