{"id":131755,"date":"2021-06-10T13:02:06","date_gmt":"2021-06-10T12:02:06","guid":{"rendered":"https:\/\/newsestlyonnais.fr\/site\/?p=131755"},"modified":"2021-06-11T09:06:58","modified_gmt":"2021-06-11T08:06:58","slug":"villeurbanne-vivez-lete-des-activites-dans-tous-les-quartiers","status":"publish","type":"post","link":"https:\/\/newsestlyonnais.fr\/site\/2021\/06\/10\/villeurbanne-vivez-lete-des-activites-dans-tous-les-quartiers\/","title":{"rendered":"VILLEURBANNE | \u00ab\u00a0Vivez l\u2019\u00e9t\u00e9\u00a0\u00bb > des activit\u00e9s dans tous les quartiers"},"content":{"rendered":"<p><strong><span dir=\"ltr\">12 services <\/span><\/strong><span dir=\"ltr\"><strong>municipaux se sont mobilis\u00e9s<\/strong> pour \u00e9laborer le programme en lien <\/span><span dir=\"ltr\">avec les partenaires associatifs. \u00ab<\/span><span dir=\"ltr\">Vivez l\u2019\u00e9t\u00e9<\/span><span dir=\"ltr\">\u00bb, c\u2019est une opportunit\u00e9 <\/span><span dir=\"ltr\">unique pour profiter de Villeurbanne avec des animations gratuites et <\/span><span dir=\"ltr\">quotidiennes. <\/span><\/p>\n<p><span dir=\"ltr\">L\u2019op\u00e9ration \u00ab<\/span><span dir=\"ltr\">Vivez l\u2019\u00e9t\u00e9<\/span><span dir=\"ltr\">\u00bb propose aux Villeurbannaises et <\/span><span dir=\"ltr\">Villeurbannais de profiter de nombreuses animations tout au <\/span><span dir=\"ltr\">long de l\u2019\u00e9t\u00e9. <\/span><\/p>\n<hr \/>\n<p><span style=\"background-color: #000000; color: #ffffff; font-size: 14pt;\"><strong><span dir=\"ltr\">Un programme pour tous les go\u00fbts et pour tous <\/span><span dir=\"ltr\">les \u00e2ges partout dans la Ville <\/span><\/strong><span dir=\"ltr\"><strong>!<\/strong> <\/span><\/span><\/p>\n<p><span style=\"text-decoration: underline;\"><em><span dir=\"ltr\"><strong>Pour se d\u00e9tendre et se pr\u00e9lasser<\/strong> <\/span><\/em><\/span><span dir=\"ltr\">: \u00ab <\/span><span dir=\"ltr\">L\u2019avenue est \u00e0 vous <\/span><span dir=\"ltr\">! <\/span><span dir=\"ltr\">\u00bb <\/span><span dir=\"ltr\">: <\/span><span dir=\"ltr\">l\u2019avenue Henri-Barbusse, rendue aux pi\u00e9tons, se pare de <\/span><span dir=\"ltr\">parasols et de chaises longues et accueille un espace lecture <\/span><span dir=\"ltr\">avec des titres de presse en acc\u00e8s libre, des ateliers de <\/span><span dir=\"ltr\">lecture, des ateliers multim\u00e9dia..<\/span><\/p>\n<p><em><strong><span dir=\"ltr\"><span style=\"text-decoration: underline;\">Pour faire du sport, bouger et danser<\/span> <\/span><\/strong><\/em><span dir=\"ltr\">: <strong>la Caravane des <\/strong><\/span><span dir=\"ltr\"><strong>sports du 12 au 30 juillet<\/strong> proposera un dispositif itin\u00e9rant <\/span><span dir=\"ltr\">sportif avec des haltes, <strong>\u00e0 raison d\u2019un site par semaine<\/strong>, dans <\/span><span dir=\"ltr\">diff\u00e9rents parcs pour s\u2019initier \u00e0 diff\u00e9rents sports <\/span><span dir=\"ltr\">: fitness, <\/span><span dir=\"ltr\">crossfit, biathlon&#8230; <\/span><\/p>\n<p><span dir=\"ltr\"><strong>Du 9 au 27 ao\u00fbt, le dispositif Animations au <\/strong><\/span><span dir=\"ltr\"><strong>c\u0153ur des quartiers<\/strong> s\u2019installera au c\u0153ur des quartiers pour des <\/span><span dir=\"ltr\">activit\u00e9s sportives et ludiques. Des s\u00e9ances d\u2019aquagym, <\/span><span dir=\"ltr\">d\u2019aquabike ou nage sport-sant\u00e9 auront lieu dans les bassins <\/span><span dir=\"ltr\">ext\u00e9rieurs de la piscine Andr\u00e9-Boulloche ou du centre nautique <\/span><span dir=\"ltr\">Etienne-Gagnaire.<\/span><\/p>\n<p><span style=\"text-decoration: underline;\"><em><span dir=\"ltr\"><strong>Pour s\u2019\u00e9merveiller<\/strong> <\/span><\/em><\/span><span dir=\"ltr\">: \u00ab<\/span><span dir=\"ltr\">Cin\u00e9 en plein air<\/span><span dir=\"ltr\">\u00bb avec les centres <\/span><span dir=\"ltr\">sociaux, la Maison de quartier des Brosses et le Zola <\/span><span dir=\"ltr\">: une <\/span><span dir=\"ltr\">s\u00e9lection de 8 films \u00e0 d\u00e9couvrir en famille \u00e0 la nuit tomb\u00e9e <\/span><span dir=\"ltr\">dans diff\u00e9rents quartiers de la ville ou dans le parc de la <\/span><span dir=\"ltr\">Feyssine.<\/span><\/p>\n<p><span style=\"text-decoration: underline;\"><span dir=\"ltr\">P<em><strong>our se laisser surprendre<\/strong> <\/em><\/span><\/span><span dir=\"ltr\">: \u00e0 la Maison du livre, de l\u2019image <\/span><span dir=\"ltr\">et du son, au Rize ou encore \u00e0 la m\u00e9diath\u00e8que du Tonkin, le <\/span><span dir=\"ltr\">public sera amen\u00e9 \u00e0 d\u00e9couvrir des expositions ou participer \u00e0 <\/span><span dir=\"ltr\">des ateliers cr\u00e9atifs.<\/span><\/p>\n<p><em><strong><span dir=\"ltr\"><span style=\"text-decoration: underline;\">Pour profiter de la nature<\/span> <\/span><\/strong><\/em><span dir=\"ltr\">: <strong>tous les mercredis du 7 juillet au <\/strong><\/span><span dir=\"ltr\"><strong>25 ao\u00fbt<\/strong>, les enfants pourront participer \u00e0 des animations-<\/span><span dir=\"ltr\">d\u00e9couverte au Parc de la Feyssine (jeux avec des mat\u00e9riaux <\/span><span dir=\"ltr\">naturels, des courses d\u2019orientation&#8230;).<\/span><\/p>\n<hr \/>\n<p><em><strong><span dir=\"ltr\"><span style=\"text-decoration: underline;\">Programme sur le site <\/span><span style=\"color: #0000ff;\"><a style=\"color: #0000ff;\" href=\"http:\/\/ete.villeurbanne.fr\"><span style=\"text-decoration: underline;\">ete.villeurbanne.fr<\/span><\/a> <\/span><\/span><\/strong><\/em><\/p>\n<p><span dir=\"ltr\">En raison du contexte sanitaire, <strong>les inscriptions sont <\/strong><\/span><span dir=\"ltr\"><strong>obligatoires<\/strong> : <\/span><\/p>\n<ul>\n<li><strong><span dir=\"ltr\">s<\/span><span dir=\"ltr\">ur le site <\/span><\/strong><em><strong><a href=\"http:\/\/ete.villeurbanne.fr\"><span style=\"color: #0000ff;\">ete.villeurbanne.fr<\/span><\/a><\/strong><\/em><\/li>\n<li><span dir=\"ltr\"><strong>par t\u00e9l\u00e9phone<\/strong> au 04 78 79 48 60 (de 9 h 30 \u00e0 12 h 30, du <\/span><span dir=\"ltr\">lundi au vendredi, sauf jours f\u00e9ri\u00e9s)<\/span><span dir=\"ltr\">.<\/span><\/li>\n<li><strong><span dir=\"ltr\">c<\/span><\/strong><span dir=\"ltr\"><strong>halet situ\u00e9 au pied de la mairie<\/strong>, c\u00f4t\u00e9 avenue Henri-<\/span><span dir=\"ltr\">Barbusse, tous les jours \u00e0 partir de 12 h. <\/span><\/li>\n<\/ul>\n<hr \/>\n<hr \/>\n<p>&nbsp;<\/p>\n","protected":false},"excerpt":{"rendered":"<p>A partir du 3 juillet et jusqu\u2019au 28 ao\u00fbt, la ville propose aux habitant.e.s, une multitude d\u2019activit\u00e9s sportives, ludiques et culturelles.<\/p>\n","protected":false},"author":4,"featured_media":105803,"comment_status":"open","ping_status":"open","sticky":false,"template":"","format":"standard","meta":{"footnotes":""},"categories":[574,2217,166,171,29],"tags":[2091,2825],"class_list":["post-131755","post","type-post","status-publish","format-standard","has-post-thumbnail","hentry","category-autres-sports","category-breves-de-lest-lyonnais","category-divers-sports","category-enfance-jeunesse","category-villeurbanne","tag-villeurbanne","tag-vivez-lete"],"yoast_head":"<!-- This site is optimized with the Yoast SEO plugin v27.2 - https:\/\/yoast.com\/product\/yoast-seo-wordpress\/ -->\n<title>VILLEURBANNE | &quot;Vivez l\u2019\u00e9t\u00e9&quot; &gt; des activit\u00e9s dans tous les quartiers - News Est Lyonnais<\/title>\n<meta name=\"description\" content=\"VILLEURBANNE | &quot;Vivez l\u2019\u00e9t\u00e9&quot; &gt; des activit\u00e9s dans tous les quartiers\" \/>\n<meta name=\"robots\" content=\"index, follow, max-snippet:-1, max-image-preview:large, max-video-preview:-1\" \/>\n<link rel=\"canonical\" href=\"https:\/\/newsestlyonnais.fr\/site\/2021\/06\/10\/villeurbanne-vivez-lete-des-activites-dans-tous-les-quartiers\/\" \/>\n<meta property=\"og:locale\" content=\"fr_FR\" \/>\n<meta property=\"og:type\" content=\"article\" \/>\n<meta property=\"og:title\" content=\"VILLEURBANNE | &quot;Vivez l\u2019\u00e9t\u00e9&quot; &gt; des activit\u00e9s dans tous les quartiers - News Est Lyonnais\" \/>\n<meta property=\"og:description\" content=\"VILLEURBANNE | &quot;Vivez l\u2019\u00e9t\u00e9&quot; &gt; des activit\u00e9s dans tous les quartiers\" \/>\n<meta property=\"og:url\" content=\"https:\/\/newsestlyonnais.fr\/site\/2021\/06\/10\/villeurbanne-vivez-lete-des-activites-dans-tous-les-quartiers\/\" \/>\n<meta property=\"og:site_name\" content=\"News Est Lyonnais\" \/>\n<meta property=\"article:author\" content=\"https:\/\/www.facebook.com\/pascal.oberson.1?fref=ts\" \/>\n<meta property=\"article:published_time\" content=\"2021-06-10T12:02:06+00:00\" \/>\n<meta property=\"article:modified_time\" content=\"2021-06-11T08:06:58+00:00\" \/>\n<meta property=\"og:image\" content=\"https:\/\/i1.wp.com\/newsestlyonnais.fr\/site\/wp-content\/uploads\/2020\/07\/NEWSESTLYONNAIS-GRATTE-CIEL-VILL..jpg?fit=1067%2C800&ssl=1\" \/>\n\t<meta property=\"og:image:width\" content=\"1067\" \/>\n\t<meta property=\"og:image:height\" content=\"800\" \/>\n\t<meta property=\"og:image:type\" content=\"image\/jpeg\" \/>\n<meta name=\"author\" content=\"R\u00e9dac. NEWS\" \/>\n<meta name=\"twitter:card\" content=\"summary_large_image\" \/>\n<meta name=\"twitter:label1\" content=\"\u00c9crit par\" \/>\n\t<meta name=\"twitter:data1\" content=\"R\u00e9dac. NEWS\" \/>\n\t<meta name=\"twitter:label2\" content=\"Dur\u00e9e de lecture estim\u00e9e\" \/>\n\t<meta name=\"twitter:data2\" content=\"2 minutes\" \/>\n<script type=\"application\/ld+json\" class=\"yoast-schema-graph\">{\"@context\":\"https:\/\/schema.org\",\"@graph\":[{\"@type\":\"Article\",\"@id\":\"https:\/\/newsestlyonnais.fr\/site\/2021\/06\/10\/villeurbanne-vivez-lete-des-activites-dans-tous-les-quartiers\/#article\",\"isPartOf\":{\"@id\":\"https:\/\/newsestlyonnais.fr\/site\/2021\/06\/10\/villeurbanne-vivez-lete-des-activites-dans-tous-les-quartiers\/\"},\"author\":{\"name\":\"R\u00e9dac. NEWS\",\"@id\":\"https:\/\/newsestlyonnais.fr\/site\/#\/schema\/person\/3230d5615f390bb808365d673001e887\"},\"headline\":\"VILLEURBANNE | \u00ab\u00a0Vivez l\u2019\u00e9t\u00e9\u00a0\u00bb > des activit\u00e9s dans tous les quartiers\",\"datePublished\":\"2021-06-10T12:02:06+00:00\",\"dateModified\":\"2021-06-11T08:06:58+00:00\",\"mainEntityOfPage\":{\"@id\":\"https:\/\/newsestlyonnais.fr\/site\/2021\/06\/10\/villeurbanne-vivez-lete-des-activites-dans-tous-les-quartiers\/\"},\"wordCount\":409,\"commentCount\":0,\"publisher\":{\"@id\":\"https:\/\/newsestlyonnais.fr\/site\/#organization\"},\"image\":{\"@id\":\"https:\/\/newsestlyonnais.fr\/site\/2021\/06\/10\/villeurbanne-vivez-lete-des-activites-dans-tous-les-quartiers\/#primaryimage\"},\"thumbnailUrl\":\"https:\/\/newsestlyonnais.fr\/site\/wp-content\/uploads\/2020\/07\/NEWSESTLYONNAIS-GRATTE-CIEL-VILL..jpg\",\"keywords\":[\"VILLEURBANNE\",\"Vivez l\u2019\u00e9t\u00e9\"],\"articleSection\":[\"Autres sports\",\"Br\u00e8ves de l'Est lyonnais\",\"Divers Sports\",\"Enfance | Jeunesse\",\"Villeurbanne\"],\"inLanguage\":\"fr-FR\",\"potentialAction\":[{\"@type\":\"CommentAction\",\"name\":\"Comment\",\"target\":[\"https:\/\/newsestlyonnais.fr\/site\/2021\/06\/10\/villeurbanne-vivez-lete-des-activites-dans-tous-les-quartiers\/#respond\"]}]},{\"@type\":\"WebPage\",\"@id\":\"https:\/\/newsestlyonnais.fr\/site\/2021\/06\/10\/villeurbanne-vivez-lete-des-activites-dans-tous-les-quartiers\/\",\"url\":\"https:\/\/newsestlyonnais.fr\/site\/2021\/06\/10\/villeurbanne-vivez-lete-des-activites-dans-tous-les-quartiers\/\",\"name\":\"VILLEURBANNE | \\\"Vivez l\u2019\u00e9t\u00e9\\\" > des activit\u00e9s dans tous les quartiers - News Est Lyonnais\",\"isPartOf\":{\"@id\":\"https:\/\/newsestlyonnais.fr\/site\/#website\"},\"primaryImageOfPage\":{\"@id\":\"https:\/\/newsestlyonnais.fr\/site\/2021\/06\/10\/villeurbanne-vivez-lete-des-activites-dans-tous-les-quartiers\/#primaryimage\"},\"image\":{\"@id\":\"https:\/\/newsestlyonnais.fr\/site\/2021\/06\/10\/villeurbanne-vivez-lete-des-activites-dans-tous-les-quartiers\/#primaryimage\"},\"thumbnailUrl\":\"https:\/\/newsestlyonnais.fr\/site\/wp-content\/uploads\/2020\/07\/NEWSESTLYONNAIS-GRATTE-CIEL-VILL..jpg\",\"datePublished\":\"2021-06-10T12:02:06+00:00\",\"dateModified\":\"2021-06-11T08:06:58+00:00\",\"description\":\"VILLEURBANNE | \\\"Vivez l\u2019\u00e9t\u00e9\\\" > des activit\u00e9s dans tous les quartiers\",\"breadcrumb\":{\"@id\":\"https:\/\/newsestlyonnais.fr\/site\/2021\/06\/10\/villeurbanne-vivez-lete-des-activites-dans-tous-les-quartiers\/#breadcrumb\"},\"inLanguage\":\"fr-FR\",\"potentialAction\":[{\"@type\":\"ReadAction\",\"target\":[\"https:\/\/newsestlyonnais.fr\/site\/2021\/06\/10\/villeurbanne-vivez-lete-des-activites-dans-tous-les-quartiers\/\"]}]},{\"@type\":\"ImageObject\",\"inLanguage\":\"fr-FR\",\"@id\":\"https:\/\/newsestlyonnais.fr\/site\/2021\/06\/10\/villeurbanne-vivez-lete-des-activites-dans-tous-les-quartiers\/#primaryimage\",\"url\":\"https:\/\/newsestlyonnais.fr\/site\/wp-content\/uploads\/2020\/07\/NEWSESTLYONNAIS-GRATTE-CIEL-VILL..jpg\",\"contentUrl\":\"https:\/\/newsestlyonnais.fr\/site\/wp-content\/uploads\/2020\/07\/NEWSESTLYONNAIS-GRATTE-CIEL-VILL..jpg\",\"width\":1067,\"height\":800},{\"@type\":\"BreadcrumbList\",\"@id\":\"https:\/\/newsestlyonnais.fr\/site\/2021\/06\/10\/villeurbanne-vivez-lete-des-activites-dans-tous-les-quartiers\/#breadcrumb\",\"itemListElement\":[{\"@type\":\"ListItem\",\"position\":1,\"name\":\"Accueil\",\"item\":\"https:\/\/newsestlyonnais.fr\/site\/\"},{\"@type\":\"ListItem\",\"position\":2,\"name\":\"VILLEURBANNE | \u00ab\u00a0Vivez l\u2019\u00e9t\u00e9\u00a0\u00bb > des activit\u00e9s dans tous les quartiers\"}]},{\"@type\":\"WebSite\",\"@id\":\"https:\/\/newsestlyonnais.fr\/site\/#website\",\"url\":\"https:\/\/newsestlyonnais.fr\/site\/\",\"name\":\"News Est Lyonnais\",\"description\":\"L&#039;actualit\u00e9 au plus pr\u00e8s\",\"publisher\":{\"@id\":\"https:\/\/newsestlyonnais.fr\/site\/#organization\"},\"potentialAction\":[{\"@type\":\"SearchAction\",\"target\":{\"@type\":\"EntryPoint\",\"urlTemplate\":\"https:\/\/newsestlyonnais.fr\/site\/?s={search_term_string}\"},\"query-input\":{\"@type\":\"PropertyValueSpecification\",\"valueRequired\":true,\"valueName\":\"search_term_string\"}}],\"inLanguage\":\"fr-FR\"},{\"@type\":\"Organization\",\"@id\":\"https:\/\/newsestlyonnais.fr\/site\/#organization\",\"name\":\"News EST LYONNAIS\",\"url\":\"https:\/\/newsestlyonnais.fr\/site\/\",\"logo\":{\"@type\":\"ImageObject\",\"inLanguage\":\"fr-FR\",\"@id\":\"https:\/\/newsestlyonnais.fr\/site\/#\/schema\/logo\/image\/\",\"url\":\"\",\"contentUrl\":\"\",\"caption\":\"News EST LYONNAIS\"},\"image\":{\"@id\":\"https:\/\/newsestlyonnais.fr\/site\/#\/schema\/logo\/image\/\"}},{\"@type\":\"Person\",\"@id\":\"https:\/\/newsestlyonnais.fr\/site\/#\/schema\/person\/3230d5615f390bb808365d673001e887\",\"name\":\"R\u00e9dac. NEWS\",\"sameAs\":[\"http:\/\/www.newsestlyonnais.fr\",\"https:\/\/www.facebook.com\/pascal.oberson.1?fref=ts\",\"https:\/\/fr.linkedin.com\/in\/pascal-oberson-b17045113\"],\"url\":\"https:\/\/newsestlyonnais.fr\/site\/author\/nel\/\"}]}<\/script>\n<!-- \/ Yoast SEO plugin. -->","yoast_head_json":{"title":"VILLEURBANNE | \"Vivez l\u2019\u00e9t\u00e9\" > des activit\u00e9s dans tous les quartiers - News Est Lyonnais","description":"VILLEURBANNE | \"Vivez l\u2019\u00e9t\u00e9\" > des activit\u00e9s dans tous les quartiers","robots":{"index":"index","follow":"follow","max-snippet":"max-snippet:-1","max-image-preview":"max-image-preview:large","max-video-preview":"max-video-preview:-1"},"canonical":"https:\/\/newsestlyonnais.fr\/site\/2021\/06\/10\/villeurbanne-vivez-lete-des-activites-dans-tous-les-quartiers\/","og_locale":"fr_FR","og_type":"article","og_title":"VILLEURBANNE | \"Vivez l\u2019\u00e9t\u00e9\" > des activit\u00e9s dans tous les quartiers - News Est Lyonnais","og_description":"VILLEURBANNE | \"Vivez l\u2019\u00e9t\u00e9\" > des activit\u00e9s dans tous les quartiers","og_url":"https:\/\/newsestlyonnais.fr\/site\/2021\/06\/10\/villeurbanne-vivez-lete-des-activites-dans-tous-les-quartiers\/","og_site_name":"News Est Lyonnais","article_author":"https:\/\/www.facebook.com\/pascal.oberson.1?fref=ts","article_published_time":"2021-06-10T12:02:06+00:00","article_modified_time":"2021-06-11T08:06:58+00:00","og_image":[{"width":1067,"height":800,"url":"https:\/\/i1.wp.com\/newsestlyonnais.fr\/site\/wp-content\/uploads\/2020\/07\/NEWSESTLYONNAIS-GRATTE-CIEL-VILL..jpg?fit=1067%2C800&ssl=1","type":"image\/jpeg"}],"author":"R\u00e9dac. NEWS","twitter_card":"summary_large_image","twitter_misc":{"\u00c9crit par":"R\u00e9dac. NEWS","Dur\u00e9e de lecture estim\u00e9e":"2 minutes"},"schema":{"@context":"https:\/\/schema.org","@graph":[{"@type":"Article","@id":"https:\/\/newsestlyonnais.fr\/site\/2021\/06\/10\/villeurbanne-vivez-lete-des-activites-dans-tous-les-quartiers\/#article","isPartOf":{"@id":"https:\/\/newsestlyonnais.fr\/site\/2021\/06\/10\/villeurbanne-vivez-lete-des-activites-dans-tous-les-quartiers\/"},"author":{"name":"R\u00e9dac. NEWS","@id":"https:\/\/newsestlyonnais.fr\/site\/#\/schema\/person\/3230d5615f390bb808365d673001e887"},"headline":"VILLEURBANNE | \u00ab\u00a0Vivez l\u2019\u00e9t\u00e9\u00a0\u00bb > des activit\u00e9s dans tous les quartiers","datePublished":"2021-06-10T12:02:06+00:00","dateModified":"2021-06-11T08:06:58+00:00","mainEntityOfPage":{"@id":"https:\/\/newsestlyonnais.fr\/site\/2021\/06\/10\/villeurbanne-vivez-lete-des-activites-dans-tous-les-quartiers\/"},"wordCount":409,"commentCount":0,"publisher":{"@id":"https:\/\/newsestlyonnais.fr\/site\/#organization"},"image":{"@id":"https:\/\/newsestlyonnais.fr\/site\/2021\/06\/10\/villeurbanne-vivez-lete-des-activites-dans-tous-les-quartiers\/#primaryimage"},"thumbnailUrl":"https:\/\/newsestlyonnais.fr\/site\/wp-content\/uploads\/2020\/07\/NEWSESTLYONNAIS-GRATTE-CIEL-VILL..jpg","keywords":["VILLEURBANNE","Vivez l\u2019\u00e9t\u00e9"],"articleSection":["Autres sports","Br\u00e8ves de l'Est lyonnais","Divers Sports","Enfance | Jeunesse","Villeurbanne"],"inLanguage":"fr-FR","potentialAction":[{"@type":"CommentAction","name":"Comment","target":["https:\/\/newsestlyonnais.fr\/site\/2021\/06\/10\/villeurbanne-vivez-lete-des-activites-dans-tous-les-quartiers\/#respond"]}]},{"@type":"WebPage","@id":"https:\/\/newsestlyonnais.fr\/site\/2021\/06\/10\/villeurbanne-vivez-lete-des-activites-dans-tous-les-quartiers\/","url":"https:\/\/newsestlyonnais.fr\/site\/2021\/06\/10\/villeurbanne-vivez-lete-des-activites-dans-tous-les-quartiers\/","name":"VILLEURBANNE | \"Vivez l\u2019\u00e9t\u00e9\" > des activit\u00e9s dans tous les quartiers - News Est Lyonnais","isPartOf":{"@id":"https:\/\/newsestlyonnais.fr\/site\/#website"},"primaryImageOfPage":{"@id":"https:\/\/newsestlyonnais.fr\/site\/2021\/06\/10\/villeurbanne-vivez-lete-des-activites-dans-tous-les-quartiers\/#primaryimage"},"image":{"@id":"https:\/\/newsestlyonnais.fr\/site\/2021\/06\/10\/villeurbanne-vivez-lete-des-activites-dans-tous-les-quartiers\/#primaryimage"},"thumbnailUrl":"https:\/\/newsestlyonnais.fr\/site\/wp-content\/uploads\/2020\/07\/NEWSESTLYONNAIS-GRATTE-CIEL-VILL..jpg","datePublished":"2021-06-10T12:02:06+00:00","dateModified":"2021-06-11T08:06:58+00:00","description":"VILLEURBANNE | \"Vivez l\u2019\u00e9t\u00e9\" > des activit\u00e9s dans tous les quartiers","breadcrumb":{"@id":"https:\/\/newsestlyonnais.fr\/site\/2021\/06\/10\/villeurbanne-vivez-lete-des-activites-dans-tous-les-quartiers\/#breadcrumb"},"inLanguage":"fr-FR","potentialAction":[{"@type":"ReadAction","target":["https:\/\/newsestlyonnais.fr\/site\/2021\/06\/10\/villeurbanne-vivez-lete-des-activites-dans-tous-les-quartiers\/"]}]},{"@type":"ImageObject","inLanguage":"fr-FR","@id":"https:\/\/newsestlyonnais.fr\/site\/2021\/06\/10\/villeurbanne-vivez-lete-des-activites-dans-tous-les-quartiers\/#primaryimage","url":"https:\/\/newsestlyonnais.fr\/site\/wp-content\/uploads\/2020\/07\/NEWSESTLYONNAIS-GRATTE-CIEL-VILL..jpg","contentUrl":"https:\/\/newsestlyonnais.fr\/site\/wp-content\/uploads\/2020\/07\/NEWSESTLYONNAIS-GRATTE-CIEL-VILL..jpg","width":1067,"height":800},{"@type":"BreadcrumbList","@id":"https:\/\/newsestlyonnais.fr\/site\/2021\/06\/10\/villeurbanne-vivez-lete-des-activites-dans-tous-les-quartiers\/#breadcrumb","itemListElement":[{"@type":"ListItem","position":1,"name":"Accueil","item":"https:\/\/newsestlyonnais.fr\/site\/"},{"@type":"ListItem","position":2,"name":"VILLEURBANNE | \u00ab\u00a0Vivez l\u2019\u00e9t\u00e9\u00a0\u00bb > des activit\u00e9s dans tous les quartiers"}]},{"@type":"WebSite","@id":"https:\/\/newsestlyonnais.fr\/site\/#website","url":"https:\/\/newsestlyonnais.fr\/site\/","name":"News Est Lyonnais","description":"L&#039;actualit\u00e9 au plus pr\u00e8s","publisher":{"@id":"https:\/\/newsestlyonnais.fr\/site\/#organization"},"potentialAction":[{"@type":"SearchAction","target":{"@type":"EntryPoint","urlTemplate":"https:\/\/newsestlyonnais.fr\/site\/?s={search_term_string}"},"query-input":{"@type":"PropertyValueSpecification","valueRequired":true,"valueName":"search_term_string"}}],"inLanguage":"fr-FR"},{"@type":"Organization","@id":"https:\/\/newsestlyonnais.fr\/site\/#organization","name":"News EST LYONNAIS","url":"https:\/\/newsestlyonnais.fr\/site\/","logo":{"@type":"ImageObject","inLanguage":"fr-FR","@id":"https:\/\/newsestlyonnais.fr\/site\/#\/schema\/logo\/image\/","url":"","contentUrl":"","caption":"News EST LYONNAIS"},"image":{"@id":"https:\/\/newsestlyonnais.fr\/site\/#\/schema\/logo\/image\/"}},{"@type":"Person","@id":"https:\/\/newsestlyonnais.fr\/site\/#\/schema\/person\/3230d5615f390bb808365d673001e887","name":"R\u00e9dac. NEWS","sameAs":["http:\/\/www.newsestlyonnais.fr","https:\/\/www.facebook.com\/pascal.oberson.1?fref=ts","https:\/\/fr.linkedin.com\/in\/pascal-oberson-b17045113"],"url":"https:\/\/newsestlyonnais.fr\/site\/author\/nel\/"}]}},"_links":{"self":[{"href":"https:\/\/newsestlyonnais.fr\/site\/wp-json\/wp\/v2\/posts\/131755","targetHints":{"allow":["GET"]}}],"collection":[{"href":"https:\/\/newsestlyonnais.fr\/site\/wp-json\/wp\/v2\/posts"}],"about":[{"href":"https:\/\/newsestlyonnais.fr\/site\/wp-json\/wp\/v2\/types\/post"}],"author":[{"embeddable":true,"href":"https:\/\/newsestlyonnais.fr\/site\/wp-json\/wp\/v2\/users\/4"}],"replies":[{"embeddable":true,"href":"https:\/\/newsestlyonnais.fr\/site\/wp-json\/wp\/v2\/comments?post=131755"}],"version-history":[{"count":0,"href":"https:\/\/newsestlyonnais.fr\/site\/wp-json\/wp\/v2\/posts\/131755\/revisions"}],"wp:featuredmedia":[{"embeddable":true,"href":"https:\/\/newsestlyonnais.fr\/site\/wp-json\/wp\/v2\/media\/105803"}],"wp:attachment":[{"href":"https:\/\/newsestlyonnais.fr\/site\/wp-json\/wp\/v2\/media?parent=131755"}],"wp:term":[{"taxonomy":"category","embeddable":true,"href":"https:\/\/newsestlyonnais.fr\/site\/wp-json\/wp\/v2\/categories?post=131755"},{"taxonomy":"post_tag","embeddable":true,"href":"https:\/\/newsestlyonnais.fr\/site\/wp-json\/wp\/v2\/tags?post=131755"}],"curies":[{"name":"wp","href":"https:\/\/api.w.org\/{rel}","templated":true}]}}