{"id":132003,"date":"2021-06-13T08:05:39","date_gmt":"2021-06-13T07:05:39","guid":{"rendered":"https:\/\/newsestlyonnais.fr\/site\/?p=132003"},"modified":"2021-06-13T08:05:39","modified_gmt":"2021-06-13T07:05:39","slug":"lyon-la-fresque-du-climat-jeu-collectif-et-cooperatif","status":"publish","type":"post","link":"https:\/\/newsestlyonnais.fr\/site\/2021\/06\/13\/lyon-la-fresque-du-climat-jeu-collectif-et-cooperatif\/","title":{"rendered":"LYON | La fresque du climat > jeu collectif et coop\u00e9ratif"},"content":{"rendered":"<p><strong>Quels sont les impacts du changement climatique sur ma vie quotidienne ?<\/strong> sur notre avenir collectif ? comment inventer ensemble des solutions efficaces, locales et solidaires ?<\/p>\n<p>Un jeu collectif et coop\u00e9ratif, pour adultes et adolescent-es, simple, clair et convivial, dans le respect des contraintes sanitaires en vigueur.<\/p>\n<hr \/>\n<h3><span style=\"text-decoration: underline;\">\u00ab\u00a0La fresque du climat\u00a0\u00bb en 3 \u00e9tapes<\/span> :<\/h3>\n<ul>\n<li><span style=\"text-decoration: underline;\">R\u00e9flexion<\/span><br \/>\nLes participants d\u00e9couvrent les cartes du jeu, ils r\u00e9fl\u00e9chissent ensemble pour les relier et ainsi faire ressortir les causes et les cons\u00e9quences du changement climatique.<\/li>\n<li><span style=\"text-decoration: underline;\">Cr\u00e9ativit\u00e9<\/span><br \/>\nApr\u00e8s avoir identifi\u00e9 les causes, le fonctionnement et les cons\u00e9quences, les participants retracent les liens et illustrent la Fresque.<\/li>\n<li><span style=\"text-decoration: underline;\">Discussion<\/span><br \/>\nApr\u00e8s ce diagnostic commun, le temps des discussions. L\u2019objectif ? Partager les ressentis et r\u00e9fl\u00e9chir \u00e0 des solutions collectives, pour propulser le passage \u00e0 l\u2019action<\/li>\n<\/ul>\n<hr \/>\n<p><span style=\"color: #0000ff;\"><a style=\"color: #0000ff;\" href=\"https:\/\/inscriptions.lyon.fr\/InscriptionSimple\/jsp\/site\/Portal.jsp?page=appointment&amp;view=getAppointmentFormFirstStep&amp;id_form=756\"><span style=\"font-size: 14pt;\">Inscrivez-vous<\/span><\/a><\/span><span style=\"font-size: 14pt;\"> \u00e0 l&rsquo;une des s\u00e9ances programm\u00e9es du 16 juin au 10 juillet. Chaque s\u00e9ance durant 3 heures.<\/span><\/p>\n<hr \/>\n<hr \/>\n<p>&nbsp;<\/p>\n","protected":false},"excerpt":{"rendered":"<p>Du 16 juin au 12 juillet, au travers de 12 ateliers de sensibilisation, approfondissez les enjeux li\u00e9s au changement climatique.<\/p>\n","protected":false},"author":4,"featured_media":132009,"comment_status":"open","ping_status":"open","sticky":false,"template":"","format":"standard","meta":{"footnotes":""},"categories":[2217,1625,3010],"tags":[3807,3808,2077],"class_list":["post-132003","post","type-post","status-publish","format-standard","has-post-thumbnail","hentry","category-breves-de-lest-lyonnais","category-lyon","category-nature-environnement-culture-et-loisirs","tag-climat","tag-la-fresque-du-climat","tag-lyon"],"yoast_head":"<!-- This site is optimized with the Yoast SEO plugin v27.2 - https:\/\/yoast.com\/product\/yoast-seo-wordpress\/ -->\n<title>LYON | La fresque du climat &gt; jeu collectif et coop\u00e9ratif - News Est Lyonnais<\/title>\n<meta name=\"description\" content=\"LYON | La fresque du climat &gt; jeu collectif et coop\u00e9ratif\" \/>\n<meta name=\"robots\" content=\"index, follow, max-snippet:-1, max-image-preview:large, max-video-preview:-1\" \/>\n<link rel=\"canonical\" href=\"https:\/\/newsestlyonnais.fr\/site\/2021\/06\/13\/lyon-la-fresque-du-climat-jeu-collectif-et-cooperatif\/\" \/>\n<meta property=\"og:locale\" content=\"fr_FR\" \/>\n<meta property=\"og:type\" content=\"article\" \/>\n<meta property=\"og:title\" content=\"LYON | La fresque du climat &gt; jeu collectif et coop\u00e9ratif - News Est Lyonnais\" \/>\n<meta property=\"og:description\" content=\"LYON | La fresque du climat &gt; jeu collectif et coop\u00e9ratif\" \/>\n<meta property=\"og:url\" content=\"https:\/\/newsestlyonnais.fr\/site\/2021\/06\/13\/lyon-la-fresque-du-climat-jeu-collectif-et-cooperatif\/\" \/>\n<meta property=\"og:site_name\" content=\"News Est Lyonnais\" \/>\n<meta property=\"article:author\" content=\"https:\/\/www.facebook.com\/pascal.oberson.1?fref=ts\" \/>\n<meta property=\"article:published_time\" content=\"2021-06-13T07:05:39+00:00\" \/>\n<meta property=\"og:image\" content=\"https:\/\/i2.wp.com\/newsestlyonnais.fr\/site\/wp-content\/uploads\/2021\/06\/carte-climat-p.jpg?fit=700%2C394&ssl=1\" \/>\n\t<meta property=\"og:image:width\" content=\"700\" \/>\n\t<meta property=\"og:image:height\" content=\"394\" \/>\n\t<meta property=\"og:image:type\" content=\"image\/jpeg\" \/>\n<meta name=\"author\" content=\"R\u00e9dac. NEWS\" \/>\n<meta name=\"twitter:card\" content=\"summary_large_image\" \/>\n<meta name=\"twitter:label1\" content=\"\u00c9crit par\" \/>\n\t<meta name=\"twitter:data1\" content=\"R\u00e9dac. NEWS\" \/>\n\t<meta name=\"twitter:label2\" content=\"Dur\u00e9e de lecture estim\u00e9e\" \/>\n\t<meta name=\"twitter:data2\" content=\"1 minute\" \/>\n<script type=\"application\/ld+json\" class=\"yoast-schema-graph\">{\"@context\":\"https:\/\/schema.org\",\"@graph\":[{\"@type\":\"Article\",\"@id\":\"https:\/\/newsestlyonnais.fr\/site\/2021\/06\/13\/lyon-la-fresque-du-climat-jeu-collectif-et-cooperatif\/#article\",\"isPartOf\":{\"@id\":\"https:\/\/newsestlyonnais.fr\/site\/2021\/06\/13\/lyon-la-fresque-du-climat-jeu-collectif-et-cooperatif\/\"},\"author\":{\"name\":\"R\u00e9dac. NEWS\",\"@id\":\"https:\/\/newsestlyonnais.fr\/site\/#\/schema\/person\/3230d5615f390bb808365d673001e887\"},\"headline\":\"LYON | La fresque du climat > jeu collectif et coop\u00e9ratif\",\"datePublished\":\"2021-06-13T07:05:39+00:00\",\"mainEntityOfPage\":{\"@id\":\"https:\/\/newsestlyonnais.fr\/site\/2021\/06\/13\/lyon-la-fresque-du-climat-jeu-collectif-et-cooperatif\/\"},\"wordCount\":162,\"commentCount\":0,\"publisher\":{\"@id\":\"https:\/\/newsestlyonnais.fr\/site\/#organization\"},\"image\":{\"@id\":\"https:\/\/newsestlyonnais.fr\/site\/2021\/06\/13\/lyon-la-fresque-du-climat-jeu-collectif-et-cooperatif\/#primaryimage\"},\"thumbnailUrl\":\"https:\/\/newsestlyonnais.fr\/site\/wp-content\/uploads\/2021\/06\/carte-climat-p.jpg\",\"keywords\":[\"CLIMAT\",\"La fresque du climat\",\"LYON\"],\"articleSection\":[\"Br\u00e8ves de l'Est lyonnais\",\"Lyon\",\"Nature | Environnement | Chasse\"],\"inLanguage\":\"fr-FR\",\"potentialAction\":[{\"@type\":\"CommentAction\",\"name\":\"Comment\",\"target\":[\"https:\/\/newsestlyonnais.fr\/site\/2021\/06\/13\/lyon-la-fresque-du-climat-jeu-collectif-et-cooperatif\/#respond\"]}]},{\"@type\":\"WebPage\",\"@id\":\"https:\/\/newsestlyonnais.fr\/site\/2021\/06\/13\/lyon-la-fresque-du-climat-jeu-collectif-et-cooperatif\/\",\"url\":\"https:\/\/newsestlyonnais.fr\/site\/2021\/06\/13\/lyon-la-fresque-du-climat-jeu-collectif-et-cooperatif\/\",\"name\":\"LYON | La fresque du climat > jeu collectif et coop\u00e9ratif - News Est Lyonnais\",\"isPartOf\":{\"@id\":\"https:\/\/newsestlyonnais.fr\/site\/#website\"},\"primaryImageOfPage\":{\"@id\":\"https:\/\/newsestlyonnais.fr\/site\/2021\/06\/13\/lyon-la-fresque-du-climat-jeu-collectif-et-cooperatif\/#primaryimage\"},\"image\":{\"@id\":\"https:\/\/newsestlyonnais.fr\/site\/2021\/06\/13\/lyon-la-fresque-du-climat-jeu-collectif-et-cooperatif\/#primaryimage\"},\"thumbnailUrl\":\"https:\/\/newsestlyonnais.fr\/site\/wp-content\/uploads\/2021\/06\/carte-climat-p.jpg\",\"datePublished\":\"2021-06-13T07:05:39+00:00\",\"description\":\"LYON | La fresque du climat > jeu collectif et coop\u00e9ratif\",\"breadcrumb\":{\"@id\":\"https:\/\/newsestlyonnais.fr\/site\/2021\/06\/13\/lyon-la-fresque-du-climat-jeu-collectif-et-cooperatif\/#breadcrumb\"},\"inLanguage\":\"fr-FR\",\"potentialAction\":[{\"@type\":\"ReadAction\",\"target\":[\"https:\/\/newsestlyonnais.fr\/site\/2021\/06\/13\/lyon-la-fresque-du-climat-jeu-collectif-et-cooperatif\/\"]}]},{\"@type\":\"ImageObject\",\"inLanguage\":\"fr-FR\",\"@id\":\"https:\/\/newsestlyonnais.fr\/site\/2021\/06\/13\/lyon-la-fresque-du-climat-jeu-collectif-et-cooperatif\/#primaryimage\",\"url\":\"https:\/\/newsestlyonnais.fr\/site\/wp-content\/uploads\/2021\/06\/carte-climat-p.jpg\",\"contentUrl\":\"https:\/\/newsestlyonnais.fr\/site\/wp-content\/uploads\/2021\/06\/carte-climat-p.jpg\",\"width\":700,\"height\":394},{\"@type\":\"BreadcrumbList\",\"@id\":\"https:\/\/newsestlyonnais.fr\/site\/2021\/06\/13\/lyon-la-fresque-du-climat-jeu-collectif-et-cooperatif\/#breadcrumb\",\"itemListElement\":[{\"@type\":\"ListItem\",\"position\":1,\"name\":\"Accueil\",\"item\":\"https:\/\/newsestlyonnais.fr\/site\/\"},{\"@type\":\"ListItem\",\"position\":2,\"name\":\"LYON | La fresque du climat > jeu collectif et coop\u00e9ratif\"}]},{\"@type\":\"WebSite\",\"@id\":\"https:\/\/newsestlyonnais.fr\/site\/#website\",\"url\":\"https:\/\/newsestlyonnais.fr\/site\/\",\"name\":\"News Est Lyonnais\",\"description\":\"L&#039;actualit\u00e9 au plus pr\u00e8s\",\"publisher\":{\"@id\":\"https:\/\/newsestlyonnais.fr\/site\/#organization\"},\"potentialAction\":[{\"@type\":\"SearchAction\",\"target\":{\"@type\":\"EntryPoint\",\"urlTemplate\":\"https:\/\/newsestlyonnais.fr\/site\/?s={search_term_string}\"},\"query-input\":{\"@type\":\"PropertyValueSpecification\",\"valueRequired\":true,\"valueName\":\"search_term_string\"}}],\"inLanguage\":\"fr-FR\"},{\"@type\":\"Organization\",\"@id\":\"https:\/\/newsestlyonnais.fr\/site\/#organization\",\"name\":\"News EST LYONNAIS\",\"url\":\"https:\/\/newsestlyonnais.fr\/site\/\",\"logo\":{\"@type\":\"ImageObject\",\"inLanguage\":\"fr-FR\",\"@id\":\"https:\/\/newsestlyonnais.fr\/site\/#\/schema\/logo\/image\/\",\"url\":\"\",\"contentUrl\":\"\",\"caption\":\"News EST LYONNAIS\"},\"image\":{\"@id\":\"https:\/\/newsestlyonnais.fr\/site\/#\/schema\/logo\/image\/\"}},{\"@type\":\"Person\",\"@id\":\"https:\/\/newsestlyonnais.fr\/site\/#\/schema\/person\/3230d5615f390bb808365d673001e887\",\"name\":\"R\u00e9dac. NEWS\",\"sameAs\":[\"http:\/\/www.newsestlyonnais.fr\",\"https:\/\/www.facebook.com\/pascal.oberson.1?fref=ts\",\"https:\/\/fr.linkedin.com\/in\/pascal-oberson-b17045113\"],\"url\":\"https:\/\/newsestlyonnais.fr\/site\/author\/nel\/\"}]}<\/script>\n<!-- \/ Yoast SEO plugin. -->","yoast_head_json":{"title":"LYON | La fresque du climat > jeu collectif et coop\u00e9ratif - News Est Lyonnais","description":"LYON | La fresque du climat > jeu collectif et coop\u00e9ratif","robots":{"index":"index","follow":"follow","max-snippet":"max-snippet:-1","max-image-preview":"max-image-preview:large","max-video-preview":"max-video-preview:-1"},"canonical":"https:\/\/newsestlyonnais.fr\/site\/2021\/06\/13\/lyon-la-fresque-du-climat-jeu-collectif-et-cooperatif\/","og_locale":"fr_FR","og_type":"article","og_title":"LYON | La fresque du climat > jeu collectif et coop\u00e9ratif - News Est Lyonnais","og_description":"LYON | La fresque du climat > jeu collectif et coop\u00e9ratif","og_url":"https:\/\/newsestlyonnais.fr\/site\/2021\/06\/13\/lyon-la-fresque-du-climat-jeu-collectif-et-cooperatif\/","og_site_name":"News Est Lyonnais","article_author":"https:\/\/www.facebook.com\/pascal.oberson.1?fref=ts","article_published_time":"2021-06-13T07:05:39+00:00","og_image":[{"width":700,"height":394,"url":"https:\/\/i2.wp.com\/newsestlyonnais.fr\/site\/wp-content\/uploads\/2021\/06\/carte-climat-p.jpg?fit=700%2C394&ssl=1","type":"image\/jpeg"}],"author":"R\u00e9dac. NEWS","twitter_card":"summary_large_image","twitter_misc":{"\u00c9crit par":"R\u00e9dac. NEWS","Dur\u00e9e de lecture estim\u00e9e":"1 minute"},"schema":{"@context":"https:\/\/schema.org","@graph":[{"@type":"Article","@id":"https:\/\/newsestlyonnais.fr\/site\/2021\/06\/13\/lyon-la-fresque-du-climat-jeu-collectif-et-cooperatif\/#article","isPartOf":{"@id":"https:\/\/newsestlyonnais.fr\/site\/2021\/06\/13\/lyon-la-fresque-du-climat-jeu-collectif-et-cooperatif\/"},"author":{"name":"R\u00e9dac. NEWS","@id":"https:\/\/newsestlyonnais.fr\/site\/#\/schema\/person\/3230d5615f390bb808365d673001e887"},"headline":"LYON | La fresque du climat > jeu collectif et coop\u00e9ratif","datePublished":"2021-06-13T07:05:39+00:00","mainEntityOfPage":{"@id":"https:\/\/newsestlyonnais.fr\/site\/2021\/06\/13\/lyon-la-fresque-du-climat-jeu-collectif-et-cooperatif\/"},"wordCount":162,"commentCount":0,"publisher":{"@id":"https:\/\/newsestlyonnais.fr\/site\/#organization"},"image":{"@id":"https:\/\/newsestlyonnais.fr\/site\/2021\/06\/13\/lyon-la-fresque-du-climat-jeu-collectif-et-cooperatif\/#primaryimage"},"thumbnailUrl":"https:\/\/newsestlyonnais.fr\/site\/wp-content\/uploads\/2021\/06\/carte-climat-p.jpg","keywords":["CLIMAT","La fresque du climat","LYON"],"articleSection":["Br\u00e8ves de l'Est lyonnais","Lyon","Nature | Environnement | Chasse"],"inLanguage":"fr-FR","potentialAction":[{"@type":"CommentAction","name":"Comment","target":["https:\/\/newsestlyonnais.fr\/site\/2021\/06\/13\/lyon-la-fresque-du-climat-jeu-collectif-et-cooperatif\/#respond"]}]},{"@type":"WebPage","@id":"https:\/\/newsestlyonnais.fr\/site\/2021\/06\/13\/lyon-la-fresque-du-climat-jeu-collectif-et-cooperatif\/","url":"https:\/\/newsestlyonnais.fr\/site\/2021\/06\/13\/lyon-la-fresque-du-climat-jeu-collectif-et-cooperatif\/","name":"LYON | La fresque du climat > jeu collectif et coop\u00e9ratif - News Est Lyonnais","isPartOf":{"@id":"https:\/\/newsestlyonnais.fr\/site\/#website"},"primaryImageOfPage":{"@id":"https:\/\/newsestlyonnais.fr\/site\/2021\/06\/13\/lyon-la-fresque-du-climat-jeu-collectif-et-cooperatif\/#primaryimage"},"image":{"@id":"https:\/\/newsestlyonnais.fr\/site\/2021\/06\/13\/lyon-la-fresque-du-climat-jeu-collectif-et-cooperatif\/#primaryimage"},"thumbnailUrl":"https:\/\/newsestlyonnais.fr\/site\/wp-content\/uploads\/2021\/06\/carte-climat-p.jpg","datePublished":"2021-06-13T07:05:39+00:00","description":"LYON | La fresque du climat > jeu collectif et coop\u00e9ratif","breadcrumb":{"@id":"https:\/\/newsestlyonnais.fr\/site\/2021\/06\/13\/lyon-la-fresque-du-climat-jeu-collectif-et-cooperatif\/#breadcrumb"},"inLanguage":"fr-FR","potentialAction":[{"@type":"ReadAction","target":["https:\/\/newsestlyonnais.fr\/site\/2021\/06\/13\/lyon-la-fresque-du-climat-jeu-collectif-et-cooperatif\/"]}]},{"@type":"ImageObject","inLanguage":"fr-FR","@id":"https:\/\/newsestlyonnais.fr\/site\/2021\/06\/13\/lyon-la-fresque-du-climat-jeu-collectif-et-cooperatif\/#primaryimage","url":"https:\/\/newsestlyonnais.fr\/site\/wp-content\/uploads\/2021\/06\/carte-climat-p.jpg","contentUrl":"https:\/\/newsestlyonnais.fr\/site\/wp-content\/uploads\/2021\/06\/carte-climat-p.jpg","width":700,"height":394},{"@type":"BreadcrumbList","@id":"https:\/\/newsestlyonnais.fr\/site\/2021\/06\/13\/lyon-la-fresque-du-climat-jeu-collectif-et-cooperatif\/#breadcrumb","itemListElement":[{"@type":"ListItem","position":1,"name":"Accueil","item":"https:\/\/newsestlyonnais.fr\/site\/"},{"@type":"ListItem","position":2,"name":"LYON | La fresque du climat > jeu collectif et coop\u00e9ratif"}]},{"@type":"WebSite","@id":"https:\/\/newsestlyonnais.fr\/site\/#website","url":"https:\/\/newsestlyonnais.fr\/site\/","name":"News Est Lyonnais","description":"L&#039;actualit\u00e9 au plus pr\u00e8s","publisher":{"@id":"https:\/\/newsestlyonnais.fr\/site\/#organization"},"potentialAction":[{"@type":"SearchAction","target":{"@type":"EntryPoint","urlTemplate":"https:\/\/newsestlyonnais.fr\/site\/?s={search_term_string}"},"query-input":{"@type":"PropertyValueSpecification","valueRequired":true,"valueName":"search_term_string"}}],"inLanguage":"fr-FR"},{"@type":"Organization","@id":"https:\/\/newsestlyonnais.fr\/site\/#organization","name":"News EST LYONNAIS","url":"https:\/\/newsestlyonnais.fr\/site\/","logo":{"@type":"ImageObject","inLanguage":"fr-FR","@id":"https:\/\/newsestlyonnais.fr\/site\/#\/schema\/logo\/image\/","url":"","contentUrl":"","caption":"News EST LYONNAIS"},"image":{"@id":"https:\/\/newsestlyonnais.fr\/site\/#\/schema\/logo\/image\/"}},{"@type":"Person","@id":"https:\/\/newsestlyonnais.fr\/site\/#\/schema\/person\/3230d5615f390bb808365d673001e887","name":"R\u00e9dac. NEWS","sameAs":["http:\/\/www.newsestlyonnais.fr","https:\/\/www.facebook.com\/pascal.oberson.1?fref=ts","https:\/\/fr.linkedin.com\/in\/pascal-oberson-b17045113"],"url":"https:\/\/newsestlyonnais.fr\/site\/author\/nel\/"}]}},"_links":{"self":[{"href":"https:\/\/newsestlyonnais.fr\/site\/wp-json\/wp\/v2\/posts\/132003","targetHints":{"allow":["GET"]}}],"collection":[{"href":"https:\/\/newsestlyonnais.fr\/site\/wp-json\/wp\/v2\/posts"}],"about":[{"href":"https:\/\/newsestlyonnais.fr\/site\/wp-json\/wp\/v2\/types\/post"}],"author":[{"embeddable":true,"href":"https:\/\/newsestlyonnais.fr\/site\/wp-json\/wp\/v2\/users\/4"}],"replies":[{"embeddable":true,"href":"https:\/\/newsestlyonnais.fr\/site\/wp-json\/wp\/v2\/comments?post=132003"}],"version-history":[{"count":0,"href":"https:\/\/newsestlyonnais.fr\/site\/wp-json\/wp\/v2\/posts\/132003\/revisions"}],"wp:featuredmedia":[{"embeddable":true,"href":"https:\/\/newsestlyonnais.fr\/site\/wp-json\/wp\/v2\/media\/132009"}],"wp:attachment":[{"href":"https:\/\/newsestlyonnais.fr\/site\/wp-json\/wp\/v2\/media?parent=132003"}],"wp:term":[{"taxonomy":"category","embeddable":true,"href":"https:\/\/newsestlyonnais.fr\/site\/wp-json\/wp\/v2\/categories?post=132003"},{"taxonomy":"post_tag","embeddable":true,"href":"https:\/\/newsestlyonnais.fr\/site\/wp-json\/wp\/v2\/tags?post=132003"}],"curies":[{"name":"wp","href":"https:\/\/api.w.org\/{rel}","templated":true}]}}