{"id":132084,"date":"2021-06-15T05:45:25","date_gmt":"2021-06-15T04:45:25","guid":{"rendered":"https:\/\/newsestlyonnais.fr\/site\/?p=132084"},"modified":"2021-06-15T05:45:25","modified_gmt":"2021-06-15T04:45:25","slug":"bron-canicule-la-ville-prend-soin-de-ses-seniors","status":"publish","type":"post","link":"https:\/\/newsestlyonnais.fr\/site\/2021\/06\/15\/bron-canicule-la-ville-prend-soin-de-ses-seniors\/","title":{"rendered":"BRON | Canicule > la Ville prend soin de ses seniors"},"content":{"rendered":"<p><span id=\"page81R_mcid3\" class=\"markedContent\"><span dir=\"ltr\">Ceci afin de garantir une prise en charge des <\/span><\/span><span id=\"page81R_mcid4\" class=\"markedContent\"><\/span><span id=\"page81R_mcid5\" class=\"markedContent\"><span dir=\"ltr\">seniors. Les habitants peuvent s\u2019inscrire ou inscrire leurs proches. <\/span><\/span><strong><span id=\"page81R_mcid6\" class=\"markedContent\"><span dir=\"ltr\">Nouveau, la Ville lance cette ann\u00e9e des actions rafra\u00eechissantes !<\/span><\/span><\/strong><\/p>\n<p><span id=\"page81R_mcid7\" class=\"markedContent\"><span dir=\"ltr\"><span style=\"text-decoration: underline;\"><strong>D<\/strong><strong>\u00e8s \u00e0 pr\u00e9sent, les Brondillants de 65 ans et plus et les personnes <\/strong><\/span><\/span><\/span><span style=\"text-decoration: underline;\"><strong><span id=\"page81R_mcid8\" class=\"markedContent\"><\/span><span id=\"page81R_mcid9\" class=\"markedContent\"><span dir=\"ltr\">vuln\u00e9rables, isol\u00e9es, fragiles, en situation de handicap ou de <\/span><\/span><span id=\"page81R_mcid10\" class=\"markedContent\"><\/span><\/strong><\/span><span id=\"page81R_mcid11\" class=\"markedContent\"><span dir=\"ltr\"><span style=\"text-decoration: underline;\"><strong>pr\u00e9carit\u00e9, peuvent s\u2019inscrire \u2014 ou se faire inscrire<\/strong> <\/span>\u2014 sur le <\/span><\/span><span id=\"page81R_mcid12\" class=\"markedContent\"><\/span><span id=\"page81R_mcid13\" class=\"markedContent\"><span dir=\"ltr\">registre communal du CCAS : t\u00e9l\u00e9chargement d\u2019un formulaire sur <\/span><\/span><span id=\"page81R_mcid14\" class=\"markedContent\"><span dir=\"ltr\"><span style=\"color: #0000ff;\"><a style=\"color: #0000ff;\" href=\"http:\/\/www.ville-bron.fr\">www.ville-bron.fr<\/a><\/span>, demande au CCAS sur place \u00e0 l\u2019Espace Roger <\/span><\/span><span id=\"page81R_mcid15\" class=\"markedContent\"><\/span><span id=\"page81R_mcid16\" class=\"markedContent\"><span dir=\"ltr\">Pestourie (place du 11 novembre 1918) ou par t\u00e9l\u00e9phone au <\/span><\/span><span id=\"page81R_mcid17\" class=\"markedContent\"><\/span><span id=\"page81R_mcid18\" class=\"markedContent\"><span dir=\"ltr\">04 72 36 13 71 avec enregistrement des pr\u00e9inscriptions et envoi du <\/span><\/span><span id=\"page81R_mcid19\" class=\"markedContent\"><\/span><span id=\"page81R_mcid20\" class=\"markedContent\"><span dir=\"ltr\">formulaire par courrier. <\/span><\/span><\/p>\n<hr \/>\n<p><span id=\"page81R_mcid20\" class=\"markedContent\"><span dir=\"ltr\"><strong>En cas d\u2019alerte canicule de niveau 3 (orange)<\/strong>, <\/span><\/span><span id=\"page81R_mcid21\" class=\"markedContent\"><\/span><span id=\"page81R_mcid22\" class=\"markedContent\"><span dir=\"ltr\">un suivi attentif sera activ\u00e9 (appels t\u00e9l\u00e9phoniques r\u00e9guliers, <\/span><\/span><span id=\"page81R_mcid23\" class=\"markedContent\"><\/span><span id=\"page81R_mcid24\" class=\"markedContent\"><span dir=\"ltr\">accompagnement adapt\u00e9, mise \u00e0 disposition de lieux municipaux <\/span><\/span><span id=\"page81R_mcid25\" class=\"markedContent\"><\/span><span id=\"page81R_mcid26\" class=\"markedContent\"><span dir=\"ltr\">rafra\u00eechis&#8230;). Il est possible de suivre les \u00e9pisodes de canicule en s\u2019abon<\/span><\/span><span id=\"page81R_mcid27\" class=\"markedContent\"><\/span><span id=\"page81R_mcid28\" class=\"markedContent\"><span dir=\"ltr\">nant aux \u201cAlertes SMS\u201c sur inscription gratuite sur <span style=\"color: #0000ff;\"><a style=\"color: #0000ff;\" href=\"http:\/\/www.ville-bron.fr\">www.ville-bron.fr<\/a><\/span>. <\/span><\/span><span id=\"page81R_mcid29\" class=\"markedContent\"><span dir=\"ltr\">Pour rappel, on parle d\u2019\u00e9pisode caniculaire si, pendant 3 jours au moins, <\/span><\/span><span id=\"page81R_mcid30\" class=\"markedContent\"><span dir=\"ltr\">les temp\u00e9ratures minimales, en particulier la nuit, sont au-dessus de <\/span><\/span><span id=\"page81R_mcid31\" class=\"markedContent\"><span dir=\"ltr\">20\u00b0C et les maximales sup\u00e9rieures \u00e0 33 \u00b0C.<\/span><\/span><\/p>\n<hr \/>\n<p><strong><span id=\"page81R_mcid32\" class=\"markedContent\"><span dir=\"ltr\">Nouveau, en juillet, un agent de pr\u00e9vention, en triporteur <\/span><\/span><span id=\"page81R_mcid33\" class=\"markedContent\"><\/span><span id=\"page81R_mcid34\" class=\"markedContent\"><span dir=\"ltr\">\u00e9lectrique, viendra \u00e0 la rencontre des habitants, notamment des <\/span><\/span><\/strong><span id=\"page81R_mcid35\" class=\"markedContent\"><span dir=\"ltr\"><strong>seniors, dans divers lieux de Bron<\/strong> (boulangeries, pharmacies, <\/span><\/span><span id=\"page81R_mcid36\" class=\"markedContent\"><\/span><span id=\"page81R_mcid37\" class=\"markedContent\"><span dir=\"ltr\">associations caritatives, Postes&#8230;) pour sensibiliser aux bons gestes et <\/span><\/span><span id=\"page81R_mcid38\" class=\"markedContent\"><span dir=\"ltr\">offrir un verre d\u2019eau ! <\/span><\/span><\/p>\n<p><span id=\"page81R_mcid38\" class=\"markedContent\"><span dir=\"ltr\"><strong>Enfin, du 15 juin au 15 septembre, <\/strong><\/span><\/span><strong><span id=\"page81R_mcid39\" class=\"markedContent\"><\/span><span id=\"page81R_mcid40\" class=\"markedContent\"><span dir=\"ltr\">les b\u00e9n\u00e9ficiaires du portage de repas de plus de 65 ans, <\/span><\/span><span id=\"page81R_mcid41\" class=\"markedContent\"><\/span><span id=\"page81R_mcid42\" class=\"markedContent\"><span dir=\"ltr\">recevront une bouteille d\u2019eau avec leur repas<\/span><\/span>.<\/strong><\/p>\n<hr \/>\n<p><em><strong>&gt; Source : communiqu\u00e9 de la Ville de Bron<\/strong><\/em><\/p>\n","protected":false},"excerpt":{"rendered":"<p>Comme l\u2019\u00e9t\u00e9 promet d\u2019\u00eatre chaud jusqu\u2019au 15 septembre, le CCAS de la Ville active le dispositif d\u2019aide en cas \u201cd\u2019alerte canicule\u201d.<\/p>\n","protected":false},"author":4,"featured_media":121938,"comment_status":"open","ping_status":"open","sticky":false,"template":"","format":"standard","meta":{"footnotes":""},"categories":[2217,19,1219,18],"tags":[2072,2916,2131],"class_list":["post-132084","post","type-post","status-publish","format-standard","has-post-thumbnail","hentry","category-breves-de-lest-lyonnais","category-bron","category-religion-seniors-souvenir","category-sante-bien-etre-solidarite","tag-bron","tag-canicule","tag-seniors"],"yoast_head":"<!-- This site is optimized with the Yoast SEO plugin v27.2 - https:\/\/yoast.com\/product\/yoast-seo-wordpress\/ -->\n<title>BRON | Canicule &gt; la Ville prend soin de ses seniors - News Est Lyonnais<\/title>\n<meta name=\"description\" content=\"BRON | Canicule &gt; la Ville prend soin de ses seniors\" \/>\n<meta name=\"robots\" content=\"index, follow, max-snippet:-1, max-image-preview:large, max-video-preview:-1\" \/>\n<link rel=\"canonical\" href=\"https:\/\/newsestlyonnais.fr\/site\/2021\/06\/15\/bron-canicule-la-ville-prend-soin-de-ses-seniors\/\" \/>\n<meta property=\"og:locale\" content=\"fr_FR\" \/>\n<meta property=\"og:type\" content=\"article\" \/>\n<meta property=\"og:title\" content=\"BRON | Canicule &gt; la Ville prend soin de ses seniors - News Est Lyonnais\" \/>\n<meta property=\"og:description\" content=\"BRON | Canicule &gt; la Ville prend soin de ses seniors\" \/>\n<meta property=\"og:url\" content=\"https:\/\/newsestlyonnais.fr\/site\/2021\/06\/15\/bron-canicule-la-ville-prend-soin-de-ses-seniors\/\" \/>\n<meta property=\"og:site_name\" content=\"News Est Lyonnais\" \/>\n<meta property=\"article:author\" content=\"https:\/\/www.facebook.com\/pascal.oberson.1?fref=ts\" \/>\n<meta property=\"article:published_time\" content=\"2021-06-15T04:45:25+00:00\" \/>\n<meta property=\"og:image\" content=\"https:\/\/i1.wp.com\/newsestlyonnais.fr\/site\/wp-content\/uploads\/2021\/01\/bron.jpg?fit=622%2C369&ssl=1\" \/>\n\t<meta property=\"og:image:width\" content=\"622\" \/>\n\t<meta property=\"og:image:height\" content=\"369\" \/>\n\t<meta property=\"og:image:type\" content=\"image\/jpeg\" \/>\n<meta name=\"author\" content=\"R\u00e9dac. NEWS\" \/>\n<meta name=\"twitter:card\" content=\"summary_large_image\" \/>\n<meta name=\"twitter:label1\" content=\"\u00c9crit par\" \/>\n\t<meta name=\"twitter:data1\" content=\"R\u00e9dac. NEWS\" \/>\n\t<meta name=\"twitter:label2\" content=\"Dur\u00e9e de lecture estim\u00e9e\" \/>\n\t<meta name=\"twitter:data2\" content=\"2 minutes\" \/>\n<script type=\"application\/ld+json\" class=\"yoast-schema-graph\">{\"@context\":\"https:\/\/schema.org\",\"@graph\":[{\"@type\":\"Article\",\"@id\":\"https:\/\/newsestlyonnais.fr\/site\/2021\/06\/15\/bron-canicule-la-ville-prend-soin-de-ses-seniors\/#article\",\"isPartOf\":{\"@id\":\"https:\/\/newsestlyonnais.fr\/site\/2021\/06\/15\/bron-canicule-la-ville-prend-soin-de-ses-seniors\/\"},\"author\":{\"name\":\"R\u00e9dac. NEWS\",\"@id\":\"https:\/\/newsestlyonnais.fr\/site\/#\/schema\/person\/3230d5615f390bb808365d673001e887\"},\"headline\":\"BRON | Canicule > la Ville prend soin de ses seniors\",\"datePublished\":\"2021-06-15T04:45:25+00:00\",\"mainEntityOfPage\":{\"@id\":\"https:\/\/newsestlyonnais.fr\/site\/2021\/06\/15\/bron-canicule-la-ville-prend-soin-de-ses-seniors\/\"},\"wordCount\":271,\"commentCount\":0,\"publisher\":{\"@id\":\"https:\/\/newsestlyonnais.fr\/site\/#organization\"},\"image\":{\"@id\":\"https:\/\/newsestlyonnais.fr\/site\/2021\/06\/15\/bron-canicule-la-ville-prend-soin-de-ses-seniors\/#primaryimage\"},\"thumbnailUrl\":\"https:\/\/newsestlyonnais.fr\/site\/wp-content\/uploads\/2021\/01\/bron.jpg\",\"keywords\":[\"BRON\",\"CANICULE\",\"SENIORS\"],\"articleSection\":[\"Br\u00e8ves de l'Est lyonnais\",\"Bron\",\"Religion | Seniors | Souvenir\",\"Sant\u00e9 | Bien Etre | Solidarit\u00e9\"],\"inLanguage\":\"fr-FR\",\"potentialAction\":[{\"@type\":\"CommentAction\",\"name\":\"Comment\",\"target\":[\"https:\/\/newsestlyonnais.fr\/site\/2021\/06\/15\/bron-canicule-la-ville-prend-soin-de-ses-seniors\/#respond\"]}]},{\"@type\":\"WebPage\",\"@id\":\"https:\/\/newsestlyonnais.fr\/site\/2021\/06\/15\/bron-canicule-la-ville-prend-soin-de-ses-seniors\/\",\"url\":\"https:\/\/newsestlyonnais.fr\/site\/2021\/06\/15\/bron-canicule-la-ville-prend-soin-de-ses-seniors\/\",\"name\":\"BRON | Canicule > la Ville prend soin de ses seniors - News Est Lyonnais\",\"isPartOf\":{\"@id\":\"https:\/\/newsestlyonnais.fr\/site\/#website\"},\"primaryImageOfPage\":{\"@id\":\"https:\/\/newsestlyonnais.fr\/site\/2021\/06\/15\/bron-canicule-la-ville-prend-soin-de-ses-seniors\/#primaryimage\"},\"image\":{\"@id\":\"https:\/\/newsestlyonnais.fr\/site\/2021\/06\/15\/bron-canicule-la-ville-prend-soin-de-ses-seniors\/#primaryimage\"},\"thumbnailUrl\":\"https:\/\/newsestlyonnais.fr\/site\/wp-content\/uploads\/2021\/01\/bron.jpg\",\"datePublished\":\"2021-06-15T04:45:25+00:00\",\"description\":\"BRON | Canicule > la Ville prend soin de ses seniors\",\"breadcrumb\":{\"@id\":\"https:\/\/newsestlyonnais.fr\/site\/2021\/06\/15\/bron-canicule-la-ville-prend-soin-de-ses-seniors\/#breadcrumb\"},\"inLanguage\":\"fr-FR\",\"potentialAction\":[{\"@type\":\"ReadAction\",\"target\":[\"https:\/\/newsestlyonnais.fr\/site\/2021\/06\/15\/bron-canicule-la-ville-prend-soin-de-ses-seniors\/\"]}]},{\"@type\":\"ImageObject\",\"inLanguage\":\"fr-FR\",\"@id\":\"https:\/\/newsestlyonnais.fr\/site\/2021\/06\/15\/bron-canicule-la-ville-prend-soin-de-ses-seniors\/#primaryimage\",\"url\":\"https:\/\/newsestlyonnais.fr\/site\/wp-content\/uploads\/2021\/01\/bron.jpg\",\"contentUrl\":\"https:\/\/newsestlyonnais.fr\/site\/wp-content\/uploads\/2021\/01\/bron.jpg\",\"width\":622,\"height\":369},{\"@type\":\"BreadcrumbList\",\"@id\":\"https:\/\/newsestlyonnais.fr\/site\/2021\/06\/15\/bron-canicule-la-ville-prend-soin-de-ses-seniors\/#breadcrumb\",\"itemListElement\":[{\"@type\":\"ListItem\",\"position\":1,\"name\":\"Accueil\",\"item\":\"https:\/\/newsestlyonnais.fr\/site\/\"},{\"@type\":\"ListItem\",\"position\":2,\"name\":\"BRON | Canicule > la Ville prend soin de ses seniors\"}]},{\"@type\":\"WebSite\",\"@id\":\"https:\/\/newsestlyonnais.fr\/site\/#website\",\"url\":\"https:\/\/newsestlyonnais.fr\/site\/\",\"name\":\"News Est Lyonnais\",\"description\":\"L&#039;actualit\u00e9 au plus pr\u00e8s\",\"publisher\":{\"@id\":\"https:\/\/newsestlyonnais.fr\/site\/#organization\"},\"potentialAction\":[{\"@type\":\"SearchAction\",\"target\":{\"@type\":\"EntryPoint\",\"urlTemplate\":\"https:\/\/newsestlyonnais.fr\/site\/?s={search_term_string}\"},\"query-input\":{\"@type\":\"PropertyValueSpecification\",\"valueRequired\":true,\"valueName\":\"search_term_string\"}}],\"inLanguage\":\"fr-FR\"},{\"@type\":\"Organization\",\"@id\":\"https:\/\/newsestlyonnais.fr\/site\/#organization\",\"name\":\"News EST LYONNAIS\",\"url\":\"https:\/\/newsestlyonnais.fr\/site\/\",\"logo\":{\"@type\":\"ImageObject\",\"inLanguage\":\"fr-FR\",\"@id\":\"https:\/\/newsestlyonnais.fr\/site\/#\/schema\/logo\/image\/\",\"url\":\"\",\"contentUrl\":\"\",\"caption\":\"News EST LYONNAIS\"},\"image\":{\"@id\":\"https:\/\/newsestlyonnais.fr\/site\/#\/schema\/logo\/image\/\"}},{\"@type\":\"Person\",\"@id\":\"https:\/\/newsestlyonnais.fr\/site\/#\/schema\/person\/3230d5615f390bb808365d673001e887\",\"name\":\"R\u00e9dac. NEWS\",\"sameAs\":[\"http:\/\/www.newsestlyonnais.fr\",\"https:\/\/www.facebook.com\/pascal.oberson.1?fref=ts\",\"https:\/\/fr.linkedin.com\/in\/pascal-oberson-b17045113\"],\"url\":\"https:\/\/newsestlyonnais.fr\/site\/author\/nel\/\"}]}<\/script>\n<!-- \/ Yoast SEO plugin. -->","yoast_head_json":{"title":"BRON | Canicule > la Ville prend soin de ses seniors - News Est Lyonnais","description":"BRON | Canicule > la Ville prend soin de ses seniors","robots":{"index":"index","follow":"follow","max-snippet":"max-snippet:-1","max-image-preview":"max-image-preview:large","max-video-preview":"max-video-preview:-1"},"canonical":"https:\/\/newsestlyonnais.fr\/site\/2021\/06\/15\/bron-canicule-la-ville-prend-soin-de-ses-seniors\/","og_locale":"fr_FR","og_type":"article","og_title":"BRON | Canicule > la Ville prend soin de ses seniors - News Est Lyonnais","og_description":"BRON | Canicule > la Ville prend soin de ses seniors","og_url":"https:\/\/newsestlyonnais.fr\/site\/2021\/06\/15\/bron-canicule-la-ville-prend-soin-de-ses-seniors\/","og_site_name":"News Est Lyonnais","article_author":"https:\/\/www.facebook.com\/pascal.oberson.1?fref=ts","article_published_time":"2021-06-15T04:45:25+00:00","og_image":[{"width":622,"height":369,"url":"https:\/\/i1.wp.com\/newsestlyonnais.fr\/site\/wp-content\/uploads\/2021\/01\/bron.jpg?fit=622%2C369&ssl=1","type":"image\/jpeg"}],"author":"R\u00e9dac. NEWS","twitter_card":"summary_large_image","twitter_misc":{"\u00c9crit par":"R\u00e9dac. NEWS","Dur\u00e9e de lecture estim\u00e9e":"2 minutes"},"schema":{"@context":"https:\/\/schema.org","@graph":[{"@type":"Article","@id":"https:\/\/newsestlyonnais.fr\/site\/2021\/06\/15\/bron-canicule-la-ville-prend-soin-de-ses-seniors\/#article","isPartOf":{"@id":"https:\/\/newsestlyonnais.fr\/site\/2021\/06\/15\/bron-canicule-la-ville-prend-soin-de-ses-seniors\/"},"author":{"name":"R\u00e9dac. NEWS","@id":"https:\/\/newsestlyonnais.fr\/site\/#\/schema\/person\/3230d5615f390bb808365d673001e887"},"headline":"BRON | Canicule > la Ville prend soin de ses seniors","datePublished":"2021-06-15T04:45:25+00:00","mainEntityOfPage":{"@id":"https:\/\/newsestlyonnais.fr\/site\/2021\/06\/15\/bron-canicule-la-ville-prend-soin-de-ses-seniors\/"},"wordCount":271,"commentCount":0,"publisher":{"@id":"https:\/\/newsestlyonnais.fr\/site\/#organization"},"image":{"@id":"https:\/\/newsestlyonnais.fr\/site\/2021\/06\/15\/bron-canicule-la-ville-prend-soin-de-ses-seniors\/#primaryimage"},"thumbnailUrl":"https:\/\/newsestlyonnais.fr\/site\/wp-content\/uploads\/2021\/01\/bron.jpg","keywords":["BRON","CANICULE","SENIORS"],"articleSection":["Br\u00e8ves de l'Est lyonnais","Bron","Religion | Seniors | Souvenir","Sant\u00e9 | Bien Etre | Solidarit\u00e9"],"inLanguage":"fr-FR","potentialAction":[{"@type":"CommentAction","name":"Comment","target":["https:\/\/newsestlyonnais.fr\/site\/2021\/06\/15\/bron-canicule-la-ville-prend-soin-de-ses-seniors\/#respond"]}]},{"@type":"WebPage","@id":"https:\/\/newsestlyonnais.fr\/site\/2021\/06\/15\/bron-canicule-la-ville-prend-soin-de-ses-seniors\/","url":"https:\/\/newsestlyonnais.fr\/site\/2021\/06\/15\/bron-canicule-la-ville-prend-soin-de-ses-seniors\/","name":"BRON | Canicule > la Ville prend soin de ses seniors - News Est Lyonnais","isPartOf":{"@id":"https:\/\/newsestlyonnais.fr\/site\/#website"},"primaryImageOfPage":{"@id":"https:\/\/newsestlyonnais.fr\/site\/2021\/06\/15\/bron-canicule-la-ville-prend-soin-de-ses-seniors\/#primaryimage"},"image":{"@id":"https:\/\/newsestlyonnais.fr\/site\/2021\/06\/15\/bron-canicule-la-ville-prend-soin-de-ses-seniors\/#primaryimage"},"thumbnailUrl":"https:\/\/newsestlyonnais.fr\/site\/wp-content\/uploads\/2021\/01\/bron.jpg","datePublished":"2021-06-15T04:45:25+00:00","description":"BRON | Canicule > la Ville prend soin de ses seniors","breadcrumb":{"@id":"https:\/\/newsestlyonnais.fr\/site\/2021\/06\/15\/bron-canicule-la-ville-prend-soin-de-ses-seniors\/#breadcrumb"},"inLanguage":"fr-FR","potentialAction":[{"@type":"ReadAction","target":["https:\/\/newsestlyonnais.fr\/site\/2021\/06\/15\/bron-canicule-la-ville-prend-soin-de-ses-seniors\/"]}]},{"@type":"ImageObject","inLanguage":"fr-FR","@id":"https:\/\/newsestlyonnais.fr\/site\/2021\/06\/15\/bron-canicule-la-ville-prend-soin-de-ses-seniors\/#primaryimage","url":"https:\/\/newsestlyonnais.fr\/site\/wp-content\/uploads\/2021\/01\/bron.jpg","contentUrl":"https:\/\/newsestlyonnais.fr\/site\/wp-content\/uploads\/2021\/01\/bron.jpg","width":622,"height":369},{"@type":"BreadcrumbList","@id":"https:\/\/newsestlyonnais.fr\/site\/2021\/06\/15\/bron-canicule-la-ville-prend-soin-de-ses-seniors\/#breadcrumb","itemListElement":[{"@type":"ListItem","position":1,"name":"Accueil","item":"https:\/\/newsestlyonnais.fr\/site\/"},{"@type":"ListItem","position":2,"name":"BRON | Canicule > la Ville prend soin de ses seniors"}]},{"@type":"WebSite","@id":"https:\/\/newsestlyonnais.fr\/site\/#website","url":"https:\/\/newsestlyonnais.fr\/site\/","name":"News Est Lyonnais","description":"L&#039;actualit\u00e9 au plus pr\u00e8s","publisher":{"@id":"https:\/\/newsestlyonnais.fr\/site\/#organization"},"potentialAction":[{"@type":"SearchAction","target":{"@type":"EntryPoint","urlTemplate":"https:\/\/newsestlyonnais.fr\/site\/?s={search_term_string}"},"query-input":{"@type":"PropertyValueSpecification","valueRequired":true,"valueName":"search_term_string"}}],"inLanguage":"fr-FR"},{"@type":"Organization","@id":"https:\/\/newsestlyonnais.fr\/site\/#organization","name":"News EST LYONNAIS","url":"https:\/\/newsestlyonnais.fr\/site\/","logo":{"@type":"ImageObject","inLanguage":"fr-FR","@id":"https:\/\/newsestlyonnais.fr\/site\/#\/schema\/logo\/image\/","url":"","contentUrl":"","caption":"News EST LYONNAIS"},"image":{"@id":"https:\/\/newsestlyonnais.fr\/site\/#\/schema\/logo\/image\/"}},{"@type":"Person","@id":"https:\/\/newsestlyonnais.fr\/site\/#\/schema\/person\/3230d5615f390bb808365d673001e887","name":"R\u00e9dac. NEWS","sameAs":["http:\/\/www.newsestlyonnais.fr","https:\/\/www.facebook.com\/pascal.oberson.1?fref=ts","https:\/\/fr.linkedin.com\/in\/pascal-oberson-b17045113"],"url":"https:\/\/newsestlyonnais.fr\/site\/author\/nel\/"}]}},"_links":{"self":[{"href":"https:\/\/newsestlyonnais.fr\/site\/wp-json\/wp\/v2\/posts\/132084","targetHints":{"allow":["GET"]}}],"collection":[{"href":"https:\/\/newsestlyonnais.fr\/site\/wp-json\/wp\/v2\/posts"}],"about":[{"href":"https:\/\/newsestlyonnais.fr\/site\/wp-json\/wp\/v2\/types\/post"}],"author":[{"embeddable":true,"href":"https:\/\/newsestlyonnais.fr\/site\/wp-json\/wp\/v2\/users\/4"}],"replies":[{"embeddable":true,"href":"https:\/\/newsestlyonnais.fr\/site\/wp-json\/wp\/v2\/comments?post=132084"}],"version-history":[{"count":0,"href":"https:\/\/newsestlyonnais.fr\/site\/wp-json\/wp\/v2\/posts\/132084\/revisions"}],"wp:featuredmedia":[{"embeddable":true,"href":"https:\/\/newsestlyonnais.fr\/site\/wp-json\/wp\/v2\/media\/121938"}],"wp:attachment":[{"href":"https:\/\/newsestlyonnais.fr\/site\/wp-json\/wp\/v2\/media?parent=132084"}],"wp:term":[{"taxonomy":"category","embeddable":true,"href":"https:\/\/newsestlyonnais.fr\/site\/wp-json\/wp\/v2\/categories?post=132084"},{"taxonomy":"post_tag","embeddable":true,"href":"https:\/\/newsestlyonnais.fr\/site\/wp-json\/wp\/v2\/tags?post=132084"}],"curies":[{"name":"wp","href":"https:\/\/api.w.org\/{rel}","templated":true}]}}