{"id":132154,"date":"2021-06-15T16:35:33","date_gmt":"2021-06-15T15:35:33","guid":{"rendered":"https:\/\/newsestlyonnais.fr\/site\/?p=132154"},"modified":"2021-06-15T16:35:33","modified_gmt":"2021-06-15T15:35:33","slug":"transports-pic-de-pollution-le-sytral-deploie-tickair","status":"publish","type":"post","link":"https:\/\/newsestlyonnais.fr\/site\/2021\/06\/15\/transports-pic-de-pollution-le-sytral-deploie-tickair\/","title":{"rendered":"Transports | Pic de pollution > le Sytral d\u00e9ploie TICK\u2019AIR"},"content":{"rendered":"<p><span id=\"page3R_mcid6\" class=\"markedContent\">Ceci <span dir=\"ltr\">visant <\/span><span dir=\"ltr\">notamment \u00e0 li<\/span><span dir=\"ltr\">miter la pollution de l\u2019air <\/span><span dir=\"ltr\">li\u00e9e au trafic automobile<\/span><span dir=\"ltr\">. <\/span><\/span><span id=\"page3R_mcid7\" class=\"markedContent\"><\/span><span id=\"page3R_mcid8\" class=\"markedContent\"><\/span><strong><span id=\"page3R_mcid9\" class=\"markedContent\"><span dir=\"ltr\">A partir de demain mercredi, la circulation diff\u00e9renci\u00e9e sera instaur\u00e9e \u00e0 Lyon, Villeurbanne et Caluire<\/span><\/span><span id=\"page3R_mcid10\" class=\"markedContent\"><span dir=\"ltr\">&#8211;<\/span><\/span><span id=\"page3R_mcid11\" class=\"markedContent\"><span dir=\"ltr\">et<\/span><\/span><span id=\"page3R_mcid12\" class=\"markedContent\"><span dir=\"ltr\">&#8211;<\/span><\/span><span id=\"page3R_mcid13\" class=\"markedContent\"><span dir=\"ltr\">Cuire<\/span><\/span><\/strong><span id=\"page3R_mcid14\" class=\"markedContent\"><span dir=\"ltr\">.<\/span><\/span><\/p>\n<p><strong><span id=\"page3R_mcid14\" class=\"markedContent\"><span dir=\"ltr\"> Seuls les v\u00e9hicul<\/span><\/span><\/strong><span id=\"page3R_mcid15\" class=\"markedContent\"><span dir=\"ltr\"><strong>es disposant d\u2019une vignette Crit&rsquo;Air 0, 1, 2 ou 3 pourront circuler<\/strong>. <\/span><\/span><span id=\"page3R_mcid16\" class=\"markedContent\"><\/span><span id=\"page3R_mcid17\" class=\"markedContent\"><\/span><span id=\"page3R_mcid18\" class=\"markedContent\"><span dir=\"ltr\">A<\/span><span dir=\"ltr\">fin d\u2019<\/span><span dir=\"ltr\">accompagner le d\u00e9ploiement de ces mesures <\/span><span dir=\"ltr\">compl\u00e9mentaires<\/span><span dir=\"ltr\">, le pr\u00e9sident du SYTRAL, <\/span><span dir=\"ltr\">Bruno Bernard, <\/span><span dir=\"ltr\">d\u00e9clare : <\/span><span dir=\"ltr\">\u00ab <\/span><span dir=\"ltr\">La lutte contre la pollution est au c\u0153ur des priorit\u00e9s du SYTRAL. <\/span><span dir=\"ltr\">Nous d\u00e9ployons <\/span><span dir=\"ltr\">d\u00e8s demain matin <\/span><span dir=\"ltr\">un dispositif adapt\u00e9 avec la mise en place du Tick\u2019Air <\/span><span dir=\"ltr\">permettant de voyager toute la <\/span><span dir=\"ltr\">j<\/span><span dir=\"ltr\">ourn\u00e9e sur l<\/span><span dir=\"ltr\">\u2019<\/span><span dir=\"ltr\">ensemble <\/span><span dir=\"ltr\">du r\u00e9seau TCL <\/span><span dir=\"ltr\">afin d\u2019<\/span><span dir=\"ltr\">inciter le plus <\/span><span dir=\"ltr\">grand nombre \u00e0 emprunter les tran<\/span><span dir=\"ltr\">sports <\/span><span dir=\"ltr\">en commun <\/span><span dir=\"ltr\">\u00bb.<\/span><\/span><\/p>\n<hr \/>\n<p><span id=\"page3R_mcid19\" class=\"markedContent\"><strong><span dir=\"ltr\">Tick\u2019Air<\/span><span dir=\"ltr\">, <\/span><span dir=\"ltr\">titre de <\/span><\/strong><span dir=\"ltr\"><strong>transport propos\u00e9 au prix de 3 \u20ac<\/strong>, <\/span><span dir=\"ltr\">s<\/span><span dir=\"ltr\">era <\/span><span dir=\"ltr\">dispon<\/span><span dir=\"ltr\">ible dans les distributeurs TCL <\/span><span dir=\"ltr\">et <\/span><span dir=\"ltr\">les agences commerc<\/span><span dir=\"ltr\">iales, ainsi qu\u2019<\/span><span dir=\"ltr\">en version d\u00e9mat\u00e9rialis\u00e9e <\/span><span dir=\"ltr\">sur <\/span><span dir=\"ltr\">smartphone <\/span><span dir=\"ltr\">via <\/span><span dir=\"ltr\">l\u2019<\/span><span dir=\"ltr\">application <\/span><span dir=\"ltr\">TCL E<\/span><span dir=\"ltr\">&#8211;<\/span><span dir=\"ltr\">Ticket <\/span><span dir=\"ltr\">(sur Google Play Store).<\/span><\/span><\/p>\n<hr \/>\n<hr \/>\n<p>&nbsp;<\/p>\n","protected":false},"excerpt":{"rendered":"<p>Au regard de l\u2019\u00e9pisode de pic pollution aux particules fines que traverse le bassin lyonnais\/Nord-Is\u00e8re, la Pr\u00e9fecture du Rh\u00f4ne d\u00e9clenche une s\u00e9rie de mesures.<\/p>\n","protected":false},"author":4,"featured_media":118325,"comment_status":"open","ping_status":"open","sticky":false,"template":"","format":"standard","meta":{"footnotes":""},"categories":[3009,2217,1620,1625,3010,13,29],"tags":[2406,2455,2050],"class_list":["post-132154","post","type-post","status-publish","format-standard","has-post-thumbnail","hentry","category-autos-motos","category-breves-de-lest-lyonnais","category-caluire","category-lyon","category-nature-environnement-culture-et-loisirs","category-transports-circulation","category-villeurbanne","tag-pollution","tag-sytral","tag-transports"],"yoast_head":"<!-- This site is optimized with the Yoast SEO plugin v27.2 - https:\/\/yoast.com\/product\/yoast-seo-wordpress\/ -->\n<title>Transports | Pic de pollution &gt; le Sytral d\u00e9ploie TICK\u2019AIR - News Est Lyonnais<\/title>\n<meta name=\"description\" content=\"TRANSPORTS | Pic de pollution &gt; le Sytral d\u00e9ploie TICK\u2019AIR\" \/>\n<meta name=\"robots\" content=\"index, follow, max-snippet:-1, max-image-preview:large, max-video-preview:-1\" \/>\n<link rel=\"canonical\" href=\"https:\/\/newsestlyonnais.fr\/site\/2021\/06\/15\/transports-pic-de-pollution-le-sytral-deploie-tickair\/\" \/>\n<meta property=\"og:locale\" content=\"fr_FR\" \/>\n<meta property=\"og:type\" content=\"article\" \/>\n<meta property=\"og:title\" content=\"Transports | Pic de pollution &gt; le Sytral d\u00e9ploie TICK\u2019AIR - News Est Lyonnais\" \/>\n<meta property=\"og:description\" content=\"TRANSPORTS | Pic de pollution &gt; le Sytral d\u00e9ploie TICK\u2019AIR\" \/>\n<meta property=\"og:url\" content=\"https:\/\/newsestlyonnais.fr\/site\/2021\/06\/15\/transports-pic-de-pollution-le-sytral-deploie-tickair\/\" \/>\n<meta property=\"og:site_name\" content=\"News Est Lyonnais\" \/>\n<meta property=\"article:author\" content=\"https:\/\/www.facebook.com\/pascal.oberson.1?fref=ts\" \/>\n<meta property=\"article:published_time\" content=\"2021-06-15T15:35:33+00:00\" \/>\n<meta property=\"og:image\" content=\"https:\/\/i0.wp.com\/newsestlyonnais.fr\/site\/wp-content\/uploads\/2020\/11\/NEWSESTLYONNAIS-TRAM-TCL.jpg?fit=1200%2C675&ssl=1\" \/>\n\t<meta property=\"og:image:width\" content=\"1200\" \/>\n\t<meta property=\"og:image:height\" content=\"675\" \/>\n\t<meta property=\"og:image:type\" content=\"image\/jpeg\" \/>\n<meta name=\"author\" content=\"R\u00e9dac. NEWS\" \/>\n<meta name=\"twitter:card\" content=\"summary_large_image\" \/>\n<meta name=\"twitter:label1\" content=\"\u00c9crit par\" \/>\n\t<meta name=\"twitter:data1\" content=\"R\u00e9dac. NEWS\" \/>\n\t<meta name=\"twitter:label2\" content=\"Dur\u00e9e de lecture estim\u00e9e\" \/>\n\t<meta name=\"twitter:data2\" content=\"1 minute\" \/>\n<script type=\"application\/ld+json\" class=\"yoast-schema-graph\">{\"@context\":\"https:\/\/schema.org\",\"@graph\":[{\"@type\":\"Article\",\"@id\":\"https:\/\/newsestlyonnais.fr\/site\/2021\/06\/15\/transports-pic-de-pollution-le-sytral-deploie-tickair\/#article\",\"isPartOf\":{\"@id\":\"https:\/\/newsestlyonnais.fr\/site\/2021\/06\/15\/transports-pic-de-pollution-le-sytral-deploie-tickair\/\"},\"author\":{\"name\":\"R\u00e9dac. NEWS\",\"@id\":\"https:\/\/newsestlyonnais.fr\/site\/#\/schema\/person\/3230d5615f390bb808365d673001e887\"},\"headline\":\"Transports | Pic de pollution > le Sytral d\u00e9ploie TICK\u2019AIR\",\"datePublished\":\"2021-06-15T15:35:33+00:00\",\"mainEntityOfPage\":{\"@id\":\"https:\/\/newsestlyonnais.fr\/site\/2021\/06\/15\/transports-pic-de-pollution-le-sytral-deploie-tickair\/\"},\"wordCount\":185,\"commentCount\":0,\"publisher\":{\"@id\":\"https:\/\/newsestlyonnais.fr\/site\/#organization\"},\"image\":{\"@id\":\"https:\/\/newsestlyonnais.fr\/site\/2021\/06\/15\/transports-pic-de-pollution-le-sytral-deploie-tickair\/#primaryimage\"},\"thumbnailUrl\":\"https:\/\/newsestlyonnais.fr\/site\/wp-content\/uploads\/2020\/11\/NEWSESTLYONNAIS-TRAM-TCL.jpg\",\"keywords\":[\"POLLUTION\",\"SYTRAL\",\"TRANSPORTS\"],\"articleSection\":[\"Autos | Motos\",\"Br\u00e8ves de l'Est lyonnais\",\"Caluire\",\"Lyon\",\"Nature | Environnement | Chasse\",\"Transports | Circulation\",\"Villeurbanne\"],\"inLanguage\":\"fr-FR\",\"potentialAction\":[{\"@type\":\"CommentAction\",\"name\":\"Comment\",\"target\":[\"https:\/\/newsestlyonnais.fr\/site\/2021\/06\/15\/transports-pic-de-pollution-le-sytral-deploie-tickair\/#respond\"]}]},{\"@type\":\"WebPage\",\"@id\":\"https:\/\/newsestlyonnais.fr\/site\/2021\/06\/15\/transports-pic-de-pollution-le-sytral-deploie-tickair\/\",\"url\":\"https:\/\/newsestlyonnais.fr\/site\/2021\/06\/15\/transports-pic-de-pollution-le-sytral-deploie-tickair\/\",\"name\":\"Transports | Pic de pollution > le Sytral d\u00e9ploie TICK\u2019AIR - News Est Lyonnais\",\"isPartOf\":{\"@id\":\"https:\/\/newsestlyonnais.fr\/site\/#website\"},\"primaryImageOfPage\":{\"@id\":\"https:\/\/newsestlyonnais.fr\/site\/2021\/06\/15\/transports-pic-de-pollution-le-sytral-deploie-tickair\/#primaryimage\"},\"image\":{\"@id\":\"https:\/\/newsestlyonnais.fr\/site\/2021\/06\/15\/transports-pic-de-pollution-le-sytral-deploie-tickair\/#primaryimage\"},\"thumbnailUrl\":\"https:\/\/newsestlyonnais.fr\/site\/wp-content\/uploads\/2020\/11\/NEWSESTLYONNAIS-TRAM-TCL.jpg\",\"datePublished\":\"2021-06-15T15:35:33+00:00\",\"description\":\"TRANSPORTS | Pic de pollution > le Sytral d\u00e9ploie TICK\u2019AIR\",\"breadcrumb\":{\"@id\":\"https:\/\/newsestlyonnais.fr\/site\/2021\/06\/15\/transports-pic-de-pollution-le-sytral-deploie-tickair\/#breadcrumb\"},\"inLanguage\":\"fr-FR\",\"potentialAction\":[{\"@type\":\"ReadAction\",\"target\":[\"https:\/\/newsestlyonnais.fr\/site\/2021\/06\/15\/transports-pic-de-pollution-le-sytral-deploie-tickair\/\"]}]},{\"@type\":\"ImageObject\",\"inLanguage\":\"fr-FR\",\"@id\":\"https:\/\/newsestlyonnais.fr\/site\/2021\/06\/15\/transports-pic-de-pollution-le-sytral-deploie-tickair\/#primaryimage\",\"url\":\"https:\/\/newsestlyonnais.fr\/site\/wp-content\/uploads\/2020\/11\/NEWSESTLYONNAIS-TRAM-TCL.jpg\",\"contentUrl\":\"https:\/\/newsestlyonnais.fr\/site\/wp-content\/uploads\/2020\/11\/NEWSESTLYONNAIS-TRAM-TCL.jpg\",\"width\":1200,\"height\":675},{\"@type\":\"BreadcrumbList\",\"@id\":\"https:\/\/newsestlyonnais.fr\/site\/2021\/06\/15\/transports-pic-de-pollution-le-sytral-deploie-tickair\/#breadcrumb\",\"itemListElement\":[{\"@type\":\"ListItem\",\"position\":1,\"name\":\"Accueil\",\"item\":\"https:\/\/newsestlyonnais.fr\/site\/\"},{\"@type\":\"ListItem\",\"position\":2,\"name\":\"Transports | Pic de pollution > le Sytral d\u00e9ploie TICK\u2019AIR\"}]},{\"@type\":\"WebSite\",\"@id\":\"https:\/\/newsestlyonnais.fr\/site\/#website\",\"url\":\"https:\/\/newsestlyonnais.fr\/site\/\",\"name\":\"News Est Lyonnais\",\"description\":\"L&#039;actualit\u00e9 au plus pr\u00e8s\",\"publisher\":{\"@id\":\"https:\/\/newsestlyonnais.fr\/site\/#organization\"},\"potentialAction\":[{\"@type\":\"SearchAction\",\"target\":{\"@type\":\"EntryPoint\",\"urlTemplate\":\"https:\/\/newsestlyonnais.fr\/site\/?s={search_term_string}\"},\"query-input\":{\"@type\":\"PropertyValueSpecification\",\"valueRequired\":true,\"valueName\":\"search_term_string\"}}],\"inLanguage\":\"fr-FR\"},{\"@type\":\"Organization\",\"@id\":\"https:\/\/newsestlyonnais.fr\/site\/#organization\",\"name\":\"News EST LYONNAIS\",\"url\":\"https:\/\/newsestlyonnais.fr\/site\/\",\"logo\":{\"@type\":\"ImageObject\",\"inLanguage\":\"fr-FR\",\"@id\":\"https:\/\/newsestlyonnais.fr\/site\/#\/schema\/logo\/image\/\",\"url\":\"\",\"contentUrl\":\"\",\"caption\":\"News EST LYONNAIS\"},\"image\":{\"@id\":\"https:\/\/newsestlyonnais.fr\/site\/#\/schema\/logo\/image\/\"}},{\"@type\":\"Person\",\"@id\":\"https:\/\/newsestlyonnais.fr\/site\/#\/schema\/person\/3230d5615f390bb808365d673001e887\",\"name\":\"R\u00e9dac. NEWS\",\"sameAs\":[\"http:\/\/www.newsestlyonnais.fr\",\"https:\/\/www.facebook.com\/pascal.oberson.1?fref=ts\",\"https:\/\/fr.linkedin.com\/in\/pascal-oberson-b17045113\"],\"url\":\"https:\/\/newsestlyonnais.fr\/site\/author\/nel\/\"}]}<\/script>\n<!-- \/ Yoast SEO plugin. -->","yoast_head_json":{"title":"Transports | Pic de pollution > le Sytral d\u00e9ploie TICK\u2019AIR - News Est Lyonnais","description":"TRANSPORTS | Pic de pollution > le Sytral d\u00e9ploie TICK\u2019AIR","robots":{"index":"index","follow":"follow","max-snippet":"max-snippet:-1","max-image-preview":"max-image-preview:large","max-video-preview":"max-video-preview:-1"},"canonical":"https:\/\/newsestlyonnais.fr\/site\/2021\/06\/15\/transports-pic-de-pollution-le-sytral-deploie-tickair\/","og_locale":"fr_FR","og_type":"article","og_title":"Transports | Pic de pollution > le Sytral d\u00e9ploie TICK\u2019AIR - News Est Lyonnais","og_description":"TRANSPORTS | Pic de pollution > le Sytral d\u00e9ploie TICK\u2019AIR","og_url":"https:\/\/newsestlyonnais.fr\/site\/2021\/06\/15\/transports-pic-de-pollution-le-sytral-deploie-tickair\/","og_site_name":"News Est Lyonnais","article_author":"https:\/\/www.facebook.com\/pascal.oberson.1?fref=ts","article_published_time":"2021-06-15T15:35:33+00:00","og_image":[{"width":1200,"height":675,"url":"https:\/\/i0.wp.com\/newsestlyonnais.fr\/site\/wp-content\/uploads\/2020\/11\/NEWSESTLYONNAIS-TRAM-TCL.jpg?fit=1200%2C675&ssl=1","type":"image\/jpeg"}],"author":"R\u00e9dac. NEWS","twitter_card":"summary_large_image","twitter_misc":{"\u00c9crit par":"R\u00e9dac. NEWS","Dur\u00e9e de lecture estim\u00e9e":"1 minute"},"schema":{"@context":"https:\/\/schema.org","@graph":[{"@type":"Article","@id":"https:\/\/newsestlyonnais.fr\/site\/2021\/06\/15\/transports-pic-de-pollution-le-sytral-deploie-tickair\/#article","isPartOf":{"@id":"https:\/\/newsestlyonnais.fr\/site\/2021\/06\/15\/transports-pic-de-pollution-le-sytral-deploie-tickair\/"},"author":{"name":"R\u00e9dac. NEWS","@id":"https:\/\/newsestlyonnais.fr\/site\/#\/schema\/person\/3230d5615f390bb808365d673001e887"},"headline":"Transports | Pic de pollution > le Sytral d\u00e9ploie TICK\u2019AIR","datePublished":"2021-06-15T15:35:33+00:00","mainEntityOfPage":{"@id":"https:\/\/newsestlyonnais.fr\/site\/2021\/06\/15\/transports-pic-de-pollution-le-sytral-deploie-tickair\/"},"wordCount":185,"commentCount":0,"publisher":{"@id":"https:\/\/newsestlyonnais.fr\/site\/#organization"},"image":{"@id":"https:\/\/newsestlyonnais.fr\/site\/2021\/06\/15\/transports-pic-de-pollution-le-sytral-deploie-tickair\/#primaryimage"},"thumbnailUrl":"https:\/\/newsestlyonnais.fr\/site\/wp-content\/uploads\/2020\/11\/NEWSESTLYONNAIS-TRAM-TCL.jpg","keywords":["POLLUTION","SYTRAL","TRANSPORTS"],"articleSection":["Autos | Motos","Br\u00e8ves de l'Est lyonnais","Caluire","Lyon","Nature | Environnement | Chasse","Transports | Circulation","Villeurbanne"],"inLanguage":"fr-FR","potentialAction":[{"@type":"CommentAction","name":"Comment","target":["https:\/\/newsestlyonnais.fr\/site\/2021\/06\/15\/transports-pic-de-pollution-le-sytral-deploie-tickair\/#respond"]}]},{"@type":"WebPage","@id":"https:\/\/newsestlyonnais.fr\/site\/2021\/06\/15\/transports-pic-de-pollution-le-sytral-deploie-tickair\/","url":"https:\/\/newsestlyonnais.fr\/site\/2021\/06\/15\/transports-pic-de-pollution-le-sytral-deploie-tickair\/","name":"Transports | Pic de pollution > le Sytral d\u00e9ploie TICK\u2019AIR - News Est Lyonnais","isPartOf":{"@id":"https:\/\/newsestlyonnais.fr\/site\/#website"},"primaryImageOfPage":{"@id":"https:\/\/newsestlyonnais.fr\/site\/2021\/06\/15\/transports-pic-de-pollution-le-sytral-deploie-tickair\/#primaryimage"},"image":{"@id":"https:\/\/newsestlyonnais.fr\/site\/2021\/06\/15\/transports-pic-de-pollution-le-sytral-deploie-tickair\/#primaryimage"},"thumbnailUrl":"https:\/\/newsestlyonnais.fr\/site\/wp-content\/uploads\/2020\/11\/NEWSESTLYONNAIS-TRAM-TCL.jpg","datePublished":"2021-06-15T15:35:33+00:00","description":"TRANSPORTS | Pic de pollution > le Sytral d\u00e9ploie TICK\u2019AIR","breadcrumb":{"@id":"https:\/\/newsestlyonnais.fr\/site\/2021\/06\/15\/transports-pic-de-pollution-le-sytral-deploie-tickair\/#breadcrumb"},"inLanguage":"fr-FR","potentialAction":[{"@type":"ReadAction","target":["https:\/\/newsestlyonnais.fr\/site\/2021\/06\/15\/transports-pic-de-pollution-le-sytral-deploie-tickair\/"]}]},{"@type":"ImageObject","inLanguage":"fr-FR","@id":"https:\/\/newsestlyonnais.fr\/site\/2021\/06\/15\/transports-pic-de-pollution-le-sytral-deploie-tickair\/#primaryimage","url":"https:\/\/newsestlyonnais.fr\/site\/wp-content\/uploads\/2020\/11\/NEWSESTLYONNAIS-TRAM-TCL.jpg","contentUrl":"https:\/\/newsestlyonnais.fr\/site\/wp-content\/uploads\/2020\/11\/NEWSESTLYONNAIS-TRAM-TCL.jpg","width":1200,"height":675},{"@type":"BreadcrumbList","@id":"https:\/\/newsestlyonnais.fr\/site\/2021\/06\/15\/transports-pic-de-pollution-le-sytral-deploie-tickair\/#breadcrumb","itemListElement":[{"@type":"ListItem","position":1,"name":"Accueil","item":"https:\/\/newsestlyonnais.fr\/site\/"},{"@type":"ListItem","position":2,"name":"Transports | Pic de pollution > le Sytral d\u00e9ploie TICK\u2019AIR"}]},{"@type":"WebSite","@id":"https:\/\/newsestlyonnais.fr\/site\/#website","url":"https:\/\/newsestlyonnais.fr\/site\/","name":"News Est Lyonnais","description":"L&#039;actualit\u00e9 au plus pr\u00e8s","publisher":{"@id":"https:\/\/newsestlyonnais.fr\/site\/#organization"},"potentialAction":[{"@type":"SearchAction","target":{"@type":"EntryPoint","urlTemplate":"https:\/\/newsestlyonnais.fr\/site\/?s={search_term_string}"},"query-input":{"@type":"PropertyValueSpecification","valueRequired":true,"valueName":"search_term_string"}}],"inLanguage":"fr-FR"},{"@type":"Organization","@id":"https:\/\/newsestlyonnais.fr\/site\/#organization","name":"News EST LYONNAIS","url":"https:\/\/newsestlyonnais.fr\/site\/","logo":{"@type":"ImageObject","inLanguage":"fr-FR","@id":"https:\/\/newsestlyonnais.fr\/site\/#\/schema\/logo\/image\/","url":"","contentUrl":"","caption":"News EST LYONNAIS"},"image":{"@id":"https:\/\/newsestlyonnais.fr\/site\/#\/schema\/logo\/image\/"}},{"@type":"Person","@id":"https:\/\/newsestlyonnais.fr\/site\/#\/schema\/person\/3230d5615f390bb808365d673001e887","name":"R\u00e9dac. NEWS","sameAs":["http:\/\/www.newsestlyonnais.fr","https:\/\/www.facebook.com\/pascal.oberson.1?fref=ts","https:\/\/fr.linkedin.com\/in\/pascal-oberson-b17045113"],"url":"https:\/\/newsestlyonnais.fr\/site\/author\/nel\/"}]}},"_links":{"self":[{"href":"https:\/\/newsestlyonnais.fr\/site\/wp-json\/wp\/v2\/posts\/132154","targetHints":{"allow":["GET"]}}],"collection":[{"href":"https:\/\/newsestlyonnais.fr\/site\/wp-json\/wp\/v2\/posts"}],"about":[{"href":"https:\/\/newsestlyonnais.fr\/site\/wp-json\/wp\/v2\/types\/post"}],"author":[{"embeddable":true,"href":"https:\/\/newsestlyonnais.fr\/site\/wp-json\/wp\/v2\/users\/4"}],"replies":[{"embeddable":true,"href":"https:\/\/newsestlyonnais.fr\/site\/wp-json\/wp\/v2\/comments?post=132154"}],"version-history":[{"count":0,"href":"https:\/\/newsestlyonnais.fr\/site\/wp-json\/wp\/v2\/posts\/132154\/revisions"}],"wp:featuredmedia":[{"embeddable":true,"href":"https:\/\/newsestlyonnais.fr\/site\/wp-json\/wp\/v2\/media\/118325"}],"wp:attachment":[{"href":"https:\/\/newsestlyonnais.fr\/site\/wp-json\/wp\/v2\/media?parent=132154"}],"wp:term":[{"taxonomy":"category","embeddable":true,"href":"https:\/\/newsestlyonnais.fr\/site\/wp-json\/wp\/v2\/categories?post=132154"},{"taxonomy":"post_tag","embeddable":true,"href":"https:\/\/newsestlyonnais.fr\/site\/wp-json\/wp\/v2\/tags?post=132154"}],"curies":[{"name":"wp","href":"https:\/\/api.w.org\/{rel}","templated":true}]}}