{"id":132204,"date":"2021-06-16T15:09:50","date_gmt":"2021-06-16T14:09:50","guid":{"rendered":"https:\/\/newsestlyonnais.fr\/site\/?p=132204"},"modified":"2021-07-01T05:17:16","modified_gmt":"2021-07-01T04:17:16","slug":"venissieux-premiere-journee-du-para-karate","status":"publish","type":"post","link":"https:\/\/newsestlyonnais.fr\/site\/2021\/06\/16\/venissieux-premiere-journee-du-para-karate\/","title":{"rendered":"VENISSIEUX | Premi\u00e8re journ\u00e9e du Para-karat\u00e9"},"content":{"rendered":"<p>Cette journ\u00e9e sera compos\u00e9e d&rsquo;une initiation gratuite pour les personnes en situation de handicap de 10 h 30 \u00e0 11 h et d&rsquo;une comp\u00e9tition para-karat\u00e9 de 14 h \u00e0 16 h 30.<\/p>\n<p><span id=\"page3R_mcid12\" class=\"markedContent\"><\/span><span id=\"page3R_mcid13\" class=\"markedContent\"><span dir=\"ltr\"><strong>PROGRAMME<\/strong> :<\/span><\/span><\/p>\n<ul>\n<li><span id=\"page3R_mcid14\" class=\"markedContent\"><span dir=\"ltr\">Matin <\/span><\/span><span id=\"page3R_mcid15\" class=\"markedContent\"><span dir=\"ltr\">10 <\/span><span dir=\"ltr\">h <\/span><span dir=\"ltr\">&#8211; <\/span><span dir=\"ltr\">11 h 30 : <\/span><span dir=\"ltr\">Initiation pour les enfants et adultes atteint<\/span><span dir=\"ltr\">s <\/span><span dir=\"ltr\">de handicap<\/span><span dir=\"ltr\">, <\/span><span dir=\"ltr\">non licenci\u00e9s. <\/span><\/span><span id=\"page3R_mcid16\" class=\"markedContent\"><span dir=\"ltr\">10 h<\/span><span dir=\"ltr\">&#8211;<\/span><span dir=\"ltr\">11 h 30 : <\/span><span dir=\"ltr\">Accueil des comp\u00e9titeurs <\/span><span dir=\"ltr\">(trices) <\/span><span dir=\"ltr\">et contr\u00f4les<\/span><\/span><\/li>\n<li><span id=\"page3R_mcid17\" class=\"markedContent\"><\/span><span id=\"page3R_mcid18\" class=\"markedContent\"><span dir=\"ltr\">12 h <\/span><span dir=\"ltr\">&#8211;<\/span><span dir=\"ltr\">13 h : <\/span><span dir=\"ltr\">R<\/span><span dir=\"ltr\">epas <\/span><span dir=\"ltr\">offert <\/span><span dir=\"ltr\">pour les comp\u00e9titeurs<\/span><span dir=\"ltr\">(trices)<\/span><\/span><\/li>\n<li><span id=\"page3R_mcid19\" class=\"markedContent\"><\/span><span id=\"page3R_mcid20\" class=\"markedContent\"><span dir=\"ltr\">Apr\u00e8s Midi : <\/span><\/span><span id=\"page3R_mcid21\" class=\"markedContent\"><span dir=\"ltr\">13 h 30 : <\/span><span dir=\"ltr\">Briefing avec les arbitres et les comp\u00e9titeurs<\/span><span dir=\"ltr\">(trices)<\/span><\/span><\/li>\n<li><span id=\"page3R_mcid22\" class=\"markedContent\"><span dir=\"ltr\">14 h : <\/span><span dir=\"ltr\">d\u00e9but de la comp\u00e9tition<\/span><\/span><\/li>\n<li><span id=\"page3R_mcid23\" class=\"markedContent\"><span dir=\"ltr\">16 h 30 : <\/span><span dir=\"ltr\">Horaire pr\u00e9visionnel des finales et remises des r\u00e9compenses<\/span><span dir=\"ltr\">.<\/span><\/span><\/li>\n<li><span id=\"page3R_mcid24\" class=\"markedContent\"><\/span><span id=\"page3R_mcid25\" class=\"markedContent\"><span dir=\"ltr\"><strong>Cat\u00e9gories<\/strong> : <\/span><span dir=\"ltr\">Benjamins, M<\/span><span dir=\"ltr\">inimes, cadets, juniors (Kata) s\u00e9niors (kata<\/span><span dir=\"ltr\">&#8211;<\/span><span dir=\"ltr\">combats<\/span><span dir=\"ltr\">&#8211;<\/span><span dir=\"ltr\">fauteuils) <\/span><\/span><span id=\"page3R_mcid26\" class=\"markedContent\"><span dir=\"ltr\">Masculin \/f\u00e9minin individuel<\/span><span dir=\"ltr\">&#8211;<\/span><span dir=\"ltr\">Kata fauteuil Individuel \/Equipe (possible \u00e9quipe <\/span><span dir=\"ltr\">mixte)<\/span><\/span><\/li>\n<li><span id=\"page3R_mcid27\" class=\"markedContent\"><\/span><span id=\"page3R_mcid29\" class=\"markedContent\"><\/span><span id=\"page3R_mcid30\" class=\"markedContent\"><span dir=\"ltr\"><strong>Inscriptions<\/strong> : <\/span><span dir=\"ltr\">Fiche <\/span><span dir=\"ltr\">d\u2019<\/span><span dir=\"ltr\">inscription disponible <\/span><span dir=\"ltr\">sur <\/span><span dir=\"ltr\">:<\/span><\/span><span id=\"page3R_mcid38\" class=\"markedContent\"><span dir=\"ltr\"> <a href=\"https:\/\/sites.ffkarate.fr\/auvergnerhonealpes\/calendrier\/\"><span style=\"color: #0000ff;\">https:\/\/sites.ffkarate.fr\/auvergnerhonealpes\/calendrier\/<\/span><\/a><br \/>\n<\/span><\/span><\/li>\n<\/ul>\n<hr \/>\n<p><em><strong><span id=\"page3R_mcid3\" class=\"markedContent\"><span dir=\"ltr\">Samedi 19 Juin 2021 \/ <\/span><\/span><span id=\"page3R_mcid4\" class=\"markedContent\"><span dir=\"ltr\">Gymnase Alain COLAS \/ <\/span><\/span><span id=\"page3R_mcid7\" class=\"markedContent\"><\/span><span id=\"page3R_mcid8\" class=\"markedContent\"><\/span><span id=\"page3R_mcid9\" class=\"markedContent\"><span dir=\"ltr\">7 Avenue Jean Moulin, V\u00e9nissieux<\/span><\/span><\/strong><\/em><\/p>\n<hr \/>\n<hr \/>\n<p>&nbsp;<\/p>\n","protected":false},"excerpt":{"rendered":"<p>Une manifestation organis\u00e9e samedi au Gymnase Alain Colas par la Ligue AURA de karat\u00e9.<\/p>\n","protected":false},"author":4,"featured_media":132206,"comment_status":"open","ping_status":"open","sticky":false,"template":"","format":"standard","meta":{"footnotes":""},"categories":[3015,2994,1353,1298],"tags":[2095,2149,2067],"class_list":["post-132204","post","type-post","status-publish","format-standard","has-post-thumbnail","hentry","category-handi-adapte","category-judo-karate-taekwondo-sports","category-karate","category-venissieux","tag-handisport","tag-karate","tag-venissieux"],"yoast_head":"<!-- This site is optimized with the Yoast SEO plugin v27.2 - https:\/\/yoast.com\/product\/yoast-seo-wordpress\/ -->\n<title>VENISSIEUX | Premi\u00e8re journ\u00e9e du Para-karat\u00e9 - News Est Lyonnais<\/title>\n<meta name=\"description\" content=\"VENISSIEUX | Premi\u00e8re journ\u00e9e du Para-karat\u00e9\" \/>\n<meta name=\"robots\" content=\"index, follow, max-snippet:-1, max-image-preview:large, max-video-preview:-1\" \/>\n<link rel=\"canonical\" href=\"https:\/\/newsestlyonnais.fr\/site\/2021\/06\/16\/venissieux-premiere-journee-du-para-karate\/\" \/>\n<meta property=\"og:locale\" content=\"fr_FR\" \/>\n<meta property=\"og:type\" content=\"article\" \/>\n<meta property=\"og:title\" content=\"VENISSIEUX | Premi\u00e8re journ\u00e9e du Para-karat\u00e9 - News Est Lyonnais\" \/>\n<meta property=\"og:description\" content=\"VENISSIEUX | Premi\u00e8re journ\u00e9e du Para-karat\u00e9\" \/>\n<meta property=\"og:url\" content=\"https:\/\/newsestlyonnais.fr\/site\/2021\/06\/16\/venissieux-premiere-journee-du-para-karate\/\" \/>\n<meta property=\"og:site_name\" content=\"News Est Lyonnais\" \/>\n<meta property=\"article:author\" content=\"https:\/\/www.facebook.com\/pascal.oberson.1?fref=ts\" \/>\n<meta property=\"article:published_time\" content=\"2021-06-16T14:09:50+00:00\" \/>\n<meta property=\"article:modified_time\" content=\"2021-07-01T04:17:16+00:00\" \/>\n<meta property=\"og:image\" content=\"https:\/\/i0.wp.com\/newsestlyonnais.fr\/site\/wp-content\/uploads\/2021\/06\/LAURA_AFFICHE_PARA-KARATE_-page-001.jpg?fit=1240%2C1754&ssl=1\" \/>\n\t<meta property=\"og:image:width\" content=\"1240\" \/>\n\t<meta property=\"og:image:height\" content=\"1754\" \/>\n\t<meta property=\"og:image:type\" content=\"image\/jpeg\" \/>\n<meta name=\"author\" content=\"R\u00e9dac. NEWS\" \/>\n<meta name=\"twitter:card\" content=\"summary_large_image\" \/>\n<meta name=\"twitter:label1\" content=\"\u00c9crit par\" \/>\n\t<meta name=\"twitter:data1\" content=\"R\u00e9dac. NEWS\" \/>\n\t<meta name=\"twitter:label2\" content=\"Dur\u00e9e de lecture estim\u00e9e\" \/>\n\t<meta name=\"twitter:data2\" content=\"1 minute\" \/>\n<script type=\"application\/ld+json\" class=\"yoast-schema-graph\">{\"@context\":\"https:\/\/schema.org\",\"@graph\":[{\"@type\":\"Article\",\"@id\":\"https:\/\/newsestlyonnais.fr\/site\/2021\/06\/16\/venissieux-premiere-journee-du-para-karate\/#article\",\"isPartOf\":{\"@id\":\"https:\/\/newsestlyonnais.fr\/site\/2021\/06\/16\/venissieux-premiere-journee-du-para-karate\/\"},\"author\":{\"name\":\"R\u00e9dac. NEWS\",\"@id\":\"https:\/\/newsestlyonnais.fr\/site\/#\/schema\/person\/3230d5615f390bb808365d673001e887\"},\"headline\":\"VENISSIEUX | Premi\u00e8re journ\u00e9e du Para-karat\u00e9\",\"datePublished\":\"2021-06-16T14:09:50+00:00\",\"dateModified\":\"2021-07-01T04:17:16+00:00\",\"mainEntityOfPage\":{\"@id\":\"https:\/\/newsestlyonnais.fr\/site\/2021\/06\/16\/venissieux-premiere-journee-du-para-karate\/\"},\"wordCount\":157,\"commentCount\":0,\"publisher\":{\"@id\":\"https:\/\/newsestlyonnais.fr\/site\/#organization\"},\"image\":{\"@id\":\"https:\/\/newsestlyonnais.fr\/site\/2021\/06\/16\/venissieux-premiere-journee-du-para-karate\/#primaryimage\"},\"thumbnailUrl\":\"https:\/\/newsestlyonnais.fr\/site\/wp-content\/uploads\/2021\/06\/LAURA_AFFICHE_PARA-KARATE_-page-001.jpg\",\"keywords\":[\"handisport\",\"KARATE\",\"VENISSIEUX\"],\"articleSection\":[\"Handi &amp; adapt\u00e9\",\"Judo| Karat\u00e9| Taekwondo\",\"Karat\u00e9\",\"V\u00e9nissieux\"],\"inLanguage\":\"fr-FR\",\"potentialAction\":[{\"@type\":\"CommentAction\",\"name\":\"Comment\",\"target\":[\"https:\/\/newsestlyonnais.fr\/site\/2021\/06\/16\/venissieux-premiere-journee-du-para-karate\/#respond\"]}]},{\"@type\":\"WebPage\",\"@id\":\"https:\/\/newsestlyonnais.fr\/site\/2021\/06\/16\/venissieux-premiere-journee-du-para-karate\/\",\"url\":\"https:\/\/newsestlyonnais.fr\/site\/2021\/06\/16\/venissieux-premiere-journee-du-para-karate\/\",\"name\":\"VENISSIEUX | Premi\u00e8re journ\u00e9e du Para-karat\u00e9 - News Est Lyonnais\",\"isPartOf\":{\"@id\":\"https:\/\/newsestlyonnais.fr\/site\/#website\"},\"primaryImageOfPage\":{\"@id\":\"https:\/\/newsestlyonnais.fr\/site\/2021\/06\/16\/venissieux-premiere-journee-du-para-karate\/#primaryimage\"},\"image\":{\"@id\":\"https:\/\/newsestlyonnais.fr\/site\/2021\/06\/16\/venissieux-premiere-journee-du-para-karate\/#primaryimage\"},\"thumbnailUrl\":\"https:\/\/newsestlyonnais.fr\/site\/wp-content\/uploads\/2021\/06\/LAURA_AFFICHE_PARA-KARATE_-page-001.jpg\",\"datePublished\":\"2021-06-16T14:09:50+00:00\",\"dateModified\":\"2021-07-01T04:17:16+00:00\",\"description\":\"VENISSIEUX | Premi\u00e8re journ\u00e9e du Para-karat\u00e9\",\"breadcrumb\":{\"@id\":\"https:\/\/newsestlyonnais.fr\/site\/2021\/06\/16\/venissieux-premiere-journee-du-para-karate\/#breadcrumb\"},\"inLanguage\":\"fr-FR\",\"potentialAction\":[{\"@type\":\"ReadAction\",\"target\":[\"https:\/\/newsestlyonnais.fr\/site\/2021\/06\/16\/venissieux-premiere-journee-du-para-karate\/\"]}]},{\"@type\":\"ImageObject\",\"inLanguage\":\"fr-FR\",\"@id\":\"https:\/\/newsestlyonnais.fr\/site\/2021\/06\/16\/venissieux-premiere-journee-du-para-karate\/#primaryimage\",\"url\":\"https:\/\/newsestlyonnais.fr\/site\/wp-content\/uploads\/2021\/06\/LAURA_AFFICHE_PARA-KARATE_-page-001.jpg\",\"contentUrl\":\"https:\/\/newsestlyonnais.fr\/site\/wp-content\/uploads\/2021\/06\/LAURA_AFFICHE_PARA-KARATE_-page-001.jpg\",\"width\":1240,\"height\":1754},{\"@type\":\"BreadcrumbList\",\"@id\":\"https:\/\/newsestlyonnais.fr\/site\/2021\/06\/16\/venissieux-premiere-journee-du-para-karate\/#breadcrumb\",\"itemListElement\":[{\"@type\":\"ListItem\",\"position\":1,\"name\":\"Accueil\",\"item\":\"https:\/\/newsestlyonnais.fr\/site\/\"},{\"@type\":\"ListItem\",\"position\":2,\"name\":\"VENISSIEUX | Premi\u00e8re journ\u00e9e du Para-karat\u00e9\"}]},{\"@type\":\"WebSite\",\"@id\":\"https:\/\/newsestlyonnais.fr\/site\/#website\",\"url\":\"https:\/\/newsestlyonnais.fr\/site\/\",\"name\":\"News Est Lyonnais\",\"description\":\"L&#039;actualit\u00e9 au plus pr\u00e8s\",\"publisher\":{\"@id\":\"https:\/\/newsestlyonnais.fr\/site\/#organization\"},\"potentialAction\":[{\"@type\":\"SearchAction\",\"target\":{\"@type\":\"EntryPoint\",\"urlTemplate\":\"https:\/\/newsestlyonnais.fr\/site\/?s={search_term_string}\"},\"query-input\":{\"@type\":\"PropertyValueSpecification\",\"valueRequired\":true,\"valueName\":\"search_term_string\"}}],\"inLanguage\":\"fr-FR\"},{\"@type\":\"Organization\",\"@id\":\"https:\/\/newsestlyonnais.fr\/site\/#organization\",\"name\":\"News EST LYONNAIS\",\"url\":\"https:\/\/newsestlyonnais.fr\/site\/\",\"logo\":{\"@type\":\"ImageObject\",\"inLanguage\":\"fr-FR\",\"@id\":\"https:\/\/newsestlyonnais.fr\/site\/#\/schema\/logo\/image\/\",\"url\":\"\",\"contentUrl\":\"\",\"caption\":\"News EST LYONNAIS\"},\"image\":{\"@id\":\"https:\/\/newsestlyonnais.fr\/site\/#\/schema\/logo\/image\/\"}},{\"@type\":\"Person\",\"@id\":\"https:\/\/newsestlyonnais.fr\/site\/#\/schema\/person\/3230d5615f390bb808365d673001e887\",\"name\":\"R\u00e9dac. NEWS\",\"sameAs\":[\"http:\/\/www.newsestlyonnais.fr\",\"https:\/\/www.facebook.com\/pascal.oberson.1?fref=ts\",\"https:\/\/fr.linkedin.com\/in\/pascal-oberson-b17045113\"],\"url\":\"https:\/\/newsestlyonnais.fr\/site\/author\/nel\/\"}]}<\/script>\n<!-- \/ Yoast SEO plugin. -->","yoast_head_json":{"title":"VENISSIEUX | Premi\u00e8re journ\u00e9e du Para-karat\u00e9 - News Est Lyonnais","description":"VENISSIEUX | Premi\u00e8re journ\u00e9e du Para-karat\u00e9","robots":{"index":"index","follow":"follow","max-snippet":"max-snippet:-1","max-image-preview":"max-image-preview:large","max-video-preview":"max-video-preview:-1"},"canonical":"https:\/\/newsestlyonnais.fr\/site\/2021\/06\/16\/venissieux-premiere-journee-du-para-karate\/","og_locale":"fr_FR","og_type":"article","og_title":"VENISSIEUX | Premi\u00e8re journ\u00e9e du Para-karat\u00e9 - News Est Lyonnais","og_description":"VENISSIEUX | Premi\u00e8re journ\u00e9e du Para-karat\u00e9","og_url":"https:\/\/newsestlyonnais.fr\/site\/2021\/06\/16\/venissieux-premiere-journee-du-para-karate\/","og_site_name":"News Est Lyonnais","article_author":"https:\/\/www.facebook.com\/pascal.oberson.1?fref=ts","article_published_time":"2021-06-16T14:09:50+00:00","article_modified_time":"2021-07-01T04:17:16+00:00","og_image":[{"width":1240,"height":1754,"url":"https:\/\/i0.wp.com\/newsestlyonnais.fr\/site\/wp-content\/uploads\/2021\/06\/LAURA_AFFICHE_PARA-KARATE_-page-001.jpg?fit=1240%2C1754&ssl=1","type":"image\/jpeg"}],"author":"R\u00e9dac. NEWS","twitter_card":"summary_large_image","twitter_misc":{"\u00c9crit par":"R\u00e9dac. NEWS","Dur\u00e9e de lecture estim\u00e9e":"1 minute"},"schema":{"@context":"https:\/\/schema.org","@graph":[{"@type":"Article","@id":"https:\/\/newsestlyonnais.fr\/site\/2021\/06\/16\/venissieux-premiere-journee-du-para-karate\/#article","isPartOf":{"@id":"https:\/\/newsestlyonnais.fr\/site\/2021\/06\/16\/venissieux-premiere-journee-du-para-karate\/"},"author":{"name":"R\u00e9dac. NEWS","@id":"https:\/\/newsestlyonnais.fr\/site\/#\/schema\/person\/3230d5615f390bb808365d673001e887"},"headline":"VENISSIEUX | Premi\u00e8re journ\u00e9e du Para-karat\u00e9","datePublished":"2021-06-16T14:09:50+00:00","dateModified":"2021-07-01T04:17:16+00:00","mainEntityOfPage":{"@id":"https:\/\/newsestlyonnais.fr\/site\/2021\/06\/16\/venissieux-premiere-journee-du-para-karate\/"},"wordCount":157,"commentCount":0,"publisher":{"@id":"https:\/\/newsestlyonnais.fr\/site\/#organization"},"image":{"@id":"https:\/\/newsestlyonnais.fr\/site\/2021\/06\/16\/venissieux-premiere-journee-du-para-karate\/#primaryimage"},"thumbnailUrl":"https:\/\/newsestlyonnais.fr\/site\/wp-content\/uploads\/2021\/06\/LAURA_AFFICHE_PARA-KARATE_-page-001.jpg","keywords":["handisport","KARATE","VENISSIEUX"],"articleSection":["Handi &amp; adapt\u00e9","Judo| Karat\u00e9| Taekwondo","Karat\u00e9","V\u00e9nissieux"],"inLanguage":"fr-FR","potentialAction":[{"@type":"CommentAction","name":"Comment","target":["https:\/\/newsestlyonnais.fr\/site\/2021\/06\/16\/venissieux-premiere-journee-du-para-karate\/#respond"]}]},{"@type":"WebPage","@id":"https:\/\/newsestlyonnais.fr\/site\/2021\/06\/16\/venissieux-premiere-journee-du-para-karate\/","url":"https:\/\/newsestlyonnais.fr\/site\/2021\/06\/16\/venissieux-premiere-journee-du-para-karate\/","name":"VENISSIEUX | Premi\u00e8re journ\u00e9e du Para-karat\u00e9 - News Est Lyonnais","isPartOf":{"@id":"https:\/\/newsestlyonnais.fr\/site\/#website"},"primaryImageOfPage":{"@id":"https:\/\/newsestlyonnais.fr\/site\/2021\/06\/16\/venissieux-premiere-journee-du-para-karate\/#primaryimage"},"image":{"@id":"https:\/\/newsestlyonnais.fr\/site\/2021\/06\/16\/venissieux-premiere-journee-du-para-karate\/#primaryimage"},"thumbnailUrl":"https:\/\/newsestlyonnais.fr\/site\/wp-content\/uploads\/2021\/06\/LAURA_AFFICHE_PARA-KARATE_-page-001.jpg","datePublished":"2021-06-16T14:09:50+00:00","dateModified":"2021-07-01T04:17:16+00:00","description":"VENISSIEUX | Premi\u00e8re journ\u00e9e du Para-karat\u00e9","breadcrumb":{"@id":"https:\/\/newsestlyonnais.fr\/site\/2021\/06\/16\/venissieux-premiere-journee-du-para-karate\/#breadcrumb"},"inLanguage":"fr-FR","potentialAction":[{"@type":"ReadAction","target":["https:\/\/newsestlyonnais.fr\/site\/2021\/06\/16\/venissieux-premiere-journee-du-para-karate\/"]}]},{"@type":"ImageObject","inLanguage":"fr-FR","@id":"https:\/\/newsestlyonnais.fr\/site\/2021\/06\/16\/venissieux-premiere-journee-du-para-karate\/#primaryimage","url":"https:\/\/newsestlyonnais.fr\/site\/wp-content\/uploads\/2021\/06\/LAURA_AFFICHE_PARA-KARATE_-page-001.jpg","contentUrl":"https:\/\/newsestlyonnais.fr\/site\/wp-content\/uploads\/2021\/06\/LAURA_AFFICHE_PARA-KARATE_-page-001.jpg","width":1240,"height":1754},{"@type":"BreadcrumbList","@id":"https:\/\/newsestlyonnais.fr\/site\/2021\/06\/16\/venissieux-premiere-journee-du-para-karate\/#breadcrumb","itemListElement":[{"@type":"ListItem","position":1,"name":"Accueil","item":"https:\/\/newsestlyonnais.fr\/site\/"},{"@type":"ListItem","position":2,"name":"VENISSIEUX | Premi\u00e8re journ\u00e9e du Para-karat\u00e9"}]},{"@type":"WebSite","@id":"https:\/\/newsestlyonnais.fr\/site\/#website","url":"https:\/\/newsestlyonnais.fr\/site\/","name":"News Est Lyonnais","description":"L&#039;actualit\u00e9 au plus pr\u00e8s","publisher":{"@id":"https:\/\/newsestlyonnais.fr\/site\/#organization"},"potentialAction":[{"@type":"SearchAction","target":{"@type":"EntryPoint","urlTemplate":"https:\/\/newsestlyonnais.fr\/site\/?s={search_term_string}"},"query-input":{"@type":"PropertyValueSpecification","valueRequired":true,"valueName":"search_term_string"}}],"inLanguage":"fr-FR"},{"@type":"Organization","@id":"https:\/\/newsestlyonnais.fr\/site\/#organization","name":"News EST LYONNAIS","url":"https:\/\/newsestlyonnais.fr\/site\/","logo":{"@type":"ImageObject","inLanguage":"fr-FR","@id":"https:\/\/newsestlyonnais.fr\/site\/#\/schema\/logo\/image\/","url":"","contentUrl":"","caption":"News EST LYONNAIS"},"image":{"@id":"https:\/\/newsestlyonnais.fr\/site\/#\/schema\/logo\/image\/"}},{"@type":"Person","@id":"https:\/\/newsestlyonnais.fr\/site\/#\/schema\/person\/3230d5615f390bb808365d673001e887","name":"R\u00e9dac. NEWS","sameAs":["http:\/\/www.newsestlyonnais.fr","https:\/\/www.facebook.com\/pascal.oberson.1?fref=ts","https:\/\/fr.linkedin.com\/in\/pascal-oberson-b17045113"],"url":"https:\/\/newsestlyonnais.fr\/site\/author\/nel\/"}]}},"_links":{"self":[{"href":"https:\/\/newsestlyonnais.fr\/site\/wp-json\/wp\/v2\/posts\/132204","targetHints":{"allow":["GET"]}}],"collection":[{"href":"https:\/\/newsestlyonnais.fr\/site\/wp-json\/wp\/v2\/posts"}],"about":[{"href":"https:\/\/newsestlyonnais.fr\/site\/wp-json\/wp\/v2\/types\/post"}],"author":[{"embeddable":true,"href":"https:\/\/newsestlyonnais.fr\/site\/wp-json\/wp\/v2\/users\/4"}],"replies":[{"embeddable":true,"href":"https:\/\/newsestlyonnais.fr\/site\/wp-json\/wp\/v2\/comments?post=132204"}],"version-history":[{"count":0,"href":"https:\/\/newsestlyonnais.fr\/site\/wp-json\/wp\/v2\/posts\/132204\/revisions"}],"wp:featuredmedia":[{"embeddable":true,"href":"https:\/\/newsestlyonnais.fr\/site\/wp-json\/wp\/v2\/media\/132206"}],"wp:attachment":[{"href":"https:\/\/newsestlyonnais.fr\/site\/wp-json\/wp\/v2\/media?parent=132204"}],"wp:term":[{"taxonomy":"category","embeddable":true,"href":"https:\/\/newsestlyonnais.fr\/site\/wp-json\/wp\/v2\/categories?post=132204"},{"taxonomy":"post_tag","embeddable":true,"href":"https:\/\/newsestlyonnais.fr\/site\/wp-json\/wp\/v2\/tags?post=132204"}],"curies":[{"name":"wp","href":"https:\/\/api.w.org\/{rel}","templated":true}]}}