{"id":132748,"date":"2021-06-27T08:31:38","date_gmt":"2021-06-27T07:31:38","guid":{"rendered":"https:\/\/newsestlyonnais.fr\/site\/?p=132748"},"modified":"2021-07-07T08:05:22","modified_gmt":"2021-07-07T07:05:22","slug":"genas-une-sensibilisation-au-tennis-fauteuil","status":"publish","type":"post","link":"https:\/\/newsestlyonnais.fr\/site\/2021\/06\/27\/genas-une-sensibilisation-au-tennis-fauteuil\/","title":{"rendered":"Genas | Une sensibilisation au tennis fauteuil"},"content":{"rendered":"<p>Le dispositif municipal et gratuit <strong>\u00ab\u00a0Passeport solidaire\u00a0\u00bb<\/strong> permet aux jeunes de 11 \u00e0 15 ans, de s&rsquo;investir et mettre en place des projets solidaires. Depuis 4 ans, le groupe d\u00e9nomm\u00e9 \u00a0\u00bb <strong><span class=\"d2edcug0 hpfvmrgz qv66sw1b c1et5uql lr9zc1uh a8c37x1j keod5gw0 nxhoafnm aigsh9s9 d3f4x2em fe6kdd0r mau55g9w c8b282yb mdeji52x a5q79mjw g1cxx5fr lrazzd5p oo9gr5id\" dir=\"auto\">La Solidari\u2019Team<\/span><\/strong> \u00a0\u00bb a mis en place plusieurs actions, dont un gros projet lors de cette ann\u00e9e scolaire, sur le harc\u00e8lement scolaire en partenariat avec <span style=\"color: #0000ff;\"><a style=\"color: #0000ff;\" href=\"https:\/\/www.unicef.fr\/comite-UNICEF\/unicef-rhone\">l&rsquo;UNICEF<\/a><\/span> et l&rsquo;<span style=\"color: #0000ff;\"><a style=\"color: #0000ff;\" href=\"https:\/\/www.asso-hugo.fr\">association Hugo<\/a><\/span>.<\/p>\n<hr \/>\n<p data-wp-editing=\"1\"><img loading=\"lazy\" decoding=\"async\" class=\"alignleft wp-image-132249\" src=\"https:\/\/newsestlyonnais.fr\/site\/wp-content\/uploads\/2021\/06\/Affiche-23-juin-v3-1-page-001-400x565.jpg\" alt=\"\" width=\"200\" height=\"283\" srcset=\"https:\/\/newsestlyonnais.fr\/site\/wp-content\/uploads\/2021\/06\/Affiche-23-juin-v3-1-page-001-400x565.jpg 400w, https:\/\/newsestlyonnais.fr\/site\/wp-content\/uploads\/2021\/06\/Affiche-23-juin-v3-1-page-001-650x919.jpg 650w, https:\/\/newsestlyonnais.fr\/site\/wp-content\/uploads\/2021\/06\/Affiche-23-juin-v3-1-page-001-250x353.jpg 250w, https:\/\/newsestlyonnais.fr\/site\/wp-content\/uploads\/2021\/06\/Affiche-23-juin-v3-1-page-001-768x1086.jpg 768w, https:\/\/newsestlyonnais.fr\/site\/wp-content\/uploads\/2021\/06\/Affiche-23-juin-v3-1-page-001-150x212.jpg 150w, https:\/\/newsestlyonnais.fr\/site\/wp-content\/uploads\/2021\/06\/Affiche-23-juin-v3-1-page-001-50x71.jpg 50w, https:\/\/newsestlyonnais.fr\/site\/wp-content\/uploads\/2021\/06\/Affiche-23-juin-v3-1-page-001-100x141.jpg 100w, https:\/\/newsestlyonnais.fr\/site\/wp-content\/uploads\/2021\/06\/Affiche-23-juin-v3-1-page-001-200x283.jpg 200w, https:\/\/newsestlyonnais.fr\/site\/wp-content\/uploads\/2021\/06\/Affiche-23-juin-v3-1-page-001-300x424.jpg 300w, https:\/\/newsestlyonnais.fr\/site\/wp-content\/uploads\/2021\/06\/Affiche-23-juin-v3-1-page-001-350x495.jpg 350w, https:\/\/newsestlyonnais.fr\/site\/wp-content\/uploads\/2021\/06\/Affiche-23-juin-v3-1-page-001-450x636.jpg 450w, https:\/\/newsestlyonnais.fr\/site\/wp-content\/uploads\/2021\/06\/Affiche-23-juin-v3-1-page-001-500x707.jpg 500w, https:\/\/newsestlyonnais.fr\/site\/wp-content\/uploads\/2021\/06\/Affiche-23-juin-v3-1-page-001-550x777.jpg 550w, https:\/\/newsestlyonnais.fr\/site\/wp-content\/uploads\/2021\/06\/Affiche-23-juin-v3-1-page-001-800x1131.jpg 800w, https:\/\/newsestlyonnais.fr\/site\/wp-content\/uploads\/2021\/06\/Affiche-23-juin-v3-1-page-001.jpg 849w\" sizes=\"auto, (max-width: 200px) 100vw, 200px\" \/>Le dernier en date, pr\u00e9par\u00e9 depuis plus de 2 mois s&rsquo;est concr\u00e9tis\u00e9 mercredi dernier en collaboration avec le <span style=\"color: #0000ff;\"><a style=\"color: #0000ff;\" href=\"https:\/\/www.tcgenas.fr\">Tennis Club de Genas<\/a><\/span>, qui a accueilli l&rsquo;espace d&rsquo;un apr\u00e8s-midi, cette sensibilisation au handisport, avec la pratique du tennis en fauteuil roulant. Ceci dans le cadre de la semaine olympique et paralympique.<\/p>\n<p>Elodie Bouisset, animatrice des Passeports Solidaire &amp; Culture et 7 jeunes de ce dispositif, ainsi qu&rsquo;Orane, stagiaire du TC Genas, ont organis\u00e9 cet \u00e9v\u00e8nement.<\/p>\n<p>&nbsp;<\/p>\n<hr \/>\n<figure id=\"attachment_132998\" aria-describedby=\"caption-attachment-132998\" style=\"width: 410px\" class=\"wp-caption alignleft\"><img loading=\"lazy\" decoding=\"async\" class=\"wp-image-132998\" src=\"https:\/\/newsestlyonnais.fr\/site\/wp-content\/uploads\/2021\/06\/P1450348-400x300.jpg\" alt=\"\" width=\"410\" height=\"308\" srcset=\"https:\/\/newsestlyonnais.fr\/site\/wp-content\/uploads\/2021\/06\/P1450348-400x300.jpg 400w, https:\/\/newsestlyonnais.fr\/site\/wp-content\/uploads\/2021\/06\/P1450348-650x488.jpg 650w, https:\/\/newsestlyonnais.fr\/site\/wp-content\/uploads\/2021\/06\/P1450348-250x188.jpg 250w, https:\/\/newsestlyonnais.fr\/site\/wp-content\/uploads\/2021\/06\/P1450348-768x576.jpg 768w, https:\/\/newsestlyonnais.fr\/site\/wp-content\/uploads\/2021\/06\/P1450348-150x113.jpg 150w, https:\/\/newsestlyonnais.fr\/site\/wp-content\/uploads\/2021\/06\/P1450348-50x38.jpg 50w, https:\/\/newsestlyonnais.fr\/site\/wp-content\/uploads\/2021\/06\/P1450348-100x75.jpg 100w, https:\/\/newsestlyonnais.fr\/site\/wp-content\/uploads\/2021\/06\/P1450348-200x150.jpg 200w, https:\/\/newsestlyonnais.fr\/site\/wp-content\/uploads\/2021\/06\/P1450348-300x225.jpg 300w, https:\/\/newsestlyonnais.fr\/site\/wp-content\/uploads\/2021\/06\/P1450348-350x263.jpg 350w, https:\/\/newsestlyonnais.fr\/site\/wp-content\/uploads\/2021\/06\/P1450348-450x338.jpg 450w, https:\/\/newsestlyonnais.fr\/site\/wp-content\/uploads\/2021\/06\/P1450348-500x375.jpg 500w, https:\/\/newsestlyonnais.fr\/site\/wp-content\/uploads\/2021\/06\/P1450348-550x413.jpg 550w, https:\/\/newsestlyonnais.fr\/site\/wp-content\/uploads\/2021\/06\/P1450348-800x600.jpg 800w, https:\/\/newsestlyonnais.fr\/site\/wp-content\/uploads\/2021\/06\/P1450348.jpg 1200w\" sizes=\"auto, (max-width: 410px) 100vw, 410px\" \/><figcaption id=\"caption-attachment-132998\" class=\"wp-caption-text\">Margaux Manciat &amp; Bernard Pugeant (TC Charnay l\u00e8s Macon), Floriane Vintras (TC Genas).<\/figcaption><\/figure>\n<p>Une sensibilisation ouverte au public et d\u00e9roul\u00e9e en pr\u00e9sence de 2 joueuses et 1 joueur de tennis en fauteuil roulant : Bernard Pugeant et Margaux Manciat (TC Charnay l\u00e8s Macon) et de Floriane Vintras (TC Genas) et des r\u00e9sidents du centre Paul Santy (Lyon 8\u00b0).<\/p>\n<p>Ces intervenants ont pu ainsi participer \u00e0 des d\u00e9monstrations sur le terrain et \u00e0 des ateliers avec les jeunes avant de se pr\u00eater au jeu des questions r\u00e9ponses sur leur handicap, leurs parcours personnel, mais aussi sur la pratique de leur sport favori, notamment sur le mat\u00e9riel utilis\u00e9 (fauteuil, raquettes). \u00a0\u00bb Le tennis en fauteuil est un sport et il faut aussi s&rsquo;entrainer. Et ce n&rsquo;est pas parce qu&rsquo;on est en fauteuil roulant que l&rsquo;on doit rester devant la t\u00e9l\u00e9 !\u00a0\u00bb confiait Bernard Pugeant.<\/p>\n<hr \/>\n<p><em><strong>Retour en images sur ce moment d&rsquo;\u00e9changes et de solidarit\u00e9 :<\/strong><\/em><\/p>\n<div id='gallery-1' class='gallery galleryid-132748 gallery-columns-4 gallery-size-thumbnail'><figure class='gallery-item'>\n\t\t\t<div class='gallery-icon landscape'>\n\t\t\t\t<a href='https:\/\/newsestlyonnais.fr\/site\/2021\/06\/27\/genas-une-sensibilisation-au-tennis-fauteuil\/p1450335\/'><img loading=\"lazy\" decoding=\"async\" width=\"150\" height=\"113\" src=\"https:\/\/newsestlyonnais.fr\/site\/wp-content\/uploads\/2021\/06\/P1450335-250x188.jpg\" class=\"attachment-thumbnail size-thumbnail\" alt=\"\" srcset=\"https:\/\/newsestlyonnais.fr\/site\/wp-content\/uploads\/2021\/06\/P1450335-250x188.jpg 250w, https:\/\/newsestlyonnais.fr\/site\/wp-content\/uploads\/2021\/06\/P1450335-400x300.jpg 400w, https:\/\/newsestlyonnais.fr\/site\/wp-content\/uploads\/2021\/06\/P1450335-650x488.jpg 650w, https:\/\/newsestlyonnais.fr\/site\/wp-content\/uploads\/2021\/06\/P1450335-768x576.jpg 768w, https:\/\/newsestlyonnais.fr\/site\/wp-content\/uploads\/2021\/06\/P1450335-150x113.jpg 150w, https:\/\/newsestlyonnais.fr\/site\/wp-content\/uploads\/2021\/06\/P1450335-50x38.jpg 50w, https:\/\/newsestlyonnais.fr\/site\/wp-content\/uploads\/2021\/06\/P1450335-100x75.jpg 100w, https:\/\/newsestlyonnais.fr\/site\/wp-content\/uploads\/2021\/06\/P1450335-200x150.jpg 200w, https:\/\/newsestlyonnais.fr\/site\/wp-content\/uploads\/2021\/06\/P1450335-300x225.jpg 300w, https:\/\/newsestlyonnais.fr\/site\/wp-content\/uploads\/2021\/06\/P1450335-350x263.jpg 350w, https:\/\/newsestlyonnais.fr\/site\/wp-content\/uploads\/2021\/06\/P1450335-450x338.jpg 450w, https:\/\/newsestlyonnais.fr\/site\/wp-content\/uploads\/2021\/06\/P1450335-500x375.jpg 500w, https:\/\/newsestlyonnais.fr\/site\/wp-content\/uploads\/2021\/06\/P1450335-550x413.jpg 550w, https:\/\/newsestlyonnais.fr\/site\/wp-content\/uploads\/2021\/06\/P1450335-800x600.jpg 800w, https:\/\/newsestlyonnais.fr\/site\/wp-content\/uploads\/2021\/06\/P1450335.jpg 1200w\" sizes=\"auto, (max-width: 150px) 100vw, 150px\" \/><\/a>\n\t\t\t<\/div><\/figure><figure class='gallery-item'>\n\t\t\t<div class='gallery-icon landscape'>\n\t\t\t\t<a href='https:\/\/newsestlyonnais.fr\/site\/2021\/06\/27\/genas-une-sensibilisation-au-tennis-fauteuil\/p1450336\/'><img loading=\"lazy\" decoding=\"async\" width=\"150\" height=\"113\" src=\"https:\/\/newsestlyonnais.fr\/site\/wp-content\/uploads\/2021\/06\/P1450336-250x188.jpg\" class=\"attachment-thumbnail size-thumbnail\" alt=\"\" srcset=\"https:\/\/newsestlyonnais.fr\/site\/wp-content\/uploads\/2021\/06\/P1450336-250x188.jpg 250w, https:\/\/newsestlyonnais.fr\/site\/wp-content\/uploads\/2021\/06\/P1450336-400x300.jpg 400w, https:\/\/newsestlyonnais.fr\/site\/wp-content\/uploads\/2021\/06\/P1450336-650x488.jpg 650w, https:\/\/newsestlyonnais.fr\/site\/wp-content\/uploads\/2021\/06\/P1450336-768x576.jpg 768w, https:\/\/newsestlyonnais.fr\/site\/wp-content\/uploads\/2021\/06\/P1450336-150x113.jpg 150w, https:\/\/newsestlyonnais.fr\/site\/wp-content\/uploads\/2021\/06\/P1450336-50x38.jpg 50w, https:\/\/newsestlyonnais.fr\/site\/wp-content\/uploads\/2021\/06\/P1450336-100x75.jpg 100w, https:\/\/newsestlyonnais.fr\/site\/wp-content\/uploads\/2021\/06\/P1450336-200x150.jpg 200w, https:\/\/newsestlyonnais.fr\/site\/wp-content\/uploads\/2021\/06\/P1450336-300x225.jpg 300w, https:\/\/newsestlyonnais.fr\/site\/wp-content\/uploads\/2021\/06\/P1450336-350x263.jpg 350w, https:\/\/newsestlyonnais.fr\/site\/wp-content\/uploads\/2021\/06\/P1450336-450x338.jpg 450w, https:\/\/newsestlyonnais.fr\/site\/wp-content\/uploads\/2021\/06\/P1450336-500x375.jpg 500w, https:\/\/newsestlyonnais.fr\/site\/wp-content\/uploads\/2021\/06\/P1450336-550x413.jpg 550w, https:\/\/newsestlyonnais.fr\/site\/wp-content\/uploads\/2021\/06\/P1450336-800x600.jpg 800w, https:\/\/newsestlyonnais.fr\/site\/wp-content\/uploads\/2021\/06\/P1450336.jpg 1200w\" sizes=\"auto, (max-width: 150px) 100vw, 150px\" \/><\/a>\n\t\t\t<\/div><\/figure><figure class='gallery-item'>\n\t\t\t<div class='gallery-icon landscape'>\n\t\t\t\t<a href='https:\/\/newsestlyonnais.fr\/site\/2021\/06\/27\/genas-une-sensibilisation-au-tennis-fauteuil\/p1450355\/'><img loading=\"lazy\" decoding=\"async\" width=\"150\" height=\"113\" src=\"https:\/\/newsestlyonnais.fr\/site\/wp-content\/uploads\/2021\/06\/P1450355-250x188.jpg\" class=\"attachment-thumbnail size-thumbnail\" alt=\"\" srcset=\"https:\/\/newsestlyonnais.fr\/site\/wp-content\/uploads\/2021\/06\/P1450355-250x188.jpg 250w, https:\/\/newsestlyonnais.fr\/site\/wp-content\/uploads\/2021\/06\/P1450355-400x300.jpg 400w, https:\/\/newsestlyonnais.fr\/site\/wp-content\/uploads\/2021\/06\/P1450355-650x488.jpg 650w, https:\/\/newsestlyonnais.fr\/site\/wp-content\/uploads\/2021\/06\/P1450355-768x576.jpg 768w, https:\/\/newsestlyonnais.fr\/site\/wp-content\/uploads\/2021\/06\/P1450355-150x113.jpg 150w, https:\/\/newsestlyonnais.fr\/site\/wp-content\/uploads\/2021\/06\/P1450355-50x38.jpg 50w, https:\/\/newsestlyonnais.fr\/site\/wp-content\/uploads\/2021\/06\/P1450355-100x75.jpg 100w, https:\/\/newsestlyonnais.fr\/site\/wp-content\/uploads\/2021\/06\/P1450355-200x150.jpg 200w, https:\/\/newsestlyonnais.fr\/site\/wp-content\/uploads\/2021\/06\/P1450355-300x225.jpg 300w, https:\/\/newsestlyonnais.fr\/site\/wp-content\/uploads\/2021\/06\/P1450355-350x263.jpg 350w, https:\/\/newsestlyonnais.fr\/site\/wp-content\/uploads\/2021\/06\/P1450355-450x338.jpg 450w, https:\/\/newsestlyonnais.fr\/site\/wp-content\/uploads\/2021\/06\/P1450355-500x375.jpg 500w, https:\/\/newsestlyonnais.fr\/site\/wp-content\/uploads\/2021\/06\/P1450355-550x413.jpg 550w, https:\/\/newsestlyonnais.fr\/site\/wp-content\/uploads\/2021\/06\/P1450355-800x600.jpg 800w, https:\/\/newsestlyonnais.fr\/site\/wp-content\/uploads\/2021\/06\/P1450355.jpg 1200w\" sizes=\"auto, (max-width: 150px) 100vw, 150px\" \/><\/a>\n\t\t\t<\/div><\/figure><figure class='gallery-item'>\n\t\t\t<div class='gallery-icon landscape'>\n\t\t\t\t<a href='https:\/\/newsestlyonnais.fr\/site\/2021\/06\/27\/genas-une-sensibilisation-au-tennis-fauteuil\/p1450353\/'><img loading=\"lazy\" decoding=\"async\" width=\"150\" height=\"113\" src=\"https:\/\/newsestlyonnais.fr\/site\/wp-content\/uploads\/2021\/06\/P1450353-250x188.jpg\" class=\"attachment-thumbnail size-thumbnail\" alt=\"\" srcset=\"https:\/\/newsestlyonnais.fr\/site\/wp-content\/uploads\/2021\/06\/P1450353-250x188.jpg 250w, https:\/\/newsestlyonnais.fr\/site\/wp-content\/uploads\/2021\/06\/P1450353-400x300.jpg 400w, https:\/\/newsestlyonnais.fr\/site\/wp-content\/uploads\/2021\/06\/P1450353-650x488.jpg 650w, https:\/\/newsestlyonnais.fr\/site\/wp-content\/uploads\/2021\/06\/P1450353-768x576.jpg 768w, https:\/\/newsestlyonnais.fr\/site\/wp-content\/uploads\/2021\/06\/P1450353-150x113.jpg 150w, https:\/\/newsestlyonnais.fr\/site\/wp-content\/uploads\/2021\/06\/P1450353-50x38.jpg 50w, https:\/\/newsestlyonnais.fr\/site\/wp-content\/uploads\/2021\/06\/P1450353-100x75.jpg 100w, https:\/\/newsestlyonnais.fr\/site\/wp-content\/uploads\/2021\/06\/P1450353-200x150.jpg 200w, https:\/\/newsestlyonnais.fr\/site\/wp-content\/uploads\/2021\/06\/P1450353-300x225.jpg 300w, https:\/\/newsestlyonnais.fr\/site\/wp-content\/uploads\/2021\/06\/P1450353-350x263.jpg 350w, https:\/\/newsestlyonnais.fr\/site\/wp-content\/uploads\/2021\/06\/P1450353-450x338.jpg 450w, https:\/\/newsestlyonnais.fr\/site\/wp-content\/uploads\/2021\/06\/P1450353-500x375.jpg 500w, https:\/\/newsestlyonnais.fr\/site\/wp-content\/uploads\/2021\/06\/P1450353-550x413.jpg 550w, https:\/\/newsestlyonnais.fr\/site\/wp-content\/uploads\/2021\/06\/P1450353-800x600.jpg 800w, https:\/\/newsestlyonnais.fr\/site\/wp-content\/uploads\/2021\/06\/P1450353.jpg 1200w\" sizes=\"auto, (max-width: 150px) 100vw, 150px\" \/><\/a>\n\t\t\t<\/div><\/figure>\n\t\t<\/div>\n\n<hr \/>\n<hr \/>\n","protected":false},"excerpt":{"rendered":"<p>Forts moments d&rsquo;\u00e9changes sur le terrain et lors du briefing entre joueurs de tennis en fauteuil roulant et jeunes de la Solidari\u2019Team.<\/p>\n","protected":false},"author":4,"featured_media":132987,"comment_status":"open","ping_status":"open","sticky":false,"template":"","format":"standard","meta":{"footnotes":""},"categories":[270,1598,3015,18,2,2992,2991],"tags":[],"class_list":["post-132748","post","type-post","status-publish","format-standard","has-post-thumbnail","hentry","category-cte-de-communes-c-c-e-l","category-genas","category-handi-adapte","category-sante-bien-etre-solidarite","category-sports","category-tennis-padel","category-tennis-tennis-table-sports"],"yoast_head":"<!-- This site is optimized with the Yoast SEO plugin v27.2 - https:\/\/yoast.com\/product\/yoast-seo-wordpress\/ -->\n<title>Genas | Une sensibilisation au tennis fauteuil - News Est Lyonnais<\/title>\n<meta name=\"description\" content=\"GENAS | Bel apr\u00e8s-midi de sensibilisation au tennis fauteuil\" \/>\n<meta name=\"robots\" content=\"index, follow, max-snippet:-1, max-image-preview:large, max-video-preview:-1\" \/>\n<link rel=\"canonical\" href=\"https:\/\/newsestlyonnais.fr\/site\/2021\/06\/27\/genas-une-sensibilisation-au-tennis-fauteuil\/\" \/>\n<meta property=\"og:locale\" content=\"fr_FR\" \/>\n<meta property=\"og:type\" content=\"article\" \/>\n<meta property=\"og:title\" content=\"Genas | Une sensibilisation au tennis fauteuil - News Est Lyonnais\" \/>\n<meta property=\"og:description\" content=\"GENAS | Bel apr\u00e8s-midi de sensibilisation au tennis fauteuil\" \/>\n<meta property=\"og:url\" content=\"https:\/\/newsestlyonnais.fr\/site\/2021\/06\/27\/genas-une-sensibilisation-au-tennis-fauteuil\/\" \/>\n<meta property=\"og:site_name\" content=\"News Est Lyonnais\" \/>\n<meta property=\"article:author\" content=\"https:\/\/www.facebook.com\/pascal.oberson.1?fref=ts\" \/>\n<meta property=\"article:published_time\" content=\"2021-06-27T07:31:38+00:00\" \/>\n<meta property=\"article:modified_time\" content=\"2021-07-07T07:05:22+00:00\" \/>\n<meta property=\"og:image\" content=\"https:\/\/i1.wp.com\/newsestlyonnais.fr\/site\/wp-content\/uploads\/2021\/06\/P1450358.jpg?fit=1200%2C900&ssl=1\" \/>\n\t<meta property=\"og:image:width\" content=\"1200\" \/>\n\t<meta property=\"og:image:height\" content=\"900\" \/>\n\t<meta property=\"og:image:type\" content=\"image\/jpeg\" \/>\n<meta name=\"author\" content=\"R\u00e9dac. NEWS\" \/>\n<meta name=\"twitter:card\" content=\"summary_large_image\" \/>\n<meta name=\"twitter:label1\" content=\"\u00c9crit par\" \/>\n\t<meta name=\"twitter:data1\" content=\"R\u00e9dac. NEWS\" \/>\n\t<meta name=\"twitter:label2\" content=\"Dur\u00e9e de lecture estim\u00e9e\" \/>\n\t<meta name=\"twitter:data2\" content=\"2 minutes\" \/>\n<script type=\"application\/ld+json\" class=\"yoast-schema-graph\">{\"@context\":\"https:\/\/schema.org\",\"@graph\":[{\"@type\":\"Article\",\"@id\":\"https:\/\/newsestlyonnais.fr\/site\/2021\/06\/27\/genas-une-sensibilisation-au-tennis-fauteuil\/#article\",\"isPartOf\":{\"@id\":\"https:\/\/newsestlyonnais.fr\/site\/2021\/06\/27\/genas-une-sensibilisation-au-tennis-fauteuil\/\"},\"author\":{\"name\":\"R\u00e9dac. NEWS\",\"@id\":\"https:\/\/newsestlyonnais.fr\/site\/#\/schema\/person\/3230d5615f390bb808365d673001e887\"},\"headline\":\"Genas | Une sensibilisation au tennis fauteuil\",\"datePublished\":\"2021-06-27T07:31:38+00:00\",\"dateModified\":\"2021-07-07T07:05:22+00:00\",\"mainEntityOfPage\":{\"@id\":\"https:\/\/newsestlyonnais.fr\/site\/2021\/06\/27\/genas-une-sensibilisation-au-tennis-fauteuil\/\"},\"wordCount\":320,\"commentCount\":0,\"publisher\":{\"@id\":\"https:\/\/newsestlyonnais.fr\/site\/#organization\"},\"image\":{\"@id\":\"https:\/\/newsestlyonnais.fr\/site\/2021\/06\/27\/genas-une-sensibilisation-au-tennis-fauteuil\/#primaryimage\"},\"thumbnailUrl\":\"https:\/\/newsestlyonnais.fr\/site\/wp-content\/uploads\/2021\/06\/P1450358.jpg\",\"articleSection\":[\"CCEL | Communes\",\"Genas\",\"Handi &amp; adapt\u00e9\",\"Sant\u00e9 | Bien Etre | Solidarit\u00e9\",\"Sports\",\"Tennis | Padel\",\"Tennis | Tennis de table\"],\"inLanguage\":\"fr-FR\",\"potentialAction\":[{\"@type\":\"CommentAction\",\"name\":\"Comment\",\"target\":[\"https:\/\/newsestlyonnais.fr\/site\/2021\/06\/27\/genas-une-sensibilisation-au-tennis-fauteuil\/#respond\"]}]},{\"@type\":\"WebPage\",\"@id\":\"https:\/\/newsestlyonnais.fr\/site\/2021\/06\/27\/genas-une-sensibilisation-au-tennis-fauteuil\/\",\"url\":\"https:\/\/newsestlyonnais.fr\/site\/2021\/06\/27\/genas-une-sensibilisation-au-tennis-fauteuil\/\",\"name\":\"Genas | Une sensibilisation au tennis fauteuil - News Est Lyonnais\",\"isPartOf\":{\"@id\":\"https:\/\/newsestlyonnais.fr\/site\/#website\"},\"primaryImageOfPage\":{\"@id\":\"https:\/\/newsestlyonnais.fr\/site\/2021\/06\/27\/genas-une-sensibilisation-au-tennis-fauteuil\/#primaryimage\"},\"image\":{\"@id\":\"https:\/\/newsestlyonnais.fr\/site\/2021\/06\/27\/genas-une-sensibilisation-au-tennis-fauteuil\/#primaryimage\"},\"thumbnailUrl\":\"https:\/\/newsestlyonnais.fr\/site\/wp-content\/uploads\/2021\/06\/P1450358.jpg\",\"datePublished\":\"2021-06-27T07:31:38+00:00\",\"dateModified\":\"2021-07-07T07:05:22+00:00\",\"description\":\"GENAS | Bel apr\u00e8s-midi de sensibilisation au tennis fauteuil\",\"breadcrumb\":{\"@id\":\"https:\/\/newsestlyonnais.fr\/site\/2021\/06\/27\/genas-une-sensibilisation-au-tennis-fauteuil\/#breadcrumb\"},\"inLanguage\":\"fr-FR\",\"potentialAction\":[{\"@type\":\"ReadAction\",\"target\":[\"https:\/\/newsestlyonnais.fr\/site\/2021\/06\/27\/genas-une-sensibilisation-au-tennis-fauteuil\/\"]}]},{\"@type\":\"ImageObject\",\"inLanguage\":\"fr-FR\",\"@id\":\"https:\/\/newsestlyonnais.fr\/site\/2021\/06\/27\/genas-une-sensibilisation-au-tennis-fauteuil\/#primaryimage\",\"url\":\"https:\/\/newsestlyonnais.fr\/site\/wp-content\/uploads\/2021\/06\/P1450358.jpg\",\"contentUrl\":\"https:\/\/newsestlyonnais.fr\/site\/wp-content\/uploads\/2021\/06\/P1450358.jpg\",\"width\":1200,\"height\":900},{\"@type\":\"BreadcrumbList\",\"@id\":\"https:\/\/newsestlyonnais.fr\/site\/2021\/06\/27\/genas-une-sensibilisation-au-tennis-fauteuil\/#breadcrumb\",\"itemListElement\":[{\"@type\":\"ListItem\",\"position\":1,\"name\":\"Accueil\",\"item\":\"https:\/\/newsestlyonnais.fr\/site\/\"},{\"@type\":\"ListItem\",\"position\":2,\"name\":\"Genas | Une sensibilisation au tennis fauteuil\"}]},{\"@type\":\"WebSite\",\"@id\":\"https:\/\/newsestlyonnais.fr\/site\/#website\",\"url\":\"https:\/\/newsestlyonnais.fr\/site\/\",\"name\":\"News Est Lyonnais\",\"description\":\"L&#039;actualit\u00e9 au plus pr\u00e8s\",\"publisher\":{\"@id\":\"https:\/\/newsestlyonnais.fr\/site\/#organization\"},\"potentialAction\":[{\"@type\":\"SearchAction\",\"target\":{\"@type\":\"EntryPoint\",\"urlTemplate\":\"https:\/\/newsestlyonnais.fr\/site\/?s={search_term_string}\"},\"query-input\":{\"@type\":\"PropertyValueSpecification\",\"valueRequired\":true,\"valueName\":\"search_term_string\"}}],\"inLanguage\":\"fr-FR\"},{\"@type\":\"Organization\",\"@id\":\"https:\/\/newsestlyonnais.fr\/site\/#organization\",\"name\":\"News EST LYONNAIS\",\"url\":\"https:\/\/newsestlyonnais.fr\/site\/\",\"logo\":{\"@type\":\"ImageObject\",\"inLanguage\":\"fr-FR\",\"@id\":\"https:\/\/newsestlyonnais.fr\/site\/#\/schema\/logo\/image\/\",\"url\":\"\",\"contentUrl\":\"\",\"caption\":\"News EST LYONNAIS\"},\"image\":{\"@id\":\"https:\/\/newsestlyonnais.fr\/site\/#\/schema\/logo\/image\/\"}},{\"@type\":\"Person\",\"@id\":\"https:\/\/newsestlyonnais.fr\/site\/#\/schema\/person\/3230d5615f390bb808365d673001e887\",\"name\":\"R\u00e9dac. NEWS\",\"sameAs\":[\"http:\/\/www.newsestlyonnais.fr\",\"https:\/\/www.facebook.com\/pascal.oberson.1?fref=ts\",\"https:\/\/fr.linkedin.com\/in\/pascal-oberson-b17045113\"],\"url\":\"https:\/\/newsestlyonnais.fr\/site\/author\/nel\/\"}]}<\/script>\n<!-- \/ Yoast SEO plugin. -->","yoast_head_json":{"title":"Genas | Une sensibilisation au tennis fauteuil - News Est Lyonnais","description":"GENAS | Bel apr\u00e8s-midi de sensibilisation au tennis fauteuil","robots":{"index":"index","follow":"follow","max-snippet":"max-snippet:-1","max-image-preview":"max-image-preview:large","max-video-preview":"max-video-preview:-1"},"canonical":"https:\/\/newsestlyonnais.fr\/site\/2021\/06\/27\/genas-une-sensibilisation-au-tennis-fauteuil\/","og_locale":"fr_FR","og_type":"article","og_title":"Genas | Une sensibilisation au tennis fauteuil - News Est Lyonnais","og_description":"GENAS | Bel apr\u00e8s-midi de sensibilisation au tennis fauteuil","og_url":"https:\/\/newsestlyonnais.fr\/site\/2021\/06\/27\/genas-une-sensibilisation-au-tennis-fauteuil\/","og_site_name":"News Est Lyonnais","article_author":"https:\/\/www.facebook.com\/pascal.oberson.1?fref=ts","article_published_time":"2021-06-27T07:31:38+00:00","article_modified_time":"2021-07-07T07:05:22+00:00","og_image":[{"width":1200,"height":900,"url":"https:\/\/i1.wp.com\/newsestlyonnais.fr\/site\/wp-content\/uploads\/2021\/06\/P1450358.jpg?fit=1200%2C900&ssl=1","type":"image\/jpeg"}],"author":"R\u00e9dac. NEWS","twitter_card":"summary_large_image","twitter_misc":{"\u00c9crit par":"R\u00e9dac. NEWS","Dur\u00e9e de lecture estim\u00e9e":"2 minutes"},"schema":{"@context":"https:\/\/schema.org","@graph":[{"@type":"Article","@id":"https:\/\/newsestlyonnais.fr\/site\/2021\/06\/27\/genas-une-sensibilisation-au-tennis-fauteuil\/#article","isPartOf":{"@id":"https:\/\/newsestlyonnais.fr\/site\/2021\/06\/27\/genas-une-sensibilisation-au-tennis-fauteuil\/"},"author":{"name":"R\u00e9dac. NEWS","@id":"https:\/\/newsestlyonnais.fr\/site\/#\/schema\/person\/3230d5615f390bb808365d673001e887"},"headline":"Genas | Une sensibilisation au tennis fauteuil","datePublished":"2021-06-27T07:31:38+00:00","dateModified":"2021-07-07T07:05:22+00:00","mainEntityOfPage":{"@id":"https:\/\/newsestlyonnais.fr\/site\/2021\/06\/27\/genas-une-sensibilisation-au-tennis-fauteuil\/"},"wordCount":320,"commentCount":0,"publisher":{"@id":"https:\/\/newsestlyonnais.fr\/site\/#organization"},"image":{"@id":"https:\/\/newsestlyonnais.fr\/site\/2021\/06\/27\/genas-une-sensibilisation-au-tennis-fauteuil\/#primaryimage"},"thumbnailUrl":"https:\/\/newsestlyonnais.fr\/site\/wp-content\/uploads\/2021\/06\/P1450358.jpg","articleSection":["CCEL | Communes","Genas","Handi &amp; adapt\u00e9","Sant\u00e9 | Bien Etre | Solidarit\u00e9","Sports","Tennis | Padel","Tennis | Tennis de table"],"inLanguage":"fr-FR","potentialAction":[{"@type":"CommentAction","name":"Comment","target":["https:\/\/newsestlyonnais.fr\/site\/2021\/06\/27\/genas-une-sensibilisation-au-tennis-fauteuil\/#respond"]}]},{"@type":"WebPage","@id":"https:\/\/newsestlyonnais.fr\/site\/2021\/06\/27\/genas-une-sensibilisation-au-tennis-fauteuil\/","url":"https:\/\/newsestlyonnais.fr\/site\/2021\/06\/27\/genas-une-sensibilisation-au-tennis-fauteuil\/","name":"Genas | Une sensibilisation au tennis fauteuil - News Est Lyonnais","isPartOf":{"@id":"https:\/\/newsestlyonnais.fr\/site\/#website"},"primaryImageOfPage":{"@id":"https:\/\/newsestlyonnais.fr\/site\/2021\/06\/27\/genas-une-sensibilisation-au-tennis-fauteuil\/#primaryimage"},"image":{"@id":"https:\/\/newsestlyonnais.fr\/site\/2021\/06\/27\/genas-une-sensibilisation-au-tennis-fauteuil\/#primaryimage"},"thumbnailUrl":"https:\/\/newsestlyonnais.fr\/site\/wp-content\/uploads\/2021\/06\/P1450358.jpg","datePublished":"2021-06-27T07:31:38+00:00","dateModified":"2021-07-07T07:05:22+00:00","description":"GENAS | Bel apr\u00e8s-midi de sensibilisation au tennis fauteuil","breadcrumb":{"@id":"https:\/\/newsestlyonnais.fr\/site\/2021\/06\/27\/genas-une-sensibilisation-au-tennis-fauteuil\/#breadcrumb"},"inLanguage":"fr-FR","potentialAction":[{"@type":"ReadAction","target":["https:\/\/newsestlyonnais.fr\/site\/2021\/06\/27\/genas-une-sensibilisation-au-tennis-fauteuil\/"]}]},{"@type":"ImageObject","inLanguage":"fr-FR","@id":"https:\/\/newsestlyonnais.fr\/site\/2021\/06\/27\/genas-une-sensibilisation-au-tennis-fauteuil\/#primaryimage","url":"https:\/\/newsestlyonnais.fr\/site\/wp-content\/uploads\/2021\/06\/P1450358.jpg","contentUrl":"https:\/\/newsestlyonnais.fr\/site\/wp-content\/uploads\/2021\/06\/P1450358.jpg","width":1200,"height":900},{"@type":"BreadcrumbList","@id":"https:\/\/newsestlyonnais.fr\/site\/2021\/06\/27\/genas-une-sensibilisation-au-tennis-fauteuil\/#breadcrumb","itemListElement":[{"@type":"ListItem","position":1,"name":"Accueil","item":"https:\/\/newsestlyonnais.fr\/site\/"},{"@type":"ListItem","position":2,"name":"Genas | Une sensibilisation au tennis fauteuil"}]},{"@type":"WebSite","@id":"https:\/\/newsestlyonnais.fr\/site\/#website","url":"https:\/\/newsestlyonnais.fr\/site\/","name":"News Est Lyonnais","description":"L&#039;actualit\u00e9 au plus pr\u00e8s","publisher":{"@id":"https:\/\/newsestlyonnais.fr\/site\/#organization"},"potentialAction":[{"@type":"SearchAction","target":{"@type":"EntryPoint","urlTemplate":"https:\/\/newsestlyonnais.fr\/site\/?s={search_term_string}"},"query-input":{"@type":"PropertyValueSpecification","valueRequired":true,"valueName":"search_term_string"}}],"inLanguage":"fr-FR"},{"@type":"Organization","@id":"https:\/\/newsestlyonnais.fr\/site\/#organization","name":"News EST LYONNAIS","url":"https:\/\/newsestlyonnais.fr\/site\/","logo":{"@type":"ImageObject","inLanguage":"fr-FR","@id":"https:\/\/newsestlyonnais.fr\/site\/#\/schema\/logo\/image\/","url":"","contentUrl":"","caption":"News EST LYONNAIS"},"image":{"@id":"https:\/\/newsestlyonnais.fr\/site\/#\/schema\/logo\/image\/"}},{"@type":"Person","@id":"https:\/\/newsestlyonnais.fr\/site\/#\/schema\/person\/3230d5615f390bb808365d673001e887","name":"R\u00e9dac. NEWS","sameAs":["http:\/\/www.newsestlyonnais.fr","https:\/\/www.facebook.com\/pascal.oberson.1?fref=ts","https:\/\/fr.linkedin.com\/in\/pascal-oberson-b17045113"],"url":"https:\/\/newsestlyonnais.fr\/site\/author\/nel\/"}]}},"_links":{"self":[{"href":"https:\/\/newsestlyonnais.fr\/site\/wp-json\/wp\/v2\/posts\/132748","targetHints":{"allow":["GET"]}}],"collection":[{"href":"https:\/\/newsestlyonnais.fr\/site\/wp-json\/wp\/v2\/posts"}],"about":[{"href":"https:\/\/newsestlyonnais.fr\/site\/wp-json\/wp\/v2\/types\/post"}],"author":[{"embeddable":true,"href":"https:\/\/newsestlyonnais.fr\/site\/wp-json\/wp\/v2\/users\/4"}],"replies":[{"embeddable":true,"href":"https:\/\/newsestlyonnais.fr\/site\/wp-json\/wp\/v2\/comments?post=132748"}],"version-history":[{"count":0,"href":"https:\/\/newsestlyonnais.fr\/site\/wp-json\/wp\/v2\/posts\/132748\/revisions"}],"wp:featuredmedia":[{"embeddable":true,"href":"https:\/\/newsestlyonnais.fr\/site\/wp-json\/wp\/v2\/media\/132987"}],"wp:attachment":[{"href":"https:\/\/newsestlyonnais.fr\/site\/wp-json\/wp\/v2\/media?parent=132748"}],"wp:term":[{"taxonomy":"category","embeddable":true,"href":"https:\/\/newsestlyonnais.fr\/site\/wp-json\/wp\/v2\/categories?post=132748"},{"taxonomy":"post_tag","embeddable":true,"href":"https:\/\/newsestlyonnais.fr\/site\/wp-json\/wp\/v2\/tags?post=132748"}],"curies":[{"name":"wp","href":"https:\/\/api.w.org\/{rel}","templated":true}]}}