{"id":132852,"date":"2021-06-25T16:31:51","date_gmt":"2021-06-25T15:31:51","guid":{"rendered":"https:\/\/newsestlyonnais.fr\/site\/?p=132852"},"modified":"2021-06-29T10:29:47","modified_gmt":"2021-06-29T09:29:47","slug":"bron-lyon-euro-2021-fan-zone-pour-france-suisse","status":"publish","type":"post","link":"https:\/\/newsestlyonnais.fr\/site\/2021\/06\/25\/bron-lyon-euro-2021-fan-zone-pour-france-suisse\/","title":{"rendered":"BRON-LYON | Euro 2021 > fan zone pour France \/ Suisse (28 juin)"},"content":{"rendered":"<p class=\"subject\"><span style=\"background-color: #000000; color: #ffffff;\"><em><strong>Euro de football, bienvenue sur la 4\u00b0 fan zone \u00e0 Bron<\/strong><\/em><\/span><\/p>\n<p><span id=\"page89R_mcid25\" class=\"markedContent\"><span dir=\"ltr\">Succ\u00e8s <\/span><span dir=\"ltr\">des <\/span><span dir=\"ltr\">trois<\/span><span dir=\"ltr\"> premi\u00e8res <\/span><span dir=\"ltr\">fan zones \u00e0 Bron <\/span><span dir=\"ltr\">dans <\/span><span dir=\"ltr\">la <\/span><span dir=\"ltr\">ville <\/span><span dir=\"ltr\">de <\/span><span dir=\"ltr\">Karim Benzema <\/span><span dir=\"ltr\">! La Mairie de Bron poursuit son op\u00e9ration <\/span><span dir=\"ltr\">fan zone et <\/span><span dir=\"ltr\">propose <\/span><span dir=\"ltr\">au <\/span><span dir=\"ltr\">public <\/span><strong><span dir=\"ltr\">d\u2019assister gratuitement \u00e0 la <\/span><span dir=\"ltr\">retransmission <\/span><span dir=\"ltr\">sur \u00e9cran <\/span><span dir=\"ltr\">g\u00e9ant du <\/span><span dir=\"ltr\">4\u00b0 <\/span><span dir=\"ltr\"> match de l\u2019<\/span><span dir=\"ltr\">\u00e9quipe <\/span><span dir=\"ltr\">de France. <\/span><\/strong><span dir=\"ltr\">Pour suivre et supporter les <\/span><span dir=\"ltr\">Bleus <\/span><span dir=\"ltr\">au stade <\/span><span dir=\"ltr\">Pierre <\/span><span dir=\"ltr\">Duboeuf, 4 rue Jean-Bouin <\/span><span dir=\"ltr\">\u00e0 Bron, <\/span><span dir=\"ltr\">rendez-vous <\/span><span dir=\"ltr\">lundi <\/span><span dir=\"ltr\">2<\/span><span dir=\"ltr\">8<\/span><span dir=\"ltr\"> juin et plus si qualification ! <\/span><\/span><\/p>\n<p><span id=\"page89R_mcid25\" class=\"markedContent\"><strong><span dir=\"ltr\">Afin de respecter <\/span><span dir=\"ltr\">la jauge sanitaire <\/span><span dir=\"ltr\">de 900 personnes, il <\/span><span dir=\"ltr\">est <\/span><span dir=\"ltr\">obligatoire <\/span><span dir=\"ltr\">de r\u00e9server <\/span><\/strong><span dir=\"ltr\"><strong>sa place<\/strong> en amont <\/span><span dir=\"ltr\">de l\u2019<\/span><span dir=\"ltr\">\u00e9v\u00e9nement <\/span><span dir=\"ltr\">via <\/span><span dir=\"ltr\">la <\/span><span dir=\"ltr\">plateforme Toodego accessible sur <span style=\"color: #0000ff;\"><a style=\"color: #0000ff;\" href=\"http:\/\/www.ville-bron.fr\">www.ville-bron.fr<\/a><\/span><\/span><\/span><\/p>\n<p><span id=\"page89R_mcid25\" class=\"markedContent\"><span dir=\"ltr\">Une fois l\u2019inscription effectu\u00e9e, chacun est invit\u00e9 \u00e0 venir avec une pi\u00e8ce <\/span><span dir=\"ltr\">d\u2019identit\u00e9 (carte d\u2019identit\u00e9, passeport, permis de conduire &#8230;), son mail <\/span><span dir=\"ltr\">de confirmation (imprim\u00e9 ou sur t\u00e9l\u00e9phone), et un masque.<\/span><\/span><\/p>\n<hr \/>\n<div class=\"BLOC-chapeau full\">\n<div class=\"description\">\n<p><span style=\"background-color: #000000; color: #ffffff;\"><em><strong>Euro 2021 : une fan zone au Matmut Stadium de Gerland<\/strong><\/em><\/span><\/p>\n<p>La Ville de Lyon d\u00e9ploie d\u00e8s lundi 28 juin une fan zone officielle pour suivre l\u2019\u00e9quipe de France pendant la phase finale de l\u2019EURO 2021.<\/p>\n<p><strong>Un \u00e9cran g\u00e9ant sera install\u00e9 d\u00e8s ce lundi<\/strong> afin de permettre aux supporters de l\u2019\u00c9quipe de France de suivre la suite de la comp\u00e9tition dans les meilleures conditions, depuis la mythique pelouse du stade.<\/p>\n<p>le Maire de Lyon a, apr\u00e8s \u00e9changes avec Monsieur le Pr\u00e9fet, examin\u00e9 avec les \u00e9quipes municipales l\u2019organisation d\u2019une fan zone publique, et sollicit\u00e9 GL Events et LOU Rugby pour \u00e9tudier son organisation au Matmut Stadium de Gerland.<\/p>\n<\/div>\n<\/div>\n<div class=\"field field--name-field-content field--type-entity-reference-revisions field--label-visually_hidden\">\n<div class=\"field__items\">\n<div class=\"field--item\">\n<div class=\"paragraph paragraph--type--text-block paragraph--view-mode--default\">\n<div class=\"field field--name-field-content field--type-text-long field--label-visually_hidden\">\n<div class=\"field--item\">\n<p>Ouverture des portes d\u00e8s 19 h et coup d\u2019envoi de la rencontre \u00e0 21 h. Des espaces de buvette et restauration seront disponibles sur place, sur la pelouse.<\/p>\n<p>Afin de respecter le protocole sanitaire en rigueur, <strong>un dispositif d\u2019accueil adapt\u00e9 sera en place pour cet \u00e9v\u00e8nement<\/strong> :<\/p>\n<ul>\n<li>r\u00e9servation gratuite et obligatoire sur <a class=\"lien-externe\" title=\"Billetterie LOU\" href=\"https:\/\/billetterie.lourugby.fr\/\" target=\"_blank\" rel=\"noopener\">billetterie.lourugby.fr<\/a><\/li>\n<li>le port du masque reste obligatoire<\/li>\n<li>la pr\u00e9sentation d\u2019un Pass Sanitaire valide conditionnera l\u2019entr\u00e9e au stade (test antig\u00e9nique ou PCR moins de 48 heures ou vaccin complet)<\/li>\n<\/ul>\n<p><em><strong>PHOTO A LA UNE : Matmut Stadium de Gerland (Droits r\u00e9serv\u00e9s Ville de Lyon).<\/strong> <\/em><\/p>\n<hr \/>\n<hr \/>\n<p>&nbsp;<\/p>\n<\/div>\n<\/div>\n<\/div>\n<\/div>\n<\/div>\n<\/div>\n","protected":false},"excerpt":{"rendered":"<p>Ces 2 communes proposeront lundi soir, une retransmission publique en stade de ce prochain match des bleus. <\/p>\n","protected":false},"author":4,"featured_media":132853,"comment_status":"open","ping_status":"open","sticky":false,"template":"","format":"standard","meta":{"footnotes":""},"categories":[19,1329,2996,1625],"tags":[2072,3812,2771,2077],"class_list":["post-132852","post","type-post","status-publish","format-standard","has-post-thumbnail","hentry","category-bron","category-foot","category-football-rugby","category-lyon","tag-bron","tag-euro-2021","tag-groupama-stadium","tag-lyon"],"yoast_head":"<!-- This site is optimized with the Yoast SEO plugin v27.2 - https:\/\/yoast.com\/product\/yoast-seo-wordpress\/ -->\n<title>BRON-LYON | Euro 2021 &gt; fan zone pour France \/ Suisse (28 juin) - News Est Lyonnais<\/title>\n<meta name=\"description\" content=\"BRON et LYON | EURO 2021 &gt; une fan zone pour la rencontre France \/ Suisse\" \/>\n<meta name=\"robots\" content=\"index, follow, max-snippet:-1, max-image-preview:large, max-video-preview:-1\" \/>\n<link rel=\"canonical\" href=\"https:\/\/newsestlyonnais.fr\/site\/2021\/06\/25\/bron-lyon-euro-2021-fan-zone-pour-france-suisse\/\" \/>\n<meta property=\"og:locale\" content=\"fr_FR\" \/>\n<meta property=\"og:type\" content=\"article\" \/>\n<meta property=\"og:title\" content=\"BRON-LYON | Euro 2021 &gt; fan zone pour France \/ Suisse (28 juin) - News Est Lyonnais\" \/>\n<meta property=\"og:description\" content=\"BRON et LYON | EURO 2021 &gt; une fan zone pour la rencontre France \/ Suisse\" \/>\n<meta property=\"og:url\" content=\"https:\/\/newsestlyonnais.fr\/site\/2021\/06\/25\/bron-lyon-euro-2021-fan-zone-pour-france-suisse\/\" \/>\n<meta property=\"og:site_name\" content=\"News Est Lyonnais\" \/>\n<meta property=\"article:author\" content=\"https:\/\/www.facebook.com\/pascal.oberson.1?fref=ts\" \/>\n<meta property=\"article:published_time\" content=\"2021-06-25T15:31:51+00:00\" \/>\n<meta property=\"article:modified_time\" content=\"2021-06-29T09:29:47+00:00\" \/>\n<meta property=\"og:image\" content=\"https:\/\/i1.wp.com\/newsestlyonnais.fr\/site\/wp-content\/uploads\/2021\/06\/matmut-p.jpg?fit=618%2C348&ssl=1\" \/>\n\t<meta property=\"og:image:width\" content=\"618\" \/>\n\t<meta property=\"og:image:height\" content=\"348\" \/>\n\t<meta property=\"og:image:type\" content=\"image\/jpeg\" \/>\n<meta name=\"author\" content=\"R\u00e9dac. NEWS\" \/>\n<meta name=\"twitter:card\" content=\"summary_large_image\" \/>\n<meta name=\"twitter:label1\" content=\"\u00c9crit par\" \/>\n\t<meta name=\"twitter:data1\" content=\"R\u00e9dac. NEWS\" \/>\n\t<meta name=\"twitter:label2\" content=\"Dur\u00e9e de lecture estim\u00e9e\" \/>\n\t<meta name=\"twitter:data2\" content=\"2 minutes\" \/>\n<script type=\"application\/ld+json\" class=\"yoast-schema-graph\">{\"@context\":\"https:\/\/schema.org\",\"@graph\":[{\"@type\":\"Article\",\"@id\":\"https:\/\/newsestlyonnais.fr\/site\/2021\/06\/25\/bron-lyon-euro-2021-fan-zone-pour-france-suisse\/#article\",\"isPartOf\":{\"@id\":\"https:\/\/newsestlyonnais.fr\/site\/2021\/06\/25\/bron-lyon-euro-2021-fan-zone-pour-france-suisse\/\"},\"author\":{\"name\":\"R\u00e9dac. NEWS\",\"@id\":\"https:\/\/newsestlyonnais.fr\/site\/#\/schema\/person\/3230d5615f390bb808365d673001e887\"},\"headline\":\"BRON-LYON | Euro 2021 > fan zone pour France \/ Suisse (28 juin)\",\"datePublished\":\"2021-06-25T15:31:51+00:00\",\"dateModified\":\"2021-06-29T09:29:47+00:00\",\"mainEntityOfPage\":{\"@id\":\"https:\/\/newsestlyonnais.fr\/site\/2021\/06\/25\/bron-lyon-euro-2021-fan-zone-pour-france-suisse\/\"},\"wordCount\":367,\"commentCount\":0,\"publisher\":{\"@id\":\"https:\/\/newsestlyonnais.fr\/site\/#organization\"},\"image\":{\"@id\":\"https:\/\/newsestlyonnais.fr\/site\/2021\/06\/25\/bron-lyon-euro-2021-fan-zone-pour-france-suisse\/#primaryimage\"},\"thumbnailUrl\":\"https:\/\/newsestlyonnais.fr\/site\/wp-content\/uploads\/2021\/06\/matmut-p.jpg\",\"keywords\":[\"BRON\",\"EURO 2021\",\"GROUPAMA STADIUM\",\"LYON\"],\"articleSection\":[\"Bron\",\"Foot | Futsal\",\"Foot | Rugby\",\"Lyon\"],\"inLanguage\":\"fr-FR\",\"potentialAction\":[{\"@type\":\"CommentAction\",\"name\":\"Comment\",\"target\":[\"https:\/\/newsestlyonnais.fr\/site\/2021\/06\/25\/bron-lyon-euro-2021-fan-zone-pour-france-suisse\/#respond\"]}]},{\"@type\":\"WebPage\",\"@id\":\"https:\/\/newsestlyonnais.fr\/site\/2021\/06\/25\/bron-lyon-euro-2021-fan-zone-pour-france-suisse\/\",\"url\":\"https:\/\/newsestlyonnais.fr\/site\/2021\/06\/25\/bron-lyon-euro-2021-fan-zone-pour-france-suisse\/\",\"name\":\"BRON-LYON | Euro 2021 > fan zone pour France \/ Suisse (28 juin) - News Est Lyonnais\",\"isPartOf\":{\"@id\":\"https:\/\/newsestlyonnais.fr\/site\/#website\"},\"primaryImageOfPage\":{\"@id\":\"https:\/\/newsestlyonnais.fr\/site\/2021\/06\/25\/bron-lyon-euro-2021-fan-zone-pour-france-suisse\/#primaryimage\"},\"image\":{\"@id\":\"https:\/\/newsestlyonnais.fr\/site\/2021\/06\/25\/bron-lyon-euro-2021-fan-zone-pour-france-suisse\/#primaryimage\"},\"thumbnailUrl\":\"https:\/\/newsestlyonnais.fr\/site\/wp-content\/uploads\/2021\/06\/matmut-p.jpg\",\"datePublished\":\"2021-06-25T15:31:51+00:00\",\"dateModified\":\"2021-06-29T09:29:47+00:00\",\"description\":\"BRON et LYON | EURO 2021 > une fan zone pour la rencontre France \/ Suisse\",\"breadcrumb\":{\"@id\":\"https:\/\/newsestlyonnais.fr\/site\/2021\/06\/25\/bron-lyon-euro-2021-fan-zone-pour-france-suisse\/#breadcrumb\"},\"inLanguage\":\"fr-FR\",\"potentialAction\":[{\"@type\":\"ReadAction\",\"target\":[\"https:\/\/newsestlyonnais.fr\/site\/2021\/06\/25\/bron-lyon-euro-2021-fan-zone-pour-france-suisse\/\"]}]},{\"@type\":\"ImageObject\",\"inLanguage\":\"fr-FR\",\"@id\":\"https:\/\/newsestlyonnais.fr\/site\/2021\/06\/25\/bron-lyon-euro-2021-fan-zone-pour-france-suisse\/#primaryimage\",\"url\":\"https:\/\/newsestlyonnais.fr\/site\/wp-content\/uploads\/2021\/06\/matmut-p.jpg\",\"contentUrl\":\"https:\/\/newsestlyonnais.fr\/site\/wp-content\/uploads\/2021\/06\/matmut-p.jpg\",\"width\":618,\"height\":348},{\"@type\":\"BreadcrumbList\",\"@id\":\"https:\/\/newsestlyonnais.fr\/site\/2021\/06\/25\/bron-lyon-euro-2021-fan-zone-pour-france-suisse\/#breadcrumb\",\"itemListElement\":[{\"@type\":\"ListItem\",\"position\":1,\"name\":\"Accueil\",\"item\":\"https:\/\/newsestlyonnais.fr\/site\/\"},{\"@type\":\"ListItem\",\"position\":2,\"name\":\"BRON-LYON | Euro 2021 > fan zone pour France \/ Suisse (28 juin)\"}]},{\"@type\":\"WebSite\",\"@id\":\"https:\/\/newsestlyonnais.fr\/site\/#website\",\"url\":\"https:\/\/newsestlyonnais.fr\/site\/\",\"name\":\"News Est Lyonnais\",\"description\":\"L&#039;actualit\u00e9 au plus pr\u00e8s\",\"publisher\":{\"@id\":\"https:\/\/newsestlyonnais.fr\/site\/#organization\"},\"potentialAction\":[{\"@type\":\"SearchAction\",\"target\":{\"@type\":\"EntryPoint\",\"urlTemplate\":\"https:\/\/newsestlyonnais.fr\/site\/?s={search_term_string}\"},\"query-input\":{\"@type\":\"PropertyValueSpecification\",\"valueRequired\":true,\"valueName\":\"search_term_string\"}}],\"inLanguage\":\"fr-FR\"},{\"@type\":\"Organization\",\"@id\":\"https:\/\/newsestlyonnais.fr\/site\/#organization\",\"name\":\"News EST LYONNAIS\",\"url\":\"https:\/\/newsestlyonnais.fr\/site\/\",\"logo\":{\"@type\":\"ImageObject\",\"inLanguage\":\"fr-FR\",\"@id\":\"https:\/\/newsestlyonnais.fr\/site\/#\/schema\/logo\/image\/\",\"url\":\"\",\"contentUrl\":\"\",\"caption\":\"News EST LYONNAIS\"},\"image\":{\"@id\":\"https:\/\/newsestlyonnais.fr\/site\/#\/schema\/logo\/image\/\"}},{\"@type\":\"Person\",\"@id\":\"https:\/\/newsestlyonnais.fr\/site\/#\/schema\/person\/3230d5615f390bb808365d673001e887\",\"name\":\"R\u00e9dac. NEWS\",\"sameAs\":[\"http:\/\/www.newsestlyonnais.fr\",\"https:\/\/www.facebook.com\/pascal.oberson.1?fref=ts\",\"https:\/\/fr.linkedin.com\/in\/pascal-oberson-b17045113\"],\"url\":\"https:\/\/newsestlyonnais.fr\/site\/author\/nel\/\"}]}<\/script>\n<!-- \/ Yoast SEO plugin. -->","yoast_head_json":{"title":"BRON-LYON | Euro 2021 > fan zone pour France \/ Suisse (28 juin) - News Est Lyonnais","description":"BRON et LYON | EURO 2021 > une fan zone pour la rencontre France \/ Suisse","robots":{"index":"index","follow":"follow","max-snippet":"max-snippet:-1","max-image-preview":"max-image-preview:large","max-video-preview":"max-video-preview:-1"},"canonical":"https:\/\/newsestlyonnais.fr\/site\/2021\/06\/25\/bron-lyon-euro-2021-fan-zone-pour-france-suisse\/","og_locale":"fr_FR","og_type":"article","og_title":"BRON-LYON | Euro 2021 > fan zone pour France \/ Suisse (28 juin) - News Est Lyonnais","og_description":"BRON et LYON | EURO 2021 > une fan zone pour la rencontre France \/ Suisse","og_url":"https:\/\/newsestlyonnais.fr\/site\/2021\/06\/25\/bron-lyon-euro-2021-fan-zone-pour-france-suisse\/","og_site_name":"News Est Lyonnais","article_author":"https:\/\/www.facebook.com\/pascal.oberson.1?fref=ts","article_published_time":"2021-06-25T15:31:51+00:00","article_modified_time":"2021-06-29T09:29:47+00:00","og_image":[{"width":618,"height":348,"url":"https:\/\/i1.wp.com\/newsestlyonnais.fr\/site\/wp-content\/uploads\/2021\/06\/matmut-p.jpg?fit=618%2C348&ssl=1","type":"image\/jpeg"}],"author":"R\u00e9dac. NEWS","twitter_card":"summary_large_image","twitter_misc":{"\u00c9crit par":"R\u00e9dac. NEWS","Dur\u00e9e de lecture estim\u00e9e":"2 minutes"},"schema":{"@context":"https:\/\/schema.org","@graph":[{"@type":"Article","@id":"https:\/\/newsestlyonnais.fr\/site\/2021\/06\/25\/bron-lyon-euro-2021-fan-zone-pour-france-suisse\/#article","isPartOf":{"@id":"https:\/\/newsestlyonnais.fr\/site\/2021\/06\/25\/bron-lyon-euro-2021-fan-zone-pour-france-suisse\/"},"author":{"name":"R\u00e9dac. NEWS","@id":"https:\/\/newsestlyonnais.fr\/site\/#\/schema\/person\/3230d5615f390bb808365d673001e887"},"headline":"BRON-LYON | Euro 2021 > fan zone pour France \/ Suisse (28 juin)","datePublished":"2021-06-25T15:31:51+00:00","dateModified":"2021-06-29T09:29:47+00:00","mainEntityOfPage":{"@id":"https:\/\/newsestlyonnais.fr\/site\/2021\/06\/25\/bron-lyon-euro-2021-fan-zone-pour-france-suisse\/"},"wordCount":367,"commentCount":0,"publisher":{"@id":"https:\/\/newsestlyonnais.fr\/site\/#organization"},"image":{"@id":"https:\/\/newsestlyonnais.fr\/site\/2021\/06\/25\/bron-lyon-euro-2021-fan-zone-pour-france-suisse\/#primaryimage"},"thumbnailUrl":"https:\/\/newsestlyonnais.fr\/site\/wp-content\/uploads\/2021\/06\/matmut-p.jpg","keywords":["BRON","EURO 2021","GROUPAMA STADIUM","LYON"],"articleSection":["Bron","Foot | Futsal","Foot | Rugby","Lyon"],"inLanguage":"fr-FR","potentialAction":[{"@type":"CommentAction","name":"Comment","target":["https:\/\/newsestlyonnais.fr\/site\/2021\/06\/25\/bron-lyon-euro-2021-fan-zone-pour-france-suisse\/#respond"]}]},{"@type":"WebPage","@id":"https:\/\/newsestlyonnais.fr\/site\/2021\/06\/25\/bron-lyon-euro-2021-fan-zone-pour-france-suisse\/","url":"https:\/\/newsestlyonnais.fr\/site\/2021\/06\/25\/bron-lyon-euro-2021-fan-zone-pour-france-suisse\/","name":"BRON-LYON | Euro 2021 > fan zone pour France \/ Suisse (28 juin) - News Est Lyonnais","isPartOf":{"@id":"https:\/\/newsestlyonnais.fr\/site\/#website"},"primaryImageOfPage":{"@id":"https:\/\/newsestlyonnais.fr\/site\/2021\/06\/25\/bron-lyon-euro-2021-fan-zone-pour-france-suisse\/#primaryimage"},"image":{"@id":"https:\/\/newsestlyonnais.fr\/site\/2021\/06\/25\/bron-lyon-euro-2021-fan-zone-pour-france-suisse\/#primaryimage"},"thumbnailUrl":"https:\/\/newsestlyonnais.fr\/site\/wp-content\/uploads\/2021\/06\/matmut-p.jpg","datePublished":"2021-06-25T15:31:51+00:00","dateModified":"2021-06-29T09:29:47+00:00","description":"BRON et LYON | EURO 2021 > une fan zone pour la rencontre France \/ Suisse","breadcrumb":{"@id":"https:\/\/newsestlyonnais.fr\/site\/2021\/06\/25\/bron-lyon-euro-2021-fan-zone-pour-france-suisse\/#breadcrumb"},"inLanguage":"fr-FR","potentialAction":[{"@type":"ReadAction","target":["https:\/\/newsestlyonnais.fr\/site\/2021\/06\/25\/bron-lyon-euro-2021-fan-zone-pour-france-suisse\/"]}]},{"@type":"ImageObject","inLanguage":"fr-FR","@id":"https:\/\/newsestlyonnais.fr\/site\/2021\/06\/25\/bron-lyon-euro-2021-fan-zone-pour-france-suisse\/#primaryimage","url":"https:\/\/newsestlyonnais.fr\/site\/wp-content\/uploads\/2021\/06\/matmut-p.jpg","contentUrl":"https:\/\/newsestlyonnais.fr\/site\/wp-content\/uploads\/2021\/06\/matmut-p.jpg","width":618,"height":348},{"@type":"BreadcrumbList","@id":"https:\/\/newsestlyonnais.fr\/site\/2021\/06\/25\/bron-lyon-euro-2021-fan-zone-pour-france-suisse\/#breadcrumb","itemListElement":[{"@type":"ListItem","position":1,"name":"Accueil","item":"https:\/\/newsestlyonnais.fr\/site\/"},{"@type":"ListItem","position":2,"name":"BRON-LYON | Euro 2021 > fan zone pour France \/ Suisse (28 juin)"}]},{"@type":"WebSite","@id":"https:\/\/newsestlyonnais.fr\/site\/#website","url":"https:\/\/newsestlyonnais.fr\/site\/","name":"News Est Lyonnais","description":"L&#039;actualit\u00e9 au plus pr\u00e8s","publisher":{"@id":"https:\/\/newsestlyonnais.fr\/site\/#organization"},"potentialAction":[{"@type":"SearchAction","target":{"@type":"EntryPoint","urlTemplate":"https:\/\/newsestlyonnais.fr\/site\/?s={search_term_string}"},"query-input":{"@type":"PropertyValueSpecification","valueRequired":true,"valueName":"search_term_string"}}],"inLanguage":"fr-FR"},{"@type":"Organization","@id":"https:\/\/newsestlyonnais.fr\/site\/#organization","name":"News EST LYONNAIS","url":"https:\/\/newsestlyonnais.fr\/site\/","logo":{"@type":"ImageObject","inLanguage":"fr-FR","@id":"https:\/\/newsestlyonnais.fr\/site\/#\/schema\/logo\/image\/","url":"","contentUrl":"","caption":"News EST LYONNAIS"},"image":{"@id":"https:\/\/newsestlyonnais.fr\/site\/#\/schema\/logo\/image\/"}},{"@type":"Person","@id":"https:\/\/newsestlyonnais.fr\/site\/#\/schema\/person\/3230d5615f390bb808365d673001e887","name":"R\u00e9dac. NEWS","sameAs":["http:\/\/www.newsestlyonnais.fr","https:\/\/www.facebook.com\/pascal.oberson.1?fref=ts","https:\/\/fr.linkedin.com\/in\/pascal-oberson-b17045113"],"url":"https:\/\/newsestlyonnais.fr\/site\/author\/nel\/"}]}},"_links":{"self":[{"href":"https:\/\/newsestlyonnais.fr\/site\/wp-json\/wp\/v2\/posts\/132852","targetHints":{"allow":["GET"]}}],"collection":[{"href":"https:\/\/newsestlyonnais.fr\/site\/wp-json\/wp\/v2\/posts"}],"about":[{"href":"https:\/\/newsestlyonnais.fr\/site\/wp-json\/wp\/v2\/types\/post"}],"author":[{"embeddable":true,"href":"https:\/\/newsestlyonnais.fr\/site\/wp-json\/wp\/v2\/users\/4"}],"replies":[{"embeddable":true,"href":"https:\/\/newsestlyonnais.fr\/site\/wp-json\/wp\/v2\/comments?post=132852"}],"version-history":[{"count":0,"href":"https:\/\/newsestlyonnais.fr\/site\/wp-json\/wp\/v2\/posts\/132852\/revisions"}],"wp:featuredmedia":[{"embeddable":true,"href":"https:\/\/newsestlyonnais.fr\/site\/wp-json\/wp\/v2\/media\/132853"}],"wp:attachment":[{"href":"https:\/\/newsestlyonnais.fr\/site\/wp-json\/wp\/v2\/media?parent=132852"}],"wp:term":[{"taxonomy":"category","embeddable":true,"href":"https:\/\/newsestlyonnais.fr\/site\/wp-json\/wp\/v2\/categories?post=132852"},{"taxonomy":"post_tag","embeddable":true,"href":"https:\/\/newsestlyonnais.fr\/site\/wp-json\/wp\/v2\/tags?post=132852"}],"curies":[{"name":"wp","href":"https:\/\/api.w.org\/{rel}","templated":true}]}}