{"id":133113,"date":"2021-07-03T10:45:42","date_gmt":"2021-07-03T09:45:42","guid":{"rendered":"https:\/\/newsestlyonnais.fr\/site\/?p=133113"},"modified":"2022-07-04T12:56:04","modified_gmt":"2022-07-04T11:56:04","slug":"lyon-7-une-kermesse-aux-girondins-8-juillet","status":"publish","type":"post","link":"https:\/\/newsestlyonnais.fr\/site\/2021\/07\/03\/lyon-7-une-kermesse-aux-girondins-8-juillet\/","title":{"rendered":"LYON 7 | Une kermesse aux Girondins (8 juillet)"},"content":{"rendered":"<p>Le quartier des Girondins est un \u00e0 quartier en devenir qui doit \u00eatre avant tout un quartier \u00e0 vivre ! C&rsquo;est pourquoi la Mairie du 7\u00b0 arrondissement organise <strong>une kermesse<\/strong> en ce d\u00e9but de grandes vacances scolaires, <strong>en partenariat avec le Jardin Girondins dans le cadre du dispositif \u00ab On s\u00e8me \u00bb de la Ville de Lyon<\/strong>.<\/p>\n<p>Un temps festif et familial pour se rencontrer et (re)d\u00e9couvrir les associations et les acteurs locaux de son quartier autour de nombreuses animations : ch\u00e2teau gonflable, balades urbaines, initiations judo, karat\u00e9, basket, danse, expressions corporelles, ateliers d\u00e9couverte des couleurs v\u00e9g\u00e9tales, fabrication de bombes \u00e0 graines ou encore de libellules dans le cadre de la Biennale Hors Normes.<\/p>\n<hr \/>\n<p><strong>Infos pratiques : <em>Jeudi 8 juillet de 16 h \u00e0 22 h \/ Au Jardin Girondins, 14 rue Cr\u00e9pet, Lyon 7.<\/em><\/strong><\/p>\n<p><em><strong>Toute la programmation de la journ\u00e9e sur<\/strong> <\/em>: <a href=\"http:\/\/bit.ly\/KERMESSEGIRONDINS\"><span style=\"color: #0000ff;\">bit.ly\/KERMESSEGIRONDINS<\/span><\/a><\/p>\n<hr \/>\n<p><strong><em>En partenariat avec<\/em> : <\/strong><\/p>\n<p>ALGM basket &amp; gym\u2022 Ateliers la mouche \u2022 Conseil de quartier de gerland \u2022 C.I.L Gerland Guilloti\u00e8re Jean Mac\u00e9 \u2022 Galerie la Rage \u2022 Judo club de Gerland \u2022 La Biennale Hors Normes (BHN) \u2022 la Gourguillonnaise \u2022 la Pousse verte \u2022 la Ressourcerie cr\u00e9ative \u2022 les Compagnons des Pavillons \u2022 Maison upcycling \u2022 MIAM \u2022 No kachi Lyon \u2022 Offisa 7 \u2022 Maison Gutenberg<\/p>\n<hr \/>\n<hr \/>\n<p>&nbsp;<\/p>\n","protected":false},"excerpt":{"rendered":"<p>La Mairie du 7\u00b0 arrondissement organise une grande kermesse pour les habitantes et habitants du quartier.<\/p>\n","protected":false},"author":4,"featured_media":133116,"comment_status":"open","ping_status":"open","sticky":false,"template":"","format":"standard","meta":{"footnotes":""},"categories":[574,3419,166,1625,18],"tags":[],"class_list":["post-133113","post","type-post","status-publish","format-standard","has-post-thumbnail","hentry","category-autres-sports","category-culture-loisirs","category-divers-sports","category-lyon","category-sante-bien-etre-solidarite"],"yoast_head":"<!-- This site is optimized with the Yoast SEO plugin v27.2 - https:\/\/yoast.com\/product\/yoast-seo-wordpress\/ -->\n<title>LYON 7 | Une kermesse aux Girondins (8 juillet) - News Est Lyonnais<\/title>\n<meta name=\"description\" content=\"LYON 7 | Une kermesse aux Girondins\" \/>\n<meta name=\"robots\" content=\"index, follow, max-snippet:-1, max-image-preview:large, max-video-preview:-1\" \/>\n<link rel=\"canonical\" href=\"https:\/\/newsestlyonnais.fr\/site\/2021\/07\/03\/lyon-7-une-kermesse-aux-girondins-8-juillet\/\" \/>\n<meta property=\"og:locale\" content=\"fr_FR\" \/>\n<meta property=\"og:type\" content=\"article\" \/>\n<meta property=\"og:title\" content=\"LYON 7 | Une kermesse aux Girondins (8 juillet) - News Est Lyonnais\" \/>\n<meta property=\"og:description\" content=\"LYON 7 | Une kermesse aux Girondins\" \/>\n<meta property=\"og:url\" content=\"https:\/\/newsestlyonnais.fr\/site\/2021\/07\/03\/lyon-7-une-kermesse-aux-girondins-8-juillet\/\" \/>\n<meta property=\"og:site_name\" content=\"News Est Lyonnais\" \/>\n<meta property=\"article:author\" content=\"https:\/\/www.facebook.com\/pascal.oberson.1?fref=ts\" \/>\n<meta property=\"article:published_time\" content=\"2021-07-03T09:45:42+00:00\" \/>\n<meta property=\"article:modified_time\" content=\"2022-07-04T11:56:04+00:00\" \/>\n<meta property=\"og:image\" content=\"https:\/\/newsestlyonnais.fr\/site\/wp-content\/uploads\/2021\/06\/cid_image002_jpg@01D76C59.jpg\" \/>\n\t<meta property=\"og:image:width\" content=\"908\" \/>\n\t<meta property=\"og:image:height\" content=\"510\" \/>\n\t<meta property=\"og:image:type\" content=\"image\/jpeg\" \/>\n<meta name=\"author\" content=\"R\u00e9dac. NEWS\" \/>\n<meta name=\"twitter:card\" content=\"summary_large_image\" \/>\n<meta name=\"twitter:label1\" content=\"\u00c9crit par\" \/>\n\t<meta name=\"twitter:data1\" content=\"R\u00e9dac. NEWS\" \/>\n\t<meta name=\"twitter:label2\" content=\"Dur\u00e9e de lecture estim\u00e9e\" \/>\n\t<meta name=\"twitter:data2\" content=\"1 minute\" \/>\n<script type=\"application\/ld+json\" class=\"yoast-schema-graph\">{\"@context\":\"https:\/\/schema.org\",\"@graph\":[{\"@type\":\"Article\",\"@id\":\"https:\/\/newsestlyonnais.fr\/site\/2021\/07\/03\/lyon-7-une-kermesse-aux-girondins-8-juillet\/#article\",\"isPartOf\":{\"@id\":\"https:\/\/newsestlyonnais.fr\/site\/2021\/07\/03\/lyon-7-une-kermesse-aux-girondins-8-juillet\/\"},\"author\":{\"name\":\"R\u00e9dac. NEWS\",\"@id\":\"https:\/\/newsestlyonnais.fr\/site\/#\/schema\/person\/3230d5615f390bb808365d673001e887\"},\"headline\":\"LYON 7 | Une kermesse aux Girondins (8 juillet)\",\"datePublished\":\"2021-07-03T09:45:42+00:00\",\"dateModified\":\"2022-07-04T11:56:04+00:00\",\"mainEntityOfPage\":{\"@id\":\"https:\/\/newsestlyonnais.fr\/site\/2021\/07\/03\/lyon-7-une-kermesse-aux-girondins-8-juillet\/\"},\"wordCount\":204,\"commentCount\":0,\"publisher\":{\"@id\":\"https:\/\/newsestlyonnais.fr\/site\/#organization\"},\"image\":{\"@id\":\"https:\/\/newsestlyonnais.fr\/site\/2021\/07\/03\/lyon-7-une-kermesse-aux-girondins-8-juillet\/#primaryimage\"},\"thumbnailUrl\":\"https:\/\/newsestlyonnais.fr\/site\/wp-content\/uploads\/2021\/06\/cid_image002_jpg@01D76C59.jpg\",\"articleSection\":[\"Autres sports\",\"Culture \/ Loisirs\",\"Divers Sports\",\"Lyon\",\"Sant\u00e9 | Bien Etre | Solidarit\u00e9\"],\"inLanguage\":\"fr-FR\",\"potentialAction\":[{\"@type\":\"CommentAction\",\"name\":\"Comment\",\"target\":[\"https:\/\/newsestlyonnais.fr\/site\/2021\/07\/03\/lyon-7-une-kermesse-aux-girondins-8-juillet\/#respond\"]}]},{\"@type\":\"WebPage\",\"@id\":\"https:\/\/newsestlyonnais.fr\/site\/2021\/07\/03\/lyon-7-une-kermesse-aux-girondins-8-juillet\/\",\"url\":\"https:\/\/newsestlyonnais.fr\/site\/2021\/07\/03\/lyon-7-une-kermesse-aux-girondins-8-juillet\/\",\"name\":\"LYON 7 | Une kermesse aux Girondins (8 juillet) - News Est Lyonnais\",\"isPartOf\":{\"@id\":\"https:\/\/newsestlyonnais.fr\/site\/#website\"},\"primaryImageOfPage\":{\"@id\":\"https:\/\/newsestlyonnais.fr\/site\/2021\/07\/03\/lyon-7-une-kermesse-aux-girondins-8-juillet\/#primaryimage\"},\"image\":{\"@id\":\"https:\/\/newsestlyonnais.fr\/site\/2021\/07\/03\/lyon-7-une-kermesse-aux-girondins-8-juillet\/#primaryimage\"},\"thumbnailUrl\":\"https:\/\/newsestlyonnais.fr\/site\/wp-content\/uploads\/2021\/06\/cid_image002_jpg@01D76C59.jpg\",\"datePublished\":\"2021-07-03T09:45:42+00:00\",\"dateModified\":\"2022-07-04T11:56:04+00:00\",\"description\":\"LYON 7 | Une kermesse aux Girondins\",\"breadcrumb\":{\"@id\":\"https:\/\/newsestlyonnais.fr\/site\/2021\/07\/03\/lyon-7-une-kermesse-aux-girondins-8-juillet\/#breadcrumb\"},\"inLanguage\":\"fr-FR\",\"potentialAction\":[{\"@type\":\"ReadAction\",\"target\":[\"https:\/\/newsestlyonnais.fr\/site\/2021\/07\/03\/lyon-7-une-kermesse-aux-girondins-8-juillet\/\"]}]},{\"@type\":\"ImageObject\",\"inLanguage\":\"fr-FR\",\"@id\":\"https:\/\/newsestlyonnais.fr\/site\/2021\/07\/03\/lyon-7-une-kermesse-aux-girondins-8-juillet\/#primaryimage\",\"url\":\"https:\/\/newsestlyonnais.fr\/site\/wp-content\/uploads\/2021\/06\/cid_image002_jpg@01D76C59.jpg\",\"contentUrl\":\"https:\/\/newsestlyonnais.fr\/site\/wp-content\/uploads\/2021\/06\/cid_image002_jpg@01D76C59.jpg\",\"width\":908,\"height\":510},{\"@type\":\"BreadcrumbList\",\"@id\":\"https:\/\/newsestlyonnais.fr\/site\/2021\/07\/03\/lyon-7-une-kermesse-aux-girondins-8-juillet\/#breadcrumb\",\"itemListElement\":[{\"@type\":\"ListItem\",\"position\":1,\"name\":\"Accueil\",\"item\":\"https:\/\/newsestlyonnais.fr\/site\/\"},{\"@type\":\"ListItem\",\"position\":2,\"name\":\"LYON 7 | Une kermesse aux Girondins (8 juillet)\"}]},{\"@type\":\"WebSite\",\"@id\":\"https:\/\/newsestlyonnais.fr\/site\/#website\",\"url\":\"https:\/\/newsestlyonnais.fr\/site\/\",\"name\":\"News Est Lyonnais\",\"description\":\"L&#039;actualit\u00e9 au plus pr\u00e8s\",\"publisher\":{\"@id\":\"https:\/\/newsestlyonnais.fr\/site\/#organization\"},\"potentialAction\":[{\"@type\":\"SearchAction\",\"target\":{\"@type\":\"EntryPoint\",\"urlTemplate\":\"https:\/\/newsestlyonnais.fr\/site\/?s={search_term_string}\"},\"query-input\":{\"@type\":\"PropertyValueSpecification\",\"valueRequired\":true,\"valueName\":\"search_term_string\"}}],\"inLanguage\":\"fr-FR\"},{\"@type\":\"Organization\",\"@id\":\"https:\/\/newsestlyonnais.fr\/site\/#organization\",\"name\":\"News EST LYONNAIS\",\"url\":\"https:\/\/newsestlyonnais.fr\/site\/\",\"logo\":{\"@type\":\"ImageObject\",\"inLanguage\":\"fr-FR\",\"@id\":\"https:\/\/newsestlyonnais.fr\/site\/#\/schema\/logo\/image\/\",\"url\":\"\",\"contentUrl\":\"\",\"caption\":\"News EST LYONNAIS\"},\"image\":{\"@id\":\"https:\/\/newsestlyonnais.fr\/site\/#\/schema\/logo\/image\/\"}},{\"@type\":\"Person\",\"@id\":\"https:\/\/newsestlyonnais.fr\/site\/#\/schema\/person\/3230d5615f390bb808365d673001e887\",\"name\":\"R\u00e9dac. NEWS\",\"sameAs\":[\"http:\/\/www.newsestlyonnais.fr\",\"https:\/\/www.facebook.com\/pascal.oberson.1?fref=ts\",\"https:\/\/fr.linkedin.com\/in\/pascal-oberson-b17045113\"],\"url\":\"https:\/\/newsestlyonnais.fr\/site\/author\/nel\/\"}]}<\/script>\n<!-- \/ Yoast SEO plugin. -->","yoast_head_json":{"title":"LYON 7 | Une kermesse aux Girondins (8 juillet) - News Est Lyonnais","description":"LYON 7 | Une kermesse aux Girondins","robots":{"index":"index","follow":"follow","max-snippet":"max-snippet:-1","max-image-preview":"max-image-preview:large","max-video-preview":"max-video-preview:-1"},"canonical":"https:\/\/newsestlyonnais.fr\/site\/2021\/07\/03\/lyon-7-une-kermesse-aux-girondins-8-juillet\/","og_locale":"fr_FR","og_type":"article","og_title":"LYON 7 | Une kermesse aux Girondins (8 juillet) - News Est Lyonnais","og_description":"LYON 7 | Une kermesse aux Girondins","og_url":"https:\/\/newsestlyonnais.fr\/site\/2021\/07\/03\/lyon-7-une-kermesse-aux-girondins-8-juillet\/","og_site_name":"News Est Lyonnais","article_author":"https:\/\/www.facebook.com\/pascal.oberson.1?fref=ts","article_published_time":"2021-07-03T09:45:42+00:00","article_modified_time":"2022-07-04T11:56:04+00:00","og_image":[{"width":908,"height":510,"url":"https:\/\/newsestlyonnais.fr\/site\/wp-content\/uploads\/2021\/06\/cid_image002_jpg@01D76C59.jpg","type":"image\/jpeg"}],"author":"R\u00e9dac. NEWS","twitter_card":"summary_large_image","twitter_misc":{"\u00c9crit par":"R\u00e9dac. NEWS","Dur\u00e9e de lecture estim\u00e9e":"1 minute"},"schema":{"@context":"https:\/\/schema.org","@graph":[{"@type":"Article","@id":"https:\/\/newsestlyonnais.fr\/site\/2021\/07\/03\/lyon-7-une-kermesse-aux-girondins-8-juillet\/#article","isPartOf":{"@id":"https:\/\/newsestlyonnais.fr\/site\/2021\/07\/03\/lyon-7-une-kermesse-aux-girondins-8-juillet\/"},"author":{"name":"R\u00e9dac. NEWS","@id":"https:\/\/newsestlyonnais.fr\/site\/#\/schema\/person\/3230d5615f390bb808365d673001e887"},"headline":"LYON 7 | Une kermesse aux Girondins (8 juillet)","datePublished":"2021-07-03T09:45:42+00:00","dateModified":"2022-07-04T11:56:04+00:00","mainEntityOfPage":{"@id":"https:\/\/newsestlyonnais.fr\/site\/2021\/07\/03\/lyon-7-une-kermesse-aux-girondins-8-juillet\/"},"wordCount":204,"commentCount":0,"publisher":{"@id":"https:\/\/newsestlyonnais.fr\/site\/#organization"},"image":{"@id":"https:\/\/newsestlyonnais.fr\/site\/2021\/07\/03\/lyon-7-une-kermesse-aux-girondins-8-juillet\/#primaryimage"},"thumbnailUrl":"https:\/\/newsestlyonnais.fr\/site\/wp-content\/uploads\/2021\/06\/cid_image002_jpg@01D76C59.jpg","articleSection":["Autres sports","Culture \/ Loisirs","Divers Sports","Lyon","Sant\u00e9 | Bien Etre | Solidarit\u00e9"],"inLanguage":"fr-FR","potentialAction":[{"@type":"CommentAction","name":"Comment","target":["https:\/\/newsestlyonnais.fr\/site\/2021\/07\/03\/lyon-7-une-kermesse-aux-girondins-8-juillet\/#respond"]}]},{"@type":"WebPage","@id":"https:\/\/newsestlyonnais.fr\/site\/2021\/07\/03\/lyon-7-une-kermesse-aux-girondins-8-juillet\/","url":"https:\/\/newsestlyonnais.fr\/site\/2021\/07\/03\/lyon-7-une-kermesse-aux-girondins-8-juillet\/","name":"LYON 7 | Une kermesse aux Girondins (8 juillet) - News Est Lyonnais","isPartOf":{"@id":"https:\/\/newsestlyonnais.fr\/site\/#website"},"primaryImageOfPage":{"@id":"https:\/\/newsestlyonnais.fr\/site\/2021\/07\/03\/lyon-7-une-kermesse-aux-girondins-8-juillet\/#primaryimage"},"image":{"@id":"https:\/\/newsestlyonnais.fr\/site\/2021\/07\/03\/lyon-7-une-kermesse-aux-girondins-8-juillet\/#primaryimage"},"thumbnailUrl":"https:\/\/newsestlyonnais.fr\/site\/wp-content\/uploads\/2021\/06\/cid_image002_jpg@01D76C59.jpg","datePublished":"2021-07-03T09:45:42+00:00","dateModified":"2022-07-04T11:56:04+00:00","description":"LYON 7 | Une kermesse aux Girondins","breadcrumb":{"@id":"https:\/\/newsestlyonnais.fr\/site\/2021\/07\/03\/lyon-7-une-kermesse-aux-girondins-8-juillet\/#breadcrumb"},"inLanguage":"fr-FR","potentialAction":[{"@type":"ReadAction","target":["https:\/\/newsestlyonnais.fr\/site\/2021\/07\/03\/lyon-7-une-kermesse-aux-girondins-8-juillet\/"]}]},{"@type":"ImageObject","inLanguage":"fr-FR","@id":"https:\/\/newsestlyonnais.fr\/site\/2021\/07\/03\/lyon-7-une-kermesse-aux-girondins-8-juillet\/#primaryimage","url":"https:\/\/newsestlyonnais.fr\/site\/wp-content\/uploads\/2021\/06\/cid_image002_jpg@01D76C59.jpg","contentUrl":"https:\/\/newsestlyonnais.fr\/site\/wp-content\/uploads\/2021\/06\/cid_image002_jpg@01D76C59.jpg","width":908,"height":510},{"@type":"BreadcrumbList","@id":"https:\/\/newsestlyonnais.fr\/site\/2021\/07\/03\/lyon-7-une-kermesse-aux-girondins-8-juillet\/#breadcrumb","itemListElement":[{"@type":"ListItem","position":1,"name":"Accueil","item":"https:\/\/newsestlyonnais.fr\/site\/"},{"@type":"ListItem","position":2,"name":"LYON 7 | Une kermesse aux Girondins (8 juillet)"}]},{"@type":"WebSite","@id":"https:\/\/newsestlyonnais.fr\/site\/#website","url":"https:\/\/newsestlyonnais.fr\/site\/","name":"News Est Lyonnais","description":"L&#039;actualit\u00e9 au plus pr\u00e8s","publisher":{"@id":"https:\/\/newsestlyonnais.fr\/site\/#organization"},"potentialAction":[{"@type":"SearchAction","target":{"@type":"EntryPoint","urlTemplate":"https:\/\/newsestlyonnais.fr\/site\/?s={search_term_string}"},"query-input":{"@type":"PropertyValueSpecification","valueRequired":true,"valueName":"search_term_string"}}],"inLanguage":"fr-FR"},{"@type":"Organization","@id":"https:\/\/newsestlyonnais.fr\/site\/#organization","name":"News EST LYONNAIS","url":"https:\/\/newsestlyonnais.fr\/site\/","logo":{"@type":"ImageObject","inLanguage":"fr-FR","@id":"https:\/\/newsestlyonnais.fr\/site\/#\/schema\/logo\/image\/","url":"","contentUrl":"","caption":"News EST LYONNAIS"},"image":{"@id":"https:\/\/newsestlyonnais.fr\/site\/#\/schema\/logo\/image\/"}},{"@type":"Person","@id":"https:\/\/newsestlyonnais.fr\/site\/#\/schema\/person\/3230d5615f390bb808365d673001e887","name":"R\u00e9dac. NEWS","sameAs":["http:\/\/www.newsestlyonnais.fr","https:\/\/www.facebook.com\/pascal.oberson.1?fref=ts","https:\/\/fr.linkedin.com\/in\/pascal-oberson-b17045113"],"url":"https:\/\/newsestlyonnais.fr\/site\/author\/nel\/"}]}},"_links":{"self":[{"href":"https:\/\/newsestlyonnais.fr\/site\/wp-json\/wp\/v2\/posts\/133113","targetHints":{"allow":["GET"]}}],"collection":[{"href":"https:\/\/newsestlyonnais.fr\/site\/wp-json\/wp\/v2\/posts"}],"about":[{"href":"https:\/\/newsestlyonnais.fr\/site\/wp-json\/wp\/v2\/types\/post"}],"author":[{"embeddable":true,"href":"https:\/\/newsestlyonnais.fr\/site\/wp-json\/wp\/v2\/users\/4"}],"replies":[{"embeddable":true,"href":"https:\/\/newsestlyonnais.fr\/site\/wp-json\/wp\/v2\/comments?post=133113"}],"version-history":[{"count":0,"href":"https:\/\/newsestlyonnais.fr\/site\/wp-json\/wp\/v2\/posts\/133113\/revisions"}],"wp:featuredmedia":[{"embeddable":true,"href":"https:\/\/newsestlyonnais.fr\/site\/wp-json\/wp\/v2\/media\/133116"}],"wp:attachment":[{"href":"https:\/\/newsestlyonnais.fr\/site\/wp-json\/wp\/v2\/media?parent=133113"}],"wp:term":[{"taxonomy":"category","embeddable":true,"href":"https:\/\/newsestlyonnais.fr\/site\/wp-json\/wp\/v2\/categories?post=133113"},{"taxonomy":"post_tag","embeddable":true,"href":"https:\/\/newsestlyonnais.fr\/site\/wp-json\/wp\/v2\/tags?post=133113"}],"curies":[{"name":"wp","href":"https:\/\/api.w.org\/{rel}","templated":true}]}}