{"id":133131,"date":"2021-09-03T16:54:49","date_gmt":"2021-09-03T15:54:49","guid":{"rendered":"https:\/\/newsestlyonnais.fr\/site\/?p=133131"},"modified":"2022-02-18T12:29:48","modified_gmt":"2022-02-18T11:29:48","slug":"est-lyonnais-autoroute-a-46-sud-concertation-publique","status":"publish","type":"post","link":"https:\/\/newsestlyonnais.fr\/site\/2021\/09\/03\/est-lyonnais-autoroute-a-46-sud-concertation-publique\/","title":{"rendered":"EST-LYONNAIS | Autoroute A 46 Sud > concertation publique"},"content":{"rendered":"<p>Ceci sur une portion de 16,5 kilom\u00e8tres au lieu de 1,7 actuellement, entre les aires de service de Communay et le diffuseur de Saint-Priest Centre.<\/p>\n<div id=\"pgc-405-24-0\" class=\"panel-grid-cell\">\n<div id=\"panel-405-24-0-0\" class=\"so-panel widget widget_sow-editor panel-first-child panel-last-child\" data-index=\"36\">\n<div class=\"so-widget-sow-editor so-widget-sow-editor-base\">\n<div class=\"siteorigin-widget-tinymce textwidget\">\n<p><em><strong>L\u2019am\u00e9nagement propos\u00e9 vise \u00e0<\/strong><\/em> :<\/p>\n<p><strong>1\/ r\u00e9duire le trafic <\/strong>empruntant le n\u0153ud en s\u00e9parant les mouvements entre l\u2019A46 Sud et l\u2019A43 Est.<\/p>\n<p><strong>2\/ fluidifier les branches <\/strong>nouvellement cr\u00e9\u00e9es entre l\u2019A46 Sud et l\u2019A43 en les dimensionnant \u00e0 2 voies.<\/p>\n<\/div>\n<\/div>\n<\/div>\n<\/div>\n<hr \/>\n<p><strong><u>Agenda du 30 juin au 28 septembre 2021<\/u><\/strong><strong> : <\/strong>Une vingtaine de rencontres de plusieurs formats vont permettre aux citoyens de dialoguer avec ASF et les services concern\u00e9s de l\u2019\u00c9tat, en pr\u00e9sence des garants.<\/p>\n<div>\n<div class=\"tribe-common-g-row tribe-events-calendar-list__event-row\">\n<div class=\"tribe-events-calendar-list__event-wrapper tribe-common-g-col\">\n<article class=\"tribe-events-calendar-list__event tribe-common-g-row tribe-common-g-row--gutters post-1145 tribe_events type-tribe_events status-publish hentry tribe_events_cat-visite-de-site cat_visite-de-site\">\n<div class=\"tribe-events-calendar-list__event-details tribe-common-g-col\">\n<header class=\"tribe-events-calendar-list__event-header\">\n<div class=\"tribe-events-calendar-list__event-description tribe-common-b2 tribe-common-a11y-hidden\">\n<div class=\"tribe-common-g-row tribe-events-calendar-list__event-row\">\n<div class=\"tribe-events-calendar-list__event-wrapper tribe-common-g-col\">\n<article class=\"tribe-events-calendar-list__event tribe-common-g-row tribe-common-g-row--gutters post-1098 tribe_events type-tribe_events status-publish hentry tribe_events_cat-reunion-publique cat_reunion-publique\">\n<div class=\"tribe-events-calendar-list__event-details tribe-common-g-col\">\n<header class=\"tribe-events-calendar-list__event-header\">\n<div class=\"tribe-events-calendar-list__event-datetime-wrapper tribe-common-b2\">\n<p><span style=\"background-color: #000000; color: #ffffff;\"><strong><em>JUIN 2021<\/em><\/strong><\/span><\/p>\n<ul>\n<li><strong>Mercredi 30 juin de 19 h \u00e0 21 h<\/strong> : <u>R\u00e9union publique \/ <strong>Saint-Priest<\/strong><\/u>. R\u00e9union publique de lancement Nord. (Salle le Concorde 10 avenue de la gare , Saint-Priest).<\/li>\n<\/ul>\n<p><span style=\"background-color: #000000; color: #ffffff;\"><em><strong>JUILLET 2021<\/strong><\/em><\/span><\/p>\n<ul>\n<li><strong>Jeudi 1\u00b0 juillet de 19 h \u00e0 21 h<\/strong> : <u>R\u00e9union publique \/ <strong>Communay<\/strong><\/u><strong>. <\/strong>R\u00e9union publique de lancement Sud. (Salle des f\u00eates &#8211; Route de Marennes, Communay).<\/li>\n<li><strong>Mardi 6 juillet de 10 h \u00e0 12 h<\/strong> : <u>Visite de site<\/u> \/ <strong><u>A 46 Sud<\/u>. <\/strong>Visite en car <strong>&amp; de 19 h \u00e0 21 h<\/strong> : <u>R\u00e9union publique \/ <strong>Bron<\/strong><\/u>. R\u00e9union publique th\u00e9matique : intermodalit\u00e9s et prospective. (Espace Albert Camus 1 rue Maryse Basti\u00e9, Bron).<\/li>\n<li><strong>Vendredi 9 juillet de 13 h \u00e0 16 h<\/strong> : <u>Concertation mobile \/ <strong>Communay<\/strong><\/u>. (A46 Sud &#8211; Aire de Services Nord).<\/li>\n<\/ul>\n<p><span style=\"background-color: #000000; color: #ffffff;\"><strong><em>AOUT 2021<\/em><\/strong><\/span><\/p>\n<ul>\n<li><strong>Mardi 24 ao\u00fbt de 19 h \u00e0 21 h<\/strong> : <u>R\u00e9union publique \/ <strong>Lieu \u00e0 confirmer<\/strong><\/u>. R\u00e9union publique th\u00e9matique : d\u00e9veloppement \u00e9conomique.<\/li>\n<li><strong>Jeudi 26 ao\u00fbt de 9 h \u00e0 12 h<\/strong> : <u>Concertation mobile \/ <strong>Chasse-sur-Rh\u00f4ne<\/strong><\/u>.<\/li>\n<li><strong>Vendredi 27 ao\u00fbt de 9 h \u00e0 12 h<\/strong> : <u>Concertation mobile \/ <strong>Corbas<\/strong>.<\/u><\/li>\n<\/ul>\n<p><span style=\"background-color: #000000; color: #ffffff;\"><strong><em>SEPTEMBRE 2021<\/em><\/strong><\/span><\/p>\n<ul>\n<li><strong>Vendredi 3 septembre de 9 h \u00e0 12 h<\/strong> : <u>Concertation mobile <\/u>\/ <strong>Marennes<\/strong>. (March\u00e9).<\/li>\n<li><strong>Mardi 7 septembre de 14 h \u00e0 17 h<\/strong> : <u>Atelier th\u00e9matique <\/u>\/ <strong>Mions<\/strong>. Atelier th\u00e9matique : trafic. (Centre culturel Jean Moulin 9 Rue Fabian Martin, Mions).<\/li>\n<li><strong>Jeudi 9 septembre de 14 h \u00e0 17 h<\/strong> : <u>Atelier th\u00e9matique \/ <strong>Simandres<\/strong>.<\/u> Atelier th\u00e9matique : environnement. (Salle des familles &#8211;\u00a0 Parc de Pachottes , Simandres).<\/li>\n<li><strong>Samedi 11 septembre de 9 h \u00e0 12 h<\/strong> : <u>Concertation mobile \/ <strong>Ternay<\/strong><\/u>. (March\u00e9).<\/li>\n<li><strong>Mardi 14 septembre de <\/strong><time class=\"tribe-events-calendar-list__event-datetime\" datetime=\"2021-09-14\"><strong><span class=\"tribe-event-date-start\">14 h \u00e0 <\/span><\/strong><span class=\"tribe-event-time\"><strong>17 h<\/strong> : <\/span><\/time><span style=\"text-decoration: underline;\">Atelier th\u00e9matique<\/span> \/ <strong>Saint-Priest<\/strong>. Atelier th\u00e9matique : n\u0153ud de Manissieux. (<span class=\"tribe-events-calendar-list__event-venue-title tribe-common-b2--bold\">Salle Millan <\/span> <span class=\"tribe-events-calendar-list__event-venue-address\"> Place Honor\u00e9 de Balzac).<\/span><\/li>\n<li>\n<header class=\"tribe-events-calendar-list__event-header\">\n<div class=\"tribe-events-calendar-list__event-datetime-wrapper tribe-common-b2\"><time class=\"tribe-events-calendar-list__event-datetime\" datetime=\"2021-09-17\"><strong> Vendredi <span class=\"tribe-event-date-start\">17 septembre de 14 h \u00e0 <\/span><\/strong><span class=\"tribe-event-time\"><strong>17 h<\/strong> : <\/span><\/time><span style=\"text-decoration: underline;\">Concertation mobile<\/span> \/ <strong> Chaponnay<\/strong>. (<span class=\"tribe-events-calendar-list__event-venue-title tribe-common-b2--bold\">Halle du march\u00e9 <\/span> <span class=\"tribe-events-calendar-list__event-venue-address\"> place de la Mairie).<\/span><\/div>\n<\/header>\n<\/li>\n<li>\n<div class=\"tribe-events-calendar-list__event-wrapper tribe-common-g-col\">\n<article class=\"tribe-events-calendar-list__event tribe-common-g-row tribe-common-g-row--gutters post-1130 tribe_events type-tribe_events status-publish hentry tribe_events_cat-atelier-thematique cat_atelier-thematique\">\n<div class=\"tribe-events-calendar-list__event-details tribe-common-g-col\">\n<header class=\"tribe-events-calendar-list__event-header\">\n<div class=\"tribe-events-calendar-list__event-datetime-wrapper tribe-common-b2\"><time class=\"tribe-events-calendar-list__event-datetime\" datetime=\"2021-09-21\"><strong> Mardi <span class=\"tribe-event-date-start\">21 septembre de 14 h \u00e0 <\/span><\/strong><span class=\"tribe-event-time\"><strong>17 h<\/strong> : <\/span><\/time><span style=\"text-decoration: underline;\">Atelier th\u00e9matique<\/span> \/ <strong> Lyon<\/strong> \/ Atelier \u00e9tudiants. R\u00e9flexions sur le projet. (<span class=\"tribe-events-calendar-list__event-venue-title tribe-common-b2--bold\">Universit\u00e9 Jean Moulin &#8211; Lyon III <\/span> <span class=\"tribe-events-calendar-list__event-venue-address\"> 6 cours Albert Thomas , Lyon 3).<\/span><\/div>\n<\/header>\n<\/div>\n<\/article>\n<\/div>\n<\/li>\n<li>\n<div class=\"tribe-events-calendar-list__event-wrapper tribe-common-g-col\">\n<article class=\"tribe-events-calendar-list__event tribe-common-g-row tribe-common-g-row--gutters post-1101 tribe_events type-tribe_events status-publish hentry tribe_events_cat-reunion-publique cat_reunion-publique\">\n<div class=\"tribe-events-calendar-list__event-details tribe-common-g-col\">\n<header class=\"tribe-events-calendar-list__event-header\">\n<div class=\"tribe-events-calendar-list__event-datetime-wrapper tribe-common-b2\"><time class=\"tribe-events-calendar-list__event-datetime\" datetime=\"2021-09-23\"><strong> Jeudi <span class=\"tribe-event-date-start\">23 septembre de 19 h \u00e0 <\/span><\/strong><span class=\"tribe-event-time\"><strong>21 h<\/strong> : <\/span><\/time><span style=\"text-decoration: underline;\">R\u00e9union publique<\/span> \/ <strong> Corbas<\/strong>.\u00a0 R\u00e9union publique &#8211; Th\u00e9matique : d\u00e9veloppement \u00e9conomique. <span class=\"tribe-events-calendar-list__event-venue-title tribe-common-b2--bold\">(Salle des f\u00eates &#8211; <\/span><span class=\"tribe-events-calendar-list__event-venue-address\">Place Charles Jocteur). <\/span><\/div>\n<\/header>\n<\/div>\n<\/article>\n<\/div>\n<\/li>\n<\/ul>\n<hr \/>\n<p><span style=\"background-color: #000000; color: #ffffff;\">Plus d&rsquo;infos sur cette concertation : <strong><em><a style=\"background-color: #000000; color: #ffffff;\" href=\"https:\/\/www.a46sud-amenagement.fr\">https:\/\/www.a46sud-amenagement.fr<\/a><\/em><\/strong><\/span><\/p>\n<\/div>\n<\/header>\n<\/div>\n<\/article>\n<\/div>\n<\/div>\n<\/div>\n<\/header>\n<\/div>\n<\/article>\n<\/div>\n<\/div>\n<hr \/>\n<\/div>\n","protected":false},"excerpt":{"rendered":"<p>Lancement ce mardi de la concertation pr\u00e9alablement \u00e0 l\u2019am\u00e9nagement \u00e0 2\u00d73 voies de l\u2019A46 Sud et du n\u0153ud de Manissieux<\/p>\n","protected":false},"author":4,"featured_media":133143,"comment_status":"open","ping_status":"open","sticky":false,"template":"","format":"standard","meta":{"footnotes":""},"categories":[2217,19,4148,1295,4149,1287,164,1625,1286,1296,4151,172],"tags":[2631,3822,2195,2127],"class_list":["post-133131","post","type-post","status-publish","format-standard","has-post-thumbnail","hentry","category-breves-de-lest-lyonnais","category-bron","category-chaponnay","category-chaponnay-ternay-pays-dozon","category-communay-marennes","category-corbas-feyzin","category-isere","category-lyon","category-mions","category-sain-priest","category-simandres-ternay","category-travaux-amenagements","tag-amenagement","tag-autoroute","tag-est-lyonnais","tag-travaux"],"yoast_head":"<!-- This site is optimized with the Yoast SEO plugin v27.2 - https:\/\/yoast.com\/product\/yoast-seo-wordpress\/ -->\n<title>EST-LYONNAIS | Autoroute A 46 Sud &gt; concertation publique - News Est Lyonnais<\/title>\n<meta name=\"description\" content=\"EST-LYONNAIS | Autoroute A 46 Sud &gt; concertation publique\" \/>\n<meta name=\"robots\" content=\"index, follow, max-snippet:-1, max-image-preview:large, max-video-preview:-1\" \/>\n<link rel=\"canonical\" href=\"https:\/\/newsestlyonnais.fr\/site\/2021\/09\/03\/est-lyonnais-autoroute-a-46-sud-concertation-publique\/\" \/>\n<meta property=\"og:locale\" content=\"fr_FR\" \/>\n<meta property=\"og:type\" content=\"article\" \/>\n<meta property=\"og:title\" content=\"EST-LYONNAIS | Autoroute A 46 Sud &gt; concertation publique - News Est Lyonnais\" \/>\n<meta property=\"og:description\" content=\"EST-LYONNAIS | Autoroute A 46 Sud &gt; concertation publique\" \/>\n<meta property=\"og:url\" content=\"https:\/\/newsestlyonnais.fr\/site\/2021\/09\/03\/est-lyonnais-autoroute-a-46-sud-concertation-publique\/\" \/>\n<meta property=\"og:site_name\" content=\"News Est Lyonnais\" \/>\n<meta property=\"article:author\" content=\"https:\/\/www.facebook.com\/pascal.oberson.1?fref=ts\" \/>\n<meta property=\"article:published_time\" content=\"2021-09-03T15:54:49+00:00\" \/>\n<meta property=\"article:modified_time\" content=\"2022-02-18T11:29:48+00:00\" \/>\n<meta property=\"og:image\" content=\"https:\/\/newsestlyonnais.fr\/site\/wp-content\/uploads\/2021\/06\/Autoroute_A4_Reims.jpg\" \/>\n\t<meta property=\"og:image:width\" content=\"560\" \/>\n\t<meta property=\"og:image:height\" content=\"420\" \/>\n\t<meta property=\"og:image:type\" content=\"image\/jpeg\" \/>\n<meta name=\"author\" content=\"R\u00e9dac. NEWS\" \/>\n<meta name=\"twitter:card\" content=\"summary_large_image\" \/>\n<meta name=\"twitter:label1\" content=\"\u00c9crit par\" \/>\n\t<meta name=\"twitter:data1\" content=\"R\u00e9dac. NEWS\" \/>\n\t<meta name=\"twitter:label2\" content=\"Dur\u00e9e de lecture estim\u00e9e\" \/>\n\t<meta name=\"twitter:data2\" content=\"2 minutes\" \/>\n<script type=\"application\/ld+json\" class=\"yoast-schema-graph\">{\"@context\":\"https:\/\/schema.org\",\"@graph\":[{\"@type\":\"Article\",\"@id\":\"https:\/\/newsestlyonnais.fr\/site\/2021\/09\/03\/est-lyonnais-autoroute-a-46-sud-concertation-publique\/#article\",\"isPartOf\":{\"@id\":\"https:\/\/newsestlyonnais.fr\/site\/2021\/09\/03\/est-lyonnais-autoroute-a-46-sud-concertation-publique\/\"},\"author\":{\"name\":\"R\u00e9dac. NEWS\",\"@id\":\"https:\/\/newsestlyonnais.fr\/site\/#\/schema\/person\/3230d5615f390bb808365d673001e887\"},\"headline\":\"EST-LYONNAIS | Autoroute A 46 Sud > concertation publique\",\"datePublished\":\"2021-09-03T15:54:49+00:00\",\"dateModified\":\"2022-02-18T11:29:48+00:00\",\"mainEntityOfPage\":{\"@id\":\"https:\/\/newsestlyonnais.fr\/site\/2021\/09\/03\/est-lyonnais-autoroute-a-46-sud-concertation-publique\/\"},\"wordCount\":407,\"commentCount\":0,\"publisher\":{\"@id\":\"https:\/\/newsestlyonnais.fr\/site\/#organization\"},\"image\":{\"@id\":\"https:\/\/newsestlyonnais.fr\/site\/2021\/09\/03\/est-lyonnais-autoroute-a-46-sud-concertation-publique\/#primaryimage\"},\"thumbnailUrl\":\"https:\/\/newsestlyonnais.fr\/site\/wp-content\/uploads\/2021\/06\/Autoroute_A4_Reims.jpg\",\"keywords\":[\"AMENAGEMENT\",\"AUTOROUTE\",\"EST LYONNAIS\",\"TRAVAUX\"],\"articleSection\":[\"Br\u00e8ves de l'Est lyonnais\",\"Bron\",\"Chaponnay\",\"Chaponnay | Ternay | Pays d'Ozon\",\"Communay | Marennes\",\"Corbas | Feyzin\",\"Is\u00e8re (38)\",\"Lyon\",\"Mions\",\"Saint-Priest\",\"Simandres | Ternay\",\"Travaux | Am\u00e9nagements\"],\"inLanguage\":\"fr-FR\",\"potentialAction\":[{\"@type\":\"CommentAction\",\"name\":\"Comment\",\"target\":[\"https:\/\/newsestlyonnais.fr\/site\/2021\/09\/03\/est-lyonnais-autoroute-a-46-sud-concertation-publique\/#respond\"]}]},{\"@type\":\"WebPage\",\"@id\":\"https:\/\/newsestlyonnais.fr\/site\/2021\/09\/03\/est-lyonnais-autoroute-a-46-sud-concertation-publique\/\",\"url\":\"https:\/\/newsestlyonnais.fr\/site\/2021\/09\/03\/est-lyonnais-autoroute-a-46-sud-concertation-publique\/\",\"name\":\"EST-LYONNAIS | Autoroute A 46 Sud > concertation publique - News Est Lyonnais\",\"isPartOf\":{\"@id\":\"https:\/\/newsestlyonnais.fr\/site\/#website\"},\"primaryImageOfPage\":{\"@id\":\"https:\/\/newsestlyonnais.fr\/site\/2021\/09\/03\/est-lyonnais-autoroute-a-46-sud-concertation-publique\/#primaryimage\"},\"image\":{\"@id\":\"https:\/\/newsestlyonnais.fr\/site\/2021\/09\/03\/est-lyonnais-autoroute-a-46-sud-concertation-publique\/#primaryimage\"},\"thumbnailUrl\":\"https:\/\/newsestlyonnais.fr\/site\/wp-content\/uploads\/2021\/06\/Autoroute_A4_Reims.jpg\",\"datePublished\":\"2021-09-03T15:54:49+00:00\",\"dateModified\":\"2022-02-18T11:29:48+00:00\",\"description\":\"EST-LYONNAIS | Autoroute A 46 Sud > concertation publique\",\"breadcrumb\":{\"@id\":\"https:\/\/newsestlyonnais.fr\/site\/2021\/09\/03\/est-lyonnais-autoroute-a-46-sud-concertation-publique\/#breadcrumb\"},\"inLanguage\":\"fr-FR\",\"potentialAction\":[{\"@type\":\"ReadAction\",\"target\":[\"https:\/\/newsestlyonnais.fr\/site\/2021\/09\/03\/est-lyonnais-autoroute-a-46-sud-concertation-publique\/\"]}]},{\"@type\":\"ImageObject\",\"inLanguage\":\"fr-FR\",\"@id\":\"https:\/\/newsestlyonnais.fr\/site\/2021\/09\/03\/est-lyonnais-autoroute-a-46-sud-concertation-publique\/#primaryimage\",\"url\":\"https:\/\/newsestlyonnais.fr\/site\/wp-content\/uploads\/2021\/06\/Autoroute_A4_Reims.jpg\",\"contentUrl\":\"https:\/\/newsestlyonnais.fr\/site\/wp-content\/uploads\/2021\/06\/Autoroute_A4_Reims.jpg\",\"width\":560,\"height\":420},{\"@type\":\"BreadcrumbList\",\"@id\":\"https:\/\/newsestlyonnais.fr\/site\/2021\/09\/03\/est-lyonnais-autoroute-a-46-sud-concertation-publique\/#breadcrumb\",\"itemListElement\":[{\"@type\":\"ListItem\",\"position\":1,\"name\":\"Accueil\",\"item\":\"https:\/\/newsestlyonnais.fr\/site\/\"},{\"@type\":\"ListItem\",\"position\":2,\"name\":\"EST-LYONNAIS | Autoroute A 46 Sud > concertation publique\"}]},{\"@type\":\"WebSite\",\"@id\":\"https:\/\/newsestlyonnais.fr\/site\/#website\",\"url\":\"https:\/\/newsestlyonnais.fr\/site\/\",\"name\":\"News Est Lyonnais\",\"description\":\"L&#039;actualit\u00e9 au plus pr\u00e8s\",\"publisher\":{\"@id\":\"https:\/\/newsestlyonnais.fr\/site\/#organization\"},\"potentialAction\":[{\"@type\":\"SearchAction\",\"target\":{\"@type\":\"EntryPoint\",\"urlTemplate\":\"https:\/\/newsestlyonnais.fr\/site\/?s={search_term_string}\"},\"query-input\":{\"@type\":\"PropertyValueSpecification\",\"valueRequired\":true,\"valueName\":\"search_term_string\"}}],\"inLanguage\":\"fr-FR\"},{\"@type\":\"Organization\",\"@id\":\"https:\/\/newsestlyonnais.fr\/site\/#organization\",\"name\":\"News EST LYONNAIS\",\"url\":\"https:\/\/newsestlyonnais.fr\/site\/\",\"logo\":{\"@type\":\"ImageObject\",\"inLanguage\":\"fr-FR\",\"@id\":\"https:\/\/newsestlyonnais.fr\/site\/#\/schema\/logo\/image\/\",\"url\":\"\",\"contentUrl\":\"\",\"caption\":\"News EST LYONNAIS\"},\"image\":{\"@id\":\"https:\/\/newsestlyonnais.fr\/site\/#\/schema\/logo\/image\/\"}},{\"@type\":\"Person\",\"@id\":\"https:\/\/newsestlyonnais.fr\/site\/#\/schema\/person\/3230d5615f390bb808365d673001e887\",\"name\":\"R\u00e9dac. NEWS\",\"sameAs\":[\"http:\/\/www.newsestlyonnais.fr\",\"https:\/\/www.facebook.com\/pascal.oberson.1?fref=ts\",\"https:\/\/fr.linkedin.com\/in\/pascal-oberson-b17045113\"],\"url\":\"https:\/\/newsestlyonnais.fr\/site\/author\/nel\/\"}]}<\/script>\n<!-- \/ Yoast SEO plugin. -->","yoast_head_json":{"title":"EST-LYONNAIS | Autoroute A 46 Sud > concertation publique - News Est Lyonnais","description":"EST-LYONNAIS | Autoroute A 46 Sud > concertation publique","robots":{"index":"index","follow":"follow","max-snippet":"max-snippet:-1","max-image-preview":"max-image-preview:large","max-video-preview":"max-video-preview:-1"},"canonical":"https:\/\/newsestlyonnais.fr\/site\/2021\/09\/03\/est-lyonnais-autoroute-a-46-sud-concertation-publique\/","og_locale":"fr_FR","og_type":"article","og_title":"EST-LYONNAIS | Autoroute A 46 Sud > concertation publique - News Est Lyonnais","og_description":"EST-LYONNAIS | Autoroute A 46 Sud > concertation publique","og_url":"https:\/\/newsestlyonnais.fr\/site\/2021\/09\/03\/est-lyonnais-autoroute-a-46-sud-concertation-publique\/","og_site_name":"News Est Lyonnais","article_author":"https:\/\/www.facebook.com\/pascal.oberson.1?fref=ts","article_published_time":"2021-09-03T15:54:49+00:00","article_modified_time":"2022-02-18T11:29:48+00:00","og_image":[{"width":560,"height":420,"url":"https:\/\/newsestlyonnais.fr\/site\/wp-content\/uploads\/2021\/06\/Autoroute_A4_Reims.jpg","type":"image\/jpeg"}],"author":"R\u00e9dac. NEWS","twitter_card":"summary_large_image","twitter_misc":{"\u00c9crit par":"R\u00e9dac. NEWS","Dur\u00e9e de lecture estim\u00e9e":"2 minutes"},"schema":{"@context":"https:\/\/schema.org","@graph":[{"@type":"Article","@id":"https:\/\/newsestlyonnais.fr\/site\/2021\/09\/03\/est-lyonnais-autoroute-a-46-sud-concertation-publique\/#article","isPartOf":{"@id":"https:\/\/newsestlyonnais.fr\/site\/2021\/09\/03\/est-lyonnais-autoroute-a-46-sud-concertation-publique\/"},"author":{"name":"R\u00e9dac. NEWS","@id":"https:\/\/newsestlyonnais.fr\/site\/#\/schema\/person\/3230d5615f390bb808365d673001e887"},"headline":"EST-LYONNAIS | Autoroute A 46 Sud > concertation publique","datePublished":"2021-09-03T15:54:49+00:00","dateModified":"2022-02-18T11:29:48+00:00","mainEntityOfPage":{"@id":"https:\/\/newsestlyonnais.fr\/site\/2021\/09\/03\/est-lyonnais-autoroute-a-46-sud-concertation-publique\/"},"wordCount":407,"commentCount":0,"publisher":{"@id":"https:\/\/newsestlyonnais.fr\/site\/#organization"},"image":{"@id":"https:\/\/newsestlyonnais.fr\/site\/2021\/09\/03\/est-lyonnais-autoroute-a-46-sud-concertation-publique\/#primaryimage"},"thumbnailUrl":"https:\/\/newsestlyonnais.fr\/site\/wp-content\/uploads\/2021\/06\/Autoroute_A4_Reims.jpg","keywords":["AMENAGEMENT","AUTOROUTE","EST LYONNAIS","TRAVAUX"],"articleSection":["Br\u00e8ves de l'Est lyonnais","Bron","Chaponnay","Chaponnay | Ternay | Pays d'Ozon","Communay | Marennes","Corbas | Feyzin","Is\u00e8re (38)","Lyon","Mions","Saint-Priest","Simandres | Ternay","Travaux | Am\u00e9nagements"],"inLanguage":"fr-FR","potentialAction":[{"@type":"CommentAction","name":"Comment","target":["https:\/\/newsestlyonnais.fr\/site\/2021\/09\/03\/est-lyonnais-autoroute-a-46-sud-concertation-publique\/#respond"]}]},{"@type":"WebPage","@id":"https:\/\/newsestlyonnais.fr\/site\/2021\/09\/03\/est-lyonnais-autoroute-a-46-sud-concertation-publique\/","url":"https:\/\/newsestlyonnais.fr\/site\/2021\/09\/03\/est-lyonnais-autoroute-a-46-sud-concertation-publique\/","name":"EST-LYONNAIS | Autoroute A 46 Sud > concertation publique - News Est Lyonnais","isPartOf":{"@id":"https:\/\/newsestlyonnais.fr\/site\/#website"},"primaryImageOfPage":{"@id":"https:\/\/newsestlyonnais.fr\/site\/2021\/09\/03\/est-lyonnais-autoroute-a-46-sud-concertation-publique\/#primaryimage"},"image":{"@id":"https:\/\/newsestlyonnais.fr\/site\/2021\/09\/03\/est-lyonnais-autoroute-a-46-sud-concertation-publique\/#primaryimage"},"thumbnailUrl":"https:\/\/newsestlyonnais.fr\/site\/wp-content\/uploads\/2021\/06\/Autoroute_A4_Reims.jpg","datePublished":"2021-09-03T15:54:49+00:00","dateModified":"2022-02-18T11:29:48+00:00","description":"EST-LYONNAIS | Autoroute A 46 Sud > concertation publique","breadcrumb":{"@id":"https:\/\/newsestlyonnais.fr\/site\/2021\/09\/03\/est-lyonnais-autoroute-a-46-sud-concertation-publique\/#breadcrumb"},"inLanguage":"fr-FR","potentialAction":[{"@type":"ReadAction","target":["https:\/\/newsestlyonnais.fr\/site\/2021\/09\/03\/est-lyonnais-autoroute-a-46-sud-concertation-publique\/"]}]},{"@type":"ImageObject","inLanguage":"fr-FR","@id":"https:\/\/newsestlyonnais.fr\/site\/2021\/09\/03\/est-lyonnais-autoroute-a-46-sud-concertation-publique\/#primaryimage","url":"https:\/\/newsestlyonnais.fr\/site\/wp-content\/uploads\/2021\/06\/Autoroute_A4_Reims.jpg","contentUrl":"https:\/\/newsestlyonnais.fr\/site\/wp-content\/uploads\/2021\/06\/Autoroute_A4_Reims.jpg","width":560,"height":420},{"@type":"BreadcrumbList","@id":"https:\/\/newsestlyonnais.fr\/site\/2021\/09\/03\/est-lyonnais-autoroute-a-46-sud-concertation-publique\/#breadcrumb","itemListElement":[{"@type":"ListItem","position":1,"name":"Accueil","item":"https:\/\/newsestlyonnais.fr\/site\/"},{"@type":"ListItem","position":2,"name":"EST-LYONNAIS | Autoroute A 46 Sud > concertation publique"}]},{"@type":"WebSite","@id":"https:\/\/newsestlyonnais.fr\/site\/#website","url":"https:\/\/newsestlyonnais.fr\/site\/","name":"News Est Lyonnais","description":"L&#039;actualit\u00e9 au plus pr\u00e8s","publisher":{"@id":"https:\/\/newsestlyonnais.fr\/site\/#organization"},"potentialAction":[{"@type":"SearchAction","target":{"@type":"EntryPoint","urlTemplate":"https:\/\/newsestlyonnais.fr\/site\/?s={search_term_string}"},"query-input":{"@type":"PropertyValueSpecification","valueRequired":true,"valueName":"search_term_string"}}],"inLanguage":"fr-FR"},{"@type":"Organization","@id":"https:\/\/newsestlyonnais.fr\/site\/#organization","name":"News EST LYONNAIS","url":"https:\/\/newsestlyonnais.fr\/site\/","logo":{"@type":"ImageObject","inLanguage":"fr-FR","@id":"https:\/\/newsestlyonnais.fr\/site\/#\/schema\/logo\/image\/","url":"","contentUrl":"","caption":"News EST LYONNAIS"},"image":{"@id":"https:\/\/newsestlyonnais.fr\/site\/#\/schema\/logo\/image\/"}},{"@type":"Person","@id":"https:\/\/newsestlyonnais.fr\/site\/#\/schema\/person\/3230d5615f390bb808365d673001e887","name":"R\u00e9dac. NEWS","sameAs":["http:\/\/www.newsestlyonnais.fr","https:\/\/www.facebook.com\/pascal.oberson.1?fref=ts","https:\/\/fr.linkedin.com\/in\/pascal-oberson-b17045113"],"url":"https:\/\/newsestlyonnais.fr\/site\/author\/nel\/"}]}},"_links":{"self":[{"href":"https:\/\/newsestlyonnais.fr\/site\/wp-json\/wp\/v2\/posts\/133131","targetHints":{"allow":["GET"]}}],"collection":[{"href":"https:\/\/newsestlyonnais.fr\/site\/wp-json\/wp\/v2\/posts"}],"about":[{"href":"https:\/\/newsestlyonnais.fr\/site\/wp-json\/wp\/v2\/types\/post"}],"author":[{"embeddable":true,"href":"https:\/\/newsestlyonnais.fr\/site\/wp-json\/wp\/v2\/users\/4"}],"replies":[{"embeddable":true,"href":"https:\/\/newsestlyonnais.fr\/site\/wp-json\/wp\/v2\/comments?post=133131"}],"version-history":[{"count":0,"href":"https:\/\/newsestlyonnais.fr\/site\/wp-json\/wp\/v2\/posts\/133131\/revisions"}],"wp:featuredmedia":[{"embeddable":true,"href":"https:\/\/newsestlyonnais.fr\/site\/wp-json\/wp\/v2\/media\/133143"}],"wp:attachment":[{"href":"https:\/\/newsestlyonnais.fr\/site\/wp-json\/wp\/v2\/media?parent=133131"}],"wp:term":[{"taxonomy":"category","embeddable":true,"href":"https:\/\/newsestlyonnais.fr\/site\/wp-json\/wp\/v2\/categories?post=133131"},{"taxonomy":"post_tag","embeddable":true,"href":"https:\/\/newsestlyonnais.fr\/site\/wp-json\/wp\/v2\/tags?post=133131"}],"curies":[{"name":"wp","href":"https:\/\/api.w.org\/{rel}","templated":true}]}}