{"id":133485,"date":"2021-07-04T06:21:25","date_gmt":"2021-07-04T05:21:25","guid":{"rendered":"https:\/\/newsestlyonnais.fr\/site\/?p=133485"},"modified":"2021-07-07T07:51:28","modified_gmt":"2021-07-07T06:51:28","slug":"meyzieu-lopen-de-tennis-sacheve-ce-dimanche-3","status":"publish","type":"post","link":"https:\/\/newsestlyonnais.fr\/site\/2021\/07\/04\/meyzieu-lopen-de-tennis-sacheve-ce-dimanche-3\/","title":{"rendered":"MEYZIEU | L\u2019Open de tennis s&rsquo;ach\u00e8ve ce dimanche"},"content":{"rendered":"<p><strong><span style=\"text-decoration: underline;\">Tableau masculin<\/span><em> :<\/em><\/strong><\/p>\n<ul>\n<li><strong>Alexis GERRA<\/strong> (Chassieu Tennis, 1\/6) bat <strong>Alexis AULAGNIER<\/strong> (ASPTT Gd Lyon Tennis, 5\/6)\u00a0 6\/1, 6\/0.<\/li>\n<\/ul>\n<p><span style=\"text-decoration: underline;\"><strong>Tableau masculin + 35 ans<\/strong><\/span> :<\/p>\n<ul>\n<li><strong>Franck CHANUT<\/strong> (TC Mionnay, 15) bat <strong>Chan KEU RIFFI<\/strong> (Meyzieu Tennis, 15\/4) \u00a0 par WO.<\/li>\n<li><strong>Florian SOULERIN<\/strong> (TC Genas, 15) bat <strong>Thomas LE MOING<\/strong> (TC Croix-Rousse, 15\/2)\u00a0\u00a0\u00a0 7\/6, 6\/3.<\/li>\n<\/ul>\n<hr \/>\n<p><span style=\"background-color: #000000; font-size: 14pt; color: #ffffff;\">Au programme de ce dimanche : \u00e0 10 heures, finales des 3 tableaux du tournoi :\u00a0<\/span><\/p>\n<ul>\n<li><strong><span style=\"text-decoration: underline;\">Seniors dames<\/span> : Manon BAUDET <\/strong>(TC Tr\u00e9voux, 15) \/ <strong>In\u00e8s JENDOUBI<\/strong> (TC Lyon, 15)<strong><br \/>\n<\/strong><\/li>\n<li><strong><span style=\"text-decoration: underline;\">Seniors messieurs<\/span> <em>: <\/em><\/strong><strong>Alexis GERRA<\/strong> (Chassieu Tennis, 1\/6) \/ <strong>Sabi ROI<\/strong> (TC La Pape, 1\/6)<\/li>\n<li><strong><span style=\"text-decoration: underline;\">Seniors messieurs + 35 ans<\/span> : <\/strong><strong>Florian SOULERIN<\/strong> (TC Genas, 15) \/ <strong>Franck CHANUT<\/strong> (TC Mionnay, 15)<\/li>\n<\/ul>\n<hr \/>\n<hr \/>\n<p>&nbsp;<\/p>\n","protected":false},"excerpt":{"rendered":"<p>Trois matchs \u00e9taient programm\u00e9s ce samedi dans les deux tableaux masculins. <\/p>\n","protected":false},"author":4,"featured_media":131315,"comment_status":"open","ping_status":"open","sticky":false,"template":"","format":"standard","meta":{"footnotes":""},"categories":[24,2992,2991],"tags":[2081,2548,2049],"class_list":["post-133485","post","type-post","status-publish","format-standard","has-post-thumbnail","hentry","category-meyzieu","category-tennis-padel","category-tennis-tennis-table-sports","tag-meyzieu","tag-meyzieu-tennis","tag-tennis"],"yoast_head":"<!-- This site is optimized with the Yoast SEO plugin v27.2 - https:\/\/yoast.com\/product\/yoast-seo-wordpress\/ -->\n<title>MEYZIEU | L\u2019Open de tennis s&#039;ach\u00e8ve ce dimanche - News Est Lyonnais<\/title>\n<meta name=\"description\" content=\"MEYZIEU | L\u2019Open de tennis s&#039;ach\u00e8ve ce dimanche\" \/>\n<meta name=\"robots\" content=\"index, follow, max-snippet:-1, max-image-preview:large, max-video-preview:-1\" \/>\n<link rel=\"canonical\" href=\"https:\/\/newsestlyonnais.fr\/site\/2021\/07\/04\/meyzieu-lopen-de-tennis-sacheve-ce-dimanche-3\/\" \/>\n<meta property=\"og:locale\" content=\"fr_FR\" \/>\n<meta property=\"og:type\" content=\"article\" \/>\n<meta property=\"og:title\" content=\"MEYZIEU | L\u2019Open de tennis s&#039;ach\u00e8ve ce dimanche - News Est Lyonnais\" \/>\n<meta property=\"og:description\" content=\"MEYZIEU | L\u2019Open de tennis s&#039;ach\u00e8ve ce dimanche\" \/>\n<meta property=\"og:url\" content=\"https:\/\/newsestlyonnais.fr\/site\/2021\/07\/04\/meyzieu-lopen-de-tennis-sacheve-ce-dimanche-3\/\" \/>\n<meta property=\"og:site_name\" content=\"News Est Lyonnais\" \/>\n<meta property=\"article:author\" content=\"https:\/\/www.facebook.com\/pascal.oberson.1?fref=ts\" \/>\n<meta property=\"article:published_time\" content=\"2021-07-04T05:21:25+00:00\" \/>\n<meta property=\"article:modified_time\" content=\"2021-07-07T06:51:28+00:00\" \/>\n<meta property=\"og:image\" content=\"https:\/\/i2.wp.com\/newsestlyonnais.fr\/site\/wp-content\/uploads\/2021\/06\/NEWSESTLYONNAIS-MEY-TENNIS-01.jpg?fit=1200%2C900&ssl=1\" \/>\n\t<meta property=\"og:image:width\" content=\"1200\" \/>\n\t<meta property=\"og:image:height\" content=\"900\" \/>\n\t<meta property=\"og:image:type\" content=\"image\/jpeg\" \/>\n<meta name=\"author\" content=\"R\u00e9dac. NEWS\" \/>\n<meta name=\"twitter:card\" content=\"summary_large_image\" \/>\n<meta name=\"twitter:label1\" content=\"\u00c9crit par\" \/>\n\t<meta name=\"twitter:data1\" content=\"R\u00e9dac. NEWS\" \/>\n\t<meta name=\"twitter:label2\" content=\"Dur\u00e9e de lecture estim\u00e9e\" \/>\n\t<meta name=\"twitter:data2\" content=\"1 minute\" \/>\n<script type=\"application\/ld+json\" class=\"yoast-schema-graph\">{\"@context\":\"https:\/\/schema.org\",\"@graph\":[{\"@type\":\"Article\",\"@id\":\"https:\/\/newsestlyonnais.fr\/site\/2021\/07\/04\/meyzieu-lopen-de-tennis-sacheve-ce-dimanche-3\/#article\",\"isPartOf\":{\"@id\":\"https:\/\/newsestlyonnais.fr\/site\/2021\/07\/04\/meyzieu-lopen-de-tennis-sacheve-ce-dimanche-3\/\"},\"author\":{\"name\":\"R\u00e9dac. NEWS\",\"@id\":\"https:\/\/newsestlyonnais.fr\/site\/#\/schema\/person\/3230d5615f390bb808365d673001e887\"},\"headline\":\"MEYZIEU | L\u2019Open de tennis s&rsquo;ach\u00e8ve ce dimanche\",\"datePublished\":\"2021-07-04T05:21:25+00:00\",\"dateModified\":\"2021-07-07T06:51:28+00:00\",\"mainEntityOfPage\":{\"@id\":\"https:\/\/newsestlyonnais.fr\/site\/2021\/07\/04\/meyzieu-lopen-de-tennis-sacheve-ce-dimanche-3\/\"},\"wordCount\":94,\"commentCount\":0,\"publisher\":{\"@id\":\"https:\/\/newsestlyonnais.fr\/site\/#organization\"},\"image\":{\"@id\":\"https:\/\/newsestlyonnais.fr\/site\/2021\/07\/04\/meyzieu-lopen-de-tennis-sacheve-ce-dimanche-3\/#primaryimage\"},\"thumbnailUrl\":\"https:\/\/newsestlyonnais.fr\/site\/wp-content\/uploads\/2021\/06\/NEWSESTLYONNAIS-MEY-TENNIS-01.jpg\",\"keywords\":[\"MEYZIEU\",\"MEYZIEU TENNIS\",\"TENNIS\"],\"articleSection\":[\"Meyzieu\",\"Tennis | Padel\",\"Tennis | Tennis de table\"],\"inLanguage\":\"fr-FR\",\"potentialAction\":[{\"@type\":\"CommentAction\",\"name\":\"Comment\",\"target\":[\"https:\/\/newsestlyonnais.fr\/site\/2021\/07\/04\/meyzieu-lopen-de-tennis-sacheve-ce-dimanche-3\/#respond\"]}]},{\"@type\":\"WebPage\",\"@id\":\"https:\/\/newsestlyonnais.fr\/site\/2021\/07\/04\/meyzieu-lopen-de-tennis-sacheve-ce-dimanche-3\/\",\"url\":\"https:\/\/newsestlyonnais.fr\/site\/2021\/07\/04\/meyzieu-lopen-de-tennis-sacheve-ce-dimanche-3\/\",\"name\":\"MEYZIEU | L\u2019Open de tennis s'ach\u00e8ve ce dimanche - News Est Lyonnais\",\"isPartOf\":{\"@id\":\"https:\/\/newsestlyonnais.fr\/site\/#website\"},\"primaryImageOfPage\":{\"@id\":\"https:\/\/newsestlyonnais.fr\/site\/2021\/07\/04\/meyzieu-lopen-de-tennis-sacheve-ce-dimanche-3\/#primaryimage\"},\"image\":{\"@id\":\"https:\/\/newsestlyonnais.fr\/site\/2021\/07\/04\/meyzieu-lopen-de-tennis-sacheve-ce-dimanche-3\/#primaryimage\"},\"thumbnailUrl\":\"https:\/\/newsestlyonnais.fr\/site\/wp-content\/uploads\/2021\/06\/NEWSESTLYONNAIS-MEY-TENNIS-01.jpg\",\"datePublished\":\"2021-07-04T05:21:25+00:00\",\"dateModified\":\"2021-07-07T06:51:28+00:00\",\"description\":\"MEYZIEU | L\u2019Open de tennis s'ach\u00e8ve ce dimanche\",\"breadcrumb\":{\"@id\":\"https:\/\/newsestlyonnais.fr\/site\/2021\/07\/04\/meyzieu-lopen-de-tennis-sacheve-ce-dimanche-3\/#breadcrumb\"},\"inLanguage\":\"fr-FR\",\"potentialAction\":[{\"@type\":\"ReadAction\",\"target\":[\"https:\/\/newsestlyonnais.fr\/site\/2021\/07\/04\/meyzieu-lopen-de-tennis-sacheve-ce-dimanche-3\/\"]}]},{\"@type\":\"ImageObject\",\"inLanguage\":\"fr-FR\",\"@id\":\"https:\/\/newsestlyonnais.fr\/site\/2021\/07\/04\/meyzieu-lopen-de-tennis-sacheve-ce-dimanche-3\/#primaryimage\",\"url\":\"https:\/\/newsestlyonnais.fr\/site\/wp-content\/uploads\/2021\/06\/NEWSESTLYONNAIS-MEY-TENNIS-01.jpg\",\"contentUrl\":\"https:\/\/newsestlyonnais.fr\/site\/wp-content\/uploads\/2021\/06\/NEWSESTLYONNAIS-MEY-TENNIS-01.jpg\",\"width\":1200,\"height\":900},{\"@type\":\"BreadcrumbList\",\"@id\":\"https:\/\/newsestlyonnais.fr\/site\/2021\/07\/04\/meyzieu-lopen-de-tennis-sacheve-ce-dimanche-3\/#breadcrumb\",\"itemListElement\":[{\"@type\":\"ListItem\",\"position\":1,\"name\":\"Accueil\",\"item\":\"https:\/\/newsestlyonnais.fr\/site\/\"},{\"@type\":\"ListItem\",\"position\":2,\"name\":\"MEYZIEU | L\u2019Open de tennis s&rsquo;ach\u00e8ve ce dimanche\"}]},{\"@type\":\"WebSite\",\"@id\":\"https:\/\/newsestlyonnais.fr\/site\/#website\",\"url\":\"https:\/\/newsestlyonnais.fr\/site\/\",\"name\":\"News Est Lyonnais\",\"description\":\"L&#039;actualit\u00e9 au plus pr\u00e8s\",\"publisher\":{\"@id\":\"https:\/\/newsestlyonnais.fr\/site\/#organization\"},\"potentialAction\":[{\"@type\":\"SearchAction\",\"target\":{\"@type\":\"EntryPoint\",\"urlTemplate\":\"https:\/\/newsestlyonnais.fr\/site\/?s={search_term_string}\"},\"query-input\":{\"@type\":\"PropertyValueSpecification\",\"valueRequired\":true,\"valueName\":\"search_term_string\"}}],\"inLanguage\":\"fr-FR\"},{\"@type\":\"Organization\",\"@id\":\"https:\/\/newsestlyonnais.fr\/site\/#organization\",\"name\":\"News EST LYONNAIS\",\"url\":\"https:\/\/newsestlyonnais.fr\/site\/\",\"logo\":{\"@type\":\"ImageObject\",\"inLanguage\":\"fr-FR\",\"@id\":\"https:\/\/newsestlyonnais.fr\/site\/#\/schema\/logo\/image\/\",\"url\":\"\",\"contentUrl\":\"\",\"caption\":\"News EST LYONNAIS\"},\"image\":{\"@id\":\"https:\/\/newsestlyonnais.fr\/site\/#\/schema\/logo\/image\/\"}},{\"@type\":\"Person\",\"@id\":\"https:\/\/newsestlyonnais.fr\/site\/#\/schema\/person\/3230d5615f390bb808365d673001e887\",\"name\":\"R\u00e9dac. NEWS\",\"sameAs\":[\"http:\/\/www.newsestlyonnais.fr\",\"https:\/\/www.facebook.com\/pascal.oberson.1?fref=ts\",\"https:\/\/fr.linkedin.com\/in\/pascal-oberson-b17045113\"],\"url\":\"https:\/\/newsestlyonnais.fr\/site\/author\/nel\/\"}]}<\/script>\n<!-- \/ Yoast SEO plugin. -->","yoast_head_json":{"title":"MEYZIEU | L\u2019Open de tennis s'ach\u00e8ve ce dimanche - News Est Lyonnais","description":"MEYZIEU | L\u2019Open de tennis s'ach\u00e8ve ce dimanche","robots":{"index":"index","follow":"follow","max-snippet":"max-snippet:-1","max-image-preview":"max-image-preview:large","max-video-preview":"max-video-preview:-1"},"canonical":"https:\/\/newsestlyonnais.fr\/site\/2021\/07\/04\/meyzieu-lopen-de-tennis-sacheve-ce-dimanche-3\/","og_locale":"fr_FR","og_type":"article","og_title":"MEYZIEU | L\u2019Open de tennis s'ach\u00e8ve ce dimanche - News Est Lyonnais","og_description":"MEYZIEU | L\u2019Open de tennis s'ach\u00e8ve ce dimanche","og_url":"https:\/\/newsestlyonnais.fr\/site\/2021\/07\/04\/meyzieu-lopen-de-tennis-sacheve-ce-dimanche-3\/","og_site_name":"News Est Lyonnais","article_author":"https:\/\/www.facebook.com\/pascal.oberson.1?fref=ts","article_published_time":"2021-07-04T05:21:25+00:00","article_modified_time":"2021-07-07T06:51:28+00:00","og_image":[{"width":1200,"height":900,"url":"https:\/\/i2.wp.com\/newsestlyonnais.fr\/site\/wp-content\/uploads\/2021\/06\/NEWSESTLYONNAIS-MEY-TENNIS-01.jpg?fit=1200%2C900&ssl=1","type":"image\/jpeg"}],"author":"R\u00e9dac. NEWS","twitter_card":"summary_large_image","twitter_misc":{"\u00c9crit par":"R\u00e9dac. NEWS","Dur\u00e9e de lecture estim\u00e9e":"1 minute"},"schema":{"@context":"https:\/\/schema.org","@graph":[{"@type":"Article","@id":"https:\/\/newsestlyonnais.fr\/site\/2021\/07\/04\/meyzieu-lopen-de-tennis-sacheve-ce-dimanche-3\/#article","isPartOf":{"@id":"https:\/\/newsestlyonnais.fr\/site\/2021\/07\/04\/meyzieu-lopen-de-tennis-sacheve-ce-dimanche-3\/"},"author":{"name":"R\u00e9dac. NEWS","@id":"https:\/\/newsestlyonnais.fr\/site\/#\/schema\/person\/3230d5615f390bb808365d673001e887"},"headline":"MEYZIEU | L\u2019Open de tennis s&rsquo;ach\u00e8ve ce dimanche","datePublished":"2021-07-04T05:21:25+00:00","dateModified":"2021-07-07T06:51:28+00:00","mainEntityOfPage":{"@id":"https:\/\/newsestlyonnais.fr\/site\/2021\/07\/04\/meyzieu-lopen-de-tennis-sacheve-ce-dimanche-3\/"},"wordCount":94,"commentCount":0,"publisher":{"@id":"https:\/\/newsestlyonnais.fr\/site\/#organization"},"image":{"@id":"https:\/\/newsestlyonnais.fr\/site\/2021\/07\/04\/meyzieu-lopen-de-tennis-sacheve-ce-dimanche-3\/#primaryimage"},"thumbnailUrl":"https:\/\/newsestlyonnais.fr\/site\/wp-content\/uploads\/2021\/06\/NEWSESTLYONNAIS-MEY-TENNIS-01.jpg","keywords":["MEYZIEU","MEYZIEU TENNIS","TENNIS"],"articleSection":["Meyzieu","Tennis | Padel","Tennis | Tennis de table"],"inLanguage":"fr-FR","potentialAction":[{"@type":"CommentAction","name":"Comment","target":["https:\/\/newsestlyonnais.fr\/site\/2021\/07\/04\/meyzieu-lopen-de-tennis-sacheve-ce-dimanche-3\/#respond"]}]},{"@type":"WebPage","@id":"https:\/\/newsestlyonnais.fr\/site\/2021\/07\/04\/meyzieu-lopen-de-tennis-sacheve-ce-dimanche-3\/","url":"https:\/\/newsestlyonnais.fr\/site\/2021\/07\/04\/meyzieu-lopen-de-tennis-sacheve-ce-dimanche-3\/","name":"MEYZIEU | L\u2019Open de tennis s'ach\u00e8ve ce dimanche - News Est Lyonnais","isPartOf":{"@id":"https:\/\/newsestlyonnais.fr\/site\/#website"},"primaryImageOfPage":{"@id":"https:\/\/newsestlyonnais.fr\/site\/2021\/07\/04\/meyzieu-lopen-de-tennis-sacheve-ce-dimanche-3\/#primaryimage"},"image":{"@id":"https:\/\/newsestlyonnais.fr\/site\/2021\/07\/04\/meyzieu-lopen-de-tennis-sacheve-ce-dimanche-3\/#primaryimage"},"thumbnailUrl":"https:\/\/newsestlyonnais.fr\/site\/wp-content\/uploads\/2021\/06\/NEWSESTLYONNAIS-MEY-TENNIS-01.jpg","datePublished":"2021-07-04T05:21:25+00:00","dateModified":"2021-07-07T06:51:28+00:00","description":"MEYZIEU | L\u2019Open de tennis s'ach\u00e8ve ce dimanche","breadcrumb":{"@id":"https:\/\/newsestlyonnais.fr\/site\/2021\/07\/04\/meyzieu-lopen-de-tennis-sacheve-ce-dimanche-3\/#breadcrumb"},"inLanguage":"fr-FR","potentialAction":[{"@type":"ReadAction","target":["https:\/\/newsestlyonnais.fr\/site\/2021\/07\/04\/meyzieu-lopen-de-tennis-sacheve-ce-dimanche-3\/"]}]},{"@type":"ImageObject","inLanguage":"fr-FR","@id":"https:\/\/newsestlyonnais.fr\/site\/2021\/07\/04\/meyzieu-lopen-de-tennis-sacheve-ce-dimanche-3\/#primaryimage","url":"https:\/\/newsestlyonnais.fr\/site\/wp-content\/uploads\/2021\/06\/NEWSESTLYONNAIS-MEY-TENNIS-01.jpg","contentUrl":"https:\/\/newsestlyonnais.fr\/site\/wp-content\/uploads\/2021\/06\/NEWSESTLYONNAIS-MEY-TENNIS-01.jpg","width":1200,"height":900},{"@type":"BreadcrumbList","@id":"https:\/\/newsestlyonnais.fr\/site\/2021\/07\/04\/meyzieu-lopen-de-tennis-sacheve-ce-dimanche-3\/#breadcrumb","itemListElement":[{"@type":"ListItem","position":1,"name":"Accueil","item":"https:\/\/newsestlyonnais.fr\/site\/"},{"@type":"ListItem","position":2,"name":"MEYZIEU | L\u2019Open de tennis s&rsquo;ach\u00e8ve ce dimanche"}]},{"@type":"WebSite","@id":"https:\/\/newsestlyonnais.fr\/site\/#website","url":"https:\/\/newsestlyonnais.fr\/site\/","name":"News Est Lyonnais","description":"L&#039;actualit\u00e9 au plus pr\u00e8s","publisher":{"@id":"https:\/\/newsestlyonnais.fr\/site\/#organization"},"potentialAction":[{"@type":"SearchAction","target":{"@type":"EntryPoint","urlTemplate":"https:\/\/newsestlyonnais.fr\/site\/?s={search_term_string}"},"query-input":{"@type":"PropertyValueSpecification","valueRequired":true,"valueName":"search_term_string"}}],"inLanguage":"fr-FR"},{"@type":"Organization","@id":"https:\/\/newsestlyonnais.fr\/site\/#organization","name":"News EST LYONNAIS","url":"https:\/\/newsestlyonnais.fr\/site\/","logo":{"@type":"ImageObject","inLanguage":"fr-FR","@id":"https:\/\/newsestlyonnais.fr\/site\/#\/schema\/logo\/image\/","url":"","contentUrl":"","caption":"News EST LYONNAIS"},"image":{"@id":"https:\/\/newsestlyonnais.fr\/site\/#\/schema\/logo\/image\/"}},{"@type":"Person","@id":"https:\/\/newsestlyonnais.fr\/site\/#\/schema\/person\/3230d5615f390bb808365d673001e887","name":"R\u00e9dac. NEWS","sameAs":["http:\/\/www.newsestlyonnais.fr","https:\/\/www.facebook.com\/pascal.oberson.1?fref=ts","https:\/\/fr.linkedin.com\/in\/pascal-oberson-b17045113"],"url":"https:\/\/newsestlyonnais.fr\/site\/author\/nel\/"}]}},"_links":{"self":[{"href":"https:\/\/newsestlyonnais.fr\/site\/wp-json\/wp\/v2\/posts\/133485","targetHints":{"allow":["GET"]}}],"collection":[{"href":"https:\/\/newsestlyonnais.fr\/site\/wp-json\/wp\/v2\/posts"}],"about":[{"href":"https:\/\/newsestlyonnais.fr\/site\/wp-json\/wp\/v2\/types\/post"}],"author":[{"embeddable":true,"href":"https:\/\/newsestlyonnais.fr\/site\/wp-json\/wp\/v2\/users\/4"}],"replies":[{"embeddable":true,"href":"https:\/\/newsestlyonnais.fr\/site\/wp-json\/wp\/v2\/comments?post=133485"}],"version-history":[{"count":0,"href":"https:\/\/newsestlyonnais.fr\/site\/wp-json\/wp\/v2\/posts\/133485\/revisions"}],"wp:featuredmedia":[{"embeddable":true,"href":"https:\/\/newsestlyonnais.fr\/site\/wp-json\/wp\/v2\/media\/131315"}],"wp:attachment":[{"href":"https:\/\/newsestlyonnais.fr\/site\/wp-json\/wp\/v2\/media?parent=133485"}],"wp:term":[{"taxonomy":"category","embeddable":true,"href":"https:\/\/newsestlyonnais.fr\/site\/wp-json\/wp\/v2\/categories?post=133485"},{"taxonomy":"post_tag","embeddable":true,"href":"https:\/\/newsestlyonnais.fr\/site\/wp-json\/wp\/v2\/tags?post=133485"}],"curies":[{"name":"wp","href":"https:\/\/api.w.org\/{rel}","templated":true}]}}