{"id":133503,"date":"2021-07-04T08:14:58","date_gmt":"2021-07-04T07:14:58","guid":{"rendered":"https:\/\/newsestlyonnais.fr\/site\/?p=133503"},"modified":"2021-07-13T14:40:05","modified_gmt":"2021-07-13T13:40:05","slug":"bron-cest-parti-pour-lopen-de-tennis","status":"publish","type":"post","link":"https:\/\/newsestlyonnais.fr\/site\/2021\/07\/04\/bron-cest-parti-pour-lopen-de-tennis\/","title":{"rendered":"BRON | C&rsquo;est parti pour l&rsquo;Open de tennis"},"content":{"rendered":"<p>\u00a0\u00bb Un d\u00e9marrage d\u00e8s 9 heures ce samedi matin avec une pluie intermittente. Un tournoi qui se d\u00e9roulera sur 3 semaines sur le m\u00eame format que la pr\u00e9c\u00e9dente \u00e9dition et qui est <strong>supervis\u00e9 par Philippe Celerien (juge-arbitre) assist\u00e9 de S\u00e9bastien Roger<\/strong>. 2 tableaux seniors (dames et hommes) sont programm\u00e9s allant de non class\u00e9 \u00e0 0. Un tournoi de haut niveau avec de forts classements d\u00e9j\u00e0 inscrits (2\/6). 200 hommes et 30 femmes sont inscrits dont une trentaine de membres du Tennis Club de Bron. On peut compter sur le soutien de la mairie et de partenaires priv\u00e9s (Sistel, Tennis Pro et Babolat).<\/p>\n<p>Les rencontres auront lieu en priorit\u00e9 sur les courts ext\u00e9rieurs, en semaine (\u00e0 partir de 18 heures 30) et le week-end (de 9 heures \u00e0 20 heures)\u00a0\u00bb confie <strong>Majd Rahmani, pr\u00e9sident du club organisateur.<\/strong><\/p>\n<hr \/>\n<p><em><strong>A noter<\/strong><\/em> : Meilleur classement (2\/6), + jeune participante (12 ans, TC La Pape) et + ancien joueur (72 ans, Vernaison).<\/p>\n<hr \/>\n<p><span style=\"text-decoration: underline; background-color: #000000; color: #ffffff;\"><em><strong><span style=\"font-size: 14pt; background-color: #000000;\">Les premiers r\u00e9sultats :<\/span> <\/strong><\/em><\/span><\/p>\n<p><em><strong><span style=\"text-decoration: underline;\">Tableau Masculin<\/span> :<\/strong> <\/em><\/p>\n<ul>\n<li><strong>Quentin BAPTISTA<\/strong> (Comit\u00e9 Ain Tennis, non class\u00e9) bat <strong>Th\u00e9o LASSERRE<\/strong> (TC Lyon, non class\u00e9)\u00a0\u00a0\u00a0 6\/2, 6\/2.<\/li>\n<li><strong>Fabien ETTORI<\/strong> (ES Charly, non class\u00e9) bat <strong>Axel MAYER<\/strong> (Tennis Lyon 8, 40) \u00a0\u00a0 6\/2, 7\/5.<strong><br \/>\n<\/strong><\/li>\n<li><strong>Timoth\u00e9e GUERINOT<\/strong> (TC Collonges, non class\u00e9) bat<strong> S\u00e9bastien JACQUEY<\/strong> (Chassieu Tennis, non class\u00e9) \u00a0 6\/2, 6\/1.<strong><br \/>\n<\/strong><\/li>\n<li><strong>Dorian BILLIEMAZ<\/strong> (Lyon Sport M\u00e9tropole Tennis, non class\u00e9) bat <strong>Antoine CLAIRICIA <\/strong>(ASPTT Gd Lyon Tennis, non class\u00e9)\u00a0 6\/0, 6\/1.<\/li>\n<li><strong>Romain FICHEPOIL<\/strong> (TC Lyon, 30\/4) bat <strong>Quentin BAPTISTA<\/strong> (Comit\u00e9 Ain Tennis, non class\u00e9) 6\/0, 6\/1.<\/li>\n<li><strong>Majid HASSAINE<\/strong> (Comit\u00e9 Rh\u00f4ne Rh\u00f4ne M\u00e9tropole Tennis, non class\u00e9) bat <strong>Quentin MONET <\/strong>(Lyon Sport M\u00e9tropole Tennis, non class\u00e9)\u00a0 5\/0 puis abandon.<\/li>\n<li><strong>Charles ZINSCH<\/strong> (TC St Genis Laval, non class\u00e9) bat <strong>Jean TRIQUENEAUX<\/strong> (TC Lyon, non class\u00e9)\u00a0\u00a0 6\/4 5\/7 6\/1.<\/li>\n<li><strong>Fr\u00e9d\u00e9ric MEUNIER<\/strong> (TC Lyon, 30\/5) bat <strong>Antonio PARISSE<\/strong> (TC Bron, 30\/5)\u00a0\u00a0\u00a0 6\/1, 6\/3.<strong><br \/>\n<\/strong><\/li>\n<li><strong>L\u00e9onard MARSALY<\/strong> (ASUL Tennis, 30\/5) bat <strong>Olivier BARGE<\/strong> (TC Paray Le Monial, 30\/5)\u00a0\u00a0\u00a0 7\/6, 4\/6, 7\/5.<\/li>\n<li><strong>S\u00e9bastien FIALON <\/strong>(TC V\u00e9nissieux, 30\/3) bat <strong>Benjamin DEWULF<\/strong> (TC Jonage, 30\/3)\u00a0 \u00a0\u00a0 6\/1, 6\/0.<strong><br \/>\n<\/strong><\/li>\n<li><strong>Guillaume GRAIN<\/strong> (TC Lyon, 30\/5) bat <strong>Haider AL HAMIDAWI<\/strong> (TC Bron, 30\/5)\u00a0\u00a0\u00a0 6\/0, 6\/0.<\/li>\n<li><strong>Fabien ETTORI<\/strong> (ES Charly, non class\u00e9) bat <strong>Jean-Charles MOUNIAPIN<\/strong> (TC Bron, 30\/5)\u00a0 6\/2, 6\/4.<\/li>\n<li><strong>Timoth\u00e9e GUERINOT<\/strong> (TC Collonges, non class\u00e9) bat <strong>Thomas CURT<\/strong> (Tennis Lyon 8, 30\/5)\u00a0\u00a0 6\/1 puis abandon.<\/li>\n<li><strong>St\u00e9phane BLAZQUEZ BARRADO<\/strong> (F\u00eate le Mur Rh\u00f4ne, non class\u00e9) bat <strong>Damien JAVOR<\/strong> (TC St Priest, non class\u00e9)\u00a0\u00a0 6\/2, 6\/2.<\/li>\n<li><strong>Mathieu BRUNELIERE<\/strong> (Tennis Lyon 8, 40) bat <strong>Charles ZINSCH<\/strong> (TC St Genis Laval, non class\u00e9) \u00a0\u00a0 7\/5, 6\/2.<\/li>\n<li><strong>Dorian BILLIEMAZ<\/strong> (Lyon Sport M\u00e9tropole Tennis, non class\u00e9) bat <strong>Jonathan ORCEL<\/strong> (Lyon 1 Tennis, 30\/5)\u00a0 6\/2, 6\/2.<\/li>\n<\/ul>\n<hr \/>\n<p><strong><img loading=\"lazy\" decoding=\"async\" class=\"alignleft size-thumbnail wp-image-133561\" src=\"https:\/\/newsestlyonnais.fr\/site\/wp-content\/uploads\/2021\/07\/NEWSESTLYONNAIS-TC-BRON-OPEN2021-250x188.jpg\" alt=\"\" width=\"150\" height=\"113\" srcset=\"https:\/\/newsestlyonnais.fr\/site\/wp-content\/uploads\/2021\/07\/NEWSESTLYONNAIS-TC-BRON-OPEN2021-250x188.jpg 250w, https:\/\/newsestlyonnais.fr\/site\/wp-content\/uploads\/2021\/07\/NEWSESTLYONNAIS-TC-BRON-OPEN2021-400x300.jpg 400w, https:\/\/newsestlyonnais.fr\/site\/wp-content\/uploads\/2021\/07\/NEWSESTLYONNAIS-TC-BRON-OPEN2021-650x488.jpg 650w, https:\/\/newsestlyonnais.fr\/site\/wp-content\/uploads\/2021\/07\/NEWSESTLYONNAIS-TC-BRON-OPEN2021-768x576.jpg 768w, https:\/\/newsestlyonnais.fr\/site\/wp-content\/uploads\/2021\/07\/NEWSESTLYONNAIS-TC-BRON-OPEN2021-150x113.jpg 150w, https:\/\/newsestlyonnais.fr\/site\/wp-content\/uploads\/2021\/07\/NEWSESTLYONNAIS-TC-BRON-OPEN2021-50x38.jpg 50w, https:\/\/newsestlyonnais.fr\/site\/wp-content\/uploads\/2021\/07\/NEWSESTLYONNAIS-TC-BRON-OPEN2021-100x75.jpg 100w, https:\/\/newsestlyonnais.fr\/site\/wp-content\/uploads\/2021\/07\/NEWSESTLYONNAIS-TC-BRON-OPEN2021-200x150.jpg 200w, https:\/\/newsestlyonnais.fr\/site\/wp-content\/uploads\/2021\/07\/NEWSESTLYONNAIS-TC-BRON-OPEN2021-300x225.jpg 300w, https:\/\/newsestlyonnais.fr\/site\/wp-content\/uploads\/2021\/07\/NEWSESTLYONNAIS-TC-BRON-OPEN2021-350x263.jpg 350w, https:\/\/newsestlyonnais.fr\/site\/wp-content\/uploads\/2021\/07\/NEWSESTLYONNAIS-TC-BRON-OPEN2021-450x338.jpg 450w, https:\/\/newsestlyonnais.fr\/site\/wp-content\/uploads\/2021\/07\/NEWSESTLYONNAIS-TC-BRON-OPEN2021-500x375.jpg 500w, https:\/\/newsestlyonnais.fr\/site\/wp-content\/uploads\/2021\/07\/NEWSESTLYONNAIS-TC-BRON-OPEN2021-550x413.jpg 550w, https:\/\/newsestlyonnais.fr\/site\/wp-content\/uploads\/2021\/07\/NEWSESTLYONNAIS-TC-BRON-OPEN2021-800x600.jpg 800w, https:\/\/newsestlyonnais.fr\/site\/wp-content\/uploads\/2021\/07\/NEWSESTLYONNAIS-TC-BRON-OPEN2021.jpg 960w\" sizes=\"auto, (max-width: 150px) 100vw, 150px\" \/>NOTA<\/strong> : 14 matchs programm\u00e9s ce dimanche, \u00e0 partir de 9 heures, dans les 2 tableaux<\/p>\n<hr \/>\n<p><em><strong><span style=\"text-decoration: underline;\">PHOTO A LA UNE<\/span> : <\/strong>De gauche \u00e0 droite : S\u00e9bastien Roger (juge-arbitre assistant) et Majd Rahmani (pr\u00e9sident TC Bron). <strong><br \/>\n<\/strong><\/em><\/p>\n<p><span style=\"font-size: 14pt; background-color: #000000; color: #ffffff;\">Retrouvez chaque matin, les r\u00e9sultats de la veille jusqu&rsquo;aux finales pr\u00e9vues le samedi 24 juillet prochain.<\/span><\/p>\n<hr \/>\n<hr \/>\n<p>&nbsp;<\/p>\n","protected":false},"excerpt":{"rendered":"<p>Pas moins de 20 matchs programm\u00e9s samedi dans le tableau masculin pour la premi\u00e8re journ\u00e9e de comp\u00e9tition.<\/p>\n","protected":false},"author":4,"featured_media":133507,"comment_status":"open","ping_status":"open","sticky":false,"template":"","format":"standard","meta":{"footnotes":""},"categories":[19,2992,2991],"tags":[2072,3379,2049],"class_list":["post-133503","post","type-post","status-publish","format-standard","has-post-thumbnail","hentry","category-bron","category-tennis-padel","category-tennis-tennis-table-sports","tag-bron","tag-bron-tennis","tag-tennis"],"yoast_head":"<!-- This site is optimized with the Yoast SEO plugin v27.2 - https:\/\/yoast.com\/product\/yoast-seo-wordpress\/ -->\n<title>BRON | C&#039;est parti pour l&#039;Open de tennis - News Est Lyonnais<\/title>\n<meta name=\"description\" content=\"BRON | C&#039;est parti pour l&#039;Open de tennis\" \/>\n<meta name=\"robots\" content=\"index, follow, max-snippet:-1, max-image-preview:large, max-video-preview:-1\" \/>\n<link rel=\"canonical\" href=\"https:\/\/newsestlyonnais.fr\/site\/2021\/07\/04\/bron-cest-parti-pour-lopen-de-tennis\/\" \/>\n<meta property=\"og:locale\" content=\"fr_FR\" \/>\n<meta property=\"og:type\" content=\"article\" \/>\n<meta property=\"og:title\" content=\"BRON | C&#039;est parti pour l&#039;Open de tennis - News Est Lyonnais\" \/>\n<meta property=\"og:description\" content=\"BRON | C&#039;est parti pour l&#039;Open de tennis\" \/>\n<meta property=\"og:url\" content=\"https:\/\/newsestlyonnais.fr\/site\/2021\/07\/04\/bron-cest-parti-pour-lopen-de-tennis\/\" \/>\n<meta property=\"og:site_name\" content=\"News Est Lyonnais\" \/>\n<meta property=\"article:author\" content=\"https:\/\/www.facebook.com\/pascal.oberson.1?fref=ts\" \/>\n<meta property=\"article:published_time\" content=\"2021-07-04T07:14:58+00:00\" \/>\n<meta property=\"article:modified_time\" content=\"2021-07-13T13:40:05+00:00\" \/>\n<meta property=\"og:image\" content=\"https:\/\/i0.wp.com\/newsestlyonnais.fr\/site\/wp-content\/uploads\/2021\/07\/P1450409.jpg?fit=1200%2C900&ssl=1\" \/>\n\t<meta property=\"og:image:width\" content=\"1200\" \/>\n\t<meta property=\"og:image:height\" content=\"900\" \/>\n\t<meta property=\"og:image:type\" content=\"image\/jpeg\" \/>\n<meta name=\"author\" content=\"R\u00e9dac. NEWS\" \/>\n<meta name=\"twitter:card\" content=\"summary_large_image\" \/>\n<meta name=\"twitter:label1\" content=\"\u00c9crit par\" \/>\n\t<meta name=\"twitter:data1\" content=\"R\u00e9dac. NEWS\" \/>\n\t<meta name=\"twitter:label2\" content=\"Dur\u00e9e de lecture estim\u00e9e\" \/>\n\t<meta name=\"twitter:data2\" content=\"3 minutes\" \/>\n<script type=\"application\/ld+json\" class=\"yoast-schema-graph\">{\"@context\":\"https:\/\/schema.org\",\"@graph\":[{\"@type\":\"Article\",\"@id\":\"https:\/\/newsestlyonnais.fr\/site\/2021\/07\/04\/bron-cest-parti-pour-lopen-de-tennis\/#article\",\"isPartOf\":{\"@id\":\"https:\/\/newsestlyonnais.fr\/site\/2021\/07\/04\/bron-cest-parti-pour-lopen-de-tennis\/\"},\"author\":{\"name\":\"R\u00e9dac. NEWS\",\"@id\":\"https:\/\/newsestlyonnais.fr\/site\/#\/schema\/person\/3230d5615f390bb808365d673001e887\"},\"headline\":\"BRON | C&rsquo;est parti pour l&rsquo;Open de tennis\",\"datePublished\":\"2021-07-04T07:14:58+00:00\",\"dateModified\":\"2021-07-13T13:40:05+00:00\",\"mainEntityOfPage\":{\"@id\":\"https:\/\/newsestlyonnais.fr\/site\/2021\/07\/04\/bron-cest-parti-pour-lopen-de-tennis\/\"},\"wordCount\":439,\"commentCount\":0,\"publisher\":{\"@id\":\"https:\/\/newsestlyonnais.fr\/site\/#organization\"},\"image\":{\"@id\":\"https:\/\/newsestlyonnais.fr\/site\/2021\/07\/04\/bron-cest-parti-pour-lopen-de-tennis\/#primaryimage\"},\"thumbnailUrl\":\"https:\/\/newsestlyonnais.fr\/site\/wp-content\/uploads\/2021\/07\/P1450409.jpg\",\"keywords\":[\"BRON\",\"BRON TENNIS\",\"TENNIS\"],\"articleSection\":[\"Bron\",\"Tennis | Padel\",\"Tennis | Tennis de table\"],\"inLanguage\":\"fr-FR\",\"potentialAction\":[{\"@type\":\"CommentAction\",\"name\":\"Comment\",\"target\":[\"https:\/\/newsestlyonnais.fr\/site\/2021\/07\/04\/bron-cest-parti-pour-lopen-de-tennis\/#respond\"]}]},{\"@type\":\"WebPage\",\"@id\":\"https:\/\/newsestlyonnais.fr\/site\/2021\/07\/04\/bron-cest-parti-pour-lopen-de-tennis\/\",\"url\":\"https:\/\/newsestlyonnais.fr\/site\/2021\/07\/04\/bron-cest-parti-pour-lopen-de-tennis\/\",\"name\":\"BRON | C'est parti pour l'Open de tennis - News Est Lyonnais\",\"isPartOf\":{\"@id\":\"https:\/\/newsestlyonnais.fr\/site\/#website\"},\"primaryImageOfPage\":{\"@id\":\"https:\/\/newsestlyonnais.fr\/site\/2021\/07\/04\/bron-cest-parti-pour-lopen-de-tennis\/#primaryimage\"},\"image\":{\"@id\":\"https:\/\/newsestlyonnais.fr\/site\/2021\/07\/04\/bron-cest-parti-pour-lopen-de-tennis\/#primaryimage\"},\"thumbnailUrl\":\"https:\/\/newsestlyonnais.fr\/site\/wp-content\/uploads\/2021\/07\/P1450409.jpg\",\"datePublished\":\"2021-07-04T07:14:58+00:00\",\"dateModified\":\"2021-07-13T13:40:05+00:00\",\"description\":\"BRON | C'est parti pour l'Open de tennis\",\"breadcrumb\":{\"@id\":\"https:\/\/newsestlyonnais.fr\/site\/2021\/07\/04\/bron-cest-parti-pour-lopen-de-tennis\/#breadcrumb\"},\"inLanguage\":\"fr-FR\",\"potentialAction\":[{\"@type\":\"ReadAction\",\"target\":[\"https:\/\/newsestlyonnais.fr\/site\/2021\/07\/04\/bron-cest-parti-pour-lopen-de-tennis\/\"]}]},{\"@type\":\"ImageObject\",\"inLanguage\":\"fr-FR\",\"@id\":\"https:\/\/newsestlyonnais.fr\/site\/2021\/07\/04\/bron-cest-parti-pour-lopen-de-tennis\/#primaryimage\",\"url\":\"https:\/\/newsestlyonnais.fr\/site\/wp-content\/uploads\/2021\/07\/P1450409.jpg\",\"contentUrl\":\"https:\/\/newsestlyonnais.fr\/site\/wp-content\/uploads\/2021\/07\/P1450409.jpg\",\"width\":1200,\"height\":900},{\"@type\":\"BreadcrumbList\",\"@id\":\"https:\/\/newsestlyonnais.fr\/site\/2021\/07\/04\/bron-cest-parti-pour-lopen-de-tennis\/#breadcrumb\",\"itemListElement\":[{\"@type\":\"ListItem\",\"position\":1,\"name\":\"Accueil\",\"item\":\"https:\/\/newsestlyonnais.fr\/site\/\"},{\"@type\":\"ListItem\",\"position\":2,\"name\":\"BRON | C&rsquo;est parti pour l&rsquo;Open de tennis\"}]},{\"@type\":\"WebSite\",\"@id\":\"https:\/\/newsestlyonnais.fr\/site\/#website\",\"url\":\"https:\/\/newsestlyonnais.fr\/site\/\",\"name\":\"News Est Lyonnais\",\"description\":\"L&#039;actualit\u00e9 au plus pr\u00e8s\",\"publisher\":{\"@id\":\"https:\/\/newsestlyonnais.fr\/site\/#organization\"},\"potentialAction\":[{\"@type\":\"SearchAction\",\"target\":{\"@type\":\"EntryPoint\",\"urlTemplate\":\"https:\/\/newsestlyonnais.fr\/site\/?s={search_term_string}\"},\"query-input\":{\"@type\":\"PropertyValueSpecification\",\"valueRequired\":true,\"valueName\":\"search_term_string\"}}],\"inLanguage\":\"fr-FR\"},{\"@type\":\"Organization\",\"@id\":\"https:\/\/newsestlyonnais.fr\/site\/#organization\",\"name\":\"News EST LYONNAIS\",\"url\":\"https:\/\/newsestlyonnais.fr\/site\/\",\"logo\":{\"@type\":\"ImageObject\",\"inLanguage\":\"fr-FR\",\"@id\":\"https:\/\/newsestlyonnais.fr\/site\/#\/schema\/logo\/image\/\",\"url\":\"\",\"contentUrl\":\"\",\"caption\":\"News EST LYONNAIS\"},\"image\":{\"@id\":\"https:\/\/newsestlyonnais.fr\/site\/#\/schema\/logo\/image\/\"}},{\"@type\":\"Person\",\"@id\":\"https:\/\/newsestlyonnais.fr\/site\/#\/schema\/person\/3230d5615f390bb808365d673001e887\",\"name\":\"R\u00e9dac. NEWS\",\"sameAs\":[\"http:\/\/www.newsestlyonnais.fr\",\"https:\/\/www.facebook.com\/pascal.oberson.1?fref=ts\",\"https:\/\/fr.linkedin.com\/in\/pascal-oberson-b17045113\"],\"url\":\"https:\/\/newsestlyonnais.fr\/site\/author\/nel\/\"}]}<\/script>\n<!-- \/ Yoast SEO plugin. -->","yoast_head_json":{"title":"BRON | C'est parti pour l'Open de tennis - News Est Lyonnais","description":"BRON | C'est parti pour l'Open de tennis","robots":{"index":"index","follow":"follow","max-snippet":"max-snippet:-1","max-image-preview":"max-image-preview:large","max-video-preview":"max-video-preview:-1"},"canonical":"https:\/\/newsestlyonnais.fr\/site\/2021\/07\/04\/bron-cest-parti-pour-lopen-de-tennis\/","og_locale":"fr_FR","og_type":"article","og_title":"BRON | C'est parti pour l'Open de tennis - News Est Lyonnais","og_description":"BRON | C'est parti pour l'Open de tennis","og_url":"https:\/\/newsestlyonnais.fr\/site\/2021\/07\/04\/bron-cest-parti-pour-lopen-de-tennis\/","og_site_name":"News Est Lyonnais","article_author":"https:\/\/www.facebook.com\/pascal.oberson.1?fref=ts","article_published_time":"2021-07-04T07:14:58+00:00","article_modified_time":"2021-07-13T13:40:05+00:00","og_image":[{"width":1200,"height":900,"url":"https:\/\/i0.wp.com\/newsestlyonnais.fr\/site\/wp-content\/uploads\/2021\/07\/P1450409.jpg?fit=1200%2C900&ssl=1","type":"image\/jpeg"}],"author":"R\u00e9dac. NEWS","twitter_card":"summary_large_image","twitter_misc":{"\u00c9crit par":"R\u00e9dac. NEWS","Dur\u00e9e de lecture estim\u00e9e":"3 minutes"},"schema":{"@context":"https:\/\/schema.org","@graph":[{"@type":"Article","@id":"https:\/\/newsestlyonnais.fr\/site\/2021\/07\/04\/bron-cest-parti-pour-lopen-de-tennis\/#article","isPartOf":{"@id":"https:\/\/newsestlyonnais.fr\/site\/2021\/07\/04\/bron-cest-parti-pour-lopen-de-tennis\/"},"author":{"name":"R\u00e9dac. NEWS","@id":"https:\/\/newsestlyonnais.fr\/site\/#\/schema\/person\/3230d5615f390bb808365d673001e887"},"headline":"BRON | C&rsquo;est parti pour l&rsquo;Open de tennis","datePublished":"2021-07-04T07:14:58+00:00","dateModified":"2021-07-13T13:40:05+00:00","mainEntityOfPage":{"@id":"https:\/\/newsestlyonnais.fr\/site\/2021\/07\/04\/bron-cest-parti-pour-lopen-de-tennis\/"},"wordCount":439,"commentCount":0,"publisher":{"@id":"https:\/\/newsestlyonnais.fr\/site\/#organization"},"image":{"@id":"https:\/\/newsestlyonnais.fr\/site\/2021\/07\/04\/bron-cest-parti-pour-lopen-de-tennis\/#primaryimage"},"thumbnailUrl":"https:\/\/newsestlyonnais.fr\/site\/wp-content\/uploads\/2021\/07\/P1450409.jpg","keywords":["BRON","BRON TENNIS","TENNIS"],"articleSection":["Bron","Tennis | Padel","Tennis | Tennis de table"],"inLanguage":"fr-FR","potentialAction":[{"@type":"CommentAction","name":"Comment","target":["https:\/\/newsestlyonnais.fr\/site\/2021\/07\/04\/bron-cest-parti-pour-lopen-de-tennis\/#respond"]}]},{"@type":"WebPage","@id":"https:\/\/newsestlyonnais.fr\/site\/2021\/07\/04\/bron-cest-parti-pour-lopen-de-tennis\/","url":"https:\/\/newsestlyonnais.fr\/site\/2021\/07\/04\/bron-cest-parti-pour-lopen-de-tennis\/","name":"BRON | C'est parti pour l'Open de tennis - News Est Lyonnais","isPartOf":{"@id":"https:\/\/newsestlyonnais.fr\/site\/#website"},"primaryImageOfPage":{"@id":"https:\/\/newsestlyonnais.fr\/site\/2021\/07\/04\/bron-cest-parti-pour-lopen-de-tennis\/#primaryimage"},"image":{"@id":"https:\/\/newsestlyonnais.fr\/site\/2021\/07\/04\/bron-cest-parti-pour-lopen-de-tennis\/#primaryimage"},"thumbnailUrl":"https:\/\/newsestlyonnais.fr\/site\/wp-content\/uploads\/2021\/07\/P1450409.jpg","datePublished":"2021-07-04T07:14:58+00:00","dateModified":"2021-07-13T13:40:05+00:00","description":"BRON | C'est parti pour l'Open de tennis","breadcrumb":{"@id":"https:\/\/newsestlyonnais.fr\/site\/2021\/07\/04\/bron-cest-parti-pour-lopen-de-tennis\/#breadcrumb"},"inLanguage":"fr-FR","potentialAction":[{"@type":"ReadAction","target":["https:\/\/newsestlyonnais.fr\/site\/2021\/07\/04\/bron-cest-parti-pour-lopen-de-tennis\/"]}]},{"@type":"ImageObject","inLanguage":"fr-FR","@id":"https:\/\/newsestlyonnais.fr\/site\/2021\/07\/04\/bron-cest-parti-pour-lopen-de-tennis\/#primaryimage","url":"https:\/\/newsestlyonnais.fr\/site\/wp-content\/uploads\/2021\/07\/P1450409.jpg","contentUrl":"https:\/\/newsestlyonnais.fr\/site\/wp-content\/uploads\/2021\/07\/P1450409.jpg","width":1200,"height":900},{"@type":"BreadcrumbList","@id":"https:\/\/newsestlyonnais.fr\/site\/2021\/07\/04\/bron-cest-parti-pour-lopen-de-tennis\/#breadcrumb","itemListElement":[{"@type":"ListItem","position":1,"name":"Accueil","item":"https:\/\/newsestlyonnais.fr\/site\/"},{"@type":"ListItem","position":2,"name":"BRON | C&rsquo;est parti pour l&rsquo;Open de tennis"}]},{"@type":"WebSite","@id":"https:\/\/newsestlyonnais.fr\/site\/#website","url":"https:\/\/newsestlyonnais.fr\/site\/","name":"News Est Lyonnais","description":"L&#039;actualit\u00e9 au plus pr\u00e8s","publisher":{"@id":"https:\/\/newsestlyonnais.fr\/site\/#organization"},"potentialAction":[{"@type":"SearchAction","target":{"@type":"EntryPoint","urlTemplate":"https:\/\/newsestlyonnais.fr\/site\/?s={search_term_string}"},"query-input":{"@type":"PropertyValueSpecification","valueRequired":true,"valueName":"search_term_string"}}],"inLanguage":"fr-FR"},{"@type":"Organization","@id":"https:\/\/newsestlyonnais.fr\/site\/#organization","name":"News EST LYONNAIS","url":"https:\/\/newsestlyonnais.fr\/site\/","logo":{"@type":"ImageObject","inLanguage":"fr-FR","@id":"https:\/\/newsestlyonnais.fr\/site\/#\/schema\/logo\/image\/","url":"","contentUrl":"","caption":"News EST LYONNAIS"},"image":{"@id":"https:\/\/newsestlyonnais.fr\/site\/#\/schema\/logo\/image\/"}},{"@type":"Person","@id":"https:\/\/newsestlyonnais.fr\/site\/#\/schema\/person\/3230d5615f390bb808365d673001e887","name":"R\u00e9dac. NEWS","sameAs":["http:\/\/www.newsestlyonnais.fr","https:\/\/www.facebook.com\/pascal.oberson.1?fref=ts","https:\/\/fr.linkedin.com\/in\/pascal-oberson-b17045113"],"url":"https:\/\/newsestlyonnais.fr\/site\/author\/nel\/"}]}},"_links":{"self":[{"href":"https:\/\/newsestlyonnais.fr\/site\/wp-json\/wp\/v2\/posts\/133503","targetHints":{"allow":["GET"]}}],"collection":[{"href":"https:\/\/newsestlyonnais.fr\/site\/wp-json\/wp\/v2\/posts"}],"about":[{"href":"https:\/\/newsestlyonnais.fr\/site\/wp-json\/wp\/v2\/types\/post"}],"author":[{"embeddable":true,"href":"https:\/\/newsestlyonnais.fr\/site\/wp-json\/wp\/v2\/users\/4"}],"replies":[{"embeddable":true,"href":"https:\/\/newsestlyonnais.fr\/site\/wp-json\/wp\/v2\/comments?post=133503"}],"version-history":[{"count":0,"href":"https:\/\/newsestlyonnais.fr\/site\/wp-json\/wp\/v2\/posts\/133503\/revisions"}],"wp:featuredmedia":[{"embeddable":true,"href":"https:\/\/newsestlyonnais.fr\/site\/wp-json\/wp\/v2\/media\/133507"}],"wp:attachment":[{"href":"https:\/\/newsestlyonnais.fr\/site\/wp-json\/wp\/v2\/media?parent=133503"}],"wp:term":[{"taxonomy":"category","embeddable":true,"href":"https:\/\/newsestlyonnais.fr\/site\/wp-json\/wp\/v2\/categories?post=133503"},{"taxonomy":"post_tag","embeddable":true,"href":"https:\/\/newsestlyonnais.fr\/site\/wp-json\/wp\/v2\/tags?post=133503"}],"curies":[{"name":"wp","href":"https:\/\/api.w.org\/{rel}","templated":true}]}}